{"id":2958,"date":"2014-09-05T00:00:00","date_gmt":"2014-09-05T18:20:16","guid":{"rendered":"http:\/\/psol50.org.br\/arquivo\/2014\/09\/05\/em-goiania-luciana-genro-visita-pastoral-da-terra-em-apoio-a-reforma-agraria\/"},"modified":"2014-09-05T00:00:00","modified_gmt":"2014-09-05T18:20:16","slug":"em-goiania-luciana-genro-visita-pastoral-da-terra-em-apoio-a-reforma-agraria","status":"publish","type":"post","link":"https:\/\/psol50.org.br\/em-goiania-luciana-genro-visita-pastoral-da-terra-em-apoio-a-reforma-agraria\/","title":{"rendered":"Em Goi\u00e2nia, Luciana Genro visita Pastoral da Terra em apoio \u00e0 Reforma Agr\u00e1ria"},"content":{"rendered":"<p style=\"text-align: justify;\">\n\t<span style=\"font-size:12px;\"><span style=\"font-family: arial,helvetica,sans-serif;\">Por <em>Reda\u00e7\u00e3o #Equipe50<\/em><br \/>\n\t&nbsp;<br \/>\n\t\u201cQueremos uma reforma agr\u00e1ria que seja efetivamente realizada limitando o tamanho da propriedade da terra e valorizando a pequena e a m\u00e9dia agricultura, que s\u00e3o as que realmente produzem alimentos para as cidades\u201d, disse a candidata do PSOL \u00e0 Presid\u00eancia da Rep\u00fablica, Luciana Genro, nesta sexta-feira (5) ao visitar a sede nacional da CPT (Comiss\u00e3o Pastoral da Terra), em Goi\u00e2nia, onde participou do F\u00f3rum Estadual de Reforma Agr\u00e1ria e Justi\u00e7a no Campo. No encontro, a candidata se comprometeu com as pautas dos pequenos agricultores apresentadas pela Pastoral a todos os presidenci\u00e1veis.<br \/>\n\t&nbsp;<br \/>\n\t\u201cNem mesmo durante os momentos eleitorais os agricultores familiares camponeses e assentados contam com espa\u00e7os efetivos nos programas de governo. As propostas para a agricultura concentram sua aten\u00e7\u00e3o em um segmento minorit\u00e1rio e somente nas atividades agr\u00edcolas voltadas \u00e0 exporta\u00e7\u00e3o. Como se n\u00e3o bastasse esta situa\u00e7\u00e3o, muito do que \u00e9 apresentado para o campo \u00e9 uma agenda regressiva de direitos, que procura atacar os fundamentos constitucionais da reforma agr\u00e1ria, limitar o acesso dos ind\u00edgenas e quilombolas \u00e0 terra e restringir as pol\u00edticas agr\u00edcolas a um \u00fanico segmento no campo, justamente aquele que \u00e9 respons\u00e1vel pela degrada\u00e7\u00e3o do meio ambiente, o dom\u00ednio latifundi\u00e1rio sobre a terra e a produ\u00e7\u00e3o de commodities\u201d, diz um trecho do documento enviado previamente aos candidatos \u00e0 Presid\u00eancia da Rep\u00fablica.<br \/>\n\t&nbsp;<br \/>\n\tLuciana, inclusive, defendeu que a realiza\u00e7\u00e3o da reforma agr\u00e1ria pode ajudar a controlar a infla\u00e7\u00e3o. \u201cN\u00e3o precisamos controlar a infla\u00e7\u00e3o com altas taxas de juros. Podemos fazer isso aumentado a produ\u00e7\u00e3o de alimentos, produzindo alimentos mais saud\u00e1veis e mais fartos para alimentar a popula\u00e7\u00e3o das cidades. Isso quem faz \u00e9 o pequeno e o m\u00e9dio agricultor e n\u00e3o o grande latifundi\u00e1rio, o grande empres\u00e1rio do agrobusiness. \u00c9 por esse motivo que queremos mudar esse modelo, valorizar e incentivar a pequena e a m\u00e9dia agricultura e colocar em pr\u00e1tica a reforma agr\u00e1ria\u201d, falou a candidata durante o encontro.<br \/>\n\t&nbsp;<br \/>\n\tOs trabalhadores do campo querem mudar a realidade, avan\u00e7ando no reconhecimento do campo como um lugar de vida, constitu\u00eddo de todos os elementos essenciais \u00e0 cidadania: sa\u00fade de qualidade, lazer, esporte e com escolas munidas de infraestrutura para o aprendizado e a forma\u00e7\u00e3o de crian\u00e7as, jovens e adultos. Eles ainda defendem pol\u00edticas para a produ\u00e7\u00e3o de alimentos mais saud\u00e1veis, com foco na preserva\u00e7\u00e3o do meio ambiente. \u201cOs pequenos agricultores s\u00e3o os \u00fanicos que podem produzir alimentos de qualidade sem agrot\u00f3xicos para abastecer o mercado brasileiro, preservando a biodiversidade e garantindo uma diversifica\u00e7\u00e3o de alimentos necess\u00e1rios para o equil\u00edbrio alimentar\u201d, afirma o documento.<\/span><\/span><\/p>\n<p>&nbsp;<\/p>\n","protected":false},"excerpt":{"rendered":"<p>Por Reda\u00e7\u00e3o #Equipe50 &nbsp; \u201cQueremos uma reforma agr\u00e1ria que seja efetivamente realizada limitando o tamanho da propriedade da terra e valorizando a pequena e a m\u00e9dia agricultura, que s\u00e3o as que realmente produzem alimentos para as cidades\u201d, disse a candidata do PSOL \u00e0 Presid\u00eancia da Rep\u00fablica, Luciana Genro, nesta sexta-feira (5) ao visitar a sede [&hellip;]<\/p>\n","protected":false},"author":2,"featured_media":0,"comment_status":"open","ping_status":"open","sticky":false,"template":"","format":"standard","meta":{"_acf_changed":false,"footnotes":""},"categories":[4766,4960,6],"tags":[2506],"class_list":{"0":"post-2958","1":"post","2":"type-post","3":"status-publish","4":"format-standard","6":"category-arquivo","7":"category-eleicoes-2014","8":"category-noticias","9":"tag-eleicoes-2014"},"acf":[],"yoast_head":"<!-- This site is optimized with the Yoast SEO plugin v26.5 - https:\/\/yoast.com\/wordpress\/plugins\/seo\/ -->\n<title>Em Goi\u00e2nia, Luciana Genro visita Pastoral da Terra em apoio \u00e0 Reforma Agr\u00e1ria - PSOL 50<\/title>\n<meta name=\"robots\" content=\"index, follow, max-snippet:-1, max-image-preview:large, max-video-preview:-1\" \/>\n<link rel=\"canonical\" href=\"https:\/\/psol50.org.br\/em-goiania-luciana-genro-visita-pastoral-da-terra-em-apoio-a-reforma-agraria\/\" \/>\n<meta property=\"og:locale\" content=\"pt_BR\" \/>\n<meta property=\"og:type\" content=\"article\" \/>\n<meta property=\"og:title\" content=\"Em Goi\u00e2nia, Luciana Genro visita Pastoral da Terra em apoio \u00e0 Reforma Agr\u00e1ria - PSOL 50\" \/>\n<meta property=\"og:description\" content=\"Por Reda\u00e7\u00e3o #Equipe50 &nbsp; \u201cQueremos uma reforma agr\u00e1ria que seja efetivamente realizada limitando o tamanho da propriedade da terra e valorizando a pequena e a m\u00e9dia agricultura, que s\u00e3o as que realmente produzem alimentos para as cidades\u201d, disse a candidata do PSOL \u00e0 Presid\u00eancia da Rep\u00fablica, Luciana Genro, nesta sexta-feira (5) ao visitar a sede [&hellip;]\" \/>\n<meta property=\"og:url\" content=\"https:\/\/psol50.org.br\/em-goiania-luciana-genro-visita-pastoral-da-terra-em-apoio-a-reforma-agraria\/\" \/>\n<meta property=\"og:site_name\" content=\"PSOL 50\" \/>\n<meta property=\"article:publisher\" content=\"https:\/\/www.facebook.com\/psol50\" \/>\n<meta property=\"article:published_time\" content=\"2014-09-05T18:20:16+00:00\" \/>\n<meta property=\"og:image\" content=\"https:\/\/psol50.org.br\/inc\/uploads\/2018\/07\/capa.png\" \/>\n\t<meta property=\"og:image:width\" content=\"1350\" \/>\n\t<meta property=\"og:image:height\" content=\"900\" \/>\n\t<meta property=\"og:image:type\" content=\"image\/png\" \/>\n<meta name=\"author\" content=\"Comunica\u00e7\u00e3o PSOL\" \/>\n<meta name=\"twitter:card\" content=\"summary_large_image\" \/>\n<meta name=\"twitter:creator\" content=\"@psol50\" \/>\n<meta name=\"twitter:site\" content=\"@psol50\" \/>\n<meta name=\"twitter:label1\" content=\"Escrito por\" \/>\n\t<meta name=\"twitter:data1\" content=\"Comunica\u00e7\u00e3o PSOL\" \/>\n\t<meta name=\"twitter:label2\" content=\"Est. tempo de leitura\" \/>\n\t<meta name=\"twitter:data2\" content=\"2 minutos\" \/>\n<script type=\"application\/ld+json\" class=\"yoast-schema-graph\">{\"@context\":\"https:\/\/schema.org\",\"@graph\":[{\"@type\":\"Article\",\"@id\":\"https:\/\/psol50.org.br\/em-goiania-luciana-genro-visita-pastoral-da-terra-em-apoio-a-reforma-agraria\/#article\",\"isPartOf\":{\"@id\":\"https:\/\/psol50.org.br\/em-goiania-luciana-genro-visita-pastoral-da-terra-em-apoio-a-reforma-agraria\/\"},\"author\":{\"name\":\"Comunica\u00e7\u00e3o PSOL\",\"@id\":\"https:\/\/psol50.org.br\/#\/schema\/person\/475dfa57d0b815993c714c2e96491fcd\"},\"headline\":\"Em Goi\u00e2nia, Luciana Genro visita Pastoral da Terra em apoio \u00e0 Reforma Agr\u00e1ria\",\"datePublished\":\"2014-09-05T18:20:16+00:00\",\"mainEntityOfPage\":{\"@id\":\"https:\/\/psol50.org.br\/em-goiania-luciana-genro-visita-pastoral-da-terra-em-apoio-a-reforma-agraria\/\"},\"wordCount\":483,\"commentCount\":0,\"publisher\":{\"@id\":\"https:\/\/psol50.org.br\/#organization\"},\"keywords\":[\"elei\u00e7\u00f5es 2014\"],\"articleSection\":[\"Arquivo\",\"ELEI\u00c7\u00d5ES 2014\",\"Not\u00edcias\"],\"inLanguage\":\"pt-BR\",\"potentialAction\":[{\"@type\":\"CommentAction\",\"name\":\"Comment\",\"target\":[\"https:\/\/psol50.org.br\/em-goiania-luciana-genro-visita-pastoral-da-terra-em-apoio-a-reforma-agraria\/#respond\"]}]},{\"@type\":\"WebPage\",\"@id\":\"https:\/\/psol50.org.br\/em-goiania-luciana-genro-visita-pastoral-da-terra-em-apoio-a-reforma-agraria\/\",\"url\":\"https:\/\/psol50.org.br\/em-goiania-luciana-genro-visita-pastoral-da-terra-em-apoio-a-reforma-agraria\/\",\"name\":\"Em Goi\u00e2nia, Luciana Genro visita Pastoral da Terra em apoio \u00e0 Reforma Agr\u00e1ria - PSOL 50\",\"isPartOf\":{\"@id\":\"https:\/\/psol50.org.br\/#website\"},\"datePublished\":\"2014-09-05T18:20:16+00:00\",\"breadcrumb\":{\"@id\":\"https:\/\/psol50.org.br\/em-goiania-luciana-genro-visita-pastoral-da-terra-em-apoio-a-reforma-agraria\/#breadcrumb\"},\"inLanguage\":\"pt-BR\",\"potentialAction\":[{\"@type\":\"ReadAction\",\"target\":[\"https:\/\/psol50.org.br\/em-goiania-luciana-genro-visita-pastoral-da-terra-em-apoio-a-reforma-agraria\/\"]}]},{\"@type\":\"BreadcrumbList\",\"@id\":\"https:\/\/psol50.org.br\/em-goiania-luciana-genro-visita-pastoral-da-terra-em-apoio-a-reforma-agraria\/#breadcrumb\",\"itemListElement\":[{\"@type\":\"ListItem\",\"position\":1,\"name\":\"In\u00edcio\",\"item\":\"https:\/\/psol50.org.br\/\"},{\"@type\":\"ListItem\",\"position\":2,\"name\":\"Em Goi\u00e2nia, Luciana Genro visita Pastoral da Terra em apoio \u00e0 Reforma Agr\u00e1ria\"}]},{\"@type\":\"WebSite\",\"@id\":\"https:\/\/psol50.org.br\/#website\",\"url\":\"https:\/\/psol50.org.br\/\",\"name\":\"PSOL 50\",\"description\":\"Site oficial do Partido Socialismo e Liberdade\",\"publisher\":{\"@id\":\"https:\/\/psol50.org.br\/#organization\"},\"alternateName\":\"PSOL50\",\"potentialAction\":[{\"@type\":\"SearchAction\",\"target\":{\"@type\":\"EntryPoint\",\"urlTemplate\":\"https:\/\/psol50.org.br\/?s={search_term_string}\"},\"query-input\":{\"@type\":\"PropertyValueSpecification\",\"valueRequired\":true,\"valueName\":\"search_term_string\"}}],\"inLanguage\":\"pt-BR\"},{\"@type\":\"Organization\",\"@id\":\"https:\/\/psol50.org.br\/#organization\",\"name\":\"PSOL 50\",\"alternateName\":\"PSOL 50\",\"url\":\"https:\/\/psol50.org.br\/\",\"logo\":{\"@type\":\"ImageObject\",\"inLanguage\":\"pt-BR\",\"@id\":\"https:\/\/psol50.org.br\/#\/schema\/logo\/image\/\",\"url\":\"https:\/\/psol50.org.br\/inc\/uploads\/2018\/07\/capa.png\",\"contentUrl\":\"https:\/\/psol50.org.br\/inc\/uploads\/2018\/07\/capa.png\",\"width\":1350,\"height\":900,\"caption\":\"PSOL 50\"},\"image\":{\"@id\":\"https:\/\/psol50.org.br\/#\/schema\/logo\/image\/\"},\"sameAs\":[\"https:\/\/www.facebook.com\/psol50\",\"https:\/\/x.com\/psol50\",\"https:\/\/www.instagram.com\/psol50\/\",\"https:\/\/www.youtube.com\/channel\/UC7SnJS5o1os7a6CaiNabzcg\"]},{\"@type\":\"Person\",\"@id\":\"https:\/\/psol50.org.br\/#\/schema\/person\/475dfa57d0b815993c714c2e96491fcd\",\"name\":\"Comunica\u00e7\u00e3o PSOL\",\"image\":{\"@type\":\"ImageObject\",\"inLanguage\":\"pt-BR\",\"@id\":\"https:\/\/psol50.org.br\/#\/schema\/person\/image\/\",\"url\":\"https:\/\/secure.gravatar.com\/avatar\/b34fc4f4e468a4e51785917065a3db57b841f5c95dba6ad8c73aaf8f66f8f9bf?s=96&d=mm&r=g\",\"contentUrl\":\"https:\/\/secure.gravatar.com\/avatar\/b34fc4f4e468a4e51785917065a3db57b841f5c95dba6ad8c73aaf8f66f8f9bf?s=96&d=mm&r=g\",\"caption\":\"Comunica\u00e7\u00e3o PSOL\"}}]}<\/script>\n<!-- \/ Yoast SEO plugin. -->","yoast_head_json":{"title":"Em Goi\u00e2nia, Luciana Genro visita Pastoral da Terra em apoio \u00e0 Reforma Agr\u00e1ria - PSOL 50","robots":{"index":"index","follow":"follow","max-snippet":"max-snippet:-1","max-image-preview":"max-image-preview:large","max-video-preview":"max-video-preview:-1"},"canonical":"https:\/\/psol50.org.br\/em-goiania-luciana-genro-visita-pastoral-da-terra-em-apoio-a-reforma-agraria\/","og_locale":"pt_BR","og_type":"article","og_title":"Em Goi\u00e2nia, Luciana Genro visita Pastoral da Terra em apoio \u00e0 Reforma Agr\u00e1ria - PSOL 50","og_description":"Por Reda\u00e7\u00e3o #Equipe50 &nbsp; \u201cQueremos uma reforma agr\u00e1ria que seja efetivamente realizada limitando o tamanho da propriedade da terra e valorizando a pequena e a m\u00e9dia agricultura, que s\u00e3o as que realmente produzem alimentos para as cidades\u201d, disse a candidata do PSOL \u00e0 Presid\u00eancia da Rep\u00fablica, Luciana Genro, nesta sexta-feira (5) ao visitar a sede [&hellip;]","og_url":"https:\/\/psol50.org.br\/em-goiania-luciana-genro-visita-pastoral-da-terra-em-apoio-a-reforma-agraria\/","og_site_name":"PSOL 50","article_publisher":"https:\/\/www.facebook.com\/psol50","article_published_time":"2014-09-05T18:20:16+00:00","og_image":[{"width":1350,"height":900,"url":"https:\/\/psol50.org.br\/inc\/uploads\/2018\/07\/capa.png","type":"image\/png"}],"author":"Comunica\u00e7\u00e3o PSOL","twitter_card":"summary_large_image","twitter_creator":"@psol50","twitter_site":"@psol50","twitter_misc":{"Escrito por":"Comunica\u00e7\u00e3o PSOL","Est. tempo de leitura":"2 minutos"},"schema":{"@context":"https:\/\/schema.org","@graph":[{"@type":"Article","@id":"https:\/\/psol50.org.br\/em-goiania-luciana-genro-visita-pastoral-da-terra-em-apoio-a-reforma-agraria\/#article","isPartOf":{"@id":"https:\/\/psol50.org.br\/em-goiania-luciana-genro-visita-pastoral-da-terra-em-apoio-a-reforma-agraria\/"},"author":{"name":"Comunica\u00e7\u00e3o PSOL","@id":"https:\/\/psol50.org.br\/#\/schema\/person\/475dfa57d0b815993c714c2e96491fcd"},"headline":"Em Goi\u00e2nia, Luciana Genro visita Pastoral da Terra em apoio \u00e0 Reforma Agr\u00e1ria","datePublished":"2014-09-05T18:20:16+00:00","mainEntityOfPage":{"@id":"https:\/\/psol50.org.br\/em-goiania-luciana-genro-visita-pastoral-da-terra-em-apoio-a-reforma-agraria\/"},"wordCount":483,"commentCount":0,"publisher":{"@id":"https:\/\/psol50.org.br\/#organization"},"keywords":["elei\u00e7\u00f5es 2014"],"articleSection":["Arquivo","ELEI\u00c7\u00d5ES 2014","Not\u00edcias"],"inLanguage":"pt-BR","potentialAction":[{"@type":"CommentAction","name":"Comment","target":["https:\/\/psol50.org.br\/em-goiania-luciana-genro-visita-pastoral-da-terra-em-apoio-a-reforma-agraria\/#respond"]}]},{"@type":"WebPage","@id":"https:\/\/psol50.org.br\/em-goiania-luciana-genro-visita-pastoral-da-terra-em-apoio-a-reforma-agraria\/","url":"https:\/\/psol50.org.br\/em-goiania-luciana-genro-visita-pastoral-da-terra-em-apoio-a-reforma-agraria\/","name":"Em Goi\u00e2nia, Luciana Genro visita Pastoral da Terra em apoio \u00e0 Reforma Agr\u00e1ria - PSOL 50","isPartOf":{"@id":"https:\/\/psol50.org.br\/#website"},"datePublished":"2014-09-05T18:20:16+00:00","breadcrumb":{"@id":"https:\/\/psol50.org.br\/em-goiania-luciana-genro-visita-pastoral-da-terra-em-apoio-a-reforma-agraria\/#breadcrumb"},"inLanguage":"pt-BR","potentialAction":[{"@type":"ReadAction","target":["https:\/\/psol50.org.br\/em-goiania-luciana-genro-visita-pastoral-da-terra-em-apoio-a-reforma-agraria\/"]}]},{"@type":"BreadcrumbList","@id":"https:\/\/psol50.org.br\/em-goiania-luciana-genro-visita-pastoral-da-terra-em-apoio-a-reforma-agraria\/#breadcrumb","itemListElement":[{"@type":"ListItem","position":1,"name":"In\u00edcio","item":"https:\/\/psol50.org.br\/"},{"@type":"ListItem","position":2,"name":"Em Goi\u00e2nia, Luciana Genro visita Pastoral da Terra em apoio \u00e0 Reforma Agr\u00e1ria"}]},{"@type":"WebSite","@id":"https:\/\/psol50.org.br\/#website","url":"https:\/\/psol50.org.br\/","name":"PSOL 50","description":"Site oficial do Partido Socialismo e Liberdade","publisher":{"@id":"https:\/\/psol50.org.br\/#organization"},"alternateName":"PSOL50","potentialAction":[{"@type":"SearchAction","target":{"@type":"EntryPoint","urlTemplate":"https:\/\/psol50.org.br\/?s={search_term_string}"},"query-input":{"@type":"PropertyValueSpecification","valueRequired":true,"valueName":"search_term_string"}}],"inLanguage":"pt-BR"},{"@type":"Organization","@id":"https:\/\/psol50.org.br\/#organization","name":"PSOL 50","alternateName":"PSOL 50","url":"https:\/\/psol50.org.br\/","logo":{"@type":"ImageObject","inLanguage":"pt-BR","@id":"https:\/\/psol50.org.br\/#\/schema\/logo\/image\/","url":"https:\/\/psol50.org.br\/inc\/uploads\/2018\/07\/capa.png","contentUrl":"https:\/\/psol50.org.br\/inc\/uploads\/2018\/07\/capa.png","width":1350,"height":900,"caption":"PSOL 50"},"image":{"@id":"https:\/\/psol50.org.br\/#\/schema\/logo\/image\/"},"sameAs":["https:\/\/www.facebook.com\/psol50","https:\/\/x.com\/psol50","https:\/\/www.instagram.com\/psol50\/","https:\/\/www.youtube.com\/channel\/UC7SnJS5o1os7a6CaiNabzcg"]},{"@type":"Person","@id":"https:\/\/psol50.org.br\/#\/schema\/person\/475dfa57d0b815993c714c2e96491fcd","name":"Comunica\u00e7\u00e3o PSOL","image":{"@type":"ImageObject","inLanguage":"pt-BR","@id":"https:\/\/psol50.org.br\/#\/schema\/person\/image\/","url":"https:\/\/secure.gravatar.com\/avatar\/b34fc4f4e468a4e51785917065a3db57b841f5c95dba6ad8c73aaf8f66f8f9bf?s=96&d=mm&r=g","contentUrl":"https:\/\/secure.gravatar.com\/avatar\/b34fc4f4e468a4e51785917065a3db57b841f5c95dba6ad8c73aaf8f66f8f9bf?s=96&d=mm&r=g","caption":"Comunica\u00e7\u00e3o PSOL"}}]}},"_links":{"self":[{"href":"https:\/\/psol50.org.br\/rest\/wp\/v2\/posts\/2958","targetHints":{"allow":["GET"]}}],"collection":[{"href":"https:\/\/psol50.org.br\/rest\/wp\/v2\/posts"}],"about":[{"href":"https:\/\/psol50.org.br\/rest\/wp\/v2\/types\/post"}],"author":[{"embeddable":true,"href":"https:\/\/psol50.org.br\/rest\/wp\/v2\/users\/2"}],"replies":[{"embeddable":true,"href":"https:\/\/psol50.org.br\/rest\/wp\/v2\/comments?post=2958"}],"version-history":[{"count":0,"href":"https:\/\/psol50.org.br\/rest\/wp\/v2\/posts\/2958\/revisions"}],"wp:attachment":[{"href":"https:\/\/psol50.org.br\/rest\/wp\/v2\/media?parent=2958"}],"wp:term":[{"taxonomy":"category","embeddable":true,"href":"https:\/\/psol50.org.br\/rest\/wp\/v2\/categories?post=2958"},{"taxonomy":"post_tag","embeddable":true,"href":"https:\/\/psol50.org.br\/rest\/wp\/v2\/tags?post=2958"}],"curies":[{"name":"wp","href":"https:\/\/api.w.org\/{rel}","templated":true}]}}