{"id":2960,"date":"2014-09-08T00:00:00","date_gmt":"2014-09-08T17:14:04","guid":{"rendered":"http:\/\/psol50.org.br\/arquivo\/2014\/09\/08\/cpt-solicita-investigacao-sobre-patrimonio-de-candidato-do-pmdb-ao-governo-do-ceara\/"},"modified":"2014-09-08T00:00:00","modified_gmt":"2014-09-08T17:14:04","slug":"cpt-solicita-investigacao-sobre-patrimonio-de-candidato-do-pmdb-ao-governo-do-ceara","status":"publish","type":"post","link":"https:\/\/psol50.org.br\/cpt-solicita-investigacao-sobre-patrimonio-de-candidato-do-pmdb-ao-governo-do-ceara\/","title":{"rendered":"CPT solicita investiga\u00e7\u00e3o sobre patrim\u00f4nio de candidato do PMDB ao Governo do Cear\u00e1"},"content":{"rendered":"<p style=\"text-align: justify;\">\n\t<span style=\"font-size:12px;\"><span style=\"font-family: arial,helvetica,sans-serif;\">A Coordena\u00e7\u00e3o Executiva da Comiss\u00e3o Pastoral da Terra (CPT) divulgou uma nota em solidariedade \u00e0s 3 mil fam\u00edlias de sem terra que ocuparam na \u00faltima semana a Fazenda Santa M\u00f4nica, em Corumb\u00e1 de Goi\u00e1s (Estado de Goi\u00e1s), de propriedade do senador e candidato a governador do Cear\u00e1, Eun\u00edcio Oliveira (PMDB). Essa a\u00e7\u00e3o da CPT visa, sobretudo, chamar a aten\u00e7\u00e3o da sociedade brasileira sobre uma realidade cada vez mais recorrente: a concentra\u00e7\u00e3o da propriedade da terra no Brasil. Segundo manifesta\u00e7\u00f5es dos que ocuparam a terra, s\u00e3o constantes as den\u00fancias das formas &#8220;mais absurdas utilizadas pelo senador para cada vez incorporar mais \u00e1reas \u00e0 sua propriedade\u201d.<br \/>\n\t&nbsp;<br \/>\n\tSegundo informa a CPT, quem anda pela regi\u00e3o de Corumb\u00e1 de Goi\u00e1s escuta que o senador j\u00e1 \u00e9 dono de mais da metade do munic\u00edpio. A Fazenda Santa M\u00f4nica \u00e9 apenas uma entre os muitos im\u00f3veis rurais em nome do candidato. Na declara\u00e7\u00e3o de bens apresentada ao Tribunal Superior Eleitoral (TSE), neste ano, constam 88 im\u00f3veis rurais em Goi\u00e1s, quase todos em Corumb\u00e1 de Goi\u00e1s. Na declara\u00e7\u00e3o anterior (2010), o n\u00famero declarado era de 72 propriedades. Em quatro anos, 16 novas propriedades foram incorporadas ao seu patrim\u00f4nio.<br \/>\n\t&nbsp;<br \/>\n\tAl\u00e9m disso, a CPT chama a aten\u00e7\u00e3o para o valor declarado das terras. A Santa M\u00f4nica, apesar de ter 21 mil hectares, tem seu valor declarado como de apenas R$ 386.720,00. &#8220;Outros im\u00f3veis tem um \u00ednfimo valor declarado, a partir de R$ 746,27, o valor de um deles, passando por outros de R$ 1.000,00, 1.500, 2.000.. O total do patrim\u00f4nio declarado do atual candidato ao governo do Cear\u00e1 \u00e9 de R$ 99.022.714,17, o mais rico entre todos os candidatos a governador. Se considerarmos que, na declara\u00e7\u00e3o de bens de 2010, o valor declarado foi de R$ 36.737.673,19, temos em quatro anos uma aumento razo\u00e1vel de 170% no seu patrim\u00f4nio!\u201d<br \/>\n\t&nbsp;<br \/>\n\tA Coordena\u00e7\u00e3o da CPT solicita \u00e0s autoridades competentes, Justi\u00e7a Federal, Pol\u00edcia Federal e outras, uma investiga\u00e7\u00e3o &#8220;s\u00e9ria e profunda\u201d do crescimento do patrim\u00f4nio de Eun\u00edcio Oliveira que, em quatro anos, teria quase triplicado seus bens, e dos m\u00e9todos utilizados para consegui-lo.<\/span><\/span><\/p>\n<p>&nbsp;<br \/>\n&nbsp;<\/p>\n","protected":false},"excerpt":{"rendered":"<p>A Coordena\u00e7\u00e3o Executiva da Comiss\u00e3o Pastoral da Terra (CPT) divulgou uma nota em solidariedade \u00e0s 3 mil fam\u00edlias de sem terra que ocuparam na \u00faltima semana a Fazenda Santa M\u00f4nica, em Corumb\u00e1 de Goi\u00e1s (Estado de Goi\u00e1s), de propriedade do senador e candidato a governador do Cear\u00e1, Eun\u00edcio Oliveira (PMDB). Essa a\u00e7\u00e3o da CPT visa, [&hellip;]<\/p>\n","protected":false},"author":2,"featured_media":0,"comment_status":"open","ping_status":"open","sticky":false,"template":"","format":"standard","meta":{"_acf_changed":false,"footnotes":""},"categories":[4766,6],"tags":[],"class_list":{"0":"post-2960","1":"post","2":"type-post","3":"status-publish","4":"format-standard","6":"category-arquivo","7":"category-noticias"},"acf":[],"yoast_head":"<!-- This site is optimized with the Yoast SEO plugin v26.5 - https:\/\/yoast.com\/wordpress\/plugins\/seo\/ -->\n<title>CPT solicita investiga\u00e7\u00e3o sobre patrim\u00f4nio de candidato do PMDB ao Governo do Cear\u00e1 - PSOL 50<\/title>\n<meta name=\"robots\" content=\"index, follow, max-snippet:-1, max-image-preview:large, max-video-preview:-1\" \/>\n<link rel=\"canonical\" href=\"https:\/\/psol50.org.br\/cpt-solicita-investigacao-sobre-patrimonio-de-candidato-do-pmdb-ao-governo-do-ceara\/\" \/>\n<meta property=\"og:locale\" content=\"pt_BR\" \/>\n<meta property=\"og:type\" content=\"article\" \/>\n<meta property=\"og:title\" content=\"CPT solicita investiga\u00e7\u00e3o sobre patrim\u00f4nio de candidato do PMDB ao Governo do Cear\u00e1 - PSOL 50\" \/>\n<meta property=\"og:description\" content=\"A Coordena\u00e7\u00e3o Executiva da Comiss\u00e3o Pastoral da Terra (CPT) divulgou uma nota em solidariedade \u00e0s 3 mil fam\u00edlias de sem terra que ocuparam na \u00faltima semana a Fazenda Santa M\u00f4nica, em Corumb\u00e1 de Goi\u00e1s (Estado de Goi\u00e1s), de propriedade do senador e candidato a governador do Cear\u00e1, Eun\u00edcio Oliveira (PMDB). Essa a\u00e7\u00e3o da CPT visa, [&hellip;]\" \/>\n<meta property=\"og:url\" content=\"https:\/\/psol50.org.br\/cpt-solicita-investigacao-sobre-patrimonio-de-candidato-do-pmdb-ao-governo-do-ceara\/\" \/>\n<meta property=\"og:site_name\" content=\"PSOL 50\" \/>\n<meta property=\"article:publisher\" content=\"https:\/\/www.facebook.com\/psol50\" \/>\n<meta property=\"article:published_time\" content=\"2014-09-08T17:14:04+00:00\" \/>\n<meta property=\"og:image\" content=\"https:\/\/psol50.org.br\/inc\/uploads\/2018\/07\/capa.png\" \/>\n\t<meta property=\"og:image:width\" content=\"1350\" \/>\n\t<meta property=\"og:image:height\" content=\"900\" \/>\n\t<meta property=\"og:image:type\" content=\"image\/png\" \/>\n<meta name=\"author\" content=\"Comunica\u00e7\u00e3o PSOL\" \/>\n<meta name=\"twitter:card\" content=\"summary_large_image\" \/>\n<meta name=\"twitter:creator\" content=\"@psol50\" \/>\n<meta name=\"twitter:site\" content=\"@psol50\" \/>\n<meta name=\"twitter:label1\" content=\"Escrito por\" \/>\n\t<meta name=\"twitter:data1\" content=\"Comunica\u00e7\u00e3o PSOL\" \/>\n\t<meta name=\"twitter:label2\" content=\"Est. tempo de leitura\" \/>\n\t<meta name=\"twitter:data2\" content=\"2 minutos\" \/>\n<script type=\"application\/ld+json\" class=\"yoast-schema-graph\">{\"@context\":\"https:\/\/schema.org\",\"@graph\":[{\"@type\":\"Article\",\"@id\":\"https:\/\/psol50.org.br\/cpt-solicita-investigacao-sobre-patrimonio-de-candidato-do-pmdb-ao-governo-do-ceara\/#article\",\"isPartOf\":{\"@id\":\"https:\/\/psol50.org.br\/cpt-solicita-investigacao-sobre-patrimonio-de-candidato-do-pmdb-ao-governo-do-ceara\/\"},\"author\":{\"name\":\"Comunica\u00e7\u00e3o PSOL\",\"@id\":\"https:\/\/psol50.org.br\/#\/schema\/person\/475dfa57d0b815993c714c2e96491fcd\"},\"headline\":\"CPT solicita investiga\u00e7\u00e3o sobre patrim\u00f4nio de candidato do PMDB ao Governo do Cear\u00e1\",\"datePublished\":\"2014-09-08T17:14:04+00:00\",\"mainEntityOfPage\":{\"@id\":\"https:\/\/psol50.org.br\/cpt-solicita-investigacao-sobre-patrimonio-de-candidato-do-pmdb-ao-governo-do-ceara\/\"},\"wordCount\":383,\"commentCount\":0,\"publisher\":{\"@id\":\"https:\/\/psol50.org.br\/#organization\"},\"articleSection\":[\"Arquivo\",\"Not\u00edcias\"],\"inLanguage\":\"pt-BR\",\"potentialAction\":[{\"@type\":\"CommentAction\",\"name\":\"Comment\",\"target\":[\"https:\/\/psol50.org.br\/cpt-solicita-investigacao-sobre-patrimonio-de-candidato-do-pmdb-ao-governo-do-ceara\/#respond\"]}]},{\"@type\":\"WebPage\",\"@id\":\"https:\/\/psol50.org.br\/cpt-solicita-investigacao-sobre-patrimonio-de-candidato-do-pmdb-ao-governo-do-ceara\/\",\"url\":\"https:\/\/psol50.org.br\/cpt-solicita-investigacao-sobre-patrimonio-de-candidato-do-pmdb-ao-governo-do-ceara\/\",\"name\":\"CPT solicita investiga\u00e7\u00e3o sobre patrim\u00f4nio de candidato do PMDB ao Governo do Cear\u00e1 - PSOL 50\",\"isPartOf\":{\"@id\":\"https:\/\/psol50.org.br\/#website\"},\"datePublished\":\"2014-09-08T17:14:04+00:00\",\"breadcrumb\":{\"@id\":\"https:\/\/psol50.org.br\/cpt-solicita-investigacao-sobre-patrimonio-de-candidato-do-pmdb-ao-governo-do-ceara\/#breadcrumb\"},\"inLanguage\":\"pt-BR\",\"potentialAction\":[{\"@type\":\"ReadAction\",\"target\":[\"https:\/\/psol50.org.br\/cpt-solicita-investigacao-sobre-patrimonio-de-candidato-do-pmdb-ao-governo-do-ceara\/\"]}]},{\"@type\":\"BreadcrumbList\",\"@id\":\"https:\/\/psol50.org.br\/cpt-solicita-investigacao-sobre-patrimonio-de-candidato-do-pmdb-ao-governo-do-ceara\/#breadcrumb\",\"itemListElement\":[{\"@type\":\"ListItem\",\"position\":1,\"name\":\"In\u00edcio\",\"item\":\"https:\/\/psol50.org.br\/\"},{\"@type\":\"ListItem\",\"position\":2,\"name\":\"CPT solicita investiga\u00e7\u00e3o sobre patrim\u00f4nio de candidato do PMDB ao Governo do Cear\u00e1\"}]},{\"@type\":\"WebSite\",\"@id\":\"https:\/\/psol50.org.br\/#website\",\"url\":\"https:\/\/psol50.org.br\/\",\"name\":\"PSOL 50\",\"description\":\"Site oficial do Partido Socialismo e Liberdade\",\"publisher\":{\"@id\":\"https:\/\/psol50.org.br\/#organization\"},\"alternateName\":\"PSOL50\",\"potentialAction\":[{\"@type\":\"SearchAction\",\"target\":{\"@type\":\"EntryPoint\",\"urlTemplate\":\"https:\/\/psol50.org.br\/?s={search_term_string}\"},\"query-input\":{\"@type\":\"PropertyValueSpecification\",\"valueRequired\":true,\"valueName\":\"search_term_string\"}}],\"inLanguage\":\"pt-BR\"},{\"@type\":\"Organization\",\"@id\":\"https:\/\/psol50.org.br\/#organization\",\"name\":\"PSOL 50\",\"alternateName\":\"PSOL 50\",\"url\":\"https:\/\/psol50.org.br\/\",\"logo\":{\"@type\":\"ImageObject\",\"inLanguage\":\"pt-BR\",\"@id\":\"https:\/\/psol50.org.br\/#\/schema\/logo\/image\/\",\"url\":\"https:\/\/psol50.org.br\/inc\/uploads\/2018\/07\/capa.png\",\"contentUrl\":\"https:\/\/psol50.org.br\/inc\/uploads\/2018\/07\/capa.png\",\"width\":1350,\"height\":900,\"caption\":\"PSOL 50\"},\"image\":{\"@id\":\"https:\/\/psol50.org.br\/#\/schema\/logo\/image\/\"},\"sameAs\":[\"https:\/\/www.facebook.com\/psol50\",\"https:\/\/x.com\/psol50\",\"https:\/\/www.instagram.com\/psol50\/\",\"https:\/\/www.youtube.com\/channel\/UC7SnJS5o1os7a6CaiNabzcg\"]},{\"@type\":\"Person\",\"@id\":\"https:\/\/psol50.org.br\/#\/schema\/person\/475dfa57d0b815993c714c2e96491fcd\",\"name\":\"Comunica\u00e7\u00e3o PSOL\",\"image\":{\"@type\":\"ImageObject\",\"inLanguage\":\"pt-BR\",\"@id\":\"https:\/\/psol50.org.br\/#\/schema\/person\/image\/\",\"url\":\"https:\/\/secure.gravatar.com\/avatar\/b34fc4f4e468a4e51785917065a3db57b841f5c95dba6ad8c73aaf8f66f8f9bf?s=96&d=mm&r=g\",\"contentUrl\":\"https:\/\/secure.gravatar.com\/avatar\/b34fc4f4e468a4e51785917065a3db57b841f5c95dba6ad8c73aaf8f66f8f9bf?s=96&d=mm&r=g\",\"caption\":\"Comunica\u00e7\u00e3o PSOL\"}}]}<\/script>\n<!-- \/ Yoast SEO plugin. -->","yoast_head_json":{"title":"CPT solicita investiga\u00e7\u00e3o sobre patrim\u00f4nio de candidato do PMDB ao Governo do Cear\u00e1 - PSOL 50","robots":{"index":"index","follow":"follow","max-snippet":"max-snippet:-1","max-image-preview":"max-image-preview:large","max-video-preview":"max-video-preview:-1"},"canonical":"https:\/\/psol50.org.br\/cpt-solicita-investigacao-sobre-patrimonio-de-candidato-do-pmdb-ao-governo-do-ceara\/","og_locale":"pt_BR","og_type":"article","og_title":"CPT solicita investiga\u00e7\u00e3o sobre patrim\u00f4nio de candidato do PMDB ao Governo do Cear\u00e1 - PSOL 50","og_description":"A Coordena\u00e7\u00e3o Executiva da Comiss\u00e3o Pastoral da Terra (CPT) divulgou uma nota em solidariedade \u00e0s 3 mil fam\u00edlias de sem terra que ocuparam na \u00faltima semana a Fazenda Santa M\u00f4nica, em Corumb\u00e1 de Goi\u00e1s (Estado de Goi\u00e1s), de propriedade do senador e candidato a governador do Cear\u00e1, Eun\u00edcio Oliveira (PMDB). Essa a\u00e7\u00e3o da CPT visa, [&hellip;]","og_url":"https:\/\/psol50.org.br\/cpt-solicita-investigacao-sobre-patrimonio-de-candidato-do-pmdb-ao-governo-do-ceara\/","og_site_name":"PSOL 50","article_publisher":"https:\/\/www.facebook.com\/psol50","article_published_time":"2014-09-08T17:14:04+00:00","og_image":[{"width":1350,"height":900,"url":"https:\/\/psol50.org.br\/inc\/uploads\/2018\/07\/capa.png","type":"image\/png"}],"author":"Comunica\u00e7\u00e3o PSOL","twitter_card":"summary_large_image","twitter_creator":"@psol50","twitter_site":"@psol50","twitter_misc":{"Escrito por":"Comunica\u00e7\u00e3o PSOL","Est. tempo de leitura":"2 minutos"},"schema":{"@context":"https:\/\/schema.org","@graph":[{"@type":"Article","@id":"https:\/\/psol50.org.br\/cpt-solicita-investigacao-sobre-patrimonio-de-candidato-do-pmdb-ao-governo-do-ceara\/#article","isPartOf":{"@id":"https:\/\/psol50.org.br\/cpt-solicita-investigacao-sobre-patrimonio-de-candidato-do-pmdb-ao-governo-do-ceara\/"},"author":{"name":"Comunica\u00e7\u00e3o PSOL","@id":"https:\/\/psol50.org.br\/#\/schema\/person\/475dfa57d0b815993c714c2e96491fcd"},"headline":"CPT solicita investiga\u00e7\u00e3o sobre patrim\u00f4nio de candidato do PMDB ao Governo do Cear\u00e1","datePublished":"2014-09-08T17:14:04+00:00","mainEntityOfPage":{"@id":"https:\/\/psol50.org.br\/cpt-solicita-investigacao-sobre-patrimonio-de-candidato-do-pmdb-ao-governo-do-ceara\/"},"wordCount":383,"commentCount":0,"publisher":{"@id":"https:\/\/psol50.org.br\/#organization"},"articleSection":["Arquivo","Not\u00edcias"],"inLanguage":"pt-BR","potentialAction":[{"@type":"CommentAction","name":"Comment","target":["https:\/\/psol50.org.br\/cpt-solicita-investigacao-sobre-patrimonio-de-candidato-do-pmdb-ao-governo-do-ceara\/#respond"]}]},{"@type":"WebPage","@id":"https:\/\/psol50.org.br\/cpt-solicita-investigacao-sobre-patrimonio-de-candidato-do-pmdb-ao-governo-do-ceara\/","url":"https:\/\/psol50.org.br\/cpt-solicita-investigacao-sobre-patrimonio-de-candidato-do-pmdb-ao-governo-do-ceara\/","name":"CPT solicita investiga\u00e7\u00e3o sobre patrim\u00f4nio de candidato do PMDB ao Governo do Cear\u00e1 - PSOL 50","isPartOf":{"@id":"https:\/\/psol50.org.br\/#website"},"datePublished":"2014-09-08T17:14:04+00:00","breadcrumb":{"@id":"https:\/\/psol50.org.br\/cpt-solicita-investigacao-sobre-patrimonio-de-candidato-do-pmdb-ao-governo-do-ceara\/#breadcrumb"},"inLanguage":"pt-BR","potentialAction":[{"@type":"ReadAction","target":["https:\/\/psol50.org.br\/cpt-solicita-investigacao-sobre-patrimonio-de-candidato-do-pmdb-ao-governo-do-ceara\/"]}]},{"@type":"BreadcrumbList","@id":"https:\/\/psol50.org.br\/cpt-solicita-investigacao-sobre-patrimonio-de-candidato-do-pmdb-ao-governo-do-ceara\/#breadcrumb","itemListElement":[{"@type":"ListItem","position":1,"name":"In\u00edcio","item":"https:\/\/psol50.org.br\/"},{"@type":"ListItem","position":2,"name":"CPT solicita investiga\u00e7\u00e3o sobre patrim\u00f4nio de candidato do PMDB ao Governo do Cear\u00e1"}]},{"@type":"WebSite","@id":"https:\/\/psol50.org.br\/#website","url":"https:\/\/psol50.org.br\/","name":"PSOL 50","description":"Site oficial do Partido Socialismo e Liberdade","publisher":{"@id":"https:\/\/psol50.org.br\/#organization"},"alternateName":"PSOL50","potentialAction":[{"@type":"SearchAction","target":{"@type":"EntryPoint","urlTemplate":"https:\/\/psol50.org.br\/?s={search_term_string}"},"query-input":{"@type":"PropertyValueSpecification","valueRequired":true,"valueName":"search_term_string"}}],"inLanguage":"pt-BR"},{"@type":"Organization","@id":"https:\/\/psol50.org.br\/#organization","name":"PSOL 50","alternateName":"PSOL 50","url":"https:\/\/psol50.org.br\/","logo":{"@type":"ImageObject","inLanguage":"pt-BR","@id":"https:\/\/psol50.org.br\/#\/schema\/logo\/image\/","url":"https:\/\/psol50.org.br\/inc\/uploads\/2018\/07\/capa.png","contentUrl":"https:\/\/psol50.org.br\/inc\/uploads\/2018\/07\/capa.png","width":1350,"height":900,"caption":"PSOL 50"},"image":{"@id":"https:\/\/psol50.org.br\/#\/schema\/logo\/image\/"},"sameAs":["https:\/\/www.facebook.com\/psol50","https:\/\/x.com\/psol50","https:\/\/www.instagram.com\/psol50\/","https:\/\/www.youtube.com\/channel\/UC7SnJS5o1os7a6CaiNabzcg"]},{"@type":"Person","@id":"https:\/\/psol50.org.br\/#\/schema\/person\/475dfa57d0b815993c714c2e96491fcd","name":"Comunica\u00e7\u00e3o PSOL","image":{"@type":"ImageObject","inLanguage":"pt-BR","@id":"https:\/\/psol50.org.br\/#\/schema\/person\/image\/","url":"https:\/\/secure.gravatar.com\/avatar\/b34fc4f4e468a4e51785917065a3db57b841f5c95dba6ad8c73aaf8f66f8f9bf?s=96&d=mm&r=g","contentUrl":"https:\/\/secure.gravatar.com\/avatar\/b34fc4f4e468a4e51785917065a3db57b841f5c95dba6ad8c73aaf8f66f8f9bf?s=96&d=mm&r=g","caption":"Comunica\u00e7\u00e3o PSOL"}}]}},"_links":{"self":[{"href":"https:\/\/psol50.org.br\/rest\/wp\/v2\/posts\/2960","targetHints":{"allow":["GET"]}}],"collection":[{"href":"https:\/\/psol50.org.br\/rest\/wp\/v2\/posts"}],"about":[{"href":"https:\/\/psol50.org.br\/rest\/wp\/v2\/types\/post"}],"author":[{"embeddable":true,"href":"https:\/\/psol50.org.br\/rest\/wp\/v2\/users\/2"}],"replies":[{"embeddable":true,"href":"https:\/\/psol50.org.br\/rest\/wp\/v2\/comments?post=2960"}],"version-history":[{"count":0,"href":"https:\/\/psol50.org.br\/rest\/wp\/v2\/posts\/2960\/revisions"}],"wp:attachment":[{"href":"https:\/\/psol50.org.br\/rest\/wp\/v2\/media?parent=2960"}],"wp:term":[{"taxonomy":"category","embeddable":true,"href":"https:\/\/psol50.org.br\/rest\/wp\/v2\/categories?post=2960"},{"taxonomy":"post_tag","embeddable":true,"href":"https:\/\/psol50.org.br\/rest\/wp\/v2\/tags?post=2960"}],"curies":[{"name":"wp","href":"https:\/\/api.w.org\/{rel}","templated":true}]}}