{"id":29640,"date":"2020-06-18T14:32:15","date_gmt":"2020-06-18T17:32:15","guid":{"rendered":"https:\/\/psol50.org.br\/?p=29640"},"modified":"2020-06-18T14:32:15","modified_gmt":"2020-06-18T17:32:15","slug":"psol-e-oposicao-querem-derrubar-ato-de-weintraub-que-revogou-portaria-que-estimulava-cotas-na-pos-graduacao","status":"publish","type":"post","link":"https:\/\/psol50.org.br\/psol-e-oposicao-querem-derrubar-ato-de-weintraub-que-revogou-portaria-que-estimulava-cotas-na-pos-graduacao\/","title":{"rendered":"PSOL e oposi\u00e7\u00e3o querem derrubar ato de Weintraub que revogou portaria que estimulava cotas na p\u00f3s-gradua\u00e7\u00e3o"},"content":{"rendered":"<p><a href=\"https:\/\/impeachmentpopular.com.br\/\" target=\"_blank\" rel=\"noopener noreferrer\"><img loading=\"lazy\" decoding=\"async\" class=\"alignnone size-full wp-image-29118\" src=\"https:\/\/psol50.org.br\/inc\/uploads\/2020\/05\/Email_Impeachment.png\" alt=\"\" width=\"1080\" height=\"250\" srcset=\"https:\/\/psol50.org.br\/inc\/uploads\/2020\/05\/Email_Impeachment.png 1080w, https:\/\/psol50.org.br\/inc\/uploads\/2020\/05\/Email_Impeachment-300x69.png 300w, https:\/\/psol50.org.br\/inc\/uploads\/2020\/05\/Email_Impeachment-1024x237.png 1024w, https:\/\/psol50.org.br\/inc\/uploads\/2020\/05\/Email_Impeachment-768x178.png 768w, https:\/\/psol50.org.br\/inc\/uploads\/2020\/05\/Email_Impeachment-150x35.png 150w, https:\/\/psol50.org.br\/inc\/uploads\/2020\/05\/Email_Impeachment-696x161.png 696w, https:\/\/psol50.org.br\/inc\/uploads\/2020\/05\/Email_Impeachment-1068x247.png 1068w\" sizes=\"auto, (max-width: 1080px) 100vw, 1080px\" \/><\/a><\/p>\n<p>A bancada do PSOL, ao lado dos l\u00edderes de PSB, PT, Rede, PDT, PCdoB, da Minoria e da Oposi\u00e7\u00e3o, protocolou um projeto de decreto legislativo para sustar a decis\u00e3o do Minist\u00e9rio da Educa\u00e7\u00e3o que revogou a portaria que estimulava a reserva de vagas a negros, ind\u00edgenas e pessoas com defici\u00eancia em programas de p\u00f3s-gradua\u00e7\u00e3o de institui\u00e7\u00f5es federais de ensino superior, que existe desde 2016.<\/p>\n<p>\u2018\u00c9 muito grave que um ministro obscurantista, que est\u00e1 nos seus \u00faltimos dias, ao que tudo indica, fa\u00e7a uma portaria revogando uma conquista dos movimentos que lutam contra as desigualdades no acesso ao ensino superior e no combate \u00e0 discrimina\u00e7\u00e3o. Weintraub quer destruir o que resta de conquistas na educa\u00e7\u00e3o. \u00c9 grave, e faremos uma luta pol\u00edtica para que o projeto seja votado no Congresso Nacional\u201d, afirma a l\u00edder do PSOL, Fernanda Melchionna.<\/p>\n<p>A necessidade da pol\u00edtica de cotas foi tamb\u00e9m reconhecida pelo Supremo Tribunal Federal (STF) ao apreciar a Argui\u00e7\u00e3o de Descumprimento de Preceito Fundamental n\u00ba 186. Na ocasi\u00e3o, por unanimidade, o STF afirmou que a pol\u00edtica de a\u00e7\u00e3o afirmativa \u00e9 uma repara\u00e7\u00e3o de danos pret\u00e9ritos do pa\u00eds em rela\u00e7\u00e3o aos negros.<\/p>\n<p>O Ministro Joaquim Barbosa, em seu voto, lembrou que \u201cn\u00e3o se deve perder de vista o fato de que a hist\u00f3ria universal n\u00e3o registra, na era contempor\u00e2nea, nenhum exemplo de na\u00e7\u00e3o que tenha se erguido de uma condi\u00e7\u00e3o perif\u00e9rica \u00e0 condi\u00e7\u00e3o de pot\u00eancia econ\u00f4mica e pol\u00edtica, digna de respeito na cena pol\u00edtica internacional, mantendo, no plano dom\u00e9stico, uma pol\u00edtica de exclus\u00e3o em rela\u00e7\u00e3o a uma parcela expressiva da sua popula\u00e7\u00e3o\u201d.<\/p>\n<p>Apesar da portaria de Abraham Weintraub, as universidades mant\u00eam autonomia para tratar o assunto e continuar com a pol\u00edtica de cotas. No entanto, os partidos destacam que a Portaria 545\/2020 n\u00e3o tem \u201cqualquer fundamenta\u00e7\u00e3o e pertin\u00eancia, configurando-se, sobretudo, como o \u00faltimo suspiro de uma gest\u00e3o do MEC desapartada dos grandes desafios que o pa\u00eds enfrenta na \u00e1rea educacional, bem como uma sinaliza\u00e7\u00e3o, num momento em que eclodem manifesta\u00e7\u00f5es contra o racismo em todo o mundo, de que o governo brasileiro est\u00e1 decidido a marchar na contram\u00e3o da Hist\u00f3ria.\u201d<\/p>\n","protected":false},"excerpt":{"rendered":"<p>A bancada do PSOL, ao lado dos l\u00edderes de PSB, PT, Rede, PDT, PCdoB, da Minoria e da Oposi\u00e7\u00e3o, protocolou um projeto de decreto legislativo para sustar a decis\u00e3o do Minist\u00e9rio da Educa\u00e7\u00e3o que revogou a portaria que estimulava a reserva de vagas a negros, ind\u00edgenas e pessoas com defici\u00eancia em programas de p\u00f3s-gradua\u00e7\u00e3o de [&hellip;]<\/p>\n","protected":false},"author":2,"featured_media":25381,"comment_status":"closed","ping_status":"open","sticky":false,"template":"","format":"standard","meta":{"_acf_changed":false,"footnotes":""},"categories":[10,6],"tags":[680,864,164,91,408,22],"class_list":{"0":"post-29640","1":"post","2":"type-post","3":"status-publish","4":"format-standard","5":"has-post-thumbnail","7":"category-acao-parlamentares","8":"category-noticias","9":"tag-abraham-weintraub","10":"tag-cotas","11":"tag-educacao","12":"tag-mec","13":"tag-pos-graduacao","14":"tag-psol"},"acf":[],"yoast_head":"<!-- This site is optimized with the Yoast SEO plugin v26.5 - https:\/\/yoast.com\/wordpress\/plugins\/seo\/ -->\n<title>PSOL e oposi\u00e7\u00e3o querem derrubar ato de Weintraub que revogou portaria que estimulava cotas na p\u00f3s-gradua\u00e7\u00e3o<\/title>\n<meta name=\"description\" content=\"Apesar da portaria de Abraham Weintraub, as universidades mant\u00eam autonomia para tratar o assunto e continuar com a pol\u00edtica de cotas.\" \/>\n<meta name=\"robots\" content=\"index, follow, max-snippet:-1, max-image-preview:large, max-video-preview:-1\" \/>\n<link rel=\"canonical\" href=\"https:\/\/psol50.org.br\/psol-e-oposicao-querem-derrubar-ato-de-weintraub-que-revogou-portaria-que-estimulava-cotas-na-pos-graduacao\/\" \/>\n<meta property=\"og:locale\" content=\"pt_BR\" \/>\n<meta property=\"og:type\" content=\"article\" \/>\n<meta property=\"og:title\" content=\"PSOL e oposi\u00e7\u00e3o querem derrubar ato de Weintraub que revogou portaria que estimulava cotas na p\u00f3s-gradua\u00e7\u00e3o\" \/>\n<meta property=\"og:description\" content=\"Apesar da portaria de Abraham Weintraub, as universidades mant\u00eam autonomia para tratar o assunto e continuar com a pol\u00edtica de cotas.\" \/>\n<meta property=\"og:url\" content=\"https:\/\/psol50.org.br\/psol-e-oposicao-querem-derrubar-ato-de-weintraub-que-revogou-portaria-que-estimulava-cotas-na-pos-graduacao\/\" \/>\n<meta property=\"og:site_name\" content=\"PSOL 50\" \/>\n<meta property=\"article:publisher\" content=\"https:\/\/www.facebook.com\/psol50\" \/>\n<meta property=\"article:published_time\" content=\"2020-06-18T17:32:15+00:00\" \/>\n<meta property=\"og:image\" content=\"https:\/\/psol50.org.br\/inc\/uploads\/2019\/05\/AbrahamWeintraub.MarceloCamargo.Abr_.jpg\" \/>\n\t<meta property=\"og:image:width\" content=\"1140\" \/>\n\t<meta property=\"og:image:height\" content=\"760\" \/>\n\t<meta property=\"og:image:type\" content=\"image\/jpeg\" \/>\n<meta name=\"author\" content=\"Comunica\u00e7\u00e3o PSOL\" \/>\n<meta name=\"twitter:card\" content=\"summary_large_image\" \/>\n<meta name=\"twitter:title\" content=\"PSOL e oposi\u00e7\u00e3o querem derrubar ato de Weintraub que revogou portaria que estimulava cotas na p\u00f3s-gradua\u00e7\u00e3o\" \/>\n<meta name=\"twitter:description\" content=\"Apesar da portaria de Abraham Weintraub, as universidades mant\u00eam autonomia para tratar o assunto e continuar com a pol\u00edtica de cotas.\" \/>\n<meta name=\"twitter:image\" content=\"https:\/\/psol50.org.br\/inc\/uploads\/2019\/05\/AbrahamWeintraub.MarceloCamargo.Abr_.jpg\" \/>\n<meta name=\"twitter:creator\" content=\"@psol50\" \/>\n<meta name=\"twitter:site\" content=\"@psol50\" \/>\n<meta name=\"twitter:label1\" content=\"Escrito por\" \/>\n\t<meta name=\"twitter:data1\" content=\"Comunica\u00e7\u00e3o PSOL\" \/>\n\t<meta name=\"twitter:label2\" content=\"Est. tempo de leitura\" \/>\n\t<meta name=\"twitter:data2\" content=\"2 minutos\" \/>\n<script type=\"application\/ld+json\" class=\"yoast-schema-graph\">{\"@context\":\"https:\/\/schema.org\",\"@graph\":[{\"@type\":\"Article\",\"@id\":\"https:\/\/psol50.org.br\/psol-e-oposicao-querem-derrubar-ato-de-weintraub-que-revogou-portaria-que-estimulava-cotas-na-pos-graduacao\/#article\",\"isPartOf\":{\"@id\":\"https:\/\/psol50.org.br\/psol-e-oposicao-querem-derrubar-ato-de-weintraub-que-revogou-portaria-que-estimulava-cotas-na-pos-graduacao\/\"},\"author\":{\"name\":\"Comunica\u00e7\u00e3o PSOL\",\"@id\":\"https:\/\/psol50.org.br\/#\/schema\/person\/475dfa57d0b815993c714c2e96491fcd\"},\"headline\":\"PSOL e oposi\u00e7\u00e3o querem derrubar ato de Weintraub que revogou portaria que estimulava cotas na p\u00f3s-gradua\u00e7\u00e3o\",\"datePublished\":\"2020-06-18T17:32:15+00:00\",\"mainEntityOfPage\":{\"@id\":\"https:\/\/psol50.org.br\/psol-e-oposicao-querem-derrubar-ato-de-weintraub-que-revogou-portaria-que-estimulava-cotas-na-pos-graduacao\/\"},\"wordCount\":409,\"publisher\":{\"@id\":\"https:\/\/psol50.org.br\/#organization\"},\"image\":{\"@id\":\"https:\/\/psol50.org.br\/psol-e-oposicao-querem-derrubar-ato-de-weintraub-que-revogou-portaria-que-estimulava-cotas-na-pos-graduacao\/#primaryimage\"},\"thumbnailUrl\":\"https:\/\/psol50.org.br\/inc\/uploads\/2019\/05\/AbrahamWeintraub.MarceloCamargo.Abr_.jpg\",\"keywords\":[\"Abraham Weintraub\",\"cotas\",\"Educa\u00e7\u00e3o\",\"MEC\",\"p\u00f3s-gradua\u00e7\u00e3o\",\"PSOL\"],\"articleSection\":[\"A\u00e7\u00e3o Parlamentar\",\"Not\u00edcias\"],\"inLanguage\":\"pt-BR\"},{\"@type\":\"WebPage\",\"@id\":\"https:\/\/psol50.org.br\/psol-e-oposicao-querem-derrubar-ato-de-weintraub-que-revogou-portaria-que-estimulava-cotas-na-pos-graduacao\/\",\"url\":\"https:\/\/psol50.org.br\/psol-e-oposicao-querem-derrubar-ato-de-weintraub-que-revogou-portaria-que-estimulava-cotas-na-pos-graduacao\/\",\"name\":\"PSOL e oposi\u00e7\u00e3o querem derrubar ato de Weintraub que revogou portaria que estimulava cotas na p\u00f3s-gradua\u00e7\u00e3o\",\"isPartOf\":{\"@id\":\"https:\/\/psol50.org.br\/#website\"},\"primaryImageOfPage\":{\"@id\":\"https:\/\/psol50.org.br\/psol-e-oposicao-querem-derrubar-ato-de-weintraub-que-revogou-portaria-que-estimulava-cotas-na-pos-graduacao\/#primaryimage\"},\"image\":{\"@id\":\"https:\/\/psol50.org.br\/psol-e-oposicao-querem-derrubar-ato-de-weintraub-que-revogou-portaria-que-estimulava-cotas-na-pos-graduacao\/#primaryimage\"},\"thumbnailUrl\":\"https:\/\/psol50.org.br\/inc\/uploads\/2019\/05\/AbrahamWeintraub.MarceloCamargo.Abr_.jpg\",\"datePublished\":\"2020-06-18T17:32:15+00:00\",\"description\":\"Apesar da portaria de Abraham Weintraub, as universidades mant\u00eam autonomia para tratar o assunto e continuar com a pol\u00edtica de cotas.\",\"breadcrumb\":{\"@id\":\"https:\/\/psol50.org.br\/psol-e-oposicao-querem-derrubar-ato-de-weintraub-que-revogou-portaria-que-estimulava-cotas-na-pos-graduacao\/#breadcrumb\"},\"inLanguage\":\"pt-BR\",\"potentialAction\":[{\"@type\":\"ReadAction\",\"target\":[\"https:\/\/psol50.org.br\/psol-e-oposicao-querem-derrubar-ato-de-weintraub-que-revogou-portaria-que-estimulava-cotas-na-pos-graduacao\/\"]}]},{\"@type\":\"ImageObject\",\"inLanguage\":\"pt-BR\",\"@id\":\"https:\/\/psol50.org.br\/psol-e-oposicao-querem-derrubar-ato-de-weintraub-que-revogou-portaria-que-estimulava-cotas-na-pos-graduacao\/#primaryimage\",\"url\":\"https:\/\/psol50.org.br\/inc\/uploads\/2019\/05\/AbrahamWeintraub.MarceloCamargo.Abr_.jpg\",\"contentUrl\":\"https:\/\/psol50.org.br\/inc\/uploads\/2019\/05\/AbrahamWeintraub.MarceloCamargo.Abr_.jpg\",\"width\":1140,\"height\":760,\"caption\":\"Marcelo Camargo \/ Ag\u00eancia Brasil\"},{\"@type\":\"BreadcrumbList\",\"@id\":\"https:\/\/psol50.org.br\/psol-e-oposicao-querem-derrubar-ato-de-weintraub-que-revogou-portaria-que-estimulava-cotas-na-pos-graduacao\/#breadcrumb\",\"itemListElement\":[{\"@type\":\"ListItem\",\"position\":1,\"name\":\"In\u00edcio\",\"item\":\"https:\/\/psol50.org.br\/\"},{\"@type\":\"ListItem\",\"position\":2,\"name\":\"PSOL e oposi\u00e7\u00e3o querem derrubar ato de Weintraub que revogou portaria que estimulava cotas na p\u00f3s-gradua\u00e7\u00e3o\"}]},{\"@type\":\"WebSite\",\"@id\":\"https:\/\/psol50.org.br\/#website\",\"url\":\"https:\/\/psol50.org.br\/\",\"name\":\"PSOL 50\",\"description\":\"Site oficial do Partido Socialismo e Liberdade\",\"publisher\":{\"@id\":\"https:\/\/psol50.org.br\/#organization\"},\"alternateName\":\"PSOL50\",\"potentialAction\":[{\"@type\":\"SearchAction\",\"target\":{\"@type\":\"EntryPoint\",\"urlTemplate\":\"https:\/\/psol50.org.br\/?s={search_term_string}\"},\"query-input\":{\"@type\":\"PropertyValueSpecification\",\"valueRequired\":true,\"valueName\":\"search_term_string\"}}],\"inLanguage\":\"pt-BR\"},{\"@type\":\"Organization\",\"@id\":\"https:\/\/psol50.org.br\/#organization\",\"name\":\"PSOL 50\",\"alternateName\":\"PSOL 50\",\"url\":\"https:\/\/psol50.org.br\/\",\"logo\":{\"@type\":\"ImageObject\",\"inLanguage\":\"pt-BR\",\"@id\":\"https:\/\/psol50.org.br\/#\/schema\/logo\/image\/\",\"url\":\"https:\/\/psol50.org.br\/inc\/uploads\/2018\/07\/capa.png\",\"contentUrl\":\"https:\/\/psol50.org.br\/inc\/uploads\/2018\/07\/capa.png\",\"width\":1350,\"height\":900,\"caption\":\"PSOL 50\"},\"image\":{\"@id\":\"https:\/\/psol50.org.br\/#\/schema\/logo\/image\/\"},\"sameAs\":[\"https:\/\/www.facebook.com\/psol50\",\"https:\/\/x.com\/psol50\",\"https:\/\/www.instagram.com\/psol50\/\",\"https:\/\/www.youtube.com\/channel\/UC7SnJS5o1os7a6CaiNabzcg\"]},{\"@type\":\"Person\",\"@id\":\"https:\/\/psol50.org.br\/#\/schema\/person\/475dfa57d0b815993c714c2e96491fcd\",\"name\":\"Comunica\u00e7\u00e3o PSOL\",\"image\":{\"@type\":\"ImageObject\",\"inLanguage\":\"pt-BR\",\"@id\":\"https:\/\/psol50.org.br\/#\/schema\/person\/image\/\",\"url\":\"https:\/\/secure.gravatar.com\/avatar\/b34fc4f4e468a4e51785917065a3db57b841f5c95dba6ad8c73aaf8f66f8f9bf?s=96&d=mm&r=g\",\"contentUrl\":\"https:\/\/secure.gravatar.com\/avatar\/b34fc4f4e468a4e51785917065a3db57b841f5c95dba6ad8c73aaf8f66f8f9bf?s=96&d=mm&r=g\",\"caption\":\"Comunica\u00e7\u00e3o PSOL\"}}]}<\/script>\n<!-- \/ Yoast SEO plugin. -->","yoast_head_json":{"title":"PSOL e oposi\u00e7\u00e3o querem derrubar ato de Weintraub que revogou portaria que estimulava cotas na p\u00f3s-gradua\u00e7\u00e3o","description":"Apesar da portaria de Abraham Weintraub, as universidades mant\u00eam autonomia para tratar o assunto e continuar com a pol\u00edtica de cotas.","robots":{"index":"index","follow":"follow","max-snippet":"max-snippet:-1","max-image-preview":"max-image-preview:large","max-video-preview":"max-video-preview:-1"},"canonical":"https:\/\/psol50.org.br\/psol-e-oposicao-querem-derrubar-ato-de-weintraub-que-revogou-portaria-que-estimulava-cotas-na-pos-graduacao\/","og_locale":"pt_BR","og_type":"article","og_title":"PSOL e oposi\u00e7\u00e3o querem derrubar ato de Weintraub que revogou portaria que estimulava cotas na p\u00f3s-gradua\u00e7\u00e3o","og_description":"Apesar da portaria de Abraham Weintraub, as universidades mant\u00eam autonomia para tratar o assunto e continuar com a pol\u00edtica de cotas.","og_url":"https:\/\/psol50.org.br\/psol-e-oposicao-querem-derrubar-ato-de-weintraub-que-revogou-portaria-que-estimulava-cotas-na-pos-graduacao\/","og_site_name":"PSOL 50","article_publisher":"https:\/\/www.facebook.com\/psol50","article_published_time":"2020-06-18T17:32:15+00:00","og_image":[{"width":1140,"height":760,"url":"https:\/\/psol50.org.br\/inc\/uploads\/2019\/05\/AbrahamWeintraub.MarceloCamargo.Abr_.jpg","type":"image\/jpeg"}],"author":"Comunica\u00e7\u00e3o PSOL","twitter_card":"summary_large_image","twitter_title":"PSOL e oposi\u00e7\u00e3o querem derrubar ato de Weintraub que revogou portaria que estimulava cotas na p\u00f3s-gradua\u00e7\u00e3o","twitter_description":"Apesar da portaria de Abraham Weintraub, as universidades mant\u00eam autonomia para tratar o assunto e continuar com a pol\u00edtica de cotas.","twitter_image":"https:\/\/psol50.org.br\/inc\/uploads\/2019\/05\/AbrahamWeintraub.MarceloCamargo.Abr_.jpg","twitter_creator":"@psol50","twitter_site":"@psol50","twitter_misc":{"Escrito por":"Comunica\u00e7\u00e3o PSOL","Est. tempo de leitura":"2 minutos"},"schema":{"@context":"https:\/\/schema.org","@graph":[{"@type":"Article","@id":"https:\/\/psol50.org.br\/psol-e-oposicao-querem-derrubar-ato-de-weintraub-que-revogou-portaria-que-estimulava-cotas-na-pos-graduacao\/#article","isPartOf":{"@id":"https:\/\/psol50.org.br\/psol-e-oposicao-querem-derrubar-ato-de-weintraub-que-revogou-portaria-que-estimulava-cotas-na-pos-graduacao\/"},"author":{"name":"Comunica\u00e7\u00e3o PSOL","@id":"https:\/\/psol50.org.br\/#\/schema\/person\/475dfa57d0b815993c714c2e96491fcd"},"headline":"PSOL e oposi\u00e7\u00e3o querem derrubar ato de Weintraub que revogou portaria que estimulava cotas na p\u00f3s-gradua\u00e7\u00e3o","datePublished":"2020-06-18T17:32:15+00:00","mainEntityOfPage":{"@id":"https:\/\/psol50.org.br\/psol-e-oposicao-querem-derrubar-ato-de-weintraub-que-revogou-portaria-que-estimulava-cotas-na-pos-graduacao\/"},"wordCount":409,"publisher":{"@id":"https:\/\/psol50.org.br\/#organization"},"image":{"@id":"https:\/\/psol50.org.br\/psol-e-oposicao-querem-derrubar-ato-de-weintraub-que-revogou-portaria-que-estimulava-cotas-na-pos-graduacao\/#primaryimage"},"thumbnailUrl":"https:\/\/psol50.org.br\/inc\/uploads\/2019\/05\/AbrahamWeintraub.MarceloCamargo.Abr_.jpg","keywords":["Abraham Weintraub","cotas","Educa\u00e7\u00e3o","MEC","p\u00f3s-gradua\u00e7\u00e3o","PSOL"],"articleSection":["A\u00e7\u00e3o Parlamentar","Not\u00edcias"],"inLanguage":"pt-BR"},{"@type":"WebPage","@id":"https:\/\/psol50.org.br\/psol-e-oposicao-querem-derrubar-ato-de-weintraub-que-revogou-portaria-que-estimulava-cotas-na-pos-graduacao\/","url":"https:\/\/psol50.org.br\/psol-e-oposicao-querem-derrubar-ato-de-weintraub-que-revogou-portaria-que-estimulava-cotas-na-pos-graduacao\/","name":"PSOL e oposi\u00e7\u00e3o querem derrubar ato de Weintraub que revogou portaria que estimulava cotas na p\u00f3s-gradua\u00e7\u00e3o","isPartOf":{"@id":"https:\/\/psol50.org.br\/#website"},"primaryImageOfPage":{"@id":"https:\/\/psol50.org.br\/psol-e-oposicao-querem-derrubar-ato-de-weintraub-que-revogou-portaria-que-estimulava-cotas-na-pos-graduacao\/#primaryimage"},"image":{"@id":"https:\/\/psol50.org.br\/psol-e-oposicao-querem-derrubar-ato-de-weintraub-que-revogou-portaria-que-estimulava-cotas-na-pos-graduacao\/#primaryimage"},"thumbnailUrl":"https:\/\/psol50.org.br\/inc\/uploads\/2019\/05\/AbrahamWeintraub.MarceloCamargo.Abr_.jpg","datePublished":"2020-06-18T17:32:15+00:00","description":"Apesar da portaria de Abraham Weintraub, as universidades mant\u00eam autonomia para tratar o assunto e continuar com a pol\u00edtica de cotas.","breadcrumb":{"@id":"https:\/\/psol50.org.br\/psol-e-oposicao-querem-derrubar-ato-de-weintraub-que-revogou-portaria-que-estimulava-cotas-na-pos-graduacao\/#breadcrumb"},"inLanguage":"pt-BR","potentialAction":[{"@type":"ReadAction","target":["https:\/\/psol50.org.br\/psol-e-oposicao-querem-derrubar-ato-de-weintraub-que-revogou-portaria-que-estimulava-cotas-na-pos-graduacao\/"]}]},{"@type":"ImageObject","inLanguage":"pt-BR","@id":"https:\/\/psol50.org.br\/psol-e-oposicao-querem-derrubar-ato-de-weintraub-que-revogou-portaria-que-estimulava-cotas-na-pos-graduacao\/#primaryimage","url":"https:\/\/psol50.org.br\/inc\/uploads\/2019\/05\/AbrahamWeintraub.MarceloCamargo.Abr_.jpg","contentUrl":"https:\/\/psol50.org.br\/inc\/uploads\/2019\/05\/AbrahamWeintraub.MarceloCamargo.Abr_.jpg","width":1140,"height":760,"caption":"Marcelo Camargo \/ Ag\u00eancia Brasil"},{"@type":"BreadcrumbList","@id":"https:\/\/psol50.org.br\/psol-e-oposicao-querem-derrubar-ato-de-weintraub-que-revogou-portaria-que-estimulava-cotas-na-pos-graduacao\/#breadcrumb","itemListElement":[{"@type":"ListItem","position":1,"name":"In\u00edcio","item":"https:\/\/psol50.org.br\/"},{"@type":"ListItem","position":2,"name":"PSOL e oposi\u00e7\u00e3o querem derrubar ato de Weintraub que revogou portaria que estimulava cotas na p\u00f3s-gradua\u00e7\u00e3o"}]},{"@type":"WebSite","@id":"https:\/\/psol50.org.br\/#website","url":"https:\/\/psol50.org.br\/","name":"PSOL 50","description":"Site oficial do Partido Socialismo e Liberdade","publisher":{"@id":"https:\/\/psol50.org.br\/#organization"},"alternateName":"PSOL50","potentialAction":[{"@type":"SearchAction","target":{"@type":"EntryPoint","urlTemplate":"https:\/\/psol50.org.br\/?s={search_term_string}"},"query-input":{"@type":"PropertyValueSpecification","valueRequired":true,"valueName":"search_term_string"}}],"inLanguage":"pt-BR"},{"@type":"Organization","@id":"https:\/\/psol50.org.br\/#organization","name":"PSOL 50","alternateName":"PSOL 50","url":"https:\/\/psol50.org.br\/","logo":{"@type":"ImageObject","inLanguage":"pt-BR","@id":"https:\/\/psol50.org.br\/#\/schema\/logo\/image\/","url":"https:\/\/psol50.org.br\/inc\/uploads\/2018\/07\/capa.png","contentUrl":"https:\/\/psol50.org.br\/inc\/uploads\/2018\/07\/capa.png","width":1350,"height":900,"caption":"PSOL 50"},"image":{"@id":"https:\/\/psol50.org.br\/#\/schema\/logo\/image\/"},"sameAs":["https:\/\/www.facebook.com\/psol50","https:\/\/x.com\/psol50","https:\/\/www.instagram.com\/psol50\/","https:\/\/www.youtube.com\/channel\/UC7SnJS5o1os7a6CaiNabzcg"]},{"@type":"Person","@id":"https:\/\/psol50.org.br\/#\/schema\/person\/475dfa57d0b815993c714c2e96491fcd","name":"Comunica\u00e7\u00e3o PSOL","image":{"@type":"ImageObject","inLanguage":"pt-BR","@id":"https:\/\/psol50.org.br\/#\/schema\/person\/image\/","url":"https:\/\/secure.gravatar.com\/avatar\/b34fc4f4e468a4e51785917065a3db57b841f5c95dba6ad8c73aaf8f66f8f9bf?s=96&d=mm&r=g","contentUrl":"https:\/\/secure.gravatar.com\/avatar\/b34fc4f4e468a4e51785917065a3db57b841f5c95dba6ad8c73aaf8f66f8f9bf?s=96&d=mm&r=g","caption":"Comunica\u00e7\u00e3o PSOL"}}]}},"_links":{"self":[{"href":"https:\/\/psol50.org.br\/rest\/wp\/v2\/posts\/29640","targetHints":{"allow":["GET"]}}],"collection":[{"href":"https:\/\/psol50.org.br\/rest\/wp\/v2\/posts"}],"about":[{"href":"https:\/\/psol50.org.br\/rest\/wp\/v2\/types\/post"}],"author":[{"embeddable":true,"href":"https:\/\/psol50.org.br\/rest\/wp\/v2\/users\/2"}],"replies":[{"embeddable":true,"href":"https:\/\/psol50.org.br\/rest\/wp\/v2\/comments?post=29640"}],"version-history":[{"count":0,"href":"https:\/\/psol50.org.br\/rest\/wp\/v2\/posts\/29640\/revisions"}],"wp:featuredmedia":[{"embeddable":true,"href":"https:\/\/psol50.org.br\/rest\/wp\/v2\/media\/25381"}],"wp:attachment":[{"href":"https:\/\/psol50.org.br\/rest\/wp\/v2\/media?parent=29640"}],"wp:term":[{"taxonomy":"category","embeddable":true,"href":"https:\/\/psol50.org.br\/rest\/wp\/v2\/categories?post=29640"},{"taxonomy":"post_tag","embeddable":true,"href":"https:\/\/psol50.org.br\/rest\/wp\/v2\/tags?post=29640"}],"curies":[{"name":"wp","href":"https:\/\/api.w.org\/{rel}","templated":true}]}}