{"id":29679,"date":"2020-06-22T10:31:45","date_gmt":"2020-06-22T13:31:45","guid":{"rendered":"https:\/\/psol50.org.br\/?p=29679"},"modified":"2020-06-22T10:31:45","modified_gmt":"2020-06-22T13:31:45","slug":"aurea-carolina-e-a-pre-candidata-do-psol-a-prefeitura-de-belo-horizonte","status":"publish","type":"post","link":"https:\/\/psol50.org.br\/aurea-carolina-e-a-pre-candidata-do-psol-a-prefeitura-de-belo-horizonte\/","title":{"rendered":"\u00c1urea Carolina \u00e9 a pr\u00e9-candidata do PSOL \u00e0 prefeitura de Belo Horizonte"},"content":{"rendered":"<p><a href=\"https:\/\/impeachmentpopular.com.br\/\" target=\"_blank\" rel=\"noopener noreferrer\"><img loading=\"lazy\" decoding=\"async\" class=\"alignnone size-full wp-image-29118\" src=\"https:\/\/psol50.org.br\/inc\/uploads\/2020\/05\/Email_Impeachment.png\" alt=\"\" width=\"1080\" height=\"250\" srcset=\"https:\/\/psol50.org.br\/inc\/uploads\/2020\/05\/Email_Impeachment.png 1080w, https:\/\/psol50.org.br\/inc\/uploads\/2020\/05\/Email_Impeachment-300x69.png 300w, https:\/\/psol50.org.br\/inc\/uploads\/2020\/05\/Email_Impeachment-1024x237.png 1024w, https:\/\/psol50.org.br\/inc\/uploads\/2020\/05\/Email_Impeachment-768x178.png 768w, https:\/\/psol50.org.br\/inc\/uploads\/2020\/05\/Email_Impeachment-150x35.png 150w, https:\/\/psol50.org.br\/inc\/uploads\/2020\/05\/Email_Impeachment-696x161.png 696w, https:\/\/psol50.org.br\/inc\/uploads\/2020\/05\/Email_Impeachment-1068x247.png 1068w\" sizes=\"auto, (max-width: 1080px) 100vw, 1080px\" \/><\/a><\/p>\n<p>O Diret\u00f3rio Municipal do PSOL Belo Horizonte definiu, por unanimidade, a deputada federal \u00c1urea Carolina como a pr\u00e9-candidata do partido para as elei\u00e7\u00f5es de 2020 \u00e0 Prefeitura da capital mineira. O PSOL apresenta esta pr\u00e9-candidatura com o objetivo de construir uma ampla frente social e partid\u00e1ria para &#8220;barrar o avan\u00e7o da direita bolsonarista na cidade e demarcar diferen\u00e7as com o governo Kalil&#8221;, como declarou em nota a dire\u00e7\u00e3o do partido na cidade.<\/p>\n<p>\u00c1urea Carolina foi a vereadora mais votada de Belo Horizonte em 2016, com 17.420 votos, e dois anos depois, em 2018, teve a maior vota\u00e7\u00e3o na capital, com 6,14% dos votos da cidade, e a quinta maior de todo o estado de Minas Gerais para o cargo de deputada federal, com 162.740 votos, que ocupa desde ent\u00e3o.<\/p>\n<p>O pr\u00f3ximo passo da pr\u00e9-candidatura ser\u00e1 buscar a parceria de movimentos sociais e partidos de esquerda e centro-esquerda da cidade. &#8220;O partido deve se debru\u00e7ar no di\u00e1logo com outros partidos da esquerda e do campo progressista na constru\u00e7\u00e3o de seu programa de governo, coordenado pela professora, economista e feminista Dirlene Marques&#8221;, declarou o Diret\u00f3rio Municipal do PSOL Belo Horizonte.<\/p>\n<p>\u00c1urea Carolina estava de licen\u00e7a-maternidade at\u00e9 o in\u00edcio de junho e retornou \u00e0s atividades pol\u00edticas e profissionais ap\u00f3s dar \u00e0 luz a seu primeiro filho, Jorge.<\/p>\n<p>https:\/\/www.facebook.com\/psol.belohorizonte\/photos\/a.564172507013910\/2960390150725455\/?type=3&#038;theater<\/p>\n","protected":false},"excerpt":{"rendered":"<p>O Diret\u00f3rio Municipal do PSOL Belo Horizonte definiu, por unanimidade, a deputada federal \u00c1urea Carolina como a pr\u00e9-candidata do partido para as elei\u00e7\u00f5es de 2020 \u00e0 Prefeitura da capital mineira. O PSOL apresenta esta pr\u00e9-candidatura com o objetivo de construir uma ampla frente social e partid\u00e1ria para &#8220;barrar o avan\u00e7o da direita bolsonarista na cidade [&hellip;]<\/p>\n","protected":false},"author":2,"featured_media":29681,"comment_status":"closed","ping_status":"open","sticky":false,"template":"","format":"standard","meta":{"_acf_changed":false,"footnotes":""},"categories":[6,14],"tags":[29,876,877,790,22],"class_list":{"0":"post-29679","1":"post","2":"type-post","3":"status-publish","4":"format-standard","5":"has-post-thumbnail","7":"category-noticias","8":"category-partido","9":"tag-aurea-carolina","10":"tag-belo-horizonte","11":"tag-eleicoes-2020","12":"tag-esquerda","13":"tag-psol"},"acf":[],"yoast_head":"<!-- This site is optimized with the Yoast SEO plugin v26.5 - https:\/\/yoast.com\/wordpress\/plugins\/seo\/ -->\n<title>\u00c1urea Carolina \u00e9 a pr\u00e9-candidata do PSOL \u00e0 prefeitura de Belo Horizonte<\/title>\n<meta name=\"description\" content=\"A pr\u00e9-candidatura tem o objetivo de construir uma ampla frente social e partid\u00e1ria para barrar o avan\u00e7o da direita bolsonarista e demarcar diferen\u00e7as com o governo Kalil.\" \/>\n<meta name=\"robots\" content=\"index, follow, max-snippet:-1, max-image-preview:large, max-video-preview:-1\" \/>\n<link rel=\"canonical\" href=\"https:\/\/psol50.org.br\/aurea-carolina-e-a-pre-candidata-do-psol-a-prefeitura-de-belo-horizonte\/\" \/>\n<meta property=\"og:locale\" content=\"pt_BR\" \/>\n<meta property=\"og:type\" content=\"article\" \/>\n<meta property=\"og:title\" content=\"\u00c1urea Carolina \u00e9 a pr\u00e9-candidata do PSOL \u00e0 prefeitura de Belo Horizonte\" \/>\n<meta property=\"og:description\" content=\"A pr\u00e9-candidatura tem o objetivo de construir uma ampla frente social e partid\u00e1ria para barrar o avan\u00e7o da direita bolsonarista e demarcar diferen\u00e7as com o governo Kalil.\" \/>\n<meta property=\"og:url\" content=\"https:\/\/psol50.org.br\/aurea-carolina-e-a-pre-candidata-do-psol-a-prefeitura-de-belo-horizonte\/\" \/>\n<meta property=\"og:site_name\" content=\"PSOL 50\" \/>\n<meta property=\"article:publisher\" content=\"https:\/\/www.facebook.com\/psol50\" \/>\n<meta property=\"article:published_time\" content=\"2020-06-22T13:31:45+00:00\" \/>\n<meta property=\"og:image\" content=\"https:\/\/psol50.org.br\/inc\/uploads\/2020\/06\/1068154_w980h638c1cx511cy250.jpg\" \/>\n\t<meta property=\"og:image:width\" content=\"980\" \/>\n\t<meta property=\"og:image:height\" content=\"638\" \/>\n\t<meta property=\"og:image:type\" content=\"image\/jpeg\" \/>\n<meta name=\"author\" content=\"Comunica\u00e7\u00e3o PSOL\" \/>\n<meta name=\"twitter:card\" content=\"summary_large_image\" \/>\n<meta name=\"twitter:title\" content=\"\u00c1urea Carolina \u00e9 a pr\u00e9-candidata do PSOL \u00e0 prefeitura de Belo Horizonte\" \/>\n<meta name=\"twitter:description\" content=\"A pr\u00e9-candidatura tem o objetivo de construir uma ampla frente social e partid\u00e1ria para barrar o avan\u00e7o da direita bolsonarista e demarcar diferen\u00e7as com o governo Kalil.\" \/>\n<meta name=\"twitter:image\" content=\"https:\/\/psol50.org.br\/inc\/uploads\/2020\/06\/1068154_w980h638c1cx511cy250.jpg\" \/>\n<meta name=\"twitter:creator\" content=\"@psol50\" \/>\n<meta name=\"twitter:site\" content=\"@psol50\" \/>\n<meta name=\"twitter:label1\" content=\"Escrito por\" \/>\n\t<meta name=\"twitter:data1\" content=\"Comunica\u00e7\u00e3o PSOL\" \/>\n\t<meta name=\"twitter:label2\" content=\"Est. tempo de leitura\" \/>\n\t<meta name=\"twitter:data2\" content=\"1 minuto\" \/>\n<script type=\"application\/ld+json\" class=\"yoast-schema-graph\">{\"@context\":\"https:\/\/schema.org\",\"@graph\":[{\"@type\":\"Article\",\"@id\":\"https:\/\/psol50.org.br\/aurea-carolina-e-a-pre-candidata-do-psol-a-prefeitura-de-belo-horizonte\/#article\",\"isPartOf\":{\"@id\":\"https:\/\/psol50.org.br\/aurea-carolina-e-a-pre-candidata-do-psol-a-prefeitura-de-belo-horizonte\/\"},\"author\":{\"name\":\"Comunica\u00e7\u00e3o PSOL\",\"@id\":\"https:\/\/psol50.org.br\/#\/schema\/person\/475dfa57d0b815993c714c2e96491fcd\"},\"headline\":\"\u00c1urea Carolina \u00e9 a pr\u00e9-candidata do PSOL \u00e0 prefeitura de Belo Horizonte\",\"datePublished\":\"2020-06-22T13:31:45+00:00\",\"mainEntityOfPage\":{\"@id\":\"https:\/\/psol50.org.br\/aurea-carolina-e-a-pre-candidata-do-psol-a-prefeitura-de-belo-horizonte\/\"},\"wordCount\":248,\"publisher\":{\"@id\":\"https:\/\/psol50.org.br\/#organization\"},\"image\":{\"@id\":\"https:\/\/psol50.org.br\/aurea-carolina-e-a-pre-candidata-do-psol-a-prefeitura-de-belo-horizonte\/#primaryimage\"},\"thumbnailUrl\":\"https:\/\/psol50.org.br\/inc\/uploads\/2020\/06\/1068154_w980h638c1cx511cy250.jpg\",\"keywords\":[\"\u00c1urea Carolina\",\"Belo Horizonte\",\"Elei\u00e7\u00f5es 2020\",\"esquerda\",\"PSOL\"],\"articleSection\":[\"Not\u00edcias\",\"Partido\"],\"inLanguage\":\"pt-BR\"},{\"@type\":\"WebPage\",\"@id\":\"https:\/\/psol50.org.br\/aurea-carolina-e-a-pre-candidata-do-psol-a-prefeitura-de-belo-horizonte\/\",\"url\":\"https:\/\/psol50.org.br\/aurea-carolina-e-a-pre-candidata-do-psol-a-prefeitura-de-belo-horizonte\/\",\"name\":\"\u00c1urea Carolina \u00e9 a pr\u00e9-candidata do PSOL \u00e0 prefeitura de Belo Horizonte\",\"isPartOf\":{\"@id\":\"https:\/\/psol50.org.br\/#website\"},\"primaryImageOfPage\":{\"@id\":\"https:\/\/psol50.org.br\/aurea-carolina-e-a-pre-candidata-do-psol-a-prefeitura-de-belo-horizonte\/#primaryimage\"},\"image\":{\"@id\":\"https:\/\/psol50.org.br\/aurea-carolina-e-a-pre-candidata-do-psol-a-prefeitura-de-belo-horizonte\/#primaryimage\"},\"thumbnailUrl\":\"https:\/\/psol50.org.br\/inc\/uploads\/2020\/06\/1068154_w980h638c1cx511cy250.jpg\",\"datePublished\":\"2020-06-22T13:31:45+00:00\",\"description\":\"A pr\u00e9-candidatura tem o objetivo de construir uma ampla frente social e partid\u00e1ria para barrar o avan\u00e7o da direita bolsonarista e demarcar diferen\u00e7as com o governo Kalil.\",\"breadcrumb\":{\"@id\":\"https:\/\/psol50.org.br\/aurea-carolina-e-a-pre-candidata-do-psol-a-prefeitura-de-belo-horizonte\/#breadcrumb\"},\"inLanguage\":\"pt-BR\",\"potentialAction\":[{\"@type\":\"ReadAction\",\"target\":[\"https:\/\/psol50.org.br\/aurea-carolina-e-a-pre-candidata-do-psol-a-prefeitura-de-belo-horizonte\/\"]}]},{\"@type\":\"ImageObject\",\"inLanguage\":\"pt-BR\",\"@id\":\"https:\/\/psol50.org.br\/aurea-carolina-e-a-pre-candidata-do-psol-a-prefeitura-de-belo-horizonte\/#primaryimage\",\"url\":\"https:\/\/psol50.org.br\/inc\/uploads\/2020\/06\/1068154_w980h638c1cx511cy250.jpg\",\"contentUrl\":\"https:\/\/psol50.org.br\/inc\/uploads\/2020\/06\/1068154_w980h638c1cx511cy250.jpg\",\"width\":980,\"height\":638},{\"@type\":\"BreadcrumbList\",\"@id\":\"https:\/\/psol50.org.br\/aurea-carolina-e-a-pre-candidata-do-psol-a-prefeitura-de-belo-horizonte\/#breadcrumb\",\"itemListElement\":[{\"@type\":\"ListItem\",\"position\":1,\"name\":\"In\u00edcio\",\"item\":\"https:\/\/psol50.org.br\/\"},{\"@type\":\"ListItem\",\"position\":2,\"name\":\"\u00c1urea Carolina \u00e9 a pr\u00e9-candidata do PSOL \u00e0 prefeitura de Belo Horizonte\"}]},{\"@type\":\"WebSite\",\"@id\":\"https:\/\/psol50.org.br\/#website\",\"url\":\"https:\/\/psol50.org.br\/\",\"name\":\"PSOL 50\",\"description\":\"Site oficial do Partido Socialismo e Liberdade\",\"publisher\":{\"@id\":\"https:\/\/psol50.org.br\/#organization\"},\"alternateName\":\"PSOL50\",\"potentialAction\":[{\"@type\":\"SearchAction\",\"target\":{\"@type\":\"EntryPoint\",\"urlTemplate\":\"https:\/\/psol50.org.br\/?s={search_term_string}\"},\"query-input\":{\"@type\":\"PropertyValueSpecification\",\"valueRequired\":true,\"valueName\":\"search_term_string\"}}],\"inLanguage\":\"pt-BR\"},{\"@type\":\"Organization\",\"@id\":\"https:\/\/psol50.org.br\/#organization\",\"name\":\"PSOL 50\",\"alternateName\":\"PSOL 50\",\"url\":\"https:\/\/psol50.org.br\/\",\"logo\":{\"@type\":\"ImageObject\",\"inLanguage\":\"pt-BR\",\"@id\":\"https:\/\/psol50.org.br\/#\/schema\/logo\/image\/\",\"url\":\"https:\/\/psol50.org.br\/inc\/uploads\/2018\/07\/capa.png\",\"contentUrl\":\"https:\/\/psol50.org.br\/inc\/uploads\/2018\/07\/capa.png\",\"width\":1350,\"height\":900,\"caption\":\"PSOL 50\"},\"image\":{\"@id\":\"https:\/\/psol50.org.br\/#\/schema\/logo\/image\/\"},\"sameAs\":[\"https:\/\/www.facebook.com\/psol50\",\"https:\/\/x.com\/psol50\",\"https:\/\/www.instagram.com\/psol50\/\",\"https:\/\/www.youtube.com\/channel\/UC7SnJS5o1os7a6CaiNabzcg\"]},{\"@type\":\"Person\",\"@id\":\"https:\/\/psol50.org.br\/#\/schema\/person\/475dfa57d0b815993c714c2e96491fcd\",\"name\":\"Comunica\u00e7\u00e3o PSOL\",\"image\":{\"@type\":\"ImageObject\",\"inLanguage\":\"pt-BR\",\"@id\":\"https:\/\/psol50.org.br\/#\/schema\/person\/image\/\",\"url\":\"https:\/\/secure.gravatar.com\/avatar\/b34fc4f4e468a4e51785917065a3db57b841f5c95dba6ad8c73aaf8f66f8f9bf?s=96&d=mm&r=g\",\"contentUrl\":\"https:\/\/secure.gravatar.com\/avatar\/b34fc4f4e468a4e51785917065a3db57b841f5c95dba6ad8c73aaf8f66f8f9bf?s=96&d=mm&r=g\",\"caption\":\"Comunica\u00e7\u00e3o PSOL\"}}]}<\/script>\n<!-- \/ Yoast SEO plugin. -->","yoast_head_json":{"title":"\u00c1urea Carolina \u00e9 a pr\u00e9-candidata do PSOL \u00e0 prefeitura de Belo Horizonte","description":"A pr\u00e9-candidatura tem o objetivo de construir uma ampla frente social e partid\u00e1ria para barrar o avan\u00e7o da direita bolsonarista e demarcar diferen\u00e7as com o governo Kalil.","robots":{"index":"index","follow":"follow","max-snippet":"max-snippet:-1","max-image-preview":"max-image-preview:large","max-video-preview":"max-video-preview:-1"},"canonical":"https:\/\/psol50.org.br\/aurea-carolina-e-a-pre-candidata-do-psol-a-prefeitura-de-belo-horizonte\/","og_locale":"pt_BR","og_type":"article","og_title":"\u00c1urea Carolina \u00e9 a pr\u00e9-candidata do PSOL \u00e0 prefeitura de Belo Horizonte","og_description":"A pr\u00e9-candidatura tem o objetivo de construir uma ampla frente social e partid\u00e1ria para barrar o avan\u00e7o da direita bolsonarista e demarcar diferen\u00e7as com o governo Kalil.","og_url":"https:\/\/psol50.org.br\/aurea-carolina-e-a-pre-candidata-do-psol-a-prefeitura-de-belo-horizonte\/","og_site_name":"PSOL 50","article_publisher":"https:\/\/www.facebook.com\/psol50","article_published_time":"2020-06-22T13:31:45+00:00","og_image":[{"width":980,"height":638,"url":"https:\/\/psol50.org.br\/inc\/uploads\/2020\/06\/1068154_w980h638c1cx511cy250.jpg","type":"image\/jpeg"}],"author":"Comunica\u00e7\u00e3o PSOL","twitter_card":"summary_large_image","twitter_title":"\u00c1urea Carolina \u00e9 a pr\u00e9-candidata do PSOL \u00e0 prefeitura de Belo Horizonte","twitter_description":"A pr\u00e9-candidatura tem o objetivo de construir uma ampla frente social e partid\u00e1ria para barrar o avan\u00e7o da direita bolsonarista e demarcar diferen\u00e7as com o governo Kalil.","twitter_image":"https:\/\/psol50.org.br\/inc\/uploads\/2020\/06\/1068154_w980h638c1cx511cy250.jpg","twitter_creator":"@psol50","twitter_site":"@psol50","twitter_misc":{"Escrito por":"Comunica\u00e7\u00e3o PSOL","Est. tempo de leitura":"1 minuto"},"schema":{"@context":"https:\/\/schema.org","@graph":[{"@type":"Article","@id":"https:\/\/psol50.org.br\/aurea-carolina-e-a-pre-candidata-do-psol-a-prefeitura-de-belo-horizonte\/#article","isPartOf":{"@id":"https:\/\/psol50.org.br\/aurea-carolina-e-a-pre-candidata-do-psol-a-prefeitura-de-belo-horizonte\/"},"author":{"name":"Comunica\u00e7\u00e3o PSOL","@id":"https:\/\/psol50.org.br\/#\/schema\/person\/475dfa57d0b815993c714c2e96491fcd"},"headline":"\u00c1urea Carolina \u00e9 a pr\u00e9-candidata do PSOL \u00e0 prefeitura de Belo Horizonte","datePublished":"2020-06-22T13:31:45+00:00","mainEntityOfPage":{"@id":"https:\/\/psol50.org.br\/aurea-carolina-e-a-pre-candidata-do-psol-a-prefeitura-de-belo-horizonte\/"},"wordCount":248,"publisher":{"@id":"https:\/\/psol50.org.br\/#organization"},"image":{"@id":"https:\/\/psol50.org.br\/aurea-carolina-e-a-pre-candidata-do-psol-a-prefeitura-de-belo-horizonte\/#primaryimage"},"thumbnailUrl":"https:\/\/psol50.org.br\/inc\/uploads\/2020\/06\/1068154_w980h638c1cx511cy250.jpg","keywords":["\u00c1urea Carolina","Belo Horizonte","Elei\u00e7\u00f5es 2020","esquerda","PSOL"],"articleSection":["Not\u00edcias","Partido"],"inLanguage":"pt-BR"},{"@type":"WebPage","@id":"https:\/\/psol50.org.br\/aurea-carolina-e-a-pre-candidata-do-psol-a-prefeitura-de-belo-horizonte\/","url":"https:\/\/psol50.org.br\/aurea-carolina-e-a-pre-candidata-do-psol-a-prefeitura-de-belo-horizonte\/","name":"\u00c1urea Carolina \u00e9 a pr\u00e9-candidata do PSOL \u00e0 prefeitura de Belo Horizonte","isPartOf":{"@id":"https:\/\/psol50.org.br\/#website"},"primaryImageOfPage":{"@id":"https:\/\/psol50.org.br\/aurea-carolina-e-a-pre-candidata-do-psol-a-prefeitura-de-belo-horizonte\/#primaryimage"},"image":{"@id":"https:\/\/psol50.org.br\/aurea-carolina-e-a-pre-candidata-do-psol-a-prefeitura-de-belo-horizonte\/#primaryimage"},"thumbnailUrl":"https:\/\/psol50.org.br\/inc\/uploads\/2020\/06\/1068154_w980h638c1cx511cy250.jpg","datePublished":"2020-06-22T13:31:45+00:00","description":"A pr\u00e9-candidatura tem o objetivo de construir uma ampla frente social e partid\u00e1ria para barrar o avan\u00e7o da direita bolsonarista e demarcar diferen\u00e7as com o governo Kalil.","breadcrumb":{"@id":"https:\/\/psol50.org.br\/aurea-carolina-e-a-pre-candidata-do-psol-a-prefeitura-de-belo-horizonte\/#breadcrumb"},"inLanguage":"pt-BR","potentialAction":[{"@type":"ReadAction","target":["https:\/\/psol50.org.br\/aurea-carolina-e-a-pre-candidata-do-psol-a-prefeitura-de-belo-horizonte\/"]}]},{"@type":"ImageObject","inLanguage":"pt-BR","@id":"https:\/\/psol50.org.br\/aurea-carolina-e-a-pre-candidata-do-psol-a-prefeitura-de-belo-horizonte\/#primaryimage","url":"https:\/\/psol50.org.br\/inc\/uploads\/2020\/06\/1068154_w980h638c1cx511cy250.jpg","contentUrl":"https:\/\/psol50.org.br\/inc\/uploads\/2020\/06\/1068154_w980h638c1cx511cy250.jpg","width":980,"height":638},{"@type":"BreadcrumbList","@id":"https:\/\/psol50.org.br\/aurea-carolina-e-a-pre-candidata-do-psol-a-prefeitura-de-belo-horizonte\/#breadcrumb","itemListElement":[{"@type":"ListItem","position":1,"name":"In\u00edcio","item":"https:\/\/psol50.org.br\/"},{"@type":"ListItem","position":2,"name":"\u00c1urea Carolina \u00e9 a pr\u00e9-candidata do PSOL \u00e0 prefeitura de Belo Horizonte"}]},{"@type":"WebSite","@id":"https:\/\/psol50.org.br\/#website","url":"https:\/\/psol50.org.br\/","name":"PSOL 50","description":"Site oficial do Partido Socialismo e Liberdade","publisher":{"@id":"https:\/\/psol50.org.br\/#organization"},"alternateName":"PSOL50","potentialAction":[{"@type":"SearchAction","target":{"@type":"EntryPoint","urlTemplate":"https:\/\/psol50.org.br\/?s={search_term_string}"},"query-input":{"@type":"PropertyValueSpecification","valueRequired":true,"valueName":"search_term_string"}}],"inLanguage":"pt-BR"},{"@type":"Organization","@id":"https:\/\/psol50.org.br\/#organization","name":"PSOL 50","alternateName":"PSOL 50","url":"https:\/\/psol50.org.br\/","logo":{"@type":"ImageObject","inLanguage":"pt-BR","@id":"https:\/\/psol50.org.br\/#\/schema\/logo\/image\/","url":"https:\/\/psol50.org.br\/inc\/uploads\/2018\/07\/capa.png","contentUrl":"https:\/\/psol50.org.br\/inc\/uploads\/2018\/07\/capa.png","width":1350,"height":900,"caption":"PSOL 50"},"image":{"@id":"https:\/\/psol50.org.br\/#\/schema\/logo\/image\/"},"sameAs":["https:\/\/www.facebook.com\/psol50","https:\/\/x.com\/psol50","https:\/\/www.instagram.com\/psol50\/","https:\/\/www.youtube.com\/channel\/UC7SnJS5o1os7a6CaiNabzcg"]},{"@type":"Person","@id":"https:\/\/psol50.org.br\/#\/schema\/person\/475dfa57d0b815993c714c2e96491fcd","name":"Comunica\u00e7\u00e3o PSOL","image":{"@type":"ImageObject","inLanguage":"pt-BR","@id":"https:\/\/psol50.org.br\/#\/schema\/person\/image\/","url":"https:\/\/secure.gravatar.com\/avatar\/b34fc4f4e468a4e51785917065a3db57b841f5c95dba6ad8c73aaf8f66f8f9bf?s=96&d=mm&r=g","contentUrl":"https:\/\/secure.gravatar.com\/avatar\/b34fc4f4e468a4e51785917065a3db57b841f5c95dba6ad8c73aaf8f66f8f9bf?s=96&d=mm&r=g","caption":"Comunica\u00e7\u00e3o PSOL"}}]}},"_links":{"self":[{"href":"https:\/\/psol50.org.br\/rest\/wp\/v2\/posts\/29679","targetHints":{"allow":["GET"]}}],"collection":[{"href":"https:\/\/psol50.org.br\/rest\/wp\/v2\/posts"}],"about":[{"href":"https:\/\/psol50.org.br\/rest\/wp\/v2\/types\/post"}],"author":[{"embeddable":true,"href":"https:\/\/psol50.org.br\/rest\/wp\/v2\/users\/2"}],"replies":[{"embeddable":true,"href":"https:\/\/psol50.org.br\/rest\/wp\/v2\/comments?post=29679"}],"version-history":[{"count":0,"href":"https:\/\/psol50.org.br\/rest\/wp\/v2\/posts\/29679\/revisions"}],"wp:featuredmedia":[{"embeddable":true,"href":"https:\/\/psol50.org.br\/rest\/wp\/v2\/media\/29681"}],"wp:attachment":[{"href":"https:\/\/psol50.org.br\/rest\/wp\/v2\/media?parent=29679"}],"wp:term":[{"taxonomy":"category","embeddable":true,"href":"https:\/\/psol50.org.br\/rest\/wp\/v2\/categories?post=29679"},{"taxonomy":"post_tag","embeddable":true,"href":"https:\/\/psol50.org.br\/rest\/wp\/v2\/tags?post=29679"}],"curies":[{"name":"wp","href":"https:\/\/api.w.org\/{rel}","templated":true}]}}