{"id":297,"date":"2005-10-13T00:00:00","date_gmt":"2005-10-13T00:00:00","guid":{"rendered":"http:\/\/psol50.org.br\/arquivo\/2005\/10\/13\/fora-bush-do-brasil-e-da-america-latina\/"},"modified":"2005-10-13T00:00:00","modified_gmt":"2005-10-13T00:00:00","slug":"fora-bush-do-brasil-e-da-america-latina","status":"publish","type":"post","link":"https:\/\/psol50.org.br\/fora-bush-do-brasil-e-da-america-latina\/","title":{"rendered":"Fora Bush do Brasil e da Am\u00e9rica Latina!"},"content":{"rendered":"<p><img loading=\"lazy\" decoding=\"async\" width=\"60\" vspace=\"4\" hspace=\"4\" height=\"40\" border=\"0\" align=\"left\" title=\"Bab\u00e1\" alt=\"Bab\u00e1\" src=\"images\/stories\/fotos\/micro051013baba.jpg\" \/>Este<br \/>\n\u00e9 o chamado do deputado Bab\u00e1 (P-SOL\/RJ), repudiando a visita do<br \/>\nmandatario estadounidense, do moderno Hitler, do maior assassino do<br \/>\nplaneta que visitar\u00e1 nosso pa\u00eds a convite do presidente Lula.\n<\/p>\n<p><!--more--><\/p>\n<p>O governo Lula convidou o maior assassino e genocida do planeta para<br \/>\nvir ao Brasil. O moderno Hitler, o&nbsp; homem mais odiado do mundo. O<br \/>\nrespons\u00e1vel pelo genoc\u00eddio no Iraque; por armar Israel para que<br \/>\ncontinue massacrando palestinos; por manter seq&uuml;estrados, em condi&ccedil;&otilde;es<br \/>\nterr\u00edveis, milhares de pessoas na base de Guant\u00e1namo; por<br \/>\nabandonar&nbsp; os pobres e negros na destrui&ccedil;&atilde;o do Katrina; por<br \/>\npromover o golpe militar na Venezuela, por representar os agiotas<br \/>\ninternacionais que continuam saqueando nosso pa\u00eds e&nbsp; toda a<br \/>\nAm\u00e9rica Latina atrav\u00e9s da d\u00edvida eterna.<\/p>\n<p>Ele vir\u00e1 da Argentina, onde se reunir\u00e1 com 33 presidentes latino<br \/>\namericanos, todos menos Cuba, para tentar impor seus planos. Ser\u00e1 a<br \/>\nreuni&atilde;o da C\u00fapula das Am\u00e9ricas, e o presidente Lula estar\u00e1 l\u00e1. <\/p>\n<p>N&atilde;o \u00e9 uma reuni&atilde;o protocolar;&nbsp; o Sr. George Bush ir\u00e1 a&nbsp; Mar del<br \/>\nPlata e vir\u00e1&nbsp; ao Brasil&nbsp; com v\u00e1rios objetivos:&nbsp;&nbsp; Continuar controlando<br \/>\necon&ocirc;mica e militarmente o &ldquo;quintal&rdquo;, como os EUA consideram a Am\u00e9rica<br \/>\nLatina. Exigir mais pagamentos da d\u00edvida. Possibilitar que as<br \/>\nmultinacionais e banqueiros ianques controlem nossas riquezas naturais<br \/>\ncomo o petr\u00f3leo, o g\u00e1s, as florestas, rios e lagos, os mares, a pesca&nbsp;<br \/>\ne um bem de extrema utilidade para a sobreviv&ecirc;ncia da esp\u00e9cie humana: a<br \/>\n\u00e1gua. <\/p>\n<p>As reservas de \u00e1gua dos EUA est&atilde;o acabando, j\u00e1 que 40% dos seus rios<br \/>\ne lagos est&atilde;o contaminados. Querem se apropriar do &ldquo;ouro azul&rdquo; e o<br \/>\ncontinente latino americano \u00e9 um grande &ldquo;butim&rdquo; porque tem 42% das<br \/>\nreservas de \u00e1gua pot\u00e1vel do mundo. No sub solo de uma grande \u00e1rea que<br \/>\natravessa as profundezas do Brasil, Argentina, Paraguai e Uruguai, se<br \/>\nencontra a terceira reserva mundial de \u00e1gua, o &ldquo;Aq&uuml;\u00edfero guarani&rdquo;. <\/p>\n<p>Mas Am\u00e9rica Latina tem protagonizado verdadeiros levantes contra as<br \/>\nprivatiza&ccedil;&otilde;es dos recursos b\u00e1sicos. Venezuela controla seu petr\u00f3leo; o<br \/>\npovo boliviano expulsou&nbsp; dois presidentes exigindo recuperar o petr\u00f3leo<br \/>\ne o g\u00e1s. No Equador expulsaram L\u00facio Gutierrez por querer impor o<br \/>\nTratado de Livre Com\u00e9rcio com os EUA; na Nicar\u00e1gua cambaleia o<br \/>\npresidente pr\u00f3 ianque e em varias na&ccedil;&otilde;es, como no Peru e no Paraguai<br \/>\nhouveram rebeli&otilde;es que impediram privatiza&ccedil;&otilde;es. Bush precisa&nbsp; parar<br \/>\nesta rebeldia para manter e refor&ccedil;ar o controle sobre as riquezas<br \/>\nb\u00e1sicas.<\/p>\n<p>Bush tenta estabelecer bases militares permanentes no Paraguai, como<br \/>\nj\u00e1 o conseguiu no Equador e na Col&ocirc;mbia, disfar&ccedil;ado como &ldquo;luta contra o<br \/>\nterrorismo&rdquo;. Como podemos ver no Iraque, eles chamam&nbsp; &ldquo;terroristas&rdquo; a<br \/>\ntodos os que defendem seu pa\u00eds contra a ocupa&ccedil;&atilde;o militar. Com esse<br \/>\nargumento, conseguiram&nbsp; do governo do Paraguai a imunidade para colocar<br \/>\n400 marines ianques&nbsp; na Tr\u00edplice Fronteira . Como declarou a Comiss&atilde;o<br \/>\nNacional de Direitos Humanos desse pa\u00eds, s&atilde;o &ldquo;para controlar a regi&atilde;o,<br \/>\ncriminalizar as lutas sociais e usurpar nossos recursos<\/p>\n<p><strong><br \/>\nLula,&nbsp; o &ldquo;queridinho&rdquo; de Bush<\/strong> <\/p>\n<p>S&atilde;o os pr\u00f3prios&nbsp; EUA os que&nbsp; declaram querer&nbsp; a ajuda de&nbsp; Lula para<br \/>\ngarantir a &ldquo;democracia&rdquo; nos pa\u00edses da Am\u00e9rica Latina. O governo Lula<br \/>\ndeu mostras suficientes de subservi&ecirc;ncia, n&atilde;o s\u00f3 pelos bilh&otilde;es que<br \/>\nenvia para os banqueiros pagando uma d\u00edvida, nunca auditada, que j\u00e1 foi<br \/>\npaga. Ele curvou-se mais ainda frente aos EUA, mandando tropas para o<br \/>\nHaiti, depois da invas&atilde;o franco-americana que dep&ocirc;s o presidente<br \/>\nAristide, para cumprir o sujo trabalho de controlar os interesses<br \/>\nimperialistas. Agora, mais uma vez ratificou seu car\u00e1ter de capacho do<br \/>\nimperialismo ao colaborar com o fascista Uribe, presidente da Col&ocirc;mbia,<br \/>\nencarcerando o padre colombiano Oliv\u00e9rio Medina, produto de uma<br \/>\ninaceit\u00e1vel a&ccedil;&atilde;o judicial visando &agrave; sua extradi&ccedil;&atilde;o e conseq&uuml;ente<br \/>\nentrega ao governo de Uribe, instrumento declarado da a&ccedil;&atilde;o imperialista<br \/>\nde Bush na Am\u00e9rica Latina.<\/p>\n<p>Mas os que est&atilde;o amea&ccedil;ados s&atilde;o os interesses imperialistas e os<br \/>\ngovernos subservientes dos Estados Unidos, pelas lutas e insurrei&ccedil;&otilde;es&nbsp;<br \/>\ndos povos massacrados pelas pol\u00edticas aplicadas pelos &ldquo;democr\u00e1ticos&rdquo;<br \/>\ngovernos amigos de Bush. Foi o vice-secret\u00e1rio de Estado dos EUA,<br \/>\nRobert Zoellick, quem afirmou que a Bol\u00edvia,&nbsp; o Equador, a Venezuela, o<br \/>\nHaiti e a Nicar\u00e1gua s&atilde;o pa\u00edses cuja democracia est\u00e1 em risco. A<br \/>\ncolabora&ccedil;&atilde;o de Lula para sustentar os governos&nbsp; pr\u00f3 imperialistas&nbsp; da<br \/>\nregi&atilde;o,&nbsp; ser\u00e1 o tema a ser&nbsp; discutido na visita que o presidente George<br \/>\nW. Bush far\u00e1 ao Brasil nos primeiros dias de novembro<\/p>\n<p>Para tudo isto vir\u00e1 Bush ao Brasil e ir\u00e1 a Argentina. Por isso o<br \/>\nrejeitamos e chamamos aos trabalhadores, os jovens, a intelectualidade,<br \/>\nas entidades do movimento estudantil, sindical e popular a repudiar a<br \/>\nvisita de Bush e ao governo Lula&nbsp; e sua pol\u00edtica de entrega,&nbsp; e a<br \/>\nmanifestar&nbsp; este rep\u00fadio organizando atos unit\u00e1rios como os que j\u00e1<br \/>\nest&atilde;o sendo constru\u00eddos em diversas capitais, pelos partidos de<br \/>\nesquerda, e numerosas personalidades&nbsp; e entidades.<\/p>\n<p><strong>Bab\u00e1 participar\u00e1 da C\u00fapula dos Povos<\/strong><\/p>\n<p>Na Sexta feira 04 de dezembro, est\u00e1 sendo organizada junto com os<br \/>\nmovimentos sociais e partidos de esquerda uma grande mobiliza&ccedil;&atilde;o em<br \/>\nrep\u00fadio a Bush e &agrave; C\u00fapula das Am\u00e9ricas.<\/p>\n<p>Bab\u00e1, que estar\u00e1 presente nos atos, tamb\u00e9m&nbsp; participar\u00e1 da&nbsp; &ldquo;contra<br \/>\nc\u00fapula&rdquo;, a chamada C\u00fapula dos Povos que ser\u00e1 realizada em Mar del Plata<br \/>\nentre os dias 01 e 05 de novembro, aonde confluir&atilde;o milhares de<br \/>\nativistas e dirigentes oper\u00e1rios, populares e de esquerda da Am\u00e9rica<br \/>\nLatina e do mundo. O presidente da Venezuela Hugo Ch\u00e1vez comprometeu<br \/>\nsua participa&ccedil;&atilde;o.\n<\/p>\n<p>\n<img loading=\"lazy\" decoding=\"async\" width=\"16\" vspace=\"0\" hspace=\"0\" height=\"16\" border=\"0\" align=\"left\" src=\"images\/stories\/icones\/bio.gif\" alt=\"Quem \u00e9?\" title=\"Quem \u00e9?\" \/>&nbsp; Bab\u00e1 \u00e9 Deputado Federal e integrante da Executiva Nacional do P-SOL\n<\/p>\n<p><img loading=\"lazy\" decoding=\"async\" width=\"16\" vspace=\"0\" hspace=\"0\" height=\"16\" border=\"0\" align=\"left\" src=\"images\/stories\/icones\/net.gif\" alt=\"Visite tamb\u00e9m\" title=\"Visite tamb\u00e9m\" \/>&nbsp; www.babacst.org<\/p>\n","protected":false},"excerpt":{"rendered":"<p>Este \u00e9 o chamado do deputado Bab\u00e1 (P-SOL\/RJ), repudiando a visita do mandatario estadounidense, do moderno Hitler, do maior assassino do planeta que visitar\u00e1 nosso pa\u00eds a convite do presidente Lula.<\/p>\n","protected":false},"author":2,"featured_media":0,"comment_status":"open","ping_status":"open","sticky":false,"template":"","format":"standard","meta":{"_acf_changed":false,"footnotes":""},"categories":[4766],"tags":[],"class_list":{"0":"post-297","1":"post","2":"type-post","3":"status-publish","4":"format-standard","6":"category-arquivo"},"acf":[],"yoast_head":"<!-- This site is optimized with the Yoast SEO plugin v26.5 - https:\/\/yoast.com\/wordpress\/plugins\/seo\/ -->\n<title>Fora Bush do Brasil e da Am\u00e9rica Latina! - PSOL 50<\/title>\n<meta name=\"robots\" content=\"index, follow, max-snippet:-1, max-image-preview:large, max-video-preview:-1\" \/>\n<link rel=\"canonical\" href=\"https:\/\/psol50.org.br\/fora-bush-do-brasil-e-da-america-latina\/\" \/>\n<meta property=\"og:locale\" content=\"pt_BR\" \/>\n<meta property=\"og:type\" content=\"article\" \/>\n<meta property=\"og:title\" content=\"Fora Bush do Brasil e da Am\u00e9rica Latina! - PSOL 50\" \/>\n<meta property=\"og:description\" content=\"Este \u00e9 o chamado do deputado Bab\u00e1 (P-SOL\/RJ), repudiando a visita do mandatario estadounidense, do moderno Hitler, do maior assassino do planeta que visitar\u00e1 nosso pa\u00eds a convite do presidente Lula.\" \/>\n<meta property=\"og:url\" content=\"https:\/\/psol50.org.br\/fora-bush-do-brasil-e-da-america-latina\/\" \/>\n<meta property=\"og:site_name\" content=\"PSOL 50\" \/>\n<meta property=\"article:publisher\" content=\"https:\/\/www.facebook.com\/psol50\" \/>\n<meta property=\"article:published_time\" content=\"2005-10-13T00:00:00+00:00\" \/>\n<meta property=\"og:image\" content=\"http:\/\/images\/stories\/fotos\/micro051013baba.jpg\" \/>\n<meta name=\"author\" content=\"Comunica\u00e7\u00e3o PSOL\" \/>\n<meta name=\"twitter:card\" content=\"summary_large_image\" \/>\n<meta name=\"twitter:creator\" content=\"@psol50\" \/>\n<meta name=\"twitter:site\" content=\"@psol50\" \/>\n<meta name=\"twitter:label1\" content=\"Escrito por\" \/>\n\t<meta name=\"twitter:data1\" content=\"Comunica\u00e7\u00e3o PSOL\" \/>\n\t<meta name=\"twitter:label2\" content=\"Est. tempo de leitura\" \/>\n\t<meta name=\"twitter:data2\" content=\"5 minutos\" \/>\n<script type=\"application\/ld+json\" class=\"yoast-schema-graph\">{\"@context\":\"https:\/\/schema.org\",\"@graph\":[{\"@type\":\"Article\",\"@id\":\"https:\/\/psol50.org.br\/fora-bush-do-brasil-e-da-america-latina\/#article\",\"isPartOf\":{\"@id\":\"https:\/\/psol50.org.br\/fora-bush-do-brasil-e-da-america-latina\/\"},\"author\":{\"name\":\"Comunica\u00e7\u00e3o PSOL\",\"@id\":\"https:\/\/psol50.org.br\/#\/schema\/person\/475dfa57d0b815993c714c2e96491fcd\"},\"headline\":\"Fora Bush do Brasil e da Am\u00e9rica Latina!\",\"datePublished\":\"2005-10-13T00:00:00+00:00\",\"mainEntityOfPage\":{\"@id\":\"https:\/\/psol50.org.br\/fora-bush-do-brasil-e-da-america-latina\/\"},\"wordCount\":1093,\"commentCount\":0,\"publisher\":{\"@id\":\"https:\/\/psol50.org.br\/#organization\"},\"articleSection\":[\"Arquivo\"],\"inLanguage\":\"pt-BR\",\"potentialAction\":[{\"@type\":\"CommentAction\",\"name\":\"Comment\",\"target\":[\"https:\/\/psol50.org.br\/fora-bush-do-brasil-e-da-america-latina\/#respond\"]}]},{\"@type\":\"WebPage\",\"@id\":\"https:\/\/psol50.org.br\/fora-bush-do-brasil-e-da-america-latina\/\",\"url\":\"https:\/\/psol50.org.br\/fora-bush-do-brasil-e-da-america-latina\/\",\"name\":\"Fora Bush do Brasil e da Am\u00e9rica Latina! - PSOL 50\",\"isPartOf\":{\"@id\":\"https:\/\/psol50.org.br\/#website\"},\"datePublished\":\"2005-10-13T00:00:00+00:00\",\"breadcrumb\":{\"@id\":\"https:\/\/psol50.org.br\/fora-bush-do-brasil-e-da-america-latina\/#breadcrumb\"},\"inLanguage\":\"pt-BR\",\"potentialAction\":[{\"@type\":\"ReadAction\",\"target\":[\"https:\/\/psol50.org.br\/fora-bush-do-brasil-e-da-america-latina\/\"]}]},{\"@type\":\"BreadcrumbList\",\"@id\":\"https:\/\/psol50.org.br\/fora-bush-do-brasil-e-da-america-latina\/#breadcrumb\",\"itemListElement\":[{\"@type\":\"ListItem\",\"position\":1,\"name\":\"In\u00edcio\",\"item\":\"https:\/\/psol50.org.br\/\"},{\"@type\":\"ListItem\",\"position\":2,\"name\":\"Fora Bush do Brasil e da Am\u00e9rica Latina!\"}]},{\"@type\":\"WebSite\",\"@id\":\"https:\/\/psol50.org.br\/#website\",\"url\":\"https:\/\/psol50.org.br\/\",\"name\":\"PSOL 50\",\"description\":\"Site oficial do Partido Socialismo e Liberdade\",\"publisher\":{\"@id\":\"https:\/\/psol50.org.br\/#organization\"},\"alternateName\":\"PSOL50\",\"potentialAction\":[{\"@type\":\"SearchAction\",\"target\":{\"@type\":\"EntryPoint\",\"urlTemplate\":\"https:\/\/psol50.org.br\/?s={search_term_string}\"},\"query-input\":{\"@type\":\"PropertyValueSpecification\",\"valueRequired\":true,\"valueName\":\"search_term_string\"}}],\"inLanguage\":\"pt-BR\"},{\"@type\":\"Organization\",\"@id\":\"https:\/\/psol50.org.br\/#organization\",\"name\":\"PSOL 50\",\"alternateName\":\"PSOL 50\",\"url\":\"https:\/\/psol50.org.br\/\",\"logo\":{\"@type\":\"ImageObject\",\"inLanguage\":\"pt-BR\",\"@id\":\"https:\/\/psol50.org.br\/#\/schema\/logo\/image\/\",\"url\":\"https:\/\/psol50.org.br\/inc\/uploads\/2018\/07\/capa.png\",\"contentUrl\":\"https:\/\/psol50.org.br\/inc\/uploads\/2018\/07\/capa.png\",\"width\":1350,\"height\":900,\"caption\":\"PSOL 50\"},\"image\":{\"@id\":\"https:\/\/psol50.org.br\/#\/schema\/logo\/image\/\"},\"sameAs\":[\"https:\/\/www.facebook.com\/psol50\",\"https:\/\/x.com\/psol50\",\"https:\/\/www.instagram.com\/psol50\/\",\"https:\/\/www.youtube.com\/channel\/UC7SnJS5o1os7a6CaiNabzcg\"]},{\"@type\":\"Person\",\"@id\":\"https:\/\/psol50.org.br\/#\/schema\/person\/475dfa57d0b815993c714c2e96491fcd\",\"name\":\"Comunica\u00e7\u00e3o PSOL\",\"image\":{\"@type\":\"ImageObject\",\"inLanguage\":\"pt-BR\",\"@id\":\"https:\/\/psol50.org.br\/#\/schema\/person\/image\/\",\"url\":\"https:\/\/secure.gravatar.com\/avatar\/b34fc4f4e468a4e51785917065a3db57b841f5c95dba6ad8c73aaf8f66f8f9bf?s=96&d=mm&r=g\",\"contentUrl\":\"https:\/\/secure.gravatar.com\/avatar\/b34fc4f4e468a4e51785917065a3db57b841f5c95dba6ad8c73aaf8f66f8f9bf?s=96&d=mm&r=g\",\"caption\":\"Comunica\u00e7\u00e3o PSOL\"}}]}<\/script>\n<!-- \/ Yoast SEO plugin. -->","yoast_head_json":{"title":"Fora Bush do Brasil e da Am\u00e9rica Latina! - PSOL 50","robots":{"index":"index","follow":"follow","max-snippet":"max-snippet:-1","max-image-preview":"max-image-preview:large","max-video-preview":"max-video-preview:-1"},"canonical":"https:\/\/psol50.org.br\/fora-bush-do-brasil-e-da-america-latina\/","og_locale":"pt_BR","og_type":"article","og_title":"Fora Bush do Brasil e da Am\u00e9rica Latina! - PSOL 50","og_description":"Este \u00e9 o chamado do deputado Bab\u00e1 (P-SOL\/RJ), repudiando a visita do mandatario estadounidense, do moderno Hitler, do maior assassino do planeta que visitar\u00e1 nosso pa\u00eds a convite do presidente Lula.","og_url":"https:\/\/psol50.org.br\/fora-bush-do-brasil-e-da-america-latina\/","og_site_name":"PSOL 50","article_publisher":"https:\/\/www.facebook.com\/psol50","article_published_time":"2005-10-13T00:00:00+00:00","og_image":[{"url":"images\/stories\/fotos\/micro051013baba.jpg","type":"","width":"","height":""}],"author":"Comunica\u00e7\u00e3o PSOL","twitter_card":"summary_large_image","twitter_creator":"@psol50","twitter_site":"@psol50","twitter_misc":{"Escrito por":"Comunica\u00e7\u00e3o PSOL","Est. tempo de leitura":"5 minutos"},"schema":{"@context":"https:\/\/schema.org","@graph":[{"@type":"Article","@id":"https:\/\/psol50.org.br\/fora-bush-do-brasil-e-da-america-latina\/#article","isPartOf":{"@id":"https:\/\/psol50.org.br\/fora-bush-do-brasil-e-da-america-latina\/"},"author":{"name":"Comunica\u00e7\u00e3o PSOL","@id":"https:\/\/psol50.org.br\/#\/schema\/person\/475dfa57d0b815993c714c2e96491fcd"},"headline":"Fora Bush do Brasil e da Am\u00e9rica Latina!","datePublished":"2005-10-13T00:00:00+00:00","mainEntityOfPage":{"@id":"https:\/\/psol50.org.br\/fora-bush-do-brasil-e-da-america-latina\/"},"wordCount":1093,"commentCount":0,"publisher":{"@id":"https:\/\/psol50.org.br\/#organization"},"articleSection":["Arquivo"],"inLanguage":"pt-BR","potentialAction":[{"@type":"CommentAction","name":"Comment","target":["https:\/\/psol50.org.br\/fora-bush-do-brasil-e-da-america-latina\/#respond"]}]},{"@type":"WebPage","@id":"https:\/\/psol50.org.br\/fora-bush-do-brasil-e-da-america-latina\/","url":"https:\/\/psol50.org.br\/fora-bush-do-brasil-e-da-america-latina\/","name":"Fora Bush do Brasil e da Am\u00e9rica Latina! - PSOL 50","isPartOf":{"@id":"https:\/\/psol50.org.br\/#website"},"datePublished":"2005-10-13T00:00:00+00:00","breadcrumb":{"@id":"https:\/\/psol50.org.br\/fora-bush-do-brasil-e-da-america-latina\/#breadcrumb"},"inLanguage":"pt-BR","potentialAction":[{"@type":"ReadAction","target":["https:\/\/psol50.org.br\/fora-bush-do-brasil-e-da-america-latina\/"]}]},{"@type":"BreadcrumbList","@id":"https:\/\/psol50.org.br\/fora-bush-do-brasil-e-da-america-latina\/#breadcrumb","itemListElement":[{"@type":"ListItem","position":1,"name":"In\u00edcio","item":"https:\/\/psol50.org.br\/"},{"@type":"ListItem","position":2,"name":"Fora Bush do Brasil e da Am\u00e9rica Latina!"}]},{"@type":"WebSite","@id":"https:\/\/psol50.org.br\/#website","url":"https:\/\/psol50.org.br\/","name":"PSOL 50","description":"Site oficial do Partido Socialismo e Liberdade","publisher":{"@id":"https:\/\/psol50.org.br\/#organization"},"alternateName":"PSOL50","potentialAction":[{"@type":"SearchAction","target":{"@type":"EntryPoint","urlTemplate":"https:\/\/psol50.org.br\/?s={search_term_string}"},"query-input":{"@type":"PropertyValueSpecification","valueRequired":true,"valueName":"search_term_string"}}],"inLanguage":"pt-BR"},{"@type":"Organization","@id":"https:\/\/psol50.org.br\/#organization","name":"PSOL 50","alternateName":"PSOL 50","url":"https:\/\/psol50.org.br\/","logo":{"@type":"ImageObject","inLanguage":"pt-BR","@id":"https:\/\/psol50.org.br\/#\/schema\/logo\/image\/","url":"https:\/\/psol50.org.br\/inc\/uploads\/2018\/07\/capa.png","contentUrl":"https:\/\/psol50.org.br\/inc\/uploads\/2018\/07\/capa.png","width":1350,"height":900,"caption":"PSOL 50"},"image":{"@id":"https:\/\/psol50.org.br\/#\/schema\/logo\/image\/"},"sameAs":["https:\/\/www.facebook.com\/psol50","https:\/\/x.com\/psol50","https:\/\/www.instagram.com\/psol50\/","https:\/\/www.youtube.com\/channel\/UC7SnJS5o1os7a6CaiNabzcg"]},{"@type":"Person","@id":"https:\/\/psol50.org.br\/#\/schema\/person\/475dfa57d0b815993c714c2e96491fcd","name":"Comunica\u00e7\u00e3o PSOL","image":{"@type":"ImageObject","inLanguage":"pt-BR","@id":"https:\/\/psol50.org.br\/#\/schema\/person\/image\/","url":"https:\/\/secure.gravatar.com\/avatar\/b34fc4f4e468a4e51785917065a3db57b841f5c95dba6ad8c73aaf8f66f8f9bf?s=96&d=mm&r=g","contentUrl":"https:\/\/secure.gravatar.com\/avatar\/b34fc4f4e468a4e51785917065a3db57b841f5c95dba6ad8c73aaf8f66f8f9bf?s=96&d=mm&r=g","caption":"Comunica\u00e7\u00e3o PSOL"}}]}},"_links":{"self":[{"href":"https:\/\/psol50.org.br\/rest\/wp\/v2\/posts\/297","targetHints":{"allow":["GET"]}}],"collection":[{"href":"https:\/\/psol50.org.br\/rest\/wp\/v2\/posts"}],"about":[{"href":"https:\/\/psol50.org.br\/rest\/wp\/v2\/types\/post"}],"author":[{"embeddable":true,"href":"https:\/\/psol50.org.br\/rest\/wp\/v2\/users\/2"}],"replies":[{"embeddable":true,"href":"https:\/\/psol50.org.br\/rest\/wp\/v2\/comments?post=297"}],"version-history":[{"count":0,"href":"https:\/\/psol50.org.br\/rest\/wp\/v2\/posts\/297\/revisions"}],"wp:attachment":[{"href":"https:\/\/psol50.org.br\/rest\/wp\/v2\/media?parent=297"}],"wp:term":[{"taxonomy":"category","embeddable":true,"href":"https:\/\/psol50.org.br\/rest\/wp\/v2\/categories?post=297"},{"taxonomy":"post_tag","embeddable":true,"href":"https:\/\/psol50.org.br\/rest\/wp\/v2\/tags?post=297"}],"curies":[{"name":"wp","href":"https:\/\/api.w.org\/{rel}","templated":true}]}}