{"id":29745,"date":"2020-06-24T10:59:25","date_gmt":"2020-06-24T13:59:25","guid":{"rendered":"https:\/\/psol50.org.br\/?p=29745"},"modified":"2020-06-24T10:59:25","modified_gmt":"2020-06-24T13:59:25","slug":"psol-cobra-explicacoes-do-governo-bolsonaro-sobre-denuncias-de-perseguicao-a-jornalistas-na-ebc","status":"publish","type":"post","link":"https:\/\/psol50.org.br\/psol-cobra-explicacoes-do-governo-bolsonaro-sobre-denuncias-de-perseguicao-a-jornalistas-na-ebc\/","title":{"rendered":"PSOL questiona governo Bolsonaro sobre den\u00fancias de persegui\u00e7\u00e3o a jornalistas na EBC"},"content":{"rendered":"<p><a href=\"https:\/\/impeachmentpopular.com.br\/\" target=\"_blank\" rel=\"noopener noreferrer\"><img loading=\"lazy\" decoding=\"async\" class=\"alignnone size-full wp-image-29118\" src=\"https:\/\/psol50.org.br\/inc\/uploads\/2020\/05\/Email_Impeachment.png\" alt=\"\" width=\"1080\" height=\"250\" srcset=\"https:\/\/psol50.org.br\/inc\/uploads\/2020\/05\/Email_Impeachment.png 1080w, https:\/\/psol50.org.br\/inc\/uploads\/2020\/05\/Email_Impeachment-300x69.png 300w, https:\/\/psol50.org.br\/inc\/uploads\/2020\/05\/Email_Impeachment-1024x237.png 1024w, https:\/\/psol50.org.br\/inc\/uploads\/2020\/05\/Email_Impeachment-768x178.png 768w, https:\/\/psol50.org.br\/inc\/uploads\/2020\/05\/Email_Impeachment-150x35.png 150w, https:\/\/psol50.org.br\/inc\/uploads\/2020\/05\/Email_Impeachment-696x161.png 696w, https:\/\/psol50.org.br\/inc\/uploads\/2020\/05\/Email_Impeachment-1068x247.png 1068w\" sizes=\"auto, (max-width: 1080px) 100vw, 1080px\" \/><\/a><\/p>\n<p>O ministro das Comunica\u00e7\u00f5es, F\u00e1bio Faria, e o ministro-chefe da Secretaria de Governo, Luiz Eduardo Ramos, s\u00e3o os destinat\u00e1rios de dois requerimentos de informa\u00e7\u00e3o que a bancada do PSOL na C\u00e2mara protocolou na \u00faltima ter\u00e7a-feira (23) \u00e0 tarde e que buscam esclarecer as den\u00fancias de persegui\u00e7\u00e3o ocorridas dentro da Empresa Brasil de Comunica\u00e7\u00e3o (EBC), vinculada \u00e0s duas pastas.<\/p>\n<p>Entre os fatos recentes est\u00e3o o afastamento de um rep\u00f3rter da EBC e o pedido para que o Facebook exclu\u00edsse um grupo privado formado por funcion\u00e1rios da empresa \u2013 pedido que foi negado pela Justi\u00e7a Federal.<\/p>\n<p>De acordo com reportagem da revista \u00c9poca, um jornalista n\u00e3o identificado da R\u00e1dio Nacional, que cobria o Minist\u00e9rio da Sa\u00fade desde o come\u00e7o da pandemia no pa\u00eds, questionou em 4 de junho sobre os crit\u00e9rios usados para ocupa\u00e7\u00e3o dos cargos comissionados no Minist\u00e9rio da Sa\u00fade e acrescentou a pergunta: \u201cMilitares e empres\u00e1rios sem nenhuma experi\u00eancia em sa\u00fade p\u00fablica ter\u00e3o condi\u00e7\u00f5es de combater a maior pandemia dos \u00faltimos 100 anos?&#8221;.<\/p>\n<p>Uma hora e meia ap\u00f3s enviar a pergunta por Whatsapp num grupo gerenciado pela assessoria de imprensa da pasta, o jornalista recebeu uma mensagem de uma chefe da estatal e foi comunicado que n\u00e3o cobriria mais o minist\u00e9rio. A pergunta nunca chegou a ser respondida.<\/p>\n<p>Entre as v\u00e1rias informa\u00e7\u00f5es solicitadas pelas deputadas e deputados do PSOL, que devem ser respondidas em at\u00e9 30 dias, est\u00e3o: o nome do rep\u00f3rter, de quem partiu a ordem de afastamento e a informa\u00e7\u00e3o sobre se algum ministro de Estado orientou, recomendou, aconselhou, advertiu ou determinou, direta ou indiretamente, o afastamento do rep\u00f3rter da EBC. Tudo devidamente documentado.<\/p>\n<p>O PSOL tamb\u00e9m cobra explica\u00e7\u00f5es sobre relatos de que os profissionais que produziam uma mat\u00e9ria sobre a sa\u00edda do ex-deputado federal Jean Wyllys do Brasil, ap\u00f3s amea\u00e7as de morte que se intensificaram com a elei\u00e7\u00e3o de Bolsonaro, foram censurados pelas chefias da EBC.<\/p>\n<p>Outra den\u00fancia grav\u00edssima, veiculada em 2019 pelo site da Revista \u00c9poca, tamb\u00e9m est\u00e1 entre as justificativas do pedido de esclarecimentos: segundo o texto, \u201cA EBC ordenou aos funcion\u00e1rios que n\u00e3o usassem o termo fuzilamento para falar do assassinato do m\u00fasico Evaldo dos Santos Rosa, que teve o carro fuzilado por 80 tiros de fuzis no domingo, no Rio de Janeiro, por militares\u201d.<\/p>\n","protected":false},"excerpt":{"rendered":"<p>O ministro das Comunica\u00e7\u00f5es, F\u00e1bio Faria, e o ministro-chefe da Secretaria de Governo, Luiz Eduardo Ramos, s\u00e3o os destinat\u00e1rios de dois requerimentos de informa\u00e7\u00e3o que a bancada do PSOL na C\u00e2mara protocolou na \u00faltima ter\u00e7a-feira (23) \u00e0 tarde e que buscam esclarecer as den\u00fancias de persegui\u00e7\u00e3o ocorridas dentro da Empresa Brasil de Comunica\u00e7\u00e3o (EBC), vinculada [&hellip;]<\/p>\n","protected":false},"author":2,"featured_media":29753,"comment_status":"closed","ping_status":"open","sticky":false,"template":"","format":"standard","meta":{"_acf_changed":false,"footnotes":""},"categories":[10,6],"tags":[56,234,731,271,22],"class_list":{"0":"post-29745","1":"post","2":"type-post","3":"status-publish","4":"format-standard","5":"has-post-thumbnail","7":"category-acao-parlamentares","8":"category-noticias","9":"tag-bolsonaro","10":"tag-censura","11":"tag-ebc","12":"tag-perseguicao","13":"tag-psol"},"acf":[],"yoast_head":"<!-- This site is optimized with the Yoast SEO plugin v26.5 - https:\/\/yoast.com\/wordpress\/plugins\/seo\/ -->\n<title>PSOL questiona governo Bolsonaro sobre den\u00fancias de persegui\u00e7\u00e3o a jornalistas na EBC<\/title>\n<meta name=\"description\" content=\"Entre os fatos recentes est\u00e3o o afastamento de um rep\u00f3rter da EBC e o pedido para que o Facebook exclu\u00edsse um grupo de funcion\u00e1rios da empresa.\" \/>\n<meta name=\"robots\" content=\"index, follow, max-snippet:-1, max-image-preview:large, max-video-preview:-1\" \/>\n<link rel=\"canonical\" href=\"https:\/\/psol50.org.br\/psol-cobra-explicacoes-do-governo-bolsonaro-sobre-denuncias-de-perseguicao-a-jornalistas-na-ebc\/\" \/>\n<meta property=\"og:locale\" content=\"pt_BR\" \/>\n<meta property=\"og:type\" content=\"article\" \/>\n<meta property=\"og:title\" content=\"PSOL questiona governo Bolsonaro sobre den\u00fancias de persegui\u00e7\u00e3o a jornalistas na EBC\" \/>\n<meta property=\"og:description\" content=\"Entre os fatos recentes est\u00e3o o afastamento de um rep\u00f3rter da EBC e o pedido para que o Facebook exclu\u00edsse um grupo de funcion\u00e1rios da empresa.\" \/>\n<meta property=\"og:url\" content=\"https:\/\/psol50.org.br\/psol-cobra-explicacoes-do-governo-bolsonaro-sobre-denuncias-de-perseguicao-a-jornalistas-na-ebc\/\" \/>\n<meta property=\"og:site_name\" content=\"PSOL 50\" \/>\n<meta property=\"article:publisher\" content=\"https:\/\/www.facebook.com\/psol50\" \/>\n<meta property=\"article:published_time\" content=\"2020-06-24T13:59:25+00:00\" \/>\n<meta property=\"og:image\" content=\"https:\/\/psol50.org.br\/inc\/uploads\/2020\/06\/image_processing20200201-29235-85i6j7.jpg\" \/>\n\t<meta property=\"og:image:width\" content=\"640\" \/>\n\t<meta property=\"og:image:height\" content=\"426\" \/>\n\t<meta property=\"og:image:type\" content=\"image\/jpeg\" \/>\n<meta name=\"author\" content=\"Comunica\u00e7\u00e3o PSOL\" \/>\n<meta name=\"twitter:card\" content=\"summary_large_image\" \/>\n<meta name=\"twitter:title\" content=\"PSOL questiona governo Bolsonaro sobre den\u00fancias de persegui\u00e7\u00e3o a jornalistas na EBC\" \/>\n<meta name=\"twitter:description\" content=\"Entre os fatos recentes est\u00e3o o afastamento de um rep\u00f3rter da EBC e o pedido para que o Facebook exclu\u00edsse um grupo de funcion\u00e1rios da empresa.\" \/>\n<meta name=\"twitter:image\" content=\"https:\/\/psol50.org.br\/inc\/uploads\/2020\/06\/image_processing20200201-29235-85i6j7.jpg\" \/>\n<meta name=\"twitter:creator\" content=\"@psol50\" \/>\n<meta name=\"twitter:site\" content=\"@psol50\" \/>\n<meta name=\"twitter:label1\" content=\"Escrito por\" \/>\n\t<meta name=\"twitter:data1\" content=\"Comunica\u00e7\u00e3o PSOL\" \/>\n\t<meta name=\"twitter:label2\" content=\"Est. tempo de leitura\" \/>\n\t<meta name=\"twitter:data2\" content=\"2 minutos\" \/>\n<script type=\"application\/ld+json\" class=\"yoast-schema-graph\">{\"@context\":\"https:\/\/schema.org\",\"@graph\":[{\"@type\":\"Article\",\"@id\":\"https:\/\/psol50.org.br\/psol-cobra-explicacoes-do-governo-bolsonaro-sobre-denuncias-de-perseguicao-a-jornalistas-na-ebc\/#article\",\"isPartOf\":{\"@id\":\"https:\/\/psol50.org.br\/psol-cobra-explicacoes-do-governo-bolsonaro-sobre-denuncias-de-perseguicao-a-jornalistas-na-ebc\/\"},\"author\":{\"name\":\"Comunica\u00e7\u00e3o PSOL\",\"@id\":\"https:\/\/psol50.org.br\/#\/schema\/person\/475dfa57d0b815993c714c2e96491fcd\"},\"headline\":\"PSOL questiona governo Bolsonaro sobre den\u00fancias de persegui\u00e7\u00e3o a jornalistas na EBC\",\"datePublished\":\"2020-06-24T13:59:25+00:00\",\"mainEntityOfPage\":{\"@id\":\"https:\/\/psol50.org.br\/psol-cobra-explicacoes-do-governo-bolsonaro-sobre-denuncias-de-perseguicao-a-jornalistas-na-ebc\/\"},\"wordCount\":430,\"publisher\":{\"@id\":\"https:\/\/psol50.org.br\/#organization\"},\"image\":{\"@id\":\"https:\/\/psol50.org.br\/psol-cobra-explicacoes-do-governo-bolsonaro-sobre-denuncias-de-perseguicao-a-jornalistas-na-ebc\/#primaryimage\"},\"thumbnailUrl\":\"https:\/\/psol50.org.br\/inc\/uploads\/2020\/06\/image_processing20200201-29235-85i6j7.jpg\",\"keywords\":[\"Bolsonaro\",\"censura\",\"EBC\",\"persegui\u00e7\u00e3o\",\"PSOL\"],\"articleSection\":[\"A\u00e7\u00e3o Parlamentar\",\"Not\u00edcias\"],\"inLanguage\":\"pt-BR\"},{\"@type\":\"WebPage\",\"@id\":\"https:\/\/psol50.org.br\/psol-cobra-explicacoes-do-governo-bolsonaro-sobre-denuncias-de-perseguicao-a-jornalistas-na-ebc\/\",\"url\":\"https:\/\/psol50.org.br\/psol-cobra-explicacoes-do-governo-bolsonaro-sobre-denuncias-de-perseguicao-a-jornalistas-na-ebc\/\",\"name\":\"PSOL questiona governo Bolsonaro sobre den\u00fancias de persegui\u00e7\u00e3o a jornalistas na EBC\",\"isPartOf\":{\"@id\":\"https:\/\/psol50.org.br\/#website\"},\"primaryImageOfPage\":{\"@id\":\"https:\/\/psol50.org.br\/psol-cobra-explicacoes-do-governo-bolsonaro-sobre-denuncias-de-perseguicao-a-jornalistas-na-ebc\/#primaryimage\"},\"image\":{\"@id\":\"https:\/\/psol50.org.br\/psol-cobra-explicacoes-do-governo-bolsonaro-sobre-denuncias-de-perseguicao-a-jornalistas-na-ebc\/#primaryimage\"},\"thumbnailUrl\":\"https:\/\/psol50.org.br\/inc\/uploads\/2020\/06\/image_processing20200201-29235-85i6j7.jpg\",\"datePublished\":\"2020-06-24T13:59:25+00:00\",\"description\":\"Entre os fatos recentes est\u00e3o o afastamento de um rep\u00f3rter da EBC e o pedido para que o Facebook exclu\u00edsse um grupo de funcion\u00e1rios da empresa.\",\"breadcrumb\":{\"@id\":\"https:\/\/psol50.org.br\/psol-cobra-explicacoes-do-governo-bolsonaro-sobre-denuncias-de-perseguicao-a-jornalistas-na-ebc\/#breadcrumb\"},\"inLanguage\":\"pt-BR\",\"potentialAction\":[{\"@type\":\"ReadAction\",\"target\":[\"https:\/\/psol50.org.br\/psol-cobra-explicacoes-do-governo-bolsonaro-sobre-denuncias-de-perseguicao-a-jornalistas-na-ebc\/\"]}]},{\"@type\":\"ImageObject\",\"inLanguage\":\"pt-BR\",\"@id\":\"https:\/\/psol50.org.br\/psol-cobra-explicacoes-do-governo-bolsonaro-sobre-denuncias-de-perseguicao-a-jornalistas-na-ebc\/#primaryimage\",\"url\":\"https:\/\/psol50.org.br\/inc\/uploads\/2020\/06\/image_processing20200201-29235-85i6j7.jpg\",\"contentUrl\":\"https:\/\/psol50.org.br\/inc\/uploads\/2020\/06\/image_processing20200201-29235-85i6j7.jpg\",\"width\":640,\"height\":426},{\"@type\":\"BreadcrumbList\",\"@id\":\"https:\/\/psol50.org.br\/psol-cobra-explicacoes-do-governo-bolsonaro-sobre-denuncias-de-perseguicao-a-jornalistas-na-ebc\/#breadcrumb\",\"itemListElement\":[{\"@type\":\"ListItem\",\"position\":1,\"name\":\"In\u00edcio\",\"item\":\"https:\/\/psol50.org.br\/\"},{\"@type\":\"ListItem\",\"position\":2,\"name\":\"PSOL questiona governo Bolsonaro sobre den\u00fancias de persegui\u00e7\u00e3o a jornalistas na EBC\"}]},{\"@type\":\"WebSite\",\"@id\":\"https:\/\/psol50.org.br\/#website\",\"url\":\"https:\/\/psol50.org.br\/\",\"name\":\"PSOL 50\",\"description\":\"Site oficial do Partido Socialismo e Liberdade\",\"publisher\":{\"@id\":\"https:\/\/psol50.org.br\/#organization\"},\"alternateName\":\"PSOL50\",\"potentialAction\":[{\"@type\":\"SearchAction\",\"target\":{\"@type\":\"EntryPoint\",\"urlTemplate\":\"https:\/\/psol50.org.br\/?s={search_term_string}\"},\"query-input\":{\"@type\":\"PropertyValueSpecification\",\"valueRequired\":true,\"valueName\":\"search_term_string\"}}],\"inLanguage\":\"pt-BR\"},{\"@type\":\"Organization\",\"@id\":\"https:\/\/psol50.org.br\/#organization\",\"name\":\"PSOL 50\",\"alternateName\":\"PSOL 50\",\"url\":\"https:\/\/psol50.org.br\/\",\"logo\":{\"@type\":\"ImageObject\",\"inLanguage\":\"pt-BR\",\"@id\":\"https:\/\/psol50.org.br\/#\/schema\/logo\/image\/\",\"url\":\"https:\/\/psol50.org.br\/inc\/uploads\/2018\/07\/capa.png\",\"contentUrl\":\"https:\/\/psol50.org.br\/inc\/uploads\/2018\/07\/capa.png\",\"width\":1350,\"height\":900,\"caption\":\"PSOL 50\"},\"image\":{\"@id\":\"https:\/\/psol50.org.br\/#\/schema\/logo\/image\/\"},\"sameAs\":[\"https:\/\/www.facebook.com\/psol50\",\"https:\/\/x.com\/psol50\",\"https:\/\/www.instagram.com\/psol50\/\",\"https:\/\/www.youtube.com\/channel\/UC7SnJS5o1os7a6CaiNabzcg\"]},{\"@type\":\"Person\",\"@id\":\"https:\/\/psol50.org.br\/#\/schema\/person\/475dfa57d0b815993c714c2e96491fcd\",\"name\":\"Comunica\u00e7\u00e3o PSOL\",\"image\":{\"@type\":\"ImageObject\",\"inLanguage\":\"pt-BR\",\"@id\":\"https:\/\/psol50.org.br\/#\/schema\/person\/image\/\",\"url\":\"https:\/\/secure.gravatar.com\/avatar\/b34fc4f4e468a4e51785917065a3db57b841f5c95dba6ad8c73aaf8f66f8f9bf?s=96&d=mm&r=g\",\"contentUrl\":\"https:\/\/secure.gravatar.com\/avatar\/b34fc4f4e468a4e51785917065a3db57b841f5c95dba6ad8c73aaf8f66f8f9bf?s=96&d=mm&r=g\",\"caption\":\"Comunica\u00e7\u00e3o PSOL\"}}]}<\/script>\n<!-- \/ Yoast SEO plugin. -->","yoast_head_json":{"title":"PSOL questiona governo Bolsonaro sobre den\u00fancias de persegui\u00e7\u00e3o a jornalistas na EBC","description":"Entre os fatos recentes est\u00e3o o afastamento de um rep\u00f3rter da EBC e o pedido para que o Facebook exclu\u00edsse um grupo de funcion\u00e1rios da empresa.","robots":{"index":"index","follow":"follow","max-snippet":"max-snippet:-1","max-image-preview":"max-image-preview:large","max-video-preview":"max-video-preview:-1"},"canonical":"https:\/\/psol50.org.br\/psol-cobra-explicacoes-do-governo-bolsonaro-sobre-denuncias-de-perseguicao-a-jornalistas-na-ebc\/","og_locale":"pt_BR","og_type":"article","og_title":"PSOL questiona governo Bolsonaro sobre den\u00fancias de persegui\u00e7\u00e3o a jornalistas na EBC","og_description":"Entre os fatos recentes est\u00e3o o afastamento de um rep\u00f3rter da EBC e o pedido para que o Facebook exclu\u00edsse um grupo de funcion\u00e1rios da empresa.","og_url":"https:\/\/psol50.org.br\/psol-cobra-explicacoes-do-governo-bolsonaro-sobre-denuncias-de-perseguicao-a-jornalistas-na-ebc\/","og_site_name":"PSOL 50","article_publisher":"https:\/\/www.facebook.com\/psol50","article_published_time":"2020-06-24T13:59:25+00:00","og_image":[{"width":640,"height":426,"url":"https:\/\/psol50.org.br\/inc\/uploads\/2020\/06\/image_processing20200201-29235-85i6j7.jpg","type":"image\/jpeg"}],"author":"Comunica\u00e7\u00e3o PSOL","twitter_card":"summary_large_image","twitter_title":"PSOL questiona governo Bolsonaro sobre den\u00fancias de persegui\u00e7\u00e3o a jornalistas na EBC","twitter_description":"Entre os fatos recentes est\u00e3o o afastamento de um rep\u00f3rter da EBC e o pedido para que o Facebook exclu\u00edsse um grupo de funcion\u00e1rios da empresa.","twitter_image":"https:\/\/psol50.org.br\/inc\/uploads\/2020\/06\/image_processing20200201-29235-85i6j7.jpg","twitter_creator":"@psol50","twitter_site":"@psol50","twitter_misc":{"Escrito por":"Comunica\u00e7\u00e3o PSOL","Est. tempo de leitura":"2 minutos"},"schema":{"@context":"https:\/\/schema.org","@graph":[{"@type":"Article","@id":"https:\/\/psol50.org.br\/psol-cobra-explicacoes-do-governo-bolsonaro-sobre-denuncias-de-perseguicao-a-jornalistas-na-ebc\/#article","isPartOf":{"@id":"https:\/\/psol50.org.br\/psol-cobra-explicacoes-do-governo-bolsonaro-sobre-denuncias-de-perseguicao-a-jornalistas-na-ebc\/"},"author":{"name":"Comunica\u00e7\u00e3o PSOL","@id":"https:\/\/psol50.org.br\/#\/schema\/person\/475dfa57d0b815993c714c2e96491fcd"},"headline":"PSOL questiona governo Bolsonaro sobre den\u00fancias de persegui\u00e7\u00e3o a jornalistas na EBC","datePublished":"2020-06-24T13:59:25+00:00","mainEntityOfPage":{"@id":"https:\/\/psol50.org.br\/psol-cobra-explicacoes-do-governo-bolsonaro-sobre-denuncias-de-perseguicao-a-jornalistas-na-ebc\/"},"wordCount":430,"publisher":{"@id":"https:\/\/psol50.org.br\/#organization"},"image":{"@id":"https:\/\/psol50.org.br\/psol-cobra-explicacoes-do-governo-bolsonaro-sobre-denuncias-de-perseguicao-a-jornalistas-na-ebc\/#primaryimage"},"thumbnailUrl":"https:\/\/psol50.org.br\/inc\/uploads\/2020\/06\/image_processing20200201-29235-85i6j7.jpg","keywords":["Bolsonaro","censura","EBC","persegui\u00e7\u00e3o","PSOL"],"articleSection":["A\u00e7\u00e3o Parlamentar","Not\u00edcias"],"inLanguage":"pt-BR"},{"@type":"WebPage","@id":"https:\/\/psol50.org.br\/psol-cobra-explicacoes-do-governo-bolsonaro-sobre-denuncias-de-perseguicao-a-jornalistas-na-ebc\/","url":"https:\/\/psol50.org.br\/psol-cobra-explicacoes-do-governo-bolsonaro-sobre-denuncias-de-perseguicao-a-jornalistas-na-ebc\/","name":"PSOL questiona governo Bolsonaro sobre den\u00fancias de persegui\u00e7\u00e3o a jornalistas na EBC","isPartOf":{"@id":"https:\/\/psol50.org.br\/#website"},"primaryImageOfPage":{"@id":"https:\/\/psol50.org.br\/psol-cobra-explicacoes-do-governo-bolsonaro-sobre-denuncias-de-perseguicao-a-jornalistas-na-ebc\/#primaryimage"},"image":{"@id":"https:\/\/psol50.org.br\/psol-cobra-explicacoes-do-governo-bolsonaro-sobre-denuncias-de-perseguicao-a-jornalistas-na-ebc\/#primaryimage"},"thumbnailUrl":"https:\/\/psol50.org.br\/inc\/uploads\/2020\/06\/image_processing20200201-29235-85i6j7.jpg","datePublished":"2020-06-24T13:59:25+00:00","description":"Entre os fatos recentes est\u00e3o o afastamento de um rep\u00f3rter da EBC e o pedido para que o Facebook exclu\u00edsse um grupo de funcion\u00e1rios da empresa.","breadcrumb":{"@id":"https:\/\/psol50.org.br\/psol-cobra-explicacoes-do-governo-bolsonaro-sobre-denuncias-de-perseguicao-a-jornalistas-na-ebc\/#breadcrumb"},"inLanguage":"pt-BR","potentialAction":[{"@type":"ReadAction","target":["https:\/\/psol50.org.br\/psol-cobra-explicacoes-do-governo-bolsonaro-sobre-denuncias-de-perseguicao-a-jornalistas-na-ebc\/"]}]},{"@type":"ImageObject","inLanguage":"pt-BR","@id":"https:\/\/psol50.org.br\/psol-cobra-explicacoes-do-governo-bolsonaro-sobre-denuncias-de-perseguicao-a-jornalistas-na-ebc\/#primaryimage","url":"https:\/\/psol50.org.br\/inc\/uploads\/2020\/06\/image_processing20200201-29235-85i6j7.jpg","contentUrl":"https:\/\/psol50.org.br\/inc\/uploads\/2020\/06\/image_processing20200201-29235-85i6j7.jpg","width":640,"height":426},{"@type":"BreadcrumbList","@id":"https:\/\/psol50.org.br\/psol-cobra-explicacoes-do-governo-bolsonaro-sobre-denuncias-de-perseguicao-a-jornalistas-na-ebc\/#breadcrumb","itemListElement":[{"@type":"ListItem","position":1,"name":"In\u00edcio","item":"https:\/\/psol50.org.br\/"},{"@type":"ListItem","position":2,"name":"PSOL questiona governo Bolsonaro sobre den\u00fancias de persegui\u00e7\u00e3o a jornalistas na EBC"}]},{"@type":"WebSite","@id":"https:\/\/psol50.org.br\/#website","url":"https:\/\/psol50.org.br\/","name":"PSOL 50","description":"Site oficial do Partido Socialismo e Liberdade","publisher":{"@id":"https:\/\/psol50.org.br\/#organization"},"alternateName":"PSOL50","potentialAction":[{"@type":"SearchAction","target":{"@type":"EntryPoint","urlTemplate":"https:\/\/psol50.org.br\/?s={search_term_string}"},"query-input":{"@type":"PropertyValueSpecification","valueRequired":true,"valueName":"search_term_string"}}],"inLanguage":"pt-BR"},{"@type":"Organization","@id":"https:\/\/psol50.org.br\/#organization","name":"PSOL 50","alternateName":"PSOL 50","url":"https:\/\/psol50.org.br\/","logo":{"@type":"ImageObject","inLanguage":"pt-BR","@id":"https:\/\/psol50.org.br\/#\/schema\/logo\/image\/","url":"https:\/\/psol50.org.br\/inc\/uploads\/2018\/07\/capa.png","contentUrl":"https:\/\/psol50.org.br\/inc\/uploads\/2018\/07\/capa.png","width":1350,"height":900,"caption":"PSOL 50"},"image":{"@id":"https:\/\/psol50.org.br\/#\/schema\/logo\/image\/"},"sameAs":["https:\/\/www.facebook.com\/psol50","https:\/\/x.com\/psol50","https:\/\/www.instagram.com\/psol50\/","https:\/\/www.youtube.com\/channel\/UC7SnJS5o1os7a6CaiNabzcg"]},{"@type":"Person","@id":"https:\/\/psol50.org.br\/#\/schema\/person\/475dfa57d0b815993c714c2e96491fcd","name":"Comunica\u00e7\u00e3o PSOL","image":{"@type":"ImageObject","inLanguage":"pt-BR","@id":"https:\/\/psol50.org.br\/#\/schema\/person\/image\/","url":"https:\/\/secure.gravatar.com\/avatar\/b34fc4f4e468a4e51785917065a3db57b841f5c95dba6ad8c73aaf8f66f8f9bf?s=96&d=mm&r=g","contentUrl":"https:\/\/secure.gravatar.com\/avatar\/b34fc4f4e468a4e51785917065a3db57b841f5c95dba6ad8c73aaf8f66f8f9bf?s=96&d=mm&r=g","caption":"Comunica\u00e7\u00e3o PSOL"}}]}},"_links":{"self":[{"href":"https:\/\/psol50.org.br\/rest\/wp\/v2\/posts\/29745","targetHints":{"allow":["GET"]}}],"collection":[{"href":"https:\/\/psol50.org.br\/rest\/wp\/v2\/posts"}],"about":[{"href":"https:\/\/psol50.org.br\/rest\/wp\/v2\/types\/post"}],"author":[{"embeddable":true,"href":"https:\/\/psol50.org.br\/rest\/wp\/v2\/users\/2"}],"replies":[{"embeddable":true,"href":"https:\/\/psol50.org.br\/rest\/wp\/v2\/comments?post=29745"}],"version-history":[{"count":0,"href":"https:\/\/psol50.org.br\/rest\/wp\/v2\/posts\/29745\/revisions"}],"wp:featuredmedia":[{"embeddable":true,"href":"https:\/\/psol50.org.br\/rest\/wp\/v2\/media\/29753"}],"wp:attachment":[{"href":"https:\/\/psol50.org.br\/rest\/wp\/v2\/media?parent=29745"}],"wp:term":[{"taxonomy":"category","embeddable":true,"href":"https:\/\/psol50.org.br\/rest\/wp\/v2\/categories?post=29745"},{"taxonomy":"post_tag","embeddable":true,"href":"https:\/\/psol50.org.br\/rest\/wp\/v2\/tags?post=29745"}],"curies":[{"name":"wp","href":"https:\/\/api.w.org\/{rel}","templated":true}]}}