{"id":29774,"date":"2020-06-25T14:23:59","date_gmt":"2020-06-25T17:23:59","guid":{"rendered":"https:\/\/psol50.org.br\/?p=29774"},"modified":"2020-06-25T14:23:59","modified_gmt":"2020-06-25T17:23:59","slug":"psol-aciona-a-justica-para-suspender-indicacao-de-weintraub-ao-banco-mundial","status":"publish","type":"post","link":"https:\/\/psol50.org.br\/psol-aciona-a-justica-para-suspender-indicacao-de-weintraub-ao-banco-mundial\/","title":{"rendered":"PSOL aciona a Justi\u00e7a para suspender indica\u00e7\u00e3o de Weintraub ao Banco Mundial"},"content":{"rendered":"<p><a href=\"https:\/\/impeachmentpopular.com.br\/\" target=\"_blank\" rel=\"noopener noreferrer\"><img loading=\"lazy\" decoding=\"async\" class=\"alignnone size-full wp-image-29118\" src=\"https:\/\/psol50.org.br\/inc\/uploads\/2020\/05\/Email_Impeachment.png\" alt=\"\" width=\"1080\" height=\"250\" srcset=\"https:\/\/psol50.org.br\/inc\/uploads\/2020\/05\/Email_Impeachment.png 1080w, https:\/\/psol50.org.br\/inc\/uploads\/2020\/05\/Email_Impeachment-300x69.png 300w, https:\/\/psol50.org.br\/inc\/uploads\/2020\/05\/Email_Impeachment-1024x237.png 1024w, https:\/\/psol50.org.br\/inc\/uploads\/2020\/05\/Email_Impeachment-768x178.png 768w, https:\/\/psol50.org.br\/inc\/uploads\/2020\/05\/Email_Impeachment-150x35.png 150w, https:\/\/psol50.org.br\/inc\/uploads\/2020\/05\/Email_Impeachment-696x161.png 696w, https:\/\/psol50.org.br\/inc\/uploads\/2020\/05\/Email_Impeachment-1068x247.png 1068w\" sizes=\"auto, (max-width: 1080px) 100vw, 1080px\" \/><\/a><\/p>\n<p>O PSOL, atrav\u00e9s do deputado federal Ivan Valente, de S\u00e3o Paulo, pediu \u00e0 Justi\u00e7a Federal que suspenda a indica\u00e7\u00e3o do ex-ministro da Educa\u00e7\u00e3o Abraham Weintraub ao Banco Mundial, assinada por Jair Bolsonaro e Paulo Guedes.<\/p>\n<p>O partido aponta desvio de finalidade e diz que a indica\u00e7\u00e3o n\u00e3o atende a interesses p\u00fablicos, mas pessoais. Cita tamb\u00e9m as duas investiga\u00e7\u00f5es de que Weintraub \u00e9 alvo no STF \u2014 por ter chamado os ministros do STF de vagabundos e por racismo contra chineses \u2014 e o uso de passaporte diplom\u00e1tico de ministros para entrar nos Estados Unidos.<\/p>\n<p>A\u00a0viagem \u00e0s pressas aos EUA foi feita em meio \u00e0s restri\u00e7\u00f5es do governo americano, que proibiu a entrada de brasileiros, com exce\u00e7\u00e3o de autoridades. Weintraub entrou no pa\u00eds ainda como ministro, e ap\u00f3s estar em territ\u00f3rio estrangeiro, foi exonerado da chefia do MEC. Na ter\u00e7a (23), o Planalto retificou o decreto que exonerava o ex-ministro, tornando seu efeito retroativo para o dia 19 de junho \u2013 mesma data em que ele embarcou para os EUA.<\/p>\n<p>\u201cAbraham Weintraub n\u00e3o deve ser considerado apto a ocupar um dos mais altos cargos em um banco internacional multilateral, representando o pa\u00eds cujos valores e normas desrespeitou in\u00fameras vezes\u201d, diz a a\u00e7\u00e3o popular.<\/p>\n<p>A iniciativa se soma a outras j\u00e1 tomadas contra Abraham Weintraub, como uma s\u00e9rie de questionamentos ao governo federal via Lei de Acesso \u00e0 Informa\u00e7\u00e3o para saber se houve participa\u00e7\u00e3o do governo na fuga do ex-ministro da Educa\u00e7\u00e3o para escapar de uma poss\u00edvel pris\u00e3o no Brasil, al\u00e9m de solicitar que o Itamaraty apreenda o passaporte diplom\u00e1tico de Weintraub.<\/p>\n","protected":false},"excerpt":{"rendered":"<p>O PSOL, atrav\u00e9s do deputado federal Ivan Valente, de S\u00e3o Paulo, pediu \u00e0 Justi\u00e7a Federal que suspenda a indica\u00e7\u00e3o do ex-ministro da Educa\u00e7\u00e3o Abraham Weintraub ao Banco Mundial, assinada por Jair Bolsonaro e Paulo Guedes. O partido aponta desvio de finalidade e diz que a indica\u00e7\u00e3o n\u00e3o atende a interesses p\u00fablicos, mas pessoais. Cita tamb\u00e9m [&hellip;]<\/p>\n","protected":false},"author":2,"featured_media":29776,"comment_status":"closed","ping_status":"open","sticky":false,"template":"","format":"standard","meta":{"_acf_changed":false,"footnotes":""},"categories":[10,6],"tags":[676,164,16,552,54,22,93],"class_list":{"0":"post-29774","1":"post","2":"type-post","3":"status-publish","4":"format-standard","5":"has-post-thumbnail","7":"category-acao-parlamentares","8":"category-noticias","9":"tag-banco-mundial","10":"tag-educacao","11":"tag-eua","12":"tag-ivan-valente","13":"tag-justica","14":"tag-psol","15":"tag-weintraub"},"acf":[],"yoast_head":"<!-- This site is optimized with the Yoast SEO plugin v26.5 - https:\/\/yoast.com\/wordpress\/plugins\/seo\/ -->\n<title>PSOL aciona a Justi\u00e7a para suspender indica\u00e7\u00e3o de Weintraub ao Banco Mundial<\/title>\n<meta name=\"description\" content=\"O partido, atrav\u00e9s do deputado Ivan Valente, aponta desvio de finalidade e diz que a indica\u00e7\u00e3o n\u00e3o atende a interesses p\u00fablicos, mas pessoais.\" \/>\n<meta name=\"robots\" content=\"index, follow, max-snippet:-1, max-image-preview:large, max-video-preview:-1\" \/>\n<link rel=\"canonical\" href=\"https:\/\/psol50.org.br\/psol-aciona-a-justica-para-suspender-indicacao-de-weintraub-ao-banco-mundial\/\" \/>\n<meta property=\"og:locale\" content=\"pt_BR\" \/>\n<meta property=\"og:type\" content=\"article\" \/>\n<meta property=\"og:title\" content=\"PSOL aciona a Justi\u00e7a para suspender indica\u00e7\u00e3o de Weintraub ao Banco Mundial\" \/>\n<meta property=\"og:description\" content=\"O partido, atrav\u00e9s do deputado Ivan Valente, aponta desvio de finalidade e diz que a indica\u00e7\u00e3o n\u00e3o atende a interesses p\u00fablicos, mas pessoais.\" \/>\n<meta property=\"og:url\" content=\"https:\/\/psol50.org.br\/psol-aciona-a-justica-para-suspender-indicacao-de-weintraub-ao-banco-mundial\/\" \/>\n<meta property=\"og:site_name\" content=\"PSOL 50\" \/>\n<meta property=\"article:publisher\" content=\"https:\/\/www.facebook.com\/psol50\" \/>\n<meta property=\"article:published_time\" content=\"2020-06-25T17:23:59+00:00\" \/>\n<meta property=\"og:image\" content=\"https:\/\/psol50.org.br\/inc\/uploads\/2020\/06\/abraham.jpg\" \/>\n\t<meta property=\"og:image:width\" content=\"700\" \/>\n\t<meta property=\"og:image:height\" content=\"502\" \/>\n\t<meta property=\"og:image:type\" content=\"image\/jpeg\" \/>\n<meta name=\"author\" content=\"Comunica\u00e7\u00e3o PSOL\" \/>\n<meta name=\"twitter:card\" content=\"summary_large_image\" \/>\n<meta name=\"twitter:title\" content=\"PSOL aciona a Justi\u00e7a para suspender indica\u00e7\u00e3o de Weintraub ao Banco Mundial\" \/>\n<meta name=\"twitter:description\" content=\"O partido, atrav\u00e9s do deputado Ivan Valente, aponta desvio de finalidade e diz que a indica\u00e7\u00e3o n\u00e3o atende a interesses p\u00fablicos, mas pessoais.\" \/>\n<meta name=\"twitter:image\" content=\"https:\/\/psol50.org.br\/inc\/uploads\/2020\/06\/abraham.jpg\" \/>\n<meta name=\"twitter:creator\" content=\"@psol50\" \/>\n<meta name=\"twitter:site\" content=\"@psol50\" \/>\n<meta name=\"twitter:label1\" content=\"Escrito por\" \/>\n\t<meta name=\"twitter:data1\" content=\"Comunica\u00e7\u00e3o PSOL\" \/>\n\t<meta name=\"twitter:label2\" content=\"Est. tempo de leitura\" \/>\n\t<meta name=\"twitter:data2\" content=\"1 minuto\" \/>\n<script type=\"application\/ld+json\" class=\"yoast-schema-graph\">{\"@context\":\"https:\/\/schema.org\",\"@graph\":[{\"@type\":\"Article\",\"@id\":\"https:\/\/psol50.org.br\/psol-aciona-a-justica-para-suspender-indicacao-de-weintraub-ao-banco-mundial\/#article\",\"isPartOf\":{\"@id\":\"https:\/\/psol50.org.br\/psol-aciona-a-justica-para-suspender-indicacao-de-weintraub-ao-banco-mundial\/\"},\"author\":{\"name\":\"Comunica\u00e7\u00e3o PSOL\",\"@id\":\"https:\/\/psol50.org.br\/#\/schema\/person\/475dfa57d0b815993c714c2e96491fcd\"},\"headline\":\"PSOL aciona a Justi\u00e7a para suspender indica\u00e7\u00e3o de Weintraub ao Banco Mundial\",\"datePublished\":\"2020-06-25T17:23:59+00:00\",\"mainEntityOfPage\":{\"@id\":\"https:\/\/psol50.org.br\/psol-aciona-a-justica-para-suspender-indicacao-de-weintraub-ao-banco-mundial\/\"},\"wordCount\":296,\"publisher\":{\"@id\":\"https:\/\/psol50.org.br\/#organization\"},\"image\":{\"@id\":\"https:\/\/psol50.org.br\/psol-aciona-a-justica-para-suspender-indicacao-de-weintraub-ao-banco-mundial\/#primaryimage\"},\"thumbnailUrl\":\"https:\/\/psol50.org.br\/inc\/uploads\/2020\/06\/abraham.jpg\",\"keywords\":[\"banco mundial\",\"Educa\u00e7\u00e3o\",\"EUA\",\"Ivan Valente\",\"justi\u00e7a\",\"PSOL\",\"weintraub\"],\"articleSection\":[\"A\u00e7\u00e3o Parlamentar\",\"Not\u00edcias\"],\"inLanguage\":\"pt-BR\"},{\"@type\":\"WebPage\",\"@id\":\"https:\/\/psol50.org.br\/psol-aciona-a-justica-para-suspender-indicacao-de-weintraub-ao-banco-mundial\/\",\"url\":\"https:\/\/psol50.org.br\/psol-aciona-a-justica-para-suspender-indicacao-de-weintraub-ao-banco-mundial\/\",\"name\":\"PSOL aciona a Justi\u00e7a para suspender indica\u00e7\u00e3o de Weintraub ao Banco Mundial\",\"isPartOf\":{\"@id\":\"https:\/\/psol50.org.br\/#website\"},\"primaryImageOfPage\":{\"@id\":\"https:\/\/psol50.org.br\/psol-aciona-a-justica-para-suspender-indicacao-de-weintraub-ao-banco-mundial\/#primaryimage\"},\"image\":{\"@id\":\"https:\/\/psol50.org.br\/psol-aciona-a-justica-para-suspender-indicacao-de-weintraub-ao-banco-mundial\/#primaryimage\"},\"thumbnailUrl\":\"https:\/\/psol50.org.br\/inc\/uploads\/2020\/06\/abraham.jpg\",\"datePublished\":\"2020-06-25T17:23:59+00:00\",\"description\":\"O partido, atrav\u00e9s do deputado Ivan Valente, aponta desvio de finalidade e diz que a indica\u00e7\u00e3o n\u00e3o atende a interesses p\u00fablicos, mas pessoais.\",\"breadcrumb\":{\"@id\":\"https:\/\/psol50.org.br\/psol-aciona-a-justica-para-suspender-indicacao-de-weintraub-ao-banco-mundial\/#breadcrumb\"},\"inLanguage\":\"pt-BR\",\"potentialAction\":[{\"@type\":\"ReadAction\",\"target\":[\"https:\/\/psol50.org.br\/psol-aciona-a-justica-para-suspender-indicacao-de-weintraub-ao-banco-mundial\/\"]}]},{\"@type\":\"ImageObject\",\"inLanguage\":\"pt-BR\",\"@id\":\"https:\/\/psol50.org.br\/psol-aciona-a-justica-para-suspender-indicacao-de-weintraub-ao-banco-mundial\/#primaryimage\",\"url\":\"https:\/\/psol50.org.br\/inc\/uploads\/2020\/06\/abraham.jpg\",\"contentUrl\":\"https:\/\/psol50.org.br\/inc\/uploads\/2020\/06\/abraham.jpg\",\"width\":700,\"height\":502},{\"@type\":\"BreadcrumbList\",\"@id\":\"https:\/\/psol50.org.br\/psol-aciona-a-justica-para-suspender-indicacao-de-weintraub-ao-banco-mundial\/#breadcrumb\",\"itemListElement\":[{\"@type\":\"ListItem\",\"position\":1,\"name\":\"In\u00edcio\",\"item\":\"https:\/\/psol50.org.br\/\"},{\"@type\":\"ListItem\",\"position\":2,\"name\":\"PSOL aciona a Justi\u00e7a para suspender indica\u00e7\u00e3o de Weintraub ao Banco Mundial\"}]},{\"@type\":\"WebSite\",\"@id\":\"https:\/\/psol50.org.br\/#website\",\"url\":\"https:\/\/psol50.org.br\/\",\"name\":\"PSOL 50\",\"description\":\"Site oficial do Partido Socialismo e Liberdade\",\"publisher\":{\"@id\":\"https:\/\/psol50.org.br\/#organization\"},\"alternateName\":\"PSOL50\",\"potentialAction\":[{\"@type\":\"SearchAction\",\"target\":{\"@type\":\"EntryPoint\",\"urlTemplate\":\"https:\/\/psol50.org.br\/?s={search_term_string}\"},\"query-input\":{\"@type\":\"PropertyValueSpecification\",\"valueRequired\":true,\"valueName\":\"search_term_string\"}}],\"inLanguage\":\"pt-BR\"},{\"@type\":\"Organization\",\"@id\":\"https:\/\/psol50.org.br\/#organization\",\"name\":\"PSOL 50\",\"alternateName\":\"PSOL 50\",\"url\":\"https:\/\/psol50.org.br\/\",\"logo\":{\"@type\":\"ImageObject\",\"inLanguage\":\"pt-BR\",\"@id\":\"https:\/\/psol50.org.br\/#\/schema\/logo\/image\/\",\"url\":\"https:\/\/psol50.org.br\/inc\/uploads\/2018\/07\/capa.png\",\"contentUrl\":\"https:\/\/psol50.org.br\/inc\/uploads\/2018\/07\/capa.png\",\"width\":1350,\"height\":900,\"caption\":\"PSOL 50\"},\"image\":{\"@id\":\"https:\/\/psol50.org.br\/#\/schema\/logo\/image\/\"},\"sameAs\":[\"https:\/\/www.facebook.com\/psol50\",\"https:\/\/x.com\/psol50\",\"https:\/\/www.instagram.com\/psol50\/\",\"https:\/\/www.youtube.com\/channel\/UC7SnJS5o1os7a6CaiNabzcg\"]},{\"@type\":\"Person\",\"@id\":\"https:\/\/psol50.org.br\/#\/schema\/person\/475dfa57d0b815993c714c2e96491fcd\",\"name\":\"Comunica\u00e7\u00e3o PSOL\",\"image\":{\"@type\":\"ImageObject\",\"inLanguage\":\"pt-BR\",\"@id\":\"https:\/\/psol50.org.br\/#\/schema\/person\/image\/\",\"url\":\"https:\/\/secure.gravatar.com\/avatar\/b34fc4f4e468a4e51785917065a3db57b841f5c95dba6ad8c73aaf8f66f8f9bf?s=96&d=mm&r=g\",\"contentUrl\":\"https:\/\/secure.gravatar.com\/avatar\/b34fc4f4e468a4e51785917065a3db57b841f5c95dba6ad8c73aaf8f66f8f9bf?s=96&d=mm&r=g\",\"caption\":\"Comunica\u00e7\u00e3o PSOL\"}}]}<\/script>\n<!-- \/ Yoast SEO plugin. -->","yoast_head_json":{"title":"PSOL aciona a Justi\u00e7a para suspender indica\u00e7\u00e3o de Weintraub ao Banco Mundial","description":"O partido, atrav\u00e9s do deputado Ivan Valente, aponta desvio de finalidade e diz que a indica\u00e7\u00e3o n\u00e3o atende a interesses p\u00fablicos, mas pessoais.","robots":{"index":"index","follow":"follow","max-snippet":"max-snippet:-1","max-image-preview":"max-image-preview:large","max-video-preview":"max-video-preview:-1"},"canonical":"https:\/\/psol50.org.br\/psol-aciona-a-justica-para-suspender-indicacao-de-weintraub-ao-banco-mundial\/","og_locale":"pt_BR","og_type":"article","og_title":"PSOL aciona a Justi\u00e7a para suspender indica\u00e7\u00e3o de Weintraub ao Banco Mundial","og_description":"O partido, atrav\u00e9s do deputado Ivan Valente, aponta desvio de finalidade e diz que a indica\u00e7\u00e3o n\u00e3o atende a interesses p\u00fablicos, mas pessoais.","og_url":"https:\/\/psol50.org.br\/psol-aciona-a-justica-para-suspender-indicacao-de-weintraub-ao-banco-mundial\/","og_site_name":"PSOL 50","article_publisher":"https:\/\/www.facebook.com\/psol50","article_published_time":"2020-06-25T17:23:59+00:00","og_image":[{"width":700,"height":502,"url":"https:\/\/psol50.org.br\/inc\/uploads\/2020\/06\/abraham.jpg","type":"image\/jpeg"}],"author":"Comunica\u00e7\u00e3o PSOL","twitter_card":"summary_large_image","twitter_title":"PSOL aciona a Justi\u00e7a para suspender indica\u00e7\u00e3o de Weintraub ao Banco Mundial","twitter_description":"O partido, atrav\u00e9s do deputado Ivan Valente, aponta desvio de finalidade e diz que a indica\u00e7\u00e3o n\u00e3o atende a interesses p\u00fablicos, mas pessoais.","twitter_image":"https:\/\/psol50.org.br\/inc\/uploads\/2020\/06\/abraham.jpg","twitter_creator":"@psol50","twitter_site":"@psol50","twitter_misc":{"Escrito por":"Comunica\u00e7\u00e3o PSOL","Est. tempo de leitura":"1 minuto"},"schema":{"@context":"https:\/\/schema.org","@graph":[{"@type":"Article","@id":"https:\/\/psol50.org.br\/psol-aciona-a-justica-para-suspender-indicacao-de-weintraub-ao-banco-mundial\/#article","isPartOf":{"@id":"https:\/\/psol50.org.br\/psol-aciona-a-justica-para-suspender-indicacao-de-weintraub-ao-banco-mundial\/"},"author":{"name":"Comunica\u00e7\u00e3o PSOL","@id":"https:\/\/psol50.org.br\/#\/schema\/person\/475dfa57d0b815993c714c2e96491fcd"},"headline":"PSOL aciona a Justi\u00e7a para suspender indica\u00e7\u00e3o de Weintraub ao Banco Mundial","datePublished":"2020-06-25T17:23:59+00:00","mainEntityOfPage":{"@id":"https:\/\/psol50.org.br\/psol-aciona-a-justica-para-suspender-indicacao-de-weintraub-ao-banco-mundial\/"},"wordCount":296,"publisher":{"@id":"https:\/\/psol50.org.br\/#organization"},"image":{"@id":"https:\/\/psol50.org.br\/psol-aciona-a-justica-para-suspender-indicacao-de-weintraub-ao-banco-mundial\/#primaryimage"},"thumbnailUrl":"https:\/\/psol50.org.br\/inc\/uploads\/2020\/06\/abraham.jpg","keywords":["banco mundial","Educa\u00e7\u00e3o","EUA","Ivan Valente","justi\u00e7a","PSOL","weintraub"],"articleSection":["A\u00e7\u00e3o Parlamentar","Not\u00edcias"],"inLanguage":"pt-BR"},{"@type":"WebPage","@id":"https:\/\/psol50.org.br\/psol-aciona-a-justica-para-suspender-indicacao-de-weintraub-ao-banco-mundial\/","url":"https:\/\/psol50.org.br\/psol-aciona-a-justica-para-suspender-indicacao-de-weintraub-ao-banco-mundial\/","name":"PSOL aciona a Justi\u00e7a para suspender indica\u00e7\u00e3o de Weintraub ao Banco Mundial","isPartOf":{"@id":"https:\/\/psol50.org.br\/#website"},"primaryImageOfPage":{"@id":"https:\/\/psol50.org.br\/psol-aciona-a-justica-para-suspender-indicacao-de-weintraub-ao-banco-mundial\/#primaryimage"},"image":{"@id":"https:\/\/psol50.org.br\/psol-aciona-a-justica-para-suspender-indicacao-de-weintraub-ao-banco-mundial\/#primaryimage"},"thumbnailUrl":"https:\/\/psol50.org.br\/inc\/uploads\/2020\/06\/abraham.jpg","datePublished":"2020-06-25T17:23:59+00:00","description":"O partido, atrav\u00e9s do deputado Ivan Valente, aponta desvio de finalidade e diz que a indica\u00e7\u00e3o n\u00e3o atende a interesses p\u00fablicos, mas pessoais.","breadcrumb":{"@id":"https:\/\/psol50.org.br\/psol-aciona-a-justica-para-suspender-indicacao-de-weintraub-ao-banco-mundial\/#breadcrumb"},"inLanguage":"pt-BR","potentialAction":[{"@type":"ReadAction","target":["https:\/\/psol50.org.br\/psol-aciona-a-justica-para-suspender-indicacao-de-weintraub-ao-banco-mundial\/"]}]},{"@type":"ImageObject","inLanguage":"pt-BR","@id":"https:\/\/psol50.org.br\/psol-aciona-a-justica-para-suspender-indicacao-de-weintraub-ao-banco-mundial\/#primaryimage","url":"https:\/\/psol50.org.br\/inc\/uploads\/2020\/06\/abraham.jpg","contentUrl":"https:\/\/psol50.org.br\/inc\/uploads\/2020\/06\/abraham.jpg","width":700,"height":502},{"@type":"BreadcrumbList","@id":"https:\/\/psol50.org.br\/psol-aciona-a-justica-para-suspender-indicacao-de-weintraub-ao-banco-mundial\/#breadcrumb","itemListElement":[{"@type":"ListItem","position":1,"name":"In\u00edcio","item":"https:\/\/psol50.org.br\/"},{"@type":"ListItem","position":2,"name":"PSOL aciona a Justi\u00e7a para suspender indica\u00e7\u00e3o de Weintraub ao Banco Mundial"}]},{"@type":"WebSite","@id":"https:\/\/psol50.org.br\/#website","url":"https:\/\/psol50.org.br\/","name":"PSOL 50","description":"Site oficial do Partido Socialismo e Liberdade","publisher":{"@id":"https:\/\/psol50.org.br\/#organization"},"alternateName":"PSOL50","potentialAction":[{"@type":"SearchAction","target":{"@type":"EntryPoint","urlTemplate":"https:\/\/psol50.org.br\/?s={search_term_string}"},"query-input":{"@type":"PropertyValueSpecification","valueRequired":true,"valueName":"search_term_string"}}],"inLanguage":"pt-BR"},{"@type":"Organization","@id":"https:\/\/psol50.org.br\/#organization","name":"PSOL 50","alternateName":"PSOL 50","url":"https:\/\/psol50.org.br\/","logo":{"@type":"ImageObject","inLanguage":"pt-BR","@id":"https:\/\/psol50.org.br\/#\/schema\/logo\/image\/","url":"https:\/\/psol50.org.br\/inc\/uploads\/2018\/07\/capa.png","contentUrl":"https:\/\/psol50.org.br\/inc\/uploads\/2018\/07\/capa.png","width":1350,"height":900,"caption":"PSOL 50"},"image":{"@id":"https:\/\/psol50.org.br\/#\/schema\/logo\/image\/"},"sameAs":["https:\/\/www.facebook.com\/psol50","https:\/\/x.com\/psol50","https:\/\/www.instagram.com\/psol50\/","https:\/\/www.youtube.com\/channel\/UC7SnJS5o1os7a6CaiNabzcg"]},{"@type":"Person","@id":"https:\/\/psol50.org.br\/#\/schema\/person\/475dfa57d0b815993c714c2e96491fcd","name":"Comunica\u00e7\u00e3o PSOL","image":{"@type":"ImageObject","inLanguage":"pt-BR","@id":"https:\/\/psol50.org.br\/#\/schema\/person\/image\/","url":"https:\/\/secure.gravatar.com\/avatar\/b34fc4f4e468a4e51785917065a3db57b841f5c95dba6ad8c73aaf8f66f8f9bf?s=96&d=mm&r=g","contentUrl":"https:\/\/secure.gravatar.com\/avatar\/b34fc4f4e468a4e51785917065a3db57b841f5c95dba6ad8c73aaf8f66f8f9bf?s=96&d=mm&r=g","caption":"Comunica\u00e7\u00e3o PSOL"}}]}},"_links":{"self":[{"href":"https:\/\/psol50.org.br\/rest\/wp\/v2\/posts\/29774","targetHints":{"allow":["GET"]}}],"collection":[{"href":"https:\/\/psol50.org.br\/rest\/wp\/v2\/posts"}],"about":[{"href":"https:\/\/psol50.org.br\/rest\/wp\/v2\/types\/post"}],"author":[{"embeddable":true,"href":"https:\/\/psol50.org.br\/rest\/wp\/v2\/users\/2"}],"replies":[{"embeddable":true,"href":"https:\/\/psol50.org.br\/rest\/wp\/v2\/comments?post=29774"}],"version-history":[{"count":0,"href":"https:\/\/psol50.org.br\/rest\/wp\/v2\/posts\/29774\/revisions"}],"wp:featuredmedia":[{"embeddable":true,"href":"https:\/\/psol50.org.br\/rest\/wp\/v2\/media\/29776"}],"wp:attachment":[{"href":"https:\/\/psol50.org.br\/rest\/wp\/v2\/media?parent=29774"}],"wp:term":[{"taxonomy":"category","embeddable":true,"href":"https:\/\/psol50.org.br\/rest\/wp\/v2\/categories?post=29774"},{"taxonomy":"post_tag","embeddable":true,"href":"https:\/\/psol50.org.br\/rest\/wp\/v2\/tags?post=29774"}],"curies":[{"name":"wp","href":"https:\/\/api.w.org\/{rel}","templated":true}]}}