{"id":2984,"date":"2014-09-19T00:00:00","date_gmt":"2014-09-19T18:41:09","guid":{"rendered":"http:\/\/psol50.org.br\/arquivo\/2014\/09\/19\/livro-de-fotografo-portugues-retrata-atuacao-de-ditaduras-no-cone-sul-durante-operacao-condor\/"},"modified":"2014-09-19T00:00:00","modified_gmt":"2014-09-19T18:41:09","slug":"livro-de-fotografo-portugues-retrata-atuacao-de-ditaduras-no-cone-sul-durante-operacao-condor","status":"publish","type":"post","link":"https:\/\/psol50.org.br\/livro-de-fotografo-portugues-retrata-atuacao-de-ditaduras-no-cone-sul-durante-operacao-condor\/","title":{"rendered":"Livro de fot\u00f3grafo portugu\u00eas retrata atua\u00e7\u00e3o de ditaduras no Cone Sul durante Opera\u00e7\u00e3o Condor"},"content":{"rendered":"<p style=\"text-align: justify;\">\n\t<span style=\"font-family:arial,helvetica,sans-serif;\"><span style=\"font-size: 12px;\"><em>Do Opera Mundi, Marana Borges\/Lisboa<\/em><\/p>\n<p>\tEm 1973, o chileno de 17 anos Fernando Mora Guti\u00e9rrez ajudou a desatolar um caminh\u00e3o do Ex\u00e9rcito com uma p\u00e1, perto da fronteira com a Argentina. Perguntou para onde os oficiais estavam levando um grupo com 17 homens da vizinhan\u00e7a, que contava com seu pai, Sebasti\u00e1n. Os militares n\u00e3o responderam, mas convocaram o rapaz para acompanh\u00e1-lo. Ele assentiu e subiu no ve\u00edculo.<\/p>\n<p>\tO caminh\u00e3o regressou no dia seguinte para devolver \u00e0 fam\u00edlia somente a p\u00e1 de Fernando. O jovem e os outros homens, trabalhadores sindicalistas da zona madeireira, haviam sido fuzilados pela \u201cCaravana da morte\u201d no que ficaria conhecido como o massacre de Chihu\u00edo, e seus corpos desapareceram. Quem conta a hist\u00f3ria \u00e9 o portugu\u00eas Jo\u00e3o Pina, que conversou e fotografou Alterneriana (ou &#8216;Mar\u00eda&#8217;) Mora, m\u00e3e de Fernando e vi\u00fava de Sebasti\u00e1n, e sua filha Sonia.<\/p>\n<p>\tEste \u00e9 um dos 18 perfis tra\u00e7ados em primeira pessoa e fotografados por Pina. Durante quase uma d\u00e9cada, ele percorreu pa\u00edses da Am\u00e9rica Latina atr\u00e1s do rastro da Opera\u00e7\u00e3o Condor, um plano secreto de exterm\u00ednio a esquerdistas financiado pelos Estados Unidos nos anos 1970 e 1980 e que uniu as ditaduras militares do Cone Sul, deixando um saldo de 60 mil mortos.<\/p>\n<p>\tO projeto, parcialmente financiado por crowdfunding, resultou no livro &#8220;Condor&#8221;, que chega \u00e0s livrarias nesta sexta-feira (19\/09). A obra de 300 p\u00e1ginas traz documentos, depoimentos e fotografias em preto e branco de dezenas de lugares e personagens, todos entrela\u00e7ados por um cuidadoso projeto gr\u00e1fico. Uma exposi\u00e7\u00e3o ampliada do projeto estreia dia 23 de setembro no Pa\u00e7o das Artes, em S\u00e3o Paulo.<\/p>\n<p>\t\u201cA pouca consci\u00eancia coletiva que existe em v\u00e1rios pa\u00edses, como a Bol\u00edvia e o Brasil, faz com que o tema seja muito ignorado, e logo mais complexo de investigar\u201d, afirmou o fot\u00f3grafo de 34 anos a&nbsp;<strong>Opera Mundi<\/strong>. Se a pesquisa \u00e0s vezes esbarrava na burocracia de alguns Estados, do lado das v\u00edtimas sempre houve vontade de falar: \u201cElas querem contar suas hist\u00f3rias\u201d, disse.<\/p>\n<p>\tPina colheu da sua vida pessoal e da paix\u00e3o pela Am\u00e9rica Latina a ideia do livro: \u00e9 neto de militantes do Partido Comunista Portugu\u00eas presos e torturados durante o regime autorit\u00e1rio que governou Portugal por 48 anos. Entre as fa\u00e7anhas do fot\u00f3grafo, esteve a de vasculhar o \u201cArquivo do Horror\u201d, com tr\u00eas toneladas de documentos sobre a Opera\u00e7\u00e3o Condor, incluindo 11 mil fichas de presos. O acervo foi encontrado no Paraguai em 1992 por Mart\u00edn Almada, um dos depoentes do livro.<\/p>\n<p>\tPor acompanhar as v\u00edtimas durante tanto tempo, Pina p\u00f4de acessar lados ainda fr\u00e1geis dessas pessoas: o fosso entre sobreviventes e filhos, desde cedo separados pela pris\u00e3o ou pelos efeitos devastadores da tortura; a atmosfera de medo e as amea\u00e7as an\u00f4nimas que ainda acossam ex-presos e familiares de desaparecidos; e a incessante luta por repara\u00e7\u00e3o hist\u00f3rica.<\/p>\n<p>\tO fato de o coronel da reserva brasileiro Sebasti\u00e3o Rodrigues de Moura, o Curi\u00f3, ser o \u00fanico torturador a falar, talvez mostre algo sobre a situa\u00e7\u00e3o do Brasil. Na Argentina, onde a Lei da Anistia foi revogada, os militares tapam a cara ao fot\u00f3grafo com m\u00e3os e cadernos; no Brasil, Curi\u00f3 posa e olha (de lado) a c\u00e2mara. Ele coordenou o plano contra a Guerrilha do Araguaia, resultando na morte de 59 guerrilheiros.<\/p>\n<p>\tCuri\u00f3 deu o testemunho em casa, localizada em um bairro de classe alta em Bras\u00edlia \u2013 o mesmo bairro onde ele buscou moradia para o ex-ditador paraguaio Alfredo Stroessner, exilado no Brasil por 17 anos. Em mais um sinal da dist\u00e2ncia entre as duas faces da guerrilha, os camponeses brasileiros retratados no livro em imagens ou hist\u00f3rias \u2013 aqueles que apoiaram ou lutaram na guerrilha \u2013 vivem em estado de pen\u00faria financeira, sequelas f\u00edsicas e psicol\u00f3gicas ou em constante medo, sem saber se e quando ter\u00e3o resolvidas suas contas com o passado.<\/p>\n<p>\t<strong><u>Servi\u00e7o<\/u><\/strong><br \/>\n\t<u>\u201cOpera\u00e7\u00e3o Condor\u201d<\/u><br \/>\n\tAbertura: 23 de setembro (ter\u00e7a-feira), \u00e0s 19h &#8211;&nbsp;Mesa-redonda com Jo\u00e3o Pina, Di\u00f3genes Moura, Maurice Politi e Priscila Arantes.<br \/>\n\tVisita\u00e7\u00e3o: at\u00e9 7 de dezembro. Ter\u00e7as a sextas, das 10h \u00e0s 19h, s\u00e1bados, domingos e feriados, das 11h \u00e0s 18h.<br \/>\n\tPa\u00e7o das Artes &#8211; Avenida da Universidade, 1, Cidade Universit\u00e1ria, S\u00e3o Paulo\/SP.<br \/>\n\tInforma\u00e7\u00f5es: (11) 3814-4832.<\/span><\/span><\/p>\n<p>&nbsp;<\/p>\n","protected":false},"excerpt":{"rendered":"<p>Exposi\u00e7\u00e3o no Pa\u00e7o das Artes, em S\u00e3o Paulo, a partir do dia 23, traz imagens da obra, que cont\u00e9m documentos e hist\u00f3rias de v\u00edtimas das a\u00e7\u00f5es autorit\u00e1rias<\/p>\n","protected":false},"author":2,"featured_media":0,"comment_status":"open","ping_status":"open","sticky":false,"template":"","format":"standard","meta":{"_acf_changed":false,"footnotes":""},"categories":[4766,6,4956],"tags":[515,1216,491],"class_list":{"0":"post-2984","1":"post","2":"type-post","3":"status-publish","4":"format-standard","6":"category-arquivo","7":"category-noticias","8":"category-portugal","9":"tag-bloco-de-esquerda","10":"tag-internacional","11":"tag-portugal"},"acf":[],"yoast_head":"<!-- This site is optimized with the Yoast SEO plugin v26.5 - https:\/\/yoast.com\/wordpress\/plugins\/seo\/ -->\n<title>Livro de fot\u00f3grafo portugu\u00eas retrata atua\u00e7\u00e3o de ditaduras no Cone Sul durante Opera\u00e7\u00e3o Condor - PSOL 50<\/title>\n<meta name=\"robots\" content=\"index, follow, max-snippet:-1, max-image-preview:large, max-video-preview:-1\" \/>\n<link rel=\"canonical\" href=\"https:\/\/psol50.org.br\/livro-de-fotografo-portugues-retrata-atuacao-de-ditaduras-no-cone-sul-durante-operacao-condor\/\" \/>\n<meta property=\"og:locale\" content=\"pt_BR\" \/>\n<meta property=\"og:type\" content=\"article\" \/>\n<meta property=\"og:title\" content=\"Livro de fot\u00f3grafo portugu\u00eas retrata atua\u00e7\u00e3o de ditaduras no Cone Sul durante Opera\u00e7\u00e3o Condor - PSOL 50\" \/>\n<meta property=\"og:description\" content=\"Exposi\u00e7\u00e3o no Pa\u00e7o das Artes, em S\u00e3o Paulo, a partir do dia 23, traz imagens da obra, que cont\u00e9m documentos e hist\u00f3rias de v\u00edtimas das a\u00e7\u00f5es autorit\u00e1rias\" \/>\n<meta property=\"og:url\" content=\"https:\/\/psol50.org.br\/livro-de-fotografo-portugues-retrata-atuacao-de-ditaduras-no-cone-sul-durante-operacao-condor\/\" \/>\n<meta property=\"og:site_name\" content=\"PSOL 50\" \/>\n<meta property=\"article:publisher\" content=\"https:\/\/www.facebook.com\/psol50\" \/>\n<meta property=\"article:published_time\" content=\"2014-09-19T18:41:09+00:00\" \/>\n<meta property=\"og:image\" content=\"https:\/\/psol50.org.br\/inc\/uploads\/2018\/07\/capa.png\" \/>\n\t<meta property=\"og:image:width\" content=\"1350\" \/>\n\t<meta property=\"og:image:height\" content=\"900\" \/>\n\t<meta property=\"og:image:type\" content=\"image\/png\" \/>\n<meta name=\"author\" content=\"Comunica\u00e7\u00e3o PSOL\" \/>\n<meta name=\"twitter:card\" content=\"summary_large_image\" \/>\n<meta name=\"twitter:creator\" content=\"@psol50\" \/>\n<meta name=\"twitter:site\" content=\"@psol50\" \/>\n<meta name=\"twitter:label1\" content=\"Escrito por\" \/>\n\t<meta name=\"twitter:data1\" content=\"Comunica\u00e7\u00e3o PSOL\" \/>\n\t<meta name=\"twitter:label2\" content=\"Est. tempo de leitura\" \/>\n\t<meta name=\"twitter:data2\" content=\"4 minutos\" \/>\n<script type=\"application\/ld+json\" class=\"yoast-schema-graph\">{\"@context\":\"https:\/\/schema.org\",\"@graph\":[{\"@type\":\"Article\",\"@id\":\"https:\/\/psol50.org.br\/livro-de-fotografo-portugues-retrata-atuacao-de-ditaduras-no-cone-sul-durante-operacao-condor\/#article\",\"isPartOf\":{\"@id\":\"https:\/\/psol50.org.br\/livro-de-fotografo-portugues-retrata-atuacao-de-ditaduras-no-cone-sul-durante-operacao-condor\/\"},\"author\":{\"name\":\"Comunica\u00e7\u00e3o PSOL\",\"@id\":\"https:\/\/psol50.org.br\/#\/schema\/person\/475dfa57d0b815993c714c2e96491fcd\"},\"headline\":\"Livro de fot\u00f3grafo portugu\u00eas retrata atua\u00e7\u00e3o de ditaduras no Cone Sul durante Opera\u00e7\u00e3o Condor\",\"datePublished\":\"2014-09-19T18:41:09+00:00\",\"mainEntityOfPage\":{\"@id\":\"https:\/\/psol50.org.br\/livro-de-fotografo-portugues-retrata-atuacao-de-ditaduras-no-cone-sul-durante-operacao-condor\/\"},\"wordCount\":761,\"commentCount\":0,\"publisher\":{\"@id\":\"https:\/\/psol50.org.br\/#organization\"},\"keywords\":[\"Bloco de Esquerda\",\"Internacional\",\"Portugal\"],\"articleSection\":[\"Arquivo\",\"Not\u00edcias\",\"Portugal\"],\"inLanguage\":\"pt-BR\",\"potentialAction\":[{\"@type\":\"CommentAction\",\"name\":\"Comment\",\"target\":[\"https:\/\/psol50.org.br\/livro-de-fotografo-portugues-retrata-atuacao-de-ditaduras-no-cone-sul-durante-operacao-condor\/#respond\"]}]},{\"@type\":\"WebPage\",\"@id\":\"https:\/\/psol50.org.br\/livro-de-fotografo-portugues-retrata-atuacao-de-ditaduras-no-cone-sul-durante-operacao-condor\/\",\"url\":\"https:\/\/psol50.org.br\/livro-de-fotografo-portugues-retrata-atuacao-de-ditaduras-no-cone-sul-durante-operacao-condor\/\",\"name\":\"Livro de fot\u00f3grafo portugu\u00eas retrata atua\u00e7\u00e3o de ditaduras no Cone Sul durante Opera\u00e7\u00e3o Condor - PSOL 50\",\"isPartOf\":{\"@id\":\"https:\/\/psol50.org.br\/#website\"},\"datePublished\":\"2014-09-19T18:41:09+00:00\",\"breadcrumb\":{\"@id\":\"https:\/\/psol50.org.br\/livro-de-fotografo-portugues-retrata-atuacao-de-ditaduras-no-cone-sul-durante-operacao-condor\/#breadcrumb\"},\"inLanguage\":\"pt-BR\",\"potentialAction\":[{\"@type\":\"ReadAction\",\"target\":[\"https:\/\/psol50.org.br\/livro-de-fotografo-portugues-retrata-atuacao-de-ditaduras-no-cone-sul-durante-operacao-condor\/\"]}]},{\"@type\":\"BreadcrumbList\",\"@id\":\"https:\/\/psol50.org.br\/livro-de-fotografo-portugues-retrata-atuacao-de-ditaduras-no-cone-sul-durante-operacao-condor\/#breadcrumb\",\"itemListElement\":[{\"@type\":\"ListItem\",\"position\":1,\"name\":\"In\u00edcio\",\"item\":\"https:\/\/psol50.org.br\/\"},{\"@type\":\"ListItem\",\"position\":2,\"name\":\"Livro de fot\u00f3grafo portugu\u00eas retrata atua\u00e7\u00e3o de ditaduras no Cone Sul durante Opera\u00e7\u00e3o Condor\"}]},{\"@type\":\"WebSite\",\"@id\":\"https:\/\/psol50.org.br\/#website\",\"url\":\"https:\/\/psol50.org.br\/\",\"name\":\"PSOL 50\",\"description\":\"Site oficial do Partido Socialismo e Liberdade\",\"publisher\":{\"@id\":\"https:\/\/psol50.org.br\/#organization\"},\"alternateName\":\"PSOL50\",\"potentialAction\":[{\"@type\":\"SearchAction\",\"target\":{\"@type\":\"EntryPoint\",\"urlTemplate\":\"https:\/\/psol50.org.br\/?s={search_term_string}\"},\"query-input\":{\"@type\":\"PropertyValueSpecification\",\"valueRequired\":true,\"valueName\":\"search_term_string\"}}],\"inLanguage\":\"pt-BR\"},{\"@type\":\"Organization\",\"@id\":\"https:\/\/psol50.org.br\/#organization\",\"name\":\"PSOL 50\",\"alternateName\":\"PSOL 50\",\"url\":\"https:\/\/psol50.org.br\/\",\"logo\":{\"@type\":\"ImageObject\",\"inLanguage\":\"pt-BR\",\"@id\":\"https:\/\/psol50.org.br\/#\/schema\/logo\/image\/\",\"url\":\"https:\/\/psol50.org.br\/inc\/uploads\/2018\/07\/capa.png\",\"contentUrl\":\"https:\/\/psol50.org.br\/inc\/uploads\/2018\/07\/capa.png\",\"width\":1350,\"height\":900,\"caption\":\"PSOL 50\"},\"image\":{\"@id\":\"https:\/\/psol50.org.br\/#\/schema\/logo\/image\/\"},\"sameAs\":[\"https:\/\/www.facebook.com\/psol50\",\"https:\/\/x.com\/psol50\",\"https:\/\/www.instagram.com\/psol50\/\",\"https:\/\/www.youtube.com\/channel\/UC7SnJS5o1os7a6CaiNabzcg\"]},{\"@type\":\"Person\",\"@id\":\"https:\/\/psol50.org.br\/#\/schema\/person\/475dfa57d0b815993c714c2e96491fcd\",\"name\":\"Comunica\u00e7\u00e3o PSOL\",\"image\":{\"@type\":\"ImageObject\",\"inLanguage\":\"pt-BR\",\"@id\":\"https:\/\/psol50.org.br\/#\/schema\/person\/image\/\",\"url\":\"https:\/\/secure.gravatar.com\/avatar\/b34fc4f4e468a4e51785917065a3db57b841f5c95dba6ad8c73aaf8f66f8f9bf?s=96&d=mm&r=g\",\"contentUrl\":\"https:\/\/secure.gravatar.com\/avatar\/b34fc4f4e468a4e51785917065a3db57b841f5c95dba6ad8c73aaf8f66f8f9bf?s=96&d=mm&r=g\",\"caption\":\"Comunica\u00e7\u00e3o PSOL\"}}]}<\/script>\n<!-- \/ Yoast SEO plugin. -->","yoast_head_json":{"title":"Livro de fot\u00f3grafo portugu\u00eas retrata atua\u00e7\u00e3o de ditaduras no Cone Sul durante Opera\u00e7\u00e3o Condor - PSOL 50","robots":{"index":"index","follow":"follow","max-snippet":"max-snippet:-1","max-image-preview":"max-image-preview:large","max-video-preview":"max-video-preview:-1"},"canonical":"https:\/\/psol50.org.br\/livro-de-fotografo-portugues-retrata-atuacao-de-ditaduras-no-cone-sul-durante-operacao-condor\/","og_locale":"pt_BR","og_type":"article","og_title":"Livro de fot\u00f3grafo portugu\u00eas retrata atua\u00e7\u00e3o de ditaduras no Cone Sul durante Opera\u00e7\u00e3o Condor - PSOL 50","og_description":"Exposi\u00e7\u00e3o no Pa\u00e7o das Artes, em S\u00e3o Paulo, a partir do dia 23, traz imagens da obra, que cont\u00e9m documentos e hist\u00f3rias de v\u00edtimas das a\u00e7\u00f5es autorit\u00e1rias","og_url":"https:\/\/psol50.org.br\/livro-de-fotografo-portugues-retrata-atuacao-de-ditaduras-no-cone-sul-durante-operacao-condor\/","og_site_name":"PSOL 50","article_publisher":"https:\/\/www.facebook.com\/psol50","article_published_time":"2014-09-19T18:41:09+00:00","og_image":[{"width":1350,"height":900,"url":"https:\/\/psol50.org.br\/inc\/uploads\/2018\/07\/capa.png","type":"image\/png"}],"author":"Comunica\u00e7\u00e3o PSOL","twitter_card":"summary_large_image","twitter_creator":"@psol50","twitter_site":"@psol50","twitter_misc":{"Escrito por":"Comunica\u00e7\u00e3o PSOL","Est. tempo de leitura":"4 minutos"},"schema":{"@context":"https:\/\/schema.org","@graph":[{"@type":"Article","@id":"https:\/\/psol50.org.br\/livro-de-fotografo-portugues-retrata-atuacao-de-ditaduras-no-cone-sul-durante-operacao-condor\/#article","isPartOf":{"@id":"https:\/\/psol50.org.br\/livro-de-fotografo-portugues-retrata-atuacao-de-ditaduras-no-cone-sul-durante-operacao-condor\/"},"author":{"name":"Comunica\u00e7\u00e3o PSOL","@id":"https:\/\/psol50.org.br\/#\/schema\/person\/475dfa57d0b815993c714c2e96491fcd"},"headline":"Livro de fot\u00f3grafo portugu\u00eas retrata atua\u00e7\u00e3o de ditaduras no Cone Sul durante Opera\u00e7\u00e3o Condor","datePublished":"2014-09-19T18:41:09+00:00","mainEntityOfPage":{"@id":"https:\/\/psol50.org.br\/livro-de-fotografo-portugues-retrata-atuacao-de-ditaduras-no-cone-sul-durante-operacao-condor\/"},"wordCount":761,"commentCount":0,"publisher":{"@id":"https:\/\/psol50.org.br\/#organization"},"keywords":["Bloco de Esquerda","Internacional","Portugal"],"articleSection":["Arquivo","Not\u00edcias","Portugal"],"inLanguage":"pt-BR","potentialAction":[{"@type":"CommentAction","name":"Comment","target":["https:\/\/psol50.org.br\/livro-de-fotografo-portugues-retrata-atuacao-de-ditaduras-no-cone-sul-durante-operacao-condor\/#respond"]}]},{"@type":"WebPage","@id":"https:\/\/psol50.org.br\/livro-de-fotografo-portugues-retrata-atuacao-de-ditaduras-no-cone-sul-durante-operacao-condor\/","url":"https:\/\/psol50.org.br\/livro-de-fotografo-portugues-retrata-atuacao-de-ditaduras-no-cone-sul-durante-operacao-condor\/","name":"Livro de fot\u00f3grafo portugu\u00eas retrata atua\u00e7\u00e3o de ditaduras no Cone Sul durante Opera\u00e7\u00e3o Condor - PSOL 50","isPartOf":{"@id":"https:\/\/psol50.org.br\/#website"},"datePublished":"2014-09-19T18:41:09+00:00","breadcrumb":{"@id":"https:\/\/psol50.org.br\/livro-de-fotografo-portugues-retrata-atuacao-de-ditaduras-no-cone-sul-durante-operacao-condor\/#breadcrumb"},"inLanguage":"pt-BR","potentialAction":[{"@type":"ReadAction","target":["https:\/\/psol50.org.br\/livro-de-fotografo-portugues-retrata-atuacao-de-ditaduras-no-cone-sul-durante-operacao-condor\/"]}]},{"@type":"BreadcrumbList","@id":"https:\/\/psol50.org.br\/livro-de-fotografo-portugues-retrata-atuacao-de-ditaduras-no-cone-sul-durante-operacao-condor\/#breadcrumb","itemListElement":[{"@type":"ListItem","position":1,"name":"In\u00edcio","item":"https:\/\/psol50.org.br\/"},{"@type":"ListItem","position":2,"name":"Livro de fot\u00f3grafo portugu\u00eas retrata atua\u00e7\u00e3o de ditaduras no Cone Sul durante Opera\u00e7\u00e3o Condor"}]},{"@type":"WebSite","@id":"https:\/\/psol50.org.br\/#website","url":"https:\/\/psol50.org.br\/","name":"PSOL 50","description":"Site oficial do Partido Socialismo e Liberdade","publisher":{"@id":"https:\/\/psol50.org.br\/#organization"},"alternateName":"PSOL50","potentialAction":[{"@type":"SearchAction","target":{"@type":"EntryPoint","urlTemplate":"https:\/\/psol50.org.br\/?s={search_term_string}"},"query-input":{"@type":"PropertyValueSpecification","valueRequired":true,"valueName":"search_term_string"}}],"inLanguage":"pt-BR"},{"@type":"Organization","@id":"https:\/\/psol50.org.br\/#organization","name":"PSOL 50","alternateName":"PSOL 50","url":"https:\/\/psol50.org.br\/","logo":{"@type":"ImageObject","inLanguage":"pt-BR","@id":"https:\/\/psol50.org.br\/#\/schema\/logo\/image\/","url":"https:\/\/psol50.org.br\/inc\/uploads\/2018\/07\/capa.png","contentUrl":"https:\/\/psol50.org.br\/inc\/uploads\/2018\/07\/capa.png","width":1350,"height":900,"caption":"PSOL 50"},"image":{"@id":"https:\/\/psol50.org.br\/#\/schema\/logo\/image\/"},"sameAs":["https:\/\/www.facebook.com\/psol50","https:\/\/x.com\/psol50","https:\/\/www.instagram.com\/psol50\/","https:\/\/www.youtube.com\/channel\/UC7SnJS5o1os7a6CaiNabzcg"]},{"@type":"Person","@id":"https:\/\/psol50.org.br\/#\/schema\/person\/475dfa57d0b815993c714c2e96491fcd","name":"Comunica\u00e7\u00e3o PSOL","image":{"@type":"ImageObject","inLanguage":"pt-BR","@id":"https:\/\/psol50.org.br\/#\/schema\/person\/image\/","url":"https:\/\/secure.gravatar.com\/avatar\/b34fc4f4e468a4e51785917065a3db57b841f5c95dba6ad8c73aaf8f66f8f9bf?s=96&d=mm&r=g","contentUrl":"https:\/\/secure.gravatar.com\/avatar\/b34fc4f4e468a4e51785917065a3db57b841f5c95dba6ad8c73aaf8f66f8f9bf?s=96&d=mm&r=g","caption":"Comunica\u00e7\u00e3o PSOL"}}]}},"_links":{"self":[{"href":"https:\/\/psol50.org.br\/rest\/wp\/v2\/posts\/2984","targetHints":{"allow":["GET"]}}],"collection":[{"href":"https:\/\/psol50.org.br\/rest\/wp\/v2\/posts"}],"about":[{"href":"https:\/\/psol50.org.br\/rest\/wp\/v2\/types\/post"}],"author":[{"embeddable":true,"href":"https:\/\/psol50.org.br\/rest\/wp\/v2\/users\/2"}],"replies":[{"embeddable":true,"href":"https:\/\/psol50.org.br\/rest\/wp\/v2\/comments?post=2984"}],"version-history":[{"count":0,"href":"https:\/\/psol50.org.br\/rest\/wp\/v2\/posts\/2984\/revisions"}],"wp:attachment":[{"href":"https:\/\/psol50.org.br\/rest\/wp\/v2\/media?parent=2984"}],"wp:term":[{"taxonomy":"category","embeddable":true,"href":"https:\/\/psol50.org.br\/rest\/wp\/v2\/categories?post=2984"},{"taxonomy":"post_tag","embeddable":true,"href":"https:\/\/psol50.org.br\/rest\/wp\/v2\/tags?post=2984"}],"curies":[{"name":"wp","href":"https:\/\/api.w.org\/{rel}","templated":true}]}}