{"id":2985,"date":"2014-09-23T00:00:00","date_gmt":"2014-09-23T15:52:58","guid":{"rendered":"http:\/\/psol50.org.br\/arquivo\/2014\/09\/23\/luciana-genro-lanca-hoje-programa-de-governo-do-psol-em-sao-paulo\/"},"modified":"2014-09-23T00:00:00","modified_gmt":"2014-09-23T15:52:58","slug":"luciana-genro-lanca-hoje-programa-de-governo-do-psol-em-sao-paulo","status":"publish","type":"post","link":"https:\/\/psol50.org.br\/luciana-genro-lanca-hoje-programa-de-governo-do-psol-em-sao-paulo\/","title":{"rendered":"Luciana Genro lan\u00e7a hoje Programa de Governo do PSOL, em S\u00e3o Paulo"},"content":{"rendered":"<p style=\"margin-left: 0.1cm; margin-bottom: 0cm; text-align: justify;\">\n\t<span style=\"font-size:12px;\"><font face=\"Arial, sans-serif\">Por <em>Reda\u00e7\u00e3o #Equipe50<\/em><\/p>\n<p>\tA candidata do PSOL \u00e0 Presid\u00eancia da Rep\u00fablica, Luciana Genro, oficializar\u00e1 o lan\u00e7amento de seu Programa de Governo nesta ter\u00e7a-feira (23), em S\u00e3o Paulo. O evento ser\u00e1 \u00e0s 16h no Hotel S\u00e3o Paulo Inn, no centro de capital paulista. O documento ser\u00e1 apresentado pela pr\u00f3pria candidata, pelo coordenador Geral da Campanha, Luiz Ara\u00fajo, e pelo coordenador de Programa de Governo, Maur\u00edcio Costa. O professor da USP, Vladimir Safatle, tamb\u00e9m estar\u00e1 presente.<\/font><\/p>\n<p>\t<font face=\"Arial, sans-serif\">At\u00e9 o momento nem Dilma Rousseff (PT) nem A\u00e9cio Neves (PSDB) d\u00e3o sinal de quando tornar\u00e3o p\u00fablico seus planos de governo. O programa de Marina Silva (PSB), publicado h\u00e1 algumas semanas, foi modificado 24 horas depois, ap\u00f3s press\u00e3o de representantes da ala mais reacion\u00e1ria da pol\u00edtica, como o pastor Silas Malafaia. O texto, que inicialmente apoiava propostas em defesa do casamento civil igualit\u00e1rio, foi substitu\u00eddo por propostas gen\u00e9ricas em defesa dos direitos humanos.<\/font><\/span><\/p>\n<p>\t<span style=\"font-size:12px;\"><font face=\"Arial, sans-serif\">O Programa de Governo de Luciana Genro foi constru\u00eddo por movimentos sociais, intelectuais, setoriais do PSOL e diversos segmentos da sociedade civil. Semin\u00e1rios program\u00e1ticos organizados pela Funda\u00e7\u00e3o Lauro Campos, coordenados por Luciana Genro e pela dirigente partid\u00e1ria e ex-deputada federal, Maninha, foram o ponto de partida. Os encontros realizados em dez cidades brasileiras, contaram com nomes como L\u00facio Gregori, especialista em mobilidade urbana.<\/font><\/span><\/p>\n<p>\t<span style=\"font-size:12px;\"><font face=\"Arial, sans-serif\">O PSOL tamb\u00e9m colheu apoios da sociedade via internet, atrav\u00e9s da <a href=\"http:\/\/plataforma50.com.br\/site\/\" target=\"_blank\" rel=\"noopener\">Plataforma 50<\/a>, que recebeu quase 200 contribui\u00e7\u00f5es de cidad\u00e3os de todo o Brasil. O mandato do deputado federal Ivan Valente (PSOL-SP) apresentou contribui\u00e7\u00f5es substanciais no tema da Educa\u00e7\u00e3o. As propostas para a popula\u00e7\u00e3o LGBT tiveram contribui\u00e7\u00f5es do deputado federal Jean Wyllys (PSOL-RJ). O Greenpeace colaborou nos programas de mobilidade urbana e meio ambiente. Para o eixo de habita\u00e7\u00e3o, Luciana incorporou bandeiras do MTST (Movimento dos Trabalhadores Sem Teto). J\u00e1 o programa de reforma pol\u00edtica foi constru\u00eddo a partir de propostas do deputado Chico Alencar (PSOL- RJ), da Coaliz\u00e3o Democr\u00e1tica por Elei\u00e7\u00f5es Limpas e da Plataforma dos Movimentos Sociais pela Reforma Pol\u00edtica.<\/font><\/span><\/p>\n<p>\t<span style=\"font-size:12px;\"><font face=\"Arial, sans-serif\"><strong>Entre Elas<\/strong><\/font><\/span><br \/>\n\t<span style=\"font-size:12px;\"><font face=\"Arial, sans-serif\">Depois do lan\u00e7amento do Programa de Governo, Luciana tem encontro marcado com artistas, intelectuais e blogueiras feministas. Ser\u00e1 realizado no Espa\u00e7o Cult o Entre Elas: o protagonismo das mulheres em pauta. Desde o come\u00e7o da campanha, a presidenci\u00e1vel do PSOL tem defendido a igualdade salarial entre homens e mulheres, o aumento de vagas em creches, a descriminaliza\u00e7\u00e3o do aborto, o parto humanizado, o direito das LGBTs (l\u00e9sbicas, gays, bissexuais, travestis, transg\u00eaneros e transexuais) e a autonomia das mulheres, todas pautas hist\u00f3ricas dos movimentos sociais feministas. Entre as convidadas que j\u00e1 confirmaram presen\u00e7a, est\u00e3o a cantora e compositora, Marina Lima, a fil\u00f3sofa Marcia Tiburi e a escritora Clara Averbuck. O objetivo do encontro \u00e9 dar destaque \u00e0 pauta feminista e \u00e0 defesa do protagonismo das mulheres na pol\u00edtica.<\/font><\/span><\/p>\n<p>\t<span style=\"font-size:12px;\"><font face=\"Arial, sans-serif\"><strong>Mais informa\u00e7\u00f5es<\/strong><\/font><\/span><br \/>\n\t<span style=\"font-size:12px;\"><strong><font face=\"Arial, sans-serif\">Lan\u00e7amento do Programa de Governo da candidatura de Luciana Genro<\/font><\/strong><br \/>\n\t<font face=\"Arial, sans-serif\">Data: 23\/09\/2014<br \/>\n\tHor\u00e1rio: 16h<br \/>\n\tLocal: Hotel S\u00e3o Paulo Inn \u2013 Largo Santa Ifig\u00eania, 44, Centro, S\u00e3o Paulo<\/font><\/span><\/p>\n<p style=\"margin-left: 0.1cm; margin-bottom: 0cm; text-align: justify;\">\n\t<span style=\"font-size:12px;\"><strong><font face=\"Arial, sans-serif\">Entre Elas: Uma conversa com Luciana Genro<\/font><\/strong><br \/>\n\t<font face=\"Arial, sans-serif\">Data: 23\/09\/2014<br \/>\n\tHor\u00e1rio: 18h30<br \/>\n\tLocal: Espa\u00e7o Revista Cult \u2013 Rua Aspicuelta, 99, Vila Madalena, S\u00e3o Paulo<\/font><\/span><br \/>\n\t&nbsp;<\/p>\n","protected":false},"excerpt":{"rendered":"<p>Por Reda\u00e7\u00e3o #Equipe50 A candidata do PSOL \u00e0 Presid\u00eancia da Rep\u00fablica, Luciana Genro, oficializar\u00e1 o lan\u00e7amento de seu Programa de Governo nesta ter\u00e7a-feira (23), em S\u00e3o Paulo. O evento ser\u00e1 \u00e0s 16h no Hotel S\u00e3o Paulo Inn, no centro de capital paulista. O documento ser\u00e1 apresentado pela pr\u00f3pria candidata, pelo coordenador Geral da Campanha, Luiz [&hellip;]<\/p>\n","protected":false},"author":2,"featured_media":0,"comment_status":"open","ping_status":"open","sticky":false,"template":"","format":"standard","meta":{"_acf_changed":false,"footnotes":""},"categories":[4766,4960,6],"tags":[2506,22],"class_list":{"0":"post-2985","1":"post","2":"type-post","3":"status-publish","4":"format-standard","6":"category-arquivo","7":"category-eleicoes-2014","8":"category-noticias","9":"tag-eleicoes-2014","10":"tag-psol"},"acf":[],"yoast_head":"<!-- This site is optimized with the Yoast SEO plugin v26.5 - https:\/\/yoast.com\/wordpress\/plugins\/seo\/ -->\n<title>Luciana Genro lan\u00e7a hoje Programa de Governo do PSOL, em S\u00e3o Paulo - PSOL 50<\/title>\n<meta name=\"robots\" content=\"index, follow, max-snippet:-1, max-image-preview:large, max-video-preview:-1\" \/>\n<link rel=\"canonical\" href=\"https:\/\/psol50.org.br\/luciana-genro-lanca-hoje-programa-de-governo-do-psol-em-sao-paulo\/\" \/>\n<meta property=\"og:locale\" content=\"pt_BR\" \/>\n<meta property=\"og:type\" content=\"article\" \/>\n<meta property=\"og:title\" content=\"Luciana Genro lan\u00e7a hoje Programa de Governo do PSOL, em S\u00e3o Paulo - PSOL 50\" \/>\n<meta property=\"og:description\" content=\"Por Reda\u00e7\u00e3o #Equipe50 A candidata do PSOL \u00e0 Presid\u00eancia da Rep\u00fablica, Luciana Genro, oficializar\u00e1 o lan\u00e7amento de seu Programa de Governo nesta ter\u00e7a-feira (23), em S\u00e3o Paulo. O evento ser\u00e1 \u00e0s 16h no Hotel S\u00e3o Paulo Inn, no centro de capital paulista. O documento ser\u00e1 apresentado pela pr\u00f3pria candidata, pelo coordenador Geral da Campanha, Luiz [&hellip;]\" \/>\n<meta property=\"og:url\" content=\"https:\/\/psol50.org.br\/luciana-genro-lanca-hoje-programa-de-governo-do-psol-em-sao-paulo\/\" \/>\n<meta property=\"og:site_name\" content=\"PSOL 50\" \/>\n<meta property=\"article:publisher\" content=\"https:\/\/www.facebook.com\/psol50\" \/>\n<meta property=\"article:published_time\" content=\"2014-09-23T15:52:58+00:00\" \/>\n<meta property=\"og:image\" content=\"https:\/\/psol50.org.br\/inc\/uploads\/2018\/07\/capa.png\" \/>\n\t<meta property=\"og:image:width\" content=\"1350\" \/>\n\t<meta property=\"og:image:height\" content=\"900\" \/>\n\t<meta property=\"og:image:type\" content=\"image\/png\" \/>\n<meta name=\"author\" content=\"Comunica\u00e7\u00e3o PSOL\" \/>\n<meta name=\"twitter:card\" content=\"summary_large_image\" \/>\n<meta name=\"twitter:creator\" content=\"@psol50\" \/>\n<meta name=\"twitter:site\" content=\"@psol50\" \/>\n<meta name=\"twitter:label1\" content=\"Escrito por\" \/>\n\t<meta name=\"twitter:data1\" content=\"Comunica\u00e7\u00e3o PSOL\" \/>\n\t<meta name=\"twitter:label2\" content=\"Est. tempo de leitura\" \/>\n\t<meta name=\"twitter:data2\" content=\"3 minutos\" \/>\n<script type=\"application\/ld+json\" class=\"yoast-schema-graph\">{\"@context\":\"https:\/\/schema.org\",\"@graph\":[{\"@type\":\"Article\",\"@id\":\"https:\/\/psol50.org.br\/luciana-genro-lanca-hoje-programa-de-governo-do-psol-em-sao-paulo\/#article\",\"isPartOf\":{\"@id\":\"https:\/\/psol50.org.br\/luciana-genro-lanca-hoje-programa-de-governo-do-psol-em-sao-paulo\/\"},\"author\":{\"name\":\"Comunica\u00e7\u00e3o PSOL\",\"@id\":\"https:\/\/psol50.org.br\/#\/schema\/person\/475dfa57d0b815993c714c2e96491fcd\"},\"headline\":\"Luciana Genro lan\u00e7a hoje Programa de Governo do PSOL, em S\u00e3o Paulo\",\"datePublished\":\"2014-09-23T15:52:58+00:00\",\"mainEntityOfPage\":{\"@id\":\"https:\/\/psol50.org.br\/luciana-genro-lanca-hoje-programa-de-governo-do-psol-em-sao-paulo\/\"},\"wordCount\":568,\"commentCount\":0,\"publisher\":{\"@id\":\"https:\/\/psol50.org.br\/#organization\"},\"keywords\":[\"elei\u00e7\u00f5es 2014\",\"PSOL\"],\"articleSection\":[\"Arquivo\",\"ELEI\u00c7\u00d5ES 2014\",\"Not\u00edcias\"],\"inLanguage\":\"pt-BR\",\"potentialAction\":[{\"@type\":\"CommentAction\",\"name\":\"Comment\",\"target\":[\"https:\/\/psol50.org.br\/luciana-genro-lanca-hoje-programa-de-governo-do-psol-em-sao-paulo\/#respond\"]}]},{\"@type\":\"WebPage\",\"@id\":\"https:\/\/psol50.org.br\/luciana-genro-lanca-hoje-programa-de-governo-do-psol-em-sao-paulo\/\",\"url\":\"https:\/\/psol50.org.br\/luciana-genro-lanca-hoje-programa-de-governo-do-psol-em-sao-paulo\/\",\"name\":\"Luciana Genro lan\u00e7a hoje Programa de Governo do PSOL, em S\u00e3o Paulo - PSOL 50\",\"isPartOf\":{\"@id\":\"https:\/\/psol50.org.br\/#website\"},\"datePublished\":\"2014-09-23T15:52:58+00:00\",\"breadcrumb\":{\"@id\":\"https:\/\/psol50.org.br\/luciana-genro-lanca-hoje-programa-de-governo-do-psol-em-sao-paulo\/#breadcrumb\"},\"inLanguage\":\"pt-BR\",\"potentialAction\":[{\"@type\":\"ReadAction\",\"target\":[\"https:\/\/psol50.org.br\/luciana-genro-lanca-hoje-programa-de-governo-do-psol-em-sao-paulo\/\"]}]},{\"@type\":\"BreadcrumbList\",\"@id\":\"https:\/\/psol50.org.br\/luciana-genro-lanca-hoje-programa-de-governo-do-psol-em-sao-paulo\/#breadcrumb\",\"itemListElement\":[{\"@type\":\"ListItem\",\"position\":1,\"name\":\"In\u00edcio\",\"item\":\"https:\/\/psol50.org.br\/\"},{\"@type\":\"ListItem\",\"position\":2,\"name\":\"Luciana Genro lan\u00e7a hoje Programa de Governo do PSOL, em S\u00e3o Paulo\"}]},{\"@type\":\"WebSite\",\"@id\":\"https:\/\/psol50.org.br\/#website\",\"url\":\"https:\/\/psol50.org.br\/\",\"name\":\"PSOL 50\",\"description\":\"Site oficial do Partido Socialismo e Liberdade\",\"publisher\":{\"@id\":\"https:\/\/psol50.org.br\/#organization\"},\"alternateName\":\"PSOL50\",\"potentialAction\":[{\"@type\":\"SearchAction\",\"target\":{\"@type\":\"EntryPoint\",\"urlTemplate\":\"https:\/\/psol50.org.br\/?s={search_term_string}\"},\"query-input\":{\"@type\":\"PropertyValueSpecification\",\"valueRequired\":true,\"valueName\":\"search_term_string\"}}],\"inLanguage\":\"pt-BR\"},{\"@type\":\"Organization\",\"@id\":\"https:\/\/psol50.org.br\/#organization\",\"name\":\"PSOL 50\",\"alternateName\":\"PSOL 50\",\"url\":\"https:\/\/psol50.org.br\/\",\"logo\":{\"@type\":\"ImageObject\",\"inLanguage\":\"pt-BR\",\"@id\":\"https:\/\/psol50.org.br\/#\/schema\/logo\/image\/\",\"url\":\"https:\/\/psol50.org.br\/inc\/uploads\/2018\/07\/capa.png\",\"contentUrl\":\"https:\/\/psol50.org.br\/inc\/uploads\/2018\/07\/capa.png\",\"width\":1350,\"height\":900,\"caption\":\"PSOL 50\"},\"image\":{\"@id\":\"https:\/\/psol50.org.br\/#\/schema\/logo\/image\/\"},\"sameAs\":[\"https:\/\/www.facebook.com\/psol50\",\"https:\/\/x.com\/psol50\",\"https:\/\/www.instagram.com\/psol50\/\",\"https:\/\/www.youtube.com\/channel\/UC7SnJS5o1os7a6CaiNabzcg\"]},{\"@type\":\"Person\",\"@id\":\"https:\/\/psol50.org.br\/#\/schema\/person\/475dfa57d0b815993c714c2e96491fcd\",\"name\":\"Comunica\u00e7\u00e3o PSOL\",\"image\":{\"@type\":\"ImageObject\",\"inLanguage\":\"pt-BR\",\"@id\":\"https:\/\/psol50.org.br\/#\/schema\/person\/image\/\",\"url\":\"https:\/\/secure.gravatar.com\/avatar\/b34fc4f4e468a4e51785917065a3db57b841f5c95dba6ad8c73aaf8f66f8f9bf?s=96&d=mm&r=g\",\"contentUrl\":\"https:\/\/secure.gravatar.com\/avatar\/b34fc4f4e468a4e51785917065a3db57b841f5c95dba6ad8c73aaf8f66f8f9bf?s=96&d=mm&r=g\",\"caption\":\"Comunica\u00e7\u00e3o PSOL\"}}]}<\/script>\n<!-- \/ Yoast SEO plugin. -->","yoast_head_json":{"title":"Luciana Genro lan\u00e7a hoje Programa de Governo do PSOL, em S\u00e3o Paulo - PSOL 50","robots":{"index":"index","follow":"follow","max-snippet":"max-snippet:-1","max-image-preview":"max-image-preview:large","max-video-preview":"max-video-preview:-1"},"canonical":"https:\/\/psol50.org.br\/luciana-genro-lanca-hoje-programa-de-governo-do-psol-em-sao-paulo\/","og_locale":"pt_BR","og_type":"article","og_title":"Luciana Genro lan\u00e7a hoje Programa de Governo do PSOL, em S\u00e3o Paulo - PSOL 50","og_description":"Por Reda\u00e7\u00e3o #Equipe50 A candidata do PSOL \u00e0 Presid\u00eancia da Rep\u00fablica, Luciana Genro, oficializar\u00e1 o lan\u00e7amento de seu Programa de Governo nesta ter\u00e7a-feira (23), em S\u00e3o Paulo. O evento ser\u00e1 \u00e0s 16h no Hotel S\u00e3o Paulo Inn, no centro de capital paulista. O documento ser\u00e1 apresentado pela pr\u00f3pria candidata, pelo coordenador Geral da Campanha, Luiz [&hellip;]","og_url":"https:\/\/psol50.org.br\/luciana-genro-lanca-hoje-programa-de-governo-do-psol-em-sao-paulo\/","og_site_name":"PSOL 50","article_publisher":"https:\/\/www.facebook.com\/psol50","article_published_time":"2014-09-23T15:52:58+00:00","og_image":[{"width":1350,"height":900,"url":"https:\/\/psol50.org.br\/inc\/uploads\/2018\/07\/capa.png","type":"image\/png"}],"author":"Comunica\u00e7\u00e3o PSOL","twitter_card":"summary_large_image","twitter_creator":"@psol50","twitter_site":"@psol50","twitter_misc":{"Escrito por":"Comunica\u00e7\u00e3o PSOL","Est. tempo de leitura":"3 minutos"},"schema":{"@context":"https:\/\/schema.org","@graph":[{"@type":"Article","@id":"https:\/\/psol50.org.br\/luciana-genro-lanca-hoje-programa-de-governo-do-psol-em-sao-paulo\/#article","isPartOf":{"@id":"https:\/\/psol50.org.br\/luciana-genro-lanca-hoje-programa-de-governo-do-psol-em-sao-paulo\/"},"author":{"name":"Comunica\u00e7\u00e3o PSOL","@id":"https:\/\/psol50.org.br\/#\/schema\/person\/475dfa57d0b815993c714c2e96491fcd"},"headline":"Luciana Genro lan\u00e7a hoje Programa de Governo do PSOL, em S\u00e3o Paulo","datePublished":"2014-09-23T15:52:58+00:00","mainEntityOfPage":{"@id":"https:\/\/psol50.org.br\/luciana-genro-lanca-hoje-programa-de-governo-do-psol-em-sao-paulo\/"},"wordCount":568,"commentCount":0,"publisher":{"@id":"https:\/\/psol50.org.br\/#organization"},"keywords":["elei\u00e7\u00f5es 2014","PSOL"],"articleSection":["Arquivo","ELEI\u00c7\u00d5ES 2014","Not\u00edcias"],"inLanguage":"pt-BR","potentialAction":[{"@type":"CommentAction","name":"Comment","target":["https:\/\/psol50.org.br\/luciana-genro-lanca-hoje-programa-de-governo-do-psol-em-sao-paulo\/#respond"]}]},{"@type":"WebPage","@id":"https:\/\/psol50.org.br\/luciana-genro-lanca-hoje-programa-de-governo-do-psol-em-sao-paulo\/","url":"https:\/\/psol50.org.br\/luciana-genro-lanca-hoje-programa-de-governo-do-psol-em-sao-paulo\/","name":"Luciana Genro lan\u00e7a hoje Programa de Governo do PSOL, em S\u00e3o Paulo - PSOL 50","isPartOf":{"@id":"https:\/\/psol50.org.br\/#website"},"datePublished":"2014-09-23T15:52:58+00:00","breadcrumb":{"@id":"https:\/\/psol50.org.br\/luciana-genro-lanca-hoje-programa-de-governo-do-psol-em-sao-paulo\/#breadcrumb"},"inLanguage":"pt-BR","potentialAction":[{"@type":"ReadAction","target":["https:\/\/psol50.org.br\/luciana-genro-lanca-hoje-programa-de-governo-do-psol-em-sao-paulo\/"]}]},{"@type":"BreadcrumbList","@id":"https:\/\/psol50.org.br\/luciana-genro-lanca-hoje-programa-de-governo-do-psol-em-sao-paulo\/#breadcrumb","itemListElement":[{"@type":"ListItem","position":1,"name":"In\u00edcio","item":"https:\/\/psol50.org.br\/"},{"@type":"ListItem","position":2,"name":"Luciana Genro lan\u00e7a hoje Programa de Governo do PSOL, em S\u00e3o Paulo"}]},{"@type":"WebSite","@id":"https:\/\/psol50.org.br\/#website","url":"https:\/\/psol50.org.br\/","name":"PSOL 50","description":"Site oficial do Partido Socialismo e Liberdade","publisher":{"@id":"https:\/\/psol50.org.br\/#organization"},"alternateName":"PSOL50","potentialAction":[{"@type":"SearchAction","target":{"@type":"EntryPoint","urlTemplate":"https:\/\/psol50.org.br\/?s={search_term_string}"},"query-input":{"@type":"PropertyValueSpecification","valueRequired":true,"valueName":"search_term_string"}}],"inLanguage":"pt-BR"},{"@type":"Organization","@id":"https:\/\/psol50.org.br\/#organization","name":"PSOL 50","alternateName":"PSOL 50","url":"https:\/\/psol50.org.br\/","logo":{"@type":"ImageObject","inLanguage":"pt-BR","@id":"https:\/\/psol50.org.br\/#\/schema\/logo\/image\/","url":"https:\/\/psol50.org.br\/inc\/uploads\/2018\/07\/capa.png","contentUrl":"https:\/\/psol50.org.br\/inc\/uploads\/2018\/07\/capa.png","width":1350,"height":900,"caption":"PSOL 50"},"image":{"@id":"https:\/\/psol50.org.br\/#\/schema\/logo\/image\/"},"sameAs":["https:\/\/www.facebook.com\/psol50","https:\/\/x.com\/psol50","https:\/\/www.instagram.com\/psol50\/","https:\/\/www.youtube.com\/channel\/UC7SnJS5o1os7a6CaiNabzcg"]},{"@type":"Person","@id":"https:\/\/psol50.org.br\/#\/schema\/person\/475dfa57d0b815993c714c2e96491fcd","name":"Comunica\u00e7\u00e3o PSOL","image":{"@type":"ImageObject","inLanguage":"pt-BR","@id":"https:\/\/psol50.org.br\/#\/schema\/person\/image\/","url":"https:\/\/secure.gravatar.com\/avatar\/b34fc4f4e468a4e51785917065a3db57b841f5c95dba6ad8c73aaf8f66f8f9bf?s=96&d=mm&r=g","contentUrl":"https:\/\/secure.gravatar.com\/avatar\/b34fc4f4e468a4e51785917065a3db57b841f5c95dba6ad8c73aaf8f66f8f9bf?s=96&d=mm&r=g","caption":"Comunica\u00e7\u00e3o PSOL"}}]}},"_links":{"self":[{"href":"https:\/\/psol50.org.br\/rest\/wp\/v2\/posts\/2985","targetHints":{"allow":["GET"]}}],"collection":[{"href":"https:\/\/psol50.org.br\/rest\/wp\/v2\/posts"}],"about":[{"href":"https:\/\/psol50.org.br\/rest\/wp\/v2\/types\/post"}],"author":[{"embeddable":true,"href":"https:\/\/psol50.org.br\/rest\/wp\/v2\/users\/2"}],"replies":[{"embeddable":true,"href":"https:\/\/psol50.org.br\/rest\/wp\/v2\/comments?post=2985"}],"version-history":[{"count":0,"href":"https:\/\/psol50.org.br\/rest\/wp\/v2\/posts\/2985\/revisions"}],"wp:attachment":[{"href":"https:\/\/psol50.org.br\/rest\/wp\/v2\/media?parent=2985"}],"wp:term":[{"taxonomy":"category","embeddable":true,"href":"https:\/\/psol50.org.br\/rest\/wp\/v2\/categories?post=2985"},{"taxonomy":"post_tag","embeddable":true,"href":"https:\/\/psol50.org.br\/rest\/wp\/v2\/tags?post=2985"}],"curies":[{"name":"wp","href":"https:\/\/api.w.org\/{rel}","templated":true}]}}