{"id":29886,"date":"2020-07-03T17:46:20","date_gmt":"2020-07-03T20:46:20","guid":{"rendered":"https:\/\/psol50.org.br\/?p=29886"},"modified":"2020-07-03T17:46:20","modified_gmt":"2020-07-03T20:46:20","slug":"psol-cobra-explicacoes-do-governo-de-joao-doria-em-sp-apos-acao-violenta-em-favela","status":"publish","type":"post","link":"https:\/\/psol50.org.br\/psol-cobra-explicacoes-do-governo-de-joao-doria-em-sp-apos-acao-violenta-em-favela\/","title":{"rendered":"PSOL cobra explica\u00e7\u00f5es do governo de Jo\u00e3o Doria em SP ap\u00f3s a\u00e7\u00e3o violenta em favela"},"content":{"rendered":"<p><a href=\"https:\/\/impeachmentpopular.com.br\/\" target=\"_blank\" rel=\"noopener noreferrer\"><img loading=\"lazy\" decoding=\"async\" class=\"alignnone size-full wp-image-29118\" src=\"https:\/\/psol50.org.br\/inc\/uploads\/2020\/05\/Email_Impeachment.png\" alt=\"\" width=\"1080\" height=\"250\" srcset=\"https:\/\/psol50.org.br\/inc\/uploads\/2020\/05\/Email_Impeachment.png 1080w, https:\/\/psol50.org.br\/inc\/uploads\/2020\/05\/Email_Impeachment-300x69.png 300w, https:\/\/psol50.org.br\/inc\/uploads\/2020\/05\/Email_Impeachment-1024x237.png 1024w, https:\/\/psol50.org.br\/inc\/uploads\/2020\/05\/Email_Impeachment-768x178.png 768w, https:\/\/psol50.org.br\/inc\/uploads\/2020\/05\/Email_Impeachment-150x35.png 150w, https:\/\/psol50.org.br\/inc\/uploads\/2020\/05\/Email_Impeachment-696x161.png 696w, https:\/\/psol50.org.br\/inc\/uploads\/2020\/05\/Email_Impeachment-1068x247.png 1068w\" sizes=\"auto, (max-width: 1080px) 100vw, 1080px\" \/><\/a><\/p>\n<p>A bancada do PSOL na C\u00e2mara dos Deputados protocolou um of\u00edcio nesta sexta-feira (3) para que o governo de S\u00e3o Paulo, chefiado por Jo\u00e3o Doria (PSDB), preste esclarecimentos sobre uma opera\u00e7\u00e3o policial que ocorreu na Favela do Moinho na \u00faltima quinta-feira (2).<\/p>\n<p>A reportagem da Folha de S. Paulo sobre o fato relata que a opera\u00e7\u00e3o terminou com um garoto cadeirante mordido por um c\u00e3o e um jovem encaminhado \u00e0 Santa Casa, segundo os moradores do local. Ainda segundo o jornal, membros da Comiss\u00e3o de Direitos Humanos tamb\u00e9m afirmaram que &#8220;os policiais da opera\u00e7\u00e3o se recusaram a apresentar mandados que autorizassem a entrada nas casas dos moradores&#8221;.<\/p>\n<p>Dados apresentados recentemente pela Secretaria de Seguran\u00e7a P\u00fablica do Governo do Estado de S\u00e3o Paulo mostram que o n\u00famero de pessoas mortas por policiais militares no estado de S\u00e3o Paulo durante confrontos cresceu 6% em maio na compara\u00e7\u00e3o com o mesmo per\u00edodo de 2019.<\/p>\n<p>O aumento dos casos em maio ocorreu mesmo com as restri\u00e7\u00f5es impostas pela quarentena contra o novo coronav\u00edrus, assim como em abril, quando a letalidade na PM no estado sofreu uma alta de 55% \u2014de 75 para 116 v\u00edtimas. Essas mortes em decorr\u00eancia de interven\u00e7\u00e3o policial contabilizam tanto os casos ocorridos com policiais de servi\u00e7o, quanto os de folga, desde que a a\u00e7\u00e3o do agente tenha rela\u00e7\u00e3o com a condi\u00e7\u00e3o de policial.<\/p>\n","protected":false},"excerpt":{"rendered":"<p>A bancada do PSOL na C\u00e2mara dos Deputados protocolou um of\u00edcio nesta sexta-feira (3) para que o governo de S\u00e3o Paulo, chefiado por Jo\u00e3o Doria (PSDB), preste esclarecimentos sobre uma opera\u00e7\u00e3o policial que ocorreu na Favela do Moinho na \u00faltima quinta-feira (2). A reportagem da Folha de S. Paulo sobre o fato relata que a [&hellip;]<\/p>\n","protected":false},"author":2,"featured_media":29888,"comment_status":"closed","ping_status":"open","sticky":false,"template":"","format":"standard","meta":{"_acf_changed":false,"footnotes":""},"categories":[10,6],"tags":[929,930,114,728,117],"class_list":{"0":"post-29886","1":"post","2":"type-post","3":"status-publish","4":"format-standard","5":"has-post-thumbnail","7":"category-acao-parlamentares","8":"category-noticias","9":"tag-favela-do-moinho","10":"tag-joao-doria","11":"tag-pm","12":"tag-policia","13":"tag-sao-paulo"},"acf":[],"yoast_head":"<!-- This site is optimized with the Yoast SEO plugin v26.5 - https:\/\/yoast.com\/wordpress\/plugins\/seo\/ -->\n<title>PSOL cobra explica\u00e7\u00f5es do governo de Jo\u00e3o Doria em SP ap\u00f3s a\u00e7\u00e3o violenta em favela<\/title>\n<meta name=\"description\" content=\"A opera\u00e7\u00e3o terminou com um garoto cadeirante mordido por um c\u00e3o e um jovem encaminhado \u00e0 Santa Casa.\" \/>\n<meta name=\"robots\" content=\"index, follow, max-snippet:-1, max-image-preview:large, max-video-preview:-1\" \/>\n<link rel=\"canonical\" href=\"https:\/\/psol50.org.br\/psol-cobra-explicacoes-do-governo-de-joao-doria-em-sp-apos-acao-violenta-em-favela\/\" \/>\n<meta property=\"og:locale\" content=\"pt_BR\" \/>\n<meta property=\"og:type\" content=\"article\" \/>\n<meta property=\"og:title\" content=\"PSOL cobra explica\u00e7\u00f5es do governo de Jo\u00e3o Doria em SP ap\u00f3s a\u00e7\u00e3o violenta em favela\" \/>\n<meta property=\"og:description\" content=\"A opera\u00e7\u00e3o terminou com um garoto cadeirante mordido por um c\u00e3o e um jovem encaminhado \u00e0 Santa Casa.\" \/>\n<meta property=\"og:url\" content=\"https:\/\/psol50.org.br\/psol-cobra-explicacoes-do-governo-de-joao-doria-em-sp-apos-acao-violenta-em-favela\/\" \/>\n<meta property=\"og:site_name\" content=\"PSOL 50\" \/>\n<meta property=\"article:publisher\" content=\"https:\/\/www.facebook.com\/psol50\" \/>\n<meta property=\"article:published_time\" content=\"2020-07-03T20:46:20+00:00\" \/>\n<meta property=\"og:image\" content=\"https:\/\/psol50.org.br\/inc\/uploads\/2020\/07\/4ictn8kjot2f0ls8i5i6yhjpt.jpg\" \/>\n\t<meta property=\"og:image:width\" content=\"652\" \/>\n\t<meta property=\"og:image:height\" content=\"408\" \/>\n\t<meta property=\"og:image:type\" content=\"image\/jpeg\" \/>\n<meta name=\"author\" content=\"Comunica\u00e7\u00e3o PSOL\" \/>\n<meta name=\"twitter:card\" content=\"summary_large_image\" \/>\n<meta name=\"twitter:title\" content=\"PSOL cobra explica\u00e7\u00f5es do governo de Jo\u00e3o Doria em SP ap\u00f3s a\u00e7\u00e3o violenta em favela\" \/>\n<meta name=\"twitter:description\" content=\"A opera\u00e7\u00e3o terminou com um garoto cadeirante mordido por um c\u00e3o e um jovem encaminhado \u00e0 Santa Casa.\" \/>\n<meta name=\"twitter:image\" content=\"https:\/\/psol50.org.br\/inc\/uploads\/2020\/07\/4ictn8kjot2f0ls8i5i6yhjpt.jpg\" \/>\n<meta name=\"twitter:creator\" content=\"@psol50\" \/>\n<meta name=\"twitter:site\" content=\"@psol50\" \/>\n<meta name=\"twitter:label1\" content=\"Escrito por\" \/>\n\t<meta name=\"twitter:data1\" content=\"Comunica\u00e7\u00e3o PSOL\" \/>\n\t<meta name=\"twitter:label2\" content=\"Est. tempo de leitura\" \/>\n\t<meta name=\"twitter:data2\" content=\"1 minuto\" \/>\n<script type=\"application\/ld+json\" class=\"yoast-schema-graph\">{\"@context\":\"https:\/\/schema.org\",\"@graph\":[{\"@type\":\"Article\",\"@id\":\"https:\/\/psol50.org.br\/psol-cobra-explicacoes-do-governo-de-joao-doria-em-sp-apos-acao-violenta-em-favela\/#article\",\"isPartOf\":{\"@id\":\"https:\/\/psol50.org.br\/psol-cobra-explicacoes-do-governo-de-joao-doria-em-sp-apos-acao-violenta-em-favela\/\"},\"author\":{\"name\":\"Comunica\u00e7\u00e3o PSOL\",\"@id\":\"https:\/\/psol50.org.br\/#\/schema\/person\/475dfa57d0b815993c714c2e96491fcd\"},\"headline\":\"PSOL cobra explica\u00e7\u00f5es do governo de Jo\u00e3o Doria em SP ap\u00f3s a\u00e7\u00e3o violenta em favela\",\"datePublished\":\"2020-07-03T20:46:20+00:00\",\"mainEntityOfPage\":{\"@id\":\"https:\/\/psol50.org.br\/psol-cobra-explicacoes-do-governo-de-joao-doria-em-sp-apos-acao-violenta-em-favela\/\"},\"wordCount\":260,\"publisher\":{\"@id\":\"https:\/\/psol50.org.br\/#organization\"},\"image\":{\"@id\":\"https:\/\/psol50.org.br\/psol-cobra-explicacoes-do-governo-de-joao-doria-em-sp-apos-acao-violenta-em-favela\/#primaryimage\"},\"thumbnailUrl\":\"https:\/\/psol50.org.br\/inc\/uploads\/2020\/07\/4ictn8kjot2f0ls8i5i6yhjpt.jpg\",\"keywords\":[\"favela do moinho\",\"Jo\u00e3o D\u00f3ria\",\"PM\",\"pol\u00edcia\",\"S\u00e3o Paulo\"],\"articleSection\":[\"A\u00e7\u00e3o Parlamentar\",\"Not\u00edcias\"],\"inLanguage\":\"pt-BR\"},{\"@type\":\"WebPage\",\"@id\":\"https:\/\/psol50.org.br\/psol-cobra-explicacoes-do-governo-de-joao-doria-em-sp-apos-acao-violenta-em-favela\/\",\"url\":\"https:\/\/psol50.org.br\/psol-cobra-explicacoes-do-governo-de-joao-doria-em-sp-apos-acao-violenta-em-favela\/\",\"name\":\"PSOL cobra explica\u00e7\u00f5es do governo de Jo\u00e3o Doria em SP ap\u00f3s a\u00e7\u00e3o violenta em favela\",\"isPartOf\":{\"@id\":\"https:\/\/psol50.org.br\/#website\"},\"primaryImageOfPage\":{\"@id\":\"https:\/\/psol50.org.br\/psol-cobra-explicacoes-do-governo-de-joao-doria-em-sp-apos-acao-violenta-em-favela\/#primaryimage\"},\"image\":{\"@id\":\"https:\/\/psol50.org.br\/psol-cobra-explicacoes-do-governo-de-joao-doria-em-sp-apos-acao-violenta-em-favela\/#primaryimage\"},\"thumbnailUrl\":\"https:\/\/psol50.org.br\/inc\/uploads\/2020\/07\/4ictn8kjot2f0ls8i5i6yhjpt.jpg\",\"datePublished\":\"2020-07-03T20:46:20+00:00\",\"description\":\"A opera\u00e7\u00e3o terminou com um garoto cadeirante mordido por um c\u00e3o e um jovem encaminhado \u00e0 Santa Casa.\",\"breadcrumb\":{\"@id\":\"https:\/\/psol50.org.br\/psol-cobra-explicacoes-do-governo-de-joao-doria-em-sp-apos-acao-violenta-em-favela\/#breadcrumb\"},\"inLanguage\":\"pt-BR\",\"potentialAction\":[{\"@type\":\"ReadAction\",\"target\":[\"https:\/\/psol50.org.br\/psol-cobra-explicacoes-do-governo-de-joao-doria-em-sp-apos-acao-violenta-em-favela\/\"]}]},{\"@type\":\"ImageObject\",\"inLanguage\":\"pt-BR\",\"@id\":\"https:\/\/psol50.org.br\/psol-cobra-explicacoes-do-governo-de-joao-doria-em-sp-apos-acao-violenta-em-favela\/#primaryimage\",\"url\":\"https:\/\/psol50.org.br\/inc\/uploads\/2020\/07\/4ictn8kjot2f0ls8i5i6yhjpt.jpg\",\"contentUrl\":\"https:\/\/psol50.org.br\/inc\/uploads\/2020\/07\/4ictn8kjot2f0ls8i5i6yhjpt.jpg\",\"width\":652,\"height\":408},{\"@type\":\"BreadcrumbList\",\"@id\":\"https:\/\/psol50.org.br\/psol-cobra-explicacoes-do-governo-de-joao-doria-em-sp-apos-acao-violenta-em-favela\/#breadcrumb\",\"itemListElement\":[{\"@type\":\"ListItem\",\"position\":1,\"name\":\"In\u00edcio\",\"item\":\"https:\/\/psol50.org.br\/\"},{\"@type\":\"ListItem\",\"position\":2,\"name\":\"PSOL cobra explica\u00e7\u00f5es do governo de Jo\u00e3o Doria em SP ap\u00f3s a\u00e7\u00e3o violenta em favela\"}]},{\"@type\":\"WebSite\",\"@id\":\"https:\/\/psol50.org.br\/#website\",\"url\":\"https:\/\/psol50.org.br\/\",\"name\":\"PSOL 50\",\"description\":\"Site oficial do Partido Socialismo e Liberdade\",\"publisher\":{\"@id\":\"https:\/\/psol50.org.br\/#organization\"},\"alternateName\":\"PSOL50\",\"potentialAction\":[{\"@type\":\"SearchAction\",\"target\":{\"@type\":\"EntryPoint\",\"urlTemplate\":\"https:\/\/psol50.org.br\/?s={search_term_string}\"},\"query-input\":{\"@type\":\"PropertyValueSpecification\",\"valueRequired\":true,\"valueName\":\"search_term_string\"}}],\"inLanguage\":\"pt-BR\"},{\"@type\":\"Organization\",\"@id\":\"https:\/\/psol50.org.br\/#organization\",\"name\":\"PSOL 50\",\"alternateName\":\"PSOL 50\",\"url\":\"https:\/\/psol50.org.br\/\",\"logo\":{\"@type\":\"ImageObject\",\"inLanguage\":\"pt-BR\",\"@id\":\"https:\/\/psol50.org.br\/#\/schema\/logo\/image\/\",\"url\":\"https:\/\/psol50.org.br\/inc\/uploads\/2018\/07\/capa.png\",\"contentUrl\":\"https:\/\/psol50.org.br\/inc\/uploads\/2018\/07\/capa.png\",\"width\":1350,\"height\":900,\"caption\":\"PSOL 50\"},\"image\":{\"@id\":\"https:\/\/psol50.org.br\/#\/schema\/logo\/image\/\"},\"sameAs\":[\"https:\/\/www.facebook.com\/psol50\",\"https:\/\/x.com\/psol50\",\"https:\/\/www.instagram.com\/psol50\/\",\"https:\/\/www.youtube.com\/channel\/UC7SnJS5o1os7a6CaiNabzcg\"]},{\"@type\":\"Person\",\"@id\":\"https:\/\/psol50.org.br\/#\/schema\/person\/475dfa57d0b815993c714c2e96491fcd\",\"name\":\"Comunica\u00e7\u00e3o PSOL\",\"image\":{\"@type\":\"ImageObject\",\"inLanguage\":\"pt-BR\",\"@id\":\"https:\/\/psol50.org.br\/#\/schema\/person\/image\/\",\"url\":\"https:\/\/secure.gravatar.com\/avatar\/b34fc4f4e468a4e51785917065a3db57b841f5c95dba6ad8c73aaf8f66f8f9bf?s=96&d=mm&r=g\",\"contentUrl\":\"https:\/\/secure.gravatar.com\/avatar\/b34fc4f4e468a4e51785917065a3db57b841f5c95dba6ad8c73aaf8f66f8f9bf?s=96&d=mm&r=g\",\"caption\":\"Comunica\u00e7\u00e3o PSOL\"}}]}<\/script>\n<!-- \/ Yoast SEO plugin. -->","yoast_head_json":{"title":"PSOL cobra explica\u00e7\u00f5es do governo de Jo\u00e3o Doria em SP ap\u00f3s a\u00e7\u00e3o violenta em favela","description":"A opera\u00e7\u00e3o terminou com um garoto cadeirante mordido por um c\u00e3o e um jovem encaminhado \u00e0 Santa Casa.","robots":{"index":"index","follow":"follow","max-snippet":"max-snippet:-1","max-image-preview":"max-image-preview:large","max-video-preview":"max-video-preview:-1"},"canonical":"https:\/\/psol50.org.br\/psol-cobra-explicacoes-do-governo-de-joao-doria-em-sp-apos-acao-violenta-em-favela\/","og_locale":"pt_BR","og_type":"article","og_title":"PSOL cobra explica\u00e7\u00f5es do governo de Jo\u00e3o Doria em SP ap\u00f3s a\u00e7\u00e3o violenta em favela","og_description":"A opera\u00e7\u00e3o terminou com um garoto cadeirante mordido por um c\u00e3o e um jovem encaminhado \u00e0 Santa Casa.","og_url":"https:\/\/psol50.org.br\/psol-cobra-explicacoes-do-governo-de-joao-doria-em-sp-apos-acao-violenta-em-favela\/","og_site_name":"PSOL 50","article_publisher":"https:\/\/www.facebook.com\/psol50","article_published_time":"2020-07-03T20:46:20+00:00","og_image":[{"width":652,"height":408,"url":"https:\/\/psol50.org.br\/inc\/uploads\/2020\/07\/4ictn8kjot2f0ls8i5i6yhjpt.jpg","type":"image\/jpeg"}],"author":"Comunica\u00e7\u00e3o PSOL","twitter_card":"summary_large_image","twitter_title":"PSOL cobra explica\u00e7\u00f5es do governo de Jo\u00e3o Doria em SP ap\u00f3s a\u00e7\u00e3o violenta em favela","twitter_description":"A opera\u00e7\u00e3o terminou com um garoto cadeirante mordido por um c\u00e3o e um jovem encaminhado \u00e0 Santa Casa.","twitter_image":"https:\/\/psol50.org.br\/inc\/uploads\/2020\/07\/4ictn8kjot2f0ls8i5i6yhjpt.jpg","twitter_creator":"@psol50","twitter_site":"@psol50","twitter_misc":{"Escrito por":"Comunica\u00e7\u00e3o PSOL","Est. tempo de leitura":"1 minuto"},"schema":{"@context":"https:\/\/schema.org","@graph":[{"@type":"Article","@id":"https:\/\/psol50.org.br\/psol-cobra-explicacoes-do-governo-de-joao-doria-em-sp-apos-acao-violenta-em-favela\/#article","isPartOf":{"@id":"https:\/\/psol50.org.br\/psol-cobra-explicacoes-do-governo-de-joao-doria-em-sp-apos-acao-violenta-em-favela\/"},"author":{"name":"Comunica\u00e7\u00e3o PSOL","@id":"https:\/\/psol50.org.br\/#\/schema\/person\/475dfa57d0b815993c714c2e96491fcd"},"headline":"PSOL cobra explica\u00e7\u00f5es do governo de Jo\u00e3o Doria em SP ap\u00f3s a\u00e7\u00e3o violenta em favela","datePublished":"2020-07-03T20:46:20+00:00","mainEntityOfPage":{"@id":"https:\/\/psol50.org.br\/psol-cobra-explicacoes-do-governo-de-joao-doria-em-sp-apos-acao-violenta-em-favela\/"},"wordCount":260,"publisher":{"@id":"https:\/\/psol50.org.br\/#organization"},"image":{"@id":"https:\/\/psol50.org.br\/psol-cobra-explicacoes-do-governo-de-joao-doria-em-sp-apos-acao-violenta-em-favela\/#primaryimage"},"thumbnailUrl":"https:\/\/psol50.org.br\/inc\/uploads\/2020\/07\/4ictn8kjot2f0ls8i5i6yhjpt.jpg","keywords":["favela do moinho","Jo\u00e3o D\u00f3ria","PM","pol\u00edcia","S\u00e3o Paulo"],"articleSection":["A\u00e7\u00e3o Parlamentar","Not\u00edcias"],"inLanguage":"pt-BR"},{"@type":"WebPage","@id":"https:\/\/psol50.org.br\/psol-cobra-explicacoes-do-governo-de-joao-doria-em-sp-apos-acao-violenta-em-favela\/","url":"https:\/\/psol50.org.br\/psol-cobra-explicacoes-do-governo-de-joao-doria-em-sp-apos-acao-violenta-em-favela\/","name":"PSOL cobra explica\u00e7\u00f5es do governo de Jo\u00e3o Doria em SP ap\u00f3s a\u00e7\u00e3o violenta em favela","isPartOf":{"@id":"https:\/\/psol50.org.br\/#website"},"primaryImageOfPage":{"@id":"https:\/\/psol50.org.br\/psol-cobra-explicacoes-do-governo-de-joao-doria-em-sp-apos-acao-violenta-em-favela\/#primaryimage"},"image":{"@id":"https:\/\/psol50.org.br\/psol-cobra-explicacoes-do-governo-de-joao-doria-em-sp-apos-acao-violenta-em-favela\/#primaryimage"},"thumbnailUrl":"https:\/\/psol50.org.br\/inc\/uploads\/2020\/07\/4ictn8kjot2f0ls8i5i6yhjpt.jpg","datePublished":"2020-07-03T20:46:20+00:00","description":"A opera\u00e7\u00e3o terminou com um garoto cadeirante mordido por um c\u00e3o e um jovem encaminhado \u00e0 Santa Casa.","breadcrumb":{"@id":"https:\/\/psol50.org.br\/psol-cobra-explicacoes-do-governo-de-joao-doria-em-sp-apos-acao-violenta-em-favela\/#breadcrumb"},"inLanguage":"pt-BR","potentialAction":[{"@type":"ReadAction","target":["https:\/\/psol50.org.br\/psol-cobra-explicacoes-do-governo-de-joao-doria-em-sp-apos-acao-violenta-em-favela\/"]}]},{"@type":"ImageObject","inLanguage":"pt-BR","@id":"https:\/\/psol50.org.br\/psol-cobra-explicacoes-do-governo-de-joao-doria-em-sp-apos-acao-violenta-em-favela\/#primaryimage","url":"https:\/\/psol50.org.br\/inc\/uploads\/2020\/07\/4ictn8kjot2f0ls8i5i6yhjpt.jpg","contentUrl":"https:\/\/psol50.org.br\/inc\/uploads\/2020\/07\/4ictn8kjot2f0ls8i5i6yhjpt.jpg","width":652,"height":408},{"@type":"BreadcrumbList","@id":"https:\/\/psol50.org.br\/psol-cobra-explicacoes-do-governo-de-joao-doria-em-sp-apos-acao-violenta-em-favela\/#breadcrumb","itemListElement":[{"@type":"ListItem","position":1,"name":"In\u00edcio","item":"https:\/\/psol50.org.br\/"},{"@type":"ListItem","position":2,"name":"PSOL cobra explica\u00e7\u00f5es do governo de Jo\u00e3o Doria em SP ap\u00f3s a\u00e7\u00e3o violenta em favela"}]},{"@type":"WebSite","@id":"https:\/\/psol50.org.br\/#website","url":"https:\/\/psol50.org.br\/","name":"PSOL 50","description":"Site oficial do Partido Socialismo e Liberdade","publisher":{"@id":"https:\/\/psol50.org.br\/#organization"},"alternateName":"PSOL50","potentialAction":[{"@type":"SearchAction","target":{"@type":"EntryPoint","urlTemplate":"https:\/\/psol50.org.br\/?s={search_term_string}"},"query-input":{"@type":"PropertyValueSpecification","valueRequired":true,"valueName":"search_term_string"}}],"inLanguage":"pt-BR"},{"@type":"Organization","@id":"https:\/\/psol50.org.br\/#organization","name":"PSOL 50","alternateName":"PSOL 50","url":"https:\/\/psol50.org.br\/","logo":{"@type":"ImageObject","inLanguage":"pt-BR","@id":"https:\/\/psol50.org.br\/#\/schema\/logo\/image\/","url":"https:\/\/psol50.org.br\/inc\/uploads\/2018\/07\/capa.png","contentUrl":"https:\/\/psol50.org.br\/inc\/uploads\/2018\/07\/capa.png","width":1350,"height":900,"caption":"PSOL 50"},"image":{"@id":"https:\/\/psol50.org.br\/#\/schema\/logo\/image\/"},"sameAs":["https:\/\/www.facebook.com\/psol50","https:\/\/x.com\/psol50","https:\/\/www.instagram.com\/psol50\/","https:\/\/www.youtube.com\/channel\/UC7SnJS5o1os7a6CaiNabzcg"]},{"@type":"Person","@id":"https:\/\/psol50.org.br\/#\/schema\/person\/475dfa57d0b815993c714c2e96491fcd","name":"Comunica\u00e7\u00e3o PSOL","image":{"@type":"ImageObject","inLanguage":"pt-BR","@id":"https:\/\/psol50.org.br\/#\/schema\/person\/image\/","url":"https:\/\/secure.gravatar.com\/avatar\/b34fc4f4e468a4e51785917065a3db57b841f5c95dba6ad8c73aaf8f66f8f9bf?s=96&d=mm&r=g","contentUrl":"https:\/\/secure.gravatar.com\/avatar\/b34fc4f4e468a4e51785917065a3db57b841f5c95dba6ad8c73aaf8f66f8f9bf?s=96&d=mm&r=g","caption":"Comunica\u00e7\u00e3o PSOL"}}]}},"_links":{"self":[{"href":"https:\/\/psol50.org.br\/rest\/wp\/v2\/posts\/29886","targetHints":{"allow":["GET"]}}],"collection":[{"href":"https:\/\/psol50.org.br\/rest\/wp\/v2\/posts"}],"about":[{"href":"https:\/\/psol50.org.br\/rest\/wp\/v2\/types\/post"}],"author":[{"embeddable":true,"href":"https:\/\/psol50.org.br\/rest\/wp\/v2\/users\/2"}],"replies":[{"embeddable":true,"href":"https:\/\/psol50.org.br\/rest\/wp\/v2\/comments?post=29886"}],"version-history":[{"count":0,"href":"https:\/\/psol50.org.br\/rest\/wp\/v2\/posts\/29886\/revisions"}],"wp:featuredmedia":[{"embeddable":true,"href":"https:\/\/psol50.org.br\/rest\/wp\/v2\/media\/29888"}],"wp:attachment":[{"href":"https:\/\/psol50.org.br\/rest\/wp\/v2\/media?parent=29886"}],"wp:term":[{"taxonomy":"category","embeddable":true,"href":"https:\/\/psol50.org.br\/rest\/wp\/v2\/categories?post=29886"},{"taxonomy":"post_tag","embeddable":true,"href":"https:\/\/psol50.org.br\/rest\/wp\/v2\/tags?post=29886"}],"curies":[{"name":"wp","href":"https:\/\/api.w.org\/{rel}","templated":true}]}}