{"id":2989,"date":"2014-09-24T00:00:00","date_gmt":"2014-09-24T19:11:35","guid":{"rendered":"http:\/\/psol50.org.br\/arquivo\/2014\/09\/24\/portugal-trabalhadores-do-metro-de-lisboa-e-funcionarios-do-judiciario-realizam-greves-esta-semana\/"},"modified":"2014-09-24T00:00:00","modified_gmt":"2014-09-24T19:11:35","slug":"portugal-trabalhadores-do-metro-de-lisboa-e-funcionarios-do-judiciario-realizam-greves-esta-semana","status":"publish","type":"post","link":"https:\/\/psol50.org.br\/portugal-trabalhadores-do-metro-de-lisboa-e-funcionarios-do-judiciario-realizam-greves-esta-semana\/","title":{"rendered":"Portugal: Trabalhadores do Metro de Lisboa e funcion\u00e1rios do Judici\u00e1rio realizam greves esta semana"},"content":{"rendered":"<p>A greve no Metropolitano de Lisboa dever\u00e1 ter in\u00edcio a partir das 23h desta quarta-feira (24) e se estender\u00e1 at\u00e9 \u00e0s 00h15 de sexta-feira (25). O Tribunal Arbitral de Portugal n\u00e3o fixou servi\u00e7os m\u00ednimos para esta paralisa\u00e7\u00e3o.<\/p>\n<p>Segundo informa a Federa\u00e7\u00e3o dos Sindicatos de Transportes e Comunica\u00e7\u00f5es (Fectrans) em sua p\u00e1gina de internet, com estas lutas \u201cos trabalhadores exigem a manuten\u00e7\u00e3o da componente social do servi\u00e7o prestado pela empresa\u201d, \u201co cumprimento integral do Acordo de Empresa e o fim dos roubos nos sal\u00e1rios e nas reformas\u201d.<\/p>\n<p>Tamb\u00e9m fazem parte das reivindica\u00e7\u00f5es anunciadas \u201ca reposi\u00e7\u00e3o do quadro de trabalhos, necess\u00e1rios para a reposi\u00e7\u00e3o de um servi\u00e7o com maior qualidade e seguran\u00e7a\u201d e um \u201cinvestimento que permita a reposi\u00e7\u00e3o de um servi\u00e7o com a qualidade e seguran\u00e7a que os utentes t\u00eam direito\u201d.<\/p>\n<p>\u201cEsta \u00e9 uma luta em defesa dos trabalhadores, que, devido \u00e0s pol\u00edticas de destrui\u00e7\u00e3o do servi\u00e7o social do Metropolitano de Lisboa, est\u00e3o vendo os pre\u00e7os aumentar e a redu\u00e7\u00e3o da regularidade e frequ\u00eancia dos comboios, enquanto as condi\u00e7\u00f5es de trabalho e remunerat\u00f3ria degradam e os postos de trabalho diminuem, enquanto crescem os n\u00fameros dos cargos de dire\u00e7\u00e3o\u201d, ressalta a Fectrans.<\/p>\n<p>O Sindicato dos Funcion\u00e1rios Judiciais (SFJ), por sua vez, convocou para sexta-feira (25) uma paralisa\u00e7\u00e3o de 24 horas como forma de protesto pela car\u00eancia de recursos humanos e as falhas no sistema de inform\u00e1tica.<\/p>\n<p>&nbsp;<\/p>\n<blockquote><p>\u201c\u00c9 necess\u00e1rio dizer um basta\u201d, afirmou o presidente do SFJ, Fernando Jorge.<\/p><\/blockquote>\n<p>&nbsp;<\/p>\n<p><strong>Uma greve a cada cinco dias<\/strong><br \/>\nDesde que o governo PSD\/CDS-PP tomou posse, em junho de 2011, os sindicatos da Fun\u00e7\u00e3o P\u00fablica j\u00e1 convocaram 208 greves, segundo dados divulgados esta quarta-feira pelo Di\u00e1rio de Not\u00edcias, com base num levantamento dos avisos e pr\u00e9-avisos de greve comunicados \u00e0 Direc\u00e7\u00e3o-Geral da Administra\u00e7\u00e3o P\u00fablica e Emprego (DGAEP).<\/p>\n<p>A pol\u00edtica de austeridade imposta pela maioria de direita, que se traduziu em cortes salariais, encerramento de servi\u00e7os p\u00fablicos, privatiza\u00e7\u00f5es e demiss\u00f5es em massa, deu origem aos protestos.<\/p>\n<p>&nbsp;<\/p>\n","protected":false},"excerpt":{"rendered":"<p>Nesta quarta-feira (24), os enfermeiros da capital portuguesa iniciaram uma paralisa\u00e7\u00e3o de 48 horas, que j\u00e1 conta com uma ades\u00e3o de cerca de 87%. Os trabalhadores do Metr\u00f4 de Lisboa tamb\u00e9m realizar\u00e3o uma greve de 24 horas nesta quinta-feira (25). J\u00e1 o protesto dos funcion\u00e1rios judiciais ser\u00e1 na sexta-feira. Desde que o Governo PSD\/CDS-PP tomou posse, os sindicatos da Fun\u00e7\u00e3o P\u00fablica promoveram 208 greves, o equivalente a uma em cada cinco dias<\/p>\n","protected":false},"author":2,"featured_media":10166,"comment_status":"open","ping_status":"open","sticky":false,"template":"","format":"standard","meta":{"_acf_changed":false,"footnotes":""},"categories":[4956],"tags":[515,1216,491],"class_list":{"0":"post-2989","1":"post","2":"type-post","3":"status-publish","4":"format-standard","5":"has-post-thumbnail","7":"category-portugal","8":"tag-bloco-de-esquerda","9":"tag-internacional","10":"tag-portugal"},"acf":[],"yoast_head":"<!-- This site is optimized with the Yoast SEO plugin v26.5 - https:\/\/yoast.com\/wordpress\/plugins\/seo\/ -->\n<title>Portugal: Trabalhadores do Metro de Lisboa e funcion\u00e1rios do Judici\u00e1rio realizam greves esta semana - PSOL 50<\/title>\n<meta name=\"robots\" content=\"index, follow, max-snippet:-1, max-image-preview:large, max-video-preview:-1\" \/>\n<link rel=\"canonical\" href=\"https:\/\/psol50.org.br\/portugal-trabalhadores-do-metro-de-lisboa-e-funcionarios-do-judiciario-realizam-greves-esta-semana\/\" \/>\n<meta property=\"og:locale\" content=\"pt_BR\" \/>\n<meta property=\"og:type\" content=\"article\" \/>\n<meta property=\"og:title\" content=\"Portugal: Trabalhadores do Metro de Lisboa e funcion\u00e1rios do Judici\u00e1rio realizam greves esta semana - PSOL 50\" \/>\n<meta property=\"og:description\" content=\"Nesta quarta-feira (24), os enfermeiros da capital portuguesa iniciaram uma paralisa\u00e7\u00e3o de 48 horas, que j\u00e1 conta com uma ades\u00e3o de cerca de 87%. Os trabalhadores do Metr\u00f4 de Lisboa tamb\u00e9m realizar\u00e3o uma greve de 24 horas nesta quinta-feira (25). J\u00e1 o protesto dos funcion\u00e1rios judiciais ser\u00e1 na sexta-feira. Desde que o Governo PSD\/CDS-PP tomou posse, os sindicatos da Fun\u00e7\u00e3o P\u00fablica promoveram 208 greves, o equivalente a uma em cada cinco dias\" \/>\n<meta property=\"og:url\" content=\"https:\/\/psol50.org.br\/portugal-trabalhadores-do-metro-de-lisboa-e-funcionarios-do-judiciario-realizam-greves-esta-semana\/\" \/>\n<meta property=\"og:site_name\" content=\"PSOL 50\" \/>\n<meta property=\"article:publisher\" content=\"https:\/\/www.facebook.com\/psol50\" \/>\n<meta property=\"article:published_time\" content=\"2014-09-24T19:11:35+00:00\" \/>\n<meta property=\"og:image\" content=\"https:\/\/psol50.org.br\/inc\/uploads\/2014\/11\/Portugal_esquerda.jpg\" \/>\n\t<meta property=\"og:image:width\" content=\"1102\" \/>\n\t<meta property=\"og:image:height\" content=\"587\" \/>\n\t<meta property=\"og:image:type\" content=\"image\/jpeg\" \/>\n<meta name=\"author\" content=\"Comunica\u00e7\u00e3o PSOL\" \/>\n<meta name=\"twitter:card\" content=\"summary_large_image\" \/>\n<meta name=\"twitter:creator\" content=\"@psol50\" \/>\n<meta name=\"twitter:site\" content=\"@psol50\" \/>\n<meta name=\"twitter:label1\" content=\"Escrito por\" \/>\n\t<meta name=\"twitter:data1\" content=\"Comunica\u00e7\u00e3o PSOL\" \/>\n\t<meta name=\"twitter:label2\" content=\"Est. tempo de leitura\" \/>\n\t<meta name=\"twitter:data2\" content=\"2 minutos\" \/>\n<script type=\"application\/ld+json\" class=\"yoast-schema-graph\">{\"@context\":\"https:\/\/schema.org\",\"@graph\":[{\"@type\":\"Article\",\"@id\":\"https:\/\/psol50.org.br\/portugal-trabalhadores-do-metro-de-lisboa-e-funcionarios-do-judiciario-realizam-greves-esta-semana\/#article\",\"isPartOf\":{\"@id\":\"https:\/\/psol50.org.br\/portugal-trabalhadores-do-metro-de-lisboa-e-funcionarios-do-judiciario-realizam-greves-esta-semana\/\"},\"author\":{\"name\":\"Comunica\u00e7\u00e3o PSOL\",\"@id\":\"https:\/\/psol50.org.br\/#\/schema\/person\/475dfa57d0b815993c714c2e96491fcd\"},\"headline\":\"Portugal: Trabalhadores do Metro de Lisboa e funcion\u00e1rios do Judici\u00e1rio realizam greves esta semana\",\"datePublished\":\"2014-09-24T19:11:35+00:00\",\"mainEntityOfPage\":{\"@id\":\"https:\/\/psol50.org.br\/portugal-trabalhadores-do-metro-de-lisboa-e-funcionarios-do-judiciario-realizam-greves-esta-semana\/\"},\"wordCount\":380,\"commentCount\":0,\"publisher\":{\"@id\":\"https:\/\/psol50.org.br\/#organization\"},\"image\":{\"@id\":\"https:\/\/psol50.org.br\/portugal-trabalhadores-do-metro-de-lisboa-e-funcionarios-do-judiciario-realizam-greves-esta-semana\/#primaryimage\"},\"thumbnailUrl\":\"https:\/\/psol50.org.br\/inc\/uploads\/2014\/11\/Portugal_esquerda.jpg\",\"keywords\":[\"Bloco de Esquerda\",\"Internacional\",\"Portugal\"],\"articleSection\":[\"Portugal\"],\"inLanguage\":\"pt-BR\",\"potentialAction\":[{\"@type\":\"CommentAction\",\"name\":\"Comment\",\"target\":[\"https:\/\/psol50.org.br\/portugal-trabalhadores-do-metro-de-lisboa-e-funcionarios-do-judiciario-realizam-greves-esta-semana\/#respond\"]}]},{\"@type\":\"WebPage\",\"@id\":\"https:\/\/psol50.org.br\/portugal-trabalhadores-do-metro-de-lisboa-e-funcionarios-do-judiciario-realizam-greves-esta-semana\/\",\"url\":\"https:\/\/psol50.org.br\/portugal-trabalhadores-do-metro-de-lisboa-e-funcionarios-do-judiciario-realizam-greves-esta-semana\/\",\"name\":\"Portugal: Trabalhadores do Metro de Lisboa e funcion\u00e1rios do Judici\u00e1rio realizam greves esta semana - PSOL 50\",\"isPartOf\":{\"@id\":\"https:\/\/psol50.org.br\/#website\"},\"primaryImageOfPage\":{\"@id\":\"https:\/\/psol50.org.br\/portugal-trabalhadores-do-metro-de-lisboa-e-funcionarios-do-judiciario-realizam-greves-esta-semana\/#primaryimage\"},\"image\":{\"@id\":\"https:\/\/psol50.org.br\/portugal-trabalhadores-do-metro-de-lisboa-e-funcionarios-do-judiciario-realizam-greves-esta-semana\/#primaryimage\"},\"thumbnailUrl\":\"https:\/\/psol50.org.br\/inc\/uploads\/2014\/11\/Portugal_esquerda.jpg\",\"datePublished\":\"2014-09-24T19:11:35+00:00\",\"breadcrumb\":{\"@id\":\"https:\/\/psol50.org.br\/portugal-trabalhadores-do-metro-de-lisboa-e-funcionarios-do-judiciario-realizam-greves-esta-semana\/#breadcrumb\"},\"inLanguage\":\"pt-BR\",\"potentialAction\":[{\"@type\":\"ReadAction\",\"target\":[\"https:\/\/psol50.org.br\/portugal-trabalhadores-do-metro-de-lisboa-e-funcionarios-do-judiciario-realizam-greves-esta-semana\/\"]}]},{\"@type\":\"ImageObject\",\"inLanguage\":\"pt-BR\",\"@id\":\"https:\/\/psol50.org.br\/portugal-trabalhadores-do-metro-de-lisboa-e-funcionarios-do-judiciario-realizam-greves-esta-semana\/#primaryimage\",\"url\":\"https:\/\/psol50.org.br\/inc\/uploads\/2014\/11\/Portugal_esquerda.jpg\",\"contentUrl\":\"https:\/\/psol50.org.br\/inc\/uploads\/2014\/11\/Portugal_esquerda.jpg\",\"width\":1102,\"height\":587},{\"@type\":\"BreadcrumbList\",\"@id\":\"https:\/\/psol50.org.br\/portugal-trabalhadores-do-metro-de-lisboa-e-funcionarios-do-judiciario-realizam-greves-esta-semana\/#breadcrumb\",\"itemListElement\":[{\"@type\":\"ListItem\",\"position\":1,\"name\":\"In\u00edcio\",\"item\":\"https:\/\/psol50.org.br\/\"},{\"@type\":\"ListItem\",\"position\":2,\"name\":\"Portugal: Trabalhadores do Metro de Lisboa e funcion\u00e1rios do Judici\u00e1rio realizam greves esta semana\"}]},{\"@type\":\"WebSite\",\"@id\":\"https:\/\/psol50.org.br\/#website\",\"url\":\"https:\/\/psol50.org.br\/\",\"name\":\"PSOL 50\",\"description\":\"Site oficial do Partido Socialismo e Liberdade\",\"publisher\":{\"@id\":\"https:\/\/psol50.org.br\/#organization\"},\"alternateName\":\"PSOL50\",\"potentialAction\":[{\"@type\":\"SearchAction\",\"target\":{\"@type\":\"EntryPoint\",\"urlTemplate\":\"https:\/\/psol50.org.br\/?s={search_term_string}\"},\"query-input\":{\"@type\":\"PropertyValueSpecification\",\"valueRequired\":true,\"valueName\":\"search_term_string\"}}],\"inLanguage\":\"pt-BR\"},{\"@type\":\"Organization\",\"@id\":\"https:\/\/psol50.org.br\/#organization\",\"name\":\"PSOL 50\",\"alternateName\":\"PSOL 50\",\"url\":\"https:\/\/psol50.org.br\/\",\"logo\":{\"@type\":\"ImageObject\",\"inLanguage\":\"pt-BR\",\"@id\":\"https:\/\/psol50.org.br\/#\/schema\/logo\/image\/\",\"url\":\"https:\/\/psol50.org.br\/inc\/uploads\/2018\/07\/capa.png\",\"contentUrl\":\"https:\/\/psol50.org.br\/inc\/uploads\/2018\/07\/capa.png\",\"width\":1350,\"height\":900,\"caption\":\"PSOL 50\"},\"image\":{\"@id\":\"https:\/\/psol50.org.br\/#\/schema\/logo\/image\/\"},\"sameAs\":[\"https:\/\/www.facebook.com\/psol50\",\"https:\/\/x.com\/psol50\",\"https:\/\/www.instagram.com\/psol50\/\",\"https:\/\/www.youtube.com\/channel\/UC7SnJS5o1os7a6CaiNabzcg\"]},{\"@type\":\"Person\",\"@id\":\"https:\/\/psol50.org.br\/#\/schema\/person\/475dfa57d0b815993c714c2e96491fcd\",\"name\":\"Comunica\u00e7\u00e3o PSOL\",\"image\":{\"@type\":\"ImageObject\",\"inLanguage\":\"pt-BR\",\"@id\":\"https:\/\/psol50.org.br\/#\/schema\/person\/image\/\",\"url\":\"https:\/\/secure.gravatar.com\/avatar\/b34fc4f4e468a4e51785917065a3db57b841f5c95dba6ad8c73aaf8f66f8f9bf?s=96&d=mm&r=g\",\"contentUrl\":\"https:\/\/secure.gravatar.com\/avatar\/b34fc4f4e468a4e51785917065a3db57b841f5c95dba6ad8c73aaf8f66f8f9bf?s=96&d=mm&r=g\",\"caption\":\"Comunica\u00e7\u00e3o PSOL\"}}]}<\/script>\n<!-- \/ Yoast SEO plugin. -->","yoast_head_json":{"title":"Portugal: Trabalhadores do Metro de Lisboa e funcion\u00e1rios do Judici\u00e1rio realizam greves esta semana - PSOL 50","robots":{"index":"index","follow":"follow","max-snippet":"max-snippet:-1","max-image-preview":"max-image-preview:large","max-video-preview":"max-video-preview:-1"},"canonical":"https:\/\/psol50.org.br\/portugal-trabalhadores-do-metro-de-lisboa-e-funcionarios-do-judiciario-realizam-greves-esta-semana\/","og_locale":"pt_BR","og_type":"article","og_title":"Portugal: Trabalhadores do Metro de Lisboa e funcion\u00e1rios do Judici\u00e1rio realizam greves esta semana - PSOL 50","og_description":"Nesta quarta-feira (24), os enfermeiros da capital portuguesa iniciaram uma paralisa\u00e7\u00e3o de 48 horas, que j\u00e1 conta com uma ades\u00e3o de cerca de 87%. Os trabalhadores do Metr\u00f4 de Lisboa tamb\u00e9m realizar\u00e3o uma greve de 24 horas nesta quinta-feira (25). J\u00e1 o protesto dos funcion\u00e1rios judiciais ser\u00e1 na sexta-feira. Desde que o Governo PSD\/CDS-PP tomou posse, os sindicatos da Fun\u00e7\u00e3o P\u00fablica promoveram 208 greves, o equivalente a uma em cada cinco dias","og_url":"https:\/\/psol50.org.br\/portugal-trabalhadores-do-metro-de-lisboa-e-funcionarios-do-judiciario-realizam-greves-esta-semana\/","og_site_name":"PSOL 50","article_publisher":"https:\/\/www.facebook.com\/psol50","article_published_time":"2014-09-24T19:11:35+00:00","og_image":[{"width":1102,"height":587,"url":"https:\/\/psol50.org.br\/inc\/uploads\/2014\/11\/Portugal_esquerda.jpg","type":"image\/jpeg"}],"author":"Comunica\u00e7\u00e3o PSOL","twitter_card":"summary_large_image","twitter_creator":"@psol50","twitter_site":"@psol50","twitter_misc":{"Escrito por":"Comunica\u00e7\u00e3o PSOL","Est. tempo de leitura":"2 minutos"},"schema":{"@context":"https:\/\/schema.org","@graph":[{"@type":"Article","@id":"https:\/\/psol50.org.br\/portugal-trabalhadores-do-metro-de-lisboa-e-funcionarios-do-judiciario-realizam-greves-esta-semana\/#article","isPartOf":{"@id":"https:\/\/psol50.org.br\/portugal-trabalhadores-do-metro-de-lisboa-e-funcionarios-do-judiciario-realizam-greves-esta-semana\/"},"author":{"name":"Comunica\u00e7\u00e3o PSOL","@id":"https:\/\/psol50.org.br\/#\/schema\/person\/475dfa57d0b815993c714c2e96491fcd"},"headline":"Portugal: Trabalhadores do Metro de Lisboa e funcion\u00e1rios do Judici\u00e1rio realizam greves esta semana","datePublished":"2014-09-24T19:11:35+00:00","mainEntityOfPage":{"@id":"https:\/\/psol50.org.br\/portugal-trabalhadores-do-metro-de-lisboa-e-funcionarios-do-judiciario-realizam-greves-esta-semana\/"},"wordCount":380,"commentCount":0,"publisher":{"@id":"https:\/\/psol50.org.br\/#organization"},"image":{"@id":"https:\/\/psol50.org.br\/portugal-trabalhadores-do-metro-de-lisboa-e-funcionarios-do-judiciario-realizam-greves-esta-semana\/#primaryimage"},"thumbnailUrl":"https:\/\/psol50.org.br\/inc\/uploads\/2014\/11\/Portugal_esquerda.jpg","keywords":["Bloco de Esquerda","Internacional","Portugal"],"articleSection":["Portugal"],"inLanguage":"pt-BR","potentialAction":[{"@type":"CommentAction","name":"Comment","target":["https:\/\/psol50.org.br\/portugal-trabalhadores-do-metro-de-lisboa-e-funcionarios-do-judiciario-realizam-greves-esta-semana\/#respond"]}]},{"@type":"WebPage","@id":"https:\/\/psol50.org.br\/portugal-trabalhadores-do-metro-de-lisboa-e-funcionarios-do-judiciario-realizam-greves-esta-semana\/","url":"https:\/\/psol50.org.br\/portugal-trabalhadores-do-metro-de-lisboa-e-funcionarios-do-judiciario-realizam-greves-esta-semana\/","name":"Portugal: Trabalhadores do Metro de Lisboa e funcion\u00e1rios do Judici\u00e1rio realizam greves esta semana - PSOL 50","isPartOf":{"@id":"https:\/\/psol50.org.br\/#website"},"primaryImageOfPage":{"@id":"https:\/\/psol50.org.br\/portugal-trabalhadores-do-metro-de-lisboa-e-funcionarios-do-judiciario-realizam-greves-esta-semana\/#primaryimage"},"image":{"@id":"https:\/\/psol50.org.br\/portugal-trabalhadores-do-metro-de-lisboa-e-funcionarios-do-judiciario-realizam-greves-esta-semana\/#primaryimage"},"thumbnailUrl":"https:\/\/psol50.org.br\/inc\/uploads\/2014\/11\/Portugal_esquerda.jpg","datePublished":"2014-09-24T19:11:35+00:00","breadcrumb":{"@id":"https:\/\/psol50.org.br\/portugal-trabalhadores-do-metro-de-lisboa-e-funcionarios-do-judiciario-realizam-greves-esta-semana\/#breadcrumb"},"inLanguage":"pt-BR","potentialAction":[{"@type":"ReadAction","target":["https:\/\/psol50.org.br\/portugal-trabalhadores-do-metro-de-lisboa-e-funcionarios-do-judiciario-realizam-greves-esta-semana\/"]}]},{"@type":"ImageObject","inLanguage":"pt-BR","@id":"https:\/\/psol50.org.br\/portugal-trabalhadores-do-metro-de-lisboa-e-funcionarios-do-judiciario-realizam-greves-esta-semana\/#primaryimage","url":"https:\/\/psol50.org.br\/inc\/uploads\/2014\/11\/Portugal_esquerda.jpg","contentUrl":"https:\/\/psol50.org.br\/inc\/uploads\/2014\/11\/Portugal_esquerda.jpg","width":1102,"height":587},{"@type":"BreadcrumbList","@id":"https:\/\/psol50.org.br\/portugal-trabalhadores-do-metro-de-lisboa-e-funcionarios-do-judiciario-realizam-greves-esta-semana\/#breadcrumb","itemListElement":[{"@type":"ListItem","position":1,"name":"In\u00edcio","item":"https:\/\/psol50.org.br\/"},{"@type":"ListItem","position":2,"name":"Portugal: Trabalhadores do Metro de Lisboa e funcion\u00e1rios do Judici\u00e1rio realizam greves esta semana"}]},{"@type":"WebSite","@id":"https:\/\/psol50.org.br\/#website","url":"https:\/\/psol50.org.br\/","name":"PSOL 50","description":"Site oficial do Partido Socialismo e Liberdade","publisher":{"@id":"https:\/\/psol50.org.br\/#organization"},"alternateName":"PSOL50","potentialAction":[{"@type":"SearchAction","target":{"@type":"EntryPoint","urlTemplate":"https:\/\/psol50.org.br\/?s={search_term_string}"},"query-input":{"@type":"PropertyValueSpecification","valueRequired":true,"valueName":"search_term_string"}}],"inLanguage":"pt-BR"},{"@type":"Organization","@id":"https:\/\/psol50.org.br\/#organization","name":"PSOL 50","alternateName":"PSOL 50","url":"https:\/\/psol50.org.br\/","logo":{"@type":"ImageObject","inLanguage":"pt-BR","@id":"https:\/\/psol50.org.br\/#\/schema\/logo\/image\/","url":"https:\/\/psol50.org.br\/inc\/uploads\/2018\/07\/capa.png","contentUrl":"https:\/\/psol50.org.br\/inc\/uploads\/2018\/07\/capa.png","width":1350,"height":900,"caption":"PSOL 50"},"image":{"@id":"https:\/\/psol50.org.br\/#\/schema\/logo\/image\/"},"sameAs":["https:\/\/www.facebook.com\/psol50","https:\/\/x.com\/psol50","https:\/\/www.instagram.com\/psol50\/","https:\/\/www.youtube.com\/channel\/UC7SnJS5o1os7a6CaiNabzcg"]},{"@type":"Person","@id":"https:\/\/psol50.org.br\/#\/schema\/person\/475dfa57d0b815993c714c2e96491fcd","name":"Comunica\u00e7\u00e3o PSOL","image":{"@type":"ImageObject","inLanguage":"pt-BR","@id":"https:\/\/psol50.org.br\/#\/schema\/person\/image\/","url":"https:\/\/secure.gravatar.com\/avatar\/b34fc4f4e468a4e51785917065a3db57b841f5c95dba6ad8c73aaf8f66f8f9bf?s=96&d=mm&r=g","contentUrl":"https:\/\/secure.gravatar.com\/avatar\/b34fc4f4e468a4e51785917065a3db57b841f5c95dba6ad8c73aaf8f66f8f9bf?s=96&d=mm&r=g","caption":"Comunica\u00e7\u00e3o PSOL"}}]}},"_links":{"self":[{"href":"https:\/\/psol50.org.br\/rest\/wp\/v2\/posts\/2989","targetHints":{"allow":["GET"]}}],"collection":[{"href":"https:\/\/psol50.org.br\/rest\/wp\/v2\/posts"}],"about":[{"href":"https:\/\/psol50.org.br\/rest\/wp\/v2\/types\/post"}],"author":[{"embeddable":true,"href":"https:\/\/psol50.org.br\/rest\/wp\/v2\/users\/2"}],"replies":[{"embeddable":true,"href":"https:\/\/psol50.org.br\/rest\/wp\/v2\/comments?post=2989"}],"version-history":[{"count":0,"href":"https:\/\/psol50.org.br\/rest\/wp\/v2\/posts\/2989\/revisions"}],"wp:featuredmedia":[{"embeddable":true,"href":"https:\/\/psol50.org.br\/rest\/wp\/v2\/media\/10166"}],"wp:attachment":[{"href":"https:\/\/psol50.org.br\/rest\/wp\/v2\/media?parent=2989"}],"wp:term":[{"taxonomy":"category","embeddable":true,"href":"https:\/\/psol50.org.br\/rest\/wp\/v2\/categories?post=2989"},{"taxonomy":"post_tag","embeddable":true,"href":"https:\/\/psol50.org.br\/rest\/wp\/v2\/tags?post=2989"}],"curies":[{"name":"wp","href":"https:\/\/api.w.org\/{rel}","templated":true}]}}