{"id":2990,"date":"2014-09-25T00:00:00","date_gmt":"2014-09-25T14:01:59","guid":{"rendered":"http:\/\/psol50.org.br\/arquivo\/2014\/09\/25\/luciana-genro-recife-pautou-o-problema-da-falta-de-politica-habitacional-no-pais\/"},"modified":"2014-09-25T00:00:00","modified_gmt":"2014-09-25T14:01:59","slug":"luciana-genro-recife-pautou-o-problema-da-falta-de-politica-habitacional-no-pais","status":"publish","type":"post","link":"https:\/\/psol50.org.br\/luciana-genro-recife-pautou-o-problema-da-falta-de-politica-habitacional-no-pais\/","title":{"rendered":"Luciana Genro: Recife pautou o problema da falta de pol\u00edtica habitacional no pa\u00eds"},"content":{"rendered":"<p style=\"margin-bottom: 0cm; text-align: justify;\">\n\t<span style=\"font-size:12px;\"><font face=\"Arial, sans-serif\">A candidata \u00e0 Presid\u00eancia da Rep\u00fablica Luciana Genro (PSOL) esteve nesta quarta-feira (24) no Recife, onde, a partir do exemplo do movimento Ocupe Estelita, defendeu uma pol\u00edtica habitacional em car\u00e1ter nacional com coragem para se contrapor aos interesses da especula\u00e7\u00e3o imobili\u00e1ria.<\/font><\/p>\n<p>\t<font face=\"Arial, sans-serif\">Em sua primeira visita a Pernambuco nesta campanha, Luciana debateu ainda as pautas feministas e participou de caminhada na Boa Vista com os candidatos do PSOL ao governo de Pernambuco, Z\u00e9 Gomes, e ao Senado, Albanise Pires. \u00c0 noite foi sabatinada na Universidade Cat\u00f3lica de Pernambuco (Unicap).<\/font><\/p>\n<p>\t\u201c<font face=\"Arial, sans-serif\">Recife pautou, atrav\u00e9s do movimento Ocupe Estelita, o problema da falta de pol\u00edtica habitacional no pa\u00eds e o problema da especula\u00e7\u00e3o imobili\u00e1ria. As \u00e1reas centrais v\u00eam sendo destinadas \u00e0 moradia dos ricos e a popula\u00e7\u00e3o de baixa renda \u00e9, cada vez mais, expulsa para as \u00e1reas perif\u00e9ricas, onde n\u00e3o h\u00e1 servi\u00e7o p\u00fablico de qualidade e transporte. Precisamos ter cidades para todos, que incluam a maioria dos moradores no espa\u00e7o p\u00fablico. Queremos fazer na Presid\u00eancia da Rep\u00fablica uma pol\u00edtica habitacional que seja inclusiva e democr\u00e1tica\u201d, afirmou durante a caminhada.<\/font><\/p>\n<p>\t<font face=\"Arial, sans-serif\">A caminhada na Rua da Imperatriz reuniu militantes e candidatos a deputado estadual e federal pelo PSOL. No almo\u00e7o com feministas, no comit\u00ea do PSOL\/PE, Luciana Genro apontou poucos avan\u00e7os na Lei Maria da Penha no que se refere ao acolhimento \u00e0s mulheres. <\/font><\/p>\n<p>\t\u201c<font face=\"Arial, sans-serif\">N\u00e3o h\u00e1 estrutura de acolhimento para as mulheres que sofrem de viol\u00eancia dom\u00e9stica. Tem a medida protetiva de afastar o agressor do lar, tem a pris\u00e3o, mas isso n\u00e3o resolve o problema. O que resolveria de fato \u00e9 que o Estado oferecesse a essa mulher condi\u00e7\u00f5es para ela sair desse ciclo de viol\u00eancia. Nesse aspecto, a lei n\u00e3o foi cumprida. A Dilma, uma mulher, n\u00e3o avan\u00e7ou um mil\u00edmetro para garantir \u00e0s mulheres uma vida sem viol\u00eancia\u201d, criticou.<\/font><\/p>\n<p>\t<font face=\"Arial, sans-serif\">Durante uma de suas interven\u00e7\u00f5es, Albanise elogiou o PSOL em sua tentativa de oferecer igualdade entre homens e mulheres nos processos eleitorais.<\/font><\/p>\n<p>\t\u201c<font face=\"Arial, sans-serif\">A forma\u00e7\u00e3o da mulher nos processos pol\u00edticos \u00e9 bem trabalhada na esquerda. O PSOL, especialmente, tem conseguido externar essa pol\u00edtica como pr\u00e1tica. Nosso partido vive a terceira candidatura \u00e0 Presid\u00eancia da Rep\u00fablica, sendo que em duas delas fomos representadas por mulheres. Helo\u00edsa Helena, em 2006, e agora Luciana Genro. Aqui em Pernambuco n\u00f3s temos tamb\u00e9m nas chapas de governador, vice e senador representa\u00e7\u00e3o feminina de 2\/3. Isso significa que estamos conseguindo implementar, de fato, a prioriza\u00e7\u00e3o da participa\u00e7\u00e3o da mulher na pol\u00edtica. Precisamos aproveitar bem o processo eleitoral para divulgar essas lutas, como o combate \u00e0 viol\u00eancia dom\u00e9stica, \u00e0 viol\u00eancia nos espa\u00e7os urbanos, \u00e0 viol\u00eancia obst\u00e9trica e a defesa do parto humanizado\u201d, disse Albanise.<\/font><\/p>\n<p>\t<font face=\"Arial, sans-serif\">O aborto tamb\u00e9m foi debatido no encontro. Segundo Luciana, a discuss\u00e3o em torno de sua descriminaliza\u00e7\u00e3o ainda \u00e9 estereotipada e, por essa raz\u00e3o, n\u00e3o avan\u00e7a.<\/font><\/p>\n<p>\t\u201c<font face=\"Arial, sans-serif\">H\u00e1 uma ideia de que quem defende a legaliza\u00e7\u00e3o do aborto est\u00e1 defendendo o aborto como um m\u00e9todo contraceptivo ou que \u00e9 uma \u00f3tima solu\u00e7\u00e3o para evitar filhos. Quando n\u00f3s sabemos que n\u00e3o \u00e9 assim. O aborto \u00e9 um drama para qualquer mulher. Ningu\u00e9m \u00e9 a favor do aborto, somos a favor das mulheres. Tivemos duas mulheres que morreram v\u00edtimas da clandestinidade, a Jandira e a Elis\u00e2ngela. N\u00e3o d\u00e1 para continuar achando que o aborto n\u00e3o existe. Ele existe e mais de 800 mil brasileiras se submetem a ele por ano\u201d, declarou.<\/font><\/p>\n<p>\t<font face=\"Arial, sans-serif\">Ao final do evento, Daiane Dultra, da organiza\u00e7\u00e3o Action Aid, entregou aos integrantes da mesa uma pesquisa sobre viol\u00eancia contra a mulher e um documento com sugest\u00f5es para se conquistar cidades mais seguras para as mulheres.<\/font><\/span><\/p>\n<p>\t&nbsp;<\/p>\n<p style=\"margin-bottom: 0cm\">\n\t&nbsp;<\/p>\n","protected":false},"excerpt":{"rendered":"<p>A candidata \u00e0 Presid\u00eancia da Rep\u00fablica Luciana Genro (PSOL) esteve nesta quarta-feira (24) no Recife, onde, a partir do exemplo do movimento Ocupe Estelita, defendeu uma pol\u00edtica habitacional em car\u00e1ter nacional com coragem para se contrapor aos interesses da especula\u00e7\u00e3o imobili\u00e1ria. Em sua primeira visita a Pernambuco nesta campanha, Luciana debateu ainda as pautas feministas [&hellip;]<\/p>\n","protected":false},"author":2,"featured_media":0,"comment_status":"open","ping_status":"open","sticky":false,"template":"","format":"standard","meta":{"_acf_changed":false,"footnotes":""},"categories":[4766,4960,6],"tags":[2506],"class_list":{"0":"post-2990","1":"post","2":"type-post","3":"status-publish","4":"format-standard","6":"category-arquivo","7":"category-eleicoes-2014","8":"category-noticias","9":"tag-eleicoes-2014"},"acf":[],"yoast_head":"<!-- This site is optimized with the Yoast SEO plugin v26.5 - https:\/\/yoast.com\/wordpress\/plugins\/seo\/ -->\n<title>Luciana Genro: Recife pautou o problema da falta de pol\u00edtica habitacional no pa\u00eds - PSOL 50<\/title>\n<meta name=\"robots\" content=\"index, follow, max-snippet:-1, max-image-preview:large, max-video-preview:-1\" \/>\n<link rel=\"canonical\" href=\"https:\/\/psol50.org.br\/luciana-genro-recife-pautou-o-problema-da-falta-de-politica-habitacional-no-pais\/\" \/>\n<meta property=\"og:locale\" content=\"pt_BR\" \/>\n<meta property=\"og:type\" content=\"article\" \/>\n<meta property=\"og:title\" content=\"Luciana Genro: Recife pautou o problema da falta de pol\u00edtica habitacional no pa\u00eds - PSOL 50\" \/>\n<meta property=\"og:description\" content=\"A candidata \u00e0 Presid\u00eancia da Rep\u00fablica Luciana Genro (PSOL) esteve nesta quarta-feira (24) no Recife, onde, a partir do exemplo do movimento Ocupe Estelita, defendeu uma pol\u00edtica habitacional em car\u00e1ter nacional com coragem para se contrapor aos interesses da especula\u00e7\u00e3o imobili\u00e1ria. Em sua primeira visita a Pernambuco nesta campanha, Luciana debateu ainda as pautas feministas [&hellip;]\" \/>\n<meta property=\"og:url\" content=\"https:\/\/psol50.org.br\/luciana-genro-recife-pautou-o-problema-da-falta-de-politica-habitacional-no-pais\/\" \/>\n<meta property=\"og:site_name\" content=\"PSOL 50\" \/>\n<meta property=\"article:publisher\" content=\"https:\/\/www.facebook.com\/psol50\" \/>\n<meta property=\"article:published_time\" content=\"2014-09-25T14:01:59+00:00\" \/>\n<meta property=\"og:image\" content=\"https:\/\/psol50.org.br\/inc\/uploads\/2018\/07\/capa.png\" \/>\n\t<meta property=\"og:image:width\" content=\"1350\" \/>\n\t<meta property=\"og:image:height\" content=\"900\" \/>\n\t<meta property=\"og:image:type\" content=\"image\/png\" \/>\n<meta name=\"author\" content=\"Comunica\u00e7\u00e3o PSOL\" \/>\n<meta name=\"twitter:card\" content=\"summary_large_image\" \/>\n<meta name=\"twitter:creator\" content=\"@psol50\" \/>\n<meta name=\"twitter:site\" content=\"@psol50\" \/>\n<meta name=\"twitter:label1\" content=\"Escrito por\" \/>\n\t<meta name=\"twitter:data1\" content=\"Comunica\u00e7\u00e3o PSOL\" \/>\n\t<meta name=\"twitter:label2\" content=\"Est. tempo de leitura\" \/>\n\t<meta name=\"twitter:data2\" content=\"3 minutos\" \/>\n<script type=\"application\/ld+json\" class=\"yoast-schema-graph\">{\"@context\":\"https:\/\/schema.org\",\"@graph\":[{\"@type\":\"Article\",\"@id\":\"https:\/\/psol50.org.br\/luciana-genro-recife-pautou-o-problema-da-falta-de-politica-habitacional-no-pais\/#article\",\"isPartOf\":{\"@id\":\"https:\/\/psol50.org.br\/luciana-genro-recife-pautou-o-problema-da-falta-de-politica-habitacional-no-pais\/\"},\"author\":{\"name\":\"Comunica\u00e7\u00e3o PSOL\",\"@id\":\"https:\/\/psol50.org.br\/#\/schema\/person\/475dfa57d0b815993c714c2e96491fcd\"},\"headline\":\"Luciana Genro: Recife pautou o problema da falta de pol\u00edtica habitacional no pa\u00eds\",\"datePublished\":\"2014-09-25T14:01:59+00:00\",\"mainEntityOfPage\":{\"@id\":\"https:\/\/psol50.org.br\/luciana-genro-recife-pautou-o-problema-da-falta-de-politica-habitacional-no-pais\/\"},\"wordCount\":661,\"commentCount\":0,\"publisher\":{\"@id\":\"https:\/\/psol50.org.br\/#organization\"},\"keywords\":[\"elei\u00e7\u00f5es 2014\"],\"articleSection\":[\"Arquivo\",\"ELEI\u00c7\u00d5ES 2014\",\"Not\u00edcias\"],\"inLanguage\":\"pt-BR\",\"potentialAction\":[{\"@type\":\"CommentAction\",\"name\":\"Comment\",\"target\":[\"https:\/\/psol50.org.br\/luciana-genro-recife-pautou-o-problema-da-falta-de-politica-habitacional-no-pais\/#respond\"]}]},{\"@type\":\"WebPage\",\"@id\":\"https:\/\/psol50.org.br\/luciana-genro-recife-pautou-o-problema-da-falta-de-politica-habitacional-no-pais\/\",\"url\":\"https:\/\/psol50.org.br\/luciana-genro-recife-pautou-o-problema-da-falta-de-politica-habitacional-no-pais\/\",\"name\":\"Luciana Genro: Recife pautou o problema da falta de pol\u00edtica habitacional no pa\u00eds - PSOL 50\",\"isPartOf\":{\"@id\":\"https:\/\/psol50.org.br\/#website\"},\"datePublished\":\"2014-09-25T14:01:59+00:00\",\"breadcrumb\":{\"@id\":\"https:\/\/psol50.org.br\/luciana-genro-recife-pautou-o-problema-da-falta-de-politica-habitacional-no-pais\/#breadcrumb\"},\"inLanguage\":\"pt-BR\",\"potentialAction\":[{\"@type\":\"ReadAction\",\"target\":[\"https:\/\/psol50.org.br\/luciana-genro-recife-pautou-o-problema-da-falta-de-politica-habitacional-no-pais\/\"]}]},{\"@type\":\"BreadcrumbList\",\"@id\":\"https:\/\/psol50.org.br\/luciana-genro-recife-pautou-o-problema-da-falta-de-politica-habitacional-no-pais\/#breadcrumb\",\"itemListElement\":[{\"@type\":\"ListItem\",\"position\":1,\"name\":\"In\u00edcio\",\"item\":\"https:\/\/psol50.org.br\/\"},{\"@type\":\"ListItem\",\"position\":2,\"name\":\"Luciana Genro: Recife pautou o problema da falta de pol\u00edtica habitacional no pa\u00eds\"}]},{\"@type\":\"WebSite\",\"@id\":\"https:\/\/psol50.org.br\/#website\",\"url\":\"https:\/\/psol50.org.br\/\",\"name\":\"PSOL 50\",\"description\":\"Site oficial do Partido Socialismo e Liberdade\",\"publisher\":{\"@id\":\"https:\/\/psol50.org.br\/#organization\"},\"alternateName\":\"PSOL50\",\"potentialAction\":[{\"@type\":\"SearchAction\",\"target\":{\"@type\":\"EntryPoint\",\"urlTemplate\":\"https:\/\/psol50.org.br\/?s={search_term_string}\"},\"query-input\":{\"@type\":\"PropertyValueSpecification\",\"valueRequired\":true,\"valueName\":\"search_term_string\"}}],\"inLanguage\":\"pt-BR\"},{\"@type\":\"Organization\",\"@id\":\"https:\/\/psol50.org.br\/#organization\",\"name\":\"PSOL 50\",\"alternateName\":\"PSOL 50\",\"url\":\"https:\/\/psol50.org.br\/\",\"logo\":{\"@type\":\"ImageObject\",\"inLanguage\":\"pt-BR\",\"@id\":\"https:\/\/psol50.org.br\/#\/schema\/logo\/image\/\",\"url\":\"https:\/\/psol50.org.br\/inc\/uploads\/2018\/07\/capa.png\",\"contentUrl\":\"https:\/\/psol50.org.br\/inc\/uploads\/2018\/07\/capa.png\",\"width\":1350,\"height\":900,\"caption\":\"PSOL 50\"},\"image\":{\"@id\":\"https:\/\/psol50.org.br\/#\/schema\/logo\/image\/\"},\"sameAs\":[\"https:\/\/www.facebook.com\/psol50\",\"https:\/\/x.com\/psol50\",\"https:\/\/www.instagram.com\/psol50\/\",\"https:\/\/www.youtube.com\/channel\/UC7SnJS5o1os7a6CaiNabzcg\"]},{\"@type\":\"Person\",\"@id\":\"https:\/\/psol50.org.br\/#\/schema\/person\/475dfa57d0b815993c714c2e96491fcd\",\"name\":\"Comunica\u00e7\u00e3o PSOL\",\"image\":{\"@type\":\"ImageObject\",\"inLanguage\":\"pt-BR\",\"@id\":\"https:\/\/psol50.org.br\/#\/schema\/person\/image\/\",\"url\":\"https:\/\/secure.gravatar.com\/avatar\/b34fc4f4e468a4e51785917065a3db57b841f5c95dba6ad8c73aaf8f66f8f9bf?s=96&d=mm&r=g\",\"contentUrl\":\"https:\/\/secure.gravatar.com\/avatar\/b34fc4f4e468a4e51785917065a3db57b841f5c95dba6ad8c73aaf8f66f8f9bf?s=96&d=mm&r=g\",\"caption\":\"Comunica\u00e7\u00e3o PSOL\"}}]}<\/script>\n<!-- \/ Yoast SEO plugin. -->","yoast_head_json":{"title":"Luciana Genro: Recife pautou o problema da falta de pol\u00edtica habitacional no pa\u00eds - PSOL 50","robots":{"index":"index","follow":"follow","max-snippet":"max-snippet:-1","max-image-preview":"max-image-preview:large","max-video-preview":"max-video-preview:-1"},"canonical":"https:\/\/psol50.org.br\/luciana-genro-recife-pautou-o-problema-da-falta-de-politica-habitacional-no-pais\/","og_locale":"pt_BR","og_type":"article","og_title":"Luciana Genro: Recife pautou o problema da falta de pol\u00edtica habitacional no pa\u00eds - PSOL 50","og_description":"A candidata \u00e0 Presid\u00eancia da Rep\u00fablica Luciana Genro (PSOL) esteve nesta quarta-feira (24) no Recife, onde, a partir do exemplo do movimento Ocupe Estelita, defendeu uma pol\u00edtica habitacional em car\u00e1ter nacional com coragem para se contrapor aos interesses da especula\u00e7\u00e3o imobili\u00e1ria. Em sua primeira visita a Pernambuco nesta campanha, Luciana debateu ainda as pautas feministas [&hellip;]","og_url":"https:\/\/psol50.org.br\/luciana-genro-recife-pautou-o-problema-da-falta-de-politica-habitacional-no-pais\/","og_site_name":"PSOL 50","article_publisher":"https:\/\/www.facebook.com\/psol50","article_published_time":"2014-09-25T14:01:59+00:00","og_image":[{"width":1350,"height":900,"url":"https:\/\/psol50.org.br\/inc\/uploads\/2018\/07\/capa.png","type":"image\/png"}],"author":"Comunica\u00e7\u00e3o PSOL","twitter_card":"summary_large_image","twitter_creator":"@psol50","twitter_site":"@psol50","twitter_misc":{"Escrito por":"Comunica\u00e7\u00e3o PSOL","Est. tempo de leitura":"3 minutos"},"schema":{"@context":"https:\/\/schema.org","@graph":[{"@type":"Article","@id":"https:\/\/psol50.org.br\/luciana-genro-recife-pautou-o-problema-da-falta-de-politica-habitacional-no-pais\/#article","isPartOf":{"@id":"https:\/\/psol50.org.br\/luciana-genro-recife-pautou-o-problema-da-falta-de-politica-habitacional-no-pais\/"},"author":{"name":"Comunica\u00e7\u00e3o PSOL","@id":"https:\/\/psol50.org.br\/#\/schema\/person\/475dfa57d0b815993c714c2e96491fcd"},"headline":"Luciana Genro: Recife pautou o problema da falta de pol\u00edtica habitacional no pa\u00eds","datePublished":"2014-09-25T14:01:59+00:00","mainEntityOfPage":{"@id":"https:\/\/psol50.org.br\/luciana-genro-recife-pautou-o-problema-da-falta-de-politica-habitacional-no-pais\/"},"wordCount":661,"commentCount":0,"publisher":{"@id":"https:\/\/psol50.org.br\/#organization"},"keywords":["elei\u00e7\u00f5es 2014"],"articleSection":["Arquivo","ELEI\u00c7\u00d5ES 2014","Not\u00edcias"],"inLanguage":"pt-BR","potentialAction":[{"@type":"CommentAction","name":"Comment","target":["https:\/\/psol50.org.br\/luciana-genro-recife-pautou-o-problema-da-falta-de-politica-habitacional-no-pais\/#respond"]}]},{"@type":"WebPage","@id":"https:\/\/psol50.org.br\/luciana-genro-recife-pautou-o-problema-da-falta-de-politica-habitacional-no-pais\/","url":"https:\/\/psol50.org.br\/luciana-genro-recife-pautou-o-problema-da-falta-de-politica-habitacional-no-pais\/","name":"Luciana Genro: Recife pautou o problema da falta de pol\u00edtica habitacional no pa\u00eds - PSOL 50","isPartOf":{"@id":"https:\/\/psol50.org.br\/#website"},"datePublished":"2014-09-25T14:01:59+00:00","breadcrumb":{"@id":"https:\/\/psol50.org.br\/luciana-genro-recife-pautou-o-problema-da-falta-de-politica-habitacional-no-pais\/#breadcrumb"},"inLanguage":"pt-BR","potentialAction":[{"@type":"ReadAction","target":["https:\/\/psol50.org.br\/luciana-genro-recife-pautou-o-problema-da-falta-de-politica-habitacional-no-pais\/"]}]},{"@type":"BreadcrumbList","@id":"https:\/\/psol50.org.br\/luciana-genro-recife-pautou-o-problema-da-falta-de-politica-habitacional-no-pais\/#breadcrumb","itemListElement":[{"@type":"ListItem","position":1,"name":"In\u00edcio","item":"https:\/\/psol50.org.br\/"},{"@type":"ListItem","position":2,"name":"Luciana Genro: Recife pautou o problema da falta de pol\u00edtica habitacional no pa\u00eds"}]},{"@type":"WebSite","@id":"https:\/\/psol50.org.br\/#website","url":"https:\/\/psol50.org.br\/","name":"PSOL 50","description":"Site oficial do Partido Socialismo e Liberdade","publisher":{"@id":"https:\/\/psol50.org.br\/#organization"},"alternateName":"PSOL50","potentialAction":[{"@type":"SearchAction","target":{"@type":"EntryPoint","urlTemplate":"https:\/\/psol50.org.br\/?s={search_term_string}"},"query-input":{"@type":"PropertyValueSpecification","valueRequired":true,"valueName":"search_term_string"}}],"inLanguage":"pt-BR"},{"@type":"Organization","@id":"https:\/\/psol50.org.br\/#organization","name":"PSOL 50","alternateName":"PSOL 50","url":"https:\/\/psol50.org.br\/","logo":{"@type":"ImageObject","inLanguage":"pt-BR","@id":"https:\/\/psol50.org.br\/#\/schema\/logo\/image\/","url":"https:\/\/psol50.org.br\/inc\/uploads\/2018\/07\/capa.png","contentUrl":"https:\/\/psol50.org.br\/inc\/uploads\/2018\/07\/capa.png","width":1350,"height":900,"caption":"PSOL 50"},"image":{"@id":"https:\/\/psol50.org.br\/#\/schema\/logo\/image\/"},"sameAs":["https:\/\/www.facebook.com\/psol50","https:\/\/x.com\/psol50","https:\/\/www.instagram.com\/psol50\/","https:\/\/www.youtube.com\/channel\/UC7SnJS5o1os7a6CaiNabzcg"]},{"@type":"Person","@id":"https:\/\/psol50.org.br\/#\/schema\/person\/475dfa57d0b815993c714c2e96491fcd","name":"Comunica\u00e7\u00e3o PSOL","image":{"@type":"ImageObject","inLanguage":"pt-BR","@id":"https:\/\/psol50.org.br\/#\/schema\/person\/image\/","url":"https:\/\/secure.gravatar.com\/avatar\/b34fc4f4e468a4e51785917065a3db57b841f5c95dba6ad8c73aaf8f66f8f9bf?s=96&d=mm&r=g","contentUrl":"https:\/\/secure.gravatar.com\/avatar\/b34fc4f4e468a4e51785917065a3db57b841f5c95dba6ad8c73aaf8f66f8f9bf?s=96&d=mm&r=g","caption":"Comunica\u00e7\u00e3o PSOL"}}]}},"_links":{"self":[{"href":"https:\/\/psol50.org.br\/rest\/wp\/v2\/posts\/2990","targetHints":{"allow":["GET"]}}],"collection":[{"href":"https:\/\/psol50.org.br\/rest\/wp\/v2\/posts"}],"about":[{"href":"https:\/\/psol50.org.br\/rest\/wp\/v2\/types\/post"}],"author":[{"embeddable":true,"href":"https:\/\/psol50.org.br\/rest\/wp\/v2\/users\/2"}],"replies":[{"embeddable":true,"href":"https:\/\/psol50.org.br\/rest\/wp\/v2\/comments?post=2990"}],"version-history":[{"count":0,"href":"https:\/\/psol50.org.br\/rest\/wp\/v2\/posts\/2990\/revisions"}],"wp:attachment":[{"href":"https:\/\/psol50.org.br\/rest\/wp\/v2\/media?parent=2990"}],"wp:term":[{"taxonomy":"category","embeddable":true,"href":"https:\/\/psol50.org.br\/rest\/wp\/v2\/categories?post=2990"},{"taxonomy":"post_tag","embeddable":true,"href":"https:\/\/psol50.org.br\/rest\/wp\/v2\/tags?post=2990"}],"curies":[{"name":"wp","href":"https:\/\/api.w.org\/{rel}","templated":true}]}}