{"id":2991,"date":"2014-09-25T00:00:00","date_gmt":"2014-09-25T15:48:12","guid":{"rendered":"http:\/\/psol50.org.br\/arquivo\/2014\/09\/25\/terceirizacao-governo-federal-defende-contratacao-de-professores-das-universidades-publicas-por-organizacoes-sociais\/"},"modified":"2014-09-25T00:00:00","modified_gmt":"2014-09-25T15:48:12","slug":"terceirizacao-governo-federal-defende-contratacao-de-professores-das-universidades-publicas-por-organizacoes-sociais","status":"publish","type":"post","link":"https:\/\/psol50.org.br\/terceirizacao-governo-federal-defende-contratacao-de-professores-das-universidades-publicas-por-organizacoes-sociais\/","title":{"rendered":"Terceiriza\u00e7\u00e3o: Governo federal defende contrata\u00e7\u00e3o de professores das universidades p\u00fablicas por organiza\u00e7\u00f5es sociais"},"content":{"rendered":"<p class=\"western\" style=\"margin-top: 0cm; margin-bottom: 0cm; text-align: justify;\">\n\t<span style=\"font-size:12px;\">O governo federal estuda a contrata\u00e7\u00e3o de professores para institui\u00e7\u00f5es de ensino superior por meio de organiza\u00e7\u00f5es sociais (OS), o que, na pr\u00e1tica, significa uma forma de terceiriza\u00e7\u00e3o nas universidades federais, j\u00e1 que a contrata\u00e7\u00e3o seria por meio da CLT (Consolida\u00e7\u00e3o das Leis Trabalhistas). A proposta foi apresentada na \u00faltima segunda-feira (22) pelo presidente da Coordena\u00e7\u00e3o de Aperfei\u00e7oamento de Pessoal de N\u00edvel Superior (Capes), Jorge Almeida Guimar\u00e3es, no simp\u00f3sio internacional <em>Excel\u00eancia no Ensino Superior<\/em>, no Rio de Janeiro.<\/p>\n<p>\tCom o aval do Minist\u00e9rio da Educa\u00e7\u00e3o, o modelo proposto pela Capes prev\u00ea que os professores e pesquisadores sejam contratados de forma aut\u00f4noma pelas institui\u00e7\u00f5es de ensino, e n\u00e3o passariam mais por concursos p\u00fablicos, como \u00e9 feito atualmente. Seriam regidos ainda pela CLT, que n\u00e3o prev\u00ea, por exemplo, dedica\u00e7\u00e3o exclusiva.<\/p>\n<p>\tO Andes-SN (Sindicato Nacional dos Docentes do Ensino Superior) diverge da proposta e nega a necessidade de criar organiza\u00e7\u00f5es sociais para contratar professores qualificados. \u201c\u00c9 preciso que haja uma pol\u00edtica salarial que atraia para as universidades bons profissionais, sejam eles brasileiros ou estrangeiros, pois os padr\u00f5es de qualidade do ensino e da pesquisa dependem disso, e n\u00e3o das nacionalidades dos professores\u201d, declarou o presidente do sindicato dos docentes, Paulo Marcos Borges Rizzo, em nota.<\/p>\n<p>\tNa avalia\u00e7\u00e3o do dirigente sindical, a proposta agride o processo democr\u00e1tico de sele\u00e7\u00e3o de professores por meio de concursos p\u00fablicos. \u201cTamb\u00e9m agride a autonomia universit\u00e1ria, pois tira das m\u00e3os da universidade o controle do processo de sele\u00e7\u00e3o de seus docentes\u201d, ressalta.<\/p>\n<p>\tEm resposta \u00e0 afirma\u00e7\u00e3o de Jorge Guimar\u00e3es de que os concursos p\u00fablicos para professores s\u00e3o \u201cum jogo de cartas marcadas\u201d, Paulo Rizzo defende novamente a autonomia universit\u00e1ria. \u201cNa verdade eles querem, via OS, fazer um jogo de cartas marcadas. Ao inv\u00e9s do concurso com regras claras, definidas por cada institui\u00e7\u00e3o, com pontos e bancas definidos pelos colegiados de departamento, com direito de recursos aos candidatos, querem a escolha pela ger\u00eancia de uma OS. Quem disse que a ger\u00eancia n\u00e3o ser\u00e1 corporativista? Quem escolher\u00e1 os melhores quadros?\u201d, questiona o presidente do Andes-SN.<\/p>\n<p>\t<b>Decis\u00f5es somente por docentes<\/b><br \/>\n\tSegundo mat\u00e9ria veiculada pela Ag\u00eancia Brasil, durante o evento no Rio, o ministro de Ci\u00eancia e Tecnologia, Clelio Campolina, ex-reitor da Universidade Federal de Minas Gerais, apresentou proposta pol\u00eamica, de limitar decis\u00f5es nas institui\u00e7\u00f5es de ensino superior aos docentes. Em muitas universidades, as decis\u00f5es s\u00e3o tomadas por conselhos formados por estudantes e t\u00e9cnicos-administrativos, por exemplo. \u201cA democracia tem que ser praticada, mas quem tem que tomar as decis\u00f5es s\u00e3o os seus cientistas\u201d, declarou.<\/p>\n<p>\tNo evento, os especialistas propuseram ainda a reforma das grades curriculares de cursos com redu\u00e7\u00e3o da carga hor\u00e1ria e mais tempo para o aluno se dedicar sozinho aos estudos.<\/span><\/p>\n<p style=\"margin-bottom: 0cm\">\n\t&nbsp;<\/p>\n","protected":false},"excerpt":{"rendered":"<p>O governo federal estuda a contrata\u00e7\u00e3o de professores para institui\u00e7\u00f5es de ensino superior por meio de organiza\u00e7\u00f5es sociais (OS), o que, na pr\u00e1tica, significa uma forma de terceiriza\u00e7\u00e3o nas universidades federais, j\u00e1 que a contrata\u00e7\u00e3o seria por meio da CLT (Consolida\u00e7\u00e3o das Leis Trabalhistas). A proposta foi apresentada na \u00faltima segunda-feira (22) pelo presidente da [&hellip;]<\/p>\n","protected":false},"author":2,"featured_media":0,"comment_status":"open","ping_status":"open","sticky":false,"template":"","format":"standard","meta":{"_acf_changed":false,"footnotes":""},"categories":[4766,6],"tags":[],"class_list":{"0":"post-2991","1":"post","2":"type-post","3":"status-publish","4":"format-standard","6":"category-arquivo","7":"category-noticias"},"acf":[],"yoast_head":"<!-- This site is optimized with the Yoast SEO plugin v26.5 - https:\/\/yoast.com\/wordpress\/plugins\/seo\/ -->\n<title>Terceiriza\u00e7\u00e3o: Governo federal defende contrata\u00e7\u00e3o de professores das universidades p\u00fablicas por organiza\u00e7\u00f5es sociais - PSOL 50<\/title>\n<meta name=\"robots\" content=\"index, follow, max-snippet:-1, max-image-preview:large, max-video-preview:-1\" \/>\n<link rel=\"canonical\" href=\"https:\/\/psol50.org.br\/terceirizacao-governo-federal-defende-contratacao-de-professores-das-universidades-publicas-por-organizacoes-sociais\/\" \/>\n<meta property=\"og:locale\" content=\"pt_BR\" \/>\n<meta property=\"og:type\" content=\"article\" \/>\n<meta property=\"og:title\" content=\"Terceiriza\u00e7\u00e3o: Governo federal defende contrata\u00e7\u00e3o de professores das universidades p\u00fablicas por organiza\u00e7\u00f5es sociais - PSOL 50\" \/>\n<meta property=\"og:description\" content=\"O governo federal estuda a contrata\u00e7\u00e3o de professores para institui\u00e7\u00f5es de ensino superior por meio de organiza\u00e7\u00f5es sociais (OS), o que, na pr\u00e1tica, significa uma forma de terceiriza\u00e7\u00e3o nas universidades federais, j\u00e1 que a contrata\u00e7\u00e3o seria por meio da CLT (Consolida\u00e7\u00e3o das Leis Trabalhistas). A proposta foi apresentada na \u00faltima segunda-feira (22) pelo presidente da [&hellip;]\" \/>\n<meta property=\"og:url\" content=\"https:\/\/psol50.org.br\/terceirizacao-governo-federal-defende-contratacao-de-professores-das-universidades-publicas-por-organizacoes-sociais\/\" \/>\n<meta property=\"og:site_name\" content=\"PSOL 50\" \/>\n<meta property=\"article:publisher\" content=\"https:\/\/www.facebook.com\/psol50\" \/>\n<meta property=\"article:published_time\" content=\"2014-09-25T15:48:12+00:00\" \/>\n<meta property=\"og:image\" content=\"https:\/\/psol50.org.br\/inc\/uploads\/2018\/07\/capa.png\" \/>\n\t<meta property=\"og:image:width\" content=\"1350\" \/>\n\t<meta property=\"og:image:height\" content=\"900\" \/>\n\t<meta property=\"og:image:type\" content=\"image\/png\" \/>\n<meta name=\"author\" content=\"Comunica\u00e7\u00e3o PSOL\" \/>\n<meta name=\"twitter:card\" content=\"summary_large_image\" \/>\n<meta name=\"twitter:creator\" content=\"@psol50\" \/>\n<meta name=\"twitter:site\" content=\"@psol50\" \/>\n<meta name=\"twitter:label1\" content=\"Escrito por\" \/>\n\t<meta name=\"twitter:data1\" content=\"Comunica\u00e7\u00e3o PSOL\" \/>\n\t<meta name=\"twitter:label2\" content=\"Est. tempo de leitura\" \/>\n\t<meta name=\"twitter:data2\" content=\"2 minutos\" \/>\n<script type=\"application\/ld+json\" class=\"yoast-schema-graph\">{\"@context\":\"https:\/\/schema.org\",\"@graph\":[{\"@type\":\"Article\",\"@id\":\"https:\/\/psol50.org.br\/terceirizacao-governo-federal-defende-contratacao-de-professores-das-universidades-publicas-por-organizacoes-sociais\/#article\",\"isPartOf\":{\"@id\":\"https:\/\/psol50.org.br\/terceirizacao-governo-federal-defende-contratacao-de-professores-das-universidades-publicas-por-organizacoes-sociais\/\"},\"author\":{\"name\":\"Comunica\u00e7\u00e3o PSOL\",\"@id\":\"https:\/\/psol50.org.br\/#\/schema\/person\/475dfa57d0b815993c714c2e96491fcd\"},\"headline\":\"Terceiriza\u00e7\u00e3o: Governo federal defende contrata\u00e7\u00e3o de professores das universidades p\u00fablicas por organiza\u00e7\u00f5es sociais\",\"datePublished\":\"2014-09-25T15:48:12+00:00\",\"mainEntityOfPage\":{\"@id\":\"https:\/\/psol50.org.br\/terceirizacao-governo-federal-defende-contratacao-de-professores-das-universidades-publicas-por-organizacoes-sociais\/\"},\"wordCount\":511,\"commentCount\":0,\"publisher\":{\"@id\":\"https:\/\/psol50.org.br\/#organization\"},\"articleSection\":[\"Arquivo\",\"Not\u00edcias\"],\"inLanguage\":\"pt-BR\",\"potentialAction\":[{\"@type\":\"CommentAction\",\"name\":\"Comment\",\"target\":[\"https:\/\/psol50.org.br\/terceirizacao-governo-federal-defende-contratacao-de-professores-das-universidades-publicas-por-organizacoes-sociais\/#respond\"]}]},{\"@type\":\"WebPage\",\"@id\":\"https:\/\/psol50.org.br\/terceirizacao-governo-federal-defende-contratacao-de-professores-das-universidades-publicas-por-organizacoes-sociais\/\",\"url\":\"https:\/\/psol50.org.br\/terceirizacao-governo-federal-defende-contratacao-de-professores-das-universidades-publicas-por-organizacoes-sociais\/\",\"name\":\"Terceiriza\u00e7\u00e3o: Governo federal defende contrata\u00e7\u00e3o de professores das universidades p\u00fablicas por organiza\u00e7\u00f5es sociais - PSOL 50\",\"isPartOf\":{\"@id\":\"https:\/\/psol50.org.br\/#website\"},\"datePublished\":\"2014-09-25T15:48:12+00:00\",\"breadcrumb\":{\"@id\":\"https:\/\/psol50.org.br\/terceirizacao-governo-federal-defende-contratacao-de-professores-das-universidades-publicas-por-organizacoes-sociais\/#breadcrumb\"},\"inLanguage\":\"pt-BR\",\"potentialAction\":[{\"@type\":\"ReadAction\",\"target\":[\"https:\/\/psol50.org.br\/terceirizacao-governo-federal-defende-contratacao-de-professores-das-universidades-publicas-por-organizacoes-sociais\/\"]}]},{\"@type\":\"BreadcrumbList\",\"@id\":\"https:\/\/psol50.org.br\/terceirizacao-governo-federal-defende-contratacao-de-professores-das-universidades-publicas-por-organizacoes-sociais\/#breadcrumb\",\"itemListElement\":[{\"@type\":\"ListItem\",\"position\":1,\"name\":\"In\u00edcio\",\"item\":\"https:\/\/psol50.org.br\/\"},{\"@type\":\"ListItem\",\"position\":2,\"name\":\"Terceiriza\u00e7\u00e3o: Governo federal defende contrata\u00e7\u00e3o de professores das universidades p\u00fablicas por organiza\u00e7\u00f5es sociais\"}]},{\"@type\":\"WebSite\",\"@id\":\"https:\/\/psol50.org.br\/#website\",\"url\":\"https:\/\/psol50.org.br\/\",\"name\":\"PSOL 50\",\"description\":\"Site oficial do Partido Socialismo e Liberdade\",\"publisher\":{\"@id\":\"https:\/\/psol50.org.br\/#organization\"},\"alternateName\":\"PSOL50\",\"potentialAction\":[{\"@type\":\"SearchAction\",\"target\":{\"@type\":\"EntryPoint\",\"urlTemplate\":\"https:\/\/psol50.org.br\/?s={search_term_string}\"},\"query-input\":{\"@type\":\"PropertyValueSpecification\",\"valueRequired\":true,\"valueName\":\"search_term_string\"}}],\"inLanguage\":\"pt-BR\"},{\"@type\":\"Organization\",\"@id\":\"https:\/\/psol50.org.br\/#organization\",\"name\":\"PSOL 50\",\"alternateName\":\"PSOL 50\",\"url\":\"https:\/\/psol50.org.br\/\",\"logo\":{\"@type\":\"ImageObject\",\"inLanguage\":\"pt-BR\",\"@id\":\"https:\/\/psol50.org.br\/#\/schema\/logo\/image\/\",\"url\":\"https:\/\/psol50.org.br\/inc\/uploads\/2018\/07\/capa.png\",\"contentUrl\":\"https:\/\/psol50.org.br\/inc\/uploads\/2018\/07\/capa.png\",\"width\":1350,\"height\":900,\"caption\":\"PSOL 50\"},\"image\":{\"@id\":\"https:\/\/psol50.org.br\/#\/schema\/logo\/image\/\"},\"sameAs\":[\"https:\/\/www.facebook.com\/psol50\",\"https:\/\/x.com\/psol50\",\"https:\/\/www.instagram.com\/psol50\/\",\"https:\/\/www.youtube.com\/channel\/UC7SnJS5o1os7a6CaiNabzcg\"]},{\"@type\":\"Person\",\"@id\":\"https:\/\/psol50.org.br\/#\/schema\/person\/475dfa57d0b815993c714c2e96491fcd\",\"name\":\"Comunica\u00e7\u00e3o PSOL\",\"image\":{\"@type\":\"ImageObject\",\"inLanguage\":\"pt-BR\",\"@id\":\"https:\/\/psol50.org.br\/#\/schema\/person\/image\/\",\"url\":\"https:\/\/secure.gravatar.com\/avatar\/b34fc4f4e468a4e51785917065a3db57b841f5c95dba6ad8c73aaf8f66f8f9bf?s=96&d=mm&r=g\",\"contentUrl\":\"https:\/\/secure.gravatar.com\/avatar\/b34fc4f4e468a4e51785917065a3db57b841f5c95dba6ad8c73aaf8f66f8f9bf?s=96&d=mm&r=g\",\"caption\":\"Comunica\u00e7\u00e3o PSOL\"}}]}<\/script>\n<!-- \/ Yoast SEO plugin. -->","yoast_head_json":{"title":"Terceiriza\u00e7\u00e3o: Governo federal defende contrata\u00e7\u00e3o de professores das universidades p\u00fablicas por organiza\u00e7\u00f5es sociais - PSOL 50","robots":{"index":"index","follow":"follow","max-snippet":"max-snippet:-1","max-image-preview":"max-image-preview:large","max-video-preview":"max-video-preview:-1"},"canonical":"https:\/\/psol50.org.br\/terceirizacao-governo-federal-defende-contratacao-de-professores-das-universidades-publicas-por-organizacoes-sociais\/","og_locale":"pt_BR","og_type":"article","og_title":"Terceiriza\u00e7\u00e3o: Governo federal defende contrata\u00e7\u00e3o de professores das universidades p\u00fablicas por organiza\u00e7\u00f5es sociais - PSOL 50","og_description":"O governo federal estuda a contrata\u00e7\u00e3o de professores para institui\u00e7\u00f5es de ensino superior por meio de organiza\u00e7\u00f5es sociais (OS), o que, na pr\u00e1tica, significa uma forma de terceiriza\u00e7\u00e3o nas universidades federais, j\u00e1 que a contrata\u00e7\u00e3o seria por meio da CLT (Consolida\u00e7\u00e3o das Leis Trabalhistas). A proposta foi apresentada na \u00faltima segunda-feira (22) pelo presidente da [&hellip;]","og_url":"https:\/\/psol50.org.br\/terceirizacao-governo-federal-defende-contratacao-de-professores-das-universidades-publicas-por-organizacoes-sociais\/","og_site_name":"PSOL 50","article_publisher":"https:\/\/www.facebook.com\/psol50","article_published_time":"2014-09-25T15:48:12+00:00","og_image":[{"width":1350,"height":900,"url":"https:\/\/psol50.org.br\/inc\/uploads\/2018\/07\/capa.png","type":"image\/png"}],"author":"Comunica\u00e7\u00e3o PSOL","twitter_card":"summary_large_image","twitter_creator":"@psol50","twitter_site":"@psol50","twitter_misc":{"Escrito por":"Comunica\u00e7\u00e3o PSOL","Est. tempo de leitura":"2 minutos"},"schema":{"@context":"https:\/\/schema.org","@graph":[{"@type":"Article","@id":"https:\/\/psol50.org.br\/terceirizacao-governo-federal-defende-contratacao-de-professores-das-universidades-publicas-por-organizacoes-sociais\/#article","isPartOf":{"@id":"https:\/\/psol50.org.br\/terceirizacao-governo-federal-defende-contratacao-de-professores-das-universidades-publicas-por-organizacoes-sociais\/"},"author":{"name":"Comunica\u00e7\u00e3o PSOL","@id":"https:\/\/psol50.org.br\/#\/schema\/person\/475dfa57d0b815993c714c2e96491fcd"},"headline":"Terceiriza\u00e7\u00e3o: Governo federal defende contrata\u00e7\u00e3o de professores das universidades p\u00fablicas por organiza\u00e7\u00f5es sociais","datePublished":"2014-09-25T15:48:12+00:00","mainEntityOfPage":{"@id":"https:\/\/psol50.org.br\/terceirizacao-governo-federal-defende-contratacao-de-professores-das-universidades-publicas-por-organizacoes-sociais\/"},"wordCount":511,"commentCount":0,"publisher":{"@id":"https:\/\/psol50.org.br\/#organization"},"articleSection":["Arquivo","Not\u00edcias"],"inLanguage":"pt-BR","potentialAction":[{"@type":"CommentAction","name":"Comment","target":["https:\/\/psol50.org.br\/terceirizacao-governo-federal-defende-contratacao-de-professores-das-universidades-publicas-por-organizacoes-sociais\/#respond"]}]},{"@type":"WebPage","@id":"https:\/\/psol50.org.br\/terceirizacao-governo-federal-defende-contratacao-de-professores-das-universidades-publicas-por-organizacoes-sociais\/","url":"https:\/\/psol50.org.br\/terceirizacao-governo-federal-defende-contratacao-de-professores-das-universidades-publicas-por-organizacoes-sociais\/","name":"Terceiriza\u00e7\u00e3o: Governo federal defende contrata\u00e7\u00e3o de professores das universidades p\u00fablicas por organiza\u00e7\u00f5es sociais - PSOL 50","isPartOf":{"@id":"https:\/\/psol50.org.br\/#website"},"datePublished":"2014-09-25T15:48:12+00:00","breadcrumb":{"@id":"https:\/\/psol50.org.br\/terceirizacao-governo-federal-defende-contratacao-de-professores-das-universidades-publicas-por-organizacoes-sociais\/#breadcrumb"},"inLanguage":"pt-BR","potentialAction":[{"@type":"ReadAction","target":["https:\/\/psol50.org.br\/terceirizacao-governo-federal-defende-contratacao-de-professores-das-universidades-publicas-por-organizacoes-sociais\/"]}]},{"@type":"BreadcrumbList","@id":"https:\/\/psol50.org.br\/terceirizacao-governo-federal-defende-contratacao-de-professores-das-universidades-publicas-por-organizacoes-sociais\/#breadcrumb","itemListElement":[{"@type":"ListItem","position":1,"name":"In\u00edcio","item":"https:\/\/psol50.org.br\/"},{"@type":"ListItem","position":2,"name":"Terceiriza\u00e7\u00e3o: Governo federal defende contrata\u00e7\u00e3o de professores das universidades p\u00fablicas por organiza\u00e7\u00f5es sociais"}]},{"@type":"WebSite","@id":"https:\/\/psol50.org.br\/#website","url":"https:\/\/psol50.org.br\/","name":"PSOL 50","description":"Site oficial do Partido Socialismo e Liberdade","publisher":{"@id":"https:\/\/psol50.org.br\/#organization"},"alternateName":"PSOL50","potentialAction":[{"@type":"SearchAction","target":{"@type":"EntryPoint","urlTemplate":"https:\/\/psol50.org.br\/?s={search_term_string}"},"query-input":{"@type":"PropertyValueSpecification","valueRequired":true,"valueName":"search_term_string"}}],"inLanguage":"pt-BR"},{"@type":"Organization","@id":"https:\/\/psol50.org.br\/#organization","name":"PSOL 50","alternateName":"PSOL 50","url":"https:\/\/psol50.org.br\/","logo":{"@type":"ImageObject","inLanguage":"pt-BR","@id":"https:\/\/psol50.org.br\/#\/schema\/logo\/image\/","url":"https:\/\/psol50.org.br\/inc\/uploads\/2018\/07\/capa.png","contentUrl":"https:\/\/psol50.org.br\/inc\/uploads\/2018\/07\/capa.png","width":1350,"height":900,"caption":"PSOL 50"},"image":{"@id":"https:\/\/psol50.org.br\/#\/schema\/logo\/image\/"},"sameAs":["https:\/\/www.facebook.com\/psol50","https:\/\/x.com\/psol50","https:\/\/www.instagram.com\/psol50\/","https:\/\/www.youtube.com\/channel\/UC7SnJS5o1os7a6CaiNabzcg"]},{"@type":"Person","@id":"https:\/\/psol50.org.br\/#\/schema\/person\/475dfa57d0b815993c714c2e96491fcd","name":"Comunica\u00e7\u00e3o PSOL","image":{"@type":"ImageObject","inLanguage":"pt-BR","@id":"https:\/\/psol50.org.br\/#\/schema\/person\/image\/","url":"https:\/\/secure.gravatar.com\/avatar\/b34fc4f4e468a4e51785917065a3db57b841f5c95dba6ad8c73aaf8f66f8f9bf?s=96&d=mm&r=g","contentUrl":"https:\/\/secure.gravatar.com\/avatar\/b34fc4f4e468a4e51785917065a3db57b841f5c95dba6ad8c73aaf8f66f8f9bf?s=96&d=mm&r=g","caption":"Comunica\u00e7\u00e3o PSOL"}}]}},"_links":{"self":[{"href":"https:\/\/psol50.org.br\/rest\/wp\/v2\/posts\/2991","targetHints":{"allow":["GET"]}}],"collection":[{"href":"https:\/\/psol50.org.br\/rest\/wp\/v2\/posts"}],"about":[{"href":"https:\/\/psol50.org.br\/rest\/wp\/v2\/types\/post"}],"author":[{"embeddable":true,"href":"https:\/\/psol50.org.br\/rest\/wp\/v2\/users\/2"}],"replies":[{"embeddable":true,"href":"https:\/\/psol50.org.br\/rest\/wp\/v2\/comments?post=2991"}],"version-history":[{"count":0,"href":"https:\/\/psol50.org.br\/rest\/wp\/v2\/posts\/2991\/revisions"}],"wp:attachment":[{"href":"https:\/\/psol50.org.br\/rest\/wp\/v2\/media?parent=2991"}],"wp:term":[{"taxonomy":"category","embeddable":true,"href":"https:\/\/psol50.org.br\/rest\/wp\/v2\/categories?post=2991"},{"taxonomy":"post_tag","embeddable":true,"href":"https:\/\/psol50.org.br\/rest\/wp\/v2\/tags?post=2991"}],"curies":[{"name":"wp","href":"https:\/\/api.w.org\/{rel}","templated":true}]}}