{"id":2993,"date":"2014-09-26T00:00:00","date_gmt":"2014-09-26T14:45:22","guid":{"rendered":"http:\/\/psol50.org.br\/arquivo\/2014\/09\/26\/quero-ganhar-as-eleicoes-e-fazer-avancar-as-pautas-democraticas-afirma-luciana-genro-em-sao-goncalo\/"},"modified":"2014-09-26T00:00:00","modified_gmt":"2014-09-26T14:45:22","slug":"quero-ganhar-as-eleicoes-e-fazer-avancar-as-pautas-democraticas-afirma-luciana-genro-em-sao-goncalo","status":"publish","type":"post","link":"https:\/\/psol50.org.br\/quero-ganhar-as-eleicoes-e-fazer-avancar-as-pautas-democraticas-afirma-luciana-genro-em-sao-goncalo\/","title":{"rendered":"\u201cQuero ganhar as elei\u00e7\u00f5es e fazer avan\u00e7ar as pautas democr\u00e1ticas\u201d, afirma Luciana Genro em S\u00e3o Gon\u00e7alo"},"content":{"rendered":"<p style=\"text-align: justify;\">\n\t<span style=\"font-family:arial,helvetica,sans-serif;\"><span style=\"font-size: 12px;\">Por <em>Reda\u00e7\u00e3o #Equipe50<\/em><\/p>\n<p>\tEm debate com mais de 500 estudantes no campus da UERJ em S\u00e3o Gon\u00e7alo-RJ, a candidata do PSOL \u00e0 Presid\u00eancia da Rep\u00fablica, Luciana Genro, apresentou suas propostas para o pa\u00eds e defendeu a import\u00e2ncia de manter a coer\u00eancia e evitar as conveni\u00eancias eleitoreiras na campanha. \u201cRafinha Bastos me perguntou se eu quero ganhar as elei\u00e7\u00f5es defendendo temas pol\u00eamicos. \u00c9 claro que eu quero ganhar e fazer avan\u00e7ar as pautas democr\u00e1ticas. Para isso n\u00e3o vamos tomar atalhos, como o PT tomou e a Marina quer tomar agora. A Carta ao Povo Brasileiro de 2003 de Lula, destinada a acalmar os banqueiros, era incompat\u00edvel com a promessa de mudan\u00e7a. Marina, com a promessa de autonomia formal do Banco Central faz o mesmo gesto. Marina n\u00e3o \u00e9 a nova pol\u00edtica. Nova pol\u00edtica somos n\u00f3s que estamos fazendo, nas ruas, nas mobiliza\u00e7\u00f5es\u201d, disse a presidenci\u00e1vel.<br \/>\n\t&nbsp;<br \/>\n\tParticiparam do evento lideran\u00e7as do PSOL como o candidato a governador do Rio de Janeiro, Tarc\u00edsio Motta, o candidato ao Senado, Pedro Rosa, o deputado federal Chico Alencar e o candidato a deputado estadual Professor Josemar.<\/p>\n<p>\t<strong>Transporte p\u00fablico de qualidade<\/strong><br \/>\n\tMais cedo, Luciana participou de uma caminhada com a milit\u00e2ncia na cidade, da Pra\u00e7a Z\u00e9 Garoto at\u00e9 a Pra\u00e7a do Rodo, onde dialogou com a popula\u00e7\u00e3o e defendeu as propostas do partido para o pa\u00eds. Em entrevista \u00e0 imprensa, ela destacou a import\u00e2ncia de investir em transporte p\u00fablico. \u201cAs pessoas que vivem nas regi\u00f5es metropolitanas enfrentam grandes congestionamentos para conseguir ir para o trabalho e depois retornar para suas resid\u00eancias. Aqui no Rio de Janeiro, temos o exemplo de um metr\u00f4 que privilegiou uma zona nobre em detrimento de uma zona metropolitana, como a de S\u00e3o Gon\u00e7alo. Isso \u00e9 inaceit\u00e1vel. Justamente as regi\u00f5es de maior concentra\u00e7\u00e3o de pessoas de baixa renda que n\u00f3s precisamos que sejam servidas pelo metr\u00f4, oferecendo um transporte p\u00fablico de melhor qualidade, com maior efici\u00eancia e mais rapidez\u201d, afirmou a candidata.<\/p>\n<p>\tLuciana tamb\u00e9m prop\u00f4s um sistema de transporte que sirva \u00e0 popula\u00e7\u00e3o de forma integrada. \u201cPrecisamos de um plano de mobilidade urbana que integre os diversos modais: desde o metr\u00f4 at\u00e9 o \u00f4nibus, passando pelo modal aquavi\u00e1rio, que aqui na regi\u00e3o \u00e9 importante tamb\u00e9m, e esse sistema precisa estar integrado. Para isso, vamos criar um fundo federal que vai ajudar a financiar e inclusive baratear a tarifa dos \u00f4nibus. Uma das nossas propostas \u00e9 chegar, nos quatro anos, \u00e0 tarifa zero no transporte coletivo, mas para isso n\u00e3o vamos subsidiar o lucro dos empres\u00e1rios; \u00e9 preciso que o transporte seja efetivamente p\u00fablico e de qualidade, com cumprimento rigoroso de hor\u00e1rios e conforto para os passageiros\u201d explicou a presidenci\u00e1vel.<\/span><\/span><\/p>\n<div style=\"text-align: justify;\">\n\t&nbsp;<\/div>\n","protected":false},"excerpt":{"rendered":"<p>Por Reda\u00e7\u00e3o #Equipe50 Em debate com mais de 500 estudantes no campus da UERJ em S\u00e3o Gon\u00e7alo-RJ, a candidata do PSOL \u00e0 Presid\u00eancia da Rep\u00fablica, Luciana Genro, apresentou suas propostas para o pa\u00eds e defendeu a import\u00e2ncia de manter a coer\u00eancia e evitar as conveni\u00eancias eleitoreiras na campanha. \u201cRafinha Bastos me perguntou se eu quero [&hellip;]<\/p>\n","protected":false},"author":2,"featured_media":0,"comment_status":"open","ping_status":"open","sticky":false,"template":"","format":"standard","meta":{"_acf_changed":false,"footnotes":""},"categories":[4766,4960,6],"tags":[2506],"class_list":{"0":"post-2993","1":"post","2":"type-post","3":"status-publish","4":"format-standard","6":"category-arquivo","7":"category-eleicoes-2014","8":"category-noticias","9":"tag-eleicoes-2014"},"acf":[],"yoast_head":"<!-- This site is optimized with the Yoast SEO plugin v26.5 - https:\/\/yoast.com\/wordpress\/plugins\/seo\/ -->\n<title>\u201cQuero ganhar as elei\u00e7\u00f5es e fazer avan\u00e7ar as pautas democr\u00e1ticas\u201d, afirma Luciana Genro em S\u00e3o Gon\u00e7alo - PSOL 50<\/title>\n<meta name=\"robots\" content=\"index, follow, max-snippet:-1, max-image-preview:large, max-video-preview:-1\" \/>\n<link rel=\"canonical\" href=\"https:\/\/psol50.org.br\/quero-ganhar-as-eleicoes-e-fazer-avancar-as-pautas-democraticas-afirma-luciana-genro-em-sao-goncalo\/\" \/>\n<meta property=\"og:locale\" content=\"pt_BR\" \/>\n<meta property=\"og:type\" content=\"article\" \/>\n<meta property=\"og:title\" content=\"\u201cQuero ganhar as elei\u00e7\u00f5es e fazer avan\u00e7ar as pautas democr\u00e1ticas\u201d, afirma Luciana Genro em S\u00e3o Gon\u00e7alo - PSOL 50\" \/>\n<meta property=\"og:description\" content=\"Por Reda\u00e7\u00e3o #Equipe50 Em debate com mais de 500 estudantes no campus da UERJ em S\u00e3o Gon\u00e7alo-RJ, a candidata do PSOL \u00e0 Presid\u00eancia da Rep\u00fablica, Luciana Genro, apresentou suas propostas para o pa\u00eds e defendeu a import\u00e2ncia de manter a coer\u00eancia e evitar as conveni\u00eancias eleitoreiras na campanha. \u201cRafinha Bastos me perguntou se eu quero [&hellip;]\" \/>\n<meta property=\"og:url\" content=\"https:\/\/psol50.org.br\/quero-ganhar-as-eleicoes-e-fazer-avancar-as-pautas-democraticas-afirma-luciana-genro-em-sao-goncalo\/\" \/>\n<meta property=\"og:site_name\" content=\"PSOL 50\" \/>\n<meta property=\"article:publisher\" content=\"https:\/\/www.facebook.com\/psol50\" \/>\n<meta property=\"article:published_time\" content=\"2014-09-26T14:45:22+00:00\" \/>\n<meta property=\"og:image\" content=\"https:\/\/psol50.org.br\/inc\/uploads\/2018\/07\/capa.png\" \/>\n\t<meta property=\"og:image:width\" content=\"1350\" \/>\n\t<meta property=\"og:image:height\" content=\"900\" \/>\n\t<meta property=\"og:image:type\" content=\"image\/png\" \/>\n<meta name=\"author\" content=\"Comunica\u00e7\u00e3o PSOL\" \/>\n<meta name=\"twitter:card\" content=\"summary_large_image\" \/>\n<meta name=\"twitter:creator\" content=\"@psol50\" \/>\n<meta name=\"twitter:site\" content=\"@psol50\" \/>\n<meta name=\"twitter:label1\" content=\"Escrito por\" \/>\n\t<meta name=\"twitter:data1\" content=\"Comunica\u00e7\u00e3o PSOL\" \/>\n\t<meta name=\"twitter:label2\" content=\"Est. tempo de leitura\" \/>\n\t<meta name=\"twitter:data2\" content=\"2 minutos\" \/>\n<script type=\"application\/ld+json\" class=\"yoast-schema-graph\">{\"@context\":\"https:\/\/schema.org\",\"@graph\":[{\"@type\":\"Article\",\"@id\":\"https:\/\/psol50.org.br\/quero-ganhar-as-eleicoes-e-fazer-avancar-as-pautas-democraticas-afirma-luciana-genro-em-sao-goncalo\/#article\",\"isPartOf\":{\"@id\":\"https:\/\/psol50.org.br\/quero-ganhar-as-eleicoes-e-fazer-avancar-as-pautas-democraticas-afirma-luciana-genro-em-sao-goncalo\/\"},\"author\":{\"name\":\"Comunica\u00e7\u00e3o PSOL\",\"@id\":\"https:\/\/psol50.org.br\/#\/schema\/person\/475dfa57d0b815993c714c2e96491fcd\"},\"headline\":\"\u201cQuero ganhar as elei\u00e7\u00f5es e fazer avan\u00e7ar as pautas democr\u00e1ticas\u201d, afirma Luciana Genro em S\u00e3o Gon\u00e7alo\",\"datePublished\":\"2014-09-26T14:45:22+00:00\",\"mainEntityOfPage\":{\"@id\":\"https:\/\/psol50.org.br\/quero-ganhar-as-eleicoes-e-fazer-avancar-as-pautas-democraticas-afirma-luciana-genro-em-sao-goncalo\/\"},\"wordCount\":500,\"commentCount\":0,\"publisher\":{\"@id\":\"https:\/\/psol50.org.br\/#organization\"},\"keywords\":[\"elei\u00e7\u00f5es 2014\"],\"articleSection\":[\"Arquivo\",\"ELEI\u00c7\u00d5ES 2014\",\"Not\u00edcias\"],\"inLanguage\":\"pt-BR\",\"potentialAction\":[{\"@type\":\"CommentAction\",\"name\":\"Comment\",\"target\":[\"https:\/\/psol50.org.br\/quero-ganhar-as-eleicoes-e-fazer-avancar-as-pautas-democraticas-afirma-luciana-genro-em-sao-goncalo\/#respond\"]}]},{\"@type\":\"WebPage\",\"@id\":\"https:\/\/psol50.org.br\/quero-ganhar-as-eleicoes-e-fazer-avancar-as-pautas-democraticas-afirma-luciana-genro-em-sao-goncalo\/\",\"url\":\"https:\/\/psol50.org.br\/quero-ganhar-as-eleicoes-e-fazer-avancar-as-pautas-democraticas-afirma-luciana-genro-em-sao-goncalo\/\",\"name\":\"\u201cQuero ganhar as elei\u00e7\u00f5es e fazer avan\u00e7ar as pautas democr\u00e1ticas\u201d, afirma Luciana Genro em S\u00e3o Gon\u00e7alo - PSOL 50\",\"isPartOf\":{\"@id\":\"https:\/\/psol50.org.br\/#website\"},\"datePublished\":\"2014-09-26T14:45:22+00:00\",\"breadcrumb\":{\"@id\":\"https:\/\/psol50.org.br\/quero-ganhar-as-eleicoes-e-fazer-avancar-as-pautas-democraticas-afirma-luciana-genro-em-sao-goncalo\/#breadcrumb\"},\"inLanguage\":\"pt-BR\",\"potentialAction\":[{\"@type\":\"ReadAction\",\"target\":[\"https:\/\/psol50.org.br\/quero-ganhar-as-eleicoes-e-fazer-avancar-as-pautas-democraticas-afirma-luciana-genro-em-sao-goncalo\/\"]}]},{\"@type\":\"BreadcrumbList\",\"@id\":\"https:\/\/psol50.org.br\/quero-ganhar-as-eleicoes-e-fazer-avancar-as-pautas-democraticas-afirma-luciana-genro-em-sao-goncalo\/#breadcrumb\",\"itemListElement\":[{\"@type\":\"ListItem\",\"position\":1,\"name\":\"In\u00edcio\",\"item\":\"https:\/\/psol50.org.br\/\"},{\"@type\":\"ListItem\",\"position\":2,\"name\":\"\u201cQuero ganhar as elei\u00e7\u00f5es e fazer avan\u00e7ar as pautas democr\u00e1ticas\u201d, afirma Luciana Genro em S\u00e3o Gon\u00e7alo\"}]},{\"@type\":\"WebSite\",\"@id\":\"https:\/\/psol50.org.br\/#website\",\"url\":\"https:\/\/psol50.org.br\/\",\"name\":\"PSOL 50\",\"description\":\"Site oficial do Partido Socialismo e Liberdade\",\"publisher\":{\"@id\":\"https:\/\/psol50.org.br\/#organization\"},\"alternateName\":\"PSOL50\",\"potentialAction\":[{\"@type\":\"SearchAction\",\"target\":{\"@type\":\"EntryPoint\",\"urlTemplate\":\"https:\/\/psol50.org.br\/?s={search_term_string}\"},\"query-input\":{\"@type\":\"PropertyValueSpecification\",\"valueRequired\":true,\"valueName\":\"search_term_string\"}}],\"inLanguage\":\"pt-BR\"},{\"@type\":\"Organization\",\"@id\":\"https:\/\/psol50.org.br\/#organization\",\"name\":\"PSOL 50\",\"alternateName\":\"PSOL 50\",\"url\":\"https:\/\/psol50.org.br\/\",\"logo\":{\"@type\":\"ImageObject\",\"inLanguage\":\"pt-BR\",\"@id\":\"https:\/\/psol50.org.br\/#\/schema\/logo\/image\/\",\"url\":\"https:\/\/psol50.org.br\/inc\/uploads\/2018\/07\/capa.png\",\"contentUrl\":\"https:\/\/psol50.org.br\/inc\/uploads\/2018\/07\/capa.png\",\"width\":1350,\"height\":900,\"caption\":\"PSOL 50\"},\"image\":{\"@id\":\"https:\/\/psol50.org.br\/#\/schema\/logo\/image\/\"},\"sameAs\":[\"https:\/\/www.facebook.com\/psol50\",\"https:\/\/x.com\/psol50\",\"https:\/\/www.instagram.com\/psol50\/\",\"https:\/\/www.youtube.com\/channel\/UC7SnJS5o1os7a6CaiNabzcg\"]},{\"@type\":\"Person\",\"@id\":\"https:\/\/psol50.org.br\/#\/schema\/person\/475dfa57d0b815993c714c2e96491fcd\",\"name\":\"Comunica\u00e7\u00e3o PSOL\",\"image\":{\"@type\":\"ImageObject\",\"inLanguage\":\"pt-BR\",\"@id\":\"https:\/\/psol50.org.br\/#\/schema\/person\/image\/\",\"url\":\"https:\/\/secure.gravatar.com\/avatar\/b34fc4f4e468a4e51785917065a3db57b841f5c95dba6ad8c73aaf8f66f8f9bf?s=96&d=mm&r=g\",\"contentUrl\":\"https:\/\/secure.gravatar.com\/avatar\/b34fc4f4e468a4e51785917065a3db57b841f5c95dba6ad8c73aaf8f66f8f9bf?s=96&d=mm&r=g\",\"caption\":\"Comunica\u00e7\u00e3o PSOL\"}}]}<\/script>\n<!-- \/ Yoast SEO plugin. -->","yoast_head_json":{"title":"\u201cQuero ganhar as elei\u00e7\u00f5es e fazer avan\u00e7ar as pautas democr\u00e1ticas\u201d, afirma Luciana Genro em S\u00e3o Gon\u00e7alo - PSOL 50","robots":{"index":"index","follow":"follow","max-snippet":"max-snippet:-1","max-image-preview":"max-image-preview:large","max-video-preview":"max-video-preview:-1"},"canonical":"https:\/\/psol50.org.br\/quero-ganhar-as-eleicoes-e-fazer-avancar-as-pautas-democraticas-afirma-luciana-genro-em-sao-goncalo\/","og_locale":"pt_BR","og_type":"article","og_title":"\u201cQuero ganhar as elei\u00e7\u00f5es e fazer avan\u00e7ar as pautas democr\u00e1ticas\u201d, afirma Luciana Genro em S\u00e3o Gon\u00e7alo - PSOL 50","og_description":"Por Reda\u00e7\u00e3o #Equipe50 Em debate com mais de 500 estudantes no campus da UERJ em S\u00e3o Gon\u00e7alo-RJ, a candidata do PSOL \u00e0 Presid\u00eancia da Rep\u00fablica, Luciana Genro, apresentou suas propostas para o pa\u00eds e defendeu a import\u00e2ncia de manter a coer\u00eancia e evitar as conveni\u00eancias eleitoreiras na campanha. \u201cRafinha Bastos me perguntou se eu quero [&hellip;]","og_url":"https:\/\/psol50.org.br\/quero-ganhar-as-eleicoes-e-fazer-avancar-as-pautas-democraticas-afirma-luciana-genro-em-sao-goncalo\/","og_site_name":"PSOL 50","article_publisher":"https:\/\/www.facebook.com\/psol50","article_published_time":"2014-09-26T14:45:22+00:00","og_image":[{"width":1350,"height":900,"url":"https:\/\/psol50.org.br\/inc\/uploads\/2018\/07\/capa.png","type":"image\/png"}],"author":"Comunica\u00e7\u00e3o PSOL","twitter_card":"summary_large_image","twitter_creator":"@psol50","twitter_site":"@psol50","twitter_misc":{"Escrito por":"Comunica\u00e7\u00e3o PSOL","Est. tempo de leitura":"2 minutos"},"schema":{"@context":"https:\/\/schema.org","@graph":[{"@type":"Article","@id":"https:\/\/psol50.org.br\/quero-ganhar-as-eleicoes-e-fazer-avancar-as-pautas-democraticas-afirma-luciana-genro-em-sao-goncalo\/#article","isPartOf":{"@id":"https:\/\/psol50.org.br\/quero-ganhar-as-eleicoes-e-fazer-avancar-as-pautas-democraticas-afirma-luciana-genro-em-sao-goncalo\/"},"author":{"name":"Comunica\u00e7\u00e3o PSOL","@id":"https:\/\/psol50.org.br\/#\/schema\/person\/475dfa57d0b815993c714c2e96491fcd"},"headline":"\u201cQuero ganhar as elei\u00e7\u00f5es e fazer avan\u00e7ar as pautas democr\u00e1ticas\u201d, afirma Luciana Genro em S\u00e3o Gon\u00e7alo","datePublished":"2014-09-26T14:45:22+00:00","mainEntityOfPage":{"@id":"https:\/\/psol50.org.br\/quero-ganhar-as-eleicoes-e-fazer-avancar-as-pautas-democraticas-afirma-luciana-genro-em-sao-goncalo\/"},"wordCount":500,"commentCount":0,"publisher":{"@id":"https:\/\/psol50.org.br\/#organization"},"keywords":["elei\u00e7\u00f5es 2014"],"articleSection":["Arquivo","ELEI\u00c7\u00d5ES 2014","Not\u00edcias"],"inLanguage":"pt-BR","potentialAction":[{"@type":"CommentAction","name":"Comment","target":["https:\/\/psol50.org.br\/quero-ganhar-as-eleicoes-e-fazer-avancar-as-pautas-democraticas-afirma-luciana-genro-em-sao-goncalo\/#respond"]}]},{"@type":"WebPage","@id":"https:\/\/psol50.org.br\/quero-ganhar-as-eleicoes-e-fazer-avancar-as-pautas-democraticas-afirma-luciana-genro-em-sao-goncalo\/","url":"https:\/\/psol50.org.br\/quero-ganhar-as-eleicoes-e-fazer-avancar-as-pautas-democraticas-afirma-luciana-genro-em-sao-goncalo\/","name":"\u201cQuero ganhar as elei\u00e7\u00f5es e fazer avan\u00e7ar as pautas democr\u00e1ticas\u201d, afirma Luciana Genro em S\u00e3o Gon\u00e7alo - PSOL 50","isPartOf":{"@id":"https:\/\/psol50.org.br\/#website"},"datePublished":"2014-09-26T14:45:22+00:00","breadcrumb":{"@id":"https:\/\/psol50.org.br\/quero-ganhar-as-eleicoes-e-fazer-avancar-as-pautas-democraticas-afirma-luciana-genro-em-sao-goncalo\/#breadcrumb"},"inLanguage":"pt-BR","potentialAction":[{"@type":"ReadAction","target":["https:\/\/psol50.org.br\/quero-ganhar-as-eleicoes-e-fazer-avancar-as-pautas-democraticas-afirma-luciana-genro-em-sao-goncalo\/"]}]},{"@type":"BreadcrumbList","@id":"https:\/\/psol50.org.br\/quero-ganhar-as-eleicoes-e-fazer-avancar-as-pautas-democraticas-afirma-luciana-genro-em-sao-goncalo\/#breadcrumb","itemListElement":[{"@type":"ListItem","position":1,"name":"In\u00edcio","item":"https:\/\/psol50.org.br\/"},{"@type":"ListItem","position":2,"name":"\u201cQuero ganhar as elei\u00e7\u00f5es e fazer avan\u00e7ar as pautas democr\u00e1ticas\u201d, afirma Luciana Genro em S\u00e3o Gon\u00e7alo"}]},{"@type":"WebSite","@id":"https:\/\/psol50.org.br\/#website","url":"https:\/\/psol50.org.br\/","name":"PSOL 50","description":"Site oficial do Partido Socialismo e Liberdade","publisher":{"@id":"https:\/\/psol50.org.br\/#organization"},"alternateName":"PSOL50","potentialAction":[{"@type":"SearchAction","target":{"@type":"EntryPoint","urlTemplate":"https:\/\/psol50.org.br\/?s={search_term_string}"},"query-input":{"@type":"PropertyValueSpecification","valueRequired":true,"valueName":"search_term_string"}}],"inLanguage":"pt-BR"},{"@type":"Organization","@id":"https:\/\/psol50.org.br\/#organization","name":"PSOL 50","alternateName":"PSOL 50","url":"https:\/\/psol50.org.br\/","logo":{"@type":"ImageObject","inLanguage":"pt-BR","@id":"https:\/\/psol50.org.br\/#\/schema\/logo\/image\/","url":"https:\/\/psol50.org.br\/inc\/uploads\/2018\/07\/capa.png","contentUrl":"https:\/\/psol50.org.br\/inc\/uploads\/2018\/07\/capa.png","width":1350,"height":900,"caption":"PSOL 50"},"image":{"@id":"https:\/\/psol50.org.br\/#\/schema\/logo\/image\/"},"sameAs":["https:\/\/www.facebook.com\/psol50","https:\/\/x.com\/psol50","https:\/\/www.instagram.com\/psol50\/","https:\/\/www.youtube.com\/channel\/UC7SnJS5o1os7a6CaiNabzcg"]},{"@type":"Person","@id":"https:\/\/psol50.org.br\/#\/schema\/person\/475dfa57d0b815993c714c2e96491fcd","name":"Comunica\u00e7\u00e3o PSOL","image":{"@type":"ImageObject","inLanguage":"pt-BR","@id":"https:\/\/psol50.org.br\/#\/schema\/person\/image\/","url":"https:\/\/secure.gravatar.com\/avatar\/b34fc4f4e468a4e51785917065a3db57b841f5c95dba6ad8c73aaf8f66f8f9bf?s=96&d=mm&r=g","contentUrl":"https:\/\/secure.gravatar.com\/avatar\/b34fc4f4e468a4e51785917065a3db57b841f5c95dba6ad8c73aaf8f66f8f9bf?s=96&d=mm&r=g","caption":"Comunica\u00e7\u00e3o PSOL"}}]}},"_links":{"self":[{"href":"https:\/\/psol50.org.br\/rest\/wp\/v2\/posts\/2993","targetHints":{"allow":["GET"]}}],"collection":[{"href":"https:\/\/psol50.org.br\/rest\/wp\/v2\/posts"}],"about":[{"href":"https:\/\/psol50.org.br\/rest\/wp\/v2\/types\/post"}],"author":[{"embeddable":true,"href":"https:\/\/psol50.org.br\/rest\/wp\/v2\/users\/2"}],"replies":[{"embeddable":true,"href":"https:\/\/psol50.org.br\/rest\/wp\/v2\/comments?post=2993"}],"version-history":[{"count":0,"href":"https:\/\/psol50.org.br\/rest\/wp\/v2\/posts\/2993\/revisions"}],"wp:attachment":[{"href":"https:\/\/psol50.org.br\/rest\/wp\/v2\/media?parent=2993"}],"wp:term":[{"taxonomy":"category","embeddable":true,"href":"https:\/\/psol50.org.br\/rest\/wp\/v2\/categories?post=2993"},{"taxonomy":"post_tag","embeddable":true,"href":"https:\/\/psol50.org.br\/rest\/wp\/v2\/tags?post=2993"}],"curies":[{"name":"wp","href":"https:\/\/api.w.org\/{rel}","templated":true}]}}