{"id":29956,"date":"2020-07-08T16:51:32","date_gmt":"2020-07-08T19:51:32","guid":{"rendered":"https:\/\/psol50.org.br\/?p=29956"},"modified":"2020-07-08T16:51:32","modified_gmt":"2020-07-08T19:51:32","slug":"bolsonaro-e-denunciado-na-onu-por-serie-de-ataques-a-mulheres-jornalistas","status":"publish","type":"post","link":"https:\/\/psol50.org.br\/bolsonaro-e-denunciado-na-onu-por-serie-de-ataques-a-mulheres-jornalistas\/","title":{"rendered":"Bolsonaro \u00e9 denunciado na ONU por s\u00e9rie de ataques a mulheres jornalistas"},"content":{"rendered":"<p><a href=\"https:\/\/impeachmentpopular.com.br\/\" target=\"_blank\" rel=\"noopener noreferrer\"><img loading=\"lazy\" decoding=\"async\" class=\"alignnone size-full wp-image-29118\" src=\"https:\/\/psol50.org.br\/inc\/uploads\/2020\/05\/Email_Impeachment.png\" alt=\"\" width=\"1080\" height=\"250\" srcset=\"https:\/\/psol50.org.br\/inc\/uploads\/2020\/05\/Email_Impeachment.png 1080w, https:\/\/psol50.org.br\/inc\/uploads\/2020\/05\/Email_Impeachment-300x69.png 300w, https:\/\/psol50.org.br\/inc\/uploads\/2020\/05\/Email_Impeachment-1024x237.png 1024w, https:\/\/psol50.org.br\/inc\/uploads\/2020\/05\/Email_Impeachment-768x178.png 768w, https:\/\/psol50.org.br\/inc\/uploads\/2020\/05\/Email_Impeachment-150x35.png 150w, https:\/\/psol50.org.br\/inc\/uploads\/2020\/05\/Email_Impeachment-696x161.png 696w, https:\/\/psol50.org.br\/inc\/uploads\/2020\/05\/Email_Impeachment-1068x247.png 1068w\" sizes=\"auto, (max-width: 1080px) 100vw, 1080px\" \/><\/a><\/p>\n<p>O presidente Jair Bolsonaro foi, mais uma vez, denunciado no Conselho de Direitos Humanos da ONU. Desta vez, o ato se refere a seus ataques contra mulheres jornalistas. Entidades v\u00e3o relatar, em Genebra, 54 casos de ofensivas do governo contra as profissionais.<\/p>\n<p>A den\u00fancia ocorre depois que a viol\u00eancia contra mulheres jornalistas foi apresentada nesta semana na entidade como tema da relatora especial das Na\u00e7\u00f5es Unidas sobre a Viol\u00eancia contra a Mulher, suas Causas e Consequ\u00eancia, Dubravka Simonovic. Em um informe detalhado, ela revela como governos t\u00eam usado instrumentos para desonrar, desacreditar e humilhar as jornalistas.<\/p>\n<p>Para apresentar o caso brasileiro, a jornalista Bianca Santana tomar\u00e1 a palavra nesta ter\u00e7a-feira. Em maio, ela foi acusada pelo presidente de escrever &#8216;fake news&#8217;, depois que publicou um artigo sobre a rela\u00e7\u00e3o entre familiares e amigos de Bolsonaro com os acusados de assassinar a vereadora Marielle Franco.<\/p>\n<p>Ela fala em nome de diversas entidades, entre elas Ag\u00eancia de Not\u00edcias Alma Preta, Artigo 19, Casa Neon Cunha, Coaliz\u00e3o Negra por Direitos, Cojira-SP &#8211; Comiss\u00e3o de Jornalistas pela Igualdade Racial de S\u00e3o Paulo, Federa\u00e7\u00e3o Nacional dos Jornalistas, Instituto Marielle Franco, Geled\u00e9s &#8211; Instituto da Mulher Negra, G\u00eanero e N\u00famero, Instituto de Desenvolvimento e Direitos Humanos, Instituto Vladimir Herzog, Intervozes &#8211; Coletivo Brasil de Comunica\u00e7\u00e3o Social e Marcha das Mulheres Negras de S\u00e3o Paulo.<\/p>\n<p>Tamb\u00e9m apoiam a den\u00fancia a Rede Nacional de Prote\u00e7\u00e3o a Comunicadores, Rep\u00f3rteres Sem Fronteiras, Sindicato dos Jornalistas Profissionais no Estado de S\u00e3o Paulo, Sempreviva Organiza\u00e7\u00e3o Feminista, Terra de Direitos e Uneafro Brasil.<\/p>\n","protected":false},"excerpt":{"rendered":"<p>O presidente Jair Bolsonaro foi, mais uma vez, denunciado no Conselho de Direitos Humanos da ONU. Desta vez, o ato se refere a seus ataques contra mulheres jornalistas. Entidades v\u00e3o relatar, em Genebra, 54 casos de ofensivas do governo contra as profissionais. A den\u00fancia ocorre depois que a viol\u00eancia contra mulheres jornalistas foi apresentada nesta [&hellip;]<\/p>\n","protected":false},"author":2,"featured_media":29960,"comment_status":"closed","ping_status":"open","sticky":false,"template":"","format":"standard","meta":{"_acf_changed":false,"footnotes":""},"categories":[10,6],"tags":[56,753,944,4,232],"class_list":{"0":"post-29956","1":"post","2":"type-post","3":"status-publish","4":"format-standard","5":"has-post-thumbnail","7":"category-acao-parlamentares","8":"category-noticias","9":"tag-bolsonaro","10":"tag-jornalistas","11":"tag-liberdade-de-expressao","12":"tag-mulheres","13":"tag-onu"},"acf":[],"yoast_head":"<!-- This site is optimized with the Yoast SEO plugin v26.5 - https:\/\/yoast.com\/wordpress\/plugins\/seo\/ -->\n<title>Bolsonaro \u00e9 denunciado na ONU por s\u00e9rie de ataques a mulheres jornalistas - PSOL 50<\/title>\n<meta name=\"description\" content=\"A jornalista Bianca Santana tomar\u00e1 a palavra nesta ter\u00e7a-feira. Em maio, ela foi acusada pelo presidente de escrever &quot;fake news&quot;.\" \/>\n<meta name=\"robots\" content=\"index, follow, max-snippet:-1, max-image-preview:large, max-video-preview:-1\" \/>\n<link rel=\"canonical\" href=\"https:\/\/psol50.org.br\/bolsonaro-e-denunciado-na-onu-por-serie-de-ataques-a-mulheres-jornalistas\/\" \/>\n<meta property=\"og:locale\" content=\"pt_BR\" \/>\n<meta property=\"og:type\" content=\"article\" \/>\n<meta property=\"og:title\" content=\"Bolsonaro \u00e9 denunciado na ONU por s\u00e9rie de ataques a mulheres jornalistas\" \/>\n<meta property=\"og:description\" content=\"A jornalista Bianca Santana tomar\u00e1 a palavra nesta ter\u00e7a-feira. Em maio, ela foi acusada pelo presidente de escrever &quot;fake news&quot;.\" \/>\n<meta property=\"og:url\" content=\"https:\/\/psol50.org.br\/bolsonaro-e-denunciado-na-onu-por-serie-de-ataques-a-mulheres-jornalistas\/\" \/>\n<meta property=\"og:site_name\" content=\"PSOL 50\" \/>\n<meta property=\"article:publisher\" content=\"https:\/\/www.facebook.com\/psol50\" \/>\n<meta property=\"article:published_time\" content=\"2020-07-08T19:51:32+00:00\" \/>\n<meta property=\"og:image\" content=\"https:\/\/psol50.org.br\/inc\/uploads\/2020\/07\/f302eb343aac4ae2b42986c765687eb9_1.jpg\" \/>\n\t<meta property=\"og:image:width\" content=\"900\" \/>\n\t<meta property=\"og:image:height\" content=\"506\" \/>\n\t<meta property=\"og:image:type\" content=\"image\/jpeg\" \/>\n<meta name=\"author\" content=\"Comunica\u00e7\u00e3o PSOL\" \/>\n<meta name=\"twitter:card\" content=\"summary_large_image\" \/>\n<meta name=\"twitter:title\" content=\"Bolsonaro \u00e9 denunciado na ONU por s\u00e9rie de ataques a mulheres jornalistas\" \/>\n<meta name=\"twitter:description\" content=\"A jornalista Bianca Santana tomar\u00e1 a palavra nesta ter\u00e7a-feira. Em maio, ela foi acusada pelo presidente de escrever &quot;fake news&quot;.\" \/>\n<meta name=\"twitter:image\" content=\"https:\/\/psol50.org.br\/inc\/uploads\/2020\/07\/f302eb343aac4ae2b42986c765687eb9_1.jpg\" \/>\n<meta name=\"twitter:creator\" content=\"@psol50\" \/>\n<meta name=\"twitter:site\" content=\"@psol50\" \/>\n<meta name=\"twitter:label1\" content=\"Escrito por\" \/>\n\t<meta name=\"twitter:data1\" content=\"Comunica\u00e7\u00e3o PSOL\" \/>\n\t<meta name=\"twitter:label2\" content=\"Est. tempo de leitura\" \/>\n\t<meta name=\"twitter:data2\" content=\"1 minuto\" \/>\n<script type=\"application\/ld+json\" class=\"yoast-schema-graph\">{\"@context\":\"https:\/\/schema.org\",\"@graph\":[{\"@type\":\"Article\",\"@id\":\"https:\/\/psol50.org.br\/bolsonaro-e-denunciado-na-onu-por-serie-de-ataques-a-mulheres-jornalistas\/#article\",\"isPartOf\":{\"@id\":\"https:\/\/psol50.org.br\/bolsonaro-e-denunciado-na-onu-por-serie-de-ataques-a-mulheres-jornalistas\/\"},\"author\":{\"name\":\"Comunica\u00e7\u00e3o PSOL\",\"@id\":\"https:\/\/psol50.org.br\/#\/schema\/person\/475dfa57d0b815993c714c2e96491fcd\"},\"headline\":\"Bolsonaro \u00e9 denunciado na ONU por s\u00e9rie de ataques a mulheres jornalistas\",\"datePublished\":\"2020-07-08T19:51:32+00:00\",\"mainEntityOfPage\":{\"@id\":\"https:\/\/psol50.org.br\/bolsonaro-e-denunciado-na-onu-por-serie-de-ataques-a-mulheres-jornalistas\/\"},\"wordCount\":286,\"publisher\":{\"@id\":\"https:\/\/psol50.org.br\/#organization\"},\"image\":{\"@id\":\"https:\/\/psol50.org.br\/bolsonaro-e-denunciado-na-onu-por-serie-de-ataques-a-mulheres-jornalistas\/#primaryimage\"},\"thumbnailUrl\":\"https:\/\/psol50.org.br\/inc\/uploads\/2020\/07\/f302eb343aac4ae2b42986c765687eb9_1.jpg\",\"keywords\":[\"Bolsonaro\",\"jornalistas\",\"liberdade de express\u00e3o\",\"mulheres\",\"ONU\"],\"articleSection\":[\"A\u00e7\u00e3o Parlamentar\",\"Not\u00edcias\"],\"inLanguage\":\"pt-BR\"},{\"@type\":\"WebPage\",\"@id\":\"https:\/\/psol50.org.br\/bolsonaro-e-denunciado-na-onu-por-serie-de-ataques-a-mulheres-jornalistas\/\",\"url\":\"https:\/\/psol50.org.br\/bolsonaro-e-denunciado-na-onu-por-serie-de-ataques-a-mulheres-jornalistas\/\",\"name\":\"Bolsonaro \u00e9 denunciado na ONU por s\u00e9rie de ataques a mulheres jornalistas - PSOL 50\",\"isPartOf\":{\"@id\":\"https:\/\/psol50.org.br\/#website\"},\"primaryImageOfPage\":{\"@id\":\"https:\/\/psol50.org.br\/bolsonaro-e-denunciado-na-onu-por-serie-de-ataques-a-mulheres-jornalistas\/#primaryimage\"},\"image\":{\"@id\":\"https:\/\/psol50.org.br\/bolsonaro-e-denunciado-na-onu-por-serie-de-ataques-a-mulheres-jornalistas\/#primaryimage\"},\"thumbnailUrl\":\"https:\/\/psol50.org.br\/inc\/uploads\/2020\/07\/f302eb343aac4ae2b42986c765687eb9_1.jpg\",\"datePublished\":\"2020-07-08T19:51:32+00:00\",\"description\":\"A jornalista Bianca Santana tomar\u00e1 a palavra nesta ter\u00e7a-feira. Em maio, ela foi acusada pelo presidente de escrever \\\"fake news\\\".\",\"breadcrumb\":{\"@id\":\"https:\/\/psol50.org.br\/bolsonaro-e-denunciado-na-onu-por-serie-de-ataques-a-mulheres-jornalistas\/#breadcrumb\"},\"inLanguage\":\"pt-BR\",\"potentialAction\":[{\"@type\":\"ReadAction\",\"target\":[\"https:\/\/psol50.org.br\/bolsonaro-e-denunciado-na-onu-por-serie-de-ataques-a-mulheres-jornalistas\/\"]}]},{\"@type\":\"ImageObject\",\"inLanguage\":\"pt-BR\",\"@id\":\"https:\/\/psol50.org.br\/bolsonaro-e-denunciado-na-onu-por-serie-de-ataques-a-mulheres-jornalistas\/#primaryimage\",\"url\":\"https:\/\/psol50.org.br\/inc\/uploads\/2020\/07\/f302eb343aac4ae2b42986c765687eb9_1.jpg\",\"contentUrl\":\"https:\/\/psol50.org.br\/inc\/uploads\/2020\/07\/f302eb343aac4ae2b42986c765687eb9_1.jpg\",\"width\":900,\"height\":506},{\"@type\":\"BreadcrumbList\",\"@id\":\"https:\/\/psol50.org.br\/bolsonaro-e-denunciado-na-onu-por-serie-de-ataques-a-mulheres-jornalistas\/#breadcrumb\",\"itemListElement\":[{\"@type\":\"ListItem\",\"position\":1,\"name\":\"In\u00edcio\",\"item\":\"https:\/\/psol50.org.br\/\"},{\"@type\":\"ListItem\",\"position\":2,\"name\":\"Bolsonaro \u00e9 denunciado na ONU por s\u00e9rie de ataques a mulheres jornalistas\"}]},{\"@type\":\"WebSite\",\"@id\":\"https:\/\/psol50.org.br\/#website\",\"url\":\"https:\/\/psol50.org.br\/\",\"name\":\"PSOL 50\",\"description\":\"Site oficial do Partido Socialismo e Liberdade\",\"publisher\":{\"@id\":\"https:\/\/psol50.org.br\/#organization\"},\"alternateName\":\"PSOL50\",\"potentialAction\":[{\"@type\":\"SearchAction\",\"target\":{\"@type\":\"EntryPoint\",\"urlTemplate\":\"https:\/\/psol50.org.br\/?s={search_term_string}\"},\"query-input\":{\"@type\":\"PropertyValueSpecification\",\"valueRequired\":true,\"valueName\":\"search_term_string\"}}],\"inLanguage\":\"pt-BR\"},{\"@type\":\"Organization\",\"@id\":\"https:\/\/psol50.org.br\/#organization\",\"name\":\"PSOL 50\",\"alternateName\":\"PSOL 50\",\"url\":\"https:\/\/psol50.org.br\/\",\"logo\":{\"@type\":\"ImageObject\",\"inLanguage\":\"pt-BR\",\"@id\":\"https:\/\/psol50.org.br\/#\/schema\/logo\/image\/\",\"url\":\"https:\/\/psol50.org.br\/inc\/uploads\/2018\/07\/capa.png\",\"contentUrl\":\"https:\/\/psol50.org.br\/inc\/uploads\/2018\/07\/capa.png\",\"width\":1350,\"height\":900,\"caption\":\"PSOL 50\"},\"image\":{\"@id\":\"https:\/\/psol50.org.br\/#\/schema\/logo\/image\/\"},\"sameAs\":[\"https:\/\/www.facebook.com\/psol50\",\"https:\/\/x.com\/psol50\",\"https:\/\/www.instagram.com\/psol50\/\",\"https:\/\/www.youtube.com\/channel\/UC7SnJS5o1os7a6CaiNabzcg\"]},{\"@type\":\"Person\",\"@id\":\"https:\/\/psol50.org.br\/#\/schema\/person\/475dfa57d0b815993c714c2e96491fcd\",\"name\":\"Comunica\u00e7\u00e3o PSOL\",\"image\":{\"@type\":\"ImageObject\",\"inLanguage\":\"pt-BR\",\"@id\":\"https:\/\/psol50.org.br\/#\/schema\/person\/image\/\",\"url\":\"https:\/\/secure.gravatar.com\/avatar\/b34fc4f4e468a4e51785917065a3db57b841f5c95dba6ad8c73aaf8f66f8f9bf?s=96&d=mm&r=g\",\"contentUrl\":\"https:\/\/secure.gravatar.com\/avatar\/b34fc4f4e468a4e51785917065a3db57b841f5c95dba6ad8c73aaf8f66f8f9bf?s=96&d=mm&r=g\",\"caption\":\"Comunica\u00e7\u00e3o PSOL\"}}]}<\/script>\n<!-- \/ Yoast SEO plugin. -->","yoast_head_json":{"title":"Bolsonaro \u00e9 denunciado na ONU por s\u00e9rie de ataques a mulheres jornalistas - PSOL 50","description":"A jornalista Bianca Santana tomar\u00e1 a palavra nesta ter\u00e7a-feira. Em maio, ela foi acusada pelo presidente de escrever \"fake news\".","robots":{"index":"index","follow":"follow","max-snippet":"max-snippet:-1","max-image-preview":"max-image-preview:large","max-video-preview":"max-video-preview:-1"},"canonical":"https:\/\/psol50.org.br\/bolsonaro-e-denunciado-na-onu-por-serie-de-ataques-a-mulheres-jornalistas\/","og_locale":"pt_BR","og_type":"article","og_title":"Bolsonaro \u00e9 denunciado na ONU por s\u00e9rie de ataques a mulheres jornalistas","og_description":"A jornalista Bianca Santana tomar\u00e1 a palavra nesta ter\u00e7a-feira. Em maio, ela foi acusada pelo presidente de escrever \"fake news\".","og_url":"https:\/\/psol50.org.br\/bolsonaro-e-denunciado-na-onu-por-serie-de-ataques-a-mulheres-jornalistas\/","og_site_name":"PSOL 50","article_publisher":"https:\/\/www.facebook.com\/psol50","article_published_time":"2020-07-08T19:51:32+00:00","og_image":[{"width":900,"height":506,"url":"https:\/\/psol50.org.br\/inc\/uploads\/2020\/07\/f302eb343aac4ae2b42986c765687eb9_1.jpg","type":"image\/jpeg"}],"author":"Comunica\u00e7\u00e3o PSOL","twitter_card":"summary_large_image","twitter_title":"Bolsonaro \u00e9 denunciado na ONU por s\u00e9rie de ataques a mulheres jornalistas","twitter_description":"A jornalista Bianca Santana tomar\u00e1 a palavra nesta ter\u00e7a-feira. Em maio, ela foi acusada pelo presidente de escrever \"fake news\".","twitter_image":"https:\/\/psol50.org.br\/inc\/uploads\/2020\/07\/f302eb343aac4ae2b42986c765687eb9_1.jpg","twitter_creator":"@psol50","twitter_site":"@psol50","twitter_misc":{"Escrito por":"Comunica\u00e7\u00e3o PSOL","Est. tempo de leitura":"1 minuto"},"schema":{"@context":"https:\/\/schema.org","@graph":[{"@type":"Article","@id":"https:\/\/psol50.org.br\/bolsonaro-e-denunciado-na-onu-por-serie-de-ataques-a-mulheres-jornalistas\/#article","isPartOf":{"@id":"https:\/\/psol50.org.br\/bolsonaro-e-denunciado-na-onu-por-serie-de-ataques-a-mulheres-jornalistas\/"},"author":{"name":"Comunica\u00e7\u00e3o PSOL","@id":"https:\/\/psol50.org.br\/#\/schema\/person\/475dfa57d0b815993c714c2e96491fcd"},"headline":"Bolsonaro \u00e9 denunciado na ONU por s\u00e9rie de ataques a mulheres jornalistas","datePublished":"2020-07-08T19:51:32+00:00","mainEntityOfPage":{"@id":"https:\/\/psol50.org.br\/bolsonaro-e-denunciado-na-onu-por-serie-de-ataques-a-mulheres-jornalistas\/"},"wordCount":286,"publisher":{"@id":"https:\/\/psol50.org.br\/#organization"},"image":{"@id":"https:\/\/psol50.org.br\/bolsonaro-e-denunciado-na-onu-por-serie-de-ataques-a-mulheres-jornalistas\/#primaryimage"},"thumbnailUrl":"https:\/\/psol50.org.br\/inc\/uploads\/2020\/07\/f302eb343aac4ae2b42986c765687eb9_1.jpg","keywords":["Bolsonaro","jornalistas","liberdade de express\u00e3o","mulheres","ONU"],"articleSection":["A\u00e7\u00e3o Parlamentar","Not\u00edcias"],"inLanguage":"pt-BR"},{"@type":"WebPage","@id":"https:\/\/psol50.org.br\/bolsonaro-e-denunciado-na-onu-por-serie-de-ataques-a-mulheres-jornalistas\/","url":"https:\/\/psol50.org.br\/bolsonaro-e-denunciado-na-onu-por-serie-de-ataques-a-mulheres-jornalistas\/","name":"Bolsonaro \u00e9 denunciado na ONU por s\u00e9rie de ataques a mulheres jornalistas - PSOL 50","isPartOf":{"@id":"https:\/\/psol50.org.br\/#website"},"primaryImageOfPage":{"@id":"https:\/\/psol50.org.br\/bolsonaro-e-denunciado-na-onu-por-serie-de-ataques-a-mulheres-jornalistas\/#primaryimage"},"image":{"@id":"https:\/\/psol50.org.br\/bolsonaro-e-denunciado-na-onu-por-serie-de-ataques-a-mulheres-jornalistas\/#primaryimage"},"thumbnailUrl":"https:\/\/psol50.org.br\/inc\/uploads\/2020\/07\/f302eb343aac4ae2b42986c765687eb9_1.jpg","datePublished":"2020-07-08T19:51:32+00:00","description":"A jornalista Bianca Santana tomar\u00e1 a palavra nesta ter\u00e7a-feira. Em maio, ela foi acusada pelo presidente de escrever \"fake news\".","breadcrumb":{"@id":"https:\/\/psol50.org.br\/bolsonaro-e-denunciado-na-onu-por-serie-de-ataques-a-mulheres-jornalistas\/#breadcrumb"},"inLanguage":"pt-BR","potentialAction":[{"@type":"ReadAction","target":["https:\/\/psol50.org.br\/bolsonaro-e-denunciado-na-onu-por-serie-de-ataques-a-mulheres-jornalistas\/"]}]},{"@type":"ImageObject","inLanguage":"pt-BR","@id":"https:\/\/psol50.org.br\/bolsonaro-e-denunciado-na-onu-por-serie-de-ataques-a-mulheres-jornalistas\/#primaryimage","url":"https:\/\/psol50.org.br\/inc\/uploads\/2020\/07\/f302eb343aac4ae2b42986c765687eb9_1.jpg","contentUrl":"https:\/\/psol50.org.br\/inc\/uploads\/2020\/07\/f302eb343aac4ae2b42986c765687eb9_1.jpg","width":900,"height":506},{"@type":"BreadcrumbList","@id":"https:\/\/psol50.org.br\/bolsonaro-e-denunciado-na-onu-por-serie-de-ataques-a-mulheres-jornalistas\/#breadcrumb","itemListElement":[{"@type":"ListItem","position":1,"name":"In\u00edcio","item":"https:\/\/psol50.org.br\/"},{"@type":"ListItem","position":2,"name":"Bolsonaro \u00e9 denunciado na ONU por s\u00e9rie de ataques a mulheres jornalistas"}]},{"@type":"WebSite","@id":"https:\/\/psol50.org.br\/#website","url":"https:\/\/psol50.org.br\/","name":"PSOL 50","description":"Site oficial do Partido Socialismo e Liberdade","publisher":{"@id":"https:\/\/psol50.org.br\/#organization"},"alternateName":"PSOL50","potentialAction":[{"@type":"SearchAction","target":{"@type":"EntryPoint","urlTemplate":"https:\/\/psol50.org.br\/?s={search_term_string}"},"query-input":{"@type":"PropertyValueSpecification","valueRequired":true,"valueName":"search_term_string"}}],"inLanguage":"pt-BR"},{"@type":"Organization","@id":"https:\/\/psol50.org.br\/#organization","name":"PSOL 50","alternateName":"PSOL 50","url":"https:\/\/psol50.org.br\/","logo":{"@type":"ImageObject","inLanguage":"pt-BR","@id":"https:\/\/psol50.org.br\/#\/schema\/logo\/image\/","url":"https:\/\/psol50.org.br\/inc\/uploads\/2018\/07\/capa.png","contentUrl":"https:\/\/psol50.org.br\/inc\/uploads\/2018\/07\/capa.png","width":1350,"height":900,"caption":"PSOL 50"},"image":{"@id":"https:\/\/psol50.org.br\/#\/schema\/logo\/image\/"},"sameAs":["https:\/\/www.facebook.com\/psol50","https:\/\/x.com\/psol50","https:\/\/www.instagram.com\/psol50\/","https:\/\/www.youtube.com\/channel\/UC7SnJS5o1os7a6CaiNabzcg"]},{"@type":"Person","@id":"https:\/\/psol50.org.br\/#\/schema\/person\/475dfa57d0b815993c714c2e96491fcd","name":"Comunica\u00e7\u00e3o PSOL","image":{"@type":"ImageObject","inLanguage":"pt-BR","@id":"https:\/\/psol50.org.br\/#\/schema\/person\/image\/","url":"https:\/\/secure.gravatar.com\/avatar\/b34fc4f4e468a4e51785917065a3db57b841f5c95dba6ad8c73aaf8f66f8f9bf?s=96&d=mm&r=g","contentUrl":"https:\/\/secure.gravatar.com\/avatar\/b34fc4f4e468a4e51785917065a3db57b841f5c95dba6ad8c73aaf8f66f8f9bf?s=96&d=mm&r=g","caption":"Comunica\u00e7\u00e3o PSOL"}}]}},"_links":{"self":[{"href":"https:\/\/psol50.org.br\/rest\/wp\/v2\/posts\/29956","targetHints":{"allow":["GET"]}}],"collection":[{"href":"https:\/\/psol50.org.br\/rest\/wp\/v2\/posts"}],"about":[{"href":"https:\/\/psol50.org.br\/rest\/wp\/v2\/types\/post"}],"author":[{"embeddable":true,"href":"https:\/\/psol50.org.br\/rest\/wp\/v2\/users\/2"}],"replies":[{"embeddable":true,"href":"https:\/\/psol50.org.br\/rest\/wp\/v2\/comments?post=29956"}],"version-history":[{"count":0,"href":"https:\/\/psol50.org.br\/rest\/wp\/v2\/posts\/29956\/revisions"}],"wp:featuredmedia":[{"embeddable":true,"href":"https:\/\/psol50.org.br\/rest\/wp\/v2\/media\/29960"}],"wp:attachment":[{"href":"https:\/\/psol50.org.br\/rest\/wp\/v2\/media?parent=29956"}],"wp:term":[{"taxonomy":"category","embeddable":true,"href":"https:\/\/psol50.org.br\/rest\/wp\/v2\/categories?post=29956"},{"taxonomy":"post_tag","embeddable":true,"href":"https:\/\/psol50.org.br\/rest\/wp\/v2\/tags?post=29956"}],"curies":[{"name":"wp","href":"https:\/\/api.w.org\/{rel}","templated":true}]}}