{"id":2997,"date":"2014-09-29T00:00:00","date_gmt":"2014-09-29T19:41:35","guid":{"rendered":"http:\/\/psol50.org.br\/arquivo\/2014\/09\/29\/luciana-na-record-queremos-construir-um-novo-sistema-politico-onde-o-lucro-nao-esteja-acima-do-bem-estar-das-pessoas\/"},"modified":"2014-09-29T00:00:00","modified_gmt":"2014-09-29T19:41:35","slug":"luciana-na-record-queremos-construir-um-novo-sistema-politico-onde-o-lucro-nao-esteja-acima-do-bem-estar-das-pessoas","status":"publish","type":"post","link":"https:\/\/psol50.org.br\/luciana-na-record-queremos-construir-um-novo-sistema-politico-onde-o-lucro-nao-esteja-acima-do-bem-estar-das-pessoas\/","title":{"rendered":"Luciana na Record: \u201cQueremos construir um novo sistema pol\u00edtico onde o lucro n\u00e3o esteja acima do bem-estar das pessoas\u201d"},"content":{"rendered":"<p style=\"text-align: justify;\">\n\t<span style=\"font-family:arial,helvetica,sans-serif;\"><span style=\"font-size:12px;\">Por Reda\u00e7\u00e3o #Equipe50<\/span><\/span><\/p>\n<p>\t<span style=\"font-family: arial, helvetica, sans-serif;\">Durante o pen\u00faltimo debate entre os presidenci\u00e1veis, promovido pela Rede Record na noite deste domingo (28), a candidata do PSOL \u00e0 Presid\u00eancia da Rep\u00fablica, Luciana Genro, disse que sua candidatura \u00e9 a \u00fanica que tem coragem de ir \u00e0 raiz dos problemas. \u201cEstamos semeando para o futuro, para constru\u00e7\u00e3o de um novo sistema pol\u00edtico. N\u00e3o importa o nome desse novo sistema. O que importa \u00e9 que o lucro n\u00e3o esteja acima do bem-estar das pessoas. A candidatura do PSOL \u00e9 a \u00fanica que tem a coragem de dizer o que as outras n\u00e3o dizem, de defender a tributa\u00e7\u00e3o dos bancos, das grandes fortunas, a pauta das mulheres, da comunidade LBGT (l\u00e9sbicas, gays, bissexuais, travestis e transg\u00eaneros). A \u00fanica candidatura que realmente tem uma proposta de mudan\u00e7a estrutural na pol\u00edtica econ\u00f4mica desse pa\u00eds\u201d, disse Luciana.<\/span><\/p>\n<p>\t<span style=\"font-family: arial, helvetica, sans-serif;\">O momento mais agitado do debate foi quando Luciana perguntou ao candidato do PRTB, Levy Fidelix, sobre o casamento civil igualit\u00e1rio. \u201cLevy, por que as pessoas que defendem tanto a fam\u00edlia se recusam a reconhecer como fam\u00edlia um casal do mesmo sexo\u201d. O candidato, ent\u00e3o, disse categoricamente que \u00e9 contra os homossexuais: \u201cVamos ter coragem, n\u00f3s somos maioria, vamos enfrentar essa minoria. Vamos enfrent\u00e1-los. Que esses que t\u00eam esses problemas realmente sejam atendidos no plano psicol\u00f3gico e afetivo, mas bem longe da gente, bem longe mesmo porque aqui n\u00e3o d\u00e1\u201d, declarou sob desaprova\u00e7\u00e3o de boa parte da plateia.<\/span><\/p>\n<p>\t<span style=\"font-family: arial, helvetica, sans-serif;\">Na r\u00e9plica, Luciana defendeu os direitos LGBT. \u201cO casamento civil igualit\u00e1rio \u00e9 fundamental para que n\u00f3s possamos reconhecer juridicamente como fam\u00edlia qualquer tipo de fam\u00edlia. Eu acredito que sou uma das que mais defende a fam\u00edlia nessa campanha eleitoral, porque eu estou defendendo todas as fam\u00edlias. N\u00e3o importa se s\u00e3o dois homens, duas mulheres, o que importa \u00e9 que as pessoas se amem\u201d, afirmou. As declara\u00e7\u00f5es homof\u00f3bicas de Fidelix causaram perplexidade e indigna\u00e7\u00e3o e motivaram Luciana Genro e o deputado federal do PSOL no Rio de Janeiro, Jean Wyllys, a ingressarem com representa\u00e7\u00e3o no Tribunal Superior Eleitoral por incita\u00e7\u00e3o ao \u00f3dio.<\/span><\/p>\n<p>\t<span style=\"font-family: arial, helvetica, sans-serif;\">Outro tema defendido por Luciana no debate foi uma pauta hist\u00f3rica das mulheres, a descriminaliza\u00e7\u00e3o do aborto. \u201cO aborto \u00e9 uma realidade. Infelizmente 800 mil abortos ocorrem no Brasil por ano. A cada dois dias morre uma mulher por aborto clandestino. Ningu\u00e9m quer o aborto como m\u00e9todo contraceptivo. Eu fui m\u00e3e aos 17 anos e tive o apoio do meu companheiro e da minha fam\u00edlia, mas muitas mulheres n\u00e3o t\u00eam esse apoio. O Estado n\u00e3o oferece apoio \u00e0 mulher que est\u00e1 diante de uma gravidez indesejada. Precisamos defender a vida dessas mulheres, legalizar o aborto e dar estrutura no SUS para que elas decidam se v\u00e3o ter ou n\u00e3o v\u00e3o ter o filho\u201d, declarou a candidata.<\/span><\/p>\n<p>\t<span style=\"font-family: arial, helvetica, sans-serif;\"><strong>Nova pol\u00edtica?<\/strong><\/span><br \/>\n\t<span style=\"font-family: arial, helvetica, sans-serif;\">Mais uma vez, Luciana questionou o discurso que Marina Silva tem adotado nestas elei\u00e7\u00f5es. \u201cA nova pol\u00edtica da Marina \u00e9 assim: ela recebe press\u00e3o do agroneg\u00f3cio, cede e diz que nunca foi contra os transg\u00eanicos, recebe press\u00e3o dos bancos e diz que vai dar autonomia do Banco Central, \u00e9 pressionada pelos reacion\u00e1rios e joga seu programa LGBT no lixo. Essa pol\u00edtica \u00e9 mais velha que a hist\u00f3ria\u201d, disse Luciana.<\/span><\/p>\n<p>\t<span style=\"font-family: arial, helvetica, sans-serif;\">J\u00e1 num embate direto com o candidato do PV, Eduardo Jorge, a presidenci\u00e1vel do PSOL afirmou que n\u00e3o d\u00e1 para defender pautas progressistas de m\u00e3os dadas com a direita. \u201cT\u00fa tens uma postura muito semelhante a minha em v\u00e1rias pautas progressistas, s\u00f3 que eu me preocupo, pois eu acho que \u00e9 muito dif\u00edcil se avan\u00e7ar nas pautas progressistas que n\u00f3s defendemos com o tipo de alian\u00e7as que tu e teu partido costumam fazer. Tu fostes secret\u00e1rio do Kassab, secret\u00e1rio do Serra, tu destes guarida aos governos mais autorit\u00e1rios e truculentos, que foram os do PSDB\u201d, afirmou Luciana.<\/span><\/p>\n<p>\t<span style=\"font-family: arial, helvetica, sans-serif;\">Em outro momento, Eduardo Jorge dirigiu uma pergunta a Luciana dizendo que \u00e9 um absurdo que at\u00e9 hoje os governos \u2018socialistas\u2019 n\u00e3o tenham aprovado a redu\u00e7\u00e3o da jornada de trabalho para 40 horas. A candidata do PSOL disse que isso ocorreu porque na verdade esses governos n\u00e3o t\u00eam nada de socialistas. \u201c\u00c9 muito importante ter lado na pol\u00edtica. Porque quando n\u00f3s governamos, \u00e9 preciso escolher: ou se governa para os banqueiros ou se governa para os trabalhadores. Ou se governa para o agroneg\u00f3cio ou se governa para o povo.<\/span><\/p>\n<p>\t<span style=\"font-family: arial, helvetica, sans-serif;\">E essa l\u00f3gica de achar que vai unir todo mundo \u00e9 uma l\u00f3gica falida. O PSOL \u00e9 um partido socialista de verdade. N\u00f3s apresentamos medidas que v\u00e3o \u00e0 raiz dos problemas. A reforma urbana, para garantir moradia. A reforma agr\u00e1ria, para garantir terra. A tributa\u00e7\u00e3o sobre as grandes fortunas, que \u00e9 o imposto que est\u00e1 na Constitui\u00e7\u00e3o e nunca foi cumprido. Todos os partidos \u2013 PT, PSDB, PSB \u2013 querem que tudo continue como est\u00e1: os bancos lucrando muito enquanto o povo est\u00e1 endividado\u201d, criticou Luciana.<\/span><\/p>\n<p style=\"text-align: justify;\">\n\t<span style=\"font-family:arial,helvetica,sans-serif;\"><span style=\"font-size:12px;\">&nbsp;<\/span><\/span><\/p>\n","protected":false},"excerpt":{"rendered":"<p>Declara\u00e7\u00f5es homof\u00f3bicas levam Luciana Genro e Jean Wyllys a denunciar Levy ao TSE por incita\u00e7\u00e3o ao \u00f3dio<\/p>\n","protected":false},"author":2,"featured_media":0,"comment_status":"open","ping_status":"open","sticky":false,"template":"","format":"standard","meta":{"_acf_changed":false,"footnotes":""},"categories":[4766,4960,6],"tags":[2506],"class_list":{"0":"post-2997","1":"post","2":"type-post","3":"status-publish","4":"format-standard","6":"category-arquivo","7":"category-eleicoes-2014","8":"category-noticias","9":"tag-eleicoes-2014"},"acf":[],"yoast_head":"<!-- This site is optimized with the Yoast SEO plugin v26.5 - https:\/\/yoast.com\/wordpress\/plugins\/seo\/ -->\n<title>Luciana na Record: \u201cQueremos construir um novo sistema pol\u00edtico onde o lucro n\u00e3o esteja acima do bem-estar das pessoas\u201d - PSOL 50<\/title>\n<meta name=\"robots\" content=\"index, follow, max-snippet:-1, max-image-preview:large, max-video-preview:-1\" \/>\n<link rel=\"canonical\" href=\"https:\/\/psol50.org.br\/luciana-na-record-queremos-construir-um-novo-sistema-politico-onde-o-lucro-nao-esteja-acima-do-bem-estar-das-pessoas\/\" \/>\n<meta property=\"og:locale\" content=\"pt_BR\" \/>\n<meta property=\"og:type\" content=\"article\" \/>\n<meta property=\"og:title\" content=\"Luciana na Record: \u201cQueremos construir um novo sistema pol\u00edtico onde o lucro n\u00e3o esteja acima do bem-estar das pessoas\u201d - PSOL 50\" \/>\n<meta property=\"og:description\" content=\"Declara\u00e7\u00f5es homof\u00f3bicas levam Luciana Genro e Jean Wyllys a denunciar Levy ao TSE por incita\u00e7\u00e3o ao \u00f3dio\" \/>\n<meta property=\"og:url\" content=\"https:\/\/psol50.org.br\/luciana-na-record-queremos-construir-um-novo-sistema-politico-onde-o-lucro-nao-esteja-acima-do-bem-estar-das-pessoas\/\" \/>\n<meta property=\"og:site_name\" content=\"PSOL 50\" \/>\n<meta property=\"article:publisher\" content=\"https:\/\/www.facebook.com\/psol50\" \/>\n<meta property=\"article:published_time\" content=\"2014-09-29T19:41:35+00:00\" \/>\n<meta property=\"og:image\" content=\"https:\/\/psol50.org.br\/inc\/uploads\/2018\/07\/capa.png\" \/>\n\t<meta property=\"og:image:width\" content=\"1350\" \/>\n\t<meta property=\"og:image:height\" content=\"900\" \/>\n\t<meta property=\"og:image:type\" content=\"image\/png\" \/>\n<meta name=\"author\" content=\"Comunica\u00e7\u00e3o PSOL\" \/>\n<meta name=\"twitter:card\" content=\"summary_large_image\" \/>\n<meta name=\"twitter:creator\" content=\"@psol50\" \/>\n<meta name=\"twitter:site\" content=\"@psol50\" \/>\n<meta name=\"twitter:label1\" content=\"Escrito por\" \/>\n\t<meta name=\"twitter:data1\" content=\"Comunica\u00e7\u00e3o PSOL\" \/>\n\t<meta name=\"twitter:label2\" content=\"Est. tempo de leitura\" \/>\n\t<meta name=\"twitter:data2\" content=\"4 minutos\" \/>\n<script type=\"application\/ld+json\" class=\"yoast-schema-graph\">{\"@context\":\"https:\/\/schema.org\",\"@graph\":[{\"@type\":\"Article\",\"@id\":\"https:\/\/psol50.org.br\/luciana-na-record-queremos-construir-um-novo-sistema-politico-onde-o-lucro-nao-esteja-acima-do-bem-estar-das-pessoas\/#article\",\"isPartOf\":{\"@id\":\"https:\/\/psol50.org.br\/luciana-na-record-queremos-construir-um-novo-sistema-politico-onde-o-lucro-nao-esteja-acima-do-bem-estar-das-pessoas\/\"},\"author\":{\"name\":\"Comunica\u00e7\u00e3o PSOL\",\"@id\":\"https:\/\/psol50.org.br\/#\/schema\/person\/475dfa57d0b815993c714c2e96491fcd\"},\"headline\":\"Luciana na Record: \u201cQueremos construir um novo sistema pol\u00edtico onde o lucro n\u00e3o esteja acima do bem-estar das pessoas\u201d\",\"datePublished\":\"2014-09-29T19:41:35+00:00\",\"mainEntityOfPage\":{\"@id\":\"https:\/\/psol50.org.br\/luciana-na-record-queremos-construir-um-novo-sistema-politico-onde-o-lucro-nao-esteja-acima-do-bem-estar-das-pessoas\/\"},\"wordCount\":878,\"commentCount\":0,\"publisher\":{\"@id\":\"https:\/\/psol50.org.br\/#organization\"},\"keywords\":[\"elei\u00e7\u00f5es 2014\"],\"articleSection\":[\"Arquivo\",\"ELEI\u00c7\u00d5ES 2014\",\"Not\u00edcias\"],\"inLanguage\":\"pt-BR\",\"potentialAction\":[{\"@type\":\"CommentAction\",\"name\":\"Comment\",\"target\":[\"https:\/\/psol50.org.br\/luciana-na-record-queremos-construir-um-novo-sistema-politico-onde-o-lucro-nao-esteja-acima-do-bem-estar-das-pessoas\/#respond\"]}]},{\"@type\":\"WebPage\",\"@id\":\"https:\/\/psol50.org.br\/luciana-na-record-queremos-construir-um-novo-sistema-politico-onde-o-lucro-nao-esteja-acima-do-bem-estar-das-pessoas\/\",\"url\":\"https:\/\/psol50.org.br\/luciana-na-record-queremos-construir-um-novo-sistema-politico-onde-o-lucro-nao-esteja-acima-do-bem-estar-das-pessoas\/\",\"name\":\"Luciana na Record: \u201cQueremos construir um novo sistema pol\u00edtico onde o lucro n\u00e3o esteja acima do bem-estar das pessoas\u201d - PSOL 50\",\"isPartOf\":{\"@id\":\"https:\/\/psol50.org.br\/#website\"},\"datePublished\":\"2014-09-29T19:41:35+00:00\",\"breadcrumb\":{\"@id\":\"https:\/\/psol50.org.br\/luciana-na-record-queremos-construir-um-novo-sistema-politico-onde-o-lucro-nao-esteja-acima-do-bem-estar-das-pessoas\/#breadcrumb\"},\"inLanguage\":\"pt-BR\",\"potentialAction\":[{\"@type\":\"ReadAction\",\"target\":[\"https:\/\/psol50.org.br\/luciana-na-record-queremos-construir-um-novo-sistema-politico-onde-o-lucro-nao-esteja-acima-do-bem-estar-das-pessoas\/\"]}]},{\"@type\":\"BreadcrumbList\",\"@id\":\"https:\/\/psol50.org.br\/luciana-na-record-queremos-construir-um-novo-sistema-politico-onde-o-lucro-nao-esteja-acima-do-bem-estar-das-pessoas\/#breadcrumb\",\"itemListElement\":[{\"@type\":\"ListItem\",\"position\":1,\"name\":\"In\u00edcio\",\"item\":\"https:\/\/psol50.org.br\/\"},{\"@type\":\"ListItem\",\"position\":2,\"name\":\"Luciana na Record: \u201cQueremos construir um novo sistema pol\u00edtico onde o lucro n\u00e3o esteja acima do bem-estar das pessoas\u201d\"}]},{\"@type\":\"WebSite\",\"@id\":\"https:\/\/psol50.org.br\/#website\",\"url\":\"https:\/\/psol50.org.br\/\",\"name\":\"PSOL 50\",\"description\":\"Site oficial do Partido Socialismo e Liberdade\",\"publisher\":{\"@id\":\"https:\/\/psol50.org.br\/#organization\"},\"alternateName\":\"PSOL50\",\"potentialAction\":[{\"@type\":\"SearchAction\",\"target\":{\"@type\":\"EntryPoint\",\"urlTemplate\":\"https:\/\/psol50.org.br\/?s={search_term_string}\"},\"query-input\":{\"@type\":\"PropertyValueSpecification\",\"valueRequired\":true,\"valueName\":\"search_term_string\"}}],\"inLanguage\":\"pt-BR\"},{\"@type\":\"Organization\",\"@id\":\"https:\/\/psol50.org.br\/#organization\",\"name\":\"PSOL 50\",\"alternateName\":\"PSOL 50\",\"url\":\"https:\/\/psol50.org.br\/\",\"logo\":{\"@type\":\"ImageObject\",\"inLanguage\":\"pt-BR\",\"@id\":\"https:\/\/psol50.org.br\/#\/schema\/logo\/image\/\",\"url\":\"https:\/\/psol50.org.br\/inc\/uploads\/2018\/07\/capa.png\",\"contentUrl\":\"https:\/\/psol50.org.br\/inc\/uploads\/2018\/07\/capa.png\",\"width\":1350,\"height\":900,\"caption\":\"PSOL 50\"},\"image\":{\"@id\":\"https:\/\/psol50.org.br\/#\/schema\/logo\/image\/\"},\"sameAs\":[\"https:\/\/www.facebook.com\/psol50\",\"https:\/\/x.com\/psol50\",\"https:\/\/www.instagram.com\/psol50\/\",\"https:\/\/www.youtube.com\/channel\/UC7SnJS5o1os7a6CaiNabzcg\"]},{\"@type\":\"Person\",\"@id\":\"https:\/\/psol50.org.br\/#\/schema\/person\/475dfa57d0b815993c714c2e96491fcd\",\"name\":\"Comunica\u00e7\u00e3o PSOL\",\"image\":{\"@type\":\"ImageObject\",\"inLanguage\":\"pt-BR\",\"@id\":\"https:\/\/psol50.org.br\/#\/schema\/person\/image\/\",\"url\":\"https:\/\/secure.gravatar.com\/avatar\/b34fc4f4e468a4e51785917065a3db57b841f5c95dba6ad8c73aaf8f66f8f9bf?s=96&d=mm&r=g\",\"contentUrl\":\"https:\/\/secure.gravatar.com\/avatar\/b34fc4f4e468a4e51785917065a3db57b841f5c95dba6ad8c73aaf8f66f8f9bf?s=96&d=mm&r=g\",\"caption\":\"Comunica\u00e7\u00e3o PSOL\"}}]}<\/script>\n<!-- \/ Yoast SEO plugin. -->","yoast_head_json":{"title":"Luciana na Record: \u201cQueremos construir um novo sistema pol\u00edtico onde o lucro n\u00e3o esteja acima do bem-estar das pessoas\u201d - PSOL 50","robots":{"index":"index","follow":"follow","max-snippet":"max-snippet:-1","max-image-preview":"max-image-preview:large","max-video-preview":"max-video-preview:-1"},"canonical":"https:\/\/psol50.org.br\/luciana-na-record-queremos-construir-um-novo-sistema-politico-onde-o-lucro-nao-esteja-acima-do-bem-estar-das-pessoas\/","og_locale":"pt_BR","og_type":"article","og_title":"Luciana na Record: \u201cQueremos construir um novo sistema pol\u00edtico onde o lucro n\u00e3o esteja acima do bem-estar das pessoas\u201d - PSOL 50","og_description":"Declara\u00e7\u00f5es homof\u00f3bicas levam Luciana Genro e Jean Wyllys a denunciar Levy ao TSE por incita\u00e7\u00e3o ao \u00f3dio","og_url":"https:\/\/psol50.org.br\/luciana-na-record-queremos-construir-um-novo-sistema-politico-onde-o-lucro-nao-esteja-acima-do-bem-estar-das-pessoas\/","og_site_name":"PSOL 50","article_publisher":"https:\/\/www.facebook.com\/psol50","article_published_time":"2014-09-29T19:41:35+00:00","og_image":[{"width":1350,"height":900,"url":"https:\/\/psol50.org.br\/inc\/uploads\/2018\/07\/capa.png","type":"image\/png"}],"author":"Comunica\u00e7\u00e3o PSOL","twitter_card":"summary_large_image","twitter_creator":"@psol50","twitter_site":"@psol50","twitter_misc":{"Escrito por":"Comunica\u00e7\u00e3o PSOL","Est. tempo de leitura":"4 minutos"},"schema":{"@context":"https:\/\/schema.org","@graph":[{"@type":"Article","@id":"https:\/\/psol50.org.br\/luciana-na-record-queremos-construir-um-novo-sistema-politico-onde-o-lucro-nao-esteja-acima-do-bem-estar-das-pessoas\/#article","isPartOf":{"@id":"https:\/\/psol50.org.br\/luciana-na-record-queremos-construir-um-novo-sistema-politico-onde-o-lucro-nao-esteja-acima-do-bem-estar-das-pessoas\/"},"author":{"name":"Comunica\u00e7\u00e3o PSOL","@id":"https:\/\/psol50.org.br\/#\/schema\/person\/475dfa57d0b815993c714c2e96491fcd"},"headline":"Luciana na Record: \u201cQueremos construir um novo sistema pol\u00edtico onde o lucro n\u00e3o esteja acima do bem-estar das pessoas\u201d","datePublished":"2014-09-29T19:41:35+00:00","mainEntityOfPage":{"@id":"https:\/\/psol50.org.br\/luciana-na-record-queremos-construir-um-novo-sistema-politico-onde-o-lucro-nao-esteja-acima-do-bem-estar-das-pessoas\/"},"wordCount":878,"commentCount":0,"publisher":{"@id":"https:\/\/psol50.org.br\/#organization"},"keywords":["elei\u00e7\u00f5es 2014"],"articleSection":["Arquivo","ELEI\u00c7\u00d5ES 2014","Not\u00edcias"],"inLanguage":"pt-BR","potentialAction":[{"@type":"CommentAction","name":"Comment","target":["https:\/\/psol50.org.br\/luciana-na-record-queremos-construir-um-novo-sistema-politico-onde-o-lucro-nao-esteja-acima-do-bem-estar-das-pessoas\/#respond"]}]},{"@type":"WebPage","@id":"https:\/\/psol50.org.br\/luciana-na-record-queremos-construir-um-novo-sistema-politico-onde-o-lucro-nao-esteja-acima-do-bem-estar-das-pessoas\/","url":"https:\/\/psol50.org.br\/luciana-na-record-queremos-construir-um-novo-sistema-politico-onde-o-lucro-nao-esteja-acima-do-bem-estar-das-pessoas\/","name":"Luciana na Record: \u201cQueremos construir um novo sistema pol\u00edtico onde o lucro n\u00e3o esteja acima do bem-estar das pessoas\u201d - PSOL 50","isPartOf":{"@id":"https:\/\/psol50.org.br\/#website"},"datePublished":"2014-09-29T19:41:35+00:00","breadcrumb":{"@id":"https:\/\/psol50.org.br\/luciana-na-record-queremos-construir-um-novo-sistema-politico-onde-o-lucro-nao-esteja-acima-do-bem-estar-das-pessoas\/#breadcrumb"},"inLanguage":"pt-BR","potentialAction":[{"@type":"ReadAction","target":["https:\/\/psol50.org.br\/luciana-na-record-queremos-construir-um-novo-sistema-politico-onde-o-lucro-nao-esteja-acima-do-bem-estar-das-pessoas\/"]}]},{"@type":"BreadcrumbList","@id":"https:\/\/psol50.org.br\/luciana-na-record-queremos-construir-um-novo-sistema-politico-onde-o-lucro-nao-esteja-acima-do-bem-estar-das-pessoas\/#breadcrumb","itemListElement":[{"@type":"ListItem","position":1,"name":"In\u00edcio","item":"https:\/\/psol50.org.br\/"},{"@type":"ListItem","position":2,"name":"Luciana na Record: \u201cQueremos construir um novo sistema pol\u00edtico onde o lucro n\u00e3o esteja acima do bem-estar das pessoas\u201d"}]},{"@type":"WebSite","@id":"https:\/\/psol50.org.br\/#website","url":"https:\/\/psol50.org.br\/","name":"PSOL 50","description":"Site oficial do Partido Socialismo e Liberdade","publisher":{"@id":"https:\/\/psol50.org.br\/#organization"},"alternateName":"PSOL50","potentialAction":[{"@type":"SearchAction","target":{"@type":"EntryPoint","urlTemplate":"https:\/\/psol50.org.br\/?s={search_term_string}"},"query-input":{"@type":"PropertyValueSpecification","valueRequired":true,"valueName":"search_term_string"}}],"inLanguage":"pt-BR"},{"@type":"Organization","@id":"https:\/\/psol50.org.br\/#organization","name":"PSOL 50","alternateName":"PSOL 50","url":"https:\/\/psol50.org.br\/","logo":{"@type":"ImageObject","inLanguage":"pt-BR","@id":"https:\/\/psol50.org.br\/#\/schema\/logo\/image\/","url":"https:\/\/psol50.org.br\/inc\/uploads\/2018\/07\/capa.png","contentUrl":"https:\/\/psol50.org.br\/inc\/uploads\/2018\/07\/capa.png","width":1350,"height":900,"caption":"PSOL 50"},"image":{"@id":"https:\/\/psol50.org.br\/#\/schema\/logo\/image\/"},"sameAs":["https:\/\/www.facebook.com\/psol50","https:\/\/x.com\/psol50","https:\/\/www.instagram.com\/psol50\/","https:\/\/www.youtube.com\/channel\/UC7SnJS5o1os7a6CaiNabzcg"]},{"@type":"Person","@id":"https:\/\/psol50.org.br\/#\/schema\/person\/475dfa57d0b815993c714c2e96491fcd","name":"Comunica\u00e7\u00e3o PSOL","image":{"@type":"ImageObject","inLanguage":"pt-BR","@id":"https:\/\/psol50.org.br\/#\/schema\/person\/image\/","url":"https:\/\/secure.gravatar.com\/avatar\/b34fc4f4e468a4e51785917065a3db57b841f5c95dba6ad8c73aaf8f66f8f9bf?s=96&d=mm&r=g","contentUrl":"https:\/\/secure.gravatar.com\/avatar\/b34fc4f4e468a4e51785917065a3db57b841f5c95dba6ad8c73aaf8f66f8f9bf?s=96&d=mm&r=g","caption":"Comunica\u00e7\u00e3o PSOL"}}]}},"_links":{"self":[{"href":"https:\/\/psol50.org.br\/rest\/wp\/v2\/posts\/2997","targetHints":{"allow":["GET"]}}],"collection":[{"href":"https:\/\/psol50.org.br\/rest\/wp\/v2\/posts"}],"about":[{"href":"https:\/\/psol50.org.br\/rest\/wp\/v2\/types\/post"}],"author":[{"embeddable":true,"href":"https:\/\/psol50.org.br\/rest\/wp\/v2\/users\/2"}],"replies":[{"embeddable":true,"href":"https:\/\/psol50.org.br\/rest\/wp\/v2\/comments?post=2997"}],"version-history":[{"count":0,"href":"https:\/\/psol50.org.br\/rest\/wp\/v2\/posts\/2997\/revisions"}],"wp:attachment":[{"href":"https:\/\/psol50.org.br\/rest\/wp\/v2\/media?parent=2997"}],"wp:term":[{"taxonomy":"category","embeddable":true,"href":"https:\/\/psol50.org.br\/rest\/wp\/v2\/categories?post=2997"},{"taxonomy":"post_tag","embeddable":true,"href":"https:\/\/psol50.org.br\/rest\/wp\/v2\/tags?post=2997"}],"curies":[{"name":"wp","href":"https:\/\/api.w.org\/{rel}","templated":true}]}}