{"id":30008,"date":"2020-07-10T18:12:03","date_gmt":"2020-07-10T21:12:03","guid":{"rendered":"https:\/\/psol50.org.br\/?p=30008"},"modified":"2020-07-10T18:12:03","modified_gmt":"2020-07-10T21:12:03","slug":"leia-e-assine-o-manifesto-em-apoio-a-pre-candidatura-de-aurea-carolina-a-prefeitura-de-bh-em-uma-ampla-frente-de-esquerda","status":"publish","type":"post","link":"https:\/\/psol50.org.br\/leia-e-assine-o-manifesto-em-apoio-a-pre-candidatura-de-aurea-carolina-a-prefeitura-de-bh-em-uma-ampla-frente-de-esquerda\/","title":{"rendered":"Leia e assine o manifesto em apoio \u00e0 pr\u00e9-candidatura de \u00c1urea Carolina \u00e0 Prefeitura de BH em uma ampla frente de esquerda"},"content":{"rendered":"<p><a href=\"https:\/\/impeachmentpopular.com.br\/\" target=\"_blank\" rel=\"noopener noreferrer\"><img loading=\"lazy\" decoding=\"async\" class=\"alignnone size-full wp-image-29118\" src=\"https:\/\/psol50.org.br\/inc\/uploads\/2020\/05\/Email_Impeachment.png\" alt=\"\" width=\"1080\" height=\"250\" srcset=\"https:\/\/psol50.org.br\/inc\/uploads\/2020\/05\/Email_Impeachment.png 1080w, https:\/\/psol50.org.br\/inc\/uploads\/2020\/05\/Email_Impeachment-300x69.png 300w, https:\/\/psol50.org.br\/inc\/uploads\/2020\/05\/Email_Impeachment-1024x237.png 1024w, https:\/\/psol50.org.br\/inc\/uploads\/2020\/05\/Email_Impeachment-768x178.png 768w, https:\/\/psol50.org.br\/inc\/uploads\/2020\/05\/Email_Impeachment-150x35.png 150w, https:\/\/psol50.org.br\/inc\/uploads\/2020\/05\/Email_Impeachment-696x161.png 696w, https:\/\/psol50.org.br\/inc\/uploads\/2020\/05\/Email_Impeachment-1068x247.png 1068w\" sizes=\"auto, (max-width: 1080px) 100vw, 1080px\" \/><\/a><\/p>\n<p>Foi lan\u00e7ado nesta semana o Manifesto &#8220;Juntas Pela Democracia e Contra o Fascismo&#8221; em apoio \u00e0 pr\u00e9-candidatura da deputada federal do PSOL \u00c1urea Carolina \u00e0 Prefeitura de Belo Horizonte, em uma ampla frente progressista de partidos, ativistas e movimentos sociais. O manifesto conta com assinaturas de diversas personalidades tanto de Belo Horizonte como de todo o Brasil.<\/p>\n<p>&#8220;Tornou-se evidente que a vida que lev\u00e1vamos antes da pandemia, chamada por muitos de &#8216;normalidade&#8217;, n\u00e3o \u00e9 mais poss\u00edvel de continuar. Foi aquela normalidade que nos trouxe at\u00e9 esse presente cr\u00edtico. Isso nos coloca uma tarefa coletiva: construir outra vida em comum&#8221; , apontam os signat\u00e1rios em trecho do manifesto.<\/p>\n<p>&#8220;N\u00f3s que assinamos este manifesto defendemos uma frente, constru\u00edda entre lideran\u00e7as sociais e partidos do campo progressista, para disputar as elei\u00e7\u00f5es municipais de BH em 2020. Uma frente capaz de oferecer \u00e0 sociedade uma alternativa real de um presente e de um futuro melhor, baseada na coletividade, na justi\u00e7a social e no cuidado com a vida&#8221;, diz outro trecho do documento que busca construir uma real e poss\u00edvel alternativa ao bolsonarismo e ao governo de Alexandre Kalil em Belo Horizonte.<\/p>\n<p><strong><a href=\"https:\/\/docs.google.com\/forms\/d\/e\/1FAIpQLSdt7M6RQKVlM0rLPCU2muJJlpR67TlvWJFz84n6YnxB5zFpHg\/viewform\" target=\"_blank\" rel=\"noopener noreferrer\">Veja todas as assinaturas e assine voc\u00ea tamb\u00e9m!<\/a><\/strong><\/p>\n<h6>Leia abaixo o Manifesto &#8220;Juntas Pela Democracia e Contra o Fascismo&#8221; na \u00edntegra:<\/h6>\n<p style=\"text-align: center;\"><strong>MANIFESTO DE APOIO \u00c0 PR\u00c9-CANDIDATURA DE \u00c1UREA CAROLINA, JUNTO A UMA FRENTE AMPLA, \u00c0 PREFEITURA DE BELO HORIZONTE<\/strong><\/p>\n<p>O momento que vivemos \u00e9 de uma radicalidade \u00fanica. Em meio a uma pandemia, velhos e novos desafios nos tocam, perpassam nossos sentidos, nossas emo\u00e7\u00f5es. Tudo isso nos diz respeito e bate \u00e0 porta de nossa vida. Talvez n\u00e3o sejamos capazes de lembrar de um momento na hist\u00f3ria como o de agora, quando percebemos uma conex\u00e3o forte com tudo, entre tudo e todos.<\/p>\n<p>Tornou-se evidente que a vida que lev\u00e1vamos antes da pandemia, chamada por muitos de \u201cnormalidade\u201d, n\u00e3o \u00e9 mais poss\u00edvel de continuar. Foi aquela normalidade que nos trouxe at\u00e9 esse presente cr\u00edtico. Isso nos coloca uma tarefa coletiva: construir outra vida em comum.<\/p>\n<p>Estamos em uma encruzilhada da hist\u00f3ria. O momento de crise vem sendo utilizado por pessoas inescrupulosas, os piores dentre os piores, para nos fazer retroceder nas conquistas sociais e democr\u00e1ticas das \u00faltimas tr\u00eas d\u00e9cadas. Sabemos que esses foram avan\u00e7os insuficientes, que a democracia nunca atingiu sua plenitude em nosso pa\u00eds, mas partir do lugar ao qual chegamos \u00e9 nossa \u00fanica op\u00e7\u00e3o \u2013 em respeito a todas as pessoas que lutaram antes de n\u00f3s e pelas que vir\u00e3o.<\/p>\n<p>O horror de um mundo fascista precisa ser estancado e isso s\u00f3 se dar\u00e1 com um passo \u00e0 frente, a partir de uma perspectiva transformadora que democratize de fato as rela\u00e7\u00f5es p\u00fablicas e privadas, os sistemas pol\u00edtico e econ\u00f4mico, os recursos sociais e o acesso \u00e0s cidades. Para isso, precisamos dialogar amplamente com figuras pol\u00edticas de todas as gera\u00e7\u00f5es e formar coaliz\u00f5es em resposta \u00e0 urg\u00eancia desse tempo.<\/p>\n<p>N\u00f3s que assinamos este manifesto defendemos uma frente, constru\u00edda entre lideran\u00e7as sociais e partidos do campo progressista, para disputar as elei\u00e7\u00f5es municipais de BH em 2020. Uma frente capaz de oferecer \u00e0 sociedade uma alternativa real de um presente e de um futuro melhor, baseada na coletividade, na justi\u00e7a social e no cuidado com a vida.<\/p>\n<p>Uma frente que possa engendrar uma outra pol\u00edtica, para uma outra cidade, para outras formas de ser, fazer e viver. Que seja capaz n\u00e3o s\u00f3 de debater e enfrentar o racismo, o machismo, a LGBTIfobia, a intoler\u00e2ncia religiosa e o etnoc\u00eddio, mas que incorpore essas pautas e essas exist\u00eancias no fazer pol\u00edtico e no dia a dia da cidade. Que enfrente os desafios que afligem a maioria da popula\u00e7\u00e3o, como as demandas por emprego, moradia, educa\u00e7\u00e3o, sa\u00fade, transporte e mobilidade urbana, com \u00eanfase na solidariedade e na defesa do meio ambiente, do bem comum e da cultura viva. Que encare as desigualdades sociais e a viol\u00eancia urbana, e fortale\u00e7a a participa\u00e7\u00e3o popular e o controle social da gest\u00e3o p\u00fablica!<\/p>\n<p>Por tudo isso, recebemos com grande entusiasmo a pr\u00e9-candidatura de \u00c1urea Carolina \u00e0 Prefeitura de Belo Horizonte, a partir da proposta de constru\u00e7\u00e3o dessa frente. \u00c1urea Carolina foi a vereadora mais votada de BH em 2016 e a deputada federal mais votada na capital em 2018, atuando pelo PSOL e pelas Muitas. \u00c9 expoente de uma gera\u00e7\u00e3o que tem produzido importantes pr\u00e1ticas de inova\u00e7\u00e3o pol\u00edtica no Brasil e que expressa, na sua exist\u00eancia, elementos fundamentais para o debate atual: mulher, negra e perif\u00e9rica.<\/p>\n<p>\u00c1urea Carolina teve sua trajet\u00f3ria forjada na arte urbana, na escola da cultura hip hop. Educadora popular e cientista pol\u00edtica, ela vem hoje, de forma respons\u00e1vel e comprometida, colocar-se \u00e0 disposi\u00e7\u00e3o para formar a liga necess\u00e1ria para uma frente ampla de esquerda na cidade. Assim, \u00e9 com alegria que vemos se multiplicar gestos de apoio ao seu nome por figuras de partidos progressistas e movimentos sociais.<\/p>\n<p>A hora \u00e9 agora. Somos muitas, somos diversas, e o nosso momento chegou. N\u00e3o devemos esperar, de novo, que mais do mesmo insista em fazer o que n\u00e3o funciona. Este \u00e9 um pedido aos partidos do campo progressista em BH que busquem confluir para um projeto transformador e generoso de disputa eleitoral no dif\u00edcil ano de 2020. Precisamos disso. O momento pol\u00edtico pede di\u00e1logo consistente, amplo e coerente. \u00c9 o que devemos \u00e0 nossa e \u00e0s pr\u00f3ximas gera\u00e7\u00f5es.<\/p>\n","protected":false},"excerpt":{"rendered":"<p>Foi lan\u00e7ado nesta semana o Manifesto &#8220;Juntas Pela Democracia e Contra o Fascismo&#8221; em apoio \u00e0 pr\u00e9-candidatura da deputada federal do PSOL \u00c1urea Carolina \u00e0 Prefeitura de Belo Horizonte, em uma ampla frente progressista de partidos, ativistas e movimentos sociais. O manifesto conta com assinaturas de diversas personalidades tanto de Belo Horizonte como de todo [&hellip;]<\/p>\n","protected":false},"author":2,"featured_media":30011,"comment_status":"closed","ping_status":"open","sticky":false,"template":"","format":"standard","meta":{"_acf_changed":false,"footnotes":""},"categories":[6,14],"tags":[204,29,876,343,855,345],"class_list":{"0":"post-30008","1":"post","2":"type-post","3":"status-publish","4":"format-standard","5":"has-post-thumbnail","7":"category-noticias","8":"category-partido","9":"tag-204","10":"tag-aurea-carolina","11":"tag-belo-horizonte","12":"tag-eleicoes","13":"tag-manifesto","14":"tag-prefeitura"},"acf":[],"yoast_head":"<!-- This site is optimized with the Yoast SEO plugin v26.5 - https:\/\/yoast.com\/wordpress\/plugins\/seo\/ -->\n<title>Leia e assine o manifesto em apoio \u00e0 pr\u00e9-candidatura de \u00c1urea Carolina \u00e0 Prefeitura de BH em uma ampla frente de esquerda - PSOL 50<\/title>\n<meta name=\"description\" content=\"O manifesto conta com assinaturas de diversas personalidades tanto de Belo Horizonte como de todo o Brasil.\" \/>\n<meta name=\"robots\" content=\"index, follow, max-snippet:-1, max-image-preview:large, max-video-preview:-1\" \/>\n<link rel=\"canonical\" href=\"https:\/\/psol50.org.br\/leia-e-assine-o-manifesto-em-apoio-a-pre-candidatura-de-aurea-carolina-a-prefeitura-de-bh-em-uma-ampla-frente-de-esquerda\/\" \/>\n<meta property=\"og:locale\" content=\"pt_BR\" \/>\n<meta property=\"og:type\" content=\"article\" \/>\n<meta property=\"og:title\" content=\"Leia e assine o manifesto em apoio \u00e0 pr\u00e9-candidatura de \u00c1urea Carolina \u00e0 Prefeitura de BH em uma ampla frente de esquerda\" \/>\n<meta property=\"og:description\" content=\"O manifesto conta com assinaturas de diversas personalidades tanto de Belo Horizonte como de todo o Brasil.\" \/>\n<meta property=\"og:url\" content=\"https:\/\/psol50.org.br\/leia-e-assine-o-manifesto-em-apoio-a-pre-candidatura-de-aurea-carolina-a-prefeitura-de-bh-em-uma-ampla-frente-de-esquerda\/\" \/>\n<meta property=\"og:site_name\" content=\"PSOL 50\" \/>\n<meta property=\"article:publisher\" content=\"https:\/\/www.facebook.com\/psol50\" \/>\n<meta property=\"article:published_time\" content=\"2020-07-10T21:12:03+00:00\" \/>\n<meta property=\"og:image\" content=\"https:\/\/psol50.org.br\/inc\/uploads\/2020\/07\/aurea-carolina-blog-da-boitempo.jpg\" \/>\n\t<meta property=\"og:image:width\" content=\"653\" \/>\n\t<meta property=\"og:image:height\" content=\"436\" \/>\n\t<meta property=\"og:image:type\" content=\"image\/jpeg\" \/>\n<meta name=\"author\" content=\"Comunica\u00e7\u00e3o PSOL\" \/>\n<meta name=\"twitter:card\" content=\"summary_large_image\" \/>\n<meta name=\"twitter:title\" content=\"Leia e assine o manifesto em apoio \u00e0 pr\u00e9-candidatura de \u00c1urea Carolina \u00e0 Prefeitura de BH em uma ampla frente de esquerda\" \/>\n<meta name=\"twitter:description\" content=\"O manifesto conta com assinaturas de diversas personalidades tanto de Belo Horizonte como de todo o Brasil.\" \/>\n<meta name=\"twitter:image\" content=\"https:\/\/psol50.org.br\/inc\/uploads\/2020\/07\/aurea-carolina-blog-da-boitempo.jpg\" \/>\n<meta name=\"twitter:creator\" content=\"@psol50\" \/>\n<meta name=\"twitter:site\" content=\"@psol50\" \/>\n<meta name=\"twitter:label1\" content=\"Escrito por\" \/>\n\t<meta name=\"twitter:data1\" content=\"Comunica\u00e7\u00e3o PSOL\" \/>\n\t<meta name=\"twitter:label2\" content=\"Est. tempo de leitura\" \/>\n\t<meta name=\"twitter:data2\" content=\"5 minutos\" \/>\n<script type=\"application\/ld+json\" class=\"yoast-schema-graph\">{\"@context\":\"https:\/\/schema.org\",\"@graph\":[{\"@type\":\"Article\",\"@id\":\"https:\/\/psol50.org.br\/leia-e-assine-o-manifesto-em-apoio-a-pre-candidatura-de-aurea-carolina-a-prefeitura-de-bh-em-uma-ampla-frente-de-esquerda\/#article\",\"isPartOf\":{\"@id\":\"https:\/\/psol50.org.br\/leia-e-assine-o-manifesto-em-apoio-a-pre-candidatura-de-aurea-carolina-a-prefeitura-de-bh-em-uma-ampla-frente-de-esquerda\/\"},\"author\":{\"name\":\"Comunica\u00e7\u00e3o PSOL\",\"@id\":\"https:\/\/psol50.org.br\/#\/schema\/person\/475dfa57d0b815993c714c2e96491fcd\"},\"headline\":\"Leia e assine o manifesto em apoio \u00e0 pr\u00e9-candidatura de \u00c1urea Carolina \u00e0 Prefeitura de BH em uma ampla frente de esquerda\",\"datePublished\":\"2020-07-10T21:12:03+00:00\",\"mainEntityOfPage\":{\"@id\":\"https:\/\/psol50.org.br\/leia-e-assine-o-manifesto-em-apoio-a-pre-candidatura-de-aurea-carolina-a-prefeitura-de-bh-em-uma-ampla-frente-de-esquerda\/\"},\"wordCount\":950,\"publisher\":{\"@id\":\"https:\/\/psol50.org.br\/#organization\"},\"image\":{\"@id\":\"https:\/\/psol50.org.br\/leia-e-assine-o-manifesto-em-apoio-a-pre-candidatura-de-aurea-carolina-a-prefeitura-de-bh-em-uma-ampla-frente-de-esquerda\/#primaryimage\"},\"thumbnailUrl\":\"https:\/\/psol50.org.br\/inc\/uploads\/2020\/07\/aurea-carolina-blog-da-boitempo.jpg\",\"keywords\":[\"2020\",\"\u00c1urea Carolina\",\"Belo Horizonte\",\"elei\u00e7\u00f5es\",\"manifesto\",\"prefeitura\"],\"articleSection\":[\"Not\u00edcias\",\"Partido\"],\"inLanguage\":\"pt-BR\"},{\"@type\":\"WebPage\",\"@id\":\"https:\/\/psol50.org.br\/leia-e-assine-o-manifesto-em-apoio-a-pre-candidatura-de-aurea-carolina-a-prefeitura-de-bh-em-uma-ampla-frente-de-esquerda\/\",\"url\":\"https:\/\/psol50.org.br\/leia-e-assine-o-manifesto-em-apoio-a-pre-candidatura-de-aurea-carolina-a-prefeitura-de-bh-em-uma-ampla-frente-de-esquerda\/\",\"name\":\"Leia e assine o manifesto em apoio \u00e0 pr\u00e9-candidatura de \u00c1urea Carolina \u00e0 Prefeitura de BH em uma ampla frente de esquerda - PSOL 50\",\"isPartOf\":{\"@id\":\"https:\/\/psol50.org.br\/#website\"},\"primaryImageOfPage\":{\"@id\":\"https:\/\/psol50.org.br\/leia-e-assine-o-manifesto-em-apoio-a-pre-candidatura-de-aurea-carolina-a-prefeitura-de-bh-em-uma-ampla-frente-de-esquerda\/#primaryimage\"},\"image\":{\"@id\":\"https:\/\/psol50.org.br\/leia-e-assine-o-manifesto-em-apoio-a-pre-candidatura-de-aurea-carolina-a-prefeitura-de-bh-em-uma-ampla-frente-de-esquerda\/#primaryimage\"},\"thumbnailUrl\":\"https:\/\/psol50.org.br\/inc\/uploads\/2020\/07\/aurea-carolina-blog-da-boitempo.jpg\",\"datePublished\":\"2020-07-10T21:12:03+00:00\",\"description\":\"O manifesto conta com assinaturas de diversas personalidades tanto de Belo Horizonte como de todo o Brasil.\",\"breadcrumb\":{\"@id\":\"https:\/\/psol50.org.br\/leia-e-assine-o-manifesto-em-apoio-a-pre-candidatura-de-aurea-carolina-a-prefeitura-de-bh-em-uma-ampla-frente-de-esquerda\/#breadcrumb\"},\"inLanguage\":\"pt-BR\",\"potentialAction\":[{\"@type\":\"ReadAction\",\"target\":[\"https:\/\/psol50.org.br\/leia-e-assine-o-manifesto-em-apoio-a-pre-candidatura-de-aurea-carolina-a-prefeitura-de-bh-em-uma-ampla-frente-de-esquerda\/\"]}]},{\"@type\":\"ImageObject\",\"inLanguage\":\"pt-BR\",\"@id\":\"https:\/\/psol50.org.br\/leia-e-assine-o-manifesto-em-apoio-a-pre-candidatura-de-aurea-carolina-a-prefeitura-de-bh-em-uma-ampla-frente-de-esquerda\/#primaryimage\",\"url\":\"https:\/\/psol50.org.br\/inc\/uploads\/2020\/07\/aurea-carolina-blog-da-boitempo.jpg\",\"contentUrl\":\"https:\/\/psol50.org.br\/inc\/uploads\/2020\/07\/aurea-carolina-blog-da-boitempo.jpg\",\"width\":653,\"height\":436},{\"@type\":\"BreadcrumbList\",\"@id\":\"https:\/\/psol50.org.br\/leia-e-assine-o-manifesto-em-apoio-a-pre-candidatura-de-aurea-carolina-a-prefeitura-de-bh-em-uma-ampla-frente-de-esquerda\/#breadcrumb\",\"itemListElement\":[{\"@type\":\"ListItem\",\"position\":1,\"name\":\"In\u00edcio\",\"item\":\"https:\/\/psol50.org.br\/\"},{\"@type\":\"ListItem\",\"position\":2,\"name\":\"Leia e assine o manifesto em apoio \u00e0 pr\u00e9-candidatura de \u00c1urea Carolina \u00e0 Prefeitura de BH em uma ampla frente de esquerda\"}]},{\"@type\":\"WebSite\",\"@id\":\"https:\/\/psol50.org.br\/#website\",\"url\":\"https:\/\/psol50.org.br\/\",\"name\":\"PSOL 50\",\"description\":\"Site oficial do Partido Socialismo e Liberdade\",\"publisher\":{\"@id\":\"https:\/\/psol50.org.br\/#organization\"},\"alternateName\":\"PSOL50\",\"potentialAction\":[{\"@type\":\"SearchAction\",\"target\":{\"@type\":\"EntryPoint\",\"urlTemplate\":\"https:\/\/psol50.org.br\/?s={search_term_string}\"},\"query-input\":{\"@type\":\"PropertyValueSpecification\",\"valueRequired\":true,\"valueName\":\"search_term_string\"}}],\"inLanguage\":\"pt-BR\"},{\"@type\":\"Organization\",\"@id\":\"https:\/\/psol50.org.br\/#organization\",\"name\":\"PSOL 50\",\"alternateName\":\"PSOL 50\",\"url\":\"https:\/\/psol50.org.br\/\",\"logo\":{\"@type\":\"ImageObject\",\"inLanguage\":\"pt-BR\",\"@id\":\"https:\/\/psol50.org.br\/#\/schema\/logo\/image\/\",\"url\":\"https:\/\/psol50.org.br\/inc\/uploads\/2018\/07\/capa.png\",\"contentUrl\":\"https:\/\/psol50.org.br\/inc\/uploads\/2018\/07\/capa.png\",\"width\":1350,\"height\":900,\"caption\":\"PSOL 50\"},\"image\":{\"@id\":\"https:\/\/psol50.org.br\/#\/schema\/logo\/image\/\"},\"sameAs\":[\"https:\/\/www.facebook.com\/psol50\",\"https:\/\/x.com\/psol50\",\"https:\/\/www.instagram.com\/psol50\/\",\"https:\/\/www.youtube.com\/channel\/UC7SnJS5o1os7a6CaiNabzcg\"]},{\"@type\":\"Person\",\"@id\":\"https:\/\/psol50.org.br\/#\/schema\/person\/475dfa57d0b815993c714c2e96491fcd\",\"name\":\"Comunica\u00e7\u00e3o PSOL\",\"image\":{\"@type\":\"ImageObject\",\"inLanguage\":\"pt-BR\",\"@id\":\"https:\/\/psol50.org.br\/#\/schema\/person\/image\/\",\"url\":\"https:\/\/secure.gravatar.com\/avatar\/b34fc4f4e468a4e51785917065a3db57b841f5c95dba6ad8c73aaf8f66f8f9bf?s=96&d=mm&r=g\",\"contentUrl\":\"https:\/\/secure.gravatar.com\/avatar\/b34fc4f4e468a4e51785917065a3db57b841f5c95dba6ad8c73aaf8f66f8f9bf?s=96&d=mm&r=g\",\"caption\":\"Comunica\u00e7\u00e3o PSOL\"}}]}<\/script>\n<!-- \/ Yoast SEO plugin. -->","yoast_head_json":{"title":"Leia e assine o manifesto em apoio \u00e0 pr\u00e9-candidatura de \u00c1urea Carolina \u00e0 Prefeitura de BH em uma ampla frente de esquerda - PSOL 50","description":"O manifesto conta com assinaturas de diversas personalidades tanto de Belo Horizonte como de todo o Brasil.","robots":{"index":"index","follow":"follow","max-snippet":"max-snippet:-1","max-image-preview":"max-image-preview:large","max-video-preview":"max-video-preview:-1"},"canonical":"https:\/\/psol50.org.br\/leia-e-assine-o-manifesto-em-apoio-a-pre-candidatura-de-aurea-carolina-a-prefeitura-de-bh-em-uma-ampla-frente-de-esquerda\/","og_locale":"pt_BR","og_type":"article","og_title":"Leia e assine o manifesto em apoio \u00e0 pr\u00e9-candidatura de \u00c1urea Carolina \u00e0 Prefeitura de BH em uma ampla frente de esquerda","og_description":"O manifesto conta com assinaturas de diversas personalidades tanto de Belo Horizonte como de todo o Brasil.","og_url":"https:\/\/psol50.org.br\/leia-e-assine-o-manifesto-em-apoio-a-pre-candidatura-de-aurea-carolina-a-prefeitura-de-bh-em-uma-ampla-frente-de-esquerda\/","og_site_name":"PSOL 50","article_publisher":"https:\/\/www.facebook.com\/psol50","article_published_time":"2020-07-10T21:12:03+00:00","og_image":[{"width":653,"height":436,"url":"https:\/\/psol50.org.br\/inc\/uploads\/2020\/07\/aurea-carolina-blog-da-boitempo.jpg","type":"image\/jpeg"}],"author":"Comunica\u00e7\u00e3o PSOL","twitter_card":"summary_large_image","twitter_title":"Leia e assine o manifesto em apoio \u00e0 pr\u00e9-candidatura de \u00c1urea Carolina \u00e0 Prefeitura de BH em uma ampla frente de esquerda","twitter_description":"O manifesto conta com assinaturas de diversas personalidades tanto de Belo Horizonte como de todo o Brasil.","twitter_image":"https:\/\/psol50.org.br\/inc\/uploads\/2020\/07\/aurea-carolina-blog-da-boitempo.jpg","twitter_creator":"@psol50","twitter_site":"@psol50","twitter_misc":{"Escrito por":"Comunica\u00e7\u00e3o PSOL","Est. tempo de leitura":"5 minutos"},"schema":{"@context":"https:\/\/schema.org","@graph":[{"@type":"Article","@id":"https:\/\/psol50.org.br\/leia-e-assine-o-manifesto-em-apoio-a-pre-candidatura-de-aurea-carolina-a-prefeitura-de-bh-em-uma-ampla-frente-de-esquerda\/#article","isPartOf":{"@id":"https:\/\/psol50.org.br\/leia-e-assine-o-manifesto-em-apoio-a-pre-candidatura-de-aurea-carolina-a-prefeitura-de-bh-em-uma-ampla-frente-de-esquerda\/"},"author":{"name":"Comunica\u00e7\u00e3o PSOL","@id":"https:\/\/psol50.org.br\/#\/schema\/person\/475dfa57d0b815993c714c2e96491fcd"},"headline":"Leia e assine o manifesto em apoio \u00e0 pr\u00e9-candidatura de \u00c1urea Carolina \u00e0 Prefeitura de BH em uma ampla frente de esquerda","datePublished":"2020-07-10T21:12:03+00:00","mainEntityOfPage":{"@id":"https:\/\/psol50.org.br\/leia-e-assine-o-manifesto-em-apoio-a-pre-candidatura-de-aurea-carolina-a-prefeitura-de-bh-em-uma-ampla-frente-de-esquerda\/"},"wordCount":950,"publisher":{"@id":"https:\/\/psol50.org.br\/#organization"},"image":{"@id":"https:\/\/psol50.org.br\/leia-e-assine-o-manifesto-em-apoio-a-pre-candidatura-de-aurea-carolina-a-prefeitura-de-bh-em-uma-ampla-frente-de-esquerda\/#primaryimage"},"thumbnailUrl":"https:\/\/psol50.org.br\/inc\/uploads\/2020\/07\/aurea-carolina-blog-da-boitempo.jpg","keywords":["2020","\u00c1urea Carolina","Belo Horizonte","elei\u00e7\u00f5es","manifesto","prefeitura"],"articleSection":["Not\u00edcias","Partido"],"inLanguage":"pt-BR"},{"@type":"WebPage","@id":"https:\/\/psol50.org.br\/leia-e-assine-o-manifesto-em-apoio-a-pre-candidatura-de-aurea-carolina-a-prefeitura-de-bh-em-uma-ampla-frente-de-esquerda\/","url":"https:\/\/psol50.org.br\/leia-e-assine-o-manifesto-em-apoio-a-pre-candidatura-de-aurea-carolina-a-prefeitura-de-bh-em-uma-ampla-frente-de-esquerda\/","name":"Leia e assine o manifesto em apoio \u00e0 pr\u00e9-candidatura de \u00c1urea Carolina \u00e0 Prefeitura de BH em uma ampla frente de esquerda - PSOL 50","isPartOf":{"@id":"https:\/\/psol50.org.br\/#website"},"primaryImageOfPage":{"@id":"https:\/\/psol50.org.br\/leia-e-assine-o-manifesto-em-apoio-a-pre-candidatura-de-aurea-carolina-a-prefeitura-de-bh-em-uma-ampla-frente-de-esquerda\/#primaryimage"},"image":{"@id":"https:\/\/psol50.org.br\/leia-e-assine-o-manifesto-em-apoio-a-pre-candidatura-de-aurea-carolina-a-prefeitura-de-bh-em-uma-ampla-frente-de-esquerda\/#primaryimage"},"thumbnailUrl":"https:\/\/psol50.org.br\/inc\/uploads\/2020\/07\/aurea-carolina-blog-da-boitempo.jpg","datePublished":"2020-07-10T21:12:03+00:00","description":"O manifesto conta com assinaturas de diversas personalidades tanto de Belo Horizonte como de todo o Brasil.","breadcrumb":{"@id":"https:\/\/psol50.org.br\/leia-e-assine-o-manifesto-em-apoio-a-pre-candidatura-de-aurea-carolina-a-prefeitura-de-bh-em-uma-ampla-frente-de-esquerda\/#breadcrumb"},"inLanguage":"pt-BR","potentialAction":[{"@type":"ReadAction","target":["https:\/\/psol50.org.br\/leia-e-assine-o-manifesto-em-apoio-a-pre-candidatura-de-aurea-carolina-a-prefeitura-de-bh-em-uma-ampla-frente-de-esquerda\/"]}]},{"@type":"ImageObject","inLanguage":"pt-BR","@id":"https:\/\/psol50.org.br\/leia-e-assine-o-manifesto-em-apoio-a-pre-candidatura-de-aurea-carolina-a-prefeitura-de-bh-em-uma-ampla-frente-de-esquerda\/#primaryimage","url":"https:\/\/psol50.org.br\/inc\/uploads\/2020\/07\/aurea-carolina-blog-da-boitempo.jpg","contentUrl":"https:\/\/psol50.org.br\/inc\/uploads\/2020\/07\/aurea-carolina-blog-da-boitempo.jpg","width":653,"height":436},{"@type":"BreadcrumbList","@id":"https:\/\/psol50.org.br\/leia-e-assine-o-manifesto-em-apoio-a-pre-candidatura-de-aurea-carolina-a-prefeitura-de-bh-em-uma-ampla-frente-de-esquerda\/#breadcrumb","itemListElement":[{"@type":"ListItem","position":1,"name":"In\u00edcio","item":"https:\/\/psol50.org.br\/"},{"@type":"ListItem","position":2,"name":"Leia e assine o manifesto em apoio \u00e0 pr\u00e9-candidatura de \u00c1urea Carolina \u00e0 Prefeitura de BH em uma ampla frente de esquerda"}]},{"@type":"WebSite","@id":"https:\/\/psol50.org.br\/#website","url":"https:\/\/psol50.org.br\/","name":"PSOL 50","description":"Site oficial do Partido Socialismo e Liberdade","publisher":{"@id":"https:\/\/psol50.org.br\/#organization"},"alternateName":"PSOL50","potentialAction":[{"@type":"SearchAction","target":{"@type":"EntryPoint","urlTemplate":"https:\/\/psol50.org.br\/?s={search_term_string}"},"query-input":{"@type":"PropertyValueSpecification","valueRequired":true,"valueName":"search_term_string"}}],"inLanguage":"pt-BR"},{"@type":"Organization","@id":"https:\/\/psol50.org.br\/#organization","name":"PSOL 50","alternateName":"PSOL 50","url":"https:\/\/psol50.org.br\/","logo":{"@type":"ImageObject","inLanguage":"pt-BR","@id":"https:\/\/psol50.org.br\/#\/schema\/logo\/image\/","url":"https:\/\/psol50.org.br\/inc\/uploads\/2018\/07\/capa.png","contentUrl":"https:\/\/psol50.org.br\/inc\/uploads\/2018\/07\/capa.png","width":1350,"height":900,"caption":"PSOL 50"},"image":{"@id":"https:\/\/psol50.org.br\/#\/schema\/logo\/image\/"},"sameAs":["https:\/\/www.facebook.com\/psol50","https:\/\/x.com\/psol50","https:\/\/www.instagram.com\/psol50\/","https:\/\/www.youtube.com\/channel\/UC7SnJS5o1os7a6CaiNabzcg"]},{"@type":"Person","@id":"https:\/\/psol50.org.br\/#\/schema\/person\/475dfa57d0b815993c714c2e96491fcd","name":"Comunica\u00e7\u00e3o PSOL","image":{"@type":"ImageObject","inLanguage":"pt-BR","@id":"https:\/\/psol50.org.br\/#\/schema\/person\/image\/","url":"https:\/\/secure.gravatar.com\/avatar\/b34fc4f4e468a4e51785917065a3db57b841f5c95dba6ad8c73aaf8f66f8f9bf?s=96&d=mm&r=g","contentUrl":"https:\/\/secure.gravatar.com\/avatar\/b34fc4f4e468a4e51785917065a3db57b841f5c95dba6ad8c73aaf8f66f8f9bf?s=96&d=mm&r=g","caption":"Comunica\u00e7\u00e3o PSOL"}}]}},"_links":{"self":[{"href":"https:\/\/psol50.org.br\/rest\/wp\/v2\/posts\/30008","targetHints":{"allow":["GET"]}}],"collection":[{"href":"https:\/\/psol50.org.br\/rest\/wp\/v2\/posts"}],"about":[{"href":"https:\/\/psol50.org.br\/rest\/wp\/v2\/types\/post"}],"author":[{"embeddable":true,"href":"https:\/\/psol50.org.br\/rest\/wp\/v2\/users\/2"}],"replies":[{"embeddable":true,"href":"https:\/\/psol50.org.br\/rest\/wp\/v2\/comments?post=30008"}],"version-history":[{"count":0,"href":"https:\/\/psol50.org.br\/rest\/wp\/v2\/posts\/30008\/revisions"}],"wp:featuredmedia":[{"embeddable":true,"href":"https:\/\/psol50.org.br\/rest\/wp\/v2\/media\/30011"}],"wp:attachment":[{"href":"https:\/\/psol50.org.br\/rest\/wp\/v2\/media?parent=30008"}],"wp:term":[{"taxonomy":"category","embeddable":true,"href":"https:\/\/psol50.org.br\/rest\/wp\/v2\/categories?post=30008"},{"taxonomy":"post_tag","embeddable":true,"href":"https:\/\/psol50.org.br\/rest\/wp\/v2\/tags?post=30008"}],"curies":[{"name":"wp","href":"https:\/\/api.w.org\/{rel}","templated":true}]}}