{"id":3001,"date":"2014-09-30T00:00:00","date_gmt":"2014-09-30T16:12:54","guid":{"rendered":"http:\/\/psol50.org.br\/arquivo\/2014\/09\/30\/mortes-de-imigrantes-aumentaram-70-neste-ano\/"},"modified":"2014-09-30T00:00:00","modified_gmt":"2014-09-30T16:12:54","slug":"mortes-de-imigrantes-aumentaram-70-neste-ano","status":"publish","type":"post","link":"https:\/\/psol50.org.br\/mortes-de-imigrantes-aumentaram-70-neste-ano\/","title":{"rendered":"Mortes de imigrantes aumentaram 70% neste ano"},"content":{"rendered":"<p style=\"text-align: justify;\">\n\t<span style=\"font-family:arial,helvetica,sans-serif;\"><span style=\"font-size: 12px;\"><em>Giselle Garcia, da Ag\u00eancia Brasil<\/em>&nbsp;<\/p>\n<p>\tA imigra\u00e7\u00e3o est\u00e1 diretamente ligada \u00e0 morte de 40 mil pessoas desde o ano 2000 em todo o mundo. A estat\u00edstica foi divulgada nesta segunda-feira (29) pela Organiza\u00e7\u00e3o Internacional para Imigra\u00e7\u00e3o (IOM, na sigla em ingl\u00eas), em reuni\u00e3o no escrit\u00f3rio das Na\u00e7\u00f5es Unidas, em Genebra, na Su\u00ed\u00e7a.<\/p>\n<p>\tDe acordo com o relat\u00f3rio <em>Jornadas Fatais: Rastreando Vidas Perdidas durante a Imigra\u00e7\u00e3o<\/em>, 4.077 imigrantes morreram de janeiro a setembro de 2014, um aumento de 70% em rela\u00e7\u00e3o a todo o ano de 2013 (2.400 v\u00edtimas). As trai\u00e7oeiras rotas de imigra\u00e7\u00e3o do Mar Mediterr\u00e2neo respondem por grande parte das mortes: 3.072 (75%). Em seguida v\u00eam o leste da \u00c1frica (251 mortes), a fronteira entre o M\u00e9xico e os Estados Unidos (230 mortes) e o Golfo de Bengala, no Oceano \u00cdndico (205 mortes).<\/p>\n<p>\tA Europa \u00e9 o destino mais perigoso para imigrantes ilegais. Mais de 22 mil pessoas morreram desde 2000, sendo 4 mil no per\u00edodo de 2013 at\u00e9 agora. Apesar do perigo, cresce o n\u00famero de imigrantes que cruzam o Mar Mediterr\u00e2neo em busca de abrigo em solo europeu. O relat\u00f3rio relembra a morte de 360 imigrantes africanos provenientes da Eritreia e da Som\u00e1lia, em outubro de 2013, que naufragaram ao tentar alcan\u00e7ar a Ilha de Lampedusa, na It\u00e1lia.<\/p>\n<p>\tA fronteira entre M\u00e9xico e Estados Unidos \u00e9 citada no relat\u00f3rio como uma regi\u00e3o cr\u00edtica, onde 6 mil imigrantes perderam a vida desde 2000, tentando entrar ilegalmente no pa\u00eds norte-americano. Mas as estat\u00edsticas apontam tend\u00eancia de redu\u00e7\u00e3o do n\u00famero de v\u00edtimas.<\/p>\n<p>\tOs dados estat\u00edsticos para a produ\u00e7\u00e3o do relat\u00f3rio s\u00e3o coletados junto a governos e ag\u00eancias. Segundo o chefe do Departamento de Pesquisa da IOM, Frank Laczko, os n\u00fameros podem ser ainda maiores. \u201cApesar do grande volume de recursos gastos na coleta de dados sobre imigra\u00e7\u00e3o e controle das fronteiras, poucas ag\u00eancias re\u00fanem e publicam dados sobre mortes de imigrantes\u201d, disse ele. Al\u00e9m disso \u2013 enfatizou Laczko \u2013 muitas mortes acontecem em regi\u00f5es remotas, e nunca s\u00e3o registradas.<\/p>\n<p>\tPara o diretor-geral da IOM, William Lacy Swing, \u00e9 tempo de fazer mais do que contar as v\u00edtimas. \u201c\u00c9 hora de o mundo se engajar para acabar com essa viol\u00eancia contra imigrantes desesperados&#8221;, salientou.<\/span><\/span><\/p>\n<p>&nbsp;<\/p>\n","protected":false},"excerpt":{"rendered":"<p>Giselle Garcia, da Ag\u00eancia Brasil&nbsp; A imigra\u00e7\u00e3o est\u00e1 diretamente ligada \u00e0 morte de 40 mil pessoas desde o ano 2000 em todo o mundo. A estat\u00edstica foi divulgada nesta segunda-feira (29) pela Organiza\u00e7\u00e3o Internacional para Imigra\u00e7\u00e3o (IOM, na sigla em ingl\u00eas), em reuni\u00e3o no escrit\u00f3rio das Na\u00e7\u00f5es Unidas, em Genebra, na Su\u00ed\u00e7a. De acordo com [&hellip;]<\/p>\n","protected":false},"author":2,"featured_media":0,"comment_status":"open","ping_status":"open","sticky":false,"template":"","format":"standard","meta":{"_acf_changed":false,"footnotes":""},"categories":[4766,6],"tags":[],"class_list":{"0":"post-3001","1":"post","2":"type-post","3":"status-publish","4":"format-standard","6":"category-arquivo","7":"category-noticias"},"acf":[],"yoast_head":"<!-- This site is optimized with the Yoast SEO plugin v26.5 - https:\/\/yoast.com\/wordpress\/plugins\/seo\/ -->\n<title>Mortes de imigrantes aumentaram 70% neste ano - PSOL 50<\/title>\n<meta name=\"robots\" content=\"index, follow, max-snippet:-1, max-image-preview:large, max-video-preview:-1\" \/>\n<link rel=\"canonical\" href=\"https:\/\/psol50.org.br\/mortes-de-imigrantes-aumentaram-70-neste-ano\/\" \/>\n<meta property=\"og:locale\" content=\"pt_BR\" \/>\n<meta property=\"og:type\" content=\"article\" \/>\n<meta property=\"og:title\" content=\"Mortes de imigrantes aumentaram 70% neste ano - PSOL 50\" \/>\n<meta property=\"og:description\" content=\"Giselle Garcia, da Ag\u00eancia Brasil&nbsp; A imigra\u00e7\u00e3o est\u00e1 diretamente ligada \u00e0 morte de 40 mil pessoas desde o ano 2000 em todo o mundo. A estat\u00edstica foi divulgada nesta segunda-feira (29) pela Organiza\u00e7\u00e3o Internacional para Imigra\u00e7\u00e3o (IOM, na sigla em ingl\u00eas), em reuni\u00e3o no escrit\u00f3rio das Na\u00e7\u00f5es Unidas, em Genebra, na Su\u00ed\u00e7a. De acordo com [&hellip;]\" \/>\n<meta property=\"og:url\" content=\"https:\/\/psol50.org.br\/mortes-de-imigrantes-aumentaram-70-neste-ano\/\" \/>\n<meta property=\"og:site_name\" content=\"PSOL 50\" \/>\n<meta property=\"article:publisher\" content=\"https:\/\/www.facebook.com\/psol50\" \/>\n<meta property=\"article:published_time\" content=\"2014-09-30T16:12:54+00:00\" \/>\n<meta property=\"og:image\" content=\"https:\/\/psol50.org.br\/inc\/uploads\/2018\/07\/capa.png\" \/>\n\t<meta property=\"og:image:width\" content=\"1350\" \/>\n\t<meta property=\"og:image:height\" content=\"900\" \/>\n\t<meta property=\"og:image:type\" content=\"image\/png\" \/>\n<meta name=\"author\" content=\"Comunica\u00e7\u00e3o PSOL\" \/>\n<meta name=\"twitter:card\" content=\"summary_large_image\" \/>\n<meta name=\"twitter:creator\" content=\"@psol50\" \/>\n<meta name=\"twitter:site\" content=\"@psol50\" \/>\n<meta name=\"twitter:label1\" content=\"Escrito por\" \/>\n\t<meta name=\"twitter:data1\" content=\"Comunica\u00e7\u00e3o PSOL\" \/>\n\t<meta name=\"twitter:label2\" content=\"Est. tempo de leitura\" \/>\n\t<meta name=\"twitter:data2\" content=\"2 minutos\" \/>\n<script type=\"application\/ld+json\" class=\"yoast-schema-graph\">{\"@context\":\"https:\/\/schema.org\",\"@graph\":[{\"@type\":\"Article\",\"@id\":\"https:\/\/psol50.org.br\/mortes-de-imigrantes-aumentaram-70-neste-ano\/#article\",\"isPartOf\":{\"@id\":\"https:\/\/psol50.org.br\/mortes-de-imigrantes-aumentaram-70-neste-ano\/\"},\"author\":{\"name\":\"Comunica\u00e7\u00e3o PSOL\",\"@id\":\"https:\/\/psol50.org.br\/#\/schema\/person\/475dfa57d0b815993c714c2e96491fcd\"},\"headline\":\"Mortes de imigrantes aumentaram 70% neste ano\",\"datePublished\":\"2014-09-30T16:12:54+00:00\",\"mainEntityOfPage\":{\"@id\":\"https:\/\/psol50.org.br\/mortes-de-imigrantes-aumentaram-70-neste-ano\/\"},\"wordCount\":393,\"commentCount\":0,\"publisher\":{\"@id\":\"https:\/\/psol50.org.br\/#organization\"},\"articleSection\":[\"Arquivo\",\"Not\u00edcias\"],\"inLanguage\":\"pt-BR\",\"potentialAction\":[{\"@type\":\"CommentAction\",\"name\":\"Comment\",\"target\":[\"https:\/\/psol50.org.br\/mortes-de-imigrantes-aumentaram-70-neste-ano\/#respond\"]}]},{\"@type\":\"WebPage\",\"@id\":\"https:\/\/psol50.org.br\/mortes-de-imigrantes-aumentaram-70-neste-ano\/\",\"url\":\"https:\/\/psol50.org.br\/mortes-de-imigrantes-aumentaram-70-neste-ano\/\",\"name\":\"Mortes de imigrantes aumentaram 70% neste ano - PSOL 50\",\"isPartOf\":{\"@id\":\"https:\/\/psol50.org.br\/#website\"},\"datePublished\":\"2014-09-30T16:12:54+00:00\",\"breadcrumb\":{\"@id\":\"https:\/\/psol50.org.br\/mortes-de-imigrantes-aumentaram-70-neste-ano\/#breadcrumb\"},\"inLanguage\":\"pt-BR\",\"potentialAction\":[{\"@type\":\"ReadAction\",\"target\":[\"https:\/\/psol50.org.br\/mortes-de-imigrantes-aumentaram-70-neste-ano\/\"]}]},{\"@type\":\"BreadcrumbList\",\"@id\":\"https:\/\/psol50.org.br\/mortes-de-imigrantes-aumentaram-70-neste-ano\/#breadcrumb\",\"itemListElement\":[{\"@type\":\"ListItem\",\"position\":1,\"name\":\"In\u00edcio\",\"item\":\"https:\/\/psol50.org.br\/\"},{\"@type\":\"ListItem\",\"position\":2,\"name\":\"Mortes de imigrantes aumentaram 70% neste ano\"}]},{\"@type\":\"WebSite\",\"@id\":\"https:\/\/psol50.org.br\/#website\",\"url\":\"https:\/\/psol50.org.br\/\",\"name\":\"PSOL 50\",\"description\":\"Site oficial do Partido Socialismo e Liberdade\",\"publisher\":{\"@id\":\"https:\/\/psol50.org.br\/#organization\"},\"alternateName\":\"PSOL50\",\"potentialAction\":[{\"@type\":\"SearchAction\",\"target\":{\"@type\":\"EntryPoint\",\"urlTemplate\":\"https:\/\/psol50.org.br\/?s={search_term_string}\"},\"query-input\":{\"@type\":\"PropertyValueSpecification\",\"valueRequired\":true,\"valueName\":\"search_term_string\"}}],\"inLanguage\":\"pt-BR\"},{\"@type\":\"Organization\",\"@id\":\"https:\/\/psol50.org.br\/#organization\",\"name\":\"PSOL 50\",\"alternateName\":\"PSOL 50\",\"url\":\"https:\/\/psol50.org.br\/\",\"logo\":{\"@type\":\"ImageObject\",\"inLanguage\":\"pt-BR\",\"@id\":\"https:\/\/psol50.org.br\/#\/schema\/logo\/image\/\",\"url\":\"https:\/\/psol50.org.br\/inc\/uploads\/2018\/07\/capa.png\",\"contentUrl\":\"https:\/\/psol50.org.br\/inc\/uploads\/2018\/07\/capa.png\",\"width\":1350,\"height\":900,\"caption\":\"PSOL 50\"},\"image\":{\"@id\":\"https:\/\/psol50.org.br\/#\/schema\/logo\/image\/\"},\"sameAs\":[\"https:\/\/www.facebook.com\/psol50\",\"https:\/\/x.com\/psol50\",\"https:\/\/www.instagram.com\/psol50\/\",\"https:\/\/www.youtube.com\/channel\/UC7SnJS5o1os7a6CaiNabzcg\"]},{\"@type\":\"Person\",\"@id\":\"https:\/\/psol50.org.br\/#\/schema\/person\/475dfa57d0b815993c714c2e96491fcd\",\"name\":\"Comunica\u00e7\u00e3o PSOL\",\"image\":{\"@type\":\"ImageObject\",\"inLanguage\":\"pt-BR\",\"@id\":\"https:\/\/psol50.org.br\/#\/schema\/person\/image\/\",\"url\":\"https:\/\/secure.gravatar.com\/avatar\/b34fc4f4e468a4e51785917065a3db57b841f5c95dba6ad8c73aaf8f66f8f9bf?s=96&d=mm&r=g\",\"contentUrl\":\"https:\/\/secure.gravatar.com\/avatar\/b34fc4f4e468a4e51785917065a3db57b841f5c95dba6ad8c73aaf8f66f8f9bf?s=96&d=mm&r=g\",\"caption\":\"Comunica\u00e7\u00e3o PSOL\"}}]}<\/script>\n<!-- \/ Yoast SEO plugin. -->","yoast_head_json":{"title":"Mortes de imigrantes aumentaram 70% neste ano - PSOL 50","robots":{"index":"index","follow":"follow","max-snippet":"max-snippet:-1","max-image-preview":"max-image-preview:large","max-video-preview":"max-video-preview:-1"},"canonical":"https:\/\/psol50.org.br\/mortes-de-imigrantes-aumentaram-70-neste-ano\/","og_locale":"pt_BR","og_type":"article","og_title":"Mortes de imigrantes aumentaram 70% neste ano - PSOL 50","og_description":"Giselle Garcia, da Ag\u00eancia Brasil&nbsp; A imigra\u00e7\u00e3o est\u00e1 diretamente ligada \u00e0 morte de 40 mil pessoas desde o ano 2000 em todo o mundo. A estat\u00edstica foi divulgada nesta segunda-feira (29) pela Organiza\u00e7\u00e3o Internacional para Imigra\u00e7\u00e3o (IOM, na sigla em ingl\u00eas), em reuni\u00e3o no escrit\u00f3rio das Na\u00e7\u00f5es Unidas, em Genebra, na Su\u00ed\u00e7a. De acordo com [&hellip;]","og_url":"https:\/\/psol50.org.br\/mortes-de-imigrantes-aumentaram-70-neste-ano\/","og_site_name":"PSOL 50","article_publisher":"https:\/\/www.facebook.com\/psol50","article_published_time":"2014-09-30T16:12:54+00:00","og_image":[{"width":1350,"height":900,"url":"https:\/\/psol50.org.br\/inc\/uploads\/2018\/07\/capa.png","type":"image\/png"}],"author":"Comunica\u00e7\u00e3o PSOL","twitter_card":"summary_large_image","twitter_creator":"@psol50","twitter_site":"@psol50","twitter_misc":{"Escrito por":"Comunica\u00e7\u00e3o PSOL","Est. tempo de leitura":"2 minutos"},"schema":{"@context":"https:\/\/schema.org","@graph":[{"@type":"Article","@id":"https:\/\/psol50.org.br\/mortes-de-imigrantes-aumentaram-70-neste-ano\/#article","isPartOf":{"@id":"https:\/\/psol50.org.br\/mortes-de-imigrantes-aumentaram-70-neste-ano\/"},"author":{"name":"Comunica\u00e7\u00e3o PSOL","@id":"https:\/\/psol50.org.br\/#\/schema\/person\/475dfa57d0b815993c714c2e96491fcd"},"headline":"Mortes de imigrantes aumentaram 70% neste ano","datePublished":"2014-09-30T16:12:54+00:00","mainEntityOfPage":{"@id":"https:\/\/psol50.org.br\/mortes-de-imigrantes-aumentaram-70-neste-ano\/"},"wordCount":393,"commentCount":0,"publisher":{"@id":"https:\/\/psol50.org.br\/#organization"},"articleSection":["Arquivo","Not\u00edcias"],"inLanguage":"pt-BR","potentialAction":[{"@type":"CommentAction","name":"Comment","target":["https:\/\/psol50.org.br\/mortes-de-imigrantes-aumentaram-70-neste-ano\/#respond"]}]},{"@type":"WebPage","@id":"https:\/\/psol50.org.br\/mortes-de-imigrantes-aumentaram-70-neste-ano\/","url":"https:\/\/psol50.org.br\/mortes-de-imigrantes-aumentaram-70-neste-ano\/","name":"Mortes de imigrantes aumentaram 70% neste ano - PSOL 50","isPartOf":{"@id":"https:\/\/psol50.org.br\/#website"},"datePublished":"2014-09-30T16:12:54+00:00","breadcrumb":{"@id":"https:\/\/psol50.org.br\/mortes-de-imigrantes-aumentaram-70-neste-ano\/#breadcrumb"},"inLanguage":"pt-BR","potentialAction":[{"@type":"ReadAction","target":["https:\/\/psol50.org.br\/mortes-de-imigrantes-aumentaram-70-neste-ano\/"]}]},{"@type":"BreadcrumbList","@id":"https:\/\/psol50.org.br\/mortes-de-imigrantes-aumentaram-70-neste-ano\/#breadcrumb","itemListElement":[{"@type":"ListItem","position":1,"name":"In\u00edcio","item":"https:\/\/psol50.org.br\/"},{"@type":"ListItem","position":2,"name":"Mortes de imigrantes aumentaram 70% neste ano"}]},{"@type":"WebSite","@id":"https:\/\/psol50.org.br\/#website","url":"https:\/\/psol50.org.br\/","name":"PSOL 50","description":"Site oficial do Partido Socialismo e Liberdade","publisher":{"@id":"https:\/\/psol50.org.br\/#organization"},"alternateName":"PSOL50","potentialAction":[{"@type":"SearchAction","target":{"@type":"EntryPoint","urlTemplate":"https:\/\/psol50.org.br\/?s={search_term_string}"},"query-input":{"@type":"PropertyValueSpecification","valueRequired":true,"valueName":"search_term_string"}}],"inLanguage":"pt-BR"},{"@type":"Organization","@id":"https:\/\/psol50.org.br\/#organization","name":"PSOL 50","alternateName":"PSOL 50","url":"https:\/\/psol50.org.br\/","logo":{"@type":"ImageObject","inLanguage":"pt-BR","@id":"https:\/\/psol50.org.br\/#\/schema\/logo\/image\/","url":"https:\/\/psol50.org.br\/inc\/uploads\/2018\/07\/capa.png","contentUrl":"https:\/\/psol50.org.br\/inc\/uploads\/2018\/07\/capa.png","width":1350,"height":900,"caption":"PSOL 50"},"image":{"@id":"https:\/\/psol50.org.br\/#\/schema\/logo\/image\/"},"sameAs":["https:\/\/www.facebook.com\/psol50","https:\/\/x.com\/psol50","https:\/\/www.instagram.com\/psol50\/","https:\/\/www.youtube.com\/channel\/UC7SnJS5o1os7a6CaiNabzcg"]},{"@type":"Person","@id":"https:\/\/psol50.org.br\/#\/schema\/person\/475dfa57d0b815993c714c2e96491fcd","name":"Comunica\u00e7\u00e3o PSOL","image":{"@type":"ImageObject","inLanguage":"pt-BR","@id":"https:\/\/psol50.org.br\/#\/schema\/person\/image\/","url":"https:\/\/secure.gravatar.com\/avatar\/b34fc4f4e468a4e51785917065a3db57b841f5c95dba6ad8c73aaf8f66f8f9bf?s=96&d=mm&r=g","contentUrl":"https:\/\/secure.gravatar.com\/avatar\/b34fc4f4e468a4e51785917065a3db57b841f5c95dba6ad8c73aaf8f66f8f9bf?s=96&d=mm&r=g","caption":"Comunica\u00e7\u00e3o PSOL"}}]}},"_links":{"self":[{"href":"https:\/\/psol50.org.br\/rest\/wp\/v2\/posts\/3001","targetHints":{"allow":["GET"]}}],"collection":[{"href":"https:\/\/psol50.org.br\/rest\/wp\/v2\/posts"}],"about":[{"href":"https:\/\/psol50.org.br\/rest\/wp\/v2\/types\/post"}],"author":[{"embeddable":true,"href":"https:\/\/psol50.org.br\/rest\/wp\/v2\/users\/2"}],"replies":[{"embeddable":true,"href":"https:\/\/psol50.org.br\/rest\/wp\/v2\/comments?post=3001"}],"version-history":[{"count":0,"href":"https:\/\/psol50.org.br\/rest\/wp\/v2\/posts\/3001\/revisions"}],"wp:attachment":[{"href":"https:\/\/psol50.org.br\/rest\/wp\/v2\/media?parent=3001"}],"wp:term":[{"taxonomy":"category","embeddable":true,"href":"https:\/\/psol50.org.br\/rest\/wp\/v2\/categories?post=3001"},{"taxonomy":"post_tag","embeddable":true,"href":"https:\/\/psol50.org.br\/rest\/wp\/v2\/tags?post=3001"}],"curies":[{"name":"wp","href":"https:\/\/api.w.org\/{rel}","templated":true}]}}