{"id":30027,"date":"2020-07-13T17:03:58","date_gmt":"2020-07-13T20:03:58","guid":{"rendered":"https:\/\/psol50.org.br\/?p=30027"},"modified":"2020-07-13T17:03:58","modified_gmt":"2020-07-13T20:03:58","slug":"psol-reforca-pedido-ao-mpf-para-providencias-urgentes-sobre-cortes-de-bolsas-da-capes","status":"publish","type":"post","link":"https:\/\/psol50.org.br\/psol-reforca-pedido-ao-mpf-para-providencias-urgentes-sobre-cortes-de-bolsas-da-capes\/","title":{"rendered":"PSOL refor\u00e7a pedido ao MPF para provid\u00eancias urgentes sobre cortes de bolsas da Capes"},"content":{"rendered":"<p><a href=\"https:\/\/impeachmentpopular.com.br\/\" target=\"_blank\" rel=\"noopener noreferrer\"><img loading=\"lazy\" decoding=\"async\" class=\"alignnone size-full wp-image-29118\" src=\"https:\/\/psol50.org.br\/inc\/uploads\/2020\/05\/Email_Impeachment.png\" alt=\"\" width=\"1080\" height=\"250\" srcset=\"https:\/\/psol50.org.br\/inc\/uploads\/2020\/05\/Email_Impeachment.png 1080w, https:\/\/psol50.org.br\/inc\/uploads\/2020\/05\/Email_Impeachment-300x69.png 300w, https:\/\/psol50.org.br\/inc\/uploads\/2020\/05\/Email_Impeachment-1024x237.png 1024w, https:\/\/psol50.org.br\/inc\/uploads\/2020\/05\/Email_Impeachment-768x178.png 768w, https:\/\/psol50.org.br\/inc\/uploads\/2020\/05\/Email_Impeachment-150x35.png 150w, https:\/\/psol50.org.br\/inc\/uploads\/2020\/05\/Email_Impeachment-696x161.png 696w, https:\/\/psol50.org.br\/inc\/uploads\/2020\/05\/Email_Impeachment-1068x247.png 1068w\" sizes=\"auto, (max-width: 1080px) 100vw, 1080px\" \/><\/a><\/p>\n<p>A bancada do PSOL enviou um novo of\u00edcio \u00e0 Procuradoria Federal dos Direitos do Cidad\u00e3o, \u00f3rg\u00e3o ligado ao Minist\u00e9rio P\u00fablico Federal (MPF) solicitando provid\u00eancias sobre o corte de 8 mil bolsas da Capes, ligada ao Minist\u00e9rio da Educa\u00e7\u00e3o. A preocupa\u00e7\u00e3o do PSOL \u00e9 o aprofundamento das desigualdades regionais e entre programas de p\u00f3s-gradua\u00e7\u00e3o provocado pela pol\u00edtica de distribui\u00e7\u00e3o de bolsas.<\/p>\n<p>A solicita\u00e7\u00e3o se deve ao estudo \u201cA nova pol\u00edtica de distribui\u00e7\u00e3o de bolsas da CAPES: onde estamos e o que esperamos do novo plano\u201d, de pesquisadores da Sociedade Brasileira para o Progresso da Ci\u00eancia (SBPC), divulgado no m\u00eas passado. A pesquisa aponta a queda no n\u00famero de bolsas permanentes entre 2019 e 2020; a forte concentra\u00e7\u00e3o de bolsas na regi\u00e3o Sudeste e a diminui\u00e7\u00e3o de bolsas em programas localizados nos munic\u00edpios com IDH mais baixo.<\/p>\n<p>As normas de distribui\u00e7\u00e3o de bolsas foram alteradas pela Portaria 34 do governo federal, editada de forma arbitr\u00e1ria, sem qualquer debate com a comunidade acad\u00eamica, no m\u00eas de mar\u00e7o. Na \u00e9poca, a bancada do PSOL apresentou Projeto de Decreto Legislativo n\u00ba 109 para sustar a Portaria e encaminhou of\u00edcio ao Minist\u00e9rio P\u00fablico Federal.<\/p>\n","protected":false},"excerpt":{"rendered":"<p>A bancada do PSOL enviou um novo of\u00edcio \u00e0 Procuradoria Federal dos Direitos do Cidad\u00e3o, \u00f3rg\u00e3o ligado ao Minist\u00e9rio P\u00fablico Federal (MPF) solicitando provid\u00eancias sobre o corte de 8 mil bolsas da Capes, ligada ao Minist\u00e9rio da Educa\u00e7\u00e3o. A preocupa\u00e7\u00e3o do PSOL \u00e9 o aprofundamento das desigualdades regionais e entre programas de p\u00f3s-gradua\u00e7\u00e3o provocado pela [&hellip;]<\/p>\n","protected":false},"author":2,"featured_media":30029,"comment_status":"closed","ping_status":"open","sticky":false,"template":"","format":"standard","meta":{"_acf_changed":false,"footnotes":""},"categories":[6],"tags":[401,402,164,76,22],"class_list":{"0":"post-30027","1":"post","2":"type-post","3":"status-publish","4":"format-standard","5":"has-post-thumbnail","7":"category-noticias","8":"tag-bolsas","9":"tag-capes","10":"tag-educacao","11":"tag-mpf","12":"tag-psol"},"acf":[],"yoast_head":"<!-- This site is optimized with the Yoast SEO plugin v26.5 - https:\/\/yoast.com\/wordpress\/plugins\/seo\/ -->\n<title>PSOL refor\u00e7a pedido ao MPF para provid\u00eancias urgentes sobre cortes de bolsas da Capes<\/title>\n<meta name=\"description\" content=\"A preocupa\u00e7\u00e3o do PSOL \u00e9 o aprofundamento das desigualdades regionais e entre programas de p\u00f3s-gradua\u00e7\u00e3o provocado pela pol\u00edtica de distribui\u00e7\u00e3o de bolsas.\" \/>\n<meta name=\"robots\" content=\"index, follow, max-snippet:-1, max-image-preview:large, max-video-preview:-1\" \/>\n<link rel=\"canonical\" href=\"https:\/\/psol50.org.br\/psol-reforca-pedido-ao-mpf-para-providencias-urgentes-sobre-cortes-de-bolsas-da-capes\/\" \/>\n<meta property=\"og:locale\" content=\"pt_BR\" \/>\n<meta property=\"og:type\" content=\"article\" \/>\n<meta property=\"og:title\" content=\"PSOL refor\u00e7a pedido ao MPF para provid\u00eancias urgentes sobre cortes de bolsas da Capes\" \/>\n<meta property=\"og:description\" content=\"A preocupa\u00e7\u00e3o do PSOL \u00e9 o aprofundamento das desigualdades regionais e entre programas de p\u00f3s-gradua\u00e7\u00e3o provocado pela pol\u00edtica de distribui\u00e7\u00e3o de bolsas.\" \/>\n<meta property=\"og:url\" content=\"https:\/\/psol50.org.br\/psol-reforca-pedido-ao-mpf-para-providencias-urgentes-sobre-cortes-de-bolsas-da-capes\/\" \/>\n<meta property=\"og:site_name\" content=\"PSOL 50\" \/>\n<meta property=\"article:publisher\" content=\"https:\/\/www.facebook.com\/psol50\" \/>\n<meta property=\"article:published_time\" content=\"2020-07-13T20:03:58+00:00\" \/>\n<meta property=\"og:image\" content=\"https:\/\/psol50.org.br\/inc\/uploads\/2020\/07\/20200324_capes.jpg\" \/>\n\t<meta property=\"og:image:width\" content=\"1244\" \/>\n\t<meta property=\"og:image:height\" content=\"581\" \/>\n\t<meta property=\"og:image:type\" content=\"image\/jpeg\" \/>\n<meta name=\"author\" content=\"Comunica\u00e7\u00e3o PSOL\" \/>\n<meta name=\"twitter:card\" content=\"summary_large_image\" \/>\n<meta name=\"twitter:title\" content=\"PSOL refor\u00e7a pedido ao MPF para provid\u00eancias urgentes sobre cortes de bolsas da Capes\" \/>\n<meta name=\"twitter:description\" content=\"A preocupa\u00e7\u00e3o do PSOL \u00e9 o aprofundamento das desigualdades regionais e entre programas de p\u00f3s-gradua\u00e7\u00e3o provocado pela pol\u00edtica de distribui\u00e7\u00e3o de bolsas.\" \/>\n<meta name=\"twitter:image\" content=\"https:\/\/psol50.org.br\/inc\/uploads\/2020\/07\/20200324_capes.jpg\" \/>\n<meta name=\"twitter:creator\" content=\"@psol50\" \/>\n<meta name=\"twitter:site\" content=\"@psol50\" \/>\n<meta name=\"twitter:label1\" content=\"Escrito por\" \/>\n\t<meta name=\"twitter:data1\" content=\"Comunica\u00e7\u00e3o PSOL\" \/>\n\t<meta name=\"twitter:label2\" content=\"Est. tempo de leitura\" \/>\n\t<meta name=\"twitter:data2\" content=\"1 minuto\" \/>\n<script type=\"application\/ld+json\" class=\"yoast-schema-graph\">{\"@context\":\"https:\/\/schema.org\",\"@graph\":[{\"@type\":\"Article\",\"@id\":\"https:\/\/psol50.org.br\/psol-reforca-pedido-ao-mpf-para-providencias-urgentes-sobre-cortes-de-bolsas-da-capes\/#article\",\"isPartOf\":{\"@id\":\"https:\/\/psol50.org.br\/psol-reforca-pedido-ao-mpf-para-providencias-urgentes-sobre-cortes-de-bolsas-da-capes\/\"},\"author\":{\"name\":\"Comunica\u00e7\u00e3o PSOL\",\"@id\":\"https:\/\/psol50.org.br\/#\/schema\/person\/475dfa57d0b815993c714c2e96491fcd\"},\"headline\":\"PSOL refor\u00e7a pedido ao MPF para provid\u00eancias urgentes sobre cortes de bolsas da Capes\",\"datePublished\":\"2020-07-13T20:03:58+00:00\",\"mainEntityOfPage\":{\"@id\":\"https:\/\/psol50.org.br\/psol-reforca-pedido-ao-mpf-para-providencias-urgentes-sobre-cortes-de-bolsas-da-capes\/\"},\"wordCount\":228,\"publisher\":{\"@id\":\"https:\/\/psol50.org.br\/#organization\"},\"image\":{\"@id\":\"https:\/\/psol50.org.br\/psol-reforca-pedido-ao-mpf-para-providencias-urgentes-sobre-cortes-de-bolsas-da-capes\/#primaryimage\"},\"thumbnailUrl\":\"https:\/\/psol50.org.br\/inc\/uploads\/2020\/07\/20200324_capes.jpg\",\"keywords\":[\"bolsas\",\"Capes\",\"Educa\u00e7\u00e3o\",\"MPF\",\"PSOL\"],\"articleSection\":[\"Not\u00edcias\"],\"inLanguage\":\"pt-BR\"},{\"@type\":\"WebPage\",\"@id\":\"https:\/\/psol50.org.br\/psol-reforca-pedido-ao-mpf-para-providencias-urgentes-sobre-cortes-de-bolsas-da-capes\/\",\"url\":\"https:\/\/psol50.org.br\/psol-reforca-pedido-ao-mpf-para-providencias-urgentes-sobre-cortes-de-bolsas-da-capes\/\",\"name\":\"PSOL refor\u00e7a pedido ao MPF para provid\u00eancias urgentes sobre cortes de bolsas da Capes\",\"isPartOf\":{\"@id\":\"https:\/\/psol50.org.br\/#website\"},\"primaryImageOfPage\":{\"@id\":\"https:\/\/psol50.org.br\/psol-reforca-pedido-ao-mpf-para-providencias-urgentes-sobre-cortes-de-bolsas-da-capes\/#primaryimage\"},\"image\":{\"@id\":\"https:\/\/psol50.org.br\/psol-reforca-pedido-ao-mpf-para-providencias-urgentes-sobre-cortes-de-bolsas-da-capes\/#primaryimage\"},\"thumbnailUrl\":\"https:\/\/psol50.org.br\/inc\/uploads\/2020\/07\/20200324_capes.jpg\",\"datePublished\":\"2020-07-13T20:03:58+00:00\",\"description\":\"A preocupa\u00e7\u00e3o do PSOL \u00e9 o aprofundamento das desigualdades regionais e entre programas de p\u00f3s-gradua\u00e7\u00e3o provocado pela pol\u00edtica de distribui\u00e7\u00e3o de bolsas.\",\"breadcrumb\":{\"@id\":\"https:\/\/psol50.org.br\/psol-reforca-pedido-ao-mpf-para-providencias-urgentes-sobre-cortes-de-bolsas-da-capes\/#breadcrumb\"},\"inLanguage\":\"pt-BR\",\"potentialAction\":[{\"@type\":\"ReadAction\",\"target\":[\"https:\/\/psol50.org.br\/psol-reforca-pedido-ao-mpf-para-providencias-urgentes-sobre-cortes-de-bolsas-da-capes\/\"]}]},{\"@type\":\"ImageObject\",\"inLanguage\":\"pt-BR\",\"@id\":\"https:\/\/psol50.org.br\/psol-reforca-pedido-ao-mpf-para-providencias-urgentes-sobre-cortes-de-bolsas-da-capes\/#primaryimage\",\"url\":\"https:\/\/psol50.org.br\/inc\/uploads\/2020\/07\/20200324_capes.jpg\",\"contentUrl\":\"https:\/\/psol50.org.br\/inc\/uploads\/2020\/07\/20200324_capes.jpg\",\"width\":1244,\"height\":581},{\"@type\":\"BreadcrumbList\",\"@id\":\"https:\/\/psol50.org.br\/psol-reforca-pedido-ao-mpf-para-providencias-urgentes-sobre-cortes-de-bolsas-da-capes\/#breadcrumb\",\"itemListElement\":[{\"@type\":\"ListItem\",\"position\":1,\"name\":\"In\u00edcio\",\"item\":\"https:\/\/psol50.org.br\/\"},{\"@type\":\"ListItem\",\"position\":2,\"name\":\"PSOL refor\u00e7a pedido ao MPF para provid\u00eancias urgentes sobre cortes de bolsas da Capes\"}]},{\"@type\":\"WebSite\",\"@id\":\"https:\/\/psol50.org.br\/#website\",\"url\":\"https:\/\/psol50.org.br\/\",\"name\":\"PSOL 50\",\"description\":\"Site oficial do Partido Socialismo e Liberdade\",\"publisher\":{\"@id\":\"https:\/\/psol50.org.br\/#organization\"},\"alternateName\":\"PSOL50\",\"potentialAction\":[{\"@type\":\"SearchAction\",\"target\":{\"@type\":\"EntryPoint\",\"urlTemplate\":\"https:\/\/psol50.org.br\/?s={search_term_string}\"},\"query-input\":{\"@type\":\"PropertyValueSpecification\",\"valueRequired\":true,\"valueName\":\"search_term_string\"}}],\"inLanguage\":\"pt-BR\"},{\"@type\":\"Organization\",\"@id\":\"https:\/\/psol50.org.br\/#organization\",\"name\":\"PSOL 50\",\"alternateName\":\"PSOL 50\",\"url\":\"https:\/\/psol50.org.br\/\",\"logo\":{\"@type\":\"ImageObject\",\"inLanguage\":\"pt-BR\",\"@id\":\"https:\/\/psol50.org.br\/#\/schema\/logo\/image\/\",\"url\":\"https:\/\/psol50.org.br\/inc\/uploads\/2018\/07\/capa.png\",\"contentUrl\":\"https:\/\/psol50.org.br\/inc\/uploads\/2018\/07\/capa.png\",\"width\":1350,\"height\":900,\"caption\":\"PSOL 50\"},\"image\":{\"@id\":\"https:\/\/psol50.org.br\/#\/schema\/logo\/image\/\"},\"sameAs\":[\"https:\/\/www.facebook.com\/psol50\",\"https:\/\/x.com\/psol50\",\"https:\/\/www.instagram.com\/psol50\/\",\"https:\/\/www.youtube.com\/channel\/UC7SnJS5o1os7a6CaiNabzcg\"]},{\"@type\":\"Person\",\"@id\":\"https:\/\/psol50.org.br\/#\/schema\/person\/475dfa57d0b815993c714c2e96491fcd\",\"name\":\"Comunica\u00e7\u00e3o PSOL\",\"image\":{\"@type\":\"ImageObject\",\"inLanguage\":\"pt-BR\",\"@id\":\"https:\/\/psol50.org.br\/#\/schema\/person\/image\/\",\"url\":\"https:\/\/secure.gravatar.com\/avatar\/b34fc4f4e468a4e51785917065a3db57b841f5c95dba6ad8c73aaf8f66f8f9bf?s=96&d=mm&r=g\",\"contentUrl\":\"https:\/\/secure.gravatar.com\/avatar\/b34fc4f4e468a4e51785917065a3db57b841f5c95dba6ad8c73aaf8f66f8f9bf?s=96&d=mm&r=g\",\"caption\":\"Comunica\u00e7\u00e3o PSOL\"}}]}<\/script>\n<!-- \/ Yoast SEO plugin. -->","yoast_head_json":{"title":"PSOL refor\u00e7a pedido ao MPF para provid\u00eancias urgentes sobre cortes de bolsas da Capes","description":"A preocupa\u00e7\u00e3o do PSOL \u00e9 o aprofundamento das desigualdades regionais e entre programas de p\u00f3s-gradua\u00e7\u00e3o provocado pela pol\u00edtica de distribui\u00e7\u00e3o de bolsas.","robots":{"index":"index","follow":"follow","max-snippet":"max-snippet:-1","max-image-preview":"max-image-preview:large","max-video-preview":"max-video-preview:-1"},"canonical":"https:\/\/psol50.org.br\/psol-reforca-pedido-ao-mpf-para-providencias-urgentes-sobre-cortes-de-bolsas-da-capes\/","og_locale":"pt_BR","og_type":"article","og_title":"PSOL refor\u00e7a pedido ao MPF para provid\u00eancias urgentes sobre cortes de bolsas da Capes","og_description":"A preocupa\u00e7\u00e3o do PSOL \u00e9 o aprofundamento das desigualdades regionais e entre programas de p\u00f3s-gradua\u00e7\u00e3o provocado pela pol\u00edtica de distribui\u00e7\u00e3o de bolsas.","og_url":"https:\/\/psol50.org.br\/psol-reforca-pedido-ao-mpf-para-providencias-urgentes-sobre-cortes-de-bolsas-da-capes\/","og_site_name":"PSOL 50","article_publisher":"https:\/\/www.facebook.com\/psol50","article_published_time":"2020-07-13T20:03:58+00:00","og_image":[{"width":1244,"height":581,"url":"https:\/\/psol50.org.br\/inc\/uploads\/2020\/07\/20200324_capes.jpg","type":"image\/jpeg"}],"author":"Comunica\u00e7\u00e3o PSOL","twitter_card":"summary_large_image","twitter_title":"PSOL refor\u00e7a pedido ao MPF para provid\u00eancias urgentes sobre cortes de bolsas da Capes","twitter_description":"A preocupa\u00e7\u00e3o do PSOL \u00e9 o aprofundamento das desigualdades regionais e entre programas de p\u00f3s-gradua\u00e7\u00e3o provocado pela pol\u00edtica de distribui\u00e7\u00e3o de bolsas.","twitter_image":"https:\/\/psol50.org.br\/inc\/uploads\/2020\/07\/20200324_capes.jpg","twitter_creator":"@psol50","twitter_site":"@psol50","twitter_misc":{"Escrito por":"Comunica\u00e7\u00e3o PSOL","Est. tempo de leitura":"1 minuto"},"schema":{"@context":"https:\/\/schema.org","@graph":[{"@type":"Article","@id":"https:\/\/psol50.org.br\/psol-reforca-pedido-ao-mpf-para-providencias-urgentes-sobre-cortes-de-bolsas-da-capes\/#article","isPartOf":{"@id":"https:\/\/psol50.org.br\/psol-reforca-pedido-ao-mpf-para-providencias-urgentes-sobre-cortes-de-bolsas-da-capes\/"},"author":{"name":"Comunica\u00e7\u00e3o PSOL","@id":"https:\/\/psol50.org.br\/#\/schema\/person\/475dfa57d0b815993c714c2e96491fcd"},"headline":"PSOL refor\u00e7a pedido ao MPF para provid\u00eancias urgentes sobre cortes de bolsas da Capes","datePublished":"2020-07-13T20:03:58+00:00","mainEntityOfPage":{"@id":"https:\/\/psol50.org.br\/psol-reforca-pedido-ao-mpf-para-providencias-urgentes-sobre-cortes-de-bolsas-da-capes\/"},"wordCount":228,"publisher":{"@id":"https:\/\/psol50.org.br\/#organization"},"image":{"@id":"https:\/\/psol50.org.br\/psol-reforca-pedido-ao-mpf-para-providencias-urgentes-sobre-cortes-de-bolsas-da-capes\/#primaryimage"},"thumbnailUrl":"https:\/\/psol50.org.br\/inc\/uploads\/2020\/07\/20200324_capes.jpg","keywords":["bolsas","Capes","Educa\u00e7\u00e3o","MPF","PSOL"],"articleSection":["Not\u00edcias"],"inLanguage":"pt-BR"},{"@type":"WebPage","@id":"https:\/\/psol50.org.br\/psol-reforca-pedido-ao-mpf-para-providencias-urgentes-sobre-cortes-de-bolsas-da-capes\/","url":"https:\/\/psol50.org.br\/psol-reforca-pedido-ao-mpf-para-providencias-urgentes-sobre-cortes-de-bolsas-da-capes\/","name":"PSOL refor\u00e7a pedido ao MPF para provid\u00eancias urgentes sobre cortes de bolsas da Capes","isPartOf":{"@id":"https:\/\/psol50.org.br\/#website"},"primaryImageOfPage":{"@id":"https:\/\/psol50.org.br\/psol-reforca-pedido-ao-mpf-para-providencias-urgentes-sobre-cortes-de-bolsas-da-capes\/#primaryimage"},"image":{"@id":"https:\/\/psol50.org.br\/psol-reforca-pedido-ao-mpf-para-providencias-urgentes-sobre-cortes-de-bolsas-da-capes\/#primaryimage"},"thumbnailUrl":"https:\/\/psol50.org.br\/inc\/uploads\/2020\/07\/20200324_capes.jpg","datePublished":"2020-07-13T20:03:58+00:00","description":"A preocupa\u00e7\u00e3o do PSOL \u00e9 o aprofundamento das desigualdades regionais e entre programas de p\u00f3s-gradua\u00e7\u00e3o provocado pela pol\u00edtica de distribui\u00e7\u00e3o de bolsas.","breadcrumb":{"@id":"https:\/\/psol50.org.br\/psol-reforca-pedido-ao-mpf-para-providencias-urgentes-sobre-cortes-de-bolsas-da-capes\/#breadcrumb"},"inLanguage":"pt-BR","potentialAction":[{"@type":"ReadAction","target":["https:\/\/psol50.org.br\/psol-reforca-pedido-ao-mpf-para-providencias-urgentes-sobre-cortes-de-bolsas-da-capes\/"]}]},{"@type":"ImageObject","inLanguage":"pt-BR","@id":"https:\/\/psol50.org.br\/psol-reforca-pedido-ao-mpf-para-providencias-urgentes-sobre-cortes-de-bolsas-da-capes\/#primaryimage","url":"https:\/\/psol50.org.br\/inc\/uploads\/2020\/07\/20200324_capes.jpg","contentUrl":"https:\/\/psol50.org.br\/inc\/uploads\/2020\/07\/20200324_capes.jpg","width":1244,"height":581},{"@type":"BreadcrumbList","@id":"https:\/\/psol50.org.br\/psol-reforca-pedido-ao-mpf-para-providencias-urgentes-sobre-cortes-de-bolsas-da-capes\/#breadcrumb","itemListElement":[{"@type":"ListItem","position":1,"name":"In\u00edcio","item":"https:\/\/psol50.org.br\/"},{"@type":"ListItem","position":2,"name":"PSOL refor\u00e7a pedido ao MPF para provid\u00eancias urgentes sobre cortes de bolsas da Capes"}]},{"@type":"WebSite","@id":"https:\/\/psol50.org.br\/#website","url":"https:\/\/psol50.org.br\/","name":"PSOL 50","description":"Site oficial do Partido Socialismo e Liberdade","publisher":{"@id":"https:\/\/psol50.org.br\/#organization"},"alternateName":"PSOL50","potentialAction":[{"@type":"SearchAction","target":{"@type":"EntryPoint","urlTemplate":"https:\/\/psol50.org.br\/?s={search_term_string}"},"query-input":{"@type":"PropertyValueSpecification","valueRequired":true,"valueName":"search_term_string"}}],"inLanguage":"pt-BR"},{"@type":"Organization","@id":"https:\/\/psol50.org.br\/#organization","name":"PSOL 50","alternateName":"PSOL 50","url":"https:\/\/psol50.org.br\/","logo":{"@type":"ImageObject","inLanguage":"pt-BR","@id":"https:\/\/psol50.org.br\/#\/schema\/logo\/image\/","url":"https:\/\/psol50.org.br\/inc\/uploads\/2018\/07\/capa.png","contentUrl":"https:\/\/psol50.org.br\/inc\/uploads\/2018\/07\/capa.png","width":1350,"height":900,"caption":"PSOL 50"},"image":{"@id":"https:\/\/psol50.org.br\/#\/schema\/logo\/image\/"},"sameAs":["https:\/\/www.facebook.com\/psol50","https:\/\/x.com\/psol50","https:\/\/www.instagram.com\/psol50\/","https:\/\/www.youtube.com\/channel\/UC7SnJS5o1os7a6CaiNabzcg"]},{"@type":"Person","@id":"https:\/\/psol50.org.br\/#\/schema\/person\/475dfa57d0b815993c714c2e96491fcd","name":"Comunica\u00e7\u00e3o PSOL","image":{"@type":"ImageObject","inLanguage":"pt-BR","@id":"https:\/\/psol50.org.br\/#\/schema\/person\/image\/","url":"https:\/\/secure.gravatar.com\/avatar\/b34fc4f4e468a4e51785917065a3db57b841f5c95dba6ad8c73aaf8f66f8f9bf?s=96&d=mm&r=g","contentUrl":"https:\/\/secure.gravatar.com\/avatar\/b34fc4f4e468a4e51785917065a3db57b841f5c95dba6ad8c73aaf8f66f8f9bf?s=96&d=mm&r=g","caption":"Comunica\u00e7\u00e3o PSOL"}}]}},"_links":{"self":[{"href":"https:\/\/psol50.org.br\/rest\/wp\/v2\/posts\/30027","targetHints":{"allow":["GET"]}}],"collection":[{"href":"https:\/\/psol50.org.br\/rest\/wp\/v2\/posts"}],"about":[{"href":"https:\/\/psol50.org.br\/rest\/wp\/v2\/types\/post"}],"author":[{"embeddable":true,"href":"https:\/\/psol50.org.br\/rest\/wp\/v2\/users\/2"}],"replies":[{"embeddable":true,"href":"https:\/\/psol50.org.br\/rest\/wp\/v2\/comments?post=30027"}],"version-history":[{"count":0,"href":"https:\/\/psol50.org.br\/rest\/wp\/v2\/posts\/30027\/revisions"}],"wp:featuredmedia":[{"embeddable":true,"href":"https:\/\/psol50.org.br\/rest\/wp\/v2\/media\/30029"}],"wp:attachment":[{"href":"https:\/\/psol50.org.br\/rest\/wp\/v2\/media?parent=30027"}],"wp:term":[{"taxonomy":"category","embeddable":true,"href":"https:\/\/psol50.org.br\/rest\/wp\/v2\/categories?post=30027"},{"taxonomy":"post_tag","embeddable":true,"href":"https:\/\/psol50.org.br\/rest\/wp\/v2\/tags?post=30027"}],"curies":[{"name":"wp","href":"https:\/\/api.w.org\/{rel}","templated":true}]}}