{"id":30100,"date":"2020-07-16T11:00:06","date_gmt":"2020-07-16T14:00:06","guid":{"rendered":"https:\/\/psol50.org.br\/?p=30100"},"modified":"2020-07-16T11:00:06","modified_gmt":"2020-07-16T14:00:06","slug":"psol-convoca-diretor-presidente-da-ans-apos-fim-da-obrigacao-de-planos-de-saude-realizarem-teste-de-covid-19","status":"publish","type":"post","link":"https:\/\/psol50.org.br\/psol-convoca-diretor-presidente-da-ans-apos-fim-da-obrigacao-de-planos-de-saude-realizarem-teste-de-covid-19\/","title":{"rendered":"PSOL convoca diretor-presidente da ANS ap\u00f3s fim da obriga\u00e7\u00e3o de planos de sa\u00fade realizarem teste de Covid-19"},"content":{"rendered":"<p><a href=\"https:\/\/impeachmentpopular.com.br\/\" target=\"_blank\" rel=\"noopener noreferrer\"><img loading=\"lazy\" decoding=\"async\" class=\"alignnone size-full wp-image-29118\" src=\"https:\/\/psol50.org.br\/inc\/uploads\/2020\/05\/Email_Impeachment.png\" alt=\"\" width=\"1080\" height=\"250\" srcset=\"https:\/\/psol50.org.br\/inc\/uploads\/2020\/05\/Email_Impeachment.png 1080w, https:\/\/psol50.org.br\/inc\/uploads\/2020\/05\/Email_Impeachment-300x69.png 300w, https:\/\/psol50.org.br\/inc\/uploads\/2020\/05\/Email_Impeachment-1024x237.png 1024w, https:\/\/psol50.org.br\/inc\/uploads\/2020\/05\/Email_Impeachment-768x178.png 768w, https:\/\/psol50.org.br\/inc\/uploads\/2020\/05\/Email_Impeachment-150x35.png 150w, https:\/\/psol50.org.br\/inc\/uploads\/2020\/05\/Email_Impeachment-696x161.png 696w, https:\/\/psol50.org.br\/inc\/uploads\/2020\/05\/Email_Impeachment-1068x247.png 1068w\" sizes=\"auto, (max-width: 1080px) 100vw, 1080px\" \/><\/a><\/p>\n<p>A bancada do PSOL protocolou um requerimento de convoca\u00e7\u00e3o na C\u00e2mara dos Deputados, na \u00faltima quarta-feira (15), para que o Diretor-Presidente da ANS (Ag\u00eancia Nacional de Sa\u00fade Suplementar), vinculado ao Minist\u00e9rio da Sa\u00fade, Rog\u00e9rio Scarabel Barbosa, preste esclarecimentos ao parlamento sobre a defesa dos planos de sa\u00fade realizada pela ag\u00eancia contra a obriga\u00e7\u00e3o da realiza\u00e7\u00e3o de testes sorol\u00f3gicos para Covid-19.<\/p>\n<p>No fim de junho, a Justi\u00e7a concedeu liminar, baseada em A\u00e7\u00e3o Civil P\u00fablica movida pela Associa\u00e7\u00e3o de Defesa dos Usu\u00e1rios de Seguros, Planos e Sistemas de Sa\u00fade &#8211; ADUSEPS, obrigando os planos de sa\u00fade a oferecerem o Teste Sorol\u00f3gico, o que foi regulado pela Resolu\u00e7\u00e3o Normativa 458 da ANS. Ainda assim, a Justi\u00e7a do Rio de Janeiro derrubou, no \u00faltimo dia 14 de julho, a decis\u00e3o liminar, a pedido de a\u00e7\u00e3o movida pela pr\u00f3pria ANS.<\/p>\n<p>&#8220;\u00c9 curiosa a movimenta\u00e7\u00e3o da ANS em defesa dos planos de sa\u00fade. Importante destacar que, de acordo com o portal da ag\u00eancia, a miss\u00e3o da ANS inclui a promo\u00e7\u00e3o da &#8216;defesa do interesse p\u00fablico na assist\u00eancia suplementar \u00e0 sa\u00fade'&#8221;, argumentam os parlamentares do PSOL na justificativa do requerimento.<\/p>\n<p>De acordo com a ADUSEPS, \u201ca ANS mais uma vez mostra que atua em defesa dos planos de sa\u00fade e n\u00e3o dos consumidores.\u201d<\/p>\n<p>A atua\u00e7\u00e3o da ANS diante da pandemia tem sido tamb\u00e9m questionada por especialistas e advogados. De acordo com L\u00edgia Bahia, especialista em sa\u00fade p\u00fablica e professora da UFRJ, \u201ca ag\u00eancia n\u00e3o estimulou a redu\u00e7\u00e3o de mensalidades em um momento de queda no consumo de procedimentos m\u00e9dicos, foi contra a fila \u00fanica de leitos e agora chega ao c\u00famulo de atuar contra a obrigatoriedade de um exame cujo pre\u00e7o \u00e9 baixo&#8221;.<\/p>\n<p>A advogada Ana Carolina Navarrete, coordenadora de sa\u00fade do Instituto Brasileiro de Defesa do Consumidor, refor\u00e7a que \u201ca ANS est\u00e1 colocando empecilhos \u00e0 cobertura de testes que auxiliam diagn\u00f3sticos para a Covid no meio da pandemia&#8221;.<\/p>\n","protected":false},"excerpt":{"rendered":"<p>A bancada do PSOL protocolou um requerimento de convoca\u00e7\u00e3o na C\u00e2mara dos Deputados, na \u00faltima quarta-feira (15), para que o Diretor-Presidente da ANS (Ag\u00eancia Nacional de Sa\u00fade Suplementar), vinculado ao Minist\u00e9rio da Sa\u00fade, Rog\u00e9rio Scarabel Barbosa, preste esclarecimentos ao parlamento sobre a defesa dos planos de sa\u00fade realizada pela ag\u00eancia contra a obriga\u00e7\u00e3o da realiza\u00e7\u00e3o [&hellip;]<\/p>\n","protected":false},"author":2,"featured_media":30103,"comment_status":"closed","ping_status":"open","sticky":false,"template":"","format":"standard","meta":{"_acf_changed":false,"footnotes":""},"categories":[10,6],"tags":[971,171,371,54,367,22,366,972],"class_list":{"0":"post-30100","1":"post","2":"type-post","3":"status-publish","4":"format-standard","5":"has-post-thumbnail","7":"category-acao-parlamentares","8":"category-noticias","9":"tag-ans","10":"tag-coronavirus","11":"tag-covid-19","12":"tag-justica","13":"tag-pandemia","14":"tag-psol","15":"tag-psolcontraocoronavirus","16":"tag-teste"},"acf":[],"yoast_head":"<!-- This site is optimized with the Yoast SEO plugin v26.5 - https:\/\/yoast.com\/wordpress\/plugins\/seo\/ -->\n<title>PSOL convoca diretor-presidente da ANS ap\u00f3s fim da obriga\u00e7\u00e3o de planos de sa\u00fade realizarem teste de Covid-19<\/title>\n<meta name=\"description\" content=\"Justi\u00e7a derrubou decis\u00e3o liminar que garantia obrigatoriedade de fornecer os testes pelos planos de sa\u00fade, a pedido de a\u00e7\u00e3o movida pela pr\u00f3pria ANS.\" \/>\n<meta name=\"robots\" content=\"index, follow, max-snippet:-1, max-image-preview:large, max-video-preview:-1\" \/>\n<link rel=\"canonical\" href=\"https:\/\/psol50.org.br\/psol-convoca-diretor-presidente-da-ans-apos-fim-da-obrigacao-de-planos-de-saude-realizarem-teste-de-covid-19\/\" \/>\n<meta property=\"og:locale\" content=\"pt_BR\" \/>\n<meta property=\"og:type\" content=\"article\" \/>\n<meta property=\"og:title\" content=\"PSOL convoca diretor-presidente da ANS ap\u00f3s fim da obriga\u00e7\u00e3o de planos de sa\u00fade realizarem teste de Covid-19\" \/>\n<meta property=\"og:description\" content=\"Justi\u00e7a derrubou decis\u00e3o liminar que garantia obrigatoriedade de fornecer os testes pelos planos de sa\u00fade, a pedido de a\u00e7\u00e3o movida pela pr\u00f3pria ANS.\" \/>\n<meta property=\"og:url\" content=\"https:\/\/psol50.org.br\/psol-convoca-diretor-presidente-da-ans-apos-fim-da-obrigacao-de-planos-de-saude-realizarem-teste-de-covid-19\/\" \/>\n<meta property=\"og:site_name\" content=\"PSOL 50\" \/>\n<meta property=\"article:publisher\" content=\"https:\/\/www.facebook.com\/psol50\" \/>\n<meta property=\"article:published_time\" content=\"2020-07-16T14:00:06+00:00\" \/>\n<meta property=\"og:image\" content=\"https:\/\/psol50.org.br\/inc\/uploads\/2020\/07\/noticia_603970_img1_abr-1.jpg\" \/>\n\t<meta property=\"og:image:width\" content=\"600\" \/>\n\t<meta property=\"og:image:height\" content=\"337\" \/>\n\t<meta property=\"og:image:type\" content=\"image\/jpeg\" \/>\n<meta name=\"author\" content=\"Comunica\u00e7\u00e3o PSOL\" \/>\n<meta name=\"twitter:card\" content=\"summary_large_image\" \/>\n<meta name=\"twitter:title\" content=\"PSOL convoca diretor-presidente da ANS ap\u00f3s fim da obriga\u00e7\u00e3o de planos de sa\u00fade realizarem teste de Covid-19\" \/>\n<meta name=\"twitter:description\" content=\"Justi\u00e7a derrubou decis\u00e3o liminar que garantia obrigatoriedade de fornecer os testes pelos planos de sa\u00fade, a pedido de a\u00e7\u00e3o movida pela pr\u00f3pria ANS.\" \/>\n<meta name=\"twitter:image\" content=\"https:\/\/psol50.org.br\/inc\/uploads\/2020\/07\/noticia_603970_img1_abr-1.jpg\" \/>\n<meta name=\"twitter:creator\" content=\"@psol50\" \/>\n<meta name=\"twitter:site\" content=\"@psol50\" \/>\n<meta name=\"twitter:label1\" content=\"Escrito por\" \/>\n\t<meta name=\"twitter:data1\" content=\"Comunica\u00e7\u00e3o PSOL\" \/>\n\t<meta name=\"twitter:label2\" content=\"Est. tempo de leitura\" \/>\n\t<meta name=\"twitter:data2\" content=\"2 minutos\" \/>\n<script type=\"application\/ld+json\" class=\"yoast-schema-graph\">{\"@context\":\"https:\/\/schema.org\",\"@graph\":[{\"@type\":\"Article\",\"@id\":\"https:\/\/psol50.org.br\/psol-convoca-diretor-presidente-da-ans-apos-fim-da-obrigacao-de-planos-de-saude-realizarem-teste-de-covid-19\/#article\",\"isPartOf\":{\"@id\":\"https:\/\/psol50.org.br\/psol-convoca-diretor-presidente-da-ans-apos-fim-da-obrigacao-de-planos-de-saude-realizarem-teste-de-covid-19\/\"},\"author\":{\"name\":\"Comunica\u00e7\u00e3o PSOL\",\"@id\":\"https:\/\/psol50.org.br\/#\/schema\/person\/475dfa57d0b815993c714c2e96491fcd\"},\"headline\":\"PSOL convoca diretor-presidente da ANS ap\u00f3s fim da obriga\u00e7\u00e3o de planos de sa\u00fade realizarem teste de Covid-19\",\"datePublished\":\"2020-07-16T14:00:06+00:00\",\"mainEntityOfPage\":{\"@id\":\"https:\/\/psol50.org.br\/psol-convoca-diretor-presidente-da-ans-apos-fim-da-obrigacao-de-planos-de-saude-realizarem-teste-de-covid-19\/\"},\"wordCount\":374,\"publisher\":{\"@id\":\"https:\/\/psol50.org.br\/#organization\"},\"image\":{\"@id\":\"https:\/\/psol50.org.br\/psol-convoca-diretor-presidente-da-ans-apos-fim-da-obrigacao-de-planos-de-saude-realizarem-teste-de-covid-19\/#primaryimage\"},\"thumbnailUrl\":\"https:\/\/psol50.org.br\/inc\/uploads\/2020\/07\/noticia_603970_img1_abr-1.jpg\",\"keywords\":[\"ANS\",\"coronav\u00edrus\",\"covid-19\",\"justi\u00e7a\",\"pandemia\",\"PSOL\",\"psolcontraocoronavirus\",\"teste\"],\"articleSection\":[\"A\u00e7\u00e3o Parlamentar\",\"Not\u00edcias\"],\"inLanguage\":\"pt-BR\"},{\"@type\":\"WebPage\",\"@id\":\"https:\/\/psol50.org.br\/psol-convoca-diretor-presidente-da-ans-apos-fim-da-obrigacao-de-planos-de-saude-realizarem-teste-de-covid-19\/\",\"url\":\"https:\/\/psol50.org.br\/psol-convoca-diretor-presidente-da-ans-apos-fim-da-obrigacao-de-planos-de-saude-realizarem-teste-de-covid-19\/\",\"name\":\"PSOL convoca diretor-presidente da ANS ap\u00f3s fim da obriga\u00e7\u00e3o de planos de sa\u00fade realizarem teste de Covid-19\",\"isPartOf\":{\"@id\":\"https:\/\/psol50.org.br\/#website\"},\"primaryImageOfPage\":{\"@id\":\"https:\/\/psol50.org.br\/psol-convoca-diretor-presidente-da-ans-apos-fim-da-obrigacao-de-planos-de-saude-realizarem-teste-de-covid-19\/#primaryimage\"},\"image\":{\"@id\":\"https:\/\/psol50.org.br\/psol-convoca-diretor-presidente-da-ans-apos-fim-da-obrigacao-de-planos-de-saude-realizarem-teste-de-covid-19\/#primaryimage\"},\"thumbnailUrl\":\"https:\/\/psol50.org.br\/inc\/uploads\/2020\/07\/noticia_603970_img1_abr-1.jpg\",\"datePublished\":\"2020-07-16T14:00:06+00:00\",\"description\":\"Justi\u00e7a derrubou decis\u00e3o liminar que garantia obrigatoriedade de fornecer os testes pelos planos de sa\u00fade, a pedido de a\u00e7\u00e3o movida pela pr\u00f3pria ANS.\",\"breadcrumb\":{\"@id\":\"https:\/\/psol50.org.br\/psol-convoca-diretor-presidente-da-ans-apos-fim-da-obrigacao-de-planos-de-saude-realizarem-teste-de-covid-19\/#breadcrumb\"},\"inLanguage\":\"pt-BR\",\"potentialAction\":[{\"@type\":\"ReadAction\",\"target\":[\"https:\/\/psol50.org.br\/psol-convoca-diretor-presidente-da-ans-apos-fim-da-obrigacao-de-planos-de-saude-realizarem-teste-de-covid-19\/\"]}]},{\"@type\":\"ImageObject\",\"inLanguage\":\"pt-BR\",\"@id\":\"https:\/\/psol50.org.br\/psol-convoca-diretor-presidente-da-ans-apos-fim-da-obrigacao-de-planos-de-saude-realizarem-teste-de-covid-19\/#primaryimage\",\"url\":\"https:\/\/psol50.org.br\/inc\/uploads\/2020\/07\/noticia_603970_img1_abr-1.jpg\",\"contentUrl\":\"https:\/\/psol50.org.br\/inc\/uploads\/2020\/07\/noticia_603970_img1_abr-1.jpg\",\"width\":600,\"height\":337},{\"@type\":\"BreadcrumbList\",\"@id\":\"https:\/\/psol50.org.br\/psol-convoca-diretor-presidente-da-ans-apos-fim-da-obrigacao-de-planos-de-saude-realizarem-teste-de-covid-19\/#breadcrumb\",\"itemListElement\":[{\"@type\":\"ListItem\",\"position\":1,\"name\":\"In\u00edcio\",\"item\":\"https:\/\/psol50.org.br\/\"},{\"@type\":\"ListItem\",\"position\":2,\"name\":\"PSOL convoca diretor-presidente da ANS ap\u00f3s fim da obriga\u00e7\u00e3o de planos de sa\u00fade realizarem teste de Covid-19\"}]},{\"@type\":\"WebSite\",\"@id\":\"https:\/\/psol50.org.br\/#website\",\"url\":\"https:\/\/psol50.org.br\/\",\"name\":\"PSOL 50\",\"description\":\"Site oficial do Partido Socialismo e Liberdade\",\"publisher\":{\"@id\":\"https:\/\/psol50.org.br\/#organization\"},\"alternateName\":\"PSOL50\",\"potentialAction\":[{\"@type\":\"SearchAction\",\"target\":{\"@type\":\"EntryPoint\",\"urlTemplate\":\"https:\/\/psol50.org.br\/?s={search_term_string}\"},\"query-input\":{\"@type\":\"PropertyValueSpecification\",\"valueRequired\":true,\"valueName\":\"search_term_string\"}}],\"inLanguage\":\"pt-BR\"},{\"@type\":\"Organization\",\"@id\":\"https:\/\/psol50.org.br\/#organization\",\"name\":\"PSOL 50\",\"alternateName\":\"PSOL 50\",\"url\":\"https:\/\/psol50.org.br\/\",\"logo\":{\"@type\":\"ImageObject\",\"inLanguage\":\"pt-BR\",\"@id\":\"https:\/\/psol50.org.br\/#\/schema\/logo\/image\/\",\"url\":\"https:\/\/psol50.org.br\/inc\/uploads\/2018\/07\/capa.png\",\"contentUrl\":\"https:\/\/psol50.org.br\/inc\/uploads\/2018\/07\/capa.png\",\"width\":1350,\"height\":900,\"caption\":\"PSOL 50\"},\"image\":{\"@id\":\"https:\/\/psol50.org.br\/#\/schema\/logo\/image\/\"},\"sameAs\":[\"https:\/\/www.facebook.com\/psol50\",\"https:\/\/x.com\/psol50\",\"https:\/\/www.instagram.com\/psol50\/\",\"https:\/\/www.youtube.com\/channel\/UC7SnJS5o1os7a6CaiNabzcg\"]},{\"@type\":\"Person\",\"@id\":\"https:\/\/psol50.org.br\/#\/schema\/person\/475dfa57d0b815993c714c2e96491fcd\",\"name\":\"Comunica\u00e7\u00e3o PSOL\",\"image\":{\"@type\":\"ImageObject\",\"inLanguage\":\"pt-BR\",\"@id\":\"https:\/\/psol50.org.br\/#\/schema\/person\/image\/\",\"url\":\"https:\/\/secure.gravatar.com\/avatar\/b34fc4f4e468a4e51785917065a3db57b841f5c95dba6ad8c73aaf8f66f8f9bf?s=96&d=mm&r=g\",\"contentUrl\":\"https:\/\/secure.gravatar.com\/avatar\/b34fc4f4e468a4e51785917065a3db57b841f5c95dba6ad8c73aaf8f66f8f9bf?s=96&d=mm&r=g\",\"caption\":\"Comunica\u00e7\u00e3o PSOL\"}}]}<\/script>\n<!-- \/ Yoast SEO plugin. -->","yoast_head_json":{"title":"PSOL convoca diretor-presidente da ANS ap\u00f3s fim da obriga\u00e7\u00e3o de planos de sa\u00fade realizarem teste de Covid-19","description":"Justi\u00e7a derrubou decis\u00e3o liminar que garantia obrigatoriedade de fornecer os testes pelos planos de sa\u00fade, a pedido de a\u00e7\u00e3o movida pela pr\u00f3pria ANS.","robots":{"index":"index","follow":"follow","max-snippet":"max-snippet:-1","max-image-preview":"max-image-preview:large","max-video-preview":"max-video-preview:-1"},"canonical":"https:\/\/psol50.org.br\/psol-convoca-diretor-presidente-da-ans-apos-fim-da-obrigacao-de-planos-de-saude-realizarem-teste-de-covid-19\/","og_locale":"pt_BR","og_type":"article","og_title":"PSOL convoca diretor-presidente da ANS ap\u00f3s fim da obriga\u00e7\u00e3o de planos de sa\u00fade realizarem teste de Covid-19","og_description":"Justi\u00e7a derrubou decis\u00e3o liminar que garantia obrigatoriedade de fornecer os testes pelos planos de sa\u00fade, a pedido de a\u00e7\u00e3o movida pela pr\u00f3pria ANS.","og_url":"https:\/\/psol50.org.br\/psol-convoca-diretor-presidente-da-ans-apos-fim-da-obrigacao-de-planos-de-saude-realizarem-teste-de-covid-19\/","og_site_name":"PSOL 50","article_publisher":"https:\/\/www.facebook.com\/psol50","article_published_time":"2020-07-16T14:00:06+00:00","og_image":[{"width":600,"height":337,"url":"https:\/\/psol50.org.br\/inc\/uploads\/2020\/07\/noticia_603970_img1_abr-1.jpg","type":"image\/jpeg"}],"author":"Comunica\u00e7\u00e3o PSOL","twitter_card":"summary_large_image","twitter_title":"PSOL convoca diretor-presidente da ANS ap\u00f3s fim da obriga\u00e7\u00e3o de planos de sa\u00fade realizarem teste de Covid-19","twitter_description":"Justi\u00e7a derrubou decis\u00e3o liminar que garantia obrigatoriedade de fornecer os testes pelos planos de sa\u00fade, a pedido de a\u00e7\u00e3o movida pela pr\u00f3pria ANS.","twitter_image":"https:\/\/psol50.org.br\/inc\/uploads\/2020\/07\/noticia_603970_img1_abr-1.jpg","twitter_creator":"@psol50","twitter_site":"@psol50","twitter_misc":{"Escrito por":"Comunica\u00e7\u00e3o PSOL","Est. tempo de leitura":"2 minutos"},"schema":{"@context":"https:\/\/schema.org","@graph":[{"@type":"Article","@id":"https:\/\/psol50.org.br\/psol-convoca-diretor-presidente-da-ans-apos-fim-da-obrigacao-de-planos-de-saude-realizarem-teste-de-covid-19\/#article","isPartOf":{"@id":"https:\/\/psol50.org.br\/psol-convoca-diretor-presidente-da-ans-apos-fim-da-obrigacao-de-planos-de-saude-realizarem-teste-de-covid-19\/"},"author":{"name":"Comunica\u00e7\u00e3o PSOL","@id":"https:\/\/psol50.org.br\/#\/schema\/person\/475dfa57d0b815993c714c2e96491fcd"},"headline":"PSOL convoca diretor-presidente da ANS ap\u00f3s fim da obriga\u00e7\u00e3o de planos de sa\u00fade realizarem teste de Covid-19","datePublished":"2020-07-16T14:00:06+00:00","mainEntityOfPage":{"@id":"https:\/\/psol50.org.br\/psol-convoca-diretor-presidente-da-ans-apos-fim-da-obrigacao-de-planos-de-saude-realizarem-teste-de-covid-19\/"},"wordCount":374,"publisher":{"@id":"https:\/\/psol50.org.br\/#organization"},"image":{"@id":"https:\/\/psol50.org.br\/psol-convoca-diretor-presidente-da-ans-apos-fim-da-obrigacao-de-planos-de-saude-realizarem-teste-de-covid-19\/#primaryimage"},"thumbnailUrl":"https:\/\/psol50.org.br\/inc\/uploads\/2020\/07\/noticia_603970_img1_abr-1.jpg","keywords":["ANS","coronav\u00edrus","covid-19","justi\u00e7a","pandemia","PSOL","psolcontraocoronavirus","teste"],"articleSection":["A\u00e7\u00e3o Parlamentar","Not\u00edcias"],"inLanguage":"pt-BR"},{"@type":"WebPage","@id":"https:\/\/psol50.org.br\/psol-convoca-diretor-presidente-da-ans-apos-fim-da-obrigacao-de-planos-de-saude-realizarem-teste-de-covid-19\/","url":"https:\/\/psol50.org.br\/psol-convoca-diretor-presidente-da-ans-apos-fim-da-obrigacao-de-planos-de-saude-realizarem-teste-de-covid-19\/","name":"PSOL convoca diretor-presidente da ANS ap\u00f3s fim da obriga\u00e7\u00e3o de planos de sa\u00fade realizarem teste de Covid-19","isPartOf":{"@id":"https:\/\/psol50.org.br\/#website"},"primaryImageOfPage":{"@id":"https:\/\/psol50.org.br\/psol-convoca-diretor-presidente-da-ans-apos-fim-da-obrigacao-de-planos-de-saude-realizarem-teste-de-covid-19\/#primaryimage"},"image":{"@id":"https:\/\/psol50.org.br\/psol-convoca-diretor-presidente-da-ans-apos-fim-da-obrigacao-de-planos-de-saude-realizarem-teste-de-covid-19\/#primaryimage"},"thumbnailUrl":"https:\/\/psol50.org.br\/inc\/uploads\/2020\/07\/noticia_603970_img1_abr-1.jpg","datePublished":"2020-07-16T14:00:06+00:00","description":"Justi\u00e7a derrubou decis\u00e3o liminar que garantia obrigatoriedade de fornecer os testes pelos planos de sa\u00fade, a pedido de a\u00e7\u00e3o movida pela pr\u00f3pria ANS.","breadcrumb":{"@id":"https:\/\/psol50.org.br\/psol-convoca-diretor-presidente-da-ans-apos-fim-da-obrigacao-de-planos-de-saude-realizarem-teste-de-covid-19\/#breadcrumb"},"inLanguage":"pt-BR","potentialAction":[{"@type":"ReadAction","target":["https:\/\/psol50.org.br\/psol-convoca-diretor-presidente-da-ans-apos-fim-da-obrigacao-de-planos-de-saude-realizarem-teste-de-covid-19\/"]}]},{"@type":"ImageObject","inLanguage":"pt-BR","@id":"https:\/\/psol50.org.br\/psol-convoca-diretor-presidente-da-ans-apos-fim-da-obrigacao-de-planos-de-saude-realizarem-teste-de-covid-19\/#primaryimage","url":"https:\/\/psol50.org.br\/inc\/uploads\/2020\/07\/noticia_603970_img1_abr-1.jpg","contentUrl":"https:\/\/psol50.org.br\/inc\/uploads\/2020\/07\/noticia_603970_img1_abr-1.jpg","width":600,"height":337},{"@type":"BreadcrumbList","@id":"https:\/\/psol50.org.br\/psol-convoca-diretor-presidente-da-ans-apos-fim-da-obrigacao-de-planos-de-saude-realizarem-teste-de-covid-19\/#breadcrumb","itemListElement":[{"@type":"ListItem","position":1,"name":"In\u00edcio","item":"https:\/\/psol50.org.br\/"},{"@type":"ListItem","position":2,"name":"PSOL convoca diretor-presidente da ANS ap\u00f3s fim da obriga\u00e7\u00e3o de planos de sa\u00fade realizarem teste de Covid-19"}]},{"@type":"WebSite","@id":"https:\/\/psol50.org.br\/#website","url":"https:\/\/psol50.org.br\/","name":"PSOL 50","description":"Site oficial do Partido Socialismo e Liberdade","publisher":{"@id":"https:\/\/psol50.org.br\/#organization"},"alternateName":"PSOL50","potentialAction":[{"@type":"SearchAction","target":{"@type":"EntryPoint","urlTemplate":"https:\/\/psol50.org.br\/?s={search_term_string}"},"query-input":{"@type":"PropertyValueSpecification","valueRequired":true,"valueName":"search_term_string"}}],"inLanguage":"pt-BR"},{"@type":"Organization","@id":"https:\/\/psol50.org.br\/#organization","name":"PSOL 50","alternateName":"PSOL 50","url":"https:\/\/psol50.org.br\/","logo":{"@type":"ImageObject","inLanguage":"pt-BR","@id":"https:\/\/psol50.org.br\/#\/schema\/logo\/image\/","url":"https:\/\/psol50.org.br\/inc\/uploads\/2018\/07\/capa.png","contentUrl":"https:\/\/psol50.org.br\/inc\/uploads\/2018\/07\/capa.png","width":1350,"height":900,"caption":"PSOL 50"},"image":{"@id":"https:\/\/psol50.org.br\/#\/schema\/logo\/image\/"},"sameAs":["https:\/\/www.facebook.com\/psol50","https:\/\/x.com\/psol50","https:\/\/www.instagram.com\/psol50\/","https:\/\/www.youtube.com\/channel\/UC7SnJS5o1os7a6CaiNabzcg"]},{"@type":"Person","@id":"https:\/\/psol50.org.br\/#\/schema\/person\/475dfa57d0b815993c714c2e96491fcd","name":"Comunica\u00e7\u00e3o PSOL","image":{"@type":"ImageObject","inLanguage":"pt-BR","@id":"https:\/\/psol50.org.br\/#\/schema\/person\/image\/","url":"https:\/\/secure.gravatar.com\/avatar\/b34fc4f4e468a4e51785917065a3db57b841f5c95dba6ad8c73aaf8f66f8f9bf?s=96&d=mm&r=g","contentUrl":"https:\/\/secure.gravatar.com\/avatar\/b34fc4f4e468a4e51785917065a3db57b841f5c95dba6ad8c73aaf8f66f8f9bf?s=96&d=mm&r=g","caption":"Comunica\u00e7\u00e3o PSOL"}}]}},"_links":{"self":[{"href":"https:\/\/psol50.org.br\/rest\/wp\/v2\/posts\/30100","targetHints":{"allow":["GET"]}}],"collection":[{"href":"https:\/\/psol50.org.br\/rest\/wp\/v2\/posts"}],"about":[{"href":"https:\/\/psol50.org.br\/rest\/wp\/v2\/types\/post"}],"author":[{"embeddable":true,"href":"https:\/\/psol50.org.br\/rest\/wp\/v2\/users\/2"}],"replies":[{"embeddable":true,"href":"https:\/\/psol50.org.br\/rest\/wp\/v2\/comments?post=30100"}],"version-history":[{"count":0,"href":"https:\/\/psol50.org.br\/rest\/wp\/v2\/posts\/30100\/revisions"}],"wp:featuredmedia":[{"embeddable":true,"href":"https:\/\/psol50.org.br\/rest\/wp\/v2\/media\/30103"}],"wp:attachment":[{"href":"https:\/\/psol50.org.br\/rest\/wp\/v2\/media?parent=30100"}],"wp:term":[{"taxonomy":"category","embeddable":true,"href":"https:\/\/psol50.org.br\/rest\/wp\/v2\/categories?post=30100"},{"taxonomy":"post_tag","embeddable":true,"href":"https:\/\/psol50.org.br\/rest\/wp\/v2\/tags?post=30100"}],"curies":[{"name":"wp","href":"https:\/\/api.w.org\/{rel}","templated":true}]}}