{"id":30106,"date":"2020-07-17T11:34:12","date_gmt":"2020-07-17T14:34:12","guid":{"rendered":"https:\/\/psol50.org.br\/?p=30106"},"modified":"2020-07-17T11:34:12","modified_gmt":"2020-07-17T14:34:12","slug":"edmilson-rodrigues-e-escolhido-pelo-psol-para-liderar-amplo-movimento-na-disputa-da-prefeitura-de-belem-pa-em-2020","status":"publish","type":"post","link":"https:\/\/psol50.org.br\/edmilson-rodrigues-e-escolhido-pelo-psol-para-liderar-amplo-movimento-na-disputa-da-prefeitura-de-belem-pa-em-2020\/","title":{"rendered":"Edmilson Rodrigues \u00e9 escolhido pelo PSOL para liderar amplo movimento na disputa da Prefeitura de Bel\u00e9m (PA)"},"content":{"rendered":"<p><a href=\"https:\/\/impeachmentpopular.com.br\/\" target=\"_blank\" rel=\"noopener noreferrer\"><img loading=\"lazy\" decoding=\"async\" class=\"alignnone size-full wp-image-29118\" src=\"https:\/\/psol50.org.br\/inc\/uploads\/2020\/05\/Email_Impeachment.png\" alt=\"\" width=\"1080\" height=\"250\" srcset=\"https:\/\/psol50.org.br\/inc\/uploads\/2020\/05\/Email_Impeachment.png 1080w, https:\/\/psol50.org.br\/inc\/uploads\/2020\/05\/Email_Impeachment-300x69.png 300w, https:\/\/psol50.org.br\/inc\/uploads\/2020\/05\/Email_Impeachment-1024x237.png 1024w, https:\/\/psol50.org.br\/inc\/uploads\/2020\/05\/Email_Impeachment-768x178.png 768w, https:\/\/psol50.org.br\/inc\/uploads\/2020\/05\/Email_Impeachment-150x35.png 150w, https:\/\/psol50.org.br\/inc\/uploads\/2020\/05\/Email_Impeachment-696x161.png 696w, https:\/\/psol50.org.br\/inc\/uploads\/2020\/05\/Email_Impeachment-1068x247.png 1068w\" sizes=\"auto, (max-width: 1080px) 100vw, 1080px\" \/><\/a><\/p>\n<p>O Diret\u00f3rio Municipal do PSOL de Bel\u00e9m, capital do estado do Par\u00e1, definiu por unanimidade, na \u00faltima quinta-feira (16), o nome do deputado federal Edmilson Rodrigues como pr\u00e9-candidato do partido para concorrer \u00e0 Prefeitura de Bel\u00e9m (PA) nas elei\u00e7\u00f5es municipais de 2020.<\/p>\n<p>A dire\u00e7\u00e3o do partido na cidade tamb\u00e9m aprovou uma ampla frente partid\u00e1ria que caminhar\u00e1 com Edmilson Rodrigues nessa disputa &#8211; com PT, PDT, PCdoB, Rede, PCB e UP. A expectativa \u00e9 construir um grande movimento c\u00edvico por uma cidade mais justa e democr\u00e1tica no cora\u00e7\u00e3o da Amaz\u00f4nia brasileira, t\u00e3o castigada neste per\u00edodo de governo Bolsonaro.<\/p>\n<blockquote class=\"twitter-tweet\" data-width=\"550\" data-dnt=\"true\">\n<p lang=\"pt\" dir=\"ltr\">O PSOL, por unanimidade, acaba de confiar a mim a miss\u00e3o de ser pr\u00e9-candidato \u00e0 Prefeitura de Bel\u00e9m e coordenar o movimento c\u00edvico por uma cidade mais justa e democr\u00e1tica. Com f\u00e9, esperan\u00e7a e participa\u00e7\u00e3o popular, segue firme a caminhada pelas mudan\u00e7as que Bel\u00e9m precisa e merece!<\/p>\n<p>&mdash; Edmilson Rodrigues (@EdmilsonPSOL) <a href=\"https:\/\/twitter.com\/EdmilsonPSOL\/status\/1283941444789641219?ref_src=twsrc%5Etfw\">July 17, 2020<\/a><\/p><\/blockquote>\n<p><script async src=\"https:\/\/platform.twitter.com\/widgets.js\" charset=\"utf-8\"><\/script><\/p>\n<p>Edmilson Rodrigues j\u00e1 foi prefeito de Bel\u00e9m por dois mandatos consecutivos, entre 1997 e 2004. Na prefeitura, destacou-se pela amplia\u00e7\u00e3o da participa\u00e7\u00e3o popular no planejamento da cidade, implantando o Or\u00e7amento Participativo como forma de aumentar a decis\u00e3o popular no or\u00e7amento da Prefeitura.<\/p>\n<p>A gest\u00e3o como prefeito tamb\u00e9m foi marcada pela implanta\u00e7\u00e3o de projetos sociais e culturais para a cidade, o que rendeu a Edmilson pr\u00eamios como o de Prefeito Amigo da Crian\u00e7a por dois anos consecutivos, concedido pela\u00a0ONU, em virtude do projeto Sementes do Amanh\u00e3, que retirava crian\u00e7as da \u00e1rea de dep\u00f3sito de lixo dando apoio social, financeiro, educacional e profissional para toda a fam\u00edlia. <sup id=\"cite_ref-FOOTNOTERocha2004_5-0\" class=\"reference\"><\/sup>Tamb\u00e9m obteve destaque em outros projetos como a Escola Circo; o\u00a0Bolsa Fam\u00edlia\u00a0de um sal\u00e1rio m\u00ednimo; Banco Municipal do Povo e Fam\u00edlia Saud\u00e1vel.<\/p>\n","protected":false},"excerpt":{"rendered":"<p>O Diret\u00f3rio Municipal do PSOL de Bel\u00e9m, capital do estado do Par\u00e1, definiu por unanimidade, na \u00faltima quinta-feira (16), o nome do deputado federal Edmilson Rodrigues como pr\u00e9-candidato do partido para concorrer \u00e0 Prefeitura de Bel\u00e9m (PA) nas elei\u00e7\u00f5es municipais de 2020. A dire\u00e7\u00e3o do partido na cidade tamb\u00e9m aprovou uma ampla frente partid\u00e1ria que [&hellip;]<\/p>\n","protected":false},"author":2,"featured_media":30109,"comment_status":"closed","ping_status":"open","sticky":false,"template":"","format":"standard","meta":{"_acf_changed":false,"footnotes":""},"categories":[6,14],"tags":[204,643,973,343,50,22],"class_list":{"0":"post-30106","1":"post","2":"type-post","3":"status-publish","4":"format-standard","5":"has-post-thumbnail","7":"category-noticias","8":"category-partido","9":"tag-204","10":"tag-belem","11":"tag-edmilson-rodrigues","12":"tag-eleicoes","13":"tag-para","14":"tag-psol"},"acf":[],"yoast_head":"<!-- This site is optimized with the Yoast SEO plugin v26.5 - https:\/\/yoast.com\/wordpress\/plugins\/seo\/ -->\n<title>Edmilson Rodrigues \u00e9 escolhido pelo PSOL para liderar amplo movimento na disputa da Prefeitura de Bel\u00e9m (PA)<\/title>\n<meta name=\"description\" content=\"A dire\u00e7\u00e3o do partido na cidade tamb\u00e9m aprovou uma ampla frente partid\u00e1ria que caminhar\u00e1 com Edmilson Rodrigues nessa disputa - com PT, PDT, PCdoB, Rede, PCB e UP.\" \/>\n<meta name=\"robots\" content=\"index, follow, max-snippet:-1, max-image-preview:large, max-video-preview:-1\" \/>\n<link rel=\"canonical\" href=\"https:\/\/psol50.org.br\/edmilson-rodrigues-e-escolhido-pelo-psol-para-liderar-amplo-movimento-na-disputa-da-prefeitura-de-belem-pa-em-2020\/\" \/>\n<meta property=\"og:locale\" content=\"pt_BR\" \/>\n<meta property=\"og:type\" content=\"article\" \/>\n<meta property=\"og:title\" content=\"Edmilson Rodrigues \u00e9 escolhido pelo PSOL para liderar amplo movimento na disputa da Prefeitura de Bel\u00e9m (PA)\" \/>\n<meta property=\"og:description\" content=\"A dire\u00e7\u00e3o do partido na cidade tamb\u00e9m aprovou uma ampla frente partid\u00e1ria que caminhar\u00e1 com Edmilson Rodrigues nessa disputa - com PT, PDT, PCdoB, Rede, PCB e UP.\" \/>\n<meta property=\"og:url\" content=\"https:\/\/psol50.org.br\/edmilson-rodrigues-e-escolhido-pelo-psol-para-liderar-amplo-movimento-na-disputa-da-prefeitura-de-belem-pa-em-2020\/\" \/>\n<meta property=\"og:site_name\" content=\"PSOL 50\" \/>\n<meta property=\"article:publisher\" content=\"https:\/\/www.facebook.com\/psol50\" \/>\n<meta property=\"article:published_time\" content=\"2020-07-17T14:34:12+00:00\" \/>\n<meta property=\"og:image\" content=\"https:\/\/psol50.org.br\/inc\/uploads\/2020\/07\/edmilson-rodrigues.jpg\" \/>\n\t<meta property=\"og:image:width\" content=\"960\" \/>\n\t<meta property=\"og:image:height\" content=\"666\" \/>\n\t<meta property=\"og:image:type\" content=\"image\/jpeg\" \/>\n<meta name=\"author\" content=\"Comunica\u00e7\u00e3o PSOL\" \/>\n<meta name=\"twitter:card\" content=\"summary_large_image\" \/>\n<meta name=\"twitter:title\" content=\"Edmilson Rodrigues \u00e9 escolhido pelo PSOL para liderar amplo movimento na disputa da Prefeitura de Bel\u00e9m (PA)\" \/>\n<meta name=\"twitter:description\" content=\"A dire\u00e7\u00e3o do partido na cidade tamb\u00e9m aprovou uma ampla frente partid\u00e1ria que caminhar\u00e1 com Edmilson Rodrigues nessa disputa - com PT, PDT, PCdoB, Rede, PCB e UP.\" \/>\n<meta name=\"twitter:image\" content=\"https:\/\/psol50.org.br\/inc\/uploads\/2020\/07\/edmilson-rodrigues.jpg\" \/>\n<meta name=\"twitter:creator\" content=\"@psol50\" \/>\n<meta name=\"twitter:site\" content=\"@psol50\" \/>\n<meta name=\"twitter:label1\" content=\"Escrito por\" \/>\n\t<meta name=\"twitter:data1\" content=\"Comunica\u00e7\u00e3o PSOL\" \/>\n\t<meta name=\"twitter:label2\" content=\"Est. tempo de leitura\" \/>\n\t<meta name=\"twitter:data2\" content=\"1 minuto\" \/>\n<script type=\"application\/ld+json\" class=\"yoast-schema-graph\">{\"@context\":\"https:\/\/schema.org\",\"@graph\":[{\"@type\":\"Article\",\"@id\":\"https:\/\/psol50.org.br\/edmilson-rodrigues-e-escolhido-pelo-psol-para-liderar-amplo-movimento-na-disputa-da-prefeitura-de-belem-pa-em-2020\/#article\",\"isPartOf\":{\"@id\":\"https:\/\/psol50.org.br\/edmilson-rodrigues-e-escolhido-pelo-psol-para-liderar-amplo-movimento-na-disputa-da-prefeitura-de-belem-pa-em-2020\/\"},\"author\":{\"name\":\"Comunica\u00e7\u00e3o PSOL\",\"@id\":\"https:\/\/psol50.org.br\/#\/schema\/person\/475dfa57d0b815993c714c2e96491fcd\"},\"headline\":\"Edmilson Rodrigues \u00e9 escolhido pelo PSOL para liderar amplo movimento na disputa da Prefeitura de Bel\u00e9m (PA)\",\"datePublished\":\"2020-07-17T14:34:12+00:00\",\"mainEntityOfPage\":{\"@id\":\"https:\/\/psol50.org.br\/edmilson-rodrigues-e-escolhido-pelo-psol-para-liderar-amplo-movimento-na-disputa-da-prefeitura-de-belem-pa-em-2020\/\"},\"wordCount\":277,\"publisher\":{\"@id\":\"https:\/\/psol50.org.br\/#organization\"},\"image\":{\"@id\":\"https:\/\/psol50.org.br\/edmilson-rodrigues-e-escolhido-pelo-psol-para-liderar-amplo-movimento-na-disputa-da-prefeitura-de-belem-pa-em-2020\/#primaryimage\"},\"thumbnailUrl\":\"https:\/\/psol50.org.br\/inc\/uploads\/2020\/07\/edmilson-rodrigues.jpg\",\"keywords\":[\"2020\",\"Bel\u00e9m\",\"Edmilson Rodrigues\",\"elei\u00e7\u00f5es\",\"Par\u00e1\",\"PSOL\"],\"articleSection\":[\"Not\u00edcias\",\"Partido\"],\"inLanguage\":\"pt-BR\"},{\"@type\":\"WebPage\",\"@id\":\"https:\/\/psol50.org.br\/edmilson-rodrigues-e-escolhido-pelo-psol-para-liderar-amplo-movimento-na-disputa-da-prefeitura-de-belem-pa-em-2020\/\",\"url\":\"https:\/\/psol50.org.br\/edmilson-rodrigues-e-escolhido-pelo-psol-para-liderar-amplo-movimento-na-disputa-da-prefeitura-de-belem-pa-em-2020\/\",\"name\":\"Edmilson Rodrigues \u00e9 escolhido pelo PSOL para liderar amplo movimento na disputa da Prefeitura de Bel\u00e9m (PA)\",\"isPartOf\":{\"@id\":\"https:\/\/psol50.org.br\/#website\"},\"primaryImageOfPage\":{\"@id\":\"https:\/\/psol50.org.br\/edmilson-rodrigues-e-escolhido-pelo-psol-para-liderar-amplo-movimento-na-disputa-da-prefeitura-de-belem-pa-em-2020\/#primaryimage\"},\"image\":{\"@id\":\"https:\/\/psol50.org.br\/edmilson-rodrigues-e-escolhido-pelo-psol-para-liderar-amplo-movimento-na-disputa-da-prefeitura-de-belem-pa-em-2020\/#primaryimage\"},\"thumbnailUrl\":\"https:\/\/psol50.org.br\/inc\/uploads\/2020\/07\/edmilson-rodrigues.jpg\",\"datePublished\":\"2020-07-17T14:34:12+00:00\",\"description\":\"A dire\u00e7\u00e3o do partido na cidade tamb\u00e9m aprovou uma ampla frente partid\u00e1ria que caminhar\u00e1 com Edmilson Rodrigues nessa disputa - com PT, PDT, PCdoB, Rede, PCB e UP.\",\"breadcrumb\":{\"@id\":\"https:\/\/psol50.org.br\/edmilson-rodrigues-e-escolhido-pelo-psol-para-liderar-amplo-movimento-na-disputa-da-prefeitura-de-belem-pa-em-2020\/#breadcrumb\"},\"inLanguage\":\"pt-BR\",\"potentialAction\":[{\"@type\":\"ReadAction\",\"target\":[\"https:\/\/psol50.org.br\/edmilson-rodrigues-e-escolhido-pelo-psol-para-liderar-amplo-movimento-na-disputa-da-prefeitura-de-belem-pa-em-2020\/\"]}]},{\"@type\":\"ImageObject\",\"inLanguage\":\"pt-BR\",\"@id\":\"https:\/\/psol50.org.br\/edmilson-rodrigues-e-escolhido-pelo-psol-para-liderar-amplo-movimento-na-disputa-da-prefeitura-de-belem-pa-em-2020\/#primaryimage\",\"url\":\"https:\/\/psol50.org.br\/inc\/uploads\/2020\/07\/edmilson-rodrigues.jpg\",\"contentUrl\":\"https:\/\/psol50.org.br\/inc\/uploads\/2020\/07\/edmilson-rodrigues.jpg\",\"width\":960,\"height\":666},{\"@type\":\"BreadcrumbList\",\"@id\":\"https:\/\/psol50.org.br\/edmilson-rodrigues-e-escolhido-pelo-psol-para-liderar-amplo-movimento-na-disputa-da-prefeitura-de-belem-pa-em-2020\/#breadcrumb\",\"itemListElement\":[{\"@type\":\"ListItem\",\"position\":1,\"name\":\"In\u00edcio\",\"item\":\"https:\/\/psol50.org.br\/\"},{\"@type\":\"ListItem\",\"position\":2,\"name\":\"Edmilson Rodrigues \u00e9 escolhido pelo PSOL para liderar amplo movimento na disputa da Prefeitura de Bel\u00e9m (PA)\"}]},{\"@type\":\"WebSite\",\"@id\":\"https:\/\/psol50.org.br\/#website\",\"url\":\"https:\/\/psol50.org.br\/\",\"name\":\"PSOL 50\",\"description\":\"Site oficial do Partido Socialismo e Liberdade\",\"publisher\":{\"@id\":\"https:\/\/psol50.org.br\/#organization\"},\"alternateName\":\"PSOL50\",\"potentialAction\":[{\"@type\":\"SearchAction\",\"target\":{\"@type\":\"EntryPoint\",\"urlTemplate\":\"https:\/\/psol50.org.br\/?s={search_term_string}\"},\"query-input\":{\"@type\":\"PropertyValueSpecification\",\"valueRequired\":true,\"valueName\":\"search_term_string\"}}],\"inLanguage\":\"pt-BR\"},{\"@type\":\"Organization\",\"@id\":\"https:\/\/psol50.org.br\/#organization\",\"name\":\"PSOL 50\",\"alternateName\":\"PSOL 50\",\"url\":\"https:\/\/psol50.org.br\/\",\"logo\":{\"@type\":\"ImageObject\",\"inLanguage\":\"pt-BR\",\"@id\":\"https:\/\/psol50.org.br\/#\/schema\/logo\/image\/\",\"url\":\"https:\/\/psol50.org.br\/inc\/uploads\/2018\/07\/capa.png\",\"contentUrl\":\"https:\/\/psol50.org.br\/inc\/uploads\/2018\/07\/capa.png\",\"width\":1350,\"height\":900,\"caption\":\"PSOL 50\"},\"image\":{\"@id\":\"https:\/\/psol50.org.br\/#\/schema\/logo\/image\/\"},\"sameAs\":[\"https:\/\/www.facebook.com\/psol50\",\"https:\/\/x.com\/psol50\",\"https:\/\/www.instagram.com\/psol50\/\",\"https:\/\/www.youtube.com\/channel\/UC7SnJS5o1os7a6CaiNabzcg\"]},{\"@type\":\"Person\",\"@id\":\"https:\/\/psol50.org.br\/#\/schema\/person\/475dfa57d0b815993c714c2e96491fcd\",\"name\":\"Comunica\u00e7\u00e3o PSOL\",\"image\":{\"@type\":\"ImageObject\",\"inLanguage\":\"pt-BR\",\"@id\":\"https:\/\/psol50.org.br\/#\/schema\/person\/image\/\",\"url\":\"https:\/\/secure.gravatar.com\/avatar\/b34fc4f4e468a4e51785917065a3db57b841f5c95dba6ad8c73aaf8f66f8f9bf?s=96&d=mm&r=g\",\"contentUrl\":\"https:\/\/secure.gravatar.com\/avatar\/b34fc4f4e468a4e51785917065a3db57b841f5c95dba6ad8c73aaf8f66f8f9bf?s=96&d=mm&r=g\",\"caption\":\"Comunica\u00e7\u00e3o PSOL\"}}]}<\/script>\n<!-- \/ Yoast SEO plugin. -->","yoast_head_json":{"title":"Edmilson Rodrigues \u00e9 escolhido pelo PSOL para liderar amplo movimento na disputa da Prefeitura de Bel\u00e9m (PA)","description":"A dire\u00e7\u00e3o do partido na cidade tamb\u00e9m aprovou uma ampla frente partid\u00e1ria que caminhar\u00e1 com Edmilson Rodrigues nessa disputa - com PT, PDT, PCdoB, Rede, PCB e UP.","robots":{"index":"index","follow":"follow","max-snippet":"max-snippet:-1","max-image-preview":"max-image-preview:large","max-video-preview":"max-video-preview:-1"},"canonical":"https:\/\/psol50.org.br\/edmilson-rodrigues-e-escolhido-pelo-psol-para-liderar-amplo-movimento-na-disputa-da-prefeitura-de-belem-pa-em-2020\/","og_locale":"pt_BR","og_type":"article","og_title":"Edmilson Rodrigues \u00e9 escolhido pelo PSOL para liderar amplo movimento na disputa da Prefeitura de Bel\u00e9m (PA)","og_description":"A dire\u00e7\u00e3o do partido na cidade tamb\u00e9m aprovou uma ampla frente partid\u00e1ria que caminhar\u00e1 com Edmilson Rodrigues nessa disputa - com PT, PDT, PCdoB, Rede, PCB e UP.","og_url":"https:\/\/psol50.org.br\/edmilson-rodrigues-e-escolhido-pelo-psol-para-liderar-amplo-movimento-na-disputa-da-prefeitura-de-belem-pa-em-2020\/","og_site_name":"PSOL 50","article_publisher":"https:\/\/www.facebook.com\/psol50","article_published_time":"2020-07-17T14:34:12+00:00","og_image":[{"width":960,"height":666,"url":"https:\/\/psol50.org.br\/inc\/uploads\/2020\/07\/edmilson-rodrigues.jpg","type":"image\/jpeg"}],"author":"Comunica\u00e7\u00e3o PSOL","twitter_card":"summary_large_image","twitter_title":"Edmilson Rodrigues \u00e9 escolhido pelo PSOL para liderar amplo movimento na disputa da Prefeitura de Bel\u00e9m (PA)","twitter_description":"A dire\u00e7\u00e3o do partido na cidade tamb\u00e9m aprovou uma ampla frente partid\u00e1ria que caminhar\u00e1 com Edmilson Rodrigues nessa disputa - com PT, PDT, PCdoB, Rede, PCB e UP.","twitter_image":"https:\/\/psol50.org.br\/inc\/uploads\/2020\/07\/edmilson-rodrigues.jpg","twitter_creator":"@psol50","twitter_site":"@psol50","twitter_misc":{"Escrito por":"Comunica\u00e7\u00e3o PSOL","Est. tempo de leitura":"1 minuto"},"schema":{"@context":"https:\/\/schema.org","@graph":[{"@type":"Article","@id":"https:\/\/psol50.org.br\/edmilson-rodrigues-e-escolhido-pelo-psol-para-liderar-amplo-movimento-na-disputa-da-prefeitura-de-belem-pa-em-2020\/#article","isPartOf":{"@id":"https:\/\/psol50.org.br\/edmilson-rodrigues-e-escolhido-pelo-psol-para-liderar-amplo-movimento-na-disputa-da-prefeitura-de-belem-pa-em-2020\/"},"author":{"name":"Comunica\u00e7\u00e3o PSOL","@id":"https:\/\/psol50.org.br\/#\/schema\/person\/475dfa57d0b815993c714c2e96491fcd"},"headline":"Edmilson Rodrigues \u00e9 escolhido pelo PSOL para liderar amplo movimento na disputa da Prefeitura de Bel\u00e9m (PA)","datePublished":"2020-07-17T14:34:12+00:00","mainEntityOfPage":{"@id":"https:\/\/psol50.org.br\/edmilson-rodrigues-e-escolhido-pelo-psol-para-liderar-amplo-movimento-na-disputa-da-prefeitura-de-belem-pa-em-2020\/"},"wordCount":277,"publisher":{"@id":"https:\/\/psol50.org.br\/#organization"},"image":{"@id":"https:\/\/psol50.org.br\/edmilson-rodrigues-e-escolhido-pelo-psol-para-liderar-amplo-movimento-na-disputa-da-prefeitura-de-belem-pa-em-2020\/#primaryimage"},"thumbnailUrl":"https:\/\/psol50.org.br\/inc\/uploads\/2020\/07\/edmilson-rodrigues.jpg","keywords":["2020","Bel\u00e9m","Edmilson Rodrigues","elei\u00e7\u00f5es","Par\u00e1","PSOL"],"articleSection":["Not\u00edcias","Partido"],"inLanguage":"pt-BR"},{"@type":"WebPage","@id":"https:\/\/psol50.org.br\/edmilson-rodrigues-e-escolhido-pelo-psol-para-liderar-amplo-movimento-na-disputa-da-prefeitura-de-belem-pa-em-2020\/","url":"https:\/\/psol50.org.br\/edmilson-rodrigues-e-escolhido-pelo-psol-para-liderar-amplo-movimento-na-disputa-da-prefeitura-de-belem-pa-em-2020\/","name":"Edmilson Rodrigues \u00e9 escolhido pelo PSOL para liderar amplo movimento na disputa da Prefeitura de Bel\u00e9m (PA)","isPartOf":{"@id":"https:\/\/psol50.org.br\/#website"},"primaryImageOfPage":{"@id":"https:\/\/psol50.org.br\/edmilson-rodrigues-e-escolhido-pelo-psol-para-liderar-amplo-movimento-na-disputa-da-prefeitura-de-belem-pa-em-2020\/#primaryimage"},"image":{"@id":"https:\/\/psol50.org.br\/edmilson-rodrigues-e-escolhido-pelo-psol-para-liderar-amplo-movimento-na-disputa-da-prefeitura-de-belem-pa-em-2020\/#primaryimage"},"thumbnailUrl":"https:\/\/psol50.org.br\/inc\/uploads\/2020\/07\/edmilson-rodrigues.jpg","datePublished":"2020-07-17T14:34:12+00:00","description":"A dire\u00e7\u00e3o do partido na cidade tamb\u00e9m aprovou uma ampla frente partid\u00e1ria que caminhar\u00e1 com Edmilson Rodrigues nessa disputa - com PT, PDT, PCdoB, Rede, PCB e UP.","breadcrumb":{"@id":"https:\/\/psol50.org.br\/edmilson-rodrigues-e-escolhido-pelo-psol-para-liderar-amplo-movimento-na-disputa-da-prefeitura-de-belem-pa-em-2020\/#breadcrumb"},"inLanguage":"pt-BR","potentialAction":[{"@type":"ReadAction","target":["https:\/\/psol50.org.br\/edmilson-rodrigues-e-escolhido-pelo-psol-para-liderar-amplo-movimento-na-disputa-da-prefeitura-de-belem-pa-em-2020\/"]}]},{"@type":"ImageObject","inLanguage":"pt-BR","@id":"https:\/\/psol50.org.br\/edmilson-rodrigues-e-escolhido-pelo-psol-para-liderar-amplo-movimento-na-disputa-da-prefeitura-de-belem-pa-em-2020\/#primaryimage","url":"https:\/\/psol50.org.br\/inc\/uploads\/2020\/07\/edmilson-rodrigues.jpg","contentUrl":"https:\/\/psol50.org.br\/inc\/uploads\/2020\/07\/edmilson-rodrigues.jpg","width":960,"height":666},{"@type":"BreadcrumbList","@id":"https:\/\/psol50.org.br\/edmilson-rodrigues-e-escolhido-pelo-psol-para-liderar-amplo-movimento-na-disputa-da-prefeitura-de-belem-pa-em-2020\/#breadcrumb","itemListElement":[{"@type":"ListItem","position":1,"name":"In\u00edcio","item":"https:\/\/psol50.org.br\/"},{"@type":"ListItem","position":2,"name":"Edmilson Rodrigues \u00e9 escolhido pelo PSOL para liderar amplo movimento na disputa da Prefeitura de Bel\u00e9m (PA)"}]},{"@type":"WebSite","@id":"https:\/\/psol50.org.br\/#website","url":"https:\/\/psol50.org.br\/","name":"PSOL 50","description":"Site oficial do Partido Socialismo e Liberdade","publisher":{"@id":"https:\/\/psol50.org.br\/#organization"},"alternateName":"PSOL50","potentialAction":[{"@type":"SearchAction","target":{"@type":"EntryPoint","urlTemplate":"https:\/\/psol50.org.br\/?s={search_term_string}"},"query-input":{"@type":"PropertyValueSpecification","valueRequired":true,"valueName":"search_term_string"}}],"inLanguage":"pt-BR"},{"@type":"Organization","@id":"https:\/\/psol50.org.br\/#organization","name":"PSOL 50","alternateName":"PSOL 50","url":"https:\/\/psol50.org.br\/","logo":{"@type":"ImageObject","inLanguage":"pt-BR","@id":"https:\/\/psol50.org.br\/#\/schema\/logo\/image\/","url":"https:\/\/psol50.org.br\/inc\/uploads\/2018\/07\/capa.png","contentUrl":"https:\/\/psol50.org.br\/inc\/uploads\/2018\/07\/capa.png","width":1350,"height":900,"caption":"PSOL 50"},"image":{"@id":"https:\/\/psol50.org.br\/#\/schema\/logo\/image\/"},"sameAs":["https:\/\/www.facebook.com\/psol50","https:\/\/x.com\/psol50","https:\/\/www.instagram.com\/psol50\/","https:\/\/www.youtube.com\/channel\/UC7SnJS5o1os7a6CaiNabzcg"]},{"@type":"Person","@id":"https:\/\/psol50.org.br\/#\/schema\/person\/475dfa57d0b815993c714c2e96491fcd","name":"Comunica\u00e7\u00e3o PSOL","image":{"@type":"ImageObject","inLanguage":"pt-BR","@id":"https:\/\/psol50.org.br\/#\/schema\/person\/image\/","url":"https:\/\/secure.gravatar.com\/avatar\/b34fc4f4e468a4e51785917065a3db57b841f5c95dba6ad8c73aaf8f66f8f9bf?s=96&d=mm&r=g","contentUrl":"https:\/\/secure.gravatar.com\/avatar\/b34fc4f4e468a4e51785917065a3db57b841f5c95dba6ad8c73aaf8f66f8f9bf?s=96&d=mm&r=g","caption":"Comunica\u00e7\u00e3o PSOL"}}]}},"_links":{"self":[{"href":"https:\/\/psol50.org.br\/rest\/wp\/v2\/posts\/30106","targetHints":{"allow":["GET"]}}],"collection":[{"href":"https:\/\/psol50.org.br\/rest\/wp\/v2\/posts"}],"about":[{"href":"https:\/\/psol50.org.br\/rest\/wp\/v2\/types\/post"}],"author":[{"embeddable":true,"href":"https:\/\/psol50.org.br\/rest\/wp\/v2\/users\/2"}],"replies":[{"embeddable":true,"href":"https:\/\/psol50.org.br\/rest\/wp\/v2\/comments?post=30106"}],"version-history":[{"count":0,"href":"https:\/\/psol50.org.br\/rest\/wp\/v2\/posts\/30106\/revisions"}],"wp:featuredmedia":[{"embeddable":true,"href":"https:\/\/psol50.org.br\/rest\/wp\/v2\/media\/30109"}],"wp:attachment":[{"href":"https:\/\/psol50.org.br\/rest\/wp\/v2\/media?parent=30106"}],"wp:term":[{"taxonomy":"category","embeddable":true,"href":"https:\/\/psol50.org.br\/rest\/wp\/v2\/categories?post=30106"},{"taxonomy":"post_tag","embeddable":true,"href":"https:\/\/psol50.org.br\/rest\/wp\/v2\/tags?post=30106"}],"curies":[{"name":"wp","href":"https:\/\/api.w.org\/{rel}","templated":true}]}}