{"id":30148,"date":"2020-07-20T16:50:03","date_gmt":"2020-07-20T19:50:03","guid":{"rendered":"https:\/\/psol50.org.br\/?p=30148"},"modified":"2020-07-20T16:50:03","modified_gmt":"2020-07-20T19:50:03","slug":"psol-pede-medidas-judiciais-ao-mpf-apos-indigenas-denunciarem-censura-na-ebc","status":"publish","type":"post","link":"https:\/\/psol50.org.br\/psol-pede-medidas-judiciais-ao-mpf-apos-indigenas-denunciarem-censura-na-ebc\/","title":{"rendered":"PSOL pede medidas judiciais ao MPF ap\u00f3s ind\u00edgenas denunciarem censura na EBC"},"content":{"rendered":"<p><a href=\"https:\/\/impeachmentpopular.com.br\/\" target=\"_blank\" rel=\"noopener noreferrer\"><img loading=\"lazy\" decoding=\"async\" class=\"alignnone size-full wp-image-29118\" src=\"https:\/\/psol50.org.br\/inc\/uploads\/2020\/05\/Email_Impeachment.png\" alt=\"\" width=\"1080\" height=\"250\" srcset=\"https:\/\/psol50.org.br\/inc\/uploads\/2020\/05\/Email_Impeachment.png 1080w, https:\/\/psol50.org.br\/inc\/uploads\/2020\/05\/Email_Impeachment-300x69.png 300w, https:\/\/psol50.org.br\/inc\/uploads\/2020\/05\/Email_Impeachment-1024x237.png 1024w, https:\/\/psol50.org.br\/inc\/uploads\/2020\/05\/Email_Impeachment-768x178.png 768w, https:\/\/psol50.org.br\/inc\/uploads\/2020\/05\/Email_Impeachment-150x35.png 150w, https:\/\/psol50.org.br\/inc\/uploads\/2020\/05\/Email_Impeachment-696x161.png 696w, https:\/\/psol50.org.br\/inc\/uploads\/2020\/05\/Email_Impeachment-1068x247.png 1068w\" sizes=\"auto, (max-width: 1080px) 100vw, 1080px\" \/><\/a><\/p>\n<p>Ap\u00f3s grave den\u00fancia da Articula\u00e7\u00e3o dos Povos Ind\u00edgenas do Brasil (Apib), que afirmou que fontes ind\u00edgenas n\u00e3o s\u00e3o escutadas em reportagens e, quando s\u00e3o, passam por censura editorial da Empresa Brasil de Comunica\u00e7\u00e3o (EBC), os deputados do PSOL remeteram um of\u00edcio \u00e0 Procuradoria Federal dos Direitos do Cidad\u00e3o (PFDC), \u00f3rg\u00e3o ligado ao Minist\u00e9rio P\u00fablico Federal, para solicitar apura\u00e7\u00e3o e poss\u00edveis medidas judiciais aos respons\u00e1veis por mais esta censura institucional.<\/p>\n<p>O documento foi protocolado na tarde da \u00faltima sexta-feira (17) e enfatiza que a persegui\u00e7\u00e3o contra jornalistas e casos de censura na EBC t\u00eam sido uma constante no governo Bolsonaro: &#8220;Recentemente, houve denuncia de uma funcion\u00e1ria da EBC afirmando que a empresa &#8216;se tornou uma m\u00e1quina de propaganda do governo Bolsonaro&#8217;\u201d, relembra o of\u00edcio.<\/p>\n<p>De acordo com a nota divulgada pela APIB no \u00faltimo dia 15, a EBC privilegia, em clara orienta\u00e7\u00e3o editorial e governista, a divulga\u00e7\u00e3o de informa\u00e7\u00f5es como a contagem oficial de casos confirmados e suspeitos e de \u00f3bitos de ind\u00edgenas, que n\u00e3o traduzem a realidade.<\/p>\n<p>&#8220;Nos \u00faltimos quatro meses, contados a partir da declara\u00e7\u00e3o do estado de pandemia pela Organiza\u00e7\u00e3o Mundial da Sa\u00fade (OMS), o que se observa \u00e9 que os ve\u00edculos da empresa t\u00eam assumido um tom excessivamente governista, completamente apartado da fun\u00e7\u00e3o social que deveriam cumprir&#8221;.<\/p>\n","protected":false},"excerpt":{"rendered":"<p>Ap\u00f3s grave den\u00fancia da Articula\u00e7\u00e3o dos Povos Ind\u00edgenas do Brasil (Apib), que afirmou que fontes ind\u00edgenas n\u00e3o s\u00e3o escutadas em reportagens e, quando s\u00e3o, passam por censura editorial da Empresa Brasil de Comunica\u00e7\u00e3o (EBC), os deputados do PSOL remeteram um of\u00edcio \u00e0 Procuradoria Federal dos Direitos do Cidad\u00e3o (PFDC), \u00f3rg\u00e3o ligado ao Minist\u00e9rio P\u00fablico Federal, [&hellip;]<\/p>\n","protected":false},"author":2,"featured_media":25580,"comment_status":"closed","ping_status":"open","sticky":false,"template":"","format":"standard","meta":{"_acf_changed":false,"footnotes":""},"categories":[10,6],"tags":[123,234,411,731,12,76,22],"class_list":{"0":"post-30148","1":"post","2":"type-post","3":"status-publish","4":"format-standard","5":"has-post-thumbnail","7":"category-acao-parlamentares","8":"category-noticias","9":"tag-apib","10":"tag-censura","11":"tag-comunicacao","12":"tag-ebc","13":"tag-indigenas","14":"tag-mpf","15":"tag-psol"},"acf":[],"yoast_head":"<!-- This site is optimized with the Yoast SEO plugin v26.5 - https:\/\/yoast.com\/wordpress\/plugins\/seo\/ -->\n<title>PSOL pede medidas judiciais ao MPF ap\u00f3s ind\u00edgenas denunciarem censura na EBC<\/title>\n<meta name=\"description\" content=\"Apib afirmou que fontes ind\u00edgenas n\u00e3o s\u00e3o escutadas em reportagens e, quando s\u00e3o, passam por censura editorial da EBC.\" \/>\n<meta name=\"robots\" content=\"index, follow, max-snippet:-1, max-image-preview:large, max-video-preview:-1\" \/>\n<link rel=\"canonical\" href=\"https:\/\/psol50.org.br\/psol-pede-medidas-judiciais-ao-mpf-apos-indigenas-denunciarem-censura-na-ebc\/\" \/>\n<meta property=\"og:locale\" content=\"pt_BR\" \/>\n<meta property=\"og:type\" content=\"article\" \/>\n<meta property=\"og:title\" content=\"PSOL pede medidas judiciais ao MPF ap\u00f3s ind\u00edgenas denunciarem censura na EBC\" \/>\n<meta property=\"og:description\" content=\"Apib afirmou que fontes ind\u00edgenas n\u00e3o s\u00e3o escutadas em reportagens e, quando s\u00e3o, passam por censura editorial da EBC.\" \/>\n<meta property=\"og:url\" content=\"https:\/\/psol50.org.br\/psol-pede-medidas-judiciais-ao-mpf-apos-indigenas-denunciarem-censura-na-ebc\/\" \/>\n<meta property=\"og:site_name\" content=\"PSOL 50\" \/>\n<meta property=\"article:publisher\" content=\"https:\/\/www.facebook.com\/psol50\" \/>\n<meta property=\"article:published_time\" content=\"2020-07-20T19:50:03+00:00\" \/>\n<meta property=\"og:image\" content=\"https:\/\/psol50.org.br\/inc\/uploads\/2019\/06\/indigenas-protesto-brasilia-constituicao-750x410-1.jpg\" \/>\n\t<meta property=\"og:image:width\" content=\"750\" \/>\n\t<meta property=\"og:image:height\" content=\"410\" \/>\n\t<meta property=\"og:image:type\" content=\"image\/jpeg\" \/>\n<meta name=\"author\" content=\"Comunica\u00e7\u00e3o PSOL\" \/>\n<meta name=\"twitter:card\" content=\"summary_large_image\" \/>\n<meta name=\"twitter:title\" content=\"PSOL pede medidas judiciais ao MPF ap\u00f3s ind\u00edgenas denunciarem censura na EBC\" \/>\n<meta name=\"twitter:description\" content=\"Apib afirmou que fontes ind\u00edgenas n\u00e3o s\u00e3o escutadas em reportagens e, quando s\u00e3o, passam por censura editorial da EBC.\" \/>\n<meta name=\"twitter:image\" content=\"https:\/\/psol50.org.br\/inc\/uploads\/2019\/06\/indigenas-protesto-brasilia-constituicao-750x410-1.jpg\" \/>\n<meta name=\"twitter:creator\" content=\"@psol50\" \/>\n<meta name=\"twitter:site\" content=\"@psol50\" \/>\n<meta name=\"twitter:label1\" content=\"Escrito por\" \/>\n\t<meta name=\"twitter:data1\" content=\"Comunica\u00e7\u00e3o PSOL\" \/>\n\t<meta name=\"twitter:label2\" content=\"Est. tempo de leitura\" \/>\n\t<meta name=\"twitter:data2\" content=\"1 minuto\" \/>\n<script type=\"application\/ld+json\" class=\"yoast-schema-graph\">{\"@context\":\"https:\/\/schema.org\",\"@graph\":[{\"@type\":\"Article\",\"@id\":\"https:\/\/psol50.org.br\/psol-pede-medidas-judiciais-ao-mpf-apos-indigenas-denunciarem-censura-na-ebc\/#article\",\"isPartOf\":{\"@id\":\"https:\/\/psol50.org.br\/psol-pede-medidas-judiciais-ao-mpf-apos-indigenas-denunciarem-censura-na-ebc\/\"},\"author\":{\"name\":\"Comunica\u00e7\u00e3o PSOL\",\"@id\":\"https:\/\/psol50.org.br\/#\/schema\/person\/475dfa57d0b815993c714c2e96491fcd\"},\"headline\":\"PSOL pede medidas judiciais ao MPF ap\u00f3s ind\u00edgenas denunciarem censura na EBC\",\"datePublished\":\"2020-07-20T19:50:03+00:00\",\"mainEntityOfPage\":{\"@id\":\"https:\/\/psol50.org.br\/psol-pede-medidas-judiciais-ao-mpf-apos-indigenas-denunciarem-censura-na-ebc\/\"},\"wordCount\":253,\"publisher\":{\"@id\":\"https:\/\/psol50.org.br\/#organization\"},\"image\":{\"@id\":\"https:\/\/psol50.org.br\/psol-pede-medidas-judiciais-ao-mpf-apos-indigenas-denunciarem-censura-na-ebc\/#primaryimage\"},\"thumbnailUrl\":\"https:\/\/psol50.org.br\/inc\/uploads\/2019\/06\/indigenas-protesto-brasilia-constituicao-750x410-1.jpg\",\"keywords\":[\"APIB\",\"censura\",\"comunica\u00e7\u00e3o\",\"EBC\",\"Ind\u00edgenas\",\"MPF\",\"PSOL\"],\"articleSection\":[\"A\u00e7\u00e3o Parlamentar\",\"Not\u00edcias\"],\"inLanguage\":\"pt-BR\"},{\"@type\":\"WebPage\",\"@id\":\"https:\/\/psol50.org.br\/psol-pede-medidas-judiciais-ao-mpf-apos-indigenas-denunciarem-censura-na-ebc\/\",\"url\":\"https:\/\/psol50.org.br\/psol-pede-medidas-judiciais-ao-mpf-apos-indigenas-denunciarem-censura-na-ebc\/\",\"name\":\"PSOL pede medidas judiciais ao MPF ap\u00f3s ind\u00edgenas denunciarem censura na EBC\",\"isPartOf\":{\"@id\":\"https:\/\/psol50.org.br\/#website\"},\"primaryImageOfPage\":{\"@id\":\"https:\/\/psol50.org.br\/psol-pede-medidas-judiciais-ao-mpf-apos-indigenas-denunciarem-censura-na-ebc\/#primaryimage\"},\"image\":{\"@id\":\"https:\/\/psol50.org.br\/psol-pede-medidas-judiciais-ao-mpf-apos-indigenas-denunciarem-censura-na-ebc\/#primaryimage\"},\"thumbnailUrl\":\"https:\/\/psol50.org.br\/inc\/uploads\/2019\/06\/indigenas-protesto-brasilia-constituicao-750x410-1.jpg\",\"datePublished\":\"2020-07-20T19:50:03+00:00\",\"description\":\"Apib afirmou que fontes ind\u00edgenas n\u00e3o s\u00e3o escutadas em reportagens e, quando s\u00e3o, passam por censura editorial da EBC.\",\"breadcrumb\":{\"@id\":\"https:\/\/psol50.org.br\/psol-pede-medidas-judiciais-ao-mpf-apos-indigenas-denunciarem-censura-na-ebc\/#breadcrumb\"},\"inLanguage\":\"pt-BR\",\"potentialAction\":[{\"@type\":\"ReadAction\",\"target\":[\"https:\/\/psol50.org.br\/psol-pede-medidas-judiciais-ao-mpf-apos-indigenas-denunciarem-censura-na-ebc\/\"]}]},{\"@type\":\"ImageObject\",\"inLanguage\":\"pt-BR\",\"@id\":\"https:\/\/psol50.org.br\/psol-pede-medidas-judiciais-ao-mpf-apos-indigenas-denunciarem-censura-na-ebc\/#primaryimage\",\"url\":\"https:\/\/psol50.org.br\/inc\/uploads\/2019\/06\/indigenas-protesto-brasilia-constituicao-750x410-1.jpg\",\"contentUrl\":\"https:\/\/psol50.org.br\/inc\/uploads\/2019\/06\/indigenas-protesto-brasilia-constituicao-750x410-1.jpg\",\"width\":750,\"height\":410},{\"@type\":\"BreadcrumbList\",\"@id\":\"https:\/\/psol50.org.br\/psol-pede-medidas-judiciais-ao-mpf-apos-indigenas-denunciarem-censura-na-ebc\/#breadcrumb\",\"itemListElement\":[{\"@type\":\"ListItem\",\"position\":1,\"name\":\"In\u00edcio\",\"item\":\"https:\/\/psol50.org.br\/\"},{\"@type\":\"ListItem\",\"position\":2,\"name\":\"PSOL pede medidas judiciais ao MPF ap\u00f3s ind\u00edgenas denunciarem censura na EBC\"}]},{\"@type\":\"WebSite\",\"@id\":\"https:\/\/psol50.org.br\/#website\",\"url\":\"https:\/\/psol50.org.br\/\",\"name\":\"PSOL 50\",\"description\":\"Site oficial do Partido Socialismo e Liberdade\",\"publisher\":{\"@id\":\"https:\/\/psol50.org.br\/#organization\"},\"alternateName\":\"PSOL50\",\"potentialAction\":[{\"@type\":\"SearchAction\",\"target\":{\"@type\":\"EntryPoint\",\"urlTemplate\":\"https:\/\/psol50.org.br\/?s={search_term_string}\"},\"query-input\":{\"@type\":\"PropertyValueSpecification\",\"valueRequired\":true,\"valueName\":\"search_term_string\"}}],\"inLanguage\":\"pt-BR\"},{\"@type\":\"Organization\",\"@id\":\"https:\/\/psol50.org.br\/#organization\",\"name\":\"PSOL 50\",\"alternateName\":\"PSOL 50\",\"url\":\"https:\/\/psol50.org.br\/\",\"logo\":{\"@type\":\"ImageObject\",\"inLanguage\":\"pt-BR\",\"@id\":\"https:\/\/psol50.org.br\/#\/schema\/logo\/image\/\",\"url\":\"https:\/\/psol50.org.br\/inc\/uploads\/2018\/07\/capa.png\",\"contentUrl\":\"https:\/\/psol50.org.br\/inc\/uploads\/2018\/07\/capa.png\",\"width\":1350,\"height\":900,\"caption\":\"PSOL 50\"},\"image\":{\"@id\":\"https:\/\/psol50.org.br\/#\/schema\/logo\/image\/\"},\"sameAs\":[\"https:\/\/www.facebook.com\/psol50\",\"https:\/\/x.com\/psol50\",\"https:\/\/www.instagram.com\/psol50\/\",\"https:\/\/www.youtube.com\/channel\/UC7SnJS5o1os7a6CaiNabzcg\"]},{\"@type\":\"Person\",\"@id\":\"https:\/\/psol50.org.br\/#\/schema\/person\/475dfa57d0b815993c714c2e96491fcd\",\"name\":\"Comunica\u00e7\u00e3o PSOL\",\"image\":{\"@type\":\"ImageObject\",\"inLanguage\":\"pt-BR\",\"@id\":\"https:\/\/psol50.org.br\/#\/schema\/person\/image\/\",\"url\":\"https:\/\/secure.gravatar.com\/avatar\/b34fc4f4e468a4e51785917065a3db57b841f5c95dba6ad8c73aaf8f66f8f9bf?s=96&d=mm&r=g\",\"contentUrl\":\"https:\/\/secure.gravatar.com\/avatar\/b34fc4f4e468a4e51785917065a3db57b841f5c95dba6ad8c73aaf8f66f8f9bf?s=96&d=mm&r=g\",\"caption\":\"Comunica\u00e7\u00e3o PSOL\"}}]}<\/script>\n<!-- \/ Yoast SEO plugin. -->","yoast_head_json":{"title":"PSOL pede medidas judiciais ao MPF ap\u00f3s ind\u00edgenas denunciarem censura na EBC","description":"Apib afirmou que fontes ind\u00edgenas n\u00e3o s\u00e3o escutadas em reportagens e, quando s\u00e3o, passam por censura editorial da EBC.","robots":{"index":"index","follow":"follow","max-snippet":"max-snippet:-1","max-image-preview":"max-image-preview:large","max-video-preview":"max-video-preview:-1"},"canonical":"https:\/\/psol50.org.br\/psol-pede-medidas-judiciais-ao-mpf-apos-indigenas-denunciarem-censura-na-ebc\/","og_locale":"pt_BR","og_type":"article","og_title":"PSOL pede medidas judiciais ao MPF ap\u00f3s ind\u00edgenas denunciarem censura na EBC","og_description":"Apib afirmou que fontes ind\u00edgenas n\u00e3o s\u00e3o escutadas em reportagens e, quando s\u00e3o, passam por censura editorial da EBC.","og_url":"https:\/\/psol50.org.br\/psol-pede-medidas-judiciais-ao-mpf-apos-indigenas-denunciarem-censura-na-ebc\/","og_site_name":"PSOL 50","article_publisher":"https:\/\/www.facebook.com\/psol50","article_published_time":"2020-07-20T19:50:03+00:00","og_image":[{"width":750,"height":410,"url":"https:\/\/psol50.org.br\/inc\/uploads\/2019\/06\/indigenas-protesto-brasilia-constituicao-750x410-1.jpg","type":"image\/jpeg"}],"author":"Comunica\u00e7\u00e3o PSOL","twitter_card":"summary_large_image","twitter_title":"PSOL pede medidas judiciais ao MPF ap\u00f3s ind\u00edgenas denunciarem censura na EBC","twitter_description":"Apib afirmou que fontes ind\u00edgenas n\u00e3o s\u00e3o escutadas em reportagens e, quando s\u00e3o, passam por censura editorial da EBC.","twitter_image":"https:\/\/psol50.org.br\/inc\/uploads\/2019\/06\/indigenas-protesto-brasilia-constituicao-750x410-1.jpg","twitter_creator":"@psol50","twitter_site":"@psol50","twitter_misc":{"Escrito por":"Comunica\u00e7\u00e3o PSOL","Est. tempo de leitura":"1 minuto"},"schema":{"@context":"https:\/\/schema.org","@graph":[{"@type":"Article","@id":"https:\/\/psol50.org.br\/psol-pede-medidas-judiciais-ao-mpf-apos-indigenas-denunciarem-censura-na-ebc\/#article","isPartOf":{"@id":"https:\/\/psol50.org.br\/psol-pede-medidas-judiciais-ao-mpf-apos-indigenas-denunciarem-censura-na-ebc\/"},"author":{"name":"Comunica\u00e7\u00e3o PSOL","@id":"https:\/\/psol50.org.br\/#\/schema\/person\/475dfa57d0b815993c714c2e96491fcd"},"headline":"PSOL pede medidas judiciais ao MPF ap\u00f3s ind\u00edgenas denunciarem censura na EBC","datePublished":"2020-07-20T19:50:03+00:00","mainEntityOfPage":{"@id":"https:\/\/psol50.org.br\/psol-pede-medidas-judiciais-ao-mpf-apos-indigenas-denunciarem-censura-na-ebc\/"},"wordCount":253,"publisher":{"@id":"https:\/\/psol50.org.br\/#organization"},"image":{"@id":"https:\/\/psol50.org.br\/psol-pede-medidas-judiciais-ao-mpf-apos-indigenas-denunciarem-censura-na-ebc\/#primaryimage"},"thumbnailUrl":"https:\/\/psol50.org.br\/inc\/uploads\/2019\/06\/indigenas-protesto-brasilia-constituicao-750x410-1.jpg","keywords":["APIB","censura","comunica\u00e7\u00e3o","EBC","Ind\u00edgenas","MPF","PSOL"],"articleSection":["A\u00e7\u00e3o Parlamentar","Not\u00edcias"],"inLanguage":"pt-BR"},{"@type":"WebPage","@id":"https:\/\/psol50.org.br\/psol-pede-medidas-judiciais-ao-mpf-apos-indigenas-denunciarem-censura-na-ebc\/","url":"https:\/\/psol50.org.br\/psol-pede-medidas-judiciais-ao-mpf-apos-indigenas-denunciarem-censura-na-ebc\/","name":"PSOL pede medidas judiciais ao MPF ap\u00f3s ind\u00edgenas denunciarem censura na EBC","isPartOf":{"@id":"https:\/\/psol50.org.br\/#website"},"primaryImageOfPage":{"@id":"https:\/\/psol50.org.br\/psol-pede-medidas-judiciais-ao-mpf-apos-indigenas-denunciarem-censura-na-ebc\/#primaryimage"},"image":{"@id":"https:\/\/psol50.org.br\/psol-pede-medidas-judiciais-ao-mpf-apos-indigenas-denunciarem-censura-na-ebc\/#primaryimage"},"thumbnailUrl":"https:\/\/psol50.org.br\/inc\/uploads\/2019\/06\/indigenas-protesto-brasilia-constituicao-750x410-1.jpg","datePublished":"2020-07-20T19:50:03+00:00","description":"Apib afirmou que fontes ind\u00edgenas n\u00e3o s\u00e3o escutadas em reportagens e, quando s\u00e3o, passam por censura editorial da EBC.","breadcrumb":{"@id":"https:\/\/psol50.org.br\/psol-pede-medidas-judiciais-ao-mpf-apos-indigenas-denunciarem-censura-na-ebc\/#breadcrumb"},"inLanguage":"pt-BR","potentialAction":[{"@type":"ReadAction","target":["https:\/\/psol50.org.br\/psol-pede-medidas-judiciais-ao-mpf-apos-indigenas-denunciarem-censura-na-ebc\/"]}]},{"@type":"ImageObject","inLanguage":"pt-BR","@id":"https:\/\/psol50.org.br\/psol-pede-medidas-judiciais-ao-mpf-apos-indigenas-denunciarem-censura-na-ebc\/#primaryimage","url":"https:\/\/psol50.org.br\/inc\/uploads\/2019\/06\/indigenas-protesto-brasilia-constituicao-750x410-1.jpg","contentUrl":"https:\/\/psol50.org.br\/inc\/uploads\/2019\/06\/indigenas-protesto-brasilia-constituicao-750x410-1.jpg","width":750,"height":410},{"@type":"BreadcrumbList","@id":"https:\/\/psol50.org.br\/psol-pede-medidas-judiciais-ao-mpf-apos-indigenas-denunciarem-censura-na-ebc\/#breadcrumb","itemListElement":[{"@type":"ListItem","position":1,"name":"In\u00edcio","item":"https:\/\/psol50.org.br\/"},{"@type":"ListItem","position":2,"name":"PSOL pede medidas judiciais ao MPF ap\u00f3s ind\u00edgenas denunciarem censura na EBC"}]},{"@type":"WebSite","@id":"https:\/\/psol50.org.br\/#website","url":"https:\/\/psol50.org.br\/","name":"PSOL 50","description":"Site oficial do Partido Socialismo e Liberdade","publisher":{"@id":"https:\/\/psol50.org.br\/#organization"},"alternateName":"PSOL50","potentialAction":[{"@type":"SearchAction","target":{"@type":"EntryPoint","urlTemplate":"https:\/\/psol50.org.br\/?s={search_term_string}"},"query-input":{"@type":"PropertyValueSpecification","valueRequired":true,"valueName":"search_term_string"}}],"inLanguage":"pt-BR"},{"@type":"Organization","@id":"https:\/\/psol50.org.br\/#organization","name":"PSOL 50","alternateName":"PSOL 50","url":"https:\/\/psol50.org.br\/","logo":{"@type":"ImageObject","inLanguage":"pt-BR","@id":"https:\/\/psol50.org.br\/#\/schema\/logo\/image\/","url":"https:\/\/psol50.org.br\/inc\/uploads\/2018\/07\/capa.png","contentUrl":"https:\/\/psol50.org.br\/inc\/uploads\/2018\/07\/capa.png","width":1350,"height":900,"caption":"PSOL 50"},"image":{"@id":"https:\/\/psol50.org.br\/#\/schema\/logo\/image\/"},"sameAs":["https:\/\/www.facebook.com\/psol50","https:\/\/x.com\/psol50","https:\/\/www.instagram.com\/psol50\/","https:\/\/www.youtube.com\/channel\/UC7SnJS5o1os7a6CaiNabzcg"]},{"@type":"Person","@id":"https:\/\/psol50.org.br\/#\/schema\/person\/475dfa57d0b815993c714c2e96491fcd","name":"Comunica\u00e7\u00e3o PSOL","image":{"@type":"ImageObject","inLanguage":"pt-BR","@id":"https:\/\/psol50.org.br\/#\/schema\/person\/image\/","url":"https:\/\/secure.gravatar.com\/avatar\/b34fc4f4e468a4e51785917065a3db57b841f5c95dba6ad8c73aaf8f66f8f9bf?s=96&d=mm&r=g","contentUrl":"https:\/\/secure.gravatar.com\/avatar\/b34fc4f4e468a4e51785917065a3db57b841f5c95dba6ad8c73aaf8f66f8f9bf?s=96&d=mm&r=g","caption":"Comunica\u00e7\u00e3o PSOL"}}]}},"_links":{"self":[{"href":"https:\/\/psol50.org.br\/rest\/wp\/v2\/posts\/30148","targetHints":{"allow":["GET"]}}],"collection":[{"href":"https:\/\/psol50.org.br\/rest\/wp\/v2\/posts"}],"about":[{"href":"https:\/\/psol50.org.br\/rest\/wp\/v2\/types\/post"}],"author":[{"embeddable":true,"href":"https:\/\/psol50.org.br\/rest\/wp\/v2\/users\/2"}],"replies":[{"embeddable":true,"href":"https:\/\/psol50.org.br\/rest\/wp\/v2\/comments?post=30148"}],"version-history":[{"count":0,"href":"https:\/\/psol50.org.br\/rest\/wp\/v2\/posts\/30148\/revisions"}],"wp:featuredmedia":[{"embeddable":true,"href":"https:\/\/psol50.org.br\/rest\/wp\/v2\/media\/25580"}],"wp:attachment":[{"href":"https:\/\/psol50.org.br\/rest\/wp\/v2\/media?parent=30148"}],"wp:term":[{"taxonomy":"category","embeddable":true,"href":"https:\/\/psol50.org.br\/rest\/wp\/v2\/categories?post=30148"},{"taxonomy":"post_tag","embeddable":true,"href":"https:\/\/psol50.org.br\/rest\/wp\/v2\/tags?post=30148"}],"curies":[{"name":"wp","href":"https:\/\/api.w.org\/{rel}","templated":true}]}}