{"id":3016,"date":"2014-10-09T00:00:00","date_gmt":"2014-10-09T16:32:45","guid":{"rendered":"http:\/\/psol50.org.br\/arquivo\/2014\/10\/09\/bancada-conservadora-entre-elas-a-ruralista-ganha-mais-forca-na-camara-dos-deputados\/"},"modified":"2014-10-09T00:00:00","modified_gmt":"2014-10-09T16:32:45","slug":"bancada-conservadora-entre-elas-a-ruralista-ganha-mais-forca-na-camara-dos-deputados","status":"publish","type":"post","link":"https:\/\/psol50.org.br\/bancada-conservadora-entre-elas-a-ruralista-ganha-mais-forca-na-camara-dos-deputados\/","title":{"rendered":"Bancada conservadora, entre elas a ruralista, ganha mais for\u00e7a na C\u00e2mara dos Deputados"},"content":{"rendered":"<p class=\"western\" style=\"margin-top: 0cm; margin-bottom: 0cm; font-variant: normal; font-style: normal; line-height: 100%; text-align: justify;\">\n\t<span style=\"font-size:12px;\"><strong><span style=\"font-variant: normal;\"><font color=\"#1a1a1a\"><font face=\"Arial, sans-serif\"><span style=\"font-style: normal;\"><span style=\"font-weight: normal;\"><span style=\"background: none repeat scroll 0% 0% rgb(255, 255, 255);\">Dados da <\/span><\/span><\/span><\/font><\/font><\/span><\/strong><strong><span style=\"font-variant: normal;\"><font color=\"#1a1a1a\"><font face=\"Arial, sans-serif\"><span style=\"font-style: normal;\"><span style=\"font-weight: normal;\"><span style=\"background: none repeat scroll 0% 0% rgb(255, 255, 255);\">Frente Parlamentar da Agropecu\u00e1ria (FPA<\/span><\/span><\/span><\/font><\/font><\/span><\/strong><span style=\"font-variant: normal;\"><font color=\"#1a1a1a\"><font face=\"Arial, sans-serif\"><span style=\"font-style: normal;\"><span style=\"font-weight: normal;\"><span style=\"background: none repeat scroll 0% 0% rgb(255, 255, 255);\">) <\/span><\/span><\/span><\/font><\/font><\/span><span style=\"font-variant: normal;\"><font color=\"#1a1a1a\"><font face=\"Arial, sans-serif\"><span style=\"font-style: normal;\"><span style=\"font-weight: normal;\"><span style=\"background: none repeat scroll 0% 0% rgb(255, 255, 255);\">apontam que os representantes do agroneg\u00f3cio e da pecu\u00e1ria estar\u00e3o em maioria na C\u00e2mara dos Deputados a partir de fevereiro de 2015, quando os parlamentares eleitos no \u00faltimo dia 5 de outubro tomar\u00e3o posse na Casa. Segundo a Frente, <\/span><\/span><\/span><\/font><\/font><\/span><span style=\"font-variant: normal;\"><font color=\"#1a1a1a\"><font face=\"Arial, sans-serif\"><span style=\"font-style: normal;\"><span style=\"font-weight: normal;\"><span style=\"background: none repeat scroll 0% 0% rgb(255, 255, 255);\">os ruralistas aumentar\u00e3o em 33% na pr\u00f3xima legislatura. <\/span><\/span><\/span><\/font><\/font><\/span><span style=\"font-variant: normal;\"><font color=\"#1a1a1a\"><font face=\"Arial, sans-serif\"><span style=\"font-style: normal;\"><span style=\"font-weight: normal;\"><span style=\"background: none repeat scroll 0% 0% rgb(255, 255, 255);\">Atualmente s\u00e3o<\/span><\/span><\/span><\/font><\/font><\/span><span style=\"font-variant: normal;\"><font color=\"#1a1a1a\"><font face=\"Arial, sans-serif\"><span style=\"font-style: normal;\"><span style=\"font-weight: normal;\"><span style=\"background: none repeat scroll 0% 0% rgb(255, 255, 255);\"> 205 deputados e senadores <\/span><\/span><\/span><\/font><\/font><\/span><span style=\"font-variant: normal;\"><font color=\"#1a1a1a\"><font face=\"Arial, sans-serif\"><span style=\"font-style: normal;\"><span style=\"font-weight: normal;\"><span style=\"background: none repeat scroll 0% 0% rgb(255, 255, 255);\">e a partir do ano que vem esse n\u00famero <\/span><\/span><\/span><\/font><\/font><\/span><span style=\"font-variant: normal;\"><font color=\"#1a1a1a\"><font face=\"Arial, sans-serif\"><span style=\"font-style: normal;\"><span style=\"font-weight: normal;\"><span style=\"background: none repeat scroll 0% 0% rgb(255, 255, 255);\">deve<\/span><\/span><\/span><\/font><\/font><\/span><span style=\"font-variant: normal;\"><font color=\"#1a1a1a\"><font face=\"Arial, sans-serif\"><span style=\"font-style: normal;\"><span style=\"font-weight: normal;\"><span style=\"background: none repeat scroll 0% 0% rgb(255, 255, 255);\">r\u00e1<\/span><\/span><\/span><\/font><\/font><\/span><span style=\"font-variant: normal;\"><font color=\"#1a1a1a\"><font face=\"Arial, sans-serif\"><span style=\"font-style: normal;\"><span style=\"font-weight: normal;\"><span style=\"background: none repeat scroll 0% 0% rgb(255, 255, 255);\"> chegar a 273. <\/span><\/span><\/span><\/font><\/font><\/span><span style=\"font-variant: normal;\"><font color=\"#1a1a1a\"><font face=\"Arial, sans-serif\"><span style=\"font-style: normal;\"><span style=\"font-weight: normal;\"><span style=\"background: none repeat scroll 0% 0% rgb(255, 255, 255);\">Entre as prioridades do setor \u00e9<\/span><\/span><\/span><\/font><\/font><\/span><span style=\"font-variant: normal;\"><font color=\"#1a1a1a\"><font face=\"Arial, sans-serif\"><span style=\"font-style: normal;\"><span style=\"font-weight: normal;\"><span style=\"background: none repeat scroll 0% 0% rgb(255, 255, 255);\"> aprovar a&nbsp;<\/span><\/span><\/span><\/font><\/font><\/span><strong><a href=\"http:\/\/www.ihu.unisinos.br\/entrevistas\/523459-pec-215-uma-acao-deliberada-contra-a-constituicao-federal-uma-entrevista-com-daniel-pierri\" target=\"_blank\" rel=\"noopener\"><span style=\"font-variant: normal;\"><font color=\"#e66101\"><span style=\"text-decoration: none;\"><font face=\"Arial, sans-serif\"><span style=\"font-style: normal;\"><b><span style=\"background: none repeat scroll 0% 0% rgb(255, 255, 255);\">Proposta de Emenda Constitucional (PEC) 215\/2000<\/span><\/b><\/span><\/font><\/span><\/font><\/span><\/a><\/strong><span style=\"font-variant: normal;\"><font color=\"#1a1a1a\"><font face=\"Arial, sans-serif\"><span style=\"font-style: normal;\"><span style=\"font-weight: normal;\"><span style=\"background: none repeat scroll 0% 0% rgb(255, 255, 255);\">, que transfere para o Legislativo a decis\u00e3o sobre a demarca\u00e7\u00e3o de terras ind\u00edgenas.<\/span><\/span><\/span><\/font><\/font><\/span><\/p>\n<p>\t<span style=\"font-variant: normal;\"><font color=\"#1a1a1a\"><font face=\"Arial, sans-serif\"><span style=\"font-style: normal;\"><span style=\"font-weight: normal;\"><span style=\"background: none repeat scroll 0% 0% rgb(255, 255, 255);\">Somente n<\/span><\/span><\/span><\/font><\/font><\/span><span style=\"font-variant: normal;\"><font color=\"#1a1a1a\"><font face=\"Arial, sans-serif\"><span style=\"font-style: normal;\"><span style=\"font-weight: normal;\"><span style=\"background: none repeat scroll 0% 0% rgb(255, 255, 255);\">a C\u00e2mara dos Deputados a&nbsp;<\/span><\/span><\/span><\/font><\/font><\/span><strong><span style=\"font-variant: normal;\"><font color=\"#1a1a1a\"><font face=\"Arial, sans-serif\"><span style=\"font-style: normal;\"><span style=\"font-weight: normal;\"><span style=\"background: none repeat scroll 0% 0% rgb(255, 255, 255);\">FPA<\/span><\/span><\/span><\/font><\/font><\/span><\/strong><span style=\"font-variant: normal;\"><font color=\"#1a1a1a\"><font face=\"Arial, sans-serif\"><span style=\"font-style: normal;\"><span style=\"font-weight: normal;\"><span style=\"background: none repeat scroll 0% 0% rgb(255, 255, 255);\">&nbsp;conta com o apoio de 191 parlamentares <\/span><\/span><\/span><\/font><\/font><\/span><span style=\"font-variant: normal;\"><font color=\"#1a1a1a\"><font face=\"Arial, sans-serif\"><span style=\"font-style: normal;\"><span style=\"font-weight: normal;\"><span style=\"background: none repeat scroll 0% 0% rgb(255, 255, 255);\">e, na pr\u00f3xima legislatura,<\/span><\/span><\/span><\/font><\/font><\/span><span style=\"font-variant: normal;\"><font color=\"#1a1a1a\"><font face=\"Arial, sans-serif\"><span style=\"font-style: normal;\"><span style=\"font-weight: normal;\"><span style=\"background: none repeat scroll 0% 0% rgb(255, 255, 255);\"> <\/span><\/span><\/span><\/font><\/font><\/span><span style=\"font-variant: normal;\"><font color=\"#1a1a1a\"><font face=\"Arial, sans-serif\"><span style=\"font-style: normal;\"><span style=\"font-weight: normal;\"><span style=\"background: none repeat scroll 0% 0% rgb(255, 255, 255);\">passar\u00e1 a contar com <\/span><\/span><\/span><\/font><\/font><\/span><span style=\"font-variant: normal;\"><font color=\"#1a1a1a\"><font face=\"Arial, sans-serif\"><span style=\"font-style: normal;\"><span style=\"font-weight: normal;\"><span style=\"background: none repeat scroll 0% 0% rgb(255, 255, 255);\">257 representantes, contra 256 deputados n\u00e3o ruralistas. No Senado Federal, o percentual \u00e9 menor, mas o grupo aumentar\u00e1 de 14 senadores para 16.<\/span><\/span><\/span><\/font><\/font><\/span><\/p>\n<p>\t<span style=\"font-variant: normal;\"><font color=\"#1a1a1a\"><font face=\"Arial, sans-serif\"><span style=\"font-style: normal;\"><span style=\"font-weight: normal;\"><span style=\"background: none repeat scroll 0% 0% rgb(255, 255, 255);\">De acordo com mat\u00e9ria publicada no jornal Valor Econ\u00f4mico, o<\/span><\/span><\/span><\/font><\/font><\/span><span style=\"font-variant: normal;\"><font color=\"#1a1a1a\"><font face=\"Arial, sans-serif\"><span style=\"font-style: normal;\"><span style=\"font-weight: normal;\"><span style=\"background: none repeat scroll 0% 0% rgb(255, 255, 255);\"> balan\u00e7o foi feito pela&nbsp;<\/span><\/span><\/span><\/font><\/font><\/span><strong><span style=\"font-variant: normal;\"><font color=\"#1a1a1a\"><font face=\"Arial, sans-serif\"><span style=\"font-style: normal;\"><span style=\"font-weight: normal;\"><span style=\"background: none repeat scroll 0% 0% rgb(255, 255, 255);\">FPA<\/span><\/span><\/span><\/font><\/font><\/span><\/strong><span style=\"font-variant: normal;\"><font color=\"#1a1a1a\"><font face=\"Arial, sans-serif\"><span style=\"font-style: normal;\"><span style=\"font-weight: normal;\"><span style=\"background: none repeat scroll 0% 0% rgb(255, 255, 255);\">&nbsp;com base no n\u00famero de parlamentares reeleitos e nos de primeiro mandato que t\u00eam perfil ligado ao setor e j\u00e1 declararam presen\u00e7a na bancada. Segundo o presidente da frente, deputado&nbsp;<\/span><\/span><\/span><\/font><\/font><\/span><strong><span style=\"font-variant: normal;\"><font color=\"#1a1a1a\"><font face=\"Arial, sans-serif\"><span style=\"font-style: normal;\"><span style=\"font-weight: normal;\"><span style=\"background: none repeat scroll 0% 0% rgb(255, 255, 255);\">Lu\u00eds Carlos Heinze<\/span><\/span><\/span><\/font><\/font><\/span><\/strong><span style=\"font-variant: normal;\"><font color=\"#1a1a1a\"><font face=\"Arial, sans-serif\"><span style=\"font-style: normal;\"><span style=\"font-weight: normal;\"><span style=\"background: none repeat scroll 0% 0% rgb(255, 255, 255);\">&nbsp;(PP-RS), 139 ruralistas foram reeleitos e 118 novatos j\u00e1 assinaram ades\u00e3o ao grupo.<\/span><\/span><\/span><\/font><\/font><\/span><\/p>\n<p>\t<span style=\"font-variant: normal;\"><font color=\"#1a1a1a\"><font face=\"Arial, sans-serif\"><span style=\"font-style: normal;\"><span style=\"font-weight: normal;\"><span style=\"background: none repeat scroll 0% 0% rgb(255, 255, 255);\">&#8220;N\u00e3o estamos preocupados com quantidade. Se tivermos 50 atuantes \u00e9 o que vale&#8221;, afirma&nbsp;<\/span><\/span><\/span><\/font><\/font><\/span><strong><span style=\"font-variant: normal;\"><font color=\"#1a1a1a\"><font face=\"Arial, sans-serif\"><span style=\"font-style: normal;\"><span style=\"font-weight: normal;\"><span style=\"background: none repeat scroll 0% 0% rgb(255, 255, 255);\">Heinze<\/span><\/span><\/span><\/font><\/font><\/span><\/strong><span style=\"font-variant: normal;\"><font color=\"#1a1a1a\"><font face=\"Arial, sans-serif\"><span style=\"font-style: normal;\"><span style=\"font-weight: normal;\"><span style=\"background: none repeat scroll 0% 0% rgb(255, 255, 255);\">. O deputado diz que a bancada pautar\u00e1 debates sobre a redu\u00e7\u00e3o da carga tribut\u00e1ria sobre alimentos que n\u00e3o s\u00f3 os da cesta b\u00e1sica, amplia\u00e7\u00e3o de energia el\u00e9trica no meio rural e desburocratiza\u00e7\u00e3o do sistema de irriga\u00e7\u00e3o.<\/span><\/span><\/span><\/font><\/font><\/span><\/p>\n<p>\t<span style=\"font-variant: normal;\"><font color=\"#1a1a1a\"><font face=\"Arial, sans-serif\"><span style=\"font-style: normal;\"><span style=\"font-weight: normal;\"><span style=\"background: none repeat scroll 0% 0% rgb(255, 255, 255);\">A&nbsp;<\/span><\/span><\/span><\/font><\/font><\/span><strong><span style=\"font-variant: normal;\"><font color=\"#1a1a1a\"><font face=\"Arial, sans-serif\"><span style=\"font-style: normal;\"><span style=\"font-weight: normal;\"><span style=\"background: none repeat scroll 0% 0% rgb(255, 255, 255);\">PEC 215<\/span><\/span><\/span><\/font><\/font><\/span><\/strong><span style=\"font-variant: normal;\"><font color=\"#1a1a1a\"><font face=\"Arial, sans-serif\"><span style=\"font-style: normal;\"><span style=\"font-weight: normal;\"><span style=\"background: none repeat scroll 0% 0% rgb(255, 255, 255);\">&nbsp;\u00e9 outra prioridade, mas o n\u00famero de ruralistas n\u00e3o \u00e9 suficiente para aprovar a proposta sem apoio de outros grupos &#8211; \u00e9 necess\u00e1rio o voto favor\u00e1vel de 308 deputados. &#8220;A bancada est\u00e1 fortalecida e a principal bandeira \u00e9 resolver a quest\u00e3o fundi\u00e1ria&#8221;, diz&nbsp;<\/span><\/span><\/span><\/font><\/font><\/span><strong><span style=\"font-variant: normal;\"><font color=\"#1a1a1a\"><font face=\"Arial, sans-serif\"><span style=\"font-style: normal;\"><span style=\"font-weight: normal;\"><span style=\"background: none repeat scroll 0% 0% rgb(255, 255, 255);\">Valdir Colatto<\/span><\/span><\/span><\/font><\/font><\/span><\/strong><span style=\"font-variant: normal;\"><font color=\"#1a1a1a\"><font face=\"Arial, sans-serif\"><span style=\"font-style: normal;\"><span style=\"font-weight: normal;\"><span style=\"background: none repeat scroll 0% 0% rgb(255, 255, 255);\">&nbsp;(PMDB-SC).<\/span><\/span><\/span><\/font><\/font><\/span><\/p>\n<p>\t<span style=\"font-variant: normal;\"><font color=\"#1a1a1a\"><font face=\"Arial, sans-serif\"><span style=\"font-style: normal;\"><span style=\"font-weight: normal;\"><span style=\"background: none repeat scroll 0% 0% rgb(255, 255, 255);\">Outra bancada com for\u00e7a \u00e9 a evang\u00e9lica, que contar\u00e1 com pelo menos 53 deputados a partir de 2015, de acordo com levantamento parcial do&nbsp;<\/span><\/span><\/span><\/font><\/font><\/span><strong><span style=\"font-variant: normal;\"><font color=\"#1a1a1a\"><font face=\"Arial, sans-serif\"><span style=\"font-style: normal;\"><span style=\"font-weight: normal;\"><span style=\"background: none repeat scroll 0% 0% rgb(255, 255, 255);\">Departamento Intersindical de Assessoria Parlamentar (Diap)<\/span><\/span><\/span><\/font><\/font><\/span><\/strong><span style=\"font-variant: normal;\"><font color=\"#1a1a1a\"><font face=\"Arial, sans-serif\"><span style=\"font-style: normal;\"><span style=\"font-weight: normal;\"><span style=\"background: none repeat scroll 0% 0% rgb(255, 255, 255);\">. Por enquanto, \u00e9 menos do que os 70 eleitos em 2010, mas&nbsp;<\/span><\/span><\/span><\/font><\/font><\/span><strong><span style=\"font-variant: normal;\"><font color=\"#1a1a1a\"><font face=\"Arial, sans-serif\"><span style=\"font-style: normal;\"><span style=\"font-weight: normal;\"><span style=\"background: none repeat scroll 0% 0% rgb(255, 255, 255);\">Ant\u00f4nio <\/span><\/span><\/span><\/font><\/font><\/span><\/strong><strong><span style=\"font-variant: normal;\"><font color=\"#1a1a1a\"><font face=\"Arial, sans-serif\"><span style=\"font-style: normal;\"><span style=\"font-weight: normal;\"><span style=\"background: none repeat scroll 0% 0% rgb(255, 255, 255);\">Augusto <\/span><\/span><\/span><\/font><\/font><\/span><\/strong><strong><span style=\"font-variant: normal;\"><font color=\"#1a1a1a\"><font face=\"Arial, sans-serif\"><span style=\"font-style: normal;\"><span style=\"font-weight: normal;\"><span style=\"background: none repeat scroll 0% 0% rgb(255, 255, 255);\">Queiroz<\/span><\/span><\/span><\/font><\/font><\/span><\/strong><span style=\"font-variant: normal;\"><font color=\"#1a1a1a\"><font face=\"Arial, sans-serif\"><span style=\"font-style: normal;\"><span style=\"font-weight: normal;\"><span style=\"background: none repeat scroll 0% 0% rgb(255, 255, 255);\">, diretor do Diap, diz que a estimava \u00e9 que o grupo seja maior.<\/span><\/span><\/span><\/font><\/font><\/span><\/p>\n<p>\t<span style=\"font-variant: normal;\"><font color=\"#1a1a1a\"><font face=\"Arial, sans-serif\"><span style=\"font-style: normal;\"><span style=\"font-weight: normal;\"><span style=\"background: none repeat scroll 0% 0% rgb(255, 255, 255);\">Os dados do&nbsp;<\/span><\/span><\/span><\/font><\/font><\/span><strong><span style=\"font-variant: normal;\"><font color=\"#1a1a1a\"><font face=\"Arial, sans-serif\"><span style=\"font-style: normal;\"><span style=\"font-weight: normal;\"><span style=\"background: none repeat scroll 0% 0% rgb(255, 255, 255);\">Diap<\/span><\/span><\/span><\/font><\/font><\/span><\/strong><span style=\"font-variant: normal;\"><font color=\"#1a1a1a\"><font face=\"Arial, sans-serif\"><span style=\"font-style: normal;\"><span style=\"font-weight: normal;\"><span style=\"background: none repeat scroll 0% 0% rgb(255, 255, 255);\">&nbsp;mostram que a bancada est\u00e1 distribu\u00edda por 17 partidos. A legenda com mais integrantes \u00e9 o&nbsp;<\/span><\/span><\/span><\/font><\/font><\/span><strong><span style=\"font-variant: normal;\"><font color=\"#1a1a1a\"><font face=\"Arial, sans-serif\"><span style=\"font-style: normal;\"><span style=\"font-weight: normal;\"><span style=\"background: none repeat scroll 0% 0% rgb(255, 255, 255);\">PSC<\/span><\/span><\/span><\/font><\/font><\/span><\/strong><span style=\"font-variant: normal;\"><font color=\"#1a1a1a\"><font face=\"Arial, sans-serif\"><span style=\"font-style: normal;\"><span style=\"font-weight: normal;\"><span style=\"background: none repeat scroll 0% 0% rgb(255, 255, 255);\">, <\/span><\/span><\/span><\/font><\/font><\/span><span style=\"font-variant: normal;\"><font color=\"#1a1a1a\"><font face=\"Arial, sans-serif\"><span style=\"font-style: normal;\"><span style=\"font-weight: normal;\"><span style=\"background: none repeat scroll 0% 0% rgb(255, 255, 255);\">partido do Pastor Marco Feliciano, <\/span><\/span><\/span><\/font><\/font><\/span><span style=\"font-variant: normal;\"><font color=\"#1a1a1a\"><font face=\"Arial, sans-serif\"><span style=\"font-style: normal;\"><span style=\"font-weight: normal;\"><span style=\"background: none repeat scroll 0% 0% rgb(255, 255, 255);\">com sete (equivalente a 58% dos deputados da sigla<\/span><\/span><\/span><\/font><\/font><\/span><span style=\"font-variant: normal;\"><font color=\"#1a1a1a\"><font face=\"Arial, sans-serif\"><span style=\"font-style: normal;\"><span style=\"font-weight: normal;\"><span style=\"background: none repeat scroll 0% 0% rgb(255, 255, 255);\">)<\/span><\/span><\/span><\/font><\/font><\/span><span style=\"font-variant: normal;\"><font color=\"#1a1a1a\"><font face=\"Arial, sans-serif\"><span style=\"font-style: normal;\"><span style=\"font-weight: normal;\"><span style=\"background: none repeat scroll 0% 0% rgb(255, 255, 255);\">.&nbsp;<\/span><\/span><\/span><\/font><\/font><\/span><strong><span style=\"font-variant: normal;\"><font color=\"#1a1a1a\"><font face=\"Arial, sans-serif\"><span style=\"font-style: normal;\"><span style=\"font-weight: normal;\"><span style=\"background: none repeat scroll 0% 0% rgb(255, 255, 255);\">PR<\/span><\/span><\/span><\/font><\/font><\/span><\/strong><span style=\"font-variant: normal;\"><font color=\"#1a1a1a\"><font face=\"Arial, sans-serif\"><span style=\"font-style: normal;\"><span style=\"font-weight: normal;\"><span style=\"background: none repeat scroll 0% 0% rgb(255, 255, 255);\">&nbsp;e&nbsp;<\/span><\/span><\/span><\/font><\/font><\/span><strong><span style=\"font-variant: normal;\"><font color=\"#1a1a1a\"><font face=\"Arial, sans-serif\"><span style=\"font-style: normal;\"><span style=\"font-weight: normal;\"><span style=\"background: none repeat scroll 0% 0% rgb(255, 255, 255);\">PRB<\/span><\/span><\/span><\/font><\/font><\/span><\/strong><span style=\"font-variant: normal;\"><font color=\"#1a1a1a\"><font face=\"Arial, sans-serif\"><span style=\"font-style: normal;\"><span style=\"font-weight: normal;\"><span style=\"background: none repeat scroll 0% 0% rgb(255, 255, 255);\">&nbsp;t\u00eam seis deputados cada.<\/span><\/span><\/span><\/font><\/font><\/span><\/p>\n<p>\t<span style=\"font-variant: normal;\"><font color=\"#1a1a1a\"><font face=\"Arial, sans-serif\"><span style=\"font-style: normal;\"><span style=\"font-weight: normal;\"><span style=\"background: none repeat scroll 0% 0% rgb(255, 255, 255);\">O n\u00famero de parlamentares com origem no movimento sindical<\/span><\/span><\/span><\/font><\/font><\/span><span style=\"font-variant: normal;\"><font color=\"#1a1a1a\"><font face=\"Arial, sans-serif\"><span style=\"font-style: normal;\"><span style=\"font-weight: normal;\"><span style=\"background: none repeat scroll 0% 0% rgb(255, 255, 255);\"> <\/span><\/span><\/span><\/font><\/font><\/span><span style=\"font-variant: normal;\"><font color=\"#1a1a1a\"><font face=\"Arial, sans-serif\"><span style=\"font-style: normal;\"><span style=\"font-weight: normal;\"><span style=\"background: none repeat scroll 0% 0% rgb(255, 255, 255);\">caiu <\/span><\/span><\/span><\/font><\/font><\/span><span style=\"font-variant: normal;\"><font color=\"#1a1a1a\"><font face=\"Arial, sans-serif\"><span style=\"font-style: normal;\"><span style=\"font-weight: normal;\"><span style=\"background: none repeat scroll 0% 0% rgb(255, 255, 255);\">de 83 deputados para 46. <\/span><\/span><\/span><\/font><\/font><\/span><span style=\"font-variant: normal;\"><font color=\"#1a1a1a\"><font face=\"Arial, sans-serif\"><span style=\"font-style: normal;\"><span style=\"font-weight: normal;\"><span style=\"background: none repeat scroll 0% 0% rgb(255, 255, 255);\">Ainda segundo mat\u00e9ria do Valor, c<\/span><\/span><\/span><\/font><\/font><\/span><span style=\"font-variant: normal;\"><font color=\"#1a1a1a\"><font face=\"Arial, sans-serif\"><span style=\"font-style: normal;\"><span style=\"font-weight: normal;\"><span style=\"background: none repeat scroll 0% 0% rgb(255, 255, 255);\">inco deputados federais eleitos receberam recursos da ind\u00fastria armamentista nesta elei\u00e7\u00e3o, <\/span><\/span><\/span><\/font><\/font><\/span><span style=\"font-variant: normal;\"><font color=\"#1a1a1a\"><font face=\"Arial, sans-serif\"><span style=\"font-style: normal;\"><span style=\"font-weight: normal;\"><span style=\"background: none repeat scroll 0% 0% rgb(255, 255, 255);\">conforme apontou<\/span><\/span><\/span><\/font><\/font><\/span><span style=\"font-variant: normal;\"><font color=\"#1a1a1a\"><font face=\"Arial, sans-serif\"><span style=\"font-style: normal;\"><span style=\"font-weight: normal;\"><span style=\"background: none repeat scroll 0% 0% rgb(255, 255, 255);\"> levantamento do&nbsp;<\/span><\/span><\/span><\/font><\/font><\/span><strong><span style=\"font-variant: normal;\"><font color=\"#1a1a1a\"><font face=\"Arial, sans-serif\"><span style=\"font-style: normal;\"><span style=\"font-weight: normal;\"><span style=\"background: none repeat scroll 0% 0% rgb(255, 255, 255);\">Instituto Sou da Paz<\/span><\/span><\/span><\/font><\/font><\/span><\/strong><span style=\"font-variant: normal;\"><font color=\"#1a1a1a\"><font face=\"Arial, sans-serif\"><span style=\"font-style: normal;\"><span style=\"font-weight: normal;\"><span style=\"background: none repeat scroll 0% 0% rgb(255, 255, 255);\">&nbsp;nas presta\u00e7\u00f5es de contas parciais do Tribunal Superior Eleitoral (TSE). As doa\u00e7\u00f5es feitas no \u00faltimo m\u00eas de campanha, por\u00e9m, s\u00f3 ser\u00e3o conhecidas em 30 de outubro. Outros 13 deputados que registraram contribui\u00e7\u00f5es do setor em 2010 foram reeleitos agora.<\/span><\/span><\/span><\/font><\/font><\/span><\/p>\n<p>\t<span style=\"font-variant: normal;\"><font color=\"#1a1a1a\"><font face=\"Arial, sans-serif\"><span style=\"font-style: normal;\"><span style=\"font-weight: normal;\"><span style=\"background: none repeat scroll 0% 0% rgb(255, 255, 255);\">Os dados levantados apontam que os desafios dos cinco deputados do PSOL eleitos no \u00faltimo domingo (05) ser\u00e3o ainda maiores a partir do ano que vem. Ivan Valente (SP), Chico Alencar (RJ), Jean Wyllys (RJ), Edmilson Rodrigues (PA) e Cabo Daciolo (RJ) <\/span><\/span><\/span><\/font><\/font><\/span><span style=\"font-variant: normal;\"><font color=\"#1a1a1a\"><font face=\"Arial, sans-serif\"><span style=\"font-style: normal;\"><span style=\"font-weight: normal;\"><span style=\"background: none repeat scroll 0% 0% rgb(255, 255, 255);\">defender\u00e3o, com firmeza, as bandeiras hist\u00f3ricas do PSOL por mais direitos e enfrentar\u00e3o os representantes dos setores ligados ao atraso, incluindo as bancadas ruralista, da bala, evang\u00e9lica, empresarial, da bola e dos donos dos meios de comunica\u00e7\u00e3o, para que n\u00e3o haja retrocessos contra os interesses da popula\u00e7\u00e3o oprimida. <\/span><\/span><\/span><\/font><\/font><\/span><\/span><\/p>\n<p style=\"margin-bottom: 0cm; line-height: 100%\">\n\t&nbsp;<\/p>\n","protected":false},"excerpt":{"rendered":"<p>Desafios dos cinco deputados do PSOL ser\u00e3o ainda maior, na defesa de mais direitos<\/p>\n","protected":false},"author":2,"featured_media":0,"comment_status":"open","ping_status":"open","sticky":false,"template":"","format":"standard","meta":{"_acf_changed":false,"footnotes":""},"categories":[4766,6],"tags":[],"class_list":{"0":"post-3016","1":"post","2":"type-post","3":"status-publish","4":"format-standard","6":"category-arquivo","7":"category-noticias"},"acf":[],"yoast_head":"<!-- This site is optimized with the Yoast SEO plugin v26.5 - https:\/\/yoast.com\/wordpress\/plugins\/seo\/ -->\n<title>Bancada conservadora, entre elas a ruralista, ganha mais for\u00e7a na C\u00e2mara dos Deputados - PSOL 50<\/title>\n<meta name=\"robots\" content=\"index, follow, max-snippet:-1, max-image-preview:large, max-video-preview:-1\" \/>\n<link rel=\"canonical\" href=\"https:\/\/psol50.org.br\/bancada-conservadora-entre-elas-a-ruralista-ganha-mais-forca-na-camara-dos-deputados\/\" \/>\n<meta property=\"og:locale\" content=\"pt_BR\" \/>\n<meta property=\"og:type\" content=\"article\" \/>\n<meta property=\"og:title\" content=\"Bancada conservadora, entre elas a ruralista, ganha mais for\u00e7a na C\u00e2mara dos Deputados - PSOL 50\" \/>\n<meta property=\"og:description\" content=\"Desafios dos cinco deputados do PSOL ser\u00e3o ainda maior, na defesa de mais direitos\" \/>\n<meta property=\"og:url\" content=\"https:\/\/psol50.org.br\/bancada-conservadora-entre-elas-a-ruralista-ganha-mais-forca-na-camara-dos-deputados\/\" \/>\n<meta property=\"og:site_name\" content=\"PSOL 50\" \/>\n<meta property=\"article:publisher\" content=\"https:\/\/www.facebook.com\/psol50\" \/>\n<meta property=\"article:published_time\" content=\"2014-10-09T16:32:45+00:00\" \/>\n<meta property=\"og:image\" content=\"https:\/\/psol50.org.br\/inc\/uploads\/2018\/07\/capa.png\" \/>\n\t<meta property=\"og:image:width\" content=\"1350\" \/>\n\t<meta property=\"og:image:height\" content=\"900\" \/>\n\t<meta property=\"og:image:type\" content=\"image\/png\" \/>\n<meta name=\"author\" content=\"Comunica\u00e7\u00e3o PSOL\" \/>\n<meta name=\"twitter:card\" content=\"summary_large_image\" \/>\n<meta name=\"twitter:creator\" content=\"@psol50\" \/>\n<meta name=\"twitter:site\" content=\"@psol50\" \/>\n<meta name=\"twitter:label1\" content=\"Escrito por\" \/>\n\t<meta name=\"twitter:data1\" content=\"Comunica\u00e7\u00e3o PSOL\" \/>\n\t<meta name=\"twitter:label2\" content=\"Est. tempo de leitura\" \/>\n\t<meta name=\"twitter:data2\" content=\"3 minutos\" \/>\n<script type=\"application\/ld+json\" class=\"yoast-schema-graph\">{\"@context\":\"https:\/\/schema.org\",\"@graph\":[{\"@type\":\"Article\",\"@id\":\"https:\/\/psol50.org.br\/bancada-conservadora-entre-elas-a-ruralista-ganha-mais-forca-na-camara-dos-deputados\/#article\",\"isPartOf\":{\"@id\":\"https:\/\/psol50.org.br\/bancada-conservadora-entre-elas-a-ruralista-ganha-mais-forca-na-camara-dos-deputados\/\"},\"author\":{\"name\":\"Comunica\u00e7\u00e3o PSOL\",\"@id\":\"https:\/\/psol50.org.br\/#\/schema\/person\/475dfa57d0b815993c714c2e96491fcd\"},\"headline\":\"Bancada conservadora, entre elas a ruralista, ganha mais for\u00e7a na C\u00e2mara dos Deputados\",\"datePublished\":\"2014-10-09T16:32:45+00:00\",\"mainEntityOfPage\":{\"@id\":\"https:\/\/psol50.org.br\/bancada-conservadora-entre-elas-a-ruralista-ganha-mais-forca-na-camara-dos-deputados\/\"},\"wordCount\":639,\"commentCount\":0,\"publisher\":{\"@id\":\"https:\/\/psol50.org.br\/#organization\"},\"articleSection\":[\"Arquivo\",\"Not\u00edcias\"],\"inLanguage\":\"pt-BR\",\"potentialAction\":[{\"@type\":\"CommentAction\",\"name\":\"Comment\",\"target\":[\"https:\/\/psol50.org.br\/bancada-conservadora-entre-elas-a-ruralista-ganha-mais-forca-na-camara-dos-deputados\/#respond\"]}]},{\"@type\":\"WebPage\",\"@id\":\"https:\/\/psol50.org.br\/bancada-conservadora-entre-elas-a-ruralista-ganha-mais-forca-na-camara-dos-deputados\/\",\"url\":\"https:\/\/psol50.org.br\/bancada-conservadora-entre-elas-a-ruralista-ganha-mais-forca-na-camara-dos-deputados\/\",\"name\":\"Bancada conservadora, entre elas a ruralista, ganha mais for\u00e7a na C\u00e2mara dos Deputados - PSOL 50\",\"isPartOf\":{\"@id\":\"https:\/\/psol50.org.br\/#website\"},\"datePublished\":\"2014-10-09T16:32:45+00:00\",\"breadcrumb\":{\"@id\":\"https:\/\/psol50.org.br\/bancada-conservadora-entre-elas-a-ruralista-ganha-mais-forca-na-camara-dos-deputados\/#breadcrumb\"},\"inLanguage\":\"pt-BR\",\"potentialAction\":[{\"@type\":\"ReadAction\",\"target\":[\"https:\/\/psol50.org.br\/bancada-conservadora-entre-elas-a-ruralista-ganha-mais-forca-na-camara-dos-deputados\/\"]}]},{\"@type\":\"BreadcrumbList\",\"@id\":\"https:\/\/psol50.org.br\/bancada-conservadora-entre-elas-a-ruralista-ganha-mais-forca-na-camara-dos-deputados\/#breadcrumb\",\"itemListElement\":[{\"@type\":\"ListItem\",\"position\":1,\"name\":\"In\u00edcio\",\"item\":\"https:\/\/psol50.org.br\/\"},{\"@type\":\"ListItem\",\"position\":2,\"name\":\"Bancada conservadora, entre elas a ruralista, ganha mais for\u00e7a na C\u00e2mara dos Deputados\"}]},{\"@type\":\"WebSite\",\"@id\":\"https:\/\/psol50.org.br\/#website\",\"url\":\"https:\/\/psol50.org.br\/\",\"name\":\"PSOL 50\",\"description\":\"Site oficial do Partido Socialismo e Liberdade\",\"publisher\":{\"@id\":\"https:\/\/psol50.org.br\/#organization\"},\"alternateName\":\"PSOL50\",\"potentialAction\":[{\"@type\":\"SearchAction\",\"target\":{\"@type\":\"EntryPoint\",\"urlTemplate\":\"https:\/\/psol50.org.br\/?s={search_term_string}\"},\"query-input\":{\"@type\":\"PropertyValueSpecification\",\"valueRequired\":true,\"valueName\":\"search_term_string\"}}],\"inLanguage\":\"pt-BR\"},{\"@type\":\"Organization\",\"@id\":\"https:\/\/psol50.org.br\/#organization\",\"name\":\"PSOL 50\",\"alternateName\":\"PSOL 50\",\"url\":\"https:\/\/psol50.org.br\/\",\"logo\":{\"@type\":\"ImageObject\",\"inLanguage\":\"pt-BR\",\"@id\":\"https:\/\/psol50.org.br\/#\/schema\/logo\/image\/\",\"url\":\"https:\/\/psol50.org.br\/inc\/uploads\/2018\/07\/capa.png\",\"contentUrl\":\"https:\/\/psol50.org.br\/inc\/uploads\/2018\/07\/capa.png\",\"width\":1350,\"height\":900,\"caption\":\"PSOL 50\"},\"image\":{\"@id\":\"https:\/\/psol50.org.br\/#\/schema\/logo\/image\/\"},\"sameAs\":[\"https:\/\/www.facebook.com\/psol50\",\"https:\/\/x.com\/psol50\",\"https:\/\/www.instagram.com\/psol50\/\",\"https:\/\/www.youtube.com\/channel\/UC7SnJS5o1os7a6CaiNabzcg\"]},{\"@type\":\"Person\",\"@id\":\"https:\/\/psol50.org.br\/#\/schema\/person\/475dfa57d0b815993c714c2e96491fcd\",\"name\":\"Comunica\u00e7\u00e3o PSOL\",\"image\":{\"@type\":\"ImageObject\",\"inLanguage\":\"pt-BR\",\"@id\":\"https:\/\/psol50.org.br\/#\/schema\/person\/image\/\",\"url\":\"https:\/\/secure.gravatar.com\/avatar\/b34fc4f4e468a4e51785917065a3db57b841f5c95dba6ad8c73aaf8f66f8f9bf?s=96&d=mm&r=g\",\"contentUrl\":\"https:\/\/secure.gravatar.com\/avatar\/b34fc4f4e468a4e51785917065a3db57b841f5c95dba6ad8c73aaf8f66f8f9bf?s=96&d=mm&r=g\",\"caption\":\"Comunica\u00e7\u00e3o PSOL\"}}]}<\/script>\n<!-- \/ Yoast SEO plugin. -->","yoast_head_json":{"title":"Bancada conservadora, entre elas a ruralista, ganha mais for\u00e7a na C\u00e2mara dos Deputados - PSOL 50","robots":{"index":"index","follow":"follow","max-snippet":"max-snippet:-1","max-image-preview":"max-image-preview:large","max-video-preview":"max-video-preview:-1"},"canonical":"https:\/\/psol50.org.br\/bancada-conservadora-entre-elas-a-ruralista-ganha-mais-forca-na-camara-dos-deputados\/","og_locale":"pt_BR","og_type":"article","og_title":"Bancada conservadora, entre elas a ruralista, ganha mais for\u00e7a na C\u00e2mara dos Deputados - PSOL 50","og_description":"Desafios dos cinco deputados do PSOL ser\u00e3o ainda maior, na defesa de mais direitos","og_url":"https:\/\/psol50.org.br\/bancada-conservadora-entre-elas-a-ruralista-ganha-mais-forca-na-camara-dos-deputados\/","og_site_name":"PSOL 50","article_publisher":"https:\/\/www.facebook.com\/psol50","article_published_time":"2014-10-09T16:32:45+00:00","og_image":[{"width":1350,"height":900,"url":"https:\/\/psol50.org.br\/inc\/uploads\/2018\/07\/capa.png","type":"image\/png"}],"author":"Comunica\u00e7\u00e3o PSOL","twitter_card":"summary_large_image","twitter_creator":"@psol50","twitter_site":"@psol50","twitter_misc":{"Escrito por":"Comunica\u00e7\u00e3o PSOL","Est. tempo de leitura":"3 minutos"},"schema":{"@context":"https:\/\/schema.org","@graph":[{"@type":"Article","@id":"https:\/\/psol50.org.br\/bancada-conservadora-entre-elas-a-ruralista-ganha-mais-forca-na-camara-dos-deputados\/#article","isPartOf":{"@id":"https:\/\/psol50.org.br\/bancada-conservadora-entre-elas-a-ruralista-ganha-mais-forca-na-camara-dos-deputados\/"},"author":{"name":"Comunica\u00e7\u00e3o PSOL","@id":"https:\/\/psol50.org.br\/#\/schema\/person\/475dfa57d0b815993c714c2e96491fcd"},"headline":"Bancada conservadora, entre elas a ruralista, ganha mais for\u00e7a na C\u00e2mara dos Deputados","datePublished":"2014-10-09T16:32:45+00:00","mainEntityOfPage":{"@id":"https:\/\/psol50.org.br\/bancada-conservadora-entre-elas-a-ruralista-ganha-mais-forca-na-camara-dos-deputados\/"},"wordCount":639,"commentCount":0,"publisher":{"@id":"https:\/\/psol50.org.br\/#organization"},"articleSection":["Arquivo","Not\u00edcias"],"inLanguage":"pt-BR","potentialAction":[{"@type":"CommentAction","name":"Comment","target":["https:\/\/psol50.org.br\/bancada-conservadora-entre-elas-a-ruralista-ganha-mais-forca-na-camara-dos-deputados\/#respond"]}]},{"@type":"WebPage","@id":"https:\/\/psol50.org.br\/bancada-conservadora-entre-elas-a-ruralista-ganha-mais-forca-na-camara-dos-deputados\/","url":"https:\/\/psol50.org.br\/bancada-conservadora-entre-elas-a-ruralista-ganha-mais-forca-na-camara-dos-deputados\/","name":"Bancada conservadora, entre elas a ruralista, ganha mais for\u00e7a na C\u00e2mara dos Deputados - PSOL 50","isPartOf":{"@id":"https:\/\/psol50.org.br\/#website"},"datePublished":"2014-10-09T16:32:45+00:00","breadcrumb":{"@id":"https:\/\/psol50.org.br\/bancada-conservadora-entre-elas-a-ruralista-ganha-mais-forca-na-camara-dos-deputados\/#breadcrumb"},"inLanguage":"pt-BR","potentialAction":[{"@type":"ReadAction","target":["https:\/\/psol50.org.br\/bancada-conservadora-entre-elas-a-ruralista-ganha-mais-forca-na-camara-dos-deputados\/"]}]},{"@type":"BreadcrumbList","@id":"https:\/\/psol50.org.br\/bancada-conservadora-entre-elas-a-ruralista-ganha-mais-forca-na-camara-dos-deputados\/#breadcrumb","itemListElement":[{"@type":"ListItem","position":1,"name":"In\u00edcio","item":"https:\/\/psol50.org.br\/"},{"@type":"ListItem","position":2,"name":"Bancada conservadora, entre elas a ruralista, ganha mais for\u00e7a na C\u00e2mara dos Deputados"}]},{"@type":"WebSite","@id":"https:\/\/psol50.org.br\/#website","url":"https:\/\/psol50.org.br\/","name":"PSOL 50","description":"Site oficial do Partido Socialismo e Liberdade","publisher":{"@id":"https:\/\/psol50.org.br\/#organization"},"alternateName":"PSOL50","potentialAction":[{"@type":"SearchAction","target":{"@type":"EntryPoint","urlTemplate":"https:\/\/psol50.org.br\/?s={search_term_string}"},"query-input":{"@type":"PropertyValueSpecification","valueRequired":true,"valueName":"search_term_string"}}],"inLanguage":"pt-BR"},{"@type":"Organization","@id":"https:\/\/psol50.org.br\/#organization","name":"PSOL 50","alternateName":"PSOL 50","url":"https:\/\/psol50.org.br\/","logo":{"@type":"ImageObject","inLanguage":"pt-BR","@id":"https:\/\/psol50.org.br\/#\/schema\/logo\/image\/","url":"https:\/\/psol50.org.br\/inc\/uploads\/2018\/07\/capa.png","contentUrl":"https:\/\/psol50.org.br\/inc\/uploads\/2018\/07\/capa.png","width":1350,"height":900,"caption":"PSOL 50"},"image":{"@id":"https:\/\/psol50.org.br\/#\/schema\/logo\/image\/"},"sameAs":["https:\/\/www.facebook.com\/psol50","https:\/\/x.com\/psol50","https:\/\/www.instagram.com\/psol50\/","https:\/\/www.youtube.com\/channel\/UC7SnJS5o1os7a6CaiNabzcg"]},{"@type":"Person","@id":"https:\/\/psol50.org.br\/#\/schema\/person\/475dfa57d0b815993c714c2e96491fcd","name":"Comunica\u00e7\u00e3o PSOL","image":{"@type":"ImageObject","inLanguage":"pt-BR","@id":"https:\/\/psol50.org.br\/#\/schema\/person\/image\/","url":"https:\/\/secure.gravatar.com\/avatar\/b34fc4f4e468a4e51785917065a3db57b841f5c95dba6ad8c73aaf8f66f8f9bf?s=96&d=mm&r=g","contentUrl":"https:\/\/secure.gravatar.com\/avatar\/b34fc4f4e468a4e51785917065a3db57b841f5c95dba6ad8c73aaf8f66f8f9bf?s=96&d=mm&r=g","caption":"Comunica\u00e7\u00e3o PSOL"}}]}},"_links":{"self":[{"href":"https:\/\/psol50.org.br\/rest\/wp\/v2\/posts\/3016","targetHints":{"allow":["GET"]}}],"collection":[{"href":"https:\/\/psol50.org.br\/rest\/wp\/v2\/posts"}],"about":[{"href":"https:\/\/psol50.org.br\/rest\/wp\/v2\/types\/post"}],"author":[{"embeddable":true,"href":"https:\/\/psol50.org.br\/rest\/wp\/v2\/users\/2"}],"replies":[{"embeddable":true,"href":"https:\/\/psol50.org.br\/rest\/wp\/v2\/comments?post=3016"}],"version-history":[{"count":0,"href":"https:\/\/psol50.org.br\/rest\/wp\/v2\/posts\/3016\/revisions"}],"wp:attachment":[{"href":"https:\/\/psol50.org.br\/rest\/wp\/v2\/media?parent=3016"}],"wp:term":[{"taxonomy":"category","embeddable":true,"href":"https:\/\/psol50.org.br\/rest\/wp\/v2\/categories?post=3016"},{"taxonomy":"post_tag","embeddable":true,"href":"https:\/\/psol50.org.br\/rest\/wp\/v2\/tags?post=3016"}],"curies":[{"name":"wp","href":"https:\/\/api.w.org\/{rel}","templated":true}]}}