{"id":30183,"date":"2020-07-24T11:03:54","date_gmt":"2020-07-24T14:03:54","guid":{"rendered":"https:\/\/psol50.org.br\/?p=30183"},"modified":"2020-07-24T11:03:54","modified_gmt":"2020-07-24T14:03:54","slug":"deputadas-negras-do-psol-lancam-manifesto-nao-ando-so-neste-julho-das-pretas","status":"publish","type":"post","link":"https:\/\/psol50.org.br\/deputadas-negras-do-psol-lancam-manifesto-nao-ando-so-neste-julho-das-pretas\/","title":{"rendered":"Deputadas negras do PSOL lan\u00e7am manifesto &#8220;N\u00e3o ando s\u00f3&#8221; com live-encontro \u00e0s 16h desta sexta (24)"},"content":{"rendered":"<p><a href=\"https:\/\/impeachmentpopular.com.br\/\" target=\"_blank\" rel=\"noopener noreferrer\"><img loading=\"lazy\" decoding=\"async\" class=\"alignnone size-full wp-image-29118\" src=\"https:\/\/psol50.org.br\/inc\/uploads\/2020\/05\/Email_Impeachment.png\" alt=\"\" width=\"1080\" height=\"250\" srcset=\"https:\/\/psol50.org.br\/inc\/uploads\/2020\/05\/Email_Impeachment.png 1080w, https:\/\/psol50.org.br\/inc\/uploads\/2020\/05\/Email_Impeachment-300x69.png 300w, https:\/\/psol50.org.br\/inc\/uploads\/2020\/05\/Email_Impeachment-1024x237.png 1024w, https:\/\/psol50.org.br\/inc\/uploads\/2020\/05\/Email_Impeachment-768x178.png 768w, https:\/\/psol50.org.br\/inc\/uploads\/2020\/05\/Email_Impeachment-150x35.png 150w, https:\/\/psol50.org.br\/inc\/uploads\/2020\/05\/Email_Impeachment-696x161.png 696w, https:\/\/psol50.org.br\/inc\/uploads\/2020\/05\/Email_Impeachment-1068x247.png 1068w\" sizes=\"auto, (max-width: 1080px) 100vw, 1080px\" \/><\/a><\/p>\n<p>O dia 25 de julho \u00e9 celebrado como o Dia da Mulher Negra, Latino-Americana e Caribenha, al\u00e9m de aqui no Brasil tamb\u00e9m ser o Dia Nacional de Tereza de Benguela e da Mulher Negra. \u00c9 neste cen\u00e1rio que as deputadas negras do PSOL lan\u00e7am o manifesto &#8220;N\u00e3o ando s\u00f3&#8221;, sobre a situa\u00e7\u00e3o das mulheres negras no Brasil e seus processos de resist\u00eancia no pa\u00eds.<\/p>\n<p>O manifesto \u00e9 assinado pelas deputadas federais Tal\u00edria Petrone (RJ) e \u00c1urea Carolina (MG) e as deputadas estaduais Andreia de Jesus (MG), Dani Monteiro (RJ), M\u00f4nica Francisco (RJ), Renata Souza (RJ), \u00c9rica Malunguinho (SP), M\u00f4nica Seixas e \u00c9rika Hilton (SP, Bancada Ativista), J\u00f4 Cavalcanti, K\u00e1tia Cunha e Robeyonc\u00e9 Lima (PE, Juntas Codeputadas).<\/p>\n<p>O lan\u00e7amento do manifesto ser\u00e1 realizado em uma live-encontro \u00e0s 16h desta sexta-feira (24) transmitida pelas p\u00e1ginas das pr\u00f3prias deputadas no Facebook, como parte da programa\u00e7\u00e3o deste Julho das Pretas.<\/p>\n<p>&#8220;Somos diversas e estamos em uma constru\u00e7\u00e3o coletiva, pelas que vieram antes de n\u00f3s e pelas que vir\u00e3o, para que n\u00e3o sejamos a exce\u00e7\u00e3o no parlamento&#8221;, come\u00e7am na apresenta\u00e7\u00e3o do manifesto.<\/p>\n<p>&#8220;Queremos uma democracia que n\u00e3o se resuma ao voto a cada dois anos. Queremos uma democracia que n\u00e3o seja apenas o direito de falar, mas tamb\u00e9m o direito de ser escutado e de construir e decidir conjuntamente os rumos do pa\u00eds. O futuro \u00e9 das mulheres e homens pretos, ind\u00edgenas, das juventudes, do movimento LGBTQI+, o futuro \u00e9 de todos que, a cada dia, se comprometem a romper com as desigualdades hist\u00f3ricas sofridas pelo povo&#8221;, apontam as deputadas negras do PSOL como perspectiva para o futuro.<\/p>\n<p><a href=\"https:\/\/psol50.org.br\/inc\/uploads\/2020\/07\/Manifesto-Deputadas-Negras-PSOL.docx-2.pdf\" target=\"_blank\" rel=\"noopener noreferrer\"><em><strong>Leia o manifesto na \u00edntegra clicando aqui!<\/strong><\/em><\/a><\/p>\n","protected":false},"excerpt":{"rendered":"<p>O dia 25 de julho \u00e9 celebrado como o Dia da Mulher Negra, Latino-Americana e Caribenha, al\u00e9m de aqui no Brasil tamb\u00e9m ser o Dia Nacional de Tereza de Benguela e da Mulher Negra. \u00c9 neste cen\u00e1rio que as deputadas negras do PSOL lan\u00e7am o manifesto &#8220;N\u00e3o ando s\u00f3&#8221;, sobre a situa\u00e7\u00e3o das mulheres negras [&hellip;]<\/p>\n","protected":false},"author":2,"featured_media":30188,"comment_status":"closed","ping_status":"open","sticky":false,"template":"","format":"standard","meta":{"_acf_changed":false,"footnotes":""},"categories":[49,6],"tags":[993,855,994,5,22],"class_list":{"0":"post-30183","1":"post","2":"type-post","3":"status-publish","4":"format-standard","5":"has-post-thumbnail","7":"category-mulheres","8":"category-noticias","9":"tag-deputadas","10":"tag-manifesto","11":"tag-mulher-negra","12":"tag-negras","13":"tag-psol"},"acf":[],"yoast_head":"<!-- This site is optimized with the Yoast SEO plugin v26.5 - https:\/\/yoast.com\/wordpress\/plugins\/seo\/ -->\n<title>Deputadas negras do PSOL lan\u00e7am manifesto &quot;N\u00e3o ando s\u00f3&quot; com live-encontro \u00e0s 16h desta sexta (24)<\/title>\n<meta name=\"description\" content=\"O dia 25 de julho \u00e9 celebrado como o Dia da Mulher Negra, Latino-Americana e Caribenha, al\u00e9m de aqui no Brasil tamb\u00e9m ser o Dia Nacional de Tereza de Benguela e da Mulher Negra.\" \/>\n<meta name=\"robots\" content=\"index, follow, max-snippet:-1, max-image-preview:large, max-video-preview:-1\" \/>\n<link rel=\"canonical\" href=\"https:\/\/psol50.org.br\/deputadas-negras-do-psol-lancam-manifesto-nao-ando-so-neste-julho-das-pretas\/\" \/>\n<meta property=\"og:locale\" content=\"pt_BR\" \/>\n<meta property=\"og:type\" content=\"article\" \/>\n<meta property=\"og:title\" content=\"Deputadas negras do PSOL lan\u00e7am manifesto &quot;N\u00e3o ando s\u00f3&quot; com live-encontro \u00e0s 16h desta sexta (24)\" \/>\n<meta property=\"og:description\" content=\"O dia 25 de julho \u00e9 celebrado como o Dia da Mulher Negra, Latino-Americana e Caribenha, al\u00e9m de aqui no Brasil tamb\u00e9m ser o Dia Nacional de Tereza de Benguela e da Mulher Negra.\" \/>\n<meta property=\"og:url\" content=\"https:\/\/psol50.org.br\/deputadas-negras-do-psol-lancam-manifesto-nao-ando-so-neste-julho-das-pretas\/\" \/>\n<meta property=\"og:site_name\" content=\"PSOL 50\" \/>\n<meta property=\"article:publisher\" content=\"https:\/\/www.facebook.com\/psol50\" \/>\n<meta property=\"article:published_time\" content=\"2020-07-24T14:03:54+00:00\" \/>\n<meta property=\"og:image\" content=\"https:\/\/psol50.org.br\/inc\/uploads\/2020\/07\/mulheresnegras.png\" \/>\n\t<meta property=\"og:image:width\" content=\"790\" \/>\n\t<meta property=\"og:image:height\" content=\"390\" \/>\n\t<meta property=\"og:image:type\" content=\"image\/png\" \/>\n<meta name=\"author\" content=\"Comunica\u00e7\u00e3o PSOL\" \/>\n<meta name=\"twitter:card\" content=\"summary_large_image\" \/>\n<meta name=\"twitter:title\" content=\"Deputadas negras do PSOL lan\u00e7am manifesto &quot;N\u00e3o ando s\u00f3&quot; com live-encontro \u00e0s 16h desta sexta (24)\" \/>\n<meta name=\"twitter:description\" content=\"O dia 25 de julho \u00e9 celebrado como o Dia da Mulher Negra, Latino-Americana e Caribenha, al\u00e9m de aqui no Brasil tamb\u00e9m ser o Dia Nacional de Tereza de Benguela e da Mulher Negra.\" \/>\n<meta name=\"twitter:image\" content=\"https:\/\/psol50.org.br\/inc\/uploads\/2020\/07\/mulheresnegras.png\" \/>\n<meta name=\"twitter:creator\" content=\"@psol50\" \/>\n<meta name=\"twitter:site\" content=\"@psol50\" \/>\n<meta name=\"twitter:label1\" content=\"Escrito por\" \/>\n\t<meta name=\"twitter:data1\" content=\"Comunica\u00e7\u00e3o PSOL\" \/>\n\t<meta name=\"twitter:label2\" content=\"Est. tempo de leitura\" \/>\n\t<meta name=\"twitter:data2\" content=\"1 minuto\" \/>\n<script type=\"application\/ld+json\" class=\"yoast-schema-graph\">{\"@context\":\"https:\/\/schema.org\",\"@graph\":[{\"@type\":\"Article\",\"@id\":\"https:\/\/psol50.org.br\/deputadas-negras-do-psol-lancam-manifesto-nao-ando-so-neste-julho-das-pretas\/#article\",\"isPartOf\":{\"@id\":\"https:\/\/psol50.org.br\/deputadas-negras-do-psol-lancam-manifesto-nao-ando-so-neste-julho-das-pretas\/\"},\"author\":{\"name\":\"Comunica\u00e7\u00e3o PSOL\",\"@id\":\"https:\/\/psol50.org.br\/#\/schema\/person\/475dfa57d0b815993c714c2e96491fcd\"},\"headline\":\"Deputadas negras do PSOL lan\u00e7am manifesto &#8220;N\u00e3o ando s\u00f3&#8221; com live-encontro \u00e0s 16h desta sexta (24)\",\"datePublished\":\"2020-07-24T14:03:54+00:00\",\"mainEntityOfPage\":{\"@id\":\"https:\/\/psol50.org.br\/deputadas-negras-do-psol-lancam-manifesto-nao-ando-so-neste-julho-das-pretas\/\"},\"wordCount\":309,\"publisher\":{\"@id\":\"https:\/\/psol50.org.br\/#organization\"},\"image\":{\"@id\":\"https:\/\/psol50.org.br\/deputadas-negras-do-psol-lancam-manifesto-nao-ando-so-neste-julho-das-pretas\/#primaryimage\"},\"thumbnailUrl\":\"https:\/\/psol50.org.br\/inc\/uploads\/2020\/07\/mulheresnegras.png\",\"keywords\":[\"deputadas\",\"manifesto\",\"mulher negra\",\"negras\",\"PSOL\"],\"articleSection\":[\"Mulheres\",\"Not\u00edcias\"],\"inLanguage\":\"pt-BR\"},{\"@type\":\"WebPage\",\"@id\":\"https:\/\/psol50.org.br\/deputadas-negras-do-psol-lancam-manifesto-nao-ando-so-neste-julho-das-pretas\/\",\"url\":\"https:\/\/psol50.org.br\/deputadas-negras-do-psol-lancam-manifesto-nao-ando-so-neste-julho-das-pretas\/\",\"name\":\"Deputadas negras do PSOL lan\u00e7am manifesto \\\"N\u00e3o ando s\u00f3\\\" com live-encontro \u00e0s 16h desta sexta (24)\",\"isPartOf\":{\"@id\":\"https:\/\/psol50.org.br\/#website\"},\"primaryImageOfPage\":{\"@id\":\"https:\/\/psol50.org.br\/deputadas-negras-do-psol-lancam-manifesto-nao-ando-so-neste-julho-das-pretas\/#primaryimage\"},\"image\":{\"@id\":\"https:\/\/psol50.org.br\/deputadas-negras-do-psol-lancam-manifesto-nao-ando-so-neste-julho-das-pretas\/#primaryimage\"},\"thumbnailUrl\":\"https:\/\/psol50.org.br\/inc\/uploads\/2020\/07\/mulheresnegras.png\",\"datePublished\":\"2020-07-24T14:03:54+00:00\",\"description\":\"O dia 25 de julho \u00e9 celebrado como o Dia da Mulher Negra, Latino-Americana e Caribenha, al\u00e9m de aqui no Brasil tamb\u00e9m ser o Dia Nacional de Tereza de Benguela e da Mulher Negra.\",\"breadcrumb\":{\"@id\":\"https:\/\/psol50.org.br\/deputadas-negras-do-psol-lancam-manifesto-nao-ando-so-neste-julho-das-pretas\/#breadcrumb\"},\"inLanguage\":\"pt-BR\",\"potentialAction\":[{\"@type\":\"ReadAction\",\"target\":[\"https:\/\/psol50.org.br\/deputadas-negras-do-psol-lancam-manifesto-nao-ando-so-neste-julho-das-pretas\/\"]}]},{\"@type\":\"ImageObject\",\"inLanguage\":\"pt-BR\",\"@id\":\"https:\/\/psol50.org.br\/deputadas-negras-do-psol-lancam-manifesto-nao-ando-so-neste-julho-das-pretas\/#primaryimage\",\"url\":\"https:\/\/psol50.org.br\/inc\/uploads\/2020\/07\/mulheresnegras.png\",\"contentUrl\":\"https:\/\/psol50.org.br\/inc\/uploads\/2020\/07\/mulheresnegras.png\",\"width\":790,\"height\":390},{\"@type\":\"BreadcrumbList\",\"@id\":\"https:\/\/psol50.org.br\/deputadas-negras-do-psol-lancam-manifesto-nao-ando-so-neste-julho-das-pretas\/#breadcrumb\",\"itemListElement\":[{\"@type\":\"ListItem\",\"position\":1,\"name\":\"In\u00edcio\",\"item\":\"https:\/\/psol50.org.br\/\"},{\"@type\":\"ListItem\",\"position\":2,\"name\":\"Deputadas negras do PSOL lan\u00e7am manifesto &#8220;N\u00e3o ando s\u00f3&#8221; com live-encontro \u00e0s 16h desta sexta (24)\"}]},{\"@type\":\"WebSite\",\"@id\":\"https:\/\/psol50.org.br\/#website\",\"url\":\"https:\/\/psol50.org.br\/\",\"name\":\"PSOL 50\",\"description\":\"Site oficial do Partido Socialismo e Liberdade\",\"publisher\":{\"@id\":\"https:\/\/psol50.org.br\/#organization\"},\"alternateName\":\"PSOL50\",\"potentialAction\":[{\"@type\":\"SearchAction\",\"target\":{\"@type\":\"EntryPoint\",\"urlTemplate\":\"https:\/\/psol50.org.br\/?s={search_term_string}\"},\"query-input\":{\"@type\":\"PropertyValueSpecification\",\"valueRequired\":true,\"valueName\":\"search_term_string\"}}],\"inLanguage\":\"pt-BR\"},{\"@type\":\"Organization\",\"@id\":\"https:\/\/psol50.org.br\/#organization\",\"name\":\"PSOL 50\",\"alternateName\":\"PSOL 50\",\"url\":\"https:\/\/psol50.org.br\/\",\"logo\":{\"@type\":\"ImageObject\",\"inLanguage\":\"pt-BR\",\"@id\":\"https:\/\/psol50.org.br\/#\/schema\/logo\/image\/\",\"url\":\"https:\/\/psol50.org.br\/inc\/uploads\/2018\/07\/capa.png\",\"contentUrl\":\"https:\/\/psol50.org.br\/inc\/uploads\/2018\/07\/capa.png\",\"width\":1350,\"height\":900,\"caption\":\"PSOL 50\"},\"image\":{\"@id\":\"https:\/\/psol50.org.br\/#\/schema\/logo\/image\/\"},\"sameAs\":[\"https:\/\/www.facebook.com\/psol50\",\"https:\/\/x.com\/psol50\",\"https:\/\/www.instagram.com\/psol50\/\",\"https:\/\/www.youtube.com\/channel\/UC7SnJS5o1os7a6CaiNabzcg\"]},{\"@type\":\"Person\",\"@id\":\"https:\/\/psol50.org.br\/#\/schema\/person\/475dfa57d0b815993c714c2e96491fcd\",\"name\":\"Comunica\u00e7\u00e3o PSOL\",\"image\":{\"@type\":\"ImageObject\",\"inLanguage\":\"pt-BR\",\"@id\":\"https:\/\/psol50.org.br\/#\/schema\/person\/image\/\",\"url\":\"https:\/\/secure.gravatar.com\/avatar\/b34fc4f4e468a4e51785917065a3db57b841f5c95dba6ad8c73aaf8f66f8f9bf?s=96&d=mm&r=g\",\"contentUrl\":\"https:\/\/secure.gravatar.com\/avatar\/b34fc4f4e468a4e51785917065a3db57b841f5c95dba6ad8c73aaf8f66f8f9bf?s=96&d=mm&r=g\",\"caption\":\"Comunica\u00e7\u00e3o PSOL\"}}]}<\/script>\n<!-- \/ Yoast SEO plugin. -->","yoast_head_json":{"title":"Deputadas negras do PSOL lan\u00e7am manifesto \"N\u00e3o ando s\u00f3\" com live-encontro \u00e0s 16h desta sexta (24)","description":"O dia 25 de julho \u00e9 celebrado como o Dia da Mulher Negra, Latino-Americana e Caribenha, al\u00e9m de aqui no Brasil tamb\u00e9m ser o Dia Nacional de Tereza de Benguela e da Mulher Negra.","robots":{"index":"index","follow":"follow","max-snippet":"max-snippet:-1","max-image-preview":"max-image-preview:large","max-video-preview":"max-video-preview:-1"},"canonical":"https:\/\/psol50.org.br\/deputadas-negras-do-psol-lancam-manifesto-nao-ando-so-neste-julho-das-pretas\/","og_locale":"pt_BR","og_type":"article","og_title":"Deputadas negras do PSOL lan\u00e7am manifesto \"N\u00e3o ando s\u00f3\" com live-encontro \u00e0s 16h desta sexta (24)","og_description":"O dia 25 de julho \u00e9 celebrado como o Dia da Mulher Negra, Latino-Americana e Caribenha, al\u00e9m de aqui no Brasil tamb\u00e9m ser o Dia Nacional de Tereza de Benguela e da Mulher Negra.","og_url":"https:\/\/psol50.org.br\/deputadas-negras-do-psol-lancam-manifesto-nao-ando-so-neste-julho-das-pretas\/","og_site_name":"PSOL 50","article_publisher":"https:\/\/www.facebook.com\/psol50","article_published_time":"2020-07-24T14:03:54+00:00","og_image":[{"width":790,"height":390,"url":"https:\/\/psol50.org.br\/inc\/uploads\/2020\/07\/mulheresnegras.png","type":"image\/png"}],"author":"Comunica\u00e7\u00e3o PSOL","twitter_card":"summary_large_image","twitter_title":"Deputadas negras do PSOL lan\u00e7am manifesto \"N\u00e3o ando s\u00f3\" com live-encontro \u00e0s 16h desta sexta (24)","twitter_description":"O dia 25 de julho \u00e9 celebrado como o Dia da Mulher Negra, Latino-Americana e Caribenha, al\u00e9m de aqui no Brasil tamb\u00e9m ser o Dia Nacional de Tereza de Benguela e da Mulher Negra.","twitter_image":"https:\/\/psol50.org.br\/inc\/uploads\/2020\/07\/mulheresnegras.png","twitter_creator":"@psol50","twitter_site":"@psol50","twitter_misc":{"Escrito por":"Comunica\u00e7\u00e3o PSOL","Est. tempo de leitura":"1 minuto"},"schema":{"@context":"https:\/\/schema.org","@graph":[{"@type":"Article","@id":"https:\/\/psol50.org.br\/deputadas-negras-do-psol-lancam-manifesto-nao-ando-so-neste-julho-das-pretas\/#article","isPartOf":{"@id":"https:\/\/psol50.org.br\/deputadas-negras-do-psol-lancam-manifesto-nao-ando-so-neste-julho-das-pretas\/"},"author":{"name":"Comunica\u00e7\u00e3o PSOL","@id":"https:\/\/psol50.org.br\/#\/schema\/person\/475dfa57d0b815993c714c2e96491fcd"},"headline":"Deputadas negras do PSOL lan\u00e7am manifesto &#8220;N\u00e3o ando s\u00f3&#8221; com live-encontro \u00e0s 16h desta sexta (24)","datePublished":"2020-07-24T14:03:54+00:00","mainEntityOfPage":{"@id":"https:\/\/psol50.org.br\/deputadas-negras-do-psol-lancam-manifesto-nao-ando-so-neste-julho-das-pretas\/"},"wordCount":309,"publisher":{"@id":"https:\/\/psol50.org.br\/#organization"},"image":{"@id":"https:\/\/psol50.org.br\/deputadas-negras-do-psol-lancam-manifesto-nao-ando-so-neste-julho-das-pretas\/#primaryimage"},"thumbnailUrl":"https:\/\/psol50.org.br\/inc\/uploads\/2020\/07\/mulheresnegras.png","keywords":["deputadas","manifesto","mulher negra","negras","PSOL"],"articleSection":["Mulheres","Not\u00edcias"],"inLanguage":"pt-BR"},{"@type":"WebPage","@id":"https:\/\/psol50.org.br\/deputadas-negras-do-psol-lancam-manifesto-nao-ando-so-neste-julho-das-pretas\/","url":"https:\/\/psol50.org.br\/deputadas-negras-do-psol-lancam-manifesto-nao-ando-so-neste-julho-das-pretas\/","name":"Deputadas negras do PSOL lan\u00e7am manifesto \"N\u00e3o ando s\u00f3\" com live-encontro \u00e0s 16h desta sexta (24)","isPartOf":{"@id":"https:\/\/psol50.org.br\/#website"},"primaryImageOfPage":{"@id":"https:\/\/psol50.org.br\/deputadas-negras-do-psol-lancam-manifesto-nao-ando-so-neste-julho-das-pretas\/#primaryimage"},"image":{"@id":"https:\/\/psol50.org.br\/deputadas-negras-do-psol-lancam-manifesto-nao-ando-so-neste-julho-das-pretas\/#primaryimage"},"thumbnailUrl":"https:\/\/psol50.org.br\/inc\/uploads\/2020\/07\/mulheresnegras.png","datePublished":"2020-07-24T14:03:54+00:00","description":"O dia 25 de julho \u00e9 celebrado como o Dia da Mulher Negra, Latino-Americana e Caribenha, al\u00e9m de aqui no Brasil tamb\u00e9m ser o Dia Nacional de Tereza de Benguela e da Mulher Negra.","breadcrumb":{"@id":"https:\/\/psol50.org.br\/deputadas-negras-do-psol-lancam-manifesto-nao-ando-so-neste-julho-das-pretas\/#breadcrumb"},"inLanguage":"pt-BR","potentialAction":[{"@type":"ReadAction","target":["https:\/\/psol50.org.br\/deputadas-negras-do-psol-lancam-manifesto-nao-ando-so-neste-julho-das-pretas\/"]}]},{"@type":"ImageObject","inLanguage":"pt-BR","@id":"https:\/\/psol50.org.br\/deputadas-negras-do-psol-lancam-manifesto-nao-ando-so-neste-julho-das-pretas\/#primaryimage","url":"https:\/\/psol50.org.br\/inc\/uploads\/2020\/07\/mulheresnegras.png","contentUrl":"https:\/\/psol50.org.br\/inc\/uploads\/2020\/07\/mulheresnegras.png","width":790,"height":390},{"@type":"BreadcrumbList","@id":"https:\/\/psol50.org.br\/deputadas-negras-do-psol-lancam-manifesto-nao-ando-so-neste-julho-das-pretas\/#breadcrumb","itemListElement":[{"@type":"ListItem","position":1,"name":"In\u00edcio","item":"https:\/\/psol50.org.br\/"},{"@type":"ListItem","position":2,"name":"Deputadas negras do PSOL lan\u00e7am manifesto &#8220;N\u00e3o ando s\u00f3&#8221; com live-encontro \u00e0s 16h desta sexta (24)"}]},{"@type":"WebSite","@id":"https:\/\/psol50.org.br\/#website","url":"https:\/\/psol50.org.br\/","name":"PSOL 50","description":"Site oficial do Partido Socialismo e Liberdade","publisher":{"@id":"https:\/\/psol50.org.br\/#organization"},"alternateName":"PSOL50","potentialAction":[{"@type":"SearchAction","target":{"@type":"EntryPoint","urlTemplate":"https:\/\/psol50.org.br\/?s={search_term_string}"},"query-input":{"@type":"PropertyValueSpecification","valueRequired":true,"valueName":"search_term_string"}}],"inLanguage":"pt-BR"},{"@type":"Organization","@id":"https:\/\/psol50.org.br\/#organization","name":"PSOL 50","alternateName":"PSOL 50","url":"https:\/\/psol50.org.br\/","logo":{"@type":"ImageObject","inLanguage":"pt-BR","@id":"https:\/\/psol50.org.br\/#\/schema\/logo\/image\/","url":"https:\/\/psol50.org.br\/inc\/uploads\/2018\/07\/capa.png","contentUrl":"https:\/\/psol50.org.br\/inc\/uploads\/2018\/07\/capa.png","width":1350,"height":900,"caption":"PSOL 50"},"image":{"@id":"https:\/\/psol50.org.br\/#\/schema\/logo\/image\/"},"sameAs":["https:\/\/www.facebook.com\/psol50","https:\/\/x.com\/psol50","https:\/\/www.instagram.com\/psol50\/","https:\/\/www.youtube.com\/channel\/UC7SnJS5o1os7a6CaiNabzcg"]},{"@type":"Person","@id":"https:\/\/psol50.org.br\/#\/schema\/person\/475dfa57d0b815993c714c2e96491fcd","name":"Comunica\u00e7\u00e3o PSOL","image":{"@type":"ImageObject","inLanguage":"pt-BR","@id":"https:\/\/psol50.org.br\/#\/schema\/person\/image\/","url":"https:\/\/secure.gravatar.com\/avatar\/b34fc4f4e468a4e51785917065a3db57b841f5c95dba6ad8c73aaf8f66f8f9bf?s=96&d=mm&r=g","contentUrl":"https:\/\/secure.gravatar.com\/avatar\/b34fc4f4e468a4e51785917065a3db57b841f5c95dba6ad8c73aaf8f66f8f9bf?s=96&d=mm&r=g","caption":"Comunica\u00e7\u00e3o PSOL"}}]}},"_links":{"self":[{"href":"https:\/\/psol50.org.br\/rest\/wp\/v2\/posts\/30183","targetHints":{"allow":["GET"]}}],"collection":[{"href":"https:\/\/psol50.org.br\/rest\/wp\/v2\/posts"}],"about":[{"href":"https:\/\/psol50.org.br\/rest\/wp\/v2\/types\/post"}],"author":[{"embeddable":true,"href":"https:\/\/psol50.org.br\/rest\/wp\/v2\/users\/2"}],"replies":[{"embeddable":true,"href":"https:\/\/psol50.org.br\/rest\/wp\/v2\/comments?post=30183"}],"version-history":[{"count":0,"href":"https:\/\/psol50.org.br\/rest\/wp\/v2\/posts\/30183\/revisions"}],"wp:featuredmedia":[{"embeddable":true,"href":"https:\/\/psol50.org.br\/rest\/wp\/v2\/media\/30188"}],"wp:attachment":[{"href":"https:\/\/psol50.org.br\/rest\/wp\/v2\/media?parent=30183"}],"wp:term":[{"taxonomy":"category","embeddable":true,"href":"https:\/\/psol50.org.br\/rest\/wp\/v2\/categories?post=30183"},{"taxonomy":"post_tag","embeddable":true,"href":"https:\/\/psol50.org.br\/rest\/wp\/v2\/tags?post=30183"}],"curies":[{"name":"wp","href":"https:\/\/api.w.org\/{rel}","templated":true}]}}