{"id":3019,"date":"2014-10-09T00:00:00","date_gmt":"2014-10-09T18:43:44","guid":{"rendered":"http:\/\/psol50.org.br\/arquivo\/2014\/10\/09\/38-anos-depois-de-atentado-terrorista-contra-aviao-cubano-principal-acusado-continua-livre-nos-eua\/"},"modified":"2014-10-09T00:00:00","modified_gmt":"2014-10-09T18:43:44","slug":"38-anos-depois-de-atentado-terrorista-contra-aviao-cubano-principal-acusado-continua-livre-nos-eua","status":"publish","type":"post","link":"https:\/\/psol50.org.br\/38-anos-depois-de-atentado-terrorista-contra-aviao-cubano-principal-acusado-continua-livre-nos-eua\/","title":{"rendered":"38 anos depois de atentado terrorista contra avi\u00e3o cubano, principal acusado continua livre nos EUA"},"content":{"rendered":"<div style=\"margin-bottom: 0cm; text-align: justify;\">\n\t<span style=\"font-family:arial,helvetica,sans-serif;\"><span style=\"font-size: 12px;\">Esta semana as popula\u00e7\u00f5es de Barbados e de Cuba recordam, com tristeza, os 38 anos do atentado a bomba contra um avi\u00e3o civil cubano, que matou 73 pessoas. Familiares e amigos das v\u00edtimas realizam mobiliza\u00e7\u00f5es nas ilhas caribenhas protestando pela puni\u00e7\u00e3o do principal acusado pelo crime, Luis Posada Carriles, ainda hoje foragido e protegido pelo Governo dos Estados Unidos. O Governo de Cuba declarou o dia 06 de outubro, data do atentado, como Dia das V\u00edtimas do Terrorismo de Estado, do qual j\u00e1 seriam v\u00edtimas cerca de 3,5 mil cubanos.<\/p>\n<p>\tA Embaixada cubana em Barbados realizou uma mobiliza\u00e7\u00e3o para lembrar as v\u00edtimas da primeira e considerada a maior sabotagem contra um avi\u00e3o civil no hemisf\u00e9rio ocidental. Charles Burnett, vice-ministro de Rela\u00e7\u00f5es Exteriores de Barbados, reiterou a solidariedade dos barbadianos com os familiares das v\u00edtimas e ratificou a posi\u00e7\u00e3o de apoio a Cuba na busca por justi\u00e7a.<\/p>\n<p>\tRepresentantes do Movimento de Solidariedade com Cuba, da Comunidade de Cubanos Residentes em Barbados, e outras organiza\u00e7\u00f5es sociais tamb\u00e9m exigiram justi\u00e7a, condenando a cumplicidade do Governo dos EUA nessas a\u00e7\u00f5es e fizeram um chamado ao presidente Barack Obama para que assuma uma posi\u00e7\u00e3o coerente em sua anunciada batalha contra o terrorismo e julgue Luis Posada Carriles, considerado terrorista e autor intelectual da sabotagem ao avi\u00e3o, al\u00e9m de libertar os chamados antiterroristas cubanos Antonio Guerrero, Ram\u00f3n Laba\u00f1ino e Gerardo Hern\u00e1ndez, presos nos EUA.<\/p>\n<p>\t\u00c0 \u00e9poca dos atentados, durante a Guerra Fria, eram planejadas pelo Governo dos EUA v\u00e1rias a\u00e7\u00f5es criminosas contra a ilha socialista e por suas estreitas liga\u00e7\u00f5es com o governo da extinta Uni\u00e3o das Rep\u00fablicas Socialistas Sovi\u00e9ticas (URSS). Em documentos divulgados posteriormente pelo governo estadunidense consta que, em fevereiro de 1976, o secret\u00e1rio de Estado dos EUA, Henry Kissinger, sugeriu em uma reuni\u00e3o na Casa Branca ao presidente Gerald Ford: &#8220;Creio que vamos ter que machucar Castro (Fidel)\u201d.<\/p>\n<p>\tNo dia 06 de outubro de 1976, a sele\u00e7\u00e3o cubana juvenil de Esgrima voltava ao seu pa\u00eds logo ap\u00f3s sua participa\u00e7\u00e3o no Campeonato Centro-Americano e do Caribe, realizado na Venezuela, quando explos\u00f5es ocasionaram a queda do voo da empresa Cubana de Avia\u00e7\u00e3o. S\u00e3o apontados quatro respons\u00e1veis pelo atentado: os cubanos Luis Posada Carriles e Orlando Bosch \u00c1vila, e os venezuelanos Hern\u00e1n Ricardo e Freddy Lugo, respons\u00e1veis materiais.<\/p>\n<p>\tO voo CU-455 partiu de Caracas para fazer escala em Trinidad e Tobago, Barbados e Jamaica, para, finalmente, chegar a Havana. Durante o trajeto, entre as duas \u00faltimas escalas, caiu no mar, a oito quil\u00f4metros do aeroporto Barbados. No voo estavam 16 atletas da equipe de esgrima de Cuba, 11 pessoas provenientes da Guiana, que iam para ilha estudar Medicina; al\u00e9m de cinco diplomatas de nacionalidade norte-coreana, al\u00e9m dos membros da tripula\u00e7\u00e3o.<\/p>\n<p>\tOs autores do atentado terrorista foram julgados pela justi\u00e7a venezuelana em 1985. Lugo, Ricardo, Carriles e Bosch foram condenados a 20 anos de pris\u00e3o. Poucos dias depois da senten\u00e7a, Carriles fugiu da pris\u00e3o de San Juan de los Morros (regi\u00e3o de Los Llanos) e se refugiou na Am\u00e9rica Central, para depois passar a ser protegido pelo Governo dos EUA. Bosch foi absolvido da condena\u00e7\u00e3o em 1987 e morreu em 2011.<\/p>\n<p>\t<b>Quem \u00e9 Posada Carriles?<\/b><br \/>\n\tLuis Posada Carriles nasceu em Cienfuegos, Cuba, em 1928. Naturalizou-se venezuelano e foi treinado para fazer parte do Ex\u00e9rcito dos EUA; al\u00e9m de converter-se em agente da Ag\u00eancia Central de Intelig\u00eancia (CIA). Recebeu financiamento para a Funda\u00e7\u00e3o Nacional Cubano Americana (FNCA), integrada por cubanos seguidores de Fulg\u00eancio Batista nos Estados Unidos, ex-presidente cubano derrubado pela Revolu\u00e7\u00e3o liderada por Fidel Castro e Che Guevarra, no fim da d\u00e9cada de 1950.<\/p>\n<p>\tDentro do hist\u00f3rico de Carriles figuram diversas a\u00e7\u00f5es terroristas, como a invas\u00e3o \u00e0 Praia Larga e Praia Gir\u00f3n, na Ba\u00eda dos Porcos, Cuba; ocorrida em 1961 (conhecida como Opera\u00e7\u00e3o 40), tentativa golpista frustrada. Como funcion\u00e1rio da CIA, entre os anos 1960 e 1975; foi assessor dos servi\u00e7os secretos da Venezuela, Chile, Argentina, Guatemala e El Salvador. Em 1971, protagonizou um atentado falido contra Fidel Castro; que realizava uma visita oficial ao seu hom\u00f3logo chileno, Salvador Allende. Em 1976, se viu envolvido no assassinato do chanceler chileno Orlando Letelier. Organizou uma s\u00e9rie de ataques com explosivos contra v\u00e1rios hot\u00e9is em Havana, em 1997; como admitiu tr\u00eas anos depois em uma entrevista publicada pelo jornal estadunidense The New York Times.<\/p>\n<p>\tDurante a Confer\u00eancia Ibero-Americana, realizada no Panam\u00e1 em 2000, Carriles tentou, novamente, acabar com a vida de Fidel Castro; fato pelo qual foi sentenciado a oito anos de pris\u00e3o pela justi\u00e7a panamenha, condena\u00e7\u00e3o que n\u00e3o cumpriu devido ao indulto concedido pela ent\u00e3o presidenta Mireya Moscoso, que permitiu que ele voltasse para os Estados Unidos. Foi detido pela justi\u00e7a estadunidense por delitos migrat\u00f3rios, depois de mentir \u00e0s autoridades em 2005 sobre suas formas de ingresso no territ\u00f3rio estadunidense. Desde ent\u00e3o, o governo venezuelano solicita sua extradi\u00e7\u00e3o, mas foi libertado em 2011 pela ju\u00edza Kathleen Cardone, cujo veredito assinala que Posada Carriles est\u00e1 &#8220;velho\u201d e &#8220;inv\u00e1lido\u201d.<\/span><\/span><\/div>\n<p style=\"margin-bottom: 0cm\">\n\t&nbsp;<\/p>\n","protected":false},"excerpt":{"rendered":"<p>Esta semana as popula\u00e7\u00f5es de Barbados e de Cuba recordam, com tristeza, os 38 anos do atentado a bomba contra um avi\u00e3o civil cubano, que matou 73 pessoas. Familiares e amigos das v\u00edtimas realizam mobiliza\u00e7\u00f5es nas ilhas caribenhas protestando pela puni\u00e7\u00e3o do principal acusado pelo crime, Luis Posada Carriles, ainda hoje foragido e protegido pelo [&hellip;]<\/p>\n","protected":false},"author":2,"featured_media":0,"comment_status":"open","ping_status":"open","sticky":false,"template":"","format":"standard","meta":{"_acf_changed":false,"footnotes":""},"categories":[4766,6],"tags":[],"class_list":{"0":"post-3019","1":"post","2":"type-post","3":"status-publish","4":"format-standard","6":"category-arquivo","7":"category-noticias"},"acf":[],"yoast_head":"<!-- This site is optimized with the Yoast SEO plugin v26.5 - https:\/\/yoast.com\/wordpress\/plugins\/seo\/ -->\n<title>38 anos depois de atentado terrorista contra avi\u00e3o cubano, principal acusado continua livre nos EUA - PSOL 50<\/title>\n<meta name=\"robots\" content=\"index, follow, max-snippet:-1, max-image-preview:large, max-video-preview:-1\" \/>\n<link rel=\"canonical\" href=\"https:\/\/psol50.org.br\/38-anos-depois-de-atentado-terrorista-contra-aviao-cubano-principal-acusado-continua-livre-nos-eua\/\" \/>\n<meta property=\"og:locale\" content=\"pt_BR\" \/>\n<meta property=\"og:type\" content=\"article\" \/>\n<meta property=\"og:title\" content=\"38 anos depois de atentado terrorista contra avi\u00e3o cubano, principal acusado continua livre nos EUA - PSOL 50\" \/>\n<meta property=\"og:description\" content=\"Esta semana as popula\u00e7\u00f5es de Barbados e de Cuba recordam, com tristeza, os 38 anos do atentado a bomba contra um avi\u00e3o civil cubano, que matou 73 pessoas. Familiares e amigos das v\u00edtimas realizam mobiliza\u00e7\u00f5es nas ilhas caribenhas protestando pela puni\u00e7\u00e3o do principal acusado pelo crime, Luis Posada Carriles, ainda hoje foragido e protegido pelo [&hellip;]\" \/>\n<meta property=\"og:url\" content=\"https:\/\/psol50.org.br\/38-anos-depois-de-atentado-terrorista-contra-aviao-cubano-principal-acusado-continua-livre-nos-eua\/\" \/>\n<meta property=\"og:site_name\" content=\"PSOL 50\" \/>\n<meta property=\"article:publisher\" content=\"https:\/\/www.facebook.com\/psol50\" \/>\n<meta property=\"article:published_time\" content=\"2014-10-09T18:43:44+00:00\" \/>\n<meta property=\"og:image\" content=\"https:\/\/psol50.org.br\/inc\/uploads\/2018\/07\/capa.png\" \/>\n\t<meta property=\"og:image:width\" content=\"1350\" \/>\n\t<meta property=\"og:image:height\" content=\"900\" \/>\n\t<meta property=\"og:image:type\" content=\"image\/png\" \/>\n<meta name=\"author\" content=\"Comunica\u00e7\u00e3o PSOL\" \/>\n<meta name=\"twitter:card\" content=\"summary_large_image\" \/>\n<meta name=\"twitter:creator\" content=\"@psol50\" \/>\n<meta name=\"twitter:site\" content=\"@psol50\" \/>\n<meta name=\"twitter:label1\" content=\"Escrito por\" \/>\n\t<meta name=\"twitter:data1\" content=\"Comunica\u00e7\u00e3o PSOL\" \/>\n\t<meta name=\"twitter:label2\" content=\"Est. tempo de leitura\" \/>\n\t<meta name=\"twitter:data2\" content=\"4 minutos\" \/>\n<script type=\"application\/ld+json\" class=\"yoast-schema-graph\">{\"@context\":\"https:\/\/schema.org\",\"@graph\":[{\"@type\":\"Article\",\"@id\":\"https:\/\/psol50.org.br\/38-anos-depois-de-atentado-terrorista-contra-aviao-cubano-principal-acusado-continua-livre-nos-eua\/#article\",\"isPartOf\":{\"@id\":\"https:\/\/psol50.org.br\/38-anos-depois-de-atentado-terrorista-contra-aviao-cubano-principal-acusado-continua-livre-nos-eua\/\"},\"author\":{\"name\":\"Comunica\u00e7\u00e3o PSOL\",\"@id\":\"https:\/\/psol50.org.br\/#\/schema\/person\/475dfa57d0b815993c714c2e96491fcd\"},\"headline\":\"38 anos depois de atentado terrorista contra avi\u00e3o cubano, principal acusado continua livre nos EUA\",\"datePublished\":\"2014-10-09T18:43:44+00:00\",\"mainEntityOfPage\":{\"@id\":\"https:\/\/psol50.org.br\/38-anos-depois-de-atentado-terrorista-contra-aviao-cubano-principal-acusado-continua-livre-nos-eua\/\"},\"wordCount\":885,\"commentCount\":0,\"publisher\":{\"@id\":\"https:\/\/psol50.org.br\/#organization\"},\"articleSection\":[\"Arquivo\",\"Not\u00edcias\"],\"inLanguage\":\"pt-BR\",\"potentialAction\":[{\"@type\":\"CommentAction\",\"name\":\"Comment\",\"target\":[\"https:\/\/psol50.org.br\/38-anos-depois-de-atentado-terrorista-contra-aviao-cubano-principal-acusado-continua-livre-nos-eua\/#respond\"]}]},{\"@type\":\"WebPage\",\"@id\":\"https:\/\/psol50.org.br\/38-anos-depois-de-atentado-terrorista-contra-aviao-cubano-principal-acusado-continua-livre-nos-eua\/\",\"url\":\"https:\/\/psol50.org.br\/38-anos-depois-de-atentado-terrorista-contra-aviao-cubano-principal-acusado-continua-livre-nos-eua\/\",\"name\":\"38 anos depois de atentado terrorista contra avi\u00e3o cubano, principal acusado continua livre nos EUA - PSOL 50\",\"isPartOf\":{\"@id\":\"https:\/\/psol50.org.br\/#website\"},\"datePublished\":\"2014-10-09T18:43:44+00:00\",\"breadcrumb\":{\"@id\":\"https:\/\/psol50.org.br\/38-anos-depois-de-atentado-terrorista-contra-aviao-cubano-principal-acusado-continua-livre-nos-eua\/#breadcrumb\"},\"inLanguage\":\"pt-BR\",\"potentialAction\":[{\"@type\":\"ReadAction\",\"target\":[\"https:\/\/psol50.org.br\/38-anos-depois-de-atentado-terrorista-contra-aviao-cubano-principal-acusado-continua-livre-nos-eua\/\"]}]},{\"@type\":\"BreadcrumbList\",\"@id\":\"https:\/\/psol50.org.br\/38-anos-depois-de-atentado-terrorista-contra-aviao-cubano-principal-acusado-continua-livre-nos-eua\/#breadcrumb\",\"itemListElement\":[{\"@type\":\"ListItem\",\"position\":1,\"name\":\"In\u00edcio\",\"item\":\"https:\/\/psol50.org.br\/\"},{\"@type\":\"ListItem\",\"position\":2,\"name\":\"38 anos depois de atentado terrorista contra avi\u00e3o cubano, principal acusado continua livre nos EUA\"}]},{\"@type\":\"WebSite\",\"@id\":\"https:\/\/psol50.org.br\/#website\",\"url\":\"https:\/\/psol50.org.br\/\",\"name\":\"PSOL 50\",\"description\":\"Site oficial do Partido Socialismo e Liberdade\",\"publisher\":{\"@id\":\"https:\/\/psol50.org.br\/#organization\"},\"alternateName\":\"PSOL50\",\"potentialAction\":[{\"@type\":\"SearchAction\",\"target\":{\"@type\":\"EntryPoint\",\"urlTemplate\":\"https:\/\/psol50.org.br\/?s={search_term_string}\"},\"query-input\":{\"@type\":\"PropertyValueSpecification\",\"valueRequired\":true,\"valueName\":\"search_term_string\"}}],\"inLanguage\":\"pt-BR\"},{\"@type\":\"Organization\",\"@id\":\"https:\/\/psol50.org.br\/#organization\",\"name\":\"PSOL 50\",\"alternateName\":\"PSOL 50\",\"url\":\"https:\/\/psol50.org.br\/\",\"logo\":{\"@type\":\"ImageObject\",\"inLanguage\":\"pt-BR\",\"@id\":\"https:\/\/psol50.org.br\/#\/schema\/logo\/image\/\",\"url\":\"https:\/\/psol50.org.br\/inc\/uploads\/2018\/07\/capa.png\",\"contentUrl\":\"https:\/\/psol50.org.br\/inc\/uploads\/2018\/07\/capa.png\",\"width\":1350,\"height\":900,\"caption\":\"PSOL 50\"},\"image\":{\"@id\":\"https:\/\/psol50.org.br\/#\/schema\/logo\/image\/\"},\"sameAs\":[\"https:\/\/www.facebook.com\/psol50\",\"https:\/\/x.com\/psol50\",\"https:\/\/www.instagram.com\/psol50\/\",\"https:\/\/www.youtube.com\/channel\/UC7SnJS5o1os7a6CaiNabzcg\"]},{\"@type\":\"Person\",\"@id\":\"https:\/\/psol50.org.br\/#\/schema\/person\/475dfa57d0b815993c714c2e96491fcd\",\"name\":\"Comunica\u00e7\u00e3o PSOL\",\"image\":{\"@type\":\"ImageObject\",\"inLanguage\":\"pt-BR\",\"@id\":\"https:\/\/psol50.org.br\/#\/schema\/person\/image\/\",\"url\":\"https:\/\/secure.gravatar.com\/avatar\/b34fc4f4e468a4e51785917065a3db57b841f5c95dba6ad8c73aaf8f66f8f9bf?s=96&d=mm&r=g\",\"contentUrl\":\"https:\/\/secure.gravatar.com\/avatar\/b34fc4f4e468a4e51785917065a3db57b841f5c95dba6ad8c73aaf8f66f8f9bf?s=96&d=mm&r=g\",\"caption\":\"Comunica\u00e7\u00e3o PSOL\"}}]}<\/script>\n<!-- \/ Yoast SEO plugin. -->","yoast_head_json":{"title":"38 anos depois de atentado terrorista contra avi\u00e3o cubano, principal acusado continua livre nos EUA - PSOL 50","robots":{"index":"index","follow":"follow","max-snippet":"max-snippet:-1","max-image-preview":"max-image-preview:large","max-video-preview":"max-video-preview:-1"},"canonical":"https:\/\/psol50.org.br\/38-anos-depois-de-atentado-terrorista-contra-aviao-cubano-principal-acusado-continua-livre-nos-eua\/","og_locale":"pt_BR","og_type":"article","og_title":"38 anos depois de atentado terrorista contra avi\u00e3o cubano, principal acusado continua livre nos EUA - PSOL 50","og_description":"Esta semana as popula\u00e7\u00f5es de Barbados e de Cuba recordam, com tristeza, os 38 anos do atentado a bomba contra um avi\u00e3o civil cubano, que matou 73 pessoas. Familiares e amigos das v\u00edtimas realizam mobiliza\u00e7\u00f5es nas ilhas caribenhas protestando pela puni\u00e7\u00e3o do principal acusado pelo crime, Luis Posada Carriles, ainda hoje foragido e protegido pelo [&hellip;]","og_url":"https:\/\/psol50.org.br\/38-anos-depois-de-atentado-terrorista-contra-aviao-cubano-principal-acusado-continua-livre-nos-eua\/","og_site_name":"PSOL 50","article_publisher":"https:\/\/www.facebook.com\/psol50","article_published_time":"2014-10-09T18:43:44+00:00","og_image":[{"width":1350,"height":900,"url":"https:\/\/psol50.org.br\/inc\/uploads\/2018\/07\/capa.png","type":"image\/png"}],"author":"Comunica\u00e7\u00e3o PSOL","twitter_card":"summary_large_image","twitter_creator":"@psol50","twitter_site":"@psol50","twitter_misc":{"Escrito por":"Comunica\u00e7\u00e3o PSOL","Est. tempo de leitura":"4 minutos"},"schema":{"@context":"https:\/\/schema.org","@graph":[{"@type":"Article","@id":"https:\/\/psol50.org.br\/38-anos-depois-de-atentado-terrorista-contra-aviao-cubano-principal-acusado-continua-livre-nos-eua\/#article","isPartOf":{"@id":"https:\/\/psol50.org.br\/38-anos-depois-de-atentado-terrorista-contra-aviao-cubano-principal-acusado-continua-livre-nos-eua\/"},"author":{"name":"Comunica\u00e7\u00e3o PSOL","@id":"https:\/\/psol50.org.br\/#\/schema\/person\/475dfa57d0b815993c714c2e96491fcd"},"headline":"38 anos depois de atentado terrorista contra avi\u00e3o cubano, principal acusado continua livre nos EUA","datePublished":"2014-10-09T18:43:44+00:00","mainEntityOfPage":{"@id":"https:\/\/psol50.org.br\/38-anos-depois-de-atentado-terrorista-contra-aviao-cubano-principal-acusado-continua-livre-nos-eua\/"},"wordCount":885,"commentCount":0,"publisher":{"@id":"https:\/\/psol50.org.br\/#organization"},"articleSection":["Arquivo","Not\u00edcias"],"inLanguage":"pt-BR","potentialAction":[{"@type":"CommentAction","name":"Comment","target":["https:\/\/psol50.org.br\/38-anos-depois-de-atentado-terrorista-contra-aviao-cubano-principal-acusado-continua-livre-nos-eua\/#respond"]}]},{"@type":"WebPage","@id":"https:\/\/psol50.org.br\/38-anos-depois-de-atentado-terrorista-contra-aviao-cubano-principal-acusado-continua-livre-nos-eua\/","url":"https:\/\/psol50.org.br\/38-anos-depois-de-atentado-terrorista-contra-aviao-cubano-principal-acusado-continua-livre-nos-eua\/","name":"38 anos depois de atentado terrorista contra avi\u00e3o cubano, principal acusado continua livre nos EUA - PSOL 50","isPartOf":{"@id":"https:\/\/psol50.org.br\/#website"},"datePublished":"2014-10-09T18:43:44+00:00","breadcrumb":{"@id":"https:\/\/psol50.org.br\/38-anos-depois-de-atentado-terrorista-contra-aviao-cubano-principal-acusado-continua-livre-nos-eua\/#breadcrumb"},"inLanguage":"pt-BR","potentialAction":[{"@type":"ReadAction","target":["https:\/\/psol50.org.br\/38-anos-depois-de-atentado-terrorista-contra-aviao-cubano-principal-acusado-continua-livre-nos-eua\/"]}]},{"@type":"BreadcrumbList","@id":"https:\/\/psol50.org.br\/38-anos-depois-de-atentado-terrorista-contra-aviao-cubano-principal-acusado-continua-livre-nos-eua\/#breadcrumb","itemListElement":[{"@type":"ListItem","position":1,"name":"In\u00edcio","item":"https:\/\/psol50.org.br\/"},{"@type":"ListItem","position":2,"name":"38 anos depois de atentado terrorista contra avi\u00e3o cubano, principal acusado continua livre nos EUA"}]},{"@type":"WebSite","@id":"https:\/\/psol50.org.br\/#website","url":"https:\/\/psol50.org.br\/","name":"PSOL 50","description":"Site oficial do Partido Socialismo e Liberdade","publisher":{"@id":"https:\/\/psol50.org.br\/#organization"},"alternateName":"PSOL50","potentialAction":[{"@type":"SearchAction","target":{"@type":"EntryPoint","urlTemplate":"https:\/\/psol50.org.br\/?s={search_term_string}"},"query-input":{"@type":"PropertyValueSpecification","valueRequired":true,"valueName":"search_term_string"}}],"inLanguage":"pt-BR"},{"@type":"Organization","@id":"https:\/\/psol50.org.br\/#organization","name":"PSOL 50","alternateName":"PSOL 50","url":"https:\/\/psol50.org.br\/","logo":{"@type":"ImageObject","inLanguage":"pt-BR","@id":"https:\/\/psol50.org.br\/#\/schema\/logo\/image\/","url":"https:\/\/psol50.org.br\/inc\/uploads\/2018\/07\/capa.png","contentUrl":"https:\/\/psol50.org.br\/inc\/uploads\/2018\/07\/capa.png","width":1350,"height":900,"caption":"PSOL 50"},"image":{"@id":"https:\/\/psol50.org.br\/#\/schema\/logo\/image\/"},"sameAs":["https:\/\/www.facebook.com\/psol50","https:\/\/x.com\/psol50","https:\/\/www.instagram.com\/psol50\/","https:\/\/www.youtube.com\/channel\/UC7SnJS5o1os7a6CaiNabzcg"]},{"@type":"Person","@id":"https:\/\/psol50.org.br\/#\/schema\/person\/475dfa57d0b815993c714c2e96491fcd","name":"Comunica\u00e7\u00e3o PSOL","image":{"@type":"ImageObject","inLanguage":"pt-BR","@id":"https:\/\/psol50.org.br\/#\/schema\/person\/image\/","url":"https:\/\/secure.gravatar.com\/avatar\/b34fc4f4e468a4e51785917065a3db57b841f5c95dba6ad8c73aaf8f66f8f9bf?s=96&d=mm&r=g","contentUrl":"https:\/\/secure.gravatar.com\/avatar\/b34fc4f4e468a4e51785917065a3db57b841f5c95dba6ad8c73aaf8f66f8f9bf?s=96&d=mm&r=g","caption":"Comunica\u00e7\u00e3o PSOL"}}]}},"_links":{"self":[{"href":"https:\/\/psol50.org.br\/rest\/wp\/v2\/posts\/3019","targetHints":{"allow":["GET"]}}],"collection":[{"href":"https:\/\/psol50.org.br\/rest\/wp\/v2\/posts"}],"about":[{"href":"https:\/\/psol50.org.br\/rest\/wp\/v2\/types\/post"}],"author":[{"embeddable":true,"href":"https:\/\/psol50.org.br\/rest\/wp\/v2\/users\/2"}],"replies":[{"embeddable":true,"href":"https:\/\/psol50.org.br\/rest\/wp\/v2\/comments?post=3019"}],"version-history":[{"count":0,"href":"https:\/\/psol50.org.br\/rest\/wp\/v2\/posts\/3019\/revisions"}],"wp:attachment":[{"href":"https:\/\/psol50.org.br\/rest\/wp\/v2\/media?parent=3019"}],"wp:term":[{"taxonomy":"category","embeddable":true,"href":"https:\/\/psol50.org.br\/rest\/wp\/v2\/categories?post=3019"},{"taxonomy":"post_tag","embeddable":true,"href":"https:\/\/psol50.org.br\/rest\/wp\/v2\/tags?post=3019"}],"curies":[{"name":"wp","href":"https:\/\/api.w.org\/{rel}","templated":true}]}}