{"id":30197,"date":"2020-07-24T13:50:47","date_gmt":"2020-07-24T16:50:47","guid":{"rendered":"https:\/\/psol50.org.br\/?p=30197"},"modified":"2020-07-24T13:50:47","modified_gmt":"2020-07-24T16:50:47","slug":"psol-recorre-no-mpf-apos-arquivamento-de-representacao-contra-fabio-wajngarten-por-propaganda-de-cloroquina","status":"publish","type":"post","link":"https:\/\/psol50.org.br\/psol-recorre-no-mpf-apos-arquivamento-de-representacao-contra-fabio-wajngarten-por-propaganda-de-cloroquina\/","title":{"rendered":"PSOL recorre no MPF ap\u00f3s arquivamento de representa\u00e7\u00e3o contra Fabio Wajngarten por propaganda de cloroquina"},"content":{"rendered":"<p><a href=\"https:\/\/impeachmentpopular.com.br\/\" target=\"_blank\" rel=\"noopener noreferrer\"><img loading=\"lazy\" decoding=\"async\" class=\"alignnone size-full wp-image-29118\" src=\"https:\/\/psol50.org.br\/inc\/uploads\/2020\/05\/Email_Impeachment.png\" alt=\"\" width=\"1080\" height=\"250\" srcset=\"https:\/\/psol50.org.br\/inc\/uploads\/2020\/05\/Email_Impeachment.png 1080w, https:\/\/psol50.org.br\/inc\/uploads\/2020\/05\/Email_Impeachment-300x69.png 300w, https:\/\/psol50.org.br\/inc\/uploads\/2020\/05\/Email_Impeachment-1024x237.png 1024w, https:\/\/psol50.org.br\/inc\/uploads\/2020\/05\/Email_Impeachment-768x178.png 768w, https:\/\/psol50.org.br\/inc\/uploads\/2020\/05\/Email_Impeachment-150x35.png 150w, https:\/\/psol50.org.br\/inc\/uploads\/2020\/05\/Email_Impeachment-696x161.png 696w, https:\/\/psol50.org.br\/inc\/uploads\/2020\/05\/Email_Impeachment-1068x247.png 1068w\" sizes=\"auto, (max-width: 1080px) 100vw, 1080px\" \/><\/a><\/p>\n<p>O PSOL entrou nesta quinta-feira (23), com um recurso no Minist\u00e9rio P\u00fablico Federal (MPF) contestando o arquivamento da representa\u00e7\u00e3o contra o ex-chefe da Secom (Secretaria de Comunica\u00e7\u00e3o Social da Presid\u00eancia), Fabio Wajngarten, por postagem sobre efic\u00e1cia do uso da cloroquina nas redes sociais do governo.<\/p>\n<p>No dia 21 de maio, um tu\u00edte publicado no perfil da Secom dizia que a &#8220;hidroxicloroquina \u00e9 o tratamento mais eficaz contra o coronav\u00edrus atualmente dispon\u00edvel&#8221;, enquanto diversos estudos cient\u00edficos atestam que o uso dos medicamentos n\u00e3o tem efic\u00e1cia no tratamento da Covid-19. A postagem foi posteriormente apagada.<\/p>\n<p>No recurso, o partido argumenta que a hidroxicloroquina segue sendo propagandeada pelo governo federal como um rem\u00e9dio extremamente eficaz, mesmo sem evid\u00eancia cient\u00edficas que comprovem. Pelo contr\u00e1rio, s\u00e3o conhecidos os efeitos colaterais cardiovasculares graves que pode ocasionar.<\/p>\n<p>\u201cRecentemente, o presidente da rep\u00fablica contraiu covid-19 e no \u00faltimo domingo, 19 de julho de 2020, ainda em tratamento, ele apareceu perante os apoiadores que se aglomeravam em frente ao Pal\u00e1cio da Alvorada e ergueu uma caixa de Hidroxicloroquina. Os presentes aplaudiram o medicamento aos gritos. O v\u00eddeo foi transmitido ao vivo pelas redes sociais do presidente e o trecho da sauda\u00e7\u00e3o ao rem\u00e9dio logo viralizou\u201d, afirma o documento. Al\u00e9m disso, o presidente da rep\u00fablica in\u00fameras vezes minimizou a gravidade da doen\u00e7a, desincentivou o isolamento social e o uso de m\u00e1scara.<\/p>\n<p>Na justificativa para o arquivamento, o MPF reconhece que a afirma\u00e7\u00e3o publicada no tu\u00edte, de que o uso dos medicamentos Cloroquina e Hidroxicloroquina seriam o melhor tratamento dispon\u00edvel na atualidade para o combate \u00e0 Covid-19 \u00e9, no m\u00ednimo, question\u00e1vel, tendo em vista que \u00f3rg\u00e3os de renome internacional como a Organiza\u00e7\u00e3o Mundial da Sa\u00fade j\u00e1 emitiram posicionamentos contr\u00e1rios ao uso destes medicamentos. Por\u00e9m, afirma que faltam ind\u00edcios ou demais circunst\u00e2ncias para sustentar que a a\u00e7\u00e3o foi maliciosamente praticada por Fabio Wajngarten para refor\u00e7ar a plataforma pol\u00edtica do atual Presidente da Rep\u00fablica.<\/p>\n<p>\u201cDiscordamos dessa conclus\u00e3o. N\u00e3o faltam exemplos para mostrar que h\u00e1 em curso um sistem\u00e1tico modelo de dissemina\u00e7\u00e3o de fake news sobre a cloroquina, que est\u00e1 afetando diretamente o direito \u00e0 vida e \u00e0 sa\u00fade do povo brasileiro, atrav\u00e9s do uso da m\u00e1quina p\u00fablica\u201d, afirma Juliano Medeiros, presidente nacional do PSOL.<\/p>\n<p>Assim, o recurso do partido pede que a Procuradoria tenha uma postura incisiva na veda\u00e7\u00e3o \u00e0 propaganda do medicamento como eficaz no tratamento da covid-19 pelo governo federal e seus agentes pol\u00edticos. Solicita ainda d\u00ea se continuidade \u00e0s investiga\u00e7\u00f5es para responsabilizar os agentes p\u00fablicos que, por meio dessas not\u00edcias falsas atacam e colocam em risco a democracia e a Constitui\u00e7\u00e3o Federal brasileira.<\/p>\n","protected":false},"excerpt":{"rendered":"<p>O PSOL entrou nesta quinta-feira (23), com um recurso no Minist\u00e9rio P\u00fablico Federal (MPF) contestando o arquivamento da representa\u00e7\u00e3o contra o ex-chefe da Secom (Secretaria de Comunica\u00e7\u00e3o Social da Presid\u00eancia), Fabio Wajngarten, por postagem sobre efic\u00e1cia do uso da cloroquina nas redes sociais do governo. No dia 21 de maio, um tu\u00edte publicado no perfil [&hellip;]<\/p>\n","protected":false},"author":2,"featured_media":30199,"comment_status":"closed","ping_status":"open","sticky":false,"template":"","format":"standard","meta":{"_acf_changed":false,"footnotes":""},"categories":[6,14],"tags":[716,59,718,76,966,22,60],"class_list":{"0":"post-30197","1":"post","2":"type-post","3":"status-publish","4":"format-standard","5":"has-post-thumbnail","7":"category-noticias","8":"category-partido","9":"tag-cloroquina","10":"tag-fabio-wajngarten","11":"tag-hidroxicloroquina","12":"tag-mpf","13":"tag-propaganda","14":"tag-psol","15":"tag-secom"},"acf":[],"yoast_head":"<!-- This site is optimized with the Yoast SEO plugin v26.5 - https:\/\/yoast.com\/wordpress\/plugins\/seo\/ -->\n<title>PSOL recorre no MPF ap\u00f3s arquivamento de representa\u00e7\u00e3o contra Fabio Wajngarten por propaganda de cloroquina<\/title>\n<meta name=\"description\" content=\"No dia 21 de maio, um tu\u00edte publicado no perfil da Secom dizia que a &quot;hidroxicloroquina \u00e9 o tratamento mais eficaz contra o coronav\u00edrus atualmente dispon\u00edvel&quot;\" \/>\n<meta name=\"robots\" content=\"index, follow, max-snippet:-1, max-image-preview:large, max-video-preview:-1\" \/>\n<link rel=\"canonical\" href=\"https:\/\/psol50.org.br\/psol-recorre-no-mpf-apos-arquivamento-de-representacao-contra-fabio-wajngarten-por-propaganda-de-cloroquina\/\" \/>\n<meta property=\"og:locale\" content=\"pt_BR\" \/>\n<meta property=\"og:type\" content=\"article\" \/>\n<meta property=\"og:title\" content=\"PSOL recorre no MPF ap\u00f3s arquivamento de representa\u00e7\u00e3o contra Fabio Wajngarten por propaganda de cloroquina\" \/>\n<meta property=\"og:description\" content=\"No dia 21 de maio, um tu\u00edte publicado no perfil da Secom dizia que a &quot;hidroxicloroquina \u00e9 o tratamento mais eficaz contra o coronav\u00edrus atualmente dispon\u00edvel&quot;\" \/>\n<meta property=\"og:url\" content=\"https:\/\/psol50.org.br\/psol-recorre-no-mpf-apos-arquivamento-de-representacao-contra-fabio-wajngarten-por-propaganda-de-cloroquina\/\" \/>\n<meta property=\"og:site_name\" content=\"PSOL 50\" \/>\n<meta property=\"article:publisher\" content=\"https:\/\/www.facebook.com\/psol50\" \/>\n<meta property=\"article:published_time\" content=\"2020-07-24T16:50:47+00:00\" \/>\n<meta property=\"og:image\" content=\"https:\/\/psol50.org.br\/inc\/uploads\/2020\/07\/selo01.jpg\" \/>\n\t<meta property=\"og:image:width\" content=\"984\" \/>\n\t<meta property=\"og:image:height\" content=\"549\" \/>\n\t<meta property=\"og:image:type\" content=\"image\/jpeg\" \/>\n<meta name=\"author\" content=\"Comunica\u00e7\u00e3o PSOL\" \/>\n<meta name=\"twitter:card\" content=\"summary_large_image\" \/>\n<meta name=\"twitter:title\" content=\"PSOL recorre no MPF ap\u00f3s arquivamento de representa\u00e7\u00e3o contra Fabio Wajngarten por propaganda de cloroquina\" \/>\n<meta name=\"twitter:description\" content=\"No dia 21 de maio, um tu\u00edte publicado no perfil da Secom dizia que a &quot;hidroxicloroquina \u00e9 o tratamento mais eficaz contra o coronav\u00edrus atualmente dispon\u00edvel&quot;\" \/>\n<meta name=\"twitter:image\" content=\"https:\/\/psol50.org.br\/inc\/uploads\/2020\/07\/selo01.jpg\" \/>\n<meta name=\"twitter:creator\" content=\"@psol50\" \/>\n<meta name=\"twitter:site\" content=\"@psol50\" \/>\n<meta name=\"twitter:label1\" content=\"Escrito por\" \/>\n\t<meta name=\"twitter:data1\" content=\"Comunica\u00e7\u00e3o PSOL\" \/>\n\t<meta name=\"twitter:label2\" content=\"Est. tempo de leitura\" \/>\n\t<meta name=\"twitter:data2\" content=\"2 minutos\" \/>\n<script type=\"application\/ld+json\" class=\"yoast-schema-graph\">{\"@context\":\"https:\/\/schema.org\",\"@graph\":[{\"@type\":\"Article\",\"@id\":\"https:\/\/psol50.org.br\/psol-recorre-no-mpf-apos-arquivamento-de-representacao-contra-fabio-wajngarten-por-propaganda-de-cloroquina\/#article\",\"isPartOf\":{\"@id\":\"https:\/\/psol50.org.br\/psol-recorre-no-mpf-apos-arquivamento-de-representacao-contra-fabio-wajngarten-por-propaganda-de-cloroquina\/\"},\"author\":{\"name\":\"Comunica\u00e7\u00e3o PSOL\",\"@id\":\"https:\/\/psol50.org.br\/#\/schema\/person\/475dfa57d0b815993c714c2e96491fcd\"},\"headline\":\"PSOL recorre no MPF ap\u00f3s arquivamento de representa\u00e7\u00e3o contra Fabio Wajngarten por propaganda de cloroquina\",\"datePublished\":\"2020-07-24T16:50:47+00:00\",\"mainEntityOfPage\":{\"@id\":\"https:\/\/psol50.org.br\/psol-recorre-no-mpf-apos-arquivamento-de-representacao-contra-fabio-wajngarten-por-propaganda-de-cloroquina\/\"},\"wordCount\":487,\"publisher\":{\"@id\":\"https:\/\/psol50.org.br\/#organization\"},\"image\":{\"@id\":\"https:\/\/psol50.org.br\/psol-recorre-no-mpf-apos-arquivamento-de-representacao-contra-fabio-wajngarten-por-propaganda-de-cloroquina\/#primaryimage\"},\"thumbnailUrl\":\"https:\/\/psol50.org.br\/inc\/uploads\/2020\/07\/selo01.jpg\",\"keywords\":[\"cloroquina\",\"fabio wajngarten\",\"hidroxicloroquina\",\"MPF\",\"propaganda\",\"PSOL\",\"secom\"],\"articleSection\":[\"Not\u00edcias\",\"Partido\"],\"inLanguage\":\"pt-BR\"},{\"@type\":\"WebPage\",\"@id\":\"https:\/\/psol50.org.br\/psol-recorre-no-mpf-apos-arquivamento-de-representacao-contra-fabio-wajngarten-por-propaganda-de-cloroquina\/\",\"url\":\"https:\/\/psol50.org.br\/psol-recorre-no-mpf-apos-arquivamento-de-representacao-contra-fabio-wajngarten-por-propaganda-de-cloroquina\/\",\"name\":\"PSOL recorre no MPF ap\u00f3s arquivamento de representa\u00e7\u00e3o contra Fabio Wajngarten por propaganda de cloroquina\",\"isPartOf\":{\"@id\":\"https:\/\/psol50.org.br\/#website\"},\"primaryImageOfPage\":{\"@id\":\"https:\/\/psol50.org.br\/psol-recorre-no-mpf-apos-arquivamento-de-representacao-contra-fabio-wajngarten-por-propaganda-de-cloroquina\/#primaryimage\"},\"image\":{\"@id\":\"https:\/\/psol50.org.br\/psol-recorre-no-mpf-apos-arquivamento-de-representacao-contra-fabio-wajngarten-por-propaganda-de-cloroquina\/#primaryimage\"},\"thumbnailUrl\":\"https:\/\/psol50.org.br\/inc\/uploads\/2020\/07\/selo01.jpg\",\"datePublished\":\"2020-07-24T16:50:47+00:00\",\"description\":\"No dia 21 de maio, um tu\u00edte publicado no perfil da Secom dizia que a \\\"hidroxicloroquina \u00e9 o tratamento mais eficaz contra o coronav\u00edrus atualmente dispon\u00edvel\\\"\",\"breadcrumb\":{\"@id\":\"https:\/\/psol50.org.br\/psol-recorre-no-mpf-apos-arquivamento-de-representacao-contra-fabio-wajngarten-por-propaganda-de-cloroquina\/#breadcrumb\"},\"inLanguage\":\"pt-BR\",\"potentialAction\":[{\"@type\":\"ReadAction\",\"target\":[\"https:\/\/psol50.org.br\/psol-recorre-no-mpf-apos-arquivamento-de-representacao-contra-fabio-wajngarten-por-propaganda-de-cloroquina\/\"]}]},{\"@type\":\"ImageObject\",\"inLanguage\":\"pt-BR\",\"@id\":\"https:\/\/psol50.org.br\/psol-recorre-no-mpf-apos-arquivamento-de-representacao-contra-fabio-wajngarten-por-propaganda-de-cloroquina\/#primaryimage\",\"url\":\"https:\/\/psol50.org.br\/inc\/uploads\/2020\/07\/selo01.jpg\",\"contentUrl\":\"https:\/\/psol50.org.br\/inc\/uploads\/2020\/07\/selo01.jpg\",\"width\":984,\"height\":549},{\"@type\":\"BreadcrumbList\",\"@id\":\"https:\/\/psol50.org.br\/psol-recorre-no-mpf-apos-arquivamento-de-representacao-contra-fabio-wajngarten-por-propaganda-de-cloroquina\/#breadcrumb\",\"itemListElement\":[{\"@type\":\"ListItem\",\"position\":1,\"name\":\"In\u00edcio\",\"item\":\"https:\/\/psol50.org.br\/\"},{\"@type\":\"ListItem\",\"position\":2,\"name\":\"PSOL recorre no MPF ap\u00f3s arquivamento de representa\u00e7\u00e3o contra Fabio Wajngarten por propaganda de cloroquina\"}]},{\"@type\":\"WebSite\",\"@id\":\"https:\/\/psol50.org.br\/#website\",\"url\":\"https:\/\/psol50.org.br\/\",\"name\":\"PSOL 50\",\"description\":\"Site oficial do Partido Socialismo e Liberdade\",\"publisher\":{\"@id\":\"https:\/\/psol50.org.br\/#organization\"},\"alternateName\":\"PSOL50\",\"potentialAction\":[{\"@type\":\"SearchAction\",\"target\":{\"@type\":\"EntryPoint\",\"urlTemplate\":\"https:\/\/psol50.org.br\/?s={search_term_string}\"},\"query-input\":{\"@type\":\"PropertyValueSpecification\",\"valueRequired\":true,\"valueName\":\"search_term_string\"}}],\"inLanguage\":\"pt-BR\"},{\"@type\":\"Organization\",\"@id\":\"https:\/\/psol50.org.br\/#organization\",\"name\":\"PSOL 50\",\"alternateName\":\"PSOL 50\",\"url\":\"https:\/\/psol50.org.br\/\",\"logo\":{\"@type\":\"ImageObject\",\"inLanguage\":\"pt-BR\",\"@id\":\"https:\/\/psol50.org.br\/#\/schema\/logo\/image\/\",\"url\":\"https:\/\/psol50.org.br\/inc\/uploads\/2018\/07\/capa.png\",\"contentUrl\":\"https:\/\/psol50.org.br\/inc\/uploads\/2018\/07\/capa.png\",\"width\":1350,\"height\":900,\"caption\":\"PSOL 50\"},\"image\":{\"@id\":\"https:\/\/psol50.org.br\/#\/schema\/logo\/image\/\"},\"sameAs\":[\"https:\/\/www.facebook.com\/psol50\",\"https:\/\/x.com\/psol50\",\"https:\/\/www.instagram.com\/psol50\/\",\"https:\/\/www.youtube.com\/channel\/UC7SnJS5o1os7a6CaiNabzcg\"]},{\"@type\":\"Person\",\"@id\":\"https:\/\/psol50.org.br\/#\/schema\/person\/475dfa57d0b815993c714c2e96491fcd\",\"name\":\"Comunica\u00e7\u00e3o PSOL\",\"image\":{\"@type\":\"ImageObject\",\"inLanguage\":\"pt-BR\",\"@id\":\"https:\/\/psol50.org.br\/#\/schema\/person\/image\/\",\"url\":\"https:\/\/secure.gravatar.com\/avatar\/b34fc4f4e468a4e51785917065a3db57b841f5c95dba6ad8c73aaf8f66f8f9bf?s=96&d=mm&r=g\",\"contentUrl\":\"https:\/\/secure.gravatar.com\/avatar\/b34fc4f4e468a4e51785917065a3db57b841f5c95dba6ad8c73aaf8f66f8f9bf?s=96&d=mm&r=g\",\"caption\":\"Comunica\u00e7\u00e3o PSOL\"}}]}<\/script>\n<!-- \/ Yoast SEO plugin. -->","yoast_head_json":{"title":"PSOL recorre no MPF ap\u00f3s arquivamento de representa\u00e7\u00e3o contra Fabio Wajngarten por propaganda de cloroquina","description":"No dia 21 de maio, um tu\u00edte publicado no perfil da Secom dizia que a \"hidroxicloroquina \u00e9 o tratamento mais eficaz contra o coronav\u00edrus atualmente dispon\u00edvel\"","robots":{"index":"index","follow":"follow","max-snippet":"max-snippet:-1","max-image-preview":"max-image-preview:large","max-video-preview":"max-video-preview:-1"},"canonical":"https:\/\/psol50.org.br\/psol-recorre-no-mpf-apos-arquivamento-de-representacao-contra-fabio-wajngarten-por-propaganda-de-cloroquina\/","og_locale":"pt_BR","og_type":"article","og_title":"PSOL recorre no MPF ap\u00f3s arquivamento de representa\u00e7\u00e3o contra Fabio Wajngarten por propaganda de cloroquina","og_description":"No dia 21 de maio, um tu\u00edte publicado no perfil da Secom dizia que a \"hidroxicloroquina \u00e9 o tratamento mais eficaz contra o coronav\u00edrus atualmente dispon\u00edvel\"","og_url":"https:\/\/psol50.org.br\/psol-recorre-no-mpf-apos-arquivamento-de-representacao-contra-fabio-wajngarten-por-propaganda-de-cloroquina\/","og_site_name":"PSOL 50","article_publisher":"https:\/\/www.facebook.com\/psol50","article_published_time":"2020-07-24T16:50:47+00:00","og_image":[{"width":984,"height":549,"url":"https:\/\/psol50.org.br\/inc\/uploads\/2020\/07\/selo01.jpg","type":"image\/jpeg"}],"author":"Comunica\u00e7\u00e3o PSOL","twitter_card":"summary_large_image","twitter_title":"PSOL recorre no MPF ap\u00f3s arquivamento de representa\u00e7\u00e3o contra Fabio Wajngarten por propaganda de cloroquina","twitter_description":"No dia 21 de maio, um tu\u00edte publicado no perfil da Secom dizia que a \"hidroxicloroquina \u00e9 o tratamento mais eficaz contra o coronav\u00edrus atualmente dispon\u00edvel\"","twitter_image":"https:\/\/psol50.org.br\/inc\/uploads\/2020\/07\/selo01.jpg","twitter_creator":"@psol50","twitter_site":"@psol50","twitter_misc":{"Escrito por":"Comunica\u00e7\u00e3o PSOL","Est. tempo de leitura":"2 minutos"},"schema":{"@context":"https:\/\/schema.org","@graph":[{"@type":"Article","@id":"https:\/\/psol50.org.br\/psol-recorre-no-mpf-apos-arquivamento-de-representacao-contra-fabio-wajngarten-por-propaganda-de-cloroquina\/#article","isPartOf":{"@id":"https:\/\/psol50.org.br\/psol-recorre-no-mpf-apos-arquivamento-de-representacao-contra-fabio-wajngarten-por-propaganda-de-cloroquina\/"},"author":{"name":"Comunica\u00e7\u00e3o PSOL","@id":"https:\/\/psol50.org.br\/#\/schema\/person\/475dfa57d0b815993c714c2e96491fcd"},"headline":"PSOL recorre no MPF ap\u00f3s arquivamento de representa\u00e7\u00e3o contra Fabio Wajngarten por propaganda de cloroquina","datePublished":"2020-07-24T16:50:47+00:00","mainEntityOfPage":{"@id":"https:\/\/psol50.org.br\/psol-recorre-no-mpf-apos-arquivamento-de-representacao-contra-fabio-wajngarten-por-propaganda-de-cloroquina\/"},"wordCount":487,"publisher":{"@id":"https:\/\/psol50.org.br\/#organization"},"image":{"@id":"https:\/\/psol50.org.br\/psol-recorre-no-mpf-apos-arquivamento-de-representacao-contra-fabio-wajngarten-por-propaganda-de-cloroquina\/#primaryimage"},"thumbnailUrl":"https:\/\/psol50.org.br\/inc\/uploads\/2020\/07\/selo01.jpg","keywords":["cloroquina","fabio wajngarten","hidroxicloroquina","MPF","propaganda","PSOL","secom"],"articleSection":["Not\u00edcias","Partido"],"inLanguage":"pt-BR"},{"@type":"WebPage","@id":"https:\/\/psol50.org.br\/psol-recorre-no-mpf-apos-arquivamento-de-representacao-contra-fabio-wajngarten-por-propaganda-de-cloroquina\/","url":"https:\/\/psol50.org.br\/psol-recorre-no-mpf-apos-arquivamento-de-representacao-contra-fabio-wajngarten-por-propaganda-de-cloroquina\/","name":"PSOL recorre no MPF ap\u00f3s arquivamento de representa\u00e7\u00e3o contra Fabio Wajngarten por propaganda de cloroquina","isPartOf":{"@id":"https:\/\/psol50.org.br\/#website"},"primaryImageOfPage":{"@id":"https:\/\/psol50.org.br\/psol-recorre-no-mpf-apos-arquivamento-de-representacao-contra-fabio-wajngarten-por-propaganda-de-cloroquina\/#primaryimage"},"image":{"@id":"https:\/\/psol50.org.br\/psol-recorre-no-mpf-apos-arquivamento-de-representacao-contra-fabio-wajngarten-por-propaganda-de-cloroquina\/#primaryimage"},"thumbnailUrl":"https:\/\/psol50.org.br\/inc\/uploads\/2020\/07\/selo01.jpg","datePublished":"2020-07-24T16:50:47+00:00","description":"No dia 21 de maio, um tu\u00edte publicado no perfil da Secom dizia que a \"hidroxicloroquina \u00e9 o tratamento mais eficaz contra o coronav\u00edrus atualmente dispon\u00edvel\"","breadcrumb":{"@id":"https:\/\/psol50.org.br\/psol-recorre-no-mpf-apos-arquivamento-de-representacao-contra-fabio-wajngarten-por-propaganda-de-cloroquina\/#breadcrumb"},"inLanguage":"pt-BR","potentialAction":[{"@type":"ReadAction","target":["https:\/\/psol50.org.br\/psol-recorre-no-mpf-apos-arquivamento-de-representacao-contra-fabio-wajngarten-por-propaganda-de-cloroquina\/"]}]},{"@type":"ImageObject","inLanguage":"pt-BR","@id":"https:\/\/psol50.org.br\/psol-recorre-no-mpf-apos-arquivamento-de-representacao-contra-fabio-wajngarten-por-propaganda-de-cloroquina\/#primaryimage","url":"https:\/\/psol50.org.br\/inc\/uploads\/2020\/07\/selo01.jpg","contentUrl":"https:\/\/psol50.org.br\/inc\/uploads\/2020\/07\/selo01.jpg","width":984,"height":549},{"@type":"BreadcrumbList","@id":"https:\/\/psol50.org.br\/psol-recorre-no-mpf-apos-arquivamento-de-representacao-contra-fabio-wajngarten-por-propaganda-de-cloroquina\/#breadcrumb","itemListElement":[{"@type":"ListItem","position":1,"name":"In\u00edcio","item":"https:\/\/psol50.org.br\/"},{"@type":"ListItem","position":2,"name":"PSOL recorre no MPF ap\u00f3s arquivamento de representa\u00e7\u00e3o contra Fabio Wajngarten por propaganda de cloroquina"}]},{"@type":"WebSite","@id":"https:\/\/psol50.org.br\/#website","url":"https:\/\/psol50.org.br\/","name":"PSOL 50","description":"Site oficial do Partido Socialismo e Liberdade","publisher":{"@id":"https:\/\/psol50.org.br\/#organization"},"alternateName":"PSOL50","potentialAction":[{"@type":"SearchAction","target":{"@type":"EntryPoint","urlTemplate":"https:\/\/psol50.org.br\/?s={search_term_string}"},"query-input":{"@type":"PropertyValueSpecification","valueRequired":true,"valueName":"search_term_string"}}],"inLanguage":"pt-BR"},{"@type":"Organization","@id":"https:\/\/psol50.org.br\/#organization","name":"PSOL 50","alternateName":"PSOL 50","url":"https:\/\/psol50.org.br\/","logo":{"@type":"ImageObject","inLanguage":"pt-BR","@id":"https:\/\/psol50.org.br\/#\/schema\/logo\/image\/","url":"https:\/\/psol50.org.br\/inc\/uploads\/2018\/07\/capa.png","contentUrl":"https:\/\/psol50.org.br\/inc\/uploads\/2018\/07\/capa.png","width":1350,"height":900,"caption":"PSOL 50"},"image":{"@id":"https:\/\/psol50.org.br\/#\/schema\/logo\/image\/"},"sameAs":["https:\/\/www.facebook.com\/psol50","https:\/\/x.com\/psol50","https:\/\/www.instagram.com\/psol50\/","https:\/\/www.youtube.com\/channel\/UC7SnJS5o1os7a6CaiNabzcg"]},{"@type":"Person","@id":"https:\/\/psol50.org.br\/#\/schema\/person\/475dfa57d0b815993c714c2e96491fcd","name":"Comunica\u00e7\u00e3o PSOL","image":{"@type":"ImageObject","inLanguage":"pt-BR","@id":"https:\/\/psol50.org.br\/#\/schema\/person\/image\/","url":"https:\/\/secure.gravatar.com\/avatar\/b34fc4f4e468a4e51785917065a3db57b841f5c95dba6ad8c73aaf8f66f8f9bf?s=96&d=mm&r=g","contentUrl":"https:\/\/secure.gravatar.com\/avatar\/b34fc4f4e468a4e51785917065a3db57b841f5c95dba6ad8c73aaf8f66f8f9bf?s=96&d=mm&r=g","caption":"Comunica\u00e7\u00e3o PSOL"}}]}},"_links":{"self":[{"href":"https:\/\/psol50.org.br\/rest\/wp\/v2\/posts\/30197","targetHints":{"allow":["GET"]}}],"collection":[{"href":"https:\/\/psol50.org.br\/rest\/wp\/v2\/posts"}],"about":[{"href":"https:\/\/psol50.org.br\/rest\/wp\/v2\/types\/post"}],"author":[{"embeddable":true,"href":"https:\/\/psol50.org.br\/rest\/wp\/v2\/users\/2"}],"replies":[{"embeddable":true,"href":"https:\/\/psol50.org.br\/rest\/wp\/v2\/comments?post=30197"}],"version-history":[{"count":0,"href":"https:\/\/psol50.org.br\/rest\/wp\/v2\/posts\/30197\/revisions"}],"wp:featuredmedia":[{"embeddable":true,"href":"https:\/\/psol50.org.br\/rest\/wp\/v2\/media\/30199"}],"wp:attachment":[{"href":"https:\/\/psol50.org.br\/rest\/wp\/v2\/media?parent=30197"}],"wp:term":[{"taxonomy":"category","embeddable":true,"href":"https:\/\/psol50.org.br\/rest\/wp\/v2\/categories?post=30197"},{"taxonomy":"post_tag","embeddable":true,"href":"https:\/\/psol50.org.br\/rest\/wp\/v2\/tags?post=30197"}],"curies":[{"name":"wp","href":"https:\/\/api.w.org\/{rel}","templated":true}]}}