{"id":3024,"date":"2014-10-15T00:00:00","date_gmt":"2014-10-15T16:53:11","guid":{"rendered":"http:\/\/psol50.org.br\/arquivo\/2014\/10\/15\/politica-neoliberal-do-estado-mexicano-viola-direitos-e-expoe-populacoes-a-injustica\/"},"modified":"2014-10-15T00:00:00","modified_gmt":"2014-10-15T16:53:11","slug":"politica-neoliberal-do-estado-mexicano-viola-direitos-e-expoe-populacoes-a-injustica","status":"publish","type":"post","link":"https:\/\/psol50.org.br\/politica-neoliberal-do-estado-mexicano-viola-direitos-e-expoe-populacoes-a-injustica\/","title":{"rendered":"Pol\u00edtica neoliberal do Estado mexicano viola direitos e exp\u00f5e popula\u00e7\u00f5es \u00e0 injusti\u00e7a"},"content":{"rendered":"<p style=\"text-align: justify;\">\n\t<span style=\"font-family:arial,helvetica,sans-serif;\"><span style=\"font-size: 12px;\">Ao analisar a cont\u00ednua &#8220;pol\u00edtica de desprezo, discrimina\u00e7\u00e3o, injusti\u00e7a, impunidade e morte\u201d enfrentadas pelos povos, comunidades e processos de organiza\u00e7\u00e3o mexicanos, o relat\u00f3rio <em>Os direitos humanos em debate: entre o cinismo oficial e a dignidade dos povos<\/em> aponta uma s\u00edntese da realidade da popula\u00e7\u00e3o do Estado de Chiapas, no sudeste do pa\u00eds. Elaborado e divulgado pelo Centro de Direitos Humanos Fray Bartomol\u00e9 de las Casas (<a href=\"http:\/\/www.frayba.org.mx\/\">Frayba<\/a>), o documento oferece dados relativos ao per\u00edodo compreendido entre janeiro de 2013 e julho de 2014.<br \/>\n\t&nbsp;<br \/>\n\tNo que se refere \u00e0s espolia\u00e7\u00f5es, o Frayba aponta que os governos estaduais do M\u00e9xico buscam mercantilizar terras e territ\u00f3rios, enquanto povos origin\u00e1rios se organizam para n\u00e3o serem c\u00famplices de projetos que investem na produ\u00e7\u00e3o de agro-combust\u00edveis, na concess\u00e3o e explora\u00e7\u00e3o de projetos mineradores entre outros tantos considerados &#8220;planos de desenvolvimento\u201d da Meso-Am\u00e9rica. Segundo o levantamento, tais pol\u00edticas neoliberais fazem parte da negativa hist\u00f3rica ao reconhecimento pleno dos direitos coletivos dos povos ind\u00edgenas por parte do Estado mexicano.<br \/>\n\t&nbsp;<br \/>\n\t&#8220;Essas pol\u00edticas fazem parte dos grandes neg\u00f3cios deste s\u00e9culo, entre eles o chamado \u2018ouro verde\u2019, j\u00e1 que o capital estrangeiro e nacional tem a mira posta na explora\u00e7\u00e3o da grande biodiversidade que h\u00e1 no Estado, o que representa um choque com a diversidade de sistemas de vida, que t\u00eam suas ra\u00edzes e identidades subjacentes desde antes da coloniza\u00e7\u00e3o espanhola at\u00e9 a atualidade\u201d, aponta o relat\u00f3rio.<br \/>\n\t&nbsp;<br \/>\n\tUm resultado desse tipo de pol\u00edtica governamental \u00e9 o deslocamento for\u00e7ado dos povos. De 2013 at\u00e9 agora, foram registrados pelo Frayba 36 pessoas que se viram obrigadas a desagregarem-se de suas comunidades de origem, 170 que sofreram desalojamento de suas terras e quatro fam\u00edlias que tiveram de deixar seu domic\u00edlio no Estado de Chiapas.<br \/>\n\t&nbsp;<br \/>\n\tJ\u00e1 na defesa dos direitos humanos, o Centro aponta que h\u00e1 repetidas promessas de promo\u00e7\u00e3o, respeito e garantia de compromissos ratificados em inst\u00e2ncias internacionais por parte do Estado. Por\u00e9m, o que se nota na pr\u00e1tica cotidiana \u00e9 uma nega\u00e7\u00e3o de direitos e liberdades b\u00e1sicas, que se expressa atrav\u00e9s de constante criminaliza\u00e7\u00e3o da popula\u00e7\u00e3o civil, com deten\u00e7\u00f5es arbitr\u00e1rias, vigil\u00e2ncia, hostilidade, amea\u00e7as de morte, assassinatos de defensores comunit\u00e1rios e tortura sistem\u00e1tica como m\u00e9todo repressor para &#8220;governar\u201d.<br \/>\n\t&nbsp;<br \/>\n\t&#8220;A estrat\u00e9gia de seguran\u00e7a nacional implementada pelo governo do (presidente) Enrique Pe\u00f1a Nieto, com o argumento de combater a delinqu\u00eancia organizada e ter um pa\u00eds mais seguro, \u00e9 o pretexto que tem o Estado para n\u00e3o respeitar os direitos humanos e se evadir de sua responsabilidade internacional, com um discurso vazio em contraste com os dados e casos que apresentam organiza\u00e7\u00f5es da sociedade civil (OSC) do M\u00e9xico\u201d, avalia o Centro de Direitos Humanos.<br \/>\n\t&nbsp;<br \/>\n\tQuanto aos impactos do conflito armado interno em Chiapas, o Frayba destaca a continuidade dos projetos de contrainsurg\u00eancia, como a Cruzada Nacional Contra a Fome que, segundo a organiza\u00e7\u00e3o social, tem fomentado uma divis\u00e3o e polariza\u00e7\u00e3o das comunidades. A entidade aponta tamb\u00e9m uma grande inger\u00eancia do Estado nos meios de comunica\u00e7\u00e3o, o que geraria &#8220;desinforma\u00e7\u00e3o\u201d \u00e0 popula\u00e7\u00e3o mexicana.<br \/>\n\t&nbsp;<br \/>\n\tEm 20 anos de conflito armado, segundo o Frayba, o governo mexicano n\u00e3o tem respeitado acordos estabelecidos em mesas de di\u00e1logo, al\u00e9m de ser complacente com pr\u00e1ticas de impunidade a crimes de lesa-humanidade. Quanto a este \u00faltimo, o documento registrou 138 casos de priva\u00e7\u00e3o arbitr\u00e1ria da vida e 38 casos de desaparecimentos for\u00e7adas, al\u00e9m de apontar a presen\u00e7a constante de viola\u00e7\u00e3o ao direito \u00e0 integridade e seguran\u00e7a pessoal, \u00e0 liberdade pessoal, a ter personalidade jur\u00eddica, \u00e0 prote\u00e7\u00e3o e garantias judiciais e do direito da mulher viver livre de viol\u00eancia.<\/span><\/span><br \/>\n\t&nbsp;<\/p>\n","protected":false},"excerpt":{"rendered":"<p>Ao analisar a cont\u00ednua &#8220;pol\u00edtica de desprezo, discrimina\u00e7\u00e3o, injusti\u00e7a, impunidade e morte\u201d enfrentadas pelos povos, comunidades e processos de organiza\u00e7\u00e3o mexicanos, o relat\u00f3rio Os direitos humanos em debate: entre o cinismo oficial e a dignidade dos povos aponta uma s\u00edntese da realidade da popula\u00e7\u00e3o do Estado de Chiapas, no sudeste do pa\u00eds. Elaborado e divulgado [&hellip;]<\/p>\n","protected":false},"author":2,"featured_media":0,"comment_status":"open","ping_status":"open","sticky":false,"template":"","format":"standard","meta":{"_acf_changed":false,"footnotes":""},"categories":[4766,6],"tags":[],"class_list":{"0":"post-3024","1":"post","2":"type-post","3":"status-publish","4":"format-standard","6":"category-arquivo","7":"category-noticias"},"acf":[],"yoast_head":"<!-- This site is optimized with the Yoast SEO plugin v26.5 - https:\/\/yoast.com\/wordpress\/plugins\/seo\/ -->\n<title>Pol\u00edtica neoliberal do Estado mexicano viola direitos e exp\u00f5e popula\u00e7\u00f5es \u00e0 injusti\u00e7a - PSOL 50<\/title>\n<meta name=\"robots\" content=\"index, follow, max-snippet:-1, max-image-preview:large, max-video-preview:-1\" \/>\n<link rel=\"canonical\" href=\"https:\/\/psol50.org.br\/politica-neoliberal-do-estado-mexicano-viola-direitos-e-expoe-populacoes-a-injustica\/\" \/>\n<meta property=\"og:locale\" content=\"pt_BR\" \/>\n<meta property=\"og:type\" content=\"article\" \/>\n<meta property=\"og:title\" content=\"Pol\u00edtica neoliberal do Estado mexicano viola direitos e exp\u00f5e popula\u00e7\u00f5es \u00e0 injusti\u00e7a - PSOL 50\" \/>\n<meta property=\"og:description\" content=\"Ao analisar a cont\u00ednua &#8220;pol\u00edtica de desprezo, discrimina\u00e7\u00e3o, injusti\u00e7a, impunidade e morte\u201d enfrentadas pelos povos, comunidades e processos de organiza\u00e7\u00e3o mexicanos, o relat\u00f3rio Os direitos humanos em debate: entre o cinismo oficial e a dignidade dos povos aponta uma s\u00edntese da realidade da popula\u00e7\u00e3o do Estado de Chiapas, no sudeste do pa\u00eds. Elaborado e divulgado [&hellip;]\" \/>\n<meta property=\"og:url\" content=\"https:\/\/psol50.org.br\/politica-neoliberal-do-estado-mexicano-viola-direitos-e-expoe-populacoes-a-injustica\/\" \/>\n<meta property=\"og:site_name\" content=\"PSOL 50\" \/>\n<meta property=\"article:publisher\" content=\"https:\/\/www.facebook.com\/psol50\" \/>\n<meta property=\"article:published_time\" content=\"2014-10-15T16:53:11+00:00\" \/>\n<meta property=\"og:image\" content=\"https:\/\/psol50.org.br\/inc\/uploads\/2018\/07\/capa.png\" \/>\n\t<meta property=\"og:image:width\" content=\"1350\" \/>\n\t<meta property=\"og:image:height\" content=\"900\" \/>\n\t<meta property=\"og:image:type\" content=\"image\/png\" \/>\n<meta name=\"author\" content=\"Comunica\u00e7\u00e3o PSOL\" \/>\n<meta name=\"twitter:card\" content=\"summary_large_image\" \/>\n<meta name=\"twitter:creator\" content=\"@psol50\" \/>\n<meta name=\"twitter:site\" content=\"@psol50\" \/>\n<meta name=\"twitter:label1\" content=\"Escrito por\" \/>\n\t<meta name=\"twitter:data1\" content=\"Comunica\u00e7\u00e3o PSOL\" \/>\n\t<meta name=\"twitter:label2\" content=\"Est. tempo de leitura\" \/>\n\t<meta name=\"twitter:data2\" content=\"3 minutos\" \/>\n<script type=\"application\/ld+json\" class=\"yoast-schema-graph\">{\"@context\":\"https:\/\/schema.org\",\"@graph\":[{\"@type\":\"Article\",\"@id\":\"https:\/\/psol50.org.br\/politica-neoliberal-do-estado-mexicano-viola-direitos-e-expoe-populacoes-a-injustica\/#article\",\"isPartOf\":{\"@id\":\"https:\/\/psol50.org.br\/politica-neoliberal-do-estado-mexicano-viola-direitos-e-expoe-populacoes-a-injustica\/\"},\"author\":{\"name\":\"Comunica\u00e7\u00e3o PSOL\",\"@id\":\"https:\/\/psol50.org.br\/#\/schema\/person\/475dfa57d0b815993c714c2e96491fcd\"},\"headline\":\"Pol\u00edtica neoliberal do Estado mexicano viola direitos e exp\u00f5e popula\u00e7\u00f5es \u00e0 injusti\u00e7a\",\"datePublished\":\"2014-10-15T16:53:11+00:00\",\"mainEntityOfPage\":{\"@id\":\"https:\/\/psol50.org.br\/politica-neoliberal-do-estado-mexicano-viola-direitos-e-expoe-populacoes-a-injustica\/\"},\"wordCount\":664,\"commentCount\":0,\"publisher\":{\"@id\":\"https:\/\/psol50.org.br\/#organization\"},\"articleSection\":[\"Arquivo\",\"Not\u00edcias\"],\"inLanguage\":\"pt-BR\",\"potentialAction\":[{\"@type\":\"CommentAction\",\"name\":\"Comment\",\"target\":[\"https:\/\/psol50.org.br\/politica-neoliberal-do-estado-mexicano-viola-direitos-e-expoe-populacoes-a-injustica\/#respond\"]}]},{\"@type\":\"WebPage\",\"@id\":\"https:\/\/psol50.org.br\/politica-neoliberal-do-estado-mexicano-viola-direitos-e-expoe-populacoes-a-injustica\/\",\"url\":\"https:\/\/psol50.org.br\/politica-neoliberal-do-estado-mexicano-viola-direitos-e-expoe-populacoes-a-injustica\/\",\"name\":\"Pol\u00edtica neoliberal do Estado mexicano viola direitos e exp\u00f5e popula\u00e7\u00f5es \u00e0 injusti\u00e7a - PSOL 50\",\"isPartOf\":{\"@id\":\"https:\/\/psol50.org.br\/#website\"},\"datePublished\":\"2014-10-15T16:53:11+00:00\",\"breadcrumb\":{\"@id\":\"https:\/\/psol50.org.br\/politica-neoliberal-do-estado-mexicano-viola-direitos-e-expoe-populacoes-a-injustica\/#breadcrumb\"},\"inLanguage\":\"pt-BR\",\"potentialAction\":[{\"@type\":\"ReadAction\",\"target\":[\"https:\/\/psol50.org.br\/politica-neoliberal-do-estado-mexicano-viola-direitos-e-expoe-populacoes-a-injustica\/\"]}]},{\"@type\":\"BreadcrumbList\",\"@id\":\"https:\/\/psol50.org.br\/politica-neoliberal-do-estado-mexicano-viola-direitos-e-expoe-populacoes-a-injustica\/#breadcrumb\",\"itemListElement\":[{\"@type\":\"ListItem\",\"position\":1,\"name\":\"In\u00edcio\",\"item\":\"https:\/\/psol50.org.br\/\"},{\"@type\":\"ListItem\",\"position\":2,\"name\":\"Pol\u00edtica neoliberal do Estado mexicano viola direitos e exp\u00f5e popula\u00e7\u00f5es \u00e0 injusti\u00e7a\"}]},{\"@type\":\"WebSite\",\"@id\":\"https:\/\/psol50.org.br\/#website\",\"url\":\"https:\/\/psol50.org.br\/\",\"name\":\"PSOL 50\",\"description\":\"Site oficial do Partido Socialismo e Liberdade\",\"publisher\":{\"@id\":\"https:\/\/psol50.org.br\/#organization\"},\"alternateName\":\"PSOL50\",\"potentialAction\":[{\"@type\":\"SearchAction\",\"target\":{\"@type\":\"EntryPoint\",\"urlTemplate\":\"https:\/\/psol50.org.br\/?s={search_term_string}\"},\"query-input\":{\"@type\":\"PropertyValueSpecification\",\"valueRequired\":true,\"valueName\":\"search_term_string\"}}],\"inLanguage\":\"pt-BR\"},{\"@type\":\"Organization\",\"@id\":\"https:\/\/psol50.org.br\/#organization\",\"name\":\"PSOL 50\",\"alternateName\":\"PSOL 50\",\"url\":\"https:\/\/psol50.org.br\/\",\"logo\":{\"@type\":\"ImageObject\",\"inLanguage\":\"pt-BR\",\"@id\":\"https:\/\/psol50.org.br\/#\/schema\/logo\/image\/\",\"url\":\"https:\/\/psol50.org.br\/inc\/uploads\/2018\/07\/capa.png\",\"contentUrl\":\"https:\/\/psol50.org.br\/inc\/uploads\/2018\/07\/capa.png\",\"width\":1350,\"height\":900,\"caption\":\"PSOL 50\"},\"image\":{\"@id\":\"https:\/\/psol50.org.br\/#\/schema\/logo\/image\/\"},\"sameAs\":[\"https:\/\/www.facebook.com\/psol50\",\"https:\/\/x.com\/psol50\",\"https:\/\/www.instagram.com\/psol50\/\",\"https:\/\/www.youtube.com\/channel\/UC7SnJS5o1os7a6CaiNabzcg\"]},{\"@type\":\"Person\",\"@id\":\"https:\/\/psol50.org.br\/#\/schema\/person\/475dfa57d0b815993c714c2e96491fcd\",\"name\":\"Comunica\u00e7\u00e3o PSOL\",\"image\":{\"@type\":\"ImageObject\",\"inLanguage\":\"pt-BR\",\"@id\":\"https:\/\/psol50.org.br\/#\/schema\/person\/image\/\",\"url\":\"https:\/\/secure.gravatar.com\/avatar\/b34fc4f4e468a4e51785917065a3db57b841f5c95dba6ad8c73aaf8f66f8f9bf?s=96&d=mm&r=g\",\"contentUrl\":\"https:\/\/secure.gravatar.com\/avatar\/b34fc4f4e468a4e51785917065a3db57b841f5c95dba6ad8c73aaf8f66f8f9bf?s=96&d=mm&r=g\",\"caption\":\"Comunica\u00e7\u00e3o PSOL\"}}]}<\/script>\n<!-- \/ Yoast SEO plugin. -->","yoast_head_json":{"title":"Pol\u00edtica neoliberal do Estado mexicano viola direitos e exp\u00f5e popula\u00e7\u00f5es \u00e0 injusti\u00e7a - PSOL 50","robots":{"index":"index","follow":"follow","max-snippet":"max-snippet:-1","max-image-preview":"max-image-preview:large","max-video-preview":"max-video-preview:-1"},"canonical":"https:\/\/psol50.org.br\/politica-neoliberal-do-estado-mexicano-viola-direitos-e-expoe-populacoes-a-injustica\/","og_locale":"pt_BR","og_type":"article","og_title":"Pol\u00edtica neoliberal do Estado mexicano viola direitos e exp\u00f5e popula\u00e7\u00f5es \u00e0 injusti\u00e7a - PSOL 50","og_description":"Ao analisar a cont\u00ednua &#8220;pol\u00edtica de desprezo, discrimina\u00e7\u00e3o, injusti\u00e7a, impunidade e morte\u201d enfrentadas pelos povos, comunidades e processos de organiza\u00e7\u00e3o mexicanos, o relat\u00f3rio Os direitos humanos em debate: entre o cinismo oficial e a dignidade dos povos aponta uma s\u00edntese da realidade da popula\u00e7\u00e3o do Estado de Chiapas, no sudeste do pa\u00eds. Elaborado e divulgado [&hellip;]","og_url":"https:\/\/psol50.org.br\/politica-neoliberal-do-estado-mexicano-viola-direitos-e-expoe-populacoes-a-injustica\/","og_site_name":"PSOL 50","article_publisher":"https:\/\/www.facebook.com\/psol50","article_published_time":"2014-10-15T16:53:11+00:00","og_image":[{"width":1350,"height":900,"url":"https:\/\/psol50.org.br\/inc\/uploads\/2018\/07\/capa.png","type":"image\/png"}],"author":"Comunica\u00e7\u00e3o PSOL","twitter_card":"summary_large_image","twitter_creator":"@psol50","twitter_site":"@psol50","twitter_misc":{"Escrito por":"Comunica\u00e7\u00e3o PSOL","Est. tempo de leitura":"3 minutos"},"schema":{"@context":"https:\/\/schema.org","@graph":[{"@type":"Article","@id":"https:\/\/psol50.org.br\/politica-neoliberal-do-estado-mexicano-viola-direitos-e-expoe-populacoes-a-injustica\/#article","isPartOf":{"@id":"https:\/\/psol50.org.br\/politica-neoliberal-do-estado-mexicano-viola-direitos-e-expoe-populacoes-a-injustica\/"},"author":{"name":"Comunica\u00e7\u00e3o PSOL","@id":"https:\/\/psol50.org.br\/#\/schema\/person\/475dfa57d0b815993c714c2e96491fcd"},"headline":"Pol\u00edtica neoliberal do Estado mexicano viola direitos e exp\u00f5e popula\u00e7\u00f5es \u00e0 injusti\u00e7a","datePublished":"2014-10-15T16:53:11+00:00","mainEntityOfPage":{"@id":"https:\/\/psol50.org.br\/politica-neoliberal-do-estado-mexicano-viola-direitos-e-expoe-populacoes-a-injustica\/"},"wordCount":664,"commentCount":0,"publisher":{"@id":"https:\/\/psol50.org.br\/#organization"},"articleSection":["Arquivo","Not\u00edcias"],"inLanguage":"pt-BR","potentialAction":[{"@type":"CommentAction","name":"Comment","target":["https:\/\/psol50.org.br\/politica-neoliberal-do-estado-mexicano-viola-direitos-e-expoe-populacoes-a-injustica\/#respond"]}]},{"@type":"WebPage","@id":"https:\/\/psol50.org.br\/politica-neoliberal-do-estado-mexicano-viola-direitos-e-expoe-populacoes-a-injustica\/","url":"https:\/\/psol50.org.br\/politica-neoliberal-do-estado-mexicano-viola-direitos-e-expoe-populacoes-a-injustica\/","name":"Pol\u00edtica neoliberal do Estado mexicano viola direitos e exp\u00f5e popula\u00e7\u00f5es \u00e0 injusti\u00e7a - PSOL 50","isPartOf":{"@id":"https:\/\/psol50.org.br\/#website"},"datePublished":"2014-10-15T16:53:11+00:00","breadcrumb":{"@id":"https:\/\/psol50.org.br\/politica-neoliberal-do-estado-mexicano-viola-direitos-e-expoe-populacoes-a-injustica\/#breadcrumb"},"inLanguage":"pt-BR","potentialAction":[{"@type":"ReadAction","target":["https:\/\/psol50.org.br\/politica-neoliberal-do-estado-mexicano-viola-direitos-e-expoe-populacoes-a-injustica\/"]}]},{"@type":"BreadcrumbList","@id":"https:\/\/psol50.org.br\/politica-neoliberal-do-estado-mexicano-viola-direitos-e-expoe-populacoes-a-injustica\/#breadcrumb","itemListElement":[{"@type":"ListItem","position":1,"name":"In\u00edcio","item":"https:\/\/psol50.org.br\/"},{"@type":"ListItem","position":2,"name":"Pol\u00edtica neoliberal do Estado mexicano viola direitos e exp\u00f5e popula\u00e7\u00f5es \u00e0 injusti\u00e7a"}]},{"@type":"WebSite","@id":"https:\/\/psol50.org.br\/#website","url":"https:\/\/psol50.org.br\/","name":"PSOL 50","description":"Site oficial do Partido Socialismo e Liberdade","publisher":{"@id":"https:\/\/psol50.org.br\/#organization"},"alternateName":"PSOL50","potentialAction":[{"@type":"SearchAction","target":{"@type":"EntryPoint","urlTemplate":"https:\/\/psol50.org.br\/?s={search_term_string}"},"query-input":{"@type":"PropertyValueSpecification","valueRequired":true,"valueName":"search_term_string"}}],"inLanguage":"pt-BR"},{"@type":"Organization","@id":"https:\/\/psol50.org.br\/#organization","name":"PSOL 50","alternateName":"PSOL 50","url":"https:\/\/psol50.org.br\/","logo":{"@type":"ImageObject","inLanguage":"pt-BR","@id":"https:\/\/psol50.org.br\/#\/schema\/logo\/image\/","url":"https:\/\/psol50.org.br\/inc\/uploads\/2018\/07\/capa.png","contentUrl":"https:\/\/psol50.org.br\/inc\/uploads\/2018\/07\/capa.png","width":1350,"height":900,"caption":"PSOL 50"},"image":{"@id":"https:\/\/psol50.org.br\/#\/schema\/logo\/image\/"},"sameAs":["https:\/\/www.facebook.com\/psol50","https:\/\/x.com\/psol50","https:\/\/www.instagram.com\/psol50\/","https:\/\/www.youtube.com\/channel\/UC7SnJS5o1os7a6CaiNabzcg"]},{"@type":"Person","@id":"https:\/\/psol50.org.br\/#\/schema\/person\/475dfa57d0b815993c714c2e96491fcd","name":"Comunica\u00e7\u00e3o PSOL","image":{"@type":"ImageObject","inLanguage":"pt-BR","@id":"https:\/\/psol50.org.br\/#\/schema\/person\/image\/","url":"https:\/\/secure.gravatar.com\/avatar\/b34fc4f4e468a4e51785917065a3db57b841f5c95dba6ad8c73aaf8f66f8f9bf?s=96&d=mm&r=g","contentUrl":"https:\/\/secure.gravatar.com\/avatar\/b34fc4f4e468a4e51785917065a3db57b841f5c95dba6ad8c73aaf8f66f8f9bf?s=96&d=mm&r=g","caption":"Comunica\u00e7\u00e3o PSOL"}}]}},"_links":{"self":[{"href":"https:\/\/psol50.org.br\/rest\/wp\/v2\/posts\/3024","targetHints":{"allow":["GET"]}}],"collection":[{"href":"https:\/\/psol50.org.br\/rest\/wp\/v2\/posts"}],"about":[{"href":"https:\/\/psol50.org.br\/rest\/wp\/v2\/types\/post"}],"author":[{"embeddable":true,"href":"https:\/\/psol50.org.br\/rest\/wp\/v2\/users\/2"}],"replies":[{"embeddable":true,"href":"https:\/\/psol50.org.br\/rest\/wp\/v2\/comments?post=3024"}],"version-history":[{"count":0,"href":"https:\/\/psol50.org.br\/rest\/wp\/v2\/posts\/3024\/revisions"}],"wp:attachment":[{"href":"https:\/\/psol50.org.br\/rest\/wp\/v2\/media?parent=3024"}],"wp:term":[{"taxonomy":"category","embeddable":true,"href":"https:\/\/psol50.org.br\/rest\/wp\/v2\/categories?post=3024"},{"taxonomy":"post_tag","embeddable":true,"href":"https:\/\/psol50.org.br\/rest\/wp\/v2\/tags?post=3024"}],"curies":[{"name":"wp","href":"https:\/\/api.w.org\/{rel}","templated":true}]}}