{"id":3028,"date":"2014-10-17T00:00:00","date_gmt":"2014-10-17T16:05:17","guid":{"rendered":"http:\/\/psol50.org.br\/arquivo\/2014\/10\/17\/em-pronunciamento-ivan-valente-defende-a-imediata-aprovacao-de-projetos-que-beneficiam-os-aposentados\/"},"modified":"2014-10-17T00:00:00","modified_gmt":"2014-10-17T16:05:17","slug":"em-pronunciamento-ivan-valente-defende-a-imediata-aprovacao-de-projetos-que-beneficiam-os-aposentados","status":"publish","type":"post","link":"https:\/\/psol50.org.br\/em-pronunciamento-ivan-valente-defende-a-imediata-aprovacao-de-projetos-que-beneficiam-os-aposentados\/","title":{"rendered":"Em pronunciamento, Ivan Valente defende a imediata aprova\u00e7\u00e3o de projetos que beneficiam os aposentados"},"content":{"rendered":"<p style=\"text-align: justify;\">\n\t<span style=\"font-family:arial,helvetica,sans-serif;\"><span style=\"font-size: 12px;\">Em discurso no plen\u00e1rio da C\u00e2mara dos Deputados, na noite de ter\u00e7a-feira (14), o l\u00edder do PSOL, deputado Ivan Valente, alertou, mais uma vez, sobre as maiores v\u00edtimas do modelo excludente da pol\u00edtica neoliberal no pa\u00eds: os aposentados. \u201cQuero dizer desta tribuna que os aposentados do Brasil, do setor p\u00fablico e do setor privado, s\u00e3o as maiores v\u00edtimas de um modelo excludente, liberal, de Estado m\u00ednimo, que faz uma reforma da Previd\u00eancia de quatro em quatro anos neste Congresso Nacional\u201d.<\/p>\n<p>\tO deputado chamou a aten\u00e7\u00e3o para a necessidade de vota\u00e7\u00e3o da Proposta de Emenda \u00e0 Constitui\u00e7\u00e3o (PEC) 555\/2006, que extingue a cobran\u00e7a dos servidores p\u00fablicos aposentados, e do Projeto de Lei 4.434\/2008, que trata da recupera\u00e7\u00e3o das perdas da aposentadoria. Ivan Valente cobrou ainda o fim do fator previdenci\u00e1rio.<br \/>\n\t&nbsp;<br \/>\n\tLeia abaixo ou assista <a href=\"https:\/\/www.youtube.com\/watch?v=n3Rd3ch--wM&amp;feature=youtu.be\">aqui<\/a> o pronunciamento do deputado.<br \/>\n\t&nbsp;<br \/>\n\t\u201cSr. Presidente, Sras. e Srs. Deputados, assumo a tribuna como L\u00edder neste momento, porque hoje houve uma reuni\u00e3o com os aposentados, a Presid\u00eancia desta Casa e alguns Deputados. E,mais uma vez, quero dizer desta tribuna que os aposentados do Brasil, do setor p\u00fablico e do setor privado, s\u00e3o as maiores v\u00edtimas de um modelo excludente, liberal, de Estado m\u00ednimo, que faz uma reforma da Previd\u00eancia de 4 em 4 anos neste Congresso Nacional.<br \/>\n\t&nbsp;<br \/>\n\tE quero me referir \u00e0 pauta, \u00e0 pauta que foi discutida, que seria colocar em vota\u00e7\u00e3o a PEC 555, esta perversidade que foi cometida contra os aposentados no Governo Lula: cobran\u00e7a dos inativos do setor p\u00fablico para quem j\u00e1 se aposentou. \u00c9 preciso coloc\u00e1-la em pauta. E eu n\u00e3o sei se n\u00e3o era o caso de colocar hoje se tem 332 Deputados na Casa.<br \/>\n\t&nbsp;<br \/>\n\tEm segundo lugar, a maior queixa que tem sido ventilada pelos aposentados do setor privado, Sr. Presidente, Srs. Deputados, \u00e9 a que diz respeito \u00e0 recupera\u00e7\u00e3o das perdas da aposentadoria. E a refer\u00eancia para isso \u00e9 o PL 4.434, de 2008, em que \u00e9 constatado e \u00e9 mandado recuperar aquilo que \u00e9, sem d\u00favida, uma nova crueldade contra os aposentados do setor privado: ele se aposenta com um tanto e, ano ap\u00f3s ano, vai tendo desvalorizada sua aposentadoria.<br \/>\n\t&nbsp;<br \/>\n\tAposenta-se com tr\u00eas sal\u00e1rios, depois de 2 anos, est\u00e1 ganhando um sal\u00e1rio,e assim por diante. Essa proposta precisa ser votada conjuntamente, imediatamente.<br \/>\n\t&nbsp;<br \/>\n\tSr. Presidente, ainda h\u00e1 uma terceira quest\u00e3o, que \u00e9 o fator previdenci\u00e1rio, criado no Governo Fernando Henrique Cardoso. Foi uma perversidade perpetrada contra milh\u00f5es de brasileiros, que foram obrigados a trabalhar 7 a 10 anos mais ou, na idade em que se aposentou, viu seu sal\u00e1rio ser reduzido em at\u00e9 50%.<br \/>\n\t&nbsp;<br \/>\n\tA lei continua em vigor, foi votada na Casa, derrubada no fator previdenci\u00e1rio, e o Presidente Lula n\u00e3o derrubou o veto. As centrais sindicais se mobilizaram, mas nunca colocaram 50 mil pessoas aqui na porta, porque a\u00ed teria sido votado.<br \/>\n\t&nbsp;<br \/>\n\tO que n\u00f3s assistimos na campanha eleitoral \u00e9 o suprassumo da demagogia. Dilma n\u00e3o toca nesse assunto, porque se quisesse tinha mandado para c\u00e1 o veto para ser derrubado.<br \/>\n\tE o Sr. A\u00e9cio Neves, filhote do Fernando Henrique Cardoso, falar na televis\u00e3o que vai rever o fator previdenci\u00e1rio, ao lado do Paulinho da For\u00e7a, desculpem-me, mas ningu\u00e9m vai acreditar nisso, como ningu\u00e9m acreditou que a Marina Silva iria rever o fator previdenci\u00e1rio.<br \/>\n\t&nbsp;<br \/>\n\tNa \u00faltima hora, quem manda \u00e9 o capital financeiro. \u00c9 ele que financia as campanhas e determina o que v\u00e3o fazer os candidatos. Com o Arm\u00ednio Fraga n\u00e3o haver\u00e1 o fim do fator previdenci\u00e1rio e nem no Governo Dilma.<br \/>\n\t&nbsp;<br \/>\n\tEu quero denunciar, desta tribuna, aqueles que fazem demagogia com os aposentados do Brasil, seja do setor p\u00fablico, seja do setor privado.<br \/>\n\t&nbsp;<br \/>\n\tPela vota\u00e7\u00e3o imediata da PEC n\u00ba 555 e do PL n\u00ba 4.434, de 2008, pelo fim do fator previdenci\u00e1rio e pela derrubada do veto, nesta Casa, imediatamente, para que se fa\u00e7a justi\u00e7a a quem j\u00e1 deu a contribui\u00e7\u00e3o necess\u00e1ria \u00e0 sociedade brasileira!<br \/>\n\t&nbsp;<br \/>\n\tMuito obrigado, Sr. Presidente.\u201d<br \/>\n\t&nbsp;<\/span><\/span><\/p>\n","protected":false},"excerpt":{"rendered":"<p>L\u00edder do PSOL cobrou a vota\u00e7\u00e3o de projeto que recupera perdas da aposentadoria, do fim do fator previdenci\u00e1rio e da cobran\u00e7a dos inativos<\/p>\n","protected":false},"author":2,"featured_media":0,"comment_status":"open","ping_status":"open","sticky":false,"template":"","format":"standard","meta":{"_acf_changed":false,"footnotes":""},"categories":[10,4766,6],"tags":[],"class_list":{"0":"post-3028","1":"post","2":"type-post","3":"status-publish","4":"format-standard","6":"category-acao-parlamentares","7":"category-arquivo","8":"category-noticias"},"acf":[],"yoast_head":"<!-- This site is optimized with the Yoast SEO plugin v26.5 - https:\/\/yoast.com\/wordpress\/plugins\/seo\/ -->\n<title>Em pronunciamento, Ivan Valente defende a imediata aprova\u00e7\u00e3o de projetos que beneficiam os aposentados - PSOL 50<\/title>\n<meta name=\"robots\" content=\"index, follow, max-snippet:-1, max-image-preview:large, max-video-preview:-1\" \/>\n<link rel=\"canonical\" href=\"https:\/\/psol50.org.br\/em-pronunciamento-ivan-valente-defende-a-imediata-aprovacao-de-projetos-que-beneficiam-os-aposentados\/\" \/>\n<meta property=\"og:locale\" content=\"pt_BR\" \/>\n<meta property=\"og:type\" content=\"article\" \/>\n<meta property=\"og:title\" content=\"Em pronunciamento, Ivan Valente defende a imediata aprova\u00e7\u00e3o de projetos que beneficiam os aposentados - PSOL 50\" \/>\n<meta property=\"og:description\" content=\"L\u00edder do PSOL cobrou a vota\u00e7\u00e3o de projeto que recupera perdas da aposentadoria, do fim do fator previdenci\u00e1rio e da cobran\u00e7a dos inativos\" \/>\n<meta property=\"og:url\" content=\"https:\/\/psol50.org.br\/em-pronunciamento-ivan-valente-defende-a-imediata-aprovacao-de-projetos-que-beneficiam-os-aposentados\/\" \/>\n<meta property=\"og:site_name\" content=\"PSOL 50\" \/>\n<meta property=\"article:publisher\" content=\"https:\/\/www.facebook.com\/psol50\" \/>\n<meta property=\"article:published_time\" content=\"2014-10-17T16:05:17+00:00\" \/>\n<meta property=\"og:image\" content=\"https:\/\/psol50.org.br\/inc\/uploads\/2018\/07\/capa.png\" \/>\n\t<meta property=\"og:image:width\" content=\"1350\" \/>\n\t<meta property=\"og:image:height\" content=\"900\" \/>\n\t<meta property=\"og:image:type\" content=\"image\/png\" \/>\n<meta name=\"author\" content=\"Comunica\u00e7\u00e3o PSOL\" \/>\n<meta name=\"twitter:card\" content=\"summary_large_image\" \/>\n<meta name=\"twitter:creator\" content=\"@psol50\" \/>\n<meta name=\"twitter:site\" content=\"@psol50\" \/>\n<meta name=\"twitter:label1\" content=\"Escrito por\" \/>\n\t<meta name=\"twitter:data1\" content=\"Comunica\u00e7\u00e3o PSOL\" \/>\n\t<meta name=\"twitter:label2\" content=\"Est. tempo de leitura\" \/>\n\t<meta name=\"twitter:data2\" content=\"3 minutos\" \/>\n<script type=\"application\/ld+json\" class=\"yoast-schema-graph\">{\"@context\":\"https:\/\/schema.org\",\"@graph\":[{\"@type\":\"Article\",\"@id\":\"https:\/\/psol50.org.br\/em-pronunciamento-ivan-valente-defende-a-imediata-aprovacao-de-projetos-que-beneficiam-os-aposentados\/#article\",\"isPartOf\":{\"@id\":\"https:\/\/psol50.org.br\/em-pronunciamento-ivan-valente-defende-a-imediata-aprovacao-de-projetos-que-beneficiam-os-aposentados\/\"},\"author\":{\"name\":\"Comunica\u00e7\u00e3o PSOL\",\"@id\":\"https:\/\/psol50.org.br\/#\/schema\/person\/475dfa57d0b815993c714c2e96491fcd\"},\"headline\":\"Em pronunciamento, Ivan Valente defende a imediata aprova\u00e7\u00e3o de projetos que beneficiam os aposentados\",\"datePublished\":\"2014-10-17T16:05:17+00:00\",\"mainEntityOfPage\":{\"@id\":\"https:\/\/psol50.org.br\/em-pronunciamento-ivan-valente-defende-a-imediata-aprovacao-de-projetos-que-beneficiam-os-aposentados\/\"},\"wordCount\":709,\"commentCount\":0,\"publisher\":{\"@id\":\"https:\/\/psol50.org.br\/#organization\"},\"articleSection\":[\"A\u00e7\u00e3o Parlamentar\",\"Arquivo\",\"Not\u00edcias\"],\"inLanguage\":\"pt-BR\",\"potentialAction\":[{\"@type\":\"CommentAction\",\"name\":\"Comment\",\"target\":[\"https:\/\/psol50.org.br\/em-pronunciamento-ivan-valente-defende-a-imediata-aprovacao-de-projetos-que-beneficiam-os-aposentados\/#respond\"]}]},{\"@type\":\"WebPage\",\"@id\":\"https:\/\/psol50.org.br\/em-pronunciamento-ivan-valente-defende-a-imediata-aprovacao-de-projetos-que-beneficiam-os-aposentados\/\",\"url\":\"https:\/\/psol50.org.br\/em-pronunciamento-ivan-valente-defende-a-imediata-aprovacao-de-projetos-que-beneficiam-os-aposentados\/\",\"name\":\"Em pronunciamento, Ivan Valente defende a imediata aprova\u00e7\u00e3o de projetos que beneficiam os aposentados - PSOL 50\",\"isPartOf\":{\"@id\":\"https:\/\/psol50.org.br\/#website\"},\"datePublished\":\"2014-10-17T16:05:17+00:00\",\"breadcrumb\":{\"@id\":\"https:\/\/psol50.org.br\/em-pronunciamento-ivan-valente-defende-a-imediata-aprovacao-de-projetos-que-beneficiam-os-aposentados\/#breadcrumb\"},\"inLanguage\":\"pt-BR\",\"potentialAction\":[{\"@type\":\"ReadAction\",\"target\":[\"https:\/\/psol50.org.br\/em-pronunciamento-ivan-valente-defende-a-imediata-aprovacao-de-projetos-que-beneficiam-os-aposentados\/\"]}]},{\"@type\":\"BreadcrumbList\",\"@id\":\"https:\/\/psol50.org.br\/em-pronunciamento-ivan-valente-defende-a-imediata-aprovacao-de-projetos-que-beneficiam-os-aposentados\/#breadcrumb\",\"itemListElement\":[{\"@type\":\"ListItem\",\"position\":1,\"name\":\"In\u00edcio\",\"item\":\"https:\/\/psol50.org.br\/\"},{\"@type\":\"ListItem\",\"position\":2,\"name\":\"Em pronunciamento, Ivan Valente defende a imediata aprova\u00e7\u00e3o de projetos que beneficiam os aposentados\"}]},{\"@type\":\"WebSite\",\"@id\":\"https:\/\/psol50.org.br\/#website\",\"url\":\"https:\/\/psol50.org.br\/\",\"name\":\"PSOL 50\",\"description\":\"Site oficial do Partido Socialismo e Liberdade\",\"publisher\":{\"@id\":\"https:\/\/psol50.org.br\/#organization\"},\"alternateName\":\"PSOL50\",\"potentialAction\":[{\"@type\":\"SearchAction\",\"target\":{\"@type\":\"EntryPoint\",\"urlTemplate\":\"https:\/\/psol50.org.br\/?s={search_term_string}\"},\"query-input\":{\"@type\":\"PropertyValueSpecification\",\"valueRequired\":true,\"valueName\":\"search_term_string\"}}],\"inLanguage\":\"pt-BR\"},{\"@type\":\"Organization\",\"@id\":\"https:\/\/psol50.org.br\/#organization\",\"name\":\"PSOL 50\",\"alternateName\":\"PSOL 50\",\"url\":\"https:\/\/psol50.org.br\/\",\"logo\":{\"@type\":\"ImageObject\",\"inLanguage\":\"pt-BR\",\"@id\":\"https:\/\/psol50.org.br\/#\/schema\/logo\/image\/\",\"url\":\"https:\/\/psol50.org.br\/inc\/uploads\/2018\/07\/capa.png\",\"contentUrl\":\"https:\/\/psol50.org.br\/inc\/uploads\/2018\/07\/capa.png\",\"width\":1350,\"height\":900,\"caption\":\"PSOL 50\"},\"image\":{\"@id\":\"https:\/\/psol50.org.br\/#\/schema\/logo\/image\/\"},\"sameAs\":[\"https:\/\/www.facebook.com\/psol50\",\"https:\/\/x.com\/psol50\",\"https:\/\/www.instagram.com\/psol50\/\",\"https:\/\/www.youtube.com\/channel\/UC7SnJS5o1os7a6CaiNabzcg\"]},{\"@type\":\"Person\",\"@id\":\"https:\/\/psol50.org.br\/#\/schema\/person\/475dfa57d0b815993c714c2e96491fcd\",\"name\":\"Comunica\u00e7\u00e3o PSOL\",\"image\":{\"@type\":\"ImageObject\",\"inLanguage\":\"pt-BR\",\"@id\":\"https:\/\/psol50.org.br\/#\/schema\/person\/image\/\",\"url\":\"https:\/\/secure.gravatar.com\/avatar\/b34fc4f4e468a4e51785917065a3db57b841f5c95dba6ad8c73aaf8f66f8f9bf?s=96&d=mm&r=g\",\"contentUrl\":\"https:\/\/secure.gravatar.com\/avatar\/b34fc4f4e468a4e51785917065a3db57b841f5c95dba6ad8c73aaf8f66f8f9bf?s=96&d=mm&r=g\",\"caption\":\"Comunica\u00e7\u00e3o PSOL\"}}]}<\/script>\n<!-- \/ Yoast SEO plugin. -->","yoast_head_json":{"title":"Em pronunciamento, Ivan Valente defende a imediata aprova\u00e7\u00e3o de projetos que beneficiam os aposentados - PSOL 50","robots":{"index":"index","follow":"follow","max-snippet":"max-snippet:-1","max-image-preview":"max-image-preview:large","max-video-preview":"max-video-preview:-1"},"canonical":"https:\/\/psol50.org.br\/em-pronunciamento-ivan-valente-defende-a-imediata-aprovacao-de-projetos-que-beneficiam-os-aposentados\/","og_locale":"pt_BR","og_type":"article","og_title":"Em pronunciamento, Ivan Valente defende a imediata aprova\u00e7\u00e3o de projetos que beneficiam os aposentados - PSOL 50","og_description":"L\u00edder do PSOL cobrou a vota\u00e7\u00e3o de projeto que recupera perdas da aposentadoria, do fim do fator previdenci\u00e1rio e da cobran\u00e7a dos inativos","og_url":"https:\/\/psol50.org.br\/em-pronunciamento-ivan-valente-defende-a-imediata-aprovacao-de-projetos-que-beneficiam-os-aposentados\/","og_site_name":"PSOL 50","article_publisher":"https:\/\/www.facebook.com\/psol50","article_published_time":"2014-10-17T16:05:17+00:00","og_image":[{"width":1350,"height":900,"url":"https:\/\/psol50.org.br\/inc\/uploads\/2018\/07\/capa.png","type":"image\/png"}],"author":"Comunica\u00e7\u00e3o PSOL","twitter_card":"summary_large_image","twitter_creator":"@psol50","twitter_site":"@psol50","twitter_misc":{"Escrito por":"Comunica\u00e7\u00e3o PSOL","Est. tempo de leitura":"3 minutos"},"schema":{"@context":"https:\/\/schema.org","@graph":[{"@type":"Article","@id":"https:\/\/psol50.org.br\/em-pronunciamento-ivan-valente-defende-a-imediata-aprovacao-de-projetos-que-beneficiam-os-aposentados\/#article","isPartOf":{"@id":"https:\/\/psol50.org.br\/em-pronunciamento-ivan-valente-defende-a-imediata-aprovacao-de-projetos-que-beneficiam-os-aposentados\/"},"author":{"name":"Comunica\u00e7\u00e3o PSOL","@id":"https:\/\/psol50.org.br\/#\/schema\/person\/475dfa57d0b815993c714c2e96491fcd"},"headline":"Em pronunciamento, Ivan Valente defende a imediata aprova\u00e7\u00e3o de projetos que beneficiam os aposentados","datePublished":"2014-10-17T16:05:17+00:00","mainEntityOfPage":{"@id":"https:\/\/psol50.org.br\/em-pronunciamento-ivan-valente-defende-a-imediata-aprovacao-de-projetos-que-beneficiam-os-aposentados\/"},"wordCount":709,"commentCount":0,"publisher":{"@id":"https:\/\/psol50.org.br\/#organization"},"articleSection":["A\u00e7\u00e3o Parlamentar","Arquivo","Not\u00edcias"],"inLanguage":"pt-BR","potentialAction":[{"@type":"CommentAction","name":"Comment","target":["https:\/\/psol50.org.br\/em-pronunciamento-ivan-valente-defende-a-imediata-aprovacao-de-projetos-que-beneficiam-os-aposentados\/#respond"]}]},{"@type":"WebPage","@id":"https:\/\/psol50.org.br\/em-pronunciamento-ivan-valente-defende-a-imediata-aprovacao-de-projetos-que-beneficiam-os-aposentados\/","url":"https:\/\/psol50.org.br\/em-pronunciamento-ivan-valente-defende-a-imediata-aprovacao-de-projetos-que-beneficiam-os-aposentados\/","name":"Em pronunciamento, Ivan Valente defende a imediata aprova\u00e7\u00e3o de projetos que beneficiam os aposentados - PSOL 50","isPartOf":{"@id":"https:\/\/psol50.org.br\/#website"},"datePublished":"2014-10-17T16:05:17+00:00","breadcrumb":{"@id":"https:\/\/psol50.org.br\/em-pronunciamento-ivan-valente-defende-a-imediata-aprovacao-de-projetos-que-beneficiam-os-aposentados\/#breadcrumb"},"inLanguage":"pt-BR","potentialAction":[{"@type":"ReadAction","target":["https:\/\/psol50.org.br\/em-pronunciamento-ivan-valente-defende-a-imediata-aprovacao-de-projetos-que-beneficiam-os-aposentados\/"]}]},{"@type":"BreadcrumbList","@id":"https:\/\/psol50.org.br\/em-pronunciamento-ivan-valente-defende-a-imediata-aprovacao-de-projetos-que-beneficiam-os-aposentados\/#breadcrumb","itemListElement":[{"@type":"ListItem","position":1,"name":"In\u00edcio","item":"https:\/\/psol50.org.br\/"},{"@type":"ListItem","position":2,"name":"Em pronunciamento, Ivan Valente defende a imediata aprova\u00e7\u00e3o de projetos que beneficiam os aposentados"}]},{"@type":"WebSite","@id":"https:\/\/psol50.org.br\/#website","url":"https:\/\/psol50.org.br\/","name":"PSOL 50","description":"Site oficial do Partido Socialismo e Liberdade","publisher":{"@id":"https:\/\/psol50.org.br\/#organization"},"alternateName":"PSOL50","potentialAction":[{"@type":"SearchAction","target":{"@type":"EntryPoint","urlTemplate":"https:\/\/psol50.org.br\/?s={search_term_string}"},"query-input":{"@type":"PropertyValueSpecification","valueRequired":true,"valueName":"search_term_string"}}],"inLanguage":"pt-BR"},{"@type":"Organization","@id":"https:\/\/psol50.org.br\/#organization","name":"PSOL 50","alternateName":"PSOL 50","url":"https:\/\/psol50.org.br\/","logo":{"@type":"ImageObject","inLanguage":"pt-BR","@id":"https:\/\/psol50.org.br\/#\/schema\/logo\/image\/","url":"https:\/\/psol50.org.br\/inc\/uploads\/2018\/07\/capa.png","contentUrl":"https:\/\/psol50.org.br\/inc\/uploads\/2018\/07\/capa.png","width":1350,"height":900,"caption":"PSOL 50"},"image":{"@id":"https:\/\/psol50.org.br\/#\/schema\/logo\/image\/"},"sameAs":["https:\/\/www.facebook.com\/psol50","https:\/\/x.com\/psol50","https:\/\/www.instagram.com\/psol50\/","https:\/\/www.youtube.com\/channel\/UC7SnJS5o1os7a6CaiNabzcg"]},{"@type":"Person","@id":"https:\/\/psol50.org.br\/#\/schema\/person\/475dfa57d0b815993c714c2e96491fcd","name":"Comunica\u00e7\u00e3o PSOL","image":{"@type":"ImageObject","inLanguage":"pt-BR","@id":"https:\/\/psol50.org.br\/#\/schema\/person\/image\/","url":"https:\/\/secure.gravatar.com\/avatar\/b34fc4f4e468a4e51785917065a3db57b841f5c95dba6ad8c73aaf8f66f8f9bf?s=96&d=mm&r=g","contentUrl":"https:\/\/secure.gravatar.com\/avatar\/b34fc4f4e468a4e51785917065a3db57b841f5c95dba6ad8c73aaf8f66f8f9bf?s=96&d=mm&r=g","caption":"Comunica\u00e7\u00e3o PSOL"}}]}},"_links":{"self":[{"href":"https:\/\/psol50.org.br\/rest\/wp\/v2\/posts\/3028","targetHints":{"allow":["GET"]}}],"collection":[{"href":"https:\/\/psol50.org.br\/rest\/wp\/v2\/posts"}],"about":[{"href":"https:\/\/psol50.org.br\/rest\/wp\/v2\/types\/post"}],"author":[{"embeddable":true,"href":"https:\/\/psol50.org.br\/rest\/wp\/v2\/users\/2"}],"replies":[{"embeddable":true,"href":"https:\/\/psol50.org.br\/rest\/wp\/v2\/comments?post=3028"}],"version-history":[{"count":0,"href":"https:\/\/psol50.org.br\/rest\/wp\/v2\/posts\/3028\/revisions"}],"wp:attachment":[{"href":"https:\/\/psol50.org.br\/rest\/wp\/v2\/media?parent=3028"}],"wp:term":[{"taxonomy":"category","embeddable":true,"href":"https:\/\/psol50.org.br\/rest\/wp\/v2\/categories?post=3028"},{"taxonomy":"post_tag","embeddable":true,"href":"https:\/\/psol50.org.br\/rest\/wp\/v2\/tags?post=3028"}],"curies":[{"name":"wp","href":"https:\/\/api.w.org\/{rel}","templated":true}]}}