{"id":303,"date":"2006-02-13T00:00:00","date_gmt":"2006-02-13T00:00:00","guid":{"rendered":"http:\/\/psol50.org.br\/arquivo\/2006\/02\/13\/luciana-e-baba-visitam-padre-oliverio-na-prisao\/"},"modified":"2006-02-13T00:00:00","modified_gmt":"2006-02-13T00:00:00","slug":"luciana-e-baba-visitam-padre-oliverio-na-prisao","status":"publish","type":"post","link":"https:\/\/psol50.org.br\/luciana-e-baba-visitam-padre-oliverio-na-prisao\/","title":{"rendered":"Luciana e Bab\u00e1 visitam Padre Oliverio na pris\u00e3o"},"content":{"rendered":"<p>Padre Oliverio Medina recebeu, nesta semana, a visita de solidariedade dos deputados federais do PSOL Luciana Genro e Bab\u00e1 e do vereador do PSOL de Guarulhos, companheiro Albert&atilde;o, na Penitenci\u00e1ria da Papuda, em Bras\u00edlia.<\/p>\n<p><!--more--><\/p>\n<p>O Colombiano Padre Oliverio reside no Brasil desde 1997 e tem-se<br \/>\ndedicado a divulgar a situa&ccedil;&atilde;o de seu pa\u00eds e as lutas do seu povo no<br \/>\nBrasil.<\/p>\n<p>Desde de agosto de 2005, Oliverio est\u00e1 preso e com pedido de extradi&ccedil;&atilde;o<br \/>\ndecretado pelo governo da Col&ocirc;mbia. Movimentos sociais v&ecirc;m fazendo um<br \/>\n&ldquo;Chamado &agrave; Solidariedade Internacional&rdquo; em favor do Padre:<\/p>\n<p>&ldquo;&Agrave;s organiza&ccedil;&otilde;es e movimentos sociais e pol\u00edticos, entidades sindicais,<br \/>\nde direitos humanos, a todos que lutam por um mundo mais justo, pelos<br \/>\ndireitos humanos e sociais, pedimos que enviem mensagens aos<br \/>\nintegrantes do CONARE (Comit&ecirc; Nacional para os Refugiados), solicitando<br \/>\nseu voto favor\u00e1vel ao reconhecimento da condi&ccedil;&atilde;o de refugiado a<br \/>\nFrancisco Antonio Cadenas Collazos, conhecido no Brsil como Padre<br \/>\nOliverio Medina&rdquo;.<\/p>\n","protected":false},"excerpt":{"rendered":"<p>Padre Oliverio Medina recebeu, nesta semana, a visita de solidariedade dos deputados federais do PSOL Luciana Genro e Bab\u00e1 e do vereador do PSOL de Guarulhos, companheiro Albert&atilde;o, na Penitenci\u00e1ria da Papuda, em Bras\u00edlia.<\/p>\n","protected":false},"author":2,"featured_media":0,"comment_status":"open","ping_status":"open","sticky":false,"template":"","format":"standard","meta":{"_acf_changed":false,"footnotes":""},"categories":[4766],"tags":[],"class_list":{"0":"post-303","1":"post","2":"type-post","3":"status-publish","4":"format-standard","6":"category-arquivo"},"acf":[],"yoast_head":"<!-- This site is optimized with the Yoast SEO plugin v26.5 - https:\/\/yoast.com\/wordpress\/plugins\/seo\/ -->\n<title>Luciana e Bab\u00e1 visitam Padre Oliverio na pris\u00e3o - PSOL 50<\/title>\n<meta name=\"robots\" content=\"index, follow, max-snippet:-1, max-image-preview:large, max-video-preview:-1\" \/>\n<link rel=\"canonical\" href=\"https:\/\/psol50.org.br\/luciana-e-baba-visitam-padre-oliverio-na-prisao\/\" \/>\n<meta property=\"og:locale\" content=\"pt_BR\" \/>\n<meta property=\"og:type\" content=\"article\" \/>\n<meta property=\"og:title\" content=\"Luciana e Bab\u00e1 visitam Padre Oliverio na pris\u00e3o - PSOL 50\" \/>\n<meta property=\"og:description\" content=\"Padre Oliverio Medina recebeu, nesta semana, a visita de solidariedade dos deputados federais do PSOL Luciana Genro e Bab\u00e1 e do vereador do PSOL de Guarulhos, companheiro Albert&atilde;o, na Penitenci\u00e1ria da Papuda, em Bras\u00edlia.\" \/>\n<meta property=\"og:url\" content=\"https:\/\/psol50.org.br\/luciana-e-baba-visitam-padre-oliverio-na-prisao\/\" \/>\n<meta property=\"og:site_name\" content=\"PSOL 50\" \/>\n<meta property=\"article:publisher\" content=\"https:\/\/www.facebook.com\/psol50\" \/>\n<meta property=\"article:published_time\" content=\"2006-02-13T00:00:00+00:00\" \/>\n<meta property=\"og:image\" content=\"https:\/\/psol50.org.br\/inc\/uploads\/2018\/07\/capa.png\" \/>\n\t<meta property=\"og:image:width\" content=\"1350\" \/>\n\t<meta property=\"og:image:height\" content=\"900\" \/>\n\t<meta property=\"og:image:type\" content=\"image\/png\" \/>\n<meta name=\"author\" content=\"Comunica\u00e7\u00e3o PSOL\" \/>\n<meta name=\"twitter:card\" content=\"summary_large_image\" \/>\n<meta name=\"twitter:creator\" content=\"@psol50\" \/>\n<meta name=\"twitter:site\" content=\"@psol50\" \/>\n<meta name=\"twitter:label1\" content=\"Escrito por\" \/>\n\t<meta name=\"twitter:data1\" content=\"Comunica\u00e7\u00e3o PSOL\" \/>\n\t<meta name=\"twitter:label2\" content=\"Est. tempo de leitura\" \/>\n\t<meta name=\"twitter:data2\" content=\"1 minuto\" \/>\n<script type=\"application\/ld+json\" class=\"yoast-schema-graph\">{\"@context\":\"https:\/\/schema.org\",\"@graph\":[{\"@type\":\"Article\",\"@id\":\"https:\/\/psol50.org.br\/luciana-e-baba-visitam-padre-oliverio-na-prisao\/#article\",\"isPartOf\":{\"@id\":\"https:\/\/psol50.org.br\/luciana-e-baba-visitam-padre-oliverio-na-prisao\/\"},\"author\":{\"name\":\"Comunica\u00e7\u00e3o PSOL\",\"@id\":\"https:\/\/psol50.org.br\/#\/schema\/person\/475dfa57d0b815993c714c2e96491fcd\"},\"headline\":\"Luciana e Bab\u00e1 visitam Padre Oliverio na pris\u00e3o\",\"datePublished\":\"2006-02-13T00:00:00+00:00\",\"mainEntityOfPage\":{\"@id\":\"https:\/\/psol50.org.br\/luciana-e-baba-visitam-padre-oliverio-na-prisao\/\"},\"wordCount\":189,\"commentCount\":0,\"publisher\":{\"@id\":\"https:\/\/psol50.org.br\/#organization\"},\"articleSection\":[\"Arquivo\"],\"inLanguage\":\"pt-BR\",\"potentialAction\":[{\"@type\":\"CommentAction\",\"name\":\"Comment\",\"target\":[\"https:\/\/psol50.org.br\/luciana-e-baba-visitam-padre-oliverio-na-prisao\/#respond\"]}]},{\"@type\":\"WebPage\",\"@id\":\"https:\/\/psol50.org.br\/luciana-e-baba-visitam-padre-oliverio-na-prisao\/\",\"url\":\"https:\/\/psol50.org.br\/luciana-e-baba-visitam-padre-oliverio-na-prisao\/\",\"name\":\"Luciana e Bab\u00e1 visitam Padre Oliverio na pris\u00e3o - PSOL 50\",\"isPartOf\":{\"@id\":\"https:\/\/psol50.org.br\/#website\"},\"datePublished\":\"2006-02-13T00:00:00+00:00\",\"breadcrumb\":{\"@id\":\"https:\/\/psol50.org.br\/luciana-e-baba-visitam-padre-oliverio-na-prisao\/#breadcrumb\"},\"inLanguage\":\"pt-BR\",\"potentialAction\":[{\"@type\":\"ReadAction\",\"target\":[\"https:\/\/psol50.org.br\/luciana-e-baba-visitam-padre-oliverio-na-prisao\/\"]}]},{\"@type\":\"BreadcrumbList\",\"@id\":\"https:\/\/psol50.org.br\/luciana-e-baba-visitam-padre-oliverio-na-prisao\/#breadcrumb\",\"itemListElement\":[{\"@type\":\"ListItem\",\"position\":1,\"name\":\"In\u00edcio\",\"item\":\"https:\/\/psol50.org.br\/\"},{\"@type\":\"ListItem\",\"position\":2,\"name\":\"Luciana e Bab\u00e1 visitam Padre Oliverio na pris\u00e3o\"}]},{\"@type\":\"WebSite\",\"@id\":\"https:\/\/psol50.org.br\/#website\",\"url\":\"https:\/\/psol50.org.br\/\",\"name\":\"PSOL 50\",\"description\":\"Site oficial do Partido Socialismo e Liberdade\",\"publisher\":{\"@id\":\"https:\/\/psol50.org.br\/#organization\"},\"alternateName\":\"PSOL50\",\"potentialAction\":[{\"@type\":\"SearchAction\",\"target\":{\"@type\":\"EntryPoint\",\"urlTemplate\":\"https:\/\/psol50.org.br\/?s={search_term_string}\"},\"query-input\":{\"@type\":\"PropertyValueSpecification\",\"valueRequired\":true,\"valueName\":\"search_term_string\"}}],\"inLanguage\":\"pt-BR\"},{\"@type\":\"Organization\",\"@id\":\"https:\/\/psol50.org.br\/#organization\",\"name\":\"PSOL 50\",\"alternateName\":\"PSOL 50\",\"url\":\"https:\/\/psol50.org.br\/\",\"logo\":{\"@type\":\"ImageObject\",\"inLanguage\":\"pt-BR\",\"@id\":\"https:\/\/psol50.org.br\/#\/schema\/logo\/image\/\",\"url\":\"https:\/\/psol50.org.br\/inc\/uploads\/2018\/07\/capa.png\",\"contentUrl\":\"https:\/\/psol50.org.br\/inc\/uploads\/2018\/07\/capa.png\",\"width\":1350,\"height\":900,\"caption\":\"PSOL 50\"},\"image\":{\"@id\":\"https:\/\/psol50.org.br\/#\/schema\/logo\/image\/\"},\"sameAs\":[\"https:\/\/www.facebook.com\/psol50\",\"https:\/\/x.com\/psol50\",\"https:\/\/www.instagram.com\/psol50\/\",\"https:\/\/www.youtube.com\/channel\/UC7SnJS5o1os7a6CaiNabzcg\"]},{\"@type\":\"Person\",\"@id\":\"https:\/\/psol50.org.br\/#\/schema\/person\/475dfa57d0b815993c714c2e96491fcd\",\"name\":\"Comunica\u00e7\u00e3o PSOL\",\"image\":{\"@type\":\"ImageObject\",\"inLanguage\":\"pt-BR\",\"@id\":\"https:\/\/psol50.org.br\/#\/schema\/person\/image\/\",\"url\":\"https:\/\/secure.gravatar.com\/avatar\/b34fc4f4e468a4e51785917065a3db57b841f5c95dba6ad8c73aaf8f66f8f9bf?s=96&d=mm&r=g\",\"contentUrl\":\"https:\/\/secure.gravatar.com\/avatar\/b34fc4f4e468a4e51785917065a3db57b841f5c95dba6ad8c73aaf8f66f8f9bf?s=96&d=mm&r=g\",\"caption\":\"Comunica\u00e7\u00e3o PSOL\"}}]}<\/script>\n<!-- \/ Yoast SEO plugin. -->","yoast_head_json":{"title":"Luciana e Bab\u00e1 visitam Padre Oliverio na pris\u00e3o - PSOL 50","robots":{"index":"index","follow":"follow","max-snippet":"max-snippet:-1","max-image-preview":"max-image-preview:large","max-video-preview":"max-video-preview:-1"},"canonical":"https:\/\/psol50.org.br\/luciana-e-baba-visitam-padre-oliverio-na-prisao\/","og_locale":"pt_BR","og_type":"article","og_title":"Luciana e Bab\u00e1 visitam Padre Oliverio na pris\u00e3o - PSOL 50","og_description":"Padre Oliverio Medina recebeu, nesta semana, a visita de solidariedade dos deputados federais do PSOL Luciana Genro e Bab\u00e1 e do vereador do PSOL de Guarulhos, companheiro Albert&atilde;o, na Penitenci\u00e1ria da Papuda, em Bras\u00edlia.","og_url":"https:\/\/psol50.org.br\/luciana-e-baba-visitam-padre-oliverio-na-prisao\/","og_site_name":"PSOL 50","article_publisher":"https:\/\/www.facebook.com\/psol50","article_published_time":"2006-02-13T00:00:00+00:00","og_image":[{"width":1350,"height":900,"url":"https:\/\/psol50.org.br\/inc\/uploads\/2018\/07\/capa.png","type":"image\/png"}],"author":"Comunica\u00e7\u00e3o PSOL","twitter_card":"summary_large_image","twitter_creator":"@psol50","twitter_site":"@psol50","twitter_misc":{"Escrito por":"Comunica\u00e7\u00e3o PSOL","Est. tempo de leitura":"1 minuto"},"schema":{"@context":"https:\/\/schema.org","@graph":[{"@type":"Article","@id":"https:\/\/psol50.org.br\/luciana-e-baba-visitam-padre-oliverio-na-prisao\/#article","isPartOf":{"@id":"https:\/\/psol50.org.br\/luciana-e-baba-visitam-padre-oliverio-na-prisao\/"},"author":{"name":"Comunica\u00e7\u00e3o PSOL","@id":"https:\/\/psol50.org.br\/#\/schema\/person\/475dfa57d0b815993c714c2e96491fcd"},"headline":"Luciana e Bab\u00e1 visitam Padre Oliverio na pris\u00e3o","datePublished":"2006-02-13T00:00:00+00:00","mainEntityOfPage":{"@id":"https:\/\/psol50.org.br\/luciana-e-baba-visitam-padre-oliverio-na-prisao\/"},"wordCount":189,"commentCount":0,"publisher":{"@id":"https:\/\/psol50.org.br\/#organization"},"articleSection":["Arquivo"],"inLanguage":"pt-BR","potentialAction":[{"@type":"CommentAction","name":"Comment","target":["https:\/\/psol50.org.br\/luciana-e-baba-visitam-padre-oliverio-na-prisao\/#respond"]}]},{"@type":"WebPage","@id":"https:\/\/psol50.org.br\/luciana-e-baba-visitam-padre-oliverio-na-prisao\/","url":"https:\/\/psol50.org.br\/luciana-e-baba-visitam-padre-oliverio-na-prisao\/","name":"Luciana e Bab\u00e1 visitam Padre Oliverio na pris\u00e3o - PSOL 50","isPartOf":{"@id":"https:\/\/psol50.org.br\/#website"},"datePublished":"2006-02-13T00:00:00+00:00","breadcrumb":{"@id":"https:\/\/psol50.org.br\/luciana-e-baba-visitam-padre-oliverio-na-prisao\/#breadcrumb"},"inLanguage":"pt-BR","potentialAction":[{"@type":"ReadAction","target":["https:\/\/psol50.org.br\/luciana-e-baba-visitam-padre-oliverio-na-prisao\/"]}]},{"@type":"BreadcrumbList","@id":"https:\/\/psol50.org.br\/luciana-e-baba-visitam-padre-oliverio-na-prisao\/#breadcrumb","itemListElement":[{"@type":"ListItem","position":1,"name":"In\u00edcio","item":"https:\/\/psol50.org.br\/"},{"@type":"ListItem","position":2,"name":"Luciana e Bab\u00e1 visitam Padre Oliverio na pris\u00e3o"}]},{"@type":"WebSite","@id":"https:\/\/psol50.org.br\/#website","url":"https:\/\/psol50.org.br\/","name":"PSOL 50","description":"Site oficial do Partido Socialismo e Liberdade","publisher":{"@id":"https:\/\/psol50.org.br\/#organization"},"alternateName":"PSOL50","potentialAction":[{"@type":"SearchAction","target":{"@type":"EntryPoint","urlTemplate":"https:\/\/psol50.org.br\/?s={search_term_string}"},"query-input":{"@type":"PropertyValueSpecification","valueRequired":true,"valueName":"search_term_string"}}],"inLanguage":"pt-BR"},{"@type":"Organization","@id":"https:\/\/psol50.org.br\/#organization","name":"PSOL 50","alternateName":"PSOL 50","url":"https:\/\/psol50.org.br\/","logo":{"@type":"ImageObject","inLanguage":"pt-BR","@id":"https:\/\/psol50.org.br\/#\/schema\/logo\/image\/","url":"https:\/\/psol50.org.br\/inc\/uploads\/2018\/07\/capa.png","contentUrl":"https:\/\/psol50.org.br\/inc\/uploads\/2018\/07\/capa.png","width":1350,"height":900,"caption":"PSOL 50"},"image":{"@id":"https:\/\/psol50.org.br\/#\/schema\/logo\/image\/"},"sameAs":["https:\/\/www.facebook.com\/psol50","https:\/\/x.com\/psol50","https:\/\/www.instagram.com\/psol50\/","https:\/\/www.youtube.com\/channel\/UC7SnJS5o1os7a6CaiNabzcg"]},{"@type":"Person","@id":"https:\/\/psol50.org.br\/#\/schema\/person\/475dfa57d0b815993c714c2e96491fcd","name":"Comunica\u00e7\u00e3o PSOL","image":{"@type":"ImageObject","inLanguage":"pt-BR","@id":"https:\/\/psol50.org.br\/#\/schema\/person\/image\/","url":"https:\/\/secure.gravatar.com\/avatar\/b34fc4f4e468a4e51785917065a3db57b841f5c95dba6ad8c73aaf8f66f8f9bf?s=96&d=mm&r=g","contentUrl":"https:\/\/secure.gravatar.com\/avatar\/b34fc4f4e468a4e51785917065a3db57b841f5c95dba6ad8c73aaf8f66f8f9bf?s=96&d=mm&r=g","caption":"Comunica\u00e7\u00e3o PSOL"}}]}},"_links":{"self":[{"href":"https:\/\/psol50.org.br\/rest\/wp\/v2\/posts\/303","targetHints":{"allow":["GET"]}}],"collection":[{"href":"https:\/\/psol50.org.br\/rest\/wp\/v2\/posts"}],"about":[{"href":"https:\/\/psol50.org.br\/rest\/wp\/v2\/types\/post"}],"author":[{"embeddable":true,"href":"https:\/\/psol50.org.br\/rest\/wp\/v2\/users\/2"}],"replies":[{"embeddable":true,"href":"https:\/\/psol50.org.br\/rest\/wp\/v2\/comments?post=303"}],"version-history":[{"count":0,"href":"https:\/\/psol50.org.br\/rest\/wp\/v2\/posts\/303\/revisions"}],"wp:attachment":[{"href":"https:\/\/psol50.org.br\/rest\/wp\/v2\/media?parent=303"}],"wp:term":[{"taxonomy":"category","embeddable":true,"href":"https:\/\/psol50.org.br\/rest\/wp\/v2\/categories?post=303"},{"taxonomy":"post_tag","embeddable":true,"href":"https:\/\/psol50.org.br\/rest\/wp\/v2\/tags?post=303"}],"curies":[{"name":"wp","href":"https:\/\/api.w.org\/{rel}","templated":true}]}}