{"id":3033,"date":"2014-10-22T00:00:00","date_gmt":"2014-10-22T17:29:46","guid":{"rendered":"http:\/\/psol50.org.br\/arquivo\/2014\/10\/22\/alianca-bolivariana-define-plano-de-acao-integrado-para-enfrentar-ebola\/"},"modified":"2014-10-22T00:00:00","modified_gmt":"2014-10-22T17:29:46","slug":"alianca-bolivariana-define-plano-de-acao-integrado-para-enfrentar-ebola","status":"publish","type":"post","link":"https:\/\/psol50.org.br\/alianca-bolivariana-define-plano-de-acao-integrado-para-enfrentar-ebola\/","title":{"rendered":"Alian\u00e7a Bolivariana define plano de a\u00e7\u00e3o integrado para enfrentar ebola"},"content":{"rendered":"<p style=\"text-align: justify;\">\n\t<span style=\"font-family:arial,helvetica,sans-serif;\"><span style=\"font-size: 12px;\">Por <em>Danilo Macedo, da <a href=\"http:\/\/agenciabrasil.ebc.com.br\/\">Ag\u00eancia Brasil<\/a><\/em><br \/>\n\t&nbsp;<br \/>\n\tAp\u00f3s a reuni\u00e3o de c\u00fapula em Havana para discutir a\u00e7\u00f5es de combate ao ebola, os pa\u00edses-membros da Alian\u00e7a Bolivariana para os Povos da Nossa Am\u00e9rica (Alba) definiram um plano de a\u00e7\u00e3o integrado com 23 pontos para enfrentar a epidemia que j\u00e1 matou mais de 4 mil pessoas na \u00c1frica Ocidental. Al\u00e9m de mais de 9 mil casos registrados em sete pa\u00edses (Lib\u00e9ria, Serra Leoa, Guin\u00e9-Conacri, os mais afetados, e Nig\u00e9ria, Senegal, Espanha e Estados Unidos).<\/p>\n<p>\tOs pontos definidos na reuni\u00e3o de c\u00fapula extraordin\u00e1ria da Alba, que contou com chefes de Estado e ministros da Sa\u00fade de 12 pa\u00edses da Am\u00e9rica Latina e do Caribe, entre eles Ra\u00fal Castro, de Cuba, Nicol\u00e1s Maduro, da Venezuela, e Evo Morales, da Bol\u00edvia, destacam a preocupa\u00e7\u00e3o e prioridade do bloco no combate ao ebola, prevenindo a entrada do v\u00edrus na regi\u00e3o e atuando com profissionais na \u00c1frica.<br \/>\n\t&nbsp;<br \/>\n\tA preven\u00e7\u00e3o nos pa\u00edses da regi\u00e3o ser\u00e1 sistematizada por meio da Rede de Vigil\u00e2ncia Epidemiol\u00f3gica da Alba, cuja cria\u00e7\u00e3o foi acordada durante reuni\u00e3o de ministros da Sa\u00fade do bloco em fevereiro deste ano, em Caracas. Tamb\u00e9m ser\u00e3o refor\u00e7adas a\u00e7\u00f5es de vigil\u00e2ncia e controle epidemiol\u00f3gico nas fronteiras, principalmente nos portos e aeroportos.<br \/>\n\t&nbsp;<br \/>\n\tO plano tamb\u00e9m prev\u00ea apoio \u00e0s equipes m\u00e9dicas volunt\u00e1rias cubanas, especializadas no enfrentamento a desastres e grandes epidemias, que trabalham na \u00c1frica. Depois de ter enviado, no in\u00edcio do m\u00eas, 165 m\u00e9dicos e enfermeiros a Serra Leoa, Cuba mandou ontem (21) mais 91 profissionais&nbsp; (39 m\u00e9dicos e 48 enfermeiros) para a Lib\u00e9ria e Guin\u00e9-Conacri.<br \/>\n\t&nbsp;<br \/>\n\t\u201cNesse sentido, expressamos nossa disposi\u00e7\u00e3o como Alian\u00e7a Bolivariana em contribuir com pessoal de sa\u00fade altamente qualificado, para que se somem aos esfor\u00e7os deste contingente em tarefas que sejam requeridas na regi\u00e3o latino-americana e caribenha\u201d, informa o documento assinado pelo grupo.<br \/>\n\tOutros pontos priorit\u00e1rios destacados s\u00e3o o estabelecimento de mecanismos nacionais para diagnosticar e isolar rapidamente os supostos casos de infec\u00e7\u00e3o, levando em conta os crit\u00e9rios estabelecidos pela Organiza\u00e7\u00e3o Mundial da Sa\u00fade (OMS) e o esfor\u00e7o para a forma\u00e7\u00e3o de pessoal de sa\u00fade especializado na preven\u00e7\u00e3o e combate ao ebola nos pa\u00edses da Alba a partir da experi\u00eancia acumulada.<br \/>\n\t&nbsp;<br \/>\n\tNos dias 29 e 30 de outubro, especialistas e t\u00e9cnicos dos pa\u00edses-membros da Alba voltam a se reunir na capital cubana para fechar os \u00faltimos detalhes do plano de a\u00e7\u00e3o que os ministros da Sa\u00fade do bloco devem finalizar at\u00e9 5 de novembro. Na segunda-feira (20), o secret\u00e1rio-geral da Organiza\u00e7\u00e3o das Na\u00e7\u00f5es Unidas (ONU), Ban Ki-moon, pediu \u00e0 comunidade internacional para seguir o exemplo da Alba na luta contra o ebola.<br \/>\n\t&nbsp;<br \/>\n\tRecentemente, o governo brasileiro anunciou que enviar\u00e1 mais dez<em> kits <\/em>de medicamentos e insumos, suficientes para atender cerca de 5 mil pessoas por tr\u00eas meses, e ajuda humanit\u00e1ria de R$ 13,5 milh\u00f5es em alimentos para os tr\u00eas pa\u00edses mais afetados pela epidemia de ebola: Guin\u00e9-Conacri, Serra Leoa e Lib\u00e9ria. Ao todo, ser\u00e3o enviados, por meio do Programa Mundial de Alimentos das Na\u00e7\u00f5es Unidas, 6,4 mil toneladas de arroz beneficiado e 4,6 mil toneladas de feij\u00e3o. Anteriormente, o Brasil j\u00e1 havia enviado 14 <em>kits<\/em> para os tr\u00eas pa\u00edses e doado R$ 1 milh\u00e3o \u00e0 OMS.<br \/>\n\t&nbsp;<\/span><\/span><\/p>\n","protected":false},"excerpt":{"rendered":"<p>Por Danilo Macedo, da Ag\u00eancia Brasil &nbsp; Ap\u00f3s a reuni\u00e3o de c\u00fapula em Havana para discutir a\u00e7\u00f5es de combate ao ebola, os pa\u00edses-membros da Alian\u00e7a Bolivariana para os Povos da Nossa Am\u00e9rica (Alba) definiram um plano de a\u00e7\u00e3o integrado com 23 pontos para enfrentar a epidemia que j\u00e1 matou mais de 4 mil pessoas na [&hellip;]<\/p>\n","protected":false},"author":2,"featured_media":0,"comment_status":"open","ping_status":"open","sticky":false,"template":"","format":"standard","meta":{"_acf_changed":false,"footnotes":""},"categories":[4766,6],"tags":[],"class_list":{"0":"post-3033","1":"post","2":"type-post","3":"status-publish","4":"format-standard","6":"category-arquivo","7":"category-noticias"},"acf":[],"yoast_head":"<!-- This site is optimized with the Yoast SEO plugin v26.5 - https:\/\/yoast.com\/wordpress\/plugins\/seo\/ -->\n<title>Alian\u00e7a Bolivariana define plano de a\u00e7\u00e3o integrado para enfrentar ebola - PSOL 50<\/title>\n<meta name=\"robots\" content=\"index, follow, max-snippet:-1, max-image-preview:large, max-video-preview:-1\" \/>\n<link rel=\"canonical\" href=\"https:\/\/psol50.org.br\/alianca-bolivariana-define-plano-de-acao-integrado-para-enfrentar-ebola\/\" \/>\n<meta property=\"og:locale\" content=\"pt_BR\" \/>\n<meta property=\"og:type\" content=\"article\" \/>\n<meta property=\"og:title\" content=\"Alian\u00e7a Bolivariana define plano de a\u00e7\u00e3o integrado para enfrentar ebola - PSOL 50\" \/>\n<meta property=\"og:description\" content=\"Por Danilo Macedo, da Ag\u00eancia Brasil &nbsp; Ap\u00f3s a reuni\u00e3o de c\u00fapula em Havana para discutir a\u00e7\u00f5es de combate ao ebola, os pa\u00edses-membros da Alian\u00e7a Bolivariana para os Povos da Nossa Am\u00e9rica (Alba) definiram um plano de a\u00e7\u00e3o integrado com 23 pontos para enfrentar a epidemia que j\u00e1 matou mais de 4 mil pessoas na [&hellip;]\" \/>\n<meta property=\"og:url\" content=\"https:\/\/psol50.org.br\/alianca-bolivariana-define-plano-de-acao-integrado-para-enfrentar-ebola\/\" \/>\n<meta property=\"og:site_name\" content=\"PSOL 50\" \/>\n<meta property=\"article:publisher\" content=\"https:\/\/www.facebook.com\/psol50\" \/>\n<meta property=\"article:published_time\" content=\"2014-10-22T17:29:46+00:00\" \/>\n<meta property=\"og:image\" content=\"https:\/\/psol50.org.br\/inc\/uploads\/2018\/07\/capa.png\" \/>\n\t<meta property=\"og:image:width\" content=\"1350\" \/>\n\t<meta property=\"og:image:height\" content=\"900\" \/>\n\t<meta property=\"og:image:type\" content=\"image\/png\" \/>\n<meta name=\"author\" content=\"Comunica\u00e7\u00e3o PSOL\" \/>\n<meta name=\"twitter:card\" content=\"summary_large_image\" \/>\n<meta name=\"twitter:creator\" content=\"@psol50\" \/>\n<meta name=\"twitter:site\" content=\"@psol50\" \/>\n<meta name=\"twitter:label1\" content=\"Escrito por\" \/>\n\t<meta name=\"twitter:data1\" content=\"Comunica\u00e7\u00e3o PSOL\" \/>\n\t<meta name=\"twitter:label2\" content=\"Est. tempo de leitura\" \/>\n\t<meta name=\"twitter:data2\" content=\"3 minutos\" \/>\n<script type=\"application\/ld+json\" class=\"yoast-schema-graph\">{\"@context\":\"https:\/\/schema.org\",\"@graph\":[{\"@type\":\"Article\",\"@id\":\"https:\/\/psol50.org.br\/alianca-bolivariana-define-plano-de-acao-integrado-para-enfrentar-ebola\/#article\",\"isPartOf\":{\"@id\":\"https:\/\/psol50.org.br\/alianca-bolivariana-define-plano-de-acao-integrado-para-enfrentar-ebola\/\"},\"author\":{\"name\":\"Comunica\u00e7\u00e3o PSOL\",\"@id\":\"https:\/\/psol50.org.br\/#\/schema\/person\/475dfa57d0b815993c714c2e96491fcd\"},\"headline\":\"Alian\u00e7a Bolivariana define plano de a\u00e7\u00e3o integrado para enfrentar ebola\",\"datePublished\":\"2014-10-22T17:29:46+00:00\",\"mainEntityOfPage\":{\"@id\":\"https:\/\/psol50.org.br\/alianca-bolivariana-define-plano-de-acao-integrado-para-enfrentar-ebola\/\"},\"wordCount\":602,\"commentCount\":0,\"publisher\":{\"@id\":\"https:\/\/psol50.org.br\/#organization\"},\"articleSection\":[\"Arquivo\",\"Not\u00edcias\"],\"inLanguage\":\"pt-BR\",\"potentialAction\":[{\"@type\":\"CommentAction\",\"name\":\"Comment\",\"target\":[\"https:\/\/psol50.org.br\/alianca-bolivariana-define-plano-de-acao-integrado-para-enfrentar-ebola\/#respond\"]}]},{\"@type\":\"WebPage\",\"@id\":\"https:\/\/psol50.org.br\/alianca-bolivariana-define-plano-de-acao-integrado-para-enfrentar-ebola\/\",\"url\":\"https:\/\/psol50.org.br\/alianca-bolivariana-define-plano-de-acao-integrado-para-enfrentar-ebola\/\",\"name\":\"Alian\u00e7a Bolivariana define plano de a\u00e7\u00e3o integrado para enfrentar ebola - PSOL 50\",\"isPartOf\":{\"@id\":\"https:\/\/psol50.org.br\/#website\"},\"datePublished\":\"2014-10-22T17:29:46+00:00\",\"breadcrumb\":{\"@id\":\"https:\/\/psol50.org.br\/alianca-bolivariana-define-plano-de-acao-integrado-para-enfrentar-ebola\/#breadcrumb\"},\"inLanguage\":\"pt-BR\",\"potentialAction\":[{\"@type\":\"ReadAction\",\"target\":[\"https:\/\/psol50.org.br\/alianca-bolivariana-define-plano-de-acao-integrado-para-enfrentar-ebola\/\"]}]},{\"@type\":\"BreadcrumbList\",\"@id\":\"https:\/\/psol50.org.br\/alianca-bolivariana-define-plano-de-acao-integrado-para-enfrentar-ebola\/#breadcrumb\",\"itemListElement\":[{\"@type\":\"ListItem\",\"position\":1,\"name\":\"In\u00edcio\",\"item\":\"https:\/\/psol50.org.br\/\"},{\"@type\":\"ListItem\",\"position\":2,\"name\":\"Alian\u00e7a Bolivariana define plano de a\u00e7\u00e3o integrado para enfrentar ebola\"}]},{\"@type\":\"WebSite\",\"@id\":\"https:\/\/psol50.org.br\/#website\",\"url\":\"https:\/\/psol50.org.br\/\",\"name\":\"PSOL 50\",\"description\":\"Site oficial do Partido Socialismo e Liberdade\",\"publisher\":{\"@id\":\"https:\/\/psol50.org.br\/#organization\"},\"alternateName\":\"PSOL50\",\"potentialAction\":[{\"@type\":\"SearchAction\",\"target\":{\"@type\":\"EntryPoint\",\"urlTemplate\":\"https:\/\/psol50.org.br\/?s={search_term_string}\"},\"query-input\":{\"@type\":\"PropertyValueSpecification\",\"valueRequired\":true,\"valueName\":\"search_term_string\"}}],\"inLanguage\":\"pt-BR\"},{\"@type\":\"Organization\",\"@id\":\"https:\/\/psol50.org.br\/#organization\",\"name\":\"PSOL 50\",\"alternateName\":\"PSOL 50\",\"url\":\"https:\/\/psol50.org.br\/\",\"logo\":{\"@type\":\"ImageObject\",\"inLanguage\":\"pt-BR\",\"@id\":\"https:\/\/psol50.org.br\/#\/schema\/logo\/image\/\",\"url\":\"https:\/\/psol50.org.br\/inc\/uploads\/2018\/07\/capa.png\",\"contentUrl\":\"https:\/\/psol50.org.br\/inc\/uploads\/2018\/07\/capa.png\",\"width\":1350,\"height\":900,\"caption\":\"PSOL 50\"},\"image\":{\"@id\":\"https:\/\/psol50.org.br\/#\/schema\/logo\/image\/\"},\"sameAs\":[\"https:\/\/www.facebook.com\/psol50\",\"https:\/\/x.com\/psol50\",\"https:\/\/www.instagram.com\/psol50\/\",\"https:\/\/www.youtube.com\/channel\/UC7SnJS5o1os7a6CaiNabzcg\"]},{\"@type\":\"Person\",\"@id\":\"https:\/\/psol50.org.br\/#\/schema\/person\/475dfa57d0b815993c714c2e96491fcd\",\"name\":\"Comunica\u00e7\u00e3o PSOL\",\"image\":{\"@type\":\"ImageObject\",\"inLanguage\":\"pt-BR\",\"@id\":\"https:\/\/psol50.org.br\/#\/schema\/person\/image\/\",\"url\":\"https:\/\/secure.gravatar.com\/avatar\/b34fc4f4e468a4e51785917065a3db57b841f5c95dba6ad8c73aaf8f66f8f9bf?s=96&d=mm&r=g\",\"contentUrl\":\"https:\/\/secure.gravatar.com\/avatar\/b34fc4f4e468a4e51785917065a3db57b841f5c95dba6ad8c73aaf8f66f8f9bf?s=96&d=mm&r=g\",\"caption\":\"Comunica\u00e7\u00e3o PSOL\"}}]}<\/script>\n<!-- \/ Yoast SEO plugin. -->","yoast_head_json":{"title":"Alian\u00e7a Bolivariana define plano de a\u00e7\u00e3o integrado para enfrentar ebola - PSOL 50","robots":{"index":"index","follow":"follow","max-snippet":"max-snippet:-1","max-image-preview":"max-image-preview:large","max-video-preview":"max-video-preview:-1"},"canonical":"https:\/\/psol50.org.br\/alianca-bolivariana-define-plano-de-acao-integrado-para-enfrentar-ebola\/","og_locale":"pt_BR","og_type":"article","og_title":"Alian\u00e7a Bolivariana define plano de a\u00e7\u00e3o integrado para enfrentar ebola - PSOL 50","og_description":"Por Danilo Macedo, da Ag\u00eancia Brasil &nbsp; Ap\u00f3s a reuni\u00e3o de c\u00fapula em Havana para discutir a\u00e7\u00f5es de combate ao ebola, os pa\u00edses-membros da Alian\u00e7a Bolivariana para os Povos da Nossa Am\u00e9rica (Alba) definiram um plano de a\u00e7\u00e3o integrado com 23 pontos para enfrentar a epidemia que j\u00e1 matou mais de 4 mil pessoas na [&hellip;]","og_url":"https:\/\/psol50.org.br\/alianca-bolivariana-define-plano-de-acao-integrado-para-enfrentar-ebola\/","og_site_name":"PSOL 50","article_publisher":"https:\/\/www.facebook.com\/psol50","article_published_time":"2014-10-22T17:29:46+00:00","og_image":[{"width":1350,"height":900,"url":"https:\/\/psol50.org.br\/inc\/uploads\/2018\/07\/capa.png","type":"image\/png"}],"author":"Comunica\u00e7\u00e3o PSOL","twitter_card":"summary_large_image","twitter_creator":"@psol50","twitter_site":"@psol50","twitter_misc":{"Escrito por":"Comunica\u00e7\u00e3o PSOL","Est. tempo de leitura":"3 minutos"},"schema":{"@context":"https:\/\/schema.org","@graph":[{"@type":"Article","@id":"https:\/\/psol50.org.br\/alianca-bolivariana-define-plano-de-acao-integrado-para-enfrentar-ebola\/#article","isPartOf":{"@id":"https:\/\/psol50.org.br\/alianca-bolivariana-define-plano-de-acao-integrado-para-enfrentar-ebola\/"},"author":{"name":"Comunica\u00e7\u00e3o PSOL","@id":"https:\/\/psol50.org.br\/#\/schema\/person\/475dfa57d0b815993c714c2e96491fcd"},"headline":"Alian\u00e7a Bolivariana define plano de a\u00e7\u00e3o integrado para enfrentar ebola","datePublished":"2014-10-22T17:29:46+00:00","mainEntityOfPage":{"@id":"https:\/\/psol50.org.br\/alianca-bolivariana-define-plano-de-acao-integrado-para-enfrentar-ebola\/"},"wordCount":602,"commentCount":0,"publisher":{"@id":"https:\/\/psol50.org.br\/#organization"},"articleSection":["Arquivo","Not\u00edcias"],"inLanguage":"pt-BR","potentialAction":[{"@type":"CommentAction","name":"Comment","target":["https:\/\/psol50.org.br\/alianca-bolivariana-define-plano-de-acao-integrado-para-enfrentar-ebola\/#respond"]}]},{"@type":"WebPage","@id":"https:\/\/psol50.org.br\/alianca-bolivariana-define-plano-de-acao-integrado-para-enfrentar-ebola\/","url":"https:\/\/psol50.org.br\/alianca-bolivariana-define-plano-de-acao-integrado-para-enfrentar-ebola\/","name":"Alian\u00e7a Bolivariana define plano de a\u00e7\u00e3o integrado para enfrentar ebola - PSOL 50","isPartOf":{"@id":"https:\/\/psol50.org.br\/#website"},"datePublished":"2014-10-22T17:29:46+00:00","breadcrumb":{"@id":"https:\/\/psol50.org.br\/alianca-bolivariana-define-plano-de-acao-integrado-para-enfrentar-ebola\/#breadcrumb"},"inLanguage":"pt-BR","potentialAction":[{"@type":"ReadAction","target":["https:\/\/psol50.org.br\/alianca-bolivariana-define-plano-de-acao-integrado-para-enfrentar-ebola\/"]}]},{"@type":"BreadcrumbList","@id":"https:\/\/psol50.org.br\/alianca-bolivariana-define-plano-de-acao-integrado-para-enfrentar-ebola\/#breadcrumb","itemListElement":[{"@type":"ListItem","position":1,"name":"In\u00edcio","item":"https:\/\/psol50.org.br\/"},{"@type":"ListItem","position":2,"name":"Alian\u00e7a Bolivariana define plano de a\u00e7\u00e3o integrado para enfrentar ebola"}]},{"@type":"WebSite","@id":"https:\/\/psol50.org.br\/#website","url":"https:\/\/psol50.org.br\/","name":"PSOL 50","description":"Site oficial do Partido Socialismo e Liberdade","publisher":{"@id":"https:\/\/psol50.org.br\/#organization"},"alternateName":"PSOL50","potentialAction":[{"@type":"SearchAction","target":{"@type":"EntryPoint","urlTemplate":"https:\/\/psol50.org.br\/?s={search_term_string}"},"query-input":{"@type":"PropertyValueSpecification","valueRequired":true,"valueName":"search_term_string"}}],"inLanguage":"pt-BR"},{"@type":"Organization","@id":"https:\/\/psol50.org.br\/#organization","name":"PSOL 50","alternateName":"PSOL 50","url":"https:\/\/psol50.org.br\/","logo":{"@type":"ImageObject","inLanguage":"pt-BR","@id":"https:\/\/psol50.org.br\/#\/schema\/logo\/image\/","url":"https:\/\/psol50.org.br\/inc\/uploads\/2018\/07\/capa.png","contentUrl":"https:\/\/psol50.org.br\/inc\/uploads\/2018\/07\/capa.png","width":1350,"height":900,"caption":"PSOL 50"},"image":{"@id":"https:\/\/psol50.org.br\/#\/schema\/logo\/image\/"},"sameAs":["https:\/\/www.facebook.com\/psol50","https:\/\/x.com\/psol50","https:\/\/www.instagram.com\/psol50\/","https:\/\/www.youtube.com\/channel\/UC7SnJS5o1os7a6CaiNabzcg"]},{"@type":"Person","@id":"https:\/\/psol50.org.br\/#\/schema\/person\/475dfa57d0b815993c714c2e96491fcd","name":"Comunica\u00e7\u00e3o PSOL","image":{"@type":"ImageObject","inLanguage":"pt-BR","@id":"https:\/\/psol50.org.br\/#\/schema\/person\/image\/","url":"https:\/\/secure.gravatar.com\/avatar\/b34fc4f4e468a4e51785917065a3db57b841f5c95dba6ad8c73aaf8f66f8f9bf?s=96&d=mm&r=g","contentUrl":"https:\/\/secure.gravatar.com\/avatar\/b34fc4f4e468a4e51785917065a3db57b841f5c95dba6ad8c73aaf8f66f8f9bf?s=96&d=mm&r=g","caption":"Comunica\u00e7\u00e3o PSOL"}}]}},"_links":{"self":[{"href":"https:\/\/psol50.org.br\/rest\/wp\/v2\/posts\/3033","targetHints":{"allow":["GET"]}}],"collection":[{"href":"https:\/\/psol50.org.br\/rest\/wp\/v2\/posts"}],"about":[{"href":"https:\/\/psol50.org.br\/rest\/wp\/v2\/types\/post"}],"author":[{"embeddable":true,"href":"https:\/\/psol50.org.br\/rest\/wp\/v2\/users\/2"}],"replies":[{"embeddable":true,"href":"https:\/\/psol50.org.br\/rest\/wp\/v2\/comments?post=3033"}],"version-history":[{"count":0,"href":"https:\/\/psol50.org.br\/rest\/wp\/v2\/posts\/3033\/revisions"}],"wp:attachment":[{"href":"https:\/\/psol50.org.br\/rest\/wp\/v2\/media?parent=3033"}],"wp:term":[{"taxonomy":"category","embeddable":true,"href":"https:\/\/psol50.org.br\/rest\/wp\/v2\/categories?post=3033"},{"taxonomy":"post_tag","embeddable":true,"href":"https:\/\/psol50.org.br\/rest\/wp\/v2\/tags?post=3033"}],"curies":[{"name":"wp","href":"https:\/\/api.w.org\/{rel}","templated":true}]}}