{"id":3036,"date":"2014-10-23T00:00:00","date_gmt":"2014-10-23T15:55:12","guid":{"rendered":"http:\/\/psol50.org.br\/arquivo\/2014\/10\/23\/jean-wyllys-discute-o-enfrentamento-da-violencia-contra-a-populacao-lgbt-em-reuniao-no-mpdft\/"},"modified":"2014-10-23T00:00:00","modified_gmt":"2014-10-23T15:55:12","slug":"jean-wyllys-discute-o-enfrentamento-da-violencia-contra-a-populacao-lgbt-em-reuniao-no-mpdft","status":"publish","type":"post","link":"https:\/\/psol50.org.br\/jean-wyllys-discute-o-enfrentamento-da-violencia-contra-a-populacao-lgbt-em-reuniao-no-mpdft\/","title":{"rendered":"Jean Wyllys discute o enfrentamento da viol\u00eancia contra a popula\u00e7\u00e3o LGBT em reuni\u00e3o no MPDFT"},"content":{"rendered":"<p style=\"text-align: justify;\">\n\t<span style=\"font-family:arial,helvetica,sans-serif;\"><span style=\"font-size: 12px;\">O deputado Jean Wyllys (PSOL-RJ) se reuniu, na tarde desta ter\u00e7a-feira (21), com o promotor de Justi\u00e7a e Coordenador dos N\u00facleos de Direitos Humanos do Minist\u00e9rio P\u00fablico do Distrito Federal e Territ\u00f3rios (MPDFT), Thiago Andr\u00e9 Pierobom de \u00c1vila, para tratar sobre a agress\u00e3o homof\u00f3bica contra tr\u00eas jovens, ocorrida em um bar da Asa Sul, em Bras\u00edlia, no in\u00edcio deste m\u00eas. O deputado do PSOL estava acompanhado da deputada \u00c9rika Kokay (PT-DF).<br \/>\n\t&nbsp;<br \/>\n\tUma das preocupa\u00e7\u00f5es levantadas pelos parlamentares, membros da Comiss\u00e3o de Direitos Humanos e Minorias da C\u00e2mara, foi a prote\u00e7\u00e3o das v\u00edtimas e a puni\u00e7\u00e3o dos respons\u00e1veis. Segundo \u00c1vila, h\u00e1 uma s\u00e9rie de dificuldades que o Minist\u00e9rio P\u00fablico encontra para lidar com casos deste tipo por n\u00e3o haver, na lei, a tipifica\u00e7\u00e3o de crimes cometidos em raz\u00e3o da orienta\u00e7\u00e3o sexual e identidade de g\u00eanero, pois a atual legisla\u00e7\u00e3o quase que inviabiliza o exerc\u00edcio da a\u00e7\u00e3o penal. O promotor tamb\u00e9m ressaltou a import\u00e2ncia da criminaliza\u00e7\u00e3o da homofobia e da transfobia para facilitar o trabalho da justi\u00e7a, dando visibilidade legal a essas viola\u00e7\u00f5es e permitindo, assim, que o Minist\u00e9rio P\u00fablico possa criar um setor especializado para estes tipos de crimes. \u201cQuando o crime n\u00e3o existe, \u00e9 como se aquela situa\u00e7\u00e3o n\u00e3o existisse\u201d, disse o procurador.<br \/>\n\t&nbsp;<br \/>\n\tO deputado Jean Wyllys ressaltou que h\u00e1 uma batalha dos parlamentares defensores dos direitos humanos no legislativo para incluir a motiva\u00e7\u00e3o homof\u00f3bica e transf\u00f3bica como agravante aos crimes de les\u00e3o corporal e de homic\u00eddio na discuss\u00e3o de reforma do C\u00f3digo Penal. \u201cAinda que fa\u00e7amos um projeto em separado, ele vai ser apensado ao projeto da reforma do c\u00f3digo penal. Essa \u00e9 uma batalha que vai ter que ser feita\u201d, afirmou Wyllys, ressaltando que, sendo a homofobia um problema sist\u00eamico, ele deve ser combatido como tal atrav\u00e9s de p\u00fablicas positivas que desconstrua a discrimina\u00e7\u00e3o LGBT em sua origem. \u201cSomos contra a redu\u00e7\u00e3o da maioridade penal e a favor de penas alternativas para delitos leves\u201d.<br \/>\n\t&nbsp;<br \/>\n\tO procurador exp\u00f4s sua preocupa\u00e7\u00e3o com o entrela\u00e7amento do discurso de \u00f3dio com a ideia do Estado Laico, problema semelhante \u00e0 discrimina\u00e7\u00e3o sofrida pelos adeptos de religi\u00f5es de matriz-africana, ressaltando que o direito \u00e0 liberdade religiosa n\u00e3o pode ser usada como justificativa para o discurso de \u00f3dio. \u201cUm grupo social n\u00e3o tem direito de impor sua moralidade a outro grupo em uma sociedade cada vez mais multicultural\u201d, disse \u00c1vila, sugerindo, como ferramenta para este enfrentamento, um departamento especializado no Minist\u00e9rio P\u00fablico do Distrito Federal para tratar dos crimes contra a popula\u00e7\u00e3o LGBT.<br \/>\n\t&nbsp;<br \/>\n\tWyllys encerrou a reuni\u00e3o se comprometendo, em seu segundo mandato, com a constru\u00e7\u00e3o de espa\u00e7os que qualifiquem a agenda da criminaliza\u00e7\u00e3o da homofobia e da transfobia sem negligenciar a viola\u00e7\u00e3o de direitos e a prote\u00e7\u00e3o imediata das v\u00edtimas, pensando em novas estrat\u00e9gias com pol\u00edticas p\u00fablicas positivas de enfrentamento \u00e0 LGBTfobia que ataquem a origem do problema.<\/p>\n<p>\tO deputado do PSOL refor\u00e7ou a import\u00e2ncia de investimento em pol\u00edticas de educa\u00e7\u00e3o inclusiva e na forma\u00e7\u00e3o voltada para o respeito \u00e0 diversidade que englobem as pol\u00edcias e as institui\u00e7\u00f5es p\u00fablicas. \u201c\u00c9 preciso transformar a nossa sociedade com a Educa\u00e7\u00e3o para reduzirmos a viol\u00eancia discriminat\u00f3ria\u201d, concluiu.<br \/>\n\t&nbsp;<\/span><\/span><\/p>\n","protected":false},"excerpt":{"rendered":"<p>O deputado Jean Wyllys (PSOL-RJ) se reuniu, na tarde desta ter\u00e7a-feira (21), com o promotor de Justi\u00e7a e Coordenador dos N\u00facleos de Direitos Humanos do Minist\u00e9rio P\u00fablico do Distrito Federal e Territ\u00f3rios (MPDFT), Thiago Andr\u00e9 Pierobom de \u00c1vila, para tratar sobre a agress\u00e3o homof\u00f3bica contra tr\u00eas jovens, ocorrida em um bar da Asa Sul, em [&hellip;]<\/p>\n","protected":false},"author":2,"featured_media":0,"comment_status":"open","ping_status":"open","sticky":false,"template":"","format":"standard","meta":{"_acf_changed":false,"footnotes":""},"categories":[10,4766,6],"tags":[],"class_list":{"0":"post-3036","1":"post","2":"type-post","3":"status-publish","4":"format-standard","6":"category-acao-parlamentares","7":"category-arquivo","8":"category-noticias"},"acf":[],"yoast_head":"<!-- This site is optimized with the Yoast SEO plugin v26.5 - https:\/\/yoast.com\/wordpress\/plugins\/seo\/ -->\n<title>Jean Wyllys discute o enfrentamento da viol\u00eancia contra a popula\u00e7\u00e3o LGBT em reuni\u00e3o no MPDFT - PSOL 50<\/title>\n<meta name=\"robots\" content=\"index, follow, max-snippet:-1, max-image-preview:large, max-video-preview:-1\" \/>\n<link rel=\"canonical\" href=\"https:\/\/psol50.org.br\/jean-wyllys-discute-o-enfrentamento-da-violencia-contra-a-populacao-lgbt-em-reuniao-no-mpdft\/\" \/>\n<meta property=\"og:locale\" content=\"pt_BR\" \/>\n<meta property=\"og:type\" content=\"article\" \/>\n<meta property=\"og:title\" content=\"Jean Wyllys discute o enfrentamento da viol\u00eancia contra a popula\u00e7\u00e3o LGBT em reuni\u00e3o no MPDFT - PSOL 50\" \/>\n<meta property=\"og:description\" content=\"O deputado Jean Wyllys (PSOL-RJ) se reuniu, na tarde desta ter\u00e7a-feira (21), com o promotor de Justi\u00e7a e Coordenador dos N\u00facleos de Direitos Humanos do Minist\u00e9rio P\u00fablico do Distrito Federal e Territ\u00f3rios (MPDFT), Thiago Andr\u00e9 Pierobom de \u00c1vila, para tratar sobre a agress\u00e3o homof\u00f3bica contra tr\u00eas jovens, ocorrida em um bar da Asa Sul, em [&hellip;]\" \/>\n<meta property=\"og:url\" content=\"https:\/\/psol50.org.br\/jean-wyllys-discute-o-enfrentamento-da-violencia-contra-a-populacao-lgbt-em-reuniao-no-mpdft\/\" \/>\n<meta property=\"og:site_name\" content=\"PSOL 50\" \/>\n<meta property=\"article:publisher\" content=\"https:\/\/www.facebook.com\/psol50\" \/>\n<meta property=\"article:published_time\" content=\"2014-10-23T15:55:12+00:00\" \/>\n<meta property=\"og:image\" content=\"https:\/\/psol50.org.br\/inc\/uploads\/2018\/07\/capa.png\" \/>\n\t<meta property=\"og:image:width\" content=\"1350\" \/>\n\t<meta property=\"og:image:height\" content=\"900\" \/>\n\t<meta property=\"og:image:type\" content=\"image\/png\" \/>\n<meta name=\"author\" content=\"Comunica\u00e7\u00e3o PSOL\" \/>\n<meta name=\"twitter:card\" content=\"summary_large_image\" \/>\n<meta name=\"twitter:creator\" content=\"@psol50\" \/>\n<meta name=\"twitter:site\" content=\"@psol50\" \/>\n<meta name=\"twitter:label1\" content=\"Escrito por\" \/>\n\t<meta name=\"twitter:data1\" content=\"Comunica\u00e7\u00e3o PSOL\" \/>\n\t<meta name=\"twitter:label2\" content=\"Est. tempo de leitura\" \/>\n\t<meta name=\"twitter:data2\" content=\"3 minutos\" \/>\n<script type=\"application\/ld+json\" class=\"yoast-schema-graph\">{\"@context\":\"https:\/\/schema.org\",\"@graph\":[{\"@type\":\"Article\",\"@id\":\"https:\/\/psol50.org.br\/jean-wyllys-discute-o-enfrentamento-da-violencia-contra-a-populacao-lgbt-em-reuniao-no-mpdft\/#article\",\"isPartOf\":{\"@id\":\"https:\/\/psol50.org.br\/jean-wyllys-discute-o-enfrentamento-da-violencia-contra-a-populacao-lgbt-em-reuniao-no-mpdft\/\"},\"author\":{\"name\":\"Comunica\u00e7\u00e3o PSOL\",\"@id\":\"https:\/\/psol50.org.br\/#\/schema\/person\/475dfa57d0b815993c714c2e96491fcd\"},\"headline\":\"Jean Wyllys discute o enfrentamento da viol\u00eancia contra a popula\u00e7\u00e3o LGBT em reuni\u00e3o no MPDFT\",\"datePublished\":\"2014-10-23T15:55:12+00:00\",\"mainEntityOfPage\":{\"@id\":\"https:\/\/psol50.org.br\/jean-wyllys-discute-o-enfrentamento-da-violencia-contra-a-populacao-lgbt-em-reuniao-no-mpdft\/\"},\"wordCount\":610,\"commentCount\":0,\"publisher\":{\"@id\":\"https:\/\/psol50.org.br\/#organization\"},\"articleSection\":[\"A\u00e7\u00e3o Parlamentar\",\"Arquivo\",\"Not\u00edcias\"],\"inLanguage\":\"pt-BR\",\"potentialAction\":[{\"@type\":\"CommentAction\",\"name\":\"Comment\",\"target\":[\"https:\/\/psol50.org.br\/jean-wyllys-discute-o-enfrentamento-da-violencia-contra-a-populacao-lgbt-em-reuniao-no-mpdft\/#respond\"]}]},{\"@type\":\"WebPage\",\"@id\":\"https:\/\/psol50.org.br\/jean-wyllys-discute-o-enfrentamento-da-violencia-contra-a-populacao-lgbt-em-reuniao-no-mpdft\/\",\"url\":\"https:\/\/psol50.org.br\/jean-wyllys-discute-o-enfrentamento-da-violencia-contra-a-populacao-lgbt-em-reuniao-no-mpdft\/\",\"name\":\"Jean Wyllys discute o enfrentamento da viol\u00eancia contra a popula\u00e7\u00e3o LGBT em reuni\u00e3o no MPDFT - PSOL 50\",\"isPartOf\":{\"@id\":\"https:\/\/psol50.org.br\/#website\"},\"datePublished\":\"2014-10-23T15:55:12+00:00\",\"breadcrumb\":{\"@id\":\"https:\/\/psol50.org.br\/jean-wyllys-discute-o-enfrentamento-da-violencia-contra-a-populacao-lgbt-em-reuniao-no-mpdft\/#breadcrumb\"},\"inLanguage\":\"pt-BR\",\"potentialAction\":[{\"@type\":\"ReadAction\",\"target\":[\"https:\/\/psol50.org.br\/jean-wyllys-discute-o-enfrentamento-da-violencia-contra-a-populacao-lgbt-em-reuniao-no-mpdft\/\"]}]},{\"@type\":\"BreadcrumbList\",\"@id\":\"https:\/\/psol50.org.br\/jean-wyllys-discute-o-enfrentamento-da-violencia-contra-a-populacao-lgbt-em-reuniao-no-mpdft\/#breadcrumb\",\"itemListElement\":[{\"@type\":\"ListItem\",\"position\":1,\"name\":\"In\u00edcio\",\"item\":\"https:\/\/psol50.org.br\/\"},{\"@type\":\"ListItem\",\"position\":2,\"name\":\"Jean Wyllys discute o enfrentamento da viol\u00eancia contra a popula\u00e7\u00e3o LGBT em reuni\u00e3o no MPDFT\"}]},{\"@type\":\"WebSite\",\"@id\":\"https:\/\/psol50.org.br\/#website\",\"url\":\"https:\/\/psol50.org.br\/\",\"name\":\"PSOL 50\",\"description\":\"Site oficial do Partido Socialismo e Liberdade\",\"publisher\":{\"@id\":\"https:\/\/psol50.org.br\/#organization\"},\"alternateName\":\"PSOL50\",\"potentialAction\":[{\"@type\":\"SearchAction\",\"target\":{\"@type\":\"EntryPoint\",\"urlTemplate\":\"https:\/\/psol50.org.br\/?s={search_term_string}\"},\"query-input\":{\"@type\":\"PropertyValueSpecification\",\"valueRequired\":true,\"valueName\":\"search_term_string\"}}],\"inLanguage\":\"pt-BR\"},{\"@type\":\"Organization\",\"@id\":\"https:\/\/psol50.org.br\/#organization\",\"name\":\"PSOL 50\",\"alternateName\":\"PSOL 50\",\"url\":\"https:\/\/psol50.org.br\/\",\"logo\":{\"@type\":\"ImageObject\",\"inLanguage\":\"pt-BR\",\"@id\":\"https:\/\/psol50.org.br\/#\/schema\/logo\/image\/\",\"url\":\"https:\/\/psol50.org.br\/inc\/uploads\/2018\/07\/capa.png\",\"contentUrl\":\"https:\/\/psol50.org.br\/inc\/uploads\/2018\/07\/capa.png\",\"width\":1350,\"height\":900,\"caption\":\"PSOL 50\"},\"image\":{\"@id\":\"https:\/\/psol50.org.br\/#\/schema\/logo\/image\/\"},\"sameAs\":[\"https:\/\/www.facebook.com\/psol50\",\"https:\/\/x.com\/psol50\",\"https:\/\/www.instagram.com\/psol50\/\",\"https:\/\/www.youtube.com\/channel\/UC7SnJS5o1os7a6CaiNabzcg\"]},{\"@type\":\"Person\",\"@id\":\"https:\/\/psol50.org.br\/#\/schema\/person\/475dfa57d0b815993c714c2e96491fcd\",\"name\":\"Comunica\u00e7\u00e3o PSOL\",\"image\":{\"@type\":\"ImageObject\",\"inLanguage\":\"pt-BR\",\"@id\":\"https:\/\/psol50.org.br\/#\/schema\/person\/image\/\",\"url\":\"https:\/\/secure.gravatar.com\/avatar\/b34fc4f4e468a4e51785917065a3db57b841f5c95dba6ad8c73aaf8f66f8f9bf?s=96&d=mm&r=g\",\"contentUrl\":\"https:\/\/secure.gravatar.com\/avatar\/b34fc4f4e468a4e51785917065a3db57b841f5c95dba6ad8c73aaf8f66f8f9bf?s=96&d=mm&r=g\",\"caption\":\"Comunica\u00e7\u00e3o PSOL\"}}]}<\/script>\n<!-- \/ Yoast SEO plugin. -->","yoast_head_json":{"title":"Jean Wyllys discute o enfrentamento da viol\u00eancia contra a popula\u00e7\u00e3o LGBT em reuni\u00e3o no MPDFT - PSOL 50","robots":{"index":"index","follow":"follow","max-snippet":"max-snippet:-1","max-image-preview":"max-image-preview:large","max-video-preview":"max-video-preview:-1"},"canonical":"https:\/\/psol50.org.br\/jean-wyllys-discute-o-enfrentamento-da-violencia-contra-a-populacao-lgbt-em-reuniao-no-mpdft\/","og_locale":"pt_BR","og_type":"article","og_title":"Jean Wyllys discute o enfrentamento da viol\u00eancia contra a popula\u00e7\u00e3o LGBT em reuni\u00e3o no MPDFT - PSOL 50","og_description":"O deputado Jean Wyllys (PSOL-RJ) se reuniu, na tarde desta ter\u00e7a-feira (21), com o promotor de Justi\u00e7a e Coordenador dos N\u00facleos de Direitos Humanos do Minist\u00e9rio P\u00fablico do Distrito Federal e Territ\u00f3rios (MPDFT), Thiago Andr\u00e9 Pierobom de \u00c1vila, para tratar sobre a agress\u00e3o homof\u00f3bica contra tr\u00eas jovens, ocorrida em um bar da Asa Sul, em [&hellip;]","og_url":"https:\/\/psol50.org.br\/jean-wyllys-discute-o-enfrentamento-da-violencia-contra-a-populacao-lgbt-em-reuniao-no-mpdft\/","og_site_name":"PSOL 50","article_publisher":"https:\/\/www.facebook.com\/psol50","article_published_time":"2014-10-23T15:55:12+00:00","og_image":[{"width":1350,"height":900,"url":"https:\/\/psol50.org.br\/inc\/uploads\/2018\/07\/capa.png","type":"image\/png"}],"author":"Comunica\u00e7\u00e3o PSOL","twitter_card":"summary_large_image","twitter_creator":"@psol50","twitter_site":"@psol50","twitter_misc":{"Escrito por":"Comunica\u00e7\u00e3o PSOL","Est. tempo de leitura":"3 minutos"},"schema":{"@context":"https:\/\/schema.org","@graph":[{"@type":"Article","@id":"https:\/\/psol50.org.br\/jean-wyllys-discute-o-enfrentamento-da-violencia-contra-a-populacao-lgbt-em-reuniao-no-mpdft\/#article","isPartOf":{"@id":"https:\/\/psol50.org.br\/jean-wyllys-discute-o-enfrentamento-da-violencia-contra-a-populacao-lgbt-em-reuniao-no-mpdft\/"},"author":{"name":"Comunica\u00e7\u00e3o PSOL","@id":"https:\/\/psol50.org.br\/#\/schema\/person\/475dfa57d0b815993c714c2e96491fcd"},"headline":"Jean Wyllys discute o enfrentamento da viol\u00eancia contra a popula\u00e7\u00e3o LGBT em reuni\u00e3o no MPDFT","datePublished":"2014-10-23T15:55:12+00:00","mainEntityOfPage":{"@id":"https:\/\/psol50.org.br\/jean-wyllys-discute-o-enfrentamento-da-violencia-contra-a-populacao-lgbt-em-reuniao-no-mpdft\/"},"wordCount":610,"commentCount":0,"publisher":{"@id":"https:\/\/psol50.org.br\/#organization"},"articleSection":["A\u00e7\u00e3o Parlamentar","Arquivo","Not\u00edcias"],"inLanguage":"pt-BR","potentialAction":[{"@type":"CommentAction","name":"Comment","target":["https:\/\/psol50.org.br\/jean-wyllys-discute-o-enfrentamento-da-violencia-contra-a-populacao-lgbt-em-reuniao-no-mpdft\/#respond"]}]},{"@type":"WebPage","@id":"https:\/\/psol50.org.br\/jean-wyllys-discute-o-enfrentamento-da-violencia-contra-a-populacao-lgbt-em-reuniao-no-mpdft\/","url":"https:\/\/psol50.org.br\/jean-wyllys-discute-o-enfrentamento-da-violencia-contra-a-populacao-lgbt-em-reuniao-no-mpdft\/","name":"Jean Wyllys discute o enfrentamento da viol\u00eancia contra a popula\u00e7\u00e3o LGBT em reuni\u00e3o no MPDFT - PSOL 50","isPartOf":{"@id":"https:\/\/psol50.org.br\/#website"},"datePublished":"2014-10-23T15:55:12+00:00","breadcrumb":{"@id":"https:\/\/psol50.org.br\/jean-wyllys-discute-o-enfrentamento-da-violencia-contra-a-populacao-lgbt-em-reuniao-no-mpdft\/#breadcrumb"},"inLanguage":"pt-BR","potentialAction":[{"@type":"ReadAction","target":["https:\/\/psol50.org.br\/jean-wyllys-discute-o-enfrentamento-da-violencia-contra-a-populacao-lgbt-em-reuniao-no-mpdft\/"]}]},{"@type":"BreadcrumbList","@id":"https:\/\/psol50.org.br\/jean-wyllys-discute-o-enfrentamento-da-violencia-contra-a-populacao-lgbt-em-reuniao-no-mpdft\/#breadcrumb","itemListElement":[{"@type":"ListItem","position":1,"name":"In\u00edcio","item":"https:\/\/psol50.org.br\/"},{"@type":"ListItem","position":2,"name":"Jean Wyllys discute o enfrentamento da viol\u00eancia contra a popula\u00e7\u00e3o LGBT em reuni\u00e3o no MPDFT"}]},{"@type":"WebSite","@id":"https:\/\/psol50.org.br\/#website","url":"https:\/\/psol50.org.br\/","name":"PSOL 50","description":"Site oficial do Partido Socialismo e Liberdade","publisher":{"@id":"https:\/\/psol50.org.br\/#organization"},"alternateName":"PSOL50","potentialAction":[{"@type":"SearchAction","target":{"@type":"EntryPoint","urlTemplate":"https:\/\/psol50.org.br\/?s={search_term_string}"},"query-input":{"@type":"PropertyValueSpecification","valueRequired":true,"valueName":"search_term_string"}}],"inLanguage":"pt-BR"},{"@type":"Organization","@id":"https:\/\/psol50.org.br\/#organization","name":"PSOL 50","alternateName":"PSOL 50","url":"https:\/\/psol50.org.br\/","logo":{"@type":"ImageObject","inLanguage":"pt-BR","@id":"https:\/\/psol50.org.br\/#\/schema\/logo\/image\/","url":"https:\/\/psol50.org.br\/inc\/uploads\/2018\/07\/capa.png","contentUrl":"https:\/\/psol50.org.br\/inc\/uploads\/2018\/07\/capa.png","width":1350,"height":900,"caption":"PSOL 50"},"image":{"@id":"https:\/\/psol50.org.br\/#\/schema\/logo\/image\/"},"sameAs":["https:\/\/www.facebook.com\/psol50","https:\/\/x.com\/psol50","https:\/\/www.instagram.com\/psol50\/","https:\/\/www.youtube.com\/channel\/UC7SnJS5o1os7a6CaiNabzcg"]},{"@type":"Person","@id":"https:\/\/psol50.org.br\/#\/schema\/person\/475dfa57d0b815993c714c2e96491fcd","name":"Comunica\u00e7\u00e3o PSOL","image":{"@type":"ImageObject","inLanguage":"pt-BR","@id":"https:\/\/psol50.org.br\/#\/schema\/person\/image\/","url":"https:\/\/secure.gravatar.com\/avatar\/b34fc4f4e468a4e51785917065a3db57b841f5c95dba6ad8c73aaf8f66f8f9bf?s=96&d=mm&r=g","contentUrl":"https:\/\/secure.gravatar.com\/avatar\/b34fc4f4e468a4e51785917065a3db57b841f5c95dba6ad8c73aaf8f66f8f9bf?s=96&d=mm&r=g","caption":"Comunica\u00e7\u00e3o PSOL"}}]}},"_links":{"self":[{"href":"https:\/\/psol50.org.br\/rest\/wp\/v2\/posts\/3036","targetHints":{"allow":["GET"]}}],"collection":[{"href":"https:\/\/psol50.org.br\/rest\/wp\/v2\/posts"}],"about":[{"href":"https:\/\/psol50.org.br\/rest\/wp\/v2\/types\/post"}],"author":[{"embeddable":true,"href":"https:\/\/psol50.org.br\/rest\/wp\/v2\/users\/2"}],"replies":[{"embeddable":true,"href":"https:\/\/psol50.org.br\/rest\/wp\/v2\/comments?post=3036"}],"version-history":[{"count":0,"href":"https:\/\/psol50.org.br\/rest\/wp\/v2\/posts\/3036\/revisions"}],"wp:attachment":[{"href":"https:\/\/psol50.org.br\/rest\/wp\/v2\/media?parent=3036"}],"wp:term":[{"taxonomy":"category","embeddable":true,"href":"https:\/\/psol50.org.br\/rest\/wp\/v2\/categories?post=3036"},{"taxonomy":"post_tag","embeddable":true,"href":"https:\/\/psol50.org.br\/rest\/wp\/v2\/tags?post=3036"}],"curies":[{"name":"wp","href":"https:\/\/api.w.org\/{rel}","templated":true}]}}