{"id":30460,"date":"2020-08-14T18:19:00","date_gmt":"2020-08-14T21:19:00","guid":{"rendered":"https:\/\/psol50.org.br\/?p=30460"},"modified":"2020-08-14T18:19:00","modified_gmt":"2020-08-14T21:19:00","slug":"psol-pede-impeachment-de-andre-mendonca-ministro-da-justica-por-dossie-antifascista","status":"publish","type":"post","link":"https:\/\/psol50.org.br\/psol-pede-impeachment-de-andre-mendonca-ministro-da-justica-por-dossie-antifascista\/","title":{"rendered":"PSOL pede impeachment de Andr\u00e9 Mendon\u00e7a, Ministro da Justi\u00e7a, por &#8220;dossi\u00ea antifascista&#8221;"},"content":{"rendered":"<p><a href=\"https:\/\/impeachmentpopular.com.br\/\" target=\"_blank\" rel=\"noopener noreferrer\"><img loading=\"lazy\" decoding=\"async\" class=\"alignnone size-full wp-image-29118\" src=\"https:\/\/psol50.org.br\/inc\/uploads\/2020\/05\/Email_Impeachment.png\" alt=\"\" width=\"1080\" height=\"250\" srcset=\"https:\/\/psol50.org.br\/inc\/uploads\/2020\/05\/Email_Impeachment.png 1080w, https:\/\/psol50.org.br\/inc\/uploads\/2020\/05\/Email_Impeachment-300x69.png 300w, https:\/\/psol50.org.br\/inc\/uploads\/2020\/05\/Email_Impeachment-1024x237.png 1024w, https:\/\/psol50.org.br\/inc\/uploads\/2020\/05\/Email_Impeachment-768x178.png 768w, https:\/\/psol50.org.br\/inc\/uploads\/2020\/05\/Email_Impeachment-150x35.png 150w, https:\/\/psol50.org.br\/inc\/uploads\/2020\/05\/Email_Impeachment-696x161.png 696w, https:\/\/psol50.org.br\/inc\/uploads\/2020\/05\/Email_Impeachment-1068x247.png 1068w\" sizes=\"auto, (max-width: 1080px) 100vw, 1080px\" \/><\/a><\/p>\n<p>A bancada do PSOL na C\u00e2mara dos Deputados protocolou na Procuradoria-Geral da Rep\u00fablica (PGR), na \u00faltima sexta-feira (14), um pedido de impeachment do Ministro da Justi\u00e7a, Andr\u00e9 Mendon\u00e7a, pela cria\u00e7\u00e3o de um &#8220;dossi\u00ea antifascista&#8221; na Secretaria de Opera\u00e7\u00f5es Integradas (SEOPI) para monitorar policiais antifascistas e professores universit\u00e1rios.<\/p>\n<p>A SEOPI, que faz parte da estrutura da pasta comandada por Andr\u00e9 Mendon\u00e7a, exerce atividade de intelig\u00eancia sem qualquer tipo de supervis\u00e3o judicial, de qualquer outro \u00f3rg\u00e3o p\u00fablico ou da sociedade. Seus relat\u00f3rios s\u00e3o encaminhados a diversos \u00f3rg\u00e3os p\u00fablicos federais e estaduais, expondo dados sens\u00edveis de pessoas monitoradas.<\/p>\n<p>A estrutura foi criada pelo ex-titular da pasta, S\u00e9rgio Moro, com o objetivo anunciado de integrar opera\u00e7\u00f5es policiais contra o crime organizado. Mas no final das contas, o \u00f3rg\u00e3o de intelig\u00eancia &#8211; criado mediante decreto \u2013 est\u00e1 acessando informa\u00e7\u00f5es pessoais de cidad\u00e3os e compartilhando-as com outros \u00f3rg\u00e3os p\u00fablicos, numa clara tentativa de estimular a persegui\u00e7\u00e3o pol\u00edtica.<\/p>\n<p>O relat\u00f3rio \u00e9 basicamente produzido a partir dos nomes que assinam o manifesto intitulado \u201cPoliciais antifascismo em defesa da democracia popular\u201d, subscrito por 503 servidores da \u00e1rea de seguran\u00e7a, aposentados e na ativa, incluindo policiais civis e militares, penais, rodovi\u00e1rios, peritos criminais, papiloscopistas, escriv\u00e3es, bombeiros e guardas municipais.<\/p>\n<p>O dossi\u00ea foi entregue ao Congresso Nacional pelo pr\u00f3prio ministro da Justi\u00e7a. O Minist\u00e9rio, no entanto, se recusa a enviar c\u00f3pias para O Supremo Tribunal Federal e Minist\u00e9rio P\u00fablico Federal.<\/p>\n<p>Na representa\u00e7\u00e3o, o PSOL aponta infra\u00e7\u00e3o \u00e0 Constitui\u00e7\u00e3o Federal e a tratados internacionais de direitos humanos, al\u00e9m de crime de responsabilidade. \u201cS\u00e3o pr\u00e1ticas reiteradas e permanentes de ataques ao Estado Democr\u00e1tico de Direito por parte dos representantes do Governo Federal. A l\u00f3gica do combate ao inimigo interno, t\u00edpica de regimes autorit\u00e1rios, est\u00e1 presente de forma constante no Governo Bolsonaro\u201d, ressalta.<\/p>\n","protected":false},"excerpt":{"rendered":"<p>A bancada do PSOL na C\u00e2mara dos Deputados protocolou na Procuradoria-Geral da Rep\u00fablica (PGR), na \u00faltima sexta-feira (14), um pedido de impeachment do Ministro da Justi\u00e7a, Andr\u00e9 Mendon\u00e7a, pela cria\u00e7\u00e3o de um &#8220;dossi\u00ea antifascista&#8221; na Secretaria de Opera\u00e7\u00f5es Integradas (SEOPI) para monitorar policiais antifascistas e professores universit\u00e1rios. A SEOPI, que faz parte da estrutura da [&hellip;]<\/p>\n","protected":false},"author":2,"featured_media":28551,"comment_status":"closed","ping_status":"open","sticky":false,"template":"","format":"standard","meta":{"_acf_changed":false,"footnotes":""},"categories":[10,6],"tags":[596,969,220,54,22],"class_list":{"0":"post-30460","1":"post","2":"type-post","3":"status-publish","4":"format-standard","5":"has-post-thumbnail","7":"category-acao-parlamentares","8":"category-noticias","9":"tag-andre-mendonca","10":"tag-dossie-antifascista","11":"tag-impeachment","12":"tag-justica","13":"tag-psol"},"acf":[],"yoast_head":"<!-- This site is optimized with the Yoast SEO plugin v26.5 - https:\/\/yoast.com\/wordpress\/plugins\/seo\/ -->\n<title>PSOL pede impeachment de Andr\u00e9 Mendon\u00e7a, Ministro da Justi\u00e7a, por &quot;dossi\u00ea antifascista&quot;<\/title>\n<meta name=\"description\" content=\"O relat\u00f3rio \u00e9 produzido a partir dos nomes que assinam o manifesto intitulado \u201cPoliciais antifascismo em defesa da democracia popular\u201d.\" \/>\n<meta name=\"robots\" content=\"index, follow, max-snippet:-1, max-image-preview:large, max-video-preview:-1\" \/>\n<link rel=\"canonical\" href=\"https:\/\/psol50.org.br\/psol-pede-impeachment-de-andre-mendonca-ministro-da-justica-por-dossie-antifascista\/\" \/>\n<meta property=\"og:locale\" content=\"pt_BR\" \/>\n<meta property=\"og:type\" content=\"article\" \/>\n<meta property=\"og:title\" content=\"PSOL pede impeachment de Andr\u00e9 Mendon\u00e7a, Ministro da Justi\u00e7a, por &quot;dossi\u00ea antifascista&quot;\" \/>\n<meta property=\"og:description\" content=\"O relat\u00f3rio \u00e9 produzido a partir dos nomes que assinam o manifesto intitulado \u201cPoliciais antifascismo em defesa da democracia popular\u201d.\" \/>\n<meta property=\"og:url\" content=\"https:\/\/psol50.org.br\/psol-pede-impeachment-de-andre-mendonca-ministro-da-justica-por-dossie-antifascista\/\" \/>\n<meta property=\"og:site_name\" content=\"PSOL 50\" \/>\n<meta property=\"article:publisher\" content=\"https:\/\/www.facebook.com\/psol50\" \/>\n<meta property=\"article:published_time\" content=\"2020-08-14T21:19:00+00:00\" \/>\n<meta property=\"og:image\" content=\"https:\/\/psol50.org.br\/inc\/uploads\/2020\/04\/15870538345e98850acd1b5_1587053834_3x2_md.jpg\" \/>\n\t<meta property=\"og:image:width\" content=\"768\" \/>\n\t<meta property=\"og:image:height\" content=\"512\" \/>\n\t<meta property=\"og:image:type\" content=\"image\/jpeg\" \/>\n<meta name=\"author\" content=\"Comunica\u00e7\u00e3o PSOL\" \/>\n<meta name=\"twitter:card\" content=\"summary_large_image\" \/>\n<meta name=\"twitter:title\" content=\"PSOL pede impeachment de Andr\u00e9 Mendon\u00e7a, Ministro da Justi\u00e7a, por &quot;dossi\u00ea antifascista&quot;\" \/>\n<meta name=\"twitter:description\" content=\"O relat\u00f3rio \u00e9 produzido a partir dos nomes que assinam o manifesto intitulado \u201cPoliciais antifascismo em defesa da democracia popular\u201d.\" \/>\n<meta name=\"twitter:image\" content=\"https:\/\/psol50.org.br\/inc\/uploads\/2020\/04\/15870538345e98850acd1b5_1587053834_3x2_md.jpg\" \/>\n<meta name=\"twitter:creator\" content=\"@psol50\" \/>\n<meta name=\"twitter:site\" content=\"@psol50\" \/>\n<meta name=\"twitter:label1\" content=\"Escrito por\" \/>\n\t<meta name=\"twitter:data1\" content=\"Comunica\u00e7\u00e3o PSOL\" \/>\n\t<meta name=\"twitter:label2\" content=\"Est. tempo de leitura\" \/>\n\t<meta name=\"twitter:data2\" content=\"2 minutos\" \/>\n<script type=\"application\/ld+json\" class=\"yoast-schema-graph\">{\"@context\":\"https:\/\/schema.org\",\"@graph\":[{\"@type\":\"Article\",\"@id\":\"https:\/\/psol50.org.br\/psol-pede-impeachment-de-andre-mendonca-ministro-da-justica-por-dossie-antifascista\/#article\",\"isPartOf\":{\"@id\":\"https:\/\/psol50.org.br\/psol-pede-impeachment-de-andre-mendonca-ministro-da-justica-por-dossie-antifascista\/\"},\"author\":{\"name\":\"Comunica\u00e7\u00e3o PSOL\",\"@id\":\"https:\/\/psol50.org.br\/#\/schema\/person\/475dfa57d0b815993c714c2e96491fcd\"},\"headline\":\"PSOL pede impeachment de Andr\u00e9 Mendon\u00e7a, Ministro da Justi\u00e7a, por &#8220;dossi\u00ea antifascista&#8221;\",\"datePublished\":\"2020-08-14T21:19:00+00:00\",\"mainEntityOfPage\":{\"@id\":\"https:\/\/psol50.org.br\/psol-pede-impeachment-de-andre-mendonca-ministro-da-justica-por-dossie-antifascista\/\"},\"wordCount\":345,\"publisher\":{\"@id\":\"https:\/\/psol50.org.br\/#organization\"},\"image\":{\"@id\":\"https:\/\/psol50.org.br\/psol-pede-impeachment-de-andre-mendonca-ministro-da-justica-por-dossie-antifascista\/#primaryimage\"},\"thumbnailUrl\":\"https:\/\/psol50.org.br\/inc\/uploads\/2020\/04\/15870538345e98850acd1b5_1587053834_3x2_md.jpg\",\"keywords\":[\"Andr\u00e9 Mendon\u00e7a\",\"dossi\u00ea antifascista\",\"impeachment\",\"justi\u00e7a\",\"PSOL\"],\"articleSection\":[\"A\u00e7\u00e3o Parlamentar\",\"Not\u00edcias\"],\"inLanguage\":\"pt-BR\"},{\"@type\":\"WebPage\",\"@id\":\"https:\/\/psol50.org.br\/psol-pede-impeachment-de-andre-mendonca-ministro-da-justica-por-dossie-antifascista\/\",\"url\":\"https:\/\/psol50.org.br\/psol-pede-impeachment-de-andre-mendonca-ministro-da-justica-por-dossie-antifascista\/\",\"name\":\"PSOL pede impeachment de Andr\u00e9 Mendon\u00e7a, Ministro da Justi\u00e7a, por \\\"dossi\u00ea antifascista\\\"\",\"isPartOf\":{\"@id\":\"https:\/\/psol50.org.br\/#website\"},\"primaryImageOfPage\":{\"@id\":\"https:\/\/psol50.org.br\/psol-pede-impeachment-de-andre-mendonca-ministro-da-justica-por-dossie-antifascista\/#primaryimage\"},\"image\":{\"@id\":\"https:\/\/psol50.org.br\/psol-pede-impeachment-de-andre-mendonca-ministro-da-justica-por-dossie-antifascista\/#primaryimage\"},\"thumbnailUrl\":\"https:\/\/psol50.org.br\/inc\/uploads\/2020\/04\/15870538345e98850acd1b5_1587053834_3x2_md.jpg\",\"datePublished\":\"2020-08-14T21:19:00+00:00\",\"description\":\"O relat\u00f3rio \u00e9 produzido a partir dos nomes que assinam o manifesto intitulado \u201cPoliciais antifascismo em defesa da democracia popular\u201d.\",\"breadcrumb\":{\"@id\":\"https:\/\/psol50.org.br\/psol-pede-impeachment-de-andre-mendonca-ministro-da-justica-por-dossie-antifascista\/#breadcrumb\"},\"inLanguage\":\"pt-BR\",\"potentialAction\":[{\"@type\":\"ReadAction\",\"target\":[\"https:\/\/psol50.org.br\/psol-pede-impeachment-de-andre-mendonca-ministro-da-justica-por-dossie-antifascista\/\"]}]},{\"@type\":\"ImageObject\",\"inLanguage\":\"pt-BR\",\"@id\":\"https:\/\/psol50.org.br\/psol-pede-impeachment-de-andre-mendonca-ministro-da-justica-por-dossie-antifascista\/#primaryimage\",\"url\":\"https:\/\/psol50.org.br\/inc\/uploads\/2020\/04\/15870538345e98850acd1b5_1587053834_3x2_md.jpg\",\"contentUrl\":\"https:\/\/psol50.org.br\/inc\/uploads\/2020\/04\/15870538345e98850acd1b5_1587053834_3x2_md.jpg\",\"width\":768,\"height\":512,\"caption\":\"Foto: Reprodu\u00e7\u00e3o\/Facebook\"},{\"@type\":\"BreadcrumbList\",\"@id\":\"https:\/\/psol50.org.br\/psol-pede-impeachment-de-andre-mendonca-ministro-da-justica-por-dossie-antifascista\/#breadcrumb\",\"itemListElement\":[{\"@type\":\"ListItem\",\"position\":1,\"name\":\"In\u00edcio\",\"item\":\"https:\/\/psol50.org.br\/\"},{\"@type\":\"ListItem\",\"position\":2,\"name\":\"PSOL pede impeachment de Andr\u00e9 Mendon\u00e7a, Ministro da Justi\u00e7a, por &#8220;dossi\u00ea antifascista&#8221;\"}]},{\"@type\":\"WebSite\",\"@id\":\"https:\/\/psol50.org.br\/#website\",\"url\":\"https:\/\/psol50.org.br\/\",\"name\":\"PSOL 50\",\"description\":\"Site oficial do Partido Socialismo e Liberdade\",\"publisher\":{\"@id\":\"https:\/\/psol50.org.br\/#organization\"},\"alternateName\":\"PSOL50\",\"potentialAction\":[{\"@type\":\"SearchAction\",\"target\":{\"@type\":\"EntryPoint\",\"urlTemplate\":\"https:\/\/psol50.org.br\/?s={search_term_string}\"},\"query-input\":{\"@type\":\"PropertyValueSpecification\",\"valueRequired\":true,\"valueName\":\"search_term_string\"}}],\"inLanguage\":\"pt-BR\"},{\"@type\":\"Organization\",\"@id\":\"https:\/\/psol50.org.br\/#organization\",\"name\":\"PSOL 50\",\"alternateName\":\"PSOL 50\",\"url\":\"https:\/\/psol50.org.br\/\",\"logo\":{\"@type\":\"ImageObject\",\"inLanguage\":\"pt-BR\",\"@id\":\"https:\/\/psol50.org.br\/#\/schema\/logo\/image\/\",\"url\":\"https:\/\/psol50.org.br\/inc\/uploads\/2018\/07\/capa.png\",\"contentUrl\":\"https:\/\/psol50.org.br\/inc\/uploads\/2018\/07\/capa.png\",\"width\":1350,\"height\":900,\"caption\":\"PSOL 50\"},\"image\":{\"@id\":\"https:\/\/psol50.org.br\/#\/schema\/logo\/image\/\"},\"sameAs\":[\"https:\/\/www.facebook.com\/psol50\",\"https:\/\/x.com\/psol50\",\"https:\/\/www.instagram.com\/psol50\/\",\"https:\/\/www.youtube.com\/channel\/UC7SnJS5o1os7a6CaiNabzcg\"]},{\"@type\":\"Person\",\"@id\":\"https:\/\/psol50.org.br\/#\/schema\/person\/475dfa57d0b815993c714c2e96491fcd\",\"name\":\"Comunica\u00e7\u00e3o PSOL\",\"image\":{\"@type\":\"ImageObject\",\"inLanguage\":\"pt-BR\",\"@id\":\"https:\/\/psol50.org.br\/#\/schema\/person\/image\/\",\"url\":\"https:\/\/secure.gravatar.com\/avatar\/b34fc4f4e468a4e51785917065a3db57b841f5c95dba6ad8c73aaf8f66f8f9bf?s=96&d=mm&r=g\",\"contentUrl\":\"https:\/\/secure.gravatar.com\/avatar\/b34fc4f4e468a4e51785917065a3db57b841f5c95dba6ad8c73aaf8f66f8f9bf?s=96&d=mm&r=g\",\"caption\":\"Comunica\u00e7\u00e3o PSOL\"}}]}<\/script>\n<!-- \/ Yoast SEO plugin. -->","yoast_head_json":{"title":"PSOL pede impeachment de Andr\u00e9 Mendon\u00e7a, Ministro da Justi\u00e7a, por \"dossi\u00ea antifascista\"","description":"O relat\u00f3rio \u00e9 produzido a partir dos nomes que assinam o manifesto intitulado \u201cPoliciais antifascismo em defesa da democracia popular\u201d.","robots":{"index":"index","follow":"follow","max-snippet":"max-snippet:-1","max-image-preview":"max-image-preview:large","max-video-preview":"max-video-preview:-1"},"canonical":"https:\/\/psol50.org.br\/psol-pede-impeachment-de-andre-mendonca-ministro-da-justica-por-dossie-antifascista\/","og_locale":"pt_BR","og_type":"article","og_title":"PSOL pede impeachment de Andr\u00e9 Mendon\u00e7a, Ministro da Justi\u00e7a, por \"dossi\u00ea antifascista\"","og_description":"O relat\u00f3rio \u00e9 produzido a partir dos nomes que assinam o manifesto intitulado \u201cPoliciais antifascismo em defesa da democracia popular\u201d.","og_url":"https:\/\/psol50.org.br\/psol-pede-impeachment-de-andre-mendonca-ministro-da-justica-por-dossie-antifascista\/","og_site_name":"PSOL 50","article_publisher":"https:\/\/www.facebook.com\/psol50","article_published_time":"2020-08-14T21:19:00+00:00","og_image":[{"width":768,"height":512,"url":"https:\/\/psol50.org.br\/inc\/uploads\/2020\/04\/15870538345e98850acd1b5_1587053834_3x2_md.jpg","type":"image\/jpeg"}],"author":"Comunica\u00e7\u00e3o PSOL","twitter_card":"summary_large_image","twitter_title":"PSOL pede impeachment de Andr\u00e9 Mendon\u00e7a, Ministro da Justi\u00e7a, por \"dossi\u00ea antifascista\"","twitter_description":"O relat\u00f3rio \u00e9 produzido a partir dos nomes que assinam o manifesto intitulado \u201cPoliciais antifascismo em defesa da democracia popular\u201d.","twitter_image":"https:\/\/psol50.org.br\/inc\/uploads\/2020\/04\/15870538345e98850acd1b5_1587053834_3x2_md.jpg","twitter_creator":"@psol50","twitter_site":"@psol50","twitter_misc":{"Escrito por":"Comunica\u00e7\u00e3o PSOL","Est. tempo de leitura":"2 minutos"},"schema":{"@context":"https:\/\/schema.org","@graph":[{"@type":"Article","@id":"https:\/\/psol50.org.br\/psol-pede-impeachment-de-andre-mendonca-ministro-da-justica-por-dossie-antifascista\/#article","isPartOf":{"@id":"https:\/\/psol50.org.br\/psol-pede-impeachment-de-andre-mendonca-ministro-da-justica-por-dossie-antifascista\/"},"author":{"name":"Comunica\u00e7\u00e3o PSOL","@id":"https:\/\/psol50.org.br\/#\/schema\/person\/475dfa57d0b815993c714c2e96491fcd"},"headline":"PSOL pede impeachment de Andr\u00e9 Mendon\u00e7a, Ministro da Justi\u00e7a, por &#8220;dossi\u00ea antifascista&#8221;","datePublished":"2020-08-14T21:19:00+00:00","mainEntityOfPage":{"@id":"https:\/\/psol50.org.br\/psol-pede-impeachment-de-andre-mendonca-ministro-da-justica-por-dossie-antifascista\/"},"wordCount":345,"publisher":{"@id":"https:\/\/psol50.org.br\/#organization"},"image":{"@id":"https:\/\/psol50.org.br\/psol-pede-impeachment-de-andre-mendonca-ministro-da-justica-por-dossie-antifascista\/#primaryimage"},"thumbnailUrl":"https:\/\/psol50.org.br\/inc\/uploads\/2020\/04\/15870538345e98850acd1b5_1587053834_3x2_md.jpg","keywords":["Andr\u00e9 Mendon\u00e7a","dossi\u00ea antifascista","impeachment","justi\u00e7a","PSOL"],"articleSection":["A\u00e7\u00e3o Parlamentar","Not\u00edcias"],"inLanguage":"pt-BR"},{"@type":"WebPage","@id":"https:\/\/psol50.org.br\/psol-pede-impeachment-de-andre-mendonca-ministro-da-justica-por-dossie-antifascista\/","url":"https:\/\/psol50.org.br\/psol-pede-impeachment-de-andre-mendonca-ministro-da-justica-por-dossie-antifascista\/","name":"PSOL pede impeachment de Andr\u00e9 Mendon\u00e7a, Ministro da Justi\u00e7a, por \"dossi\u00ea antifascista\"","isPartOf":{"@id":"https:\/\/psol50.org.br\/#website"},"primaryImageOfPage":{"@id":"https:\/\/psol50.org.br\/psol-pede-impeachment-de-andre-mendonca-ministro-da-justica-por-dossie-antifascista\/#primaryimage"},"image":{"@id":"https:\/\/psol50.org.br\/psol-pede-impeachment-de-andre-mendonca-ministro-da-justica-por-dossie-antifascista\/#primaryimage"},"thumbnailUrl":"https:\/\/psol50.org.br\/inc\/uploads\/2020\/04\/15870538345e98850acd1b5_1587053834_3x2_md.jpg","datePublished":"2020-08-14T21:19:00+00:00","description":"O relat\u00f3rio \u00e9 produzido a partir dos nomes que assinam o manifesto intitulado \u201cPoliciais antifascismo em defesa da democracia popular\u201d.","breadcrumb":{"@id":"https:\/\/psol50.org.br\/psol-pede-impeachment-de-andre-mendonca-ministro-da-justica-por-dossie-antifascista\/#breadcrumb"},"inLanguage":"pt-BR","potentialAction":[{"@type":"ReadAction","target":["https:\/\/psol50.org.br\/psol-pede-impeachment-de-andre-mendonca-ministro-da-justica-por-dossie-antifascista\/"]}]},{"@type":"ImageObject","inLanguage":"pt-BR","@id":"https:\/\/psol50.org.br\/psol-pede-impeachment-de-andre-mendonca-ministro-da-justica-por-dossie-antifascista\/#primaryimage","url":"https:\/\/psol50.org.br\/inc\/uploads\/2020\/04\/15870538345e98850acd1b5_1587053834_3x2_md.jpg","contentUrl":"https:\/\/psol50.org.br\/inc\/uploads\/2020\/04\/15870538345e98850acd1b5_1587053834_3x2_md.jpg","width":768,"height":512,"caption":"Foto: Reprodu\u00e7\u00e3o\/Facebook"},{"@type":"BreadcrumbList","@id":"https:\/\/psol50.org.br\/psol-pede-impeachment-de-andre-mendonca-ministro-da-justica-por-dossie-antifascista\/#breadcrumb","itemListElement":[{"@type":"ListItem","position":1,"name":"In\u00edcio","item":"https:\/\/psol50.org.br\/"},{"@type":"ListItem","position":2,"name":"PSOL pede impeachment de Andr\u00e9 Mendon\u00e7a, Ministro da Justi\u00e7a, por &#8220;dossi\u00ea antifascista&#8221;"}]},{"@type":"WebSite","@id":"https:\/\/psol50.org.br\/#website","url":"https:\/\/psol50.org.br\/","name":"PSOL 50","description":"Site oficial do Partido Socialismo e Liberdade","publisher":{"@id":"https:\/\/psol50.org.br\/#organization"},"alternateName":"PSOL50","potentialAction":[{"@type":"SearchAction","target":{"@type":"EntryPoint","urlTemplate":"https:\/\/psol50.org.br\/?s={search_term_string}"},"query-input":{"@type":"PropertyValueSpecification","valueRequired":true,"valueName":"search_term_string"}}],"inLanguage":"pt-BR"},{"@type":"Organization","@id":"https:\/\/psol50.org.br\/#organization","name":"PSOL 50","alternateName":"PSOL 50","url":"https:\/\/psol50.org.br\/","logo":{"@type":"ImageObject","inLanguage":"pt-BR","@id":"https:\/\/psol50.org.br\/#\/schema\/logo\/image\/","url":"https:\/\/psol50.org.br\/inc\/uploads\/2018\/07\/capa.png","contentUrl":"https:\/\/psol50.org.br\/inc\/uploads\/2018\/07\/capa.png","width":1350,"height":900,"caption":"PSOL 50"},"image":{"@id":"https:\/\/psol50.org.br\/#\/schema\/logo\/image\/"},"sameAs":["https:\/\/www.facebook.com\/psol50","https:\/\/x.com\/psol50","https:\/\/www.instagram.com\/psol50\/","https:\/\/www.youtube.com\/channel\/UC7SnJS5o1os7a6CaiNabzcg"]},{"@type":"Person","@id":"https:\/\/psol50.org.br\/#\/schema\/person\/475dfa57d0b815993c714c2e96491fcd","name":"Comunica\u00e7\u00e3o PSOL","image":{"@type":"ImageObject","inLanguage":"pt-BR","@id":"https:\/\/psol50.org.br\/#\/schema\/person\/image\/","url":"https:\/\/secure.gravatar.com\/avatar\/b34fc4f4e468a4e51785917065a3db57b841f5c95dba6ad8c73aaf8f66f8f9bf?s=96&d=mm&r=g","contentUrl":"https:\/\/secure.gravatar.com\/avatar\/b34fc4f4e468a4e51785917065a3db57b841f5c95dba6ad8c73aaf8f66f8f9bf?s=96&d=mm&r=g","caption":"Comunica\u00e7\u00e3o PSOL"}}]}},"_links":{"self":[{"href":"https:\/\/psol50.org.br\/rest\/wp\/v2\/posts\/30460","targetHints":{"allow":["GET"]}}],"collection":[{"href":"https:\/\/psol50.org.br\/rest\/wp\/v2\/posts"}],"about":[{"href":"https:\/\/psol50.org.br\/rest\/wp\/v2\/types\/post"}],"author":[{"embeddable":true,"href":"https:\/\/psol50.org.br\/rest\/wp\/v2\/users\/2"}],"replies":[{"embeddable":true,"href":"https:\/\/psol50.org.br\/rest\/wp\/v2\/comments?post=30460"}],"version-history":[{"count":0,"href":"https:\/\/psol50.org.br\/rest\/wp\/v2\/posts\/30460\/revisions"}],"wp:featuredmedia":[{"embeddable":true,"href":"https:\/\/psol50.org.br\/rest\/wp\/v2\/media\/28551"}],"wp:attachment":[{"href":"https:\/\/psol50.org.br\/rest\/wp\/v2\/media?parent=30460"}],"wp:term":[{"taxonomy":"category","embeddable":true,"href":"https:\/\/psol50.org.br\/rest\/wp\/v2\/categories?post=30460"},{"taxonomy":"post_tag","embeddable":true,"href":"https:\/\/psol50.org.br\/rest\/wp\/v2\/tags?post=30460"}],"curies":[{"name":"wp","href":"https:\/\/api.w.org\/{rel}","templated":true}]}}