{"id":3052,"date":"2014-11-11T00:00:00","date_gmt":"2014-11-11T15:09:28","guid":{"rendered":"http:\/\/psol50.org.br\/arquivo\/2014\/11\/11\/executiva-nacional-faz-balanco-das-eleicoes-psol-esta-mais-forte-para-lutar-por-um-outro-pais\/"},"modified":"2014-11-11T00:00:00","modified_gmt":"2014-11-11T15:09:28","slug":"executiva-nacional-faz-balanco-das-eleicoes-psol-esta-mais-forte-para-lutar-por-um-outro-pais","status":"publish","type":"post","link":"https:\/\/psol50.org.br\/executiva-nacional-faz-balanco-das-eleicoes-psol-esta-mais-forte-para-lutar-por-um-outro-pais\/","title":{"rendered":"Executiva Nacional faz balan\u00e7o das elei\u00e7\u00f5es: PSOL est\u00e1 mais forte para lutar por um outro pa\u00eds"},"content":{"rendered":"<p style=\"text-align: justify;\">\n\t<span style=\"font-family:arial,helvetica,sans-serif;\"><span style=\"font-size: 12px;\"><em>Do<span style=\"font-family:arial,helvetica,sans-serif;\"><span style=\"font-size: 12px;\"><em> PSOL Nacional, Leonor Costa<\/em><\/span><\/span><\/em><\/p>\n<p>\tA Executiva Nacional do PSOL realizou, na tarde desta segunda-feira (10), em Bras\u00edlia, a sua primeira reuni\u00e3o ap\u00f3s as elei\u00e7\u00f5es de outubro \u00faltimo. No encontro, que foi conduzido pelo presidente nacional do partido, Luiz Ara\u00fajo, e que tamb\u00e9m contou com as presen\u00e7as da ex-candidata \u00e0 Presid\u00eancia da Rep\u00fablica e presidente da Funda\u00e7\u00e3o Lauro Campos, Luciana Genro; do ex-candidato a vice-presidente, Jorge Paz; e do deputado federal, reeleito em 5 de outubro, Chico Alencar, os dirigentes fizeram um amplo debate sobre a participa\u00e7\u00e3o do partido nas elei\u00e7\u00f5es, com base nos resultados das urnas e tamb\u00e9m nos tr\u00eas meses de campanha, e, ao final, aprovaram, sem nenhum voto contr\u00e1rio, a resolu\u00e7\u00e3o com o posicionamento do partido a respeito do processo.<br \/>\n\t&nbsp;<br \/>\n\tNas interven\u00e7\u00f5es, os membros da Executiva consideraram que o partido, por meio do trabalho de convencimento de seus candidatos e da milit\u00e2ncia, conseguiu pautar temas que de fato garantem melhores condi\u00e7\u00f5es de vida e mais direitos para a popula\u00e7\u00e3o, se diferenciando substancialmente das demais candidaturas. Al\u00e9m de reafirmar que o PSOL sai mais forte desse pleito de 2014, considerando o aumento de sua bancada de deputados federais e estaduais e a aproxima\u00e7\u00e3o com importantes setores dos movimentos sociais, a Executiva tamb\u00e9m indicou como ser\u00e1 a atua\u00e7\u00e3o do partido diante do pr\u00f3ximo mandato de Dilma e do Congresso Nacional, que ser\u00e1 ainda mais conservador a partir de fevereiro do ano que vem. \u201cContinuaremos como oposi\u00e7\u00e3o de esquerda program\u00e1tica ao governo. As medidas que forem de arrocho e de retirada de direitos sofrer\u00e3o as duras cr\u00edticas do partido. Assim como no Parlamento, pautaremos as propostas que garantir\u00e3o mais direitos para a popula\u00e7\u00e3o e continuaremos o enfrentamento firme contra o conservadorismo\u201d, avaliou Luiz Ara\u00fajo.<br \/>\n\t&nbsp;<br \/>\n\tLuciana Genro tamb\u00e9m fez um balan\u00e7o positivo do processo, reafirmando que o PSOL conseguiu se consolidar como a verdadeira alternativa de esquerda. Segundo ela, o PSOL seguir\u00e1, ao lado dos movimentos sociais, reivindicando as pautas que foram apresentadas nas ruas em junho de 2013. \u201cO governo Dilma j\u00e1 \u00e9 reeleito propondo arrochos na \u00e1rea econ\u00f4mica. Nesse sentido, seguiremos engajados nas ruas, ao lado dos movimentos sociais\u201d, sinalizou.<br \/>\n\t&nbsp;<br \/>\n\tNa resolu\u00e7\u00e3o, o PSOL conclui que com o bom resultado eleitoral de Luciana Genro, com a amplia\u00e7\u00e3o da representa\u00e7\u00e3o parlamentar em n\u00edvel federal e nos estados, com uma pol\u00edtica acertada de independ\u00eancia no segundo turno, \u201cas elei\u00e7\u00f5es de 2014 trazem um saldo positivo para o PSOL e para a luta pela constru\u00e7\u00e3o de uma alternativa de poder popular, em alian\u00e7a com outros atores sociais e pol\u00edticos, para a constru\u00e7\u00e3o do socialismo no Brasil\u201d.<br \/>\n\t&nbsp;<br \/>\n\tLeia abaixo a resolu\u00e7\u00e3o completa com o balan\u00e7o sobre o processo eleitoral.<br \/>\n\t&nbsp;<br \/>\n\t<strong>Lutar, com um PSOL mais forte, por outro Brasil<\/strong><\/span><\/span><\/p>\n<p>\t&nbsp;<\/p>\n<ol>\n<li style=\"text-align: justify;\">\n<p>\n\t\t\t<span style=\"font-family:arial,helvetica,sans-serif;\"><span style=\"font-size: 12px;\">O PSOL cresceu nas elei\u00e7\u00f5es de 2014. Dobramos nossa vota\u00e7\u00e3o em rela\u00e7\u00e3o a 2010. Agradecemos a cada um dos 1.612.186 eleitores que destinaram seu voto ao fortalecimento das bandeiras que defendemos durante a campanha eleitoral. Fomos o \u00fanico partido que apresentou candidaturas a governador ou vice em todos os 27 estados da federa\u00e7\u00e3o e conseguimos dobrar a representa\u00e7\u00e3o parlamentar do PSOL, que alcan\u00e7ou cinco deputados federais e doze deputados estaduais. Essas bancadas far\u00e3o a diferen\u00e7a nos seus estados e no Congresso Nacional na luta por mais direitos. Nosso projeto sai fortalecido das urnas, conquistando o quarto lugar em uma elei\u00e7\u00e3o marcada pela desigualdade da cobertura da imprensa, dos erros das pesquisas, do impacto do poder econ\u00f4mico e do desequil\u00edbrio no tempo de televis\u00e3o. Nada disso teria sido poss\u00edvel sem a milit\u00e2ncia do PSOL, que fez a diferen\u00e7a e conquistou esse expressivo resultado. Cumprimos o nosso papel, apresentando a melhor candidata e as melhores propostas para o Brasil. Luciana Genro constituiu-se como a principal refer\u00eancia da esquerda coerente e este \u00e9 um patrim\u00f4nio do PSOL. O programa que defendemos \u00e9 o programa necess\u00e1rio para que se avance em dire\u00e7\u00e3o a um Brasil justo e igualit\u00e1rio, livre da explora\u00e7\u00e3o e de todos os tipos de opress\u00e3o. Esta foi nossa principal miss\u00e3o pol\u00edtica nestas elei\u00e7\u00f5es, e avaliamos que a cumprimos bem.<\/span><\/span><\/p>\n<\/li>\n<\/ol>\n<p style=\"text-align: justify;\">\n\t<span style=\"font-family:arial,helvetica,sans-serif;\"><span style=\"font-size: 12px;\">&nbsp;<\/span><\/span><\/p>\n<ol>\n<li style=\"text-align: justify;\" value=\"2\">\n<p>\n\t\t\t<span style=\"font-family:arial,helvetica,sans-serif;\"><span style=\"font-size: 12px;\">As elei\u00e7\u00f5es de 2014 foram as primeiras realizadas ap\u00f3s as mobiliza\u00e7\u00f5es populares ocorridas em junho do ano passado. Essas manifesta\u00e7\u00f5es revelaram os limites do modelo pol\u00edtico e econ\u00f4mico das elites no poder e na oposi\u00e7\u00e3o conservadora, na medida em que o agravamento da crise urbana e a necessidade de maiores investimentos em transporte p\u00fablico, educa\u00e7\u00e3o, sa\u00fade e moradia contrastaram com os altos custos da realiza\u00e7\u00e3o da Copa do Mundo no Brasil e a forte repress\u00e3o policial aos protestos. O resultado foi percebido na corrida presidencial deste ano, na qual os candidatos das principais coliga\u00e7\u00f5es buscaram dialogar desde o in\u00edcio com o desejo de mudan\u00e7as que junho de 2013 revelou e que foi confirmado por todas as pesquisas.<\/span><\/span><\/p>\n<\/li>\n<\/ol>\n<p style=\"text-align: justify;\">\n\t<span style=\"font-family:arial,helvetica,sans-serif;\"><span style=\"font-size: 12px;\">&nbsp;<\/span><\/span><\/p>\n<ol>\n<li style=\"text-align: justify;\" value=\"3\">\n<p>\n\t\t\t<span style=\"font-family:arial,helvetica,sans-serif;\"><span style=\"font-size: 12px;\">Essas elei\u00e7\u00f5es foram marcadas pelo signo da mudan\u00e7a. Mesmo a candidata de situa\u00e7\u00e3o, Dilma Rousseff, teve que dialogar com esse sentimento, atrav\u00e9s da consigna \u201cmuda mais\u201d e \u201cgoverno novo, ideias novas\u201d. Os demais candidatos da oposi\u00e7\u00e3o conservadora, embora compartilhassem do mesmo programa em aspectos essenciais, tamb\u00e9m empreenderam o esfor\u00e7o de apresentar-se como representantes da \u201cverdadeira mudan\u00e7a\u201d. A\u00e9cio Neves chegou a ressuscitar o slogan do av\u00f4, Tancredo Neves, em 1985: \u201cmuda Brasil\u201d.<\/span><\/span><\/p>\n<\/li>\n<\/ol>\n<p style=\"text-align: justify;\">\n\t<span style=\"font-family:arial,helvetica,sans-serif;\"><span style=\"font-size: 12px;\">&nbsp;<\/span><\/span><\/p>\n<ol>\n<li style=\"text-align: justify;\" value=\"4\">\n<p>\n\t\t\t<span style=\"font-family:arial,helvetica,sans-serif;\"><span style=\"font-size: 12px;\">Os limites do atual modelo, por\u00e9m, n\u00e3o se revelaram apenas atrav\u00e9s do aumento das mobiliza\u00e7\u00f5es populares,&nbsp;cuja&nbsp;repress\u00e3o aos movimentos de rua, ali\u00e1s, chegou a ser uma pol\u00edtica comum de todos os governos (federal e estadual), unificando a maioria dos partidos, do PT ao PSDB, em torno do discurso favor\u00e1vel \u00e0 Copa do Mundo tal como realizada, sendo o PSOL o \u00fanico partido a votar em bloco contra a Lei Geral da Copa, que garantiu amplos poderes para a FIFA, e a questionar na C\u00e2mara dos Deputados a \u201cGarantia da Lei e da Ordem\u201d, projeto que visava autorizar as for\u00e7as armadas a intervir em protestos de rua. Al\u00e9m disso, os dados da economia tamb\u00e9m demonstram o esgotamento da estrat\u00e9gia de crescimento via exporta\u00e7\u00e3o de commodities e est\u00edmulo do mercado interno com a manuten\u00e7\u00e3o da ortodoxia dos juros altos, c\u00e2mbio sobrevalorizado e super\u00e1vits prim\u00e1rios. A expectativa de queda dr\u00e1stica do PIB (de 2,3% em 2013 para menos de 1% em 2014) \u00e9 s\u00f3 a face mais vis\u00edvel deste processo. A desacelera\u00e7\u00e3o da economia se sente na estagna\u00e7\u00e3o da gera\u00e7\u00e3o de empregos \u2013 embora ainda n\u00e3o redunde num aumento do desemprego \u2013 e na desacelera\u00e7\u00e3o da atividade industrial, que cresceu bem abaixo do PIB em 2013 (1,5%).<\/span><\/span><\/p>\n<\/li>\n<\/ol>\n<p style=\"text-align: justify;\">\n\t<span style=\"font-family:arial,helvetica,sans-serif;\"><span style=\"font-size: 12px;\">&nbsp;<\/span><\/span><\/p>\n<ol>\n<li style=\"text-align: justify;\" value=\"5\">\n<p>\n\t\t\t<span style=\"font-family:arial,helvetica,sans-serif;\"><span style=\"font-size: 12px;\">Amparada nas exporta\u00e7\u00f5es de bens prim\u00e1rios, no mercado interno \u2013 em franca desacelera\u00e7\u00e3o \u2013 e nas grandes obras de infraestrutura estimuladas pela Copa do Mundo e Olimp\u00edadas, muitas delas ainda inacabadas pelo pa\u00eds afora, a economia mostra sinais de enfraquecimento. A depend\u00eancia externa e a indu\u00e7\u00e3o ao consumo e endividamento desenfreado dos trabalhadores nos \u00faltimos anos cobram seu pre\u00e7o. Assim, as elei\u00e7\u00f5es se iniciaram com um enorme desgaste do atual governo, causado, dentre outras raz\u00f5es, pelo aumento da sensa\u00e7\u00e3o de corrup\u00e7\u00e3o desenfreada a partir das den\u00fancias envolvendo a Petrobr\u00e1s. A oposi\u00e7\u00e3o conservadora, por\u00e9m, n\u00e3o foi capaz de apresentar um projeto substantivamente distinto.<\/span><\/span><\/p>\n<\/li>\n<\/ol>\n<p style=\"text-align: justify;\">\n\t<span style=\"font-family:arial,helvetica,sans-serif;\"><span style=\"font-size: 12px;\">&nbsp;<\/span><\/span><\/p>\n<ol>\n<li style=\"text-align: justify;\" value=\"6\">\n<p>\n\t\t\t<span style=\"font-family:arial,helvetica,sans-serif;\"><span style=\"font-size: 12px;\">As tr\u00eas principais candidaturas defensoras do atual modelo (Dilma, A\u00e9cio e Campos) iniciaram a campanha com cautela e reafirmando seus compromissos com a agenda macroecon\u00f4mica dos bancos, empreiteiras e agroneg\u00f3cio. O cen\u00e1rio s\u00f3 se alterou com o acidente a\u00e9reo que vitimou o candidato do PSB em agosto. A como\u00e7\u00e3o criada em torno da morte de Campos permitiu que Marina Silva, que havia obtido 20 milh\u00f5es de votos em 2010 e aceitara a condi\u00e7\u00e3o de vice na chapa do PSB, surgisse como a grande novidade das elei\u00e7\u00f5es. Atenta ao desejo de mudan\u00e7as, Marina buscou apresentar um discurso que negasse a \u201cvelha pol\u00edtica\u201d e afirmasse um novo projeto para o pa\u00eds.<\/span><\/span><\/p>\n<\/li>\n<\/ol>\n<p style=\"text-align: justify;\">\n\t<span style=\"font-family:arial,helvetica,sans-serif;\"><span style=\"font-size: 12px;\">&nbsp;<\/span><\/span><\/p>\n<ol>\n<li style=\"text-align: justify;\" value=\"7\">\n<p>\n\t\t\t<span style=\"font-family:arial,helvetica,sans-serif;\"><span style=\"font-size: 12px;\">N\u00e3o demorou, por\u00e9m, para que o discurso de Marina se desfizesse no ar. Defendendo autonomia do Banco Central, aconselhando-se com economistas neoliberais, associando-se a uma das principais acionistas do Banco Ita\u00fa, distribuindo afagos ao agroneg\u00f3cio e alterando temas pol\u00eamicos de seu programa de governo, Marina revelou a face conservadora de seu projeto. Sob fortes ataque do PT e PSDB, desmoronou em poucas semanas, permitindo a \u201cvirada\u201d de A\u00e9cio Neves na \u00faltima semana de campanha. A derrocada de Marina mostra que as elites brasileiras n\u00e3o est\u00e3o dispostas a aventuras e o povo n\u00e3o se deixa enganar por falsos discursos de renova\u00e7\u00e3o.<\/span><\/span><\/p>\n<\/li>\n<\/ol>\n<p style=\"text-align: justify;\">\n\t<span style=\"font-family:arial,helvetica,sans-serif;\"><span style=\"font-size: 12px;\">&nbsp;<br \/>\n\t<strong>Luciana Genro e a vit\u00f3ria do PSOL<\/strong><br \/>\n\t&nbsp;<br \/>\n\t&nbsp;<\/span><\/span><\/p>\n<ol>\n<li style=\"text-align: justify;\" value=\"8\">\n<p>\n\t\t\t<span style=\"font-family:arial,helvetica,sans-serif;\"><span style=\"font-size: 12px;\">O PSOL enfrentou todo o primeiro semestre tendo como pr\u00e9-candidatos \u00e0 Presid\u00eancia e \u00e0 vice, respectivamente, o senador Randolfe Rodrigues (AP) e a companheira Luciana Genro. A ren\u00fancia do candidato escolhido no Congresso Nacional do partido, apenas quinze dias antes de nossa Conven\u00e7\u00e3o, trouxe dificuldades. Felizmente, a companheira Luciana Genro se mostrou disposta de pronto a cumprir a tarefa de representar o PSOL na disputa, trabalhando em conjunto com a dire\u00e7\u00e3o do partido para unificar todos em torno da campanha. Para isso, foram promovidos pela Funda\u00e7\u00e3o Lauro Campos e pelo partido semin\u00e1rios program\u00e1ticos em diversas capitais, que contribu\u00edram com o objetivo de fortalecer a unidade partid\u00e1ria.<\/span><\/span><\/p>\n<\/li>\n<\/ol>\n<p style=\"text-align: justify;\">\n\t<span style=\"font-family:arial,helvetica,sans-serif;\"><span style=\"font-size: 12px;\">&nbsp;<\/span><\/span><\/p>\n<ol>\n<li style=\"text-align: justify;\" value=\"9\">\n<p>\n\t\t\t<span style=\"font-family:arial,helvetica,sans-serif;\"><span style=\"font-size: 12px;\">A Conven\u00e7\u00e3o Nacional, realizada em Bras\u00edlia, foi uma demonstra\u00e7\u00e3o de unidade partid\u00e1ria, afirmando por consenso o nome de Luciana e aprovando as diretrizes gerais para o Programa de Governo. Iniciada a campanha, fosse nas atividades de rua, nas agendas de imprensa ou nos debates de televis\u00e3o, Luciana expressou uma boa s\u00edntese das posi\u00e7\u00f5es do PSOL. Resultado disso foi a constru\u00e7\u00e3o de um Programa de Governo muito completo, constru\u00eddo a muitas m\u00e3os e apresentado no final de setembro. Eventuais diverg\u00eancias de leitura sobre a conjuntura ou de abordagem sobre determinados temas foram, em geral, secundarizados, garantindo uma campanha bastante unit\u00e1ria. N\u00e3o obstante algumas cr\u00edticas de setores minorit\u00e1rios do partido \u2013 o que \u00e9 leg\u00edtimo \u2013 a avalia\u00e7\u00e3o geral do desempenho do PSOL e de sua candidata \u00e9 altamente positivo.<\/span><\/span><\/p>\n<\/li>\n<\/ol>\n<p style=\"text-align: justify;\">\n\t<span style=\"font-family:arial,helvetica,sans-serif;\"><span style=\"font-size: 12px;\">&nbsp;<\/span><\/span><\/p>\n<ol>\n<li style=\"text-align: justify;\" value=\"10\">\n<p>\n\t\t\t<span style=\"font-family:arial,helvetica,sans-serif;\"><span style=\"font-size: 12px;\">Destacando-se nos debates e diferenciando-se das demais candidaturas, Luciana cresceu na reta final. O resultado eleitoral \u2013 1,55% dos votos \u2013 al\u00e9m de registrar um crescimento em rela\u00e7\u00e3o a 2010 (quando obtivemos 0,88% dos votos), consolidou o PSOL como uma for\u00e7a pol\u00edtica relevante no pa\u00eds, nos separando das candidaturas consideradas menores. Mesmo partidos mais bem estruturados nacionalmente, como o PV e o PSC (este com o apoio de dezenas de igrejas evang\u00e9licas pelo pa\u00eds) tiveram um resultado muito aqu\u00e9m do obtido pelo PSOL. A abissal diferen\u00e7a da vota\u00e7\u00e3o de Luciana em compara\u00e7\u00e3o \u00e0s demais candidaturas da esquerda socialista \u2013 PCB, PSTU e PCO \u2013 fala por si. Somadas, essas candidaturas obtiveram menos de 10% da vota\u00e7\u00e3o total de Luciana.<\/span><\/span><\/p>\n<\/li>\n<\/ol>\n<p style=\"text-align: justify;\">\n\t<span style=\"font-family:arial,helvetica,sans-serif;\"><span style=\"font-size: 12px;\">&nbsp;<\/span><\/span><\/p>\n<ol>\n<li style=\"text-align: justify;\" value=\"11\">\n<p>\n\t\t\t<span style=\"font-family:arial,helvetica,sans-serif;\"><span style=\"font-size: 12px;\">Assim, nossa chapa expressou um importante ac\u00famulo nos movimentos sociais mais din\u00e2micos da conjuntura ap\u00f3s as jornadas de junho. Estivemos junto com o MTST, MLB, Brigadas Populares, entre outros movimentos de moradia. Nossa campanha empalmou com a luta da comunidade LGBT, mobilizando esse setor ao redor da linha \u201cpor mais direitos\u201d. Recebemos apoios de intelectuais e da opini\u00e3o p\u00fablica contempor\u00e2nea, como Greg\u00f3rio Duvivier, M\u00e1rcia Tiburi, Marina Lima, blogueiros e blogueiras da esquerda. A juventude realizou eventos de grande impacto, \u201cviralizando\u201d a campanha nas ruas e nas redes.<\/span><\/span><\/p>\n<\/li>\n<\/ol>\n<p style=\"text-align: justify;\">\n\t<span style=\"font-family:arial,helvetica,sans-serif;\"><span style=\"font-size: 12px;\">&nbsp;<\/span><\/span><\/p>\n<ol>\n<li style=\"text-align: justify;\" value=\"12\">\n<p>\n\t\t\t<span style=\"font-family:arial,helvetica,sans-serif;\"><span style=\"font-size: 12px;\">A presen\u00e7a de Jorge Paz, hist\u00f3rico militante da luta oper\u00e1ria de S\u00e3o Paulo como candidato a vice-presidente, expressou o compromisso de todos os setores partid\u00e1rios com a campanha de Luciana. A forma\u00e7\u00e3o de uma coordena\u00e7\u00e3o de campanha ampla \u2013 tendo como coordenador-geral o companheiro Luiz Ara\u00fajo, presidente nacional do PSOL \u2013 foi um gesto de unidade partid\u00e1ria. O mesmo pode-se dizer da bancada federal e de outras lideran\u00e7as, que se engajaram fortemente na campanha.<\/span><\/span><\/p>\n<\/li>\n<\/ol>\n<p style=\"text-align: justify;\">\n\t<span style=\"font-family:arial,helvetica,sans-serif;\"><span style=\"font-size: 12px;\">&nbsp;<\/span><\/span><\/p>\n<ol>\n<li style=\"text-align: justify;\" value=\"13\">\n<p>\n\t\t\t<span style=\"font-family:arial,helvetica,sans-serif;\"><span style=\"font-size: 12px;\">Com uma boa campanha presidencial, os resultados para a C\u00e2mara dos Deputados e para as Assembleias Legislativas tamb\u00e9m foram positivos. Al\u00e9m de reeleger nossos atuais deputados federais \u2013 companheiros Chico Alencar (RJ), Jean Wyllys (RJ) e Ivan Valente (SP) \u2013 o PSOL ampliou sua bancada na C\u00e2mara dos Deputados, com a elei\u00e7\u00e3o dos companheiros Daciolo (RJ), l\u00edder da hist\u00f3rica greve dos bombeiros em 2012, e do companheiro Edmilson Rodrigues (PA), ex-prefeito de Bel\u00e9m e deputado estadual mais votado da hist\u00f3ria do Par\u00e1 em 2010.<\/span><\/span><\/p>\n<\/li>\n<\/ol>\n<p style=\"text-align: justify;\">\n\t<span style=\"font-family:arial,helvetica,sans-serif;\"><span style=\"font-size: 12px;\">&nbsp;<\/span><\/span><\/p>\n<ol>\n<li style=\"text-align: justify;\" value=\"14\">\n<p>\n\t\t\t<span style=\"font-family:arial,helvetica,sans-serif;\"><span style=\"font-size: 12px;\">Na disputa aos parlamentos estaduais o PSOL tamb\u00e9m cresceu. Passamos dos quatro deputados estaduais eleitos em 2010 para doze vagas, sendo uma no Rio Grande do Sul, duas em S\u00e3o Paulo, duas no Amap\u00e1, cinco no Rio de Janeiro, uma em Pernambuco e uma no Cear\u00e1. O desempenho das nossas candidaturas a governador tamb\u00e9m mostra um crescimento. Na maioria dos estados, o PSOL apresentou-se como alternativa \u00e0 polariza\u00e7\u00e3o das velhas m\u00e1quinas partid\u00e1rias, alcan\u00e7ando bons resultados, dentre os quais merecem destaque o do companheiro Tarc\u00edsio, no Rio de Janeiro, e do companheiro Rob\u00e9rio Paulino, no Rio Grande do Norte, que alcan\u00e7aram quase 10% dos votos cada um.<\/span><\/span><\/p>\n<\/li>\n<\/ol>\n<p style=\"text-align: justify;\">\n\t<span style=\"font-family:arial,helvetica,sans-serif;\"><span style=\"font-size: 12px;\">&nbsp;<\/span><\/span><\/p>\n<ol>\n<li style=\"text-align: justify;\" value=\"15\">\n<p>\n\t\t\t<span style=\"font-family:arial,helvetica,sans-serif;\"><span style=\"font-size: 12px;\">Outro saldo altamente positivo \u00e9 a constru\u00e7\u00e3o de um Programa de Governo unit\u00e1rio. Foi a primeira vez que o PSOL teve um documento dessa envergadura aprovada por suas inst\u00e2ncias. Abordando 23 temas diferentes, de pol\u00edtica externa \u00e0 sa\u00fade, de seguran\u00e7a p\u00fablica a direitos humanos, o Programa de Governo do PSOL mostrou que \u00e9 poss\u00edvel construir consensos internamente quando necess\u00e1rio.<\/span><\/span><\/p>\n<\/li>\n<\/ol>\n<p style=\"text-align: justify;\">\n\t<span style=\"font-family:arial,helvetica,sans-serif;\"><span style=\"font-size: 12px;\">&nbsp;<br \/>\n\t<strong>O segundo turno<\/strong><br \/>\n\t&nbsp;<\/span><\/span><\/p>\n<ol>\n<li style=\"text-align: justify;\" value=\"16\">\n<p>\n\t\t\t<span style=\"font-family:arial,helvetica,sans-serif;\"><span style=\"font-size: 12px;\">O PSOL esteve presente no segundo turno em apenas uma disputa: no Amap\u00e1, onde compusemos a chapa de Camilo Capiberibe (PSB) contra o retrocesso representado pelo sarneyzismo. Com isso, al\u00e9m de eleger dois deputados estaduais, conseguimos influenciar os rumos da luta contra o retrocesso representado pelos aliados de Sarney no segundo turno, que, apesar disso, sa\u00edram vitoriosos.<\/span><\/span><\/p>\n<\/li>\n<\/ol>\n<p style=\"text-align: justify;\">\n\t<span style=\"font-family:arial,helvetica,sans-serif;\"><span style=\"font-size: 12px;\">&nbsp;<\/span><\/span><\/p>\n<ol>\n<li style=\"text-align: justify;\" value=\"17\">\n<p>\n\t\t\t<span style=\"font-family:arial,helvetica,sans-serif;\"><span style=\"font-size: 12px;\">Em n\u00edvel nacional, a disputa presidencial repetiu a polariza\u00e7\u00e3o das \u00faltimas cinco elei\u00e7\u00f5es entre PT e PSDB. Polariza\u00e7\u00e3o falsa no que diz respeito \u00e0 gest\u00e3o da pol\u00edtica macroecon\u00f4mica, ganhou profundidade com a disputa em torno da manuten\u00e7\u00e3o dos programas sociais e do papel dos bancos p\u00fablicos, dentre outros temas trazidos ao debate pela candidata petista. Isso levou a candidatura tucana a encarnar no segundo turno uma diferencia\u00e7\u00e3o ideol\u00f3gica, atraindo para si for\u00e7as reacion\u00e1rias do espectro pol\u00edtico e social brasileiro e favorecendo, assim, uma polariza\u00e7\u00e3o acentuada que viria a animar contra si for\u00e7as progressistas n\u00e3o mobilizadas no primeiro turno.<\/span><\/span><\/p>\n<\/li>\n<\/ol>\n<p style=\"text-align: justify;\">\n\t<span style=\"font-family:arial,helvetica,sans-serif;\"><span style=\"font-size: 12px;\">&nbsp;<\/span><\/span><\/p>\n<ol>\n<li style=\"text-align: justify;\" value=\"18\">\n<p>\n\t\t\t<span style=\"font-family:arial,helvetica,sans-serif;\"><span style=\"font-size: 12px;\">O PSOL, de forma acertada, se posicionou r\u00e1pido. A resolu\u00e7\u00e3o aprovada por sua Executiva Nacional vetava qualquer manifesta\u00e7\u00e3o de seus militantes em favor de A\u00e9cio Neves e permitia tanto a defesa do voto nulo ou branco quanto a defesa do voto cr\u00edtico em Dilma Rousseff. As manifesta\u00e7\u00f5es em favor da petista n\u00e3o comprometeram a resolu\u00e7\u00e3o aprovada, uma vez que o PSOL enquanto partido preservou sua autonomia e independ\u00eancia durante todo o segundo turno.<\/span><\/span><\/p>\n<\/li>\n<\/ol>\n<p style=\"text-align: justify;\">\n\t<span style=\"font-family:arial,helvetica,sans-serif;\"><span style=\"font-size: 12px;\">&nbsp;<br \/>\n\t<strong>Perspectivas para o futuro<\/strong><br \/>\n\t&nbsp;<\/span><\/span><\/p>\n<ol>\n<li style=\"text-align: justify;\" value=\"19\">\n<p>\n\t\t\t<span style=\"font-family:arial,helvetica,sans-serif;\"><span style=\"font-size: 12px;\">Os primeiros sinais de Dilma ap\u00f3s a vit\u00f3ria foram contradit\u00f3rios. Num dia, aponta uma reforma pol\u00edtica com contornos progressistas como priorit\u00e1ria. No outro, aumenta a taxa de juros para 11,25% para alegria dos especuladores do mercado financeiro e anuncia o aumento da gasolina. No essencial, n\u00e3o deve deixar de ser um governo de pacto com fra\u00e7\u00f5es da burguesia. O que est\u00e1 em quest\u00e3o \u00e9 se a vit\u00f3ria por pouco mais de 3% vai fazer com o que o PT e o governo retomem algum tipo de rela\u00e7\u00e3o com a agenda dos movimentos que esperam algum avan\u00e7o ou se far\u00e1 com que ambos se inclinem ainda mais \u00e0 direita, buscando recuperar terreno junto aos setores m\u00e9dios mais conservadores e \u00e0s elites que apostaram em A\u00e9cio.&nbsp;<\/span><\/span><\/p>\n<\/li>\n<\/ol>\n<p style=\"text-align: justify;\">\n\t<span style=\"font-family:arial,helvetica,sans-serif;\"><span style=\"font-size: 12px;\">&nbsp;<\/span><\/span><\/p>\n<ol>\n<li style=\"text-align: justify;\" value=\"20\">\n<p>\n\t\t\t<span style=\"font-family:arial,helvetica,sans-serif;\"><span style=\"font-size: 12px;\">A proposta de reforma pol\u00edtica do Congresso Nacional \u00e9 retr\u00f3gada. Precisamos construir ampla unidade para defender a pauta da nossa reforma pol\u00edtica, com base nos pontos apresentados no programa de Luciana Genro e, ao mesmo tempo, evitar qualquer retrocesso contra os partidos da esquerda combativa, expl\u00edcito, por exemplo, na proposta da chamada cl\u00e1usula de exclus\u00e3o. Por essas raz\u00f5es, o PSOL seguir\u00e1 vigilante, mantendo sua coer\u00eancia e independ\u00eancia pol\u00edtica e sua condi\u00e7\u00e3o de oposi\u00e7\u00e3o program\u00e1tica e de esquerda. Defender\u00e1 as medidas que representarem avan\u00e7os para os trabalhadores e trabalhadoras, como ocorreu recentemente diante da ofensiva conservadora contra a Pol\u00edtica Nacional de Participa\u00e7\u00e3o Social (PNPS). Mesmo limitada, esta medida \u00e9 um avan\u00e7o democr\u00e1tico que contou com o apoio da nossa bancada na C\u00e2mara dos Deputados. Prova de que o PSOL n\u00e3o a apoiava por ser uma proposta do governo, \u00e9 que t\u00e3o logo a coaliz\u00e3o conservadora a derrotou, a bancada do PSOL a reapresentou na forma de Projeto de Lei, por\u00e9m sem alguns v\u00edcios de origem que o projeto governista continha. Diante das medidas que representem ataques ao povo brasileiro, o PSOL se levantar\u00e1 como tem feito desde sua funda\u00e7\u00e3o, denunciando o governo e quem a ele estiver associado. Este \u00e9 o papel de um partido de oposi\u00e7\u00e3o de esquerda e program\u00e1tica.<\/span><\/span><\/p>\n<\/li>\n<\/ol>\n<p style=\"text-align: justify;\">\n\t<span style=\"font-family:arial,helvetica,sans-serif;\"><span style=\"font-size: 12px;\">&nbsp;<\/span><\/span><\/p>\n<ol>\n<li style=\"text-align: justify;\" value=\"21\">\n<p>\n\t\t\t<span style=\"font-family:arial,helvetica,sans-serif;\"><span style=\"font-size: 12px;\">O crescimento do fundamentalismo religioso, da bancada ruralista e das empreiteiras (hoje majorit\u00e1rias entre os 513 deputados federais), da bancada da bala e de outras aberra\u00e7\u00f5es como essas, exigir\u00e3o do PSOL uma melhor articula\u00e7\u00e3o para frear as investidas contra os direitos do povo. Fora do parlamento precisaremos de apoio dos movimentos sociais combativos para fazer frente \u2013 de fora pra dentro \u2013 aos ataques do conservadorismo. O crescimento da direita \u00e9 tamb\u00e9m reflexo das op\u00e7\u00f5es pol\u00edticas do PT com vistas a assegurar a chamada \u201cgovernabilidade\u201d com setores da burguesia. Cada vez mais, os sintomas da crise econ\u00f4mica e social anunciam mais choques. Dilma anunciou a realiza\u00e7\u00e3o de ajustes como o aumento da taxa de juros para 11,5%, assim como o anunciado aumento da gasolina. Nomes s\u00e3o especulados em meio ao sistema financeiro para a chefia do Minist\u00e9rio da Fazenda. Como afirmamos, o governo seguir\u00e1, em ess\u00eancia, um cartilha conservadora, para que a conta dos ajustes seja paga pelos trabalhadores, enquanto beneficia o bancos, agroneg\u00f3cio e empreiteiras.&nbsp;<\/span><\/span><\/p>\n<\/li>\n<\/ol>\n<p style=\"text-align: justify;\">\n\t<span style=\"font-family:arial,helvetica,sans-serif;\"><span style=\"font-size: 12px;\">&nbsp;<\/span><\/span><\/p>\n<ol>\n<li style=\"text-align: justify;\" value=\"22\">\n<p>\n\t\t\t<span style=\"font-family:arial,helvetica,sans-serif;\"><span style=\"font-size: 12px;\">A prioridade do partido \u00e9 preparar a luta contra quaisquer ajustes e fortalecer a luta por mais direitos. Devemos denunciar desde j\u00e1 quaisquer medidas regressivas, como forma inclusive de dialogar com a desilus\u00e3o que deve tomar os setores que apoiaram Dilma no segundo turno como veto ao A\u00e9cio. Devemos denunciar o problema dos juros e da d\u00edvida de forma pedag\u00f3gica, ou seja, explicando que as cinco mil fam\u00edlias mais ricas do pa\u00eds seguem lucrando, enquanto o povo paga com cortes nas \u00e1reas sociais, penando com servi\u00e7os p\u00fablicos prec\u00e1rios, aumento das tarifas e crise energ\u00e9tica e h\u00eddrica. O PSOL participar\u00e1 de forma ativa das lutas que se aproximam, desde a sua organiza\u00e7\u00e3o e formula\u00e7\u00e3o, convocando sua milit\u00e2ncia, pela reforma pol\u00edtica e pela democratiza\u00e7\u00e3o dos meios de comunica\u00e7\u00e3o, tamb\u00e9m pelos direitos LGBTT e pela desmilitariza\u00e7\u00e3o da PM, pela demarca\u00e7\u00e3o das terras ind\u00edgenas e contra o avan\u00e7o das terceiriza\u00e7\u00f5es; lutando pelo aumento do sal\u00e1rio m\u00ednimo, a revis\u00e3o da Lei de Anistia e a regulamenta\u00e7\u00e3o do imposto sobre grandes fortunas, colaborando nas articula\u00e7\u00f5es de movimentos e partidos por reformas estruturais, exigindo do governo avan\u00e7os no cumprimento dessa pauta e combatendo o conservadorismo em parceria com os movimentos sociais.<\/span><\/span><\/p>\n<\/li>\n<\/ol>\n<p style=\"text-align: justify;\">\n\t<span style=\"font-family:arial,helvetica,sans-serif;\"><span style=\"font-size: 12px;\">&nbsp;<\/span><\/span><\/p>\n<ol>\n<li style=\"text-align: justify;\" value=\"23\">\n<p>\n\t\t\t<span style=\"font-family:arial,helvetica,sans-serif;\"><span style=\"font-size: 12px;\">Com o bom resultado eleitoral da companheira Luciana Genro, com a amplia\u00e7\u00e3o de nossa representa\u00e7\u00e3o parlamentar em n\u00edvel federal e nos estados, com uma pol\u00edtica acertada de independ\u00eancia no segundo turno, conclu\u00edmos que as elei\u00e7\u00f5es de 2014 trazem um saldo positivo para o PSOL e para a luta pela constru\u00e7\u00e3o de uma alternativa de poder popular, em alian\u00e7a com outros atores sociais e pol\u00edticos, para a constru\u00e7\u00e3o do socialismo no Brasil.<\/span><\/span><\/p>\n<\/li>\n<\/ol>\n<p style=\"text-align: justify;\">\n\t<span style=\"font-family:arial,helvetica,sans-serif;\"><span style=\"font-size: 12px;\">&nbsp;<br \/>\n\t<strong>Viva o PSOL!<br \/>\n\tViva o Brasil!<br \/>\n\tViva o Socialismo!<\/strong><br \/>\n\t&nbsp;<\/span><\/span><\/p>\n","protected":false},"excerpt":{"rendered":"<p>Na resolu\u00e7\u00e3o, o PSOL conclui que com o bom resultado eleitoral de Luciana Genro, com a amplia\u00e7\u00e3o da representa\u00e7\u00e3o parlamentar em n\u00edvel federal e nos estados, com uma pol\u00edtica acertada de independ\u00eancia no segundo turno, \u201cas elei\u00e7\u00f5es de 2014 trazem um saldo positivo para o PSOL e para a luta pela constru\u00e7\u00e3o de uma alternativa de poder popular, em alian\u00e7a com outros atores sociais e pol\u00edticos, para a constru\u00e7\u00e3o do socialismo no Brasil\u201d.<\/p>\n","protected":false},"author":2,"featured_media":0,"comment_status":"open","ping_status":"open","sticky":false,"template":"","format":"standard","meta":{"_acf_changed":false,"footnotes":""},"categories":[4766,6],"tags":[22],"class_list":{"0":"post-3052","1":"post","2":"type-post","3":"status-publish","4":"format-standard","6":"category-arquivo","7":"category-noticias","8":"tag-psol"},"acf":[],"yoast_head":"<!-- This site is optimized with the Yoast SEO plugin v26.5 - https:\/\/yoast.com\/wordpress\/plugins\/seo\/ -->\n<title>Executiva Nacional faz balan\u00e7o das elei\u00e7\u00f5es: PSOL est\u00e1 mais forte para lutar por um outro pa\u00eds - PSOL 50<\/title>\n<meta name=\"robots\" content=\"index, follow, max-snippet:-1, max-image-preview:large, max-video-preview:-1\" \/>\n<link rel=\"canonical\" href=\"https:\/\/psol50.org.br\/executiva-nacional-faz-balanco-das-eleicoes-psol-esta-mais-forte-para-lutar-por-um-outro-pais\/\" \/>\n<meta property=\"og:locale\" content=\"pt_BR\" \/>\n<meta property=\"og:type\" content=\"article\" \/>\n<meta property=\"og:title\" content=\"Executiva Nacional faz balan\u00e7o das elei\u00e7\u00f5es: PSOL est\u00e1 mais forte para lutar por um outro pa\u00eds - PSOL 50\" \/>\n<meta property=\"og:description\" content=\"Na resolu\u00e7\u00e3o, o PSOL conclui que com o bom resultado eleitoral de Luciana Genro, com a amplia\u00e7\u00e3o da representa\u00e7\u00e3o parlamentar em n\u00edvel federal e nos estados, com uma pol\u00edtica acertada de independ\u00eancia no segundo turno, \u201cas elei\u00e7\u00f5es de 2014 trazem um saldo positivo para o PSOL e para a luta pela constru\u00e7\u00e3o de uma alternativa de poder popular, em alian\u00e7a com outros atores sociais e pol\u00edticos, para a constru\u00e7\u00e3o do socialismo no Brasil\u201d.\" \/>\n<meta property=\"og:url\" content=\"https:\/\/psol50.org.br\/executiva-nacional-faz-balanco-das-eleicoes-psol-esta-mais-forte-para-lutar-por-um-outro-pais\/\" \/>\n<meta property=\"og:site_name\" content=\"PSOL 50\" \/>\n<meta property=\"article:publisher\" content=\"https:\/\/www.facebook.com\/psol50\" \/>\n<meta property=\"article:published_time\" content=\"2014-11-11T15:09:28+00:00\" \/>\n<meta property=\"og:image\" content=\"https:\/\/psol50.org.br\/inc\/uploads\/2018\/07\/capa.png\" \/>\n\t<meta property=\"og:image:width\" content=\"1350\" \/>\n\t<meta property=\"og:image:height\" content=\"900\" \/>\n\t<meta property=\"og:image:type\" content=\"image\/png\" \/>\n<meta name=\"author\" content=\"Comunica\u00e7\u00e3o PSOL\" \/>\n<meta name=\"twitter:card\" content=\"summary_large_image\" \/>\n<meta name=\"twitter:creator\" content=\"@psol50\" \/>\n<meta name=\"twitter:site\" content=\"@psol50\" \/>\n<meta name=\"twitter:label1\" content=\"Escrito por\" \/>\n\t<meta name=\"twitter:data1\" content=\"Comunica\u00e7\u00e3o PSOL\" \/>\n\t<meta name=\"twitter:label2\" content=\"Est. tempo de leitura\" \/>\n\t<meta name=\"twitter:data2\" content=\"17 minutos\" \/>\n<script type=\"application\/ld+json\" class=\"yoast-schema-graph\">{\"@context\":\"https:\/\/schema.org\",\"@graph\":[{\"@type\":\"Article\",\"@id\":\"https:\/\/psol50.org.br\/executiva-nacional-faz-balanco-das-eleicoes-psol-esta-mais-forte-para-lutar-por-um-outro-pais\/#article\",\"isPartOf\":{\"@id\":\"https:\/\/psol50.org.br\/executiva-nacional-faz-balanco-das-eleicoes-psol-esta-mais-forte-para-lutar-por-um-outro-pais\/\"},\"author\":{\"name\":\"Comunica\u00e7\u00e3o PSOL\",\"@id\":\"https:\/\/psol50.org.br\/#\/schema\/person\/475dfa57d0b815993c714c2e96491fcd\"},\"headline\":\"Executiva Nacional faz balan\u00e7o das elei\u00e7\u00f5es: PSOL est\u00e1 mais forte para lutar por um outro pa\u00eds\",\"datePublished\":\"2014-11-11T15:09:28+00:00\",\"mainEntityOfPage\":{\"@id\":\"https:\/\/psol50.org.br\/executiva-nacional-faz-balanco-das-eleicoes-psol-esta-mais-forte-para-lutar-por-um-outro-pais\/\"},\"wordCount\":3499,\"commentCount\":0,\"publisher\":{\"@id\":\"https:\/\/psol50.org.br\/#organization\"},\"keywords\":[\"PSOL\"],\"articleSection\":[\"Arquivo\",\"Not\u00edcias\"],\"inLanguage\":\"pt-BR\",\"potentialAction\":[{\"@type\":\"CommentAction\",\"name\":\"Comment\",\"target\":[\"https:\/\/psol50.org.br\/executiva-nacional-faz-balanco-das-eleicoes-psol-esta-mais-forte-para-lutar-por-um-outro-pais\/#respond\"]}]},{\"@type\":\"WebPage\",\"@id\":\"https:\/\/psol50.org.br\/executiva-nacional-faz-balanco-das-eleicoes-psol-esta-mais-forte-para-lutar-por-um-outro-pais\/\",\"url\":\"https:\/\/psol50.org.br\/executiva-nacional-faz-balanco-das-eleicoes-psol-esta-mais-forte-para-lutar-por-um-outro-pais\/\",\"name\":\"Executiva Nacional faz balan\u00e7o das elei\u00e7\u00f5es: PSOL est\u00e1 mais forte para lutar por um outro pa\u00eds - PSOL 50\",\"isPartOf\":{\"@id\":\"https:\/\/psol50.org.br\/#website\"},\"datePublished\":\"2014-11-11T15:09:28+00:00\",\"breadcrumb\":{\"@id\":\"https:\/\/psol50.org.br\/executiva-nacional-faz-balanco-das-eleicoes-psol-esta-mais-forte-para-lutar-por-um-outro-pais\/#breadcrumb\"},\"inLanguage\":\"pt-BR\",\"potentialAction\":[{\"@type\":\"ReadAction\",\"target\":[\"https:\/\/psol50.org.br\/executiva-nacional-faz-balanco-das-eleicoes-psol-esta-mais-forte-para-lutar-por-um-outro-pais\/\"]}]},{\"@type\":\"BreadcrumbList\",\"@id\":\"https:\/\/psol50.org.br\/executiva-nacional-faz-balanco-das-eleicoes-psol-esta-mais-forte-para-lutar-por-um-outro-pais\/#breadcrumb\",\"itemListElement\":[{\"@type\":\"ListItem\",\"position\":1,\"name\":\"In\u00edcio\",\"item\":\"https:\/\/psol50.org.br\/\"},{\"@type\":\"ListItem\",\"position\":2,\"name\":\"Executiva Nacional faz balan\u00e7o das elei\u00e7\u00f5es: PSOL est\u00e1 mais forte para lutar por um outro pa\u00eds\"}]},{\"@type\":\"WebSite\",\"@id\":\"https:\/\/psol50.org.br\/#website\",\"url\":\"https:\/\/psol50.org.br\/\",\"name\":\"PSOL 50\",\"description\":\"Site oficial do Partido Socialismo e Liberdade\",\"publisher\":{\"@id\":\"https:\/\/psol50.org.br\/#organization\"},\"alternateName\":\"PSOL50\",\"potentialAction\":[{\"@type\":\"SearchAction\",\"target\":{\"@type\":\"EntryPoint\",\"urlTemplate\":\"https:\/\/psol50.org.br\/?s={search_term_string}\"},\"query-input\":{\"@type\":\"PropertyValueSpecification\",\"valueRequired\":true,\"valueName\":\"search_term_string\"}}],\"inLanguage\":\"pt-BR\"},{\"@type\":\"Organization\",\"@id\":\"https:\/\/psol50.org.br\/#organization\",\"name\":\"PSOL 50\",\"alternateName\":\"PSOL 50\",\"url\":\"https:\/\/psol50.org.br\/\",\"logo\":{\"@type\":\"ImageObject\",\"inLanguage\":\"pt-BR\",\"@id\":\"https:\/\/psol50.org.br\/#\/schema\/logo\/image\/\",\"url\":\"https:\/\/psol50.org.br\/inc\/uploads\/2018\/07\/capa.png\",\"contentUrl\":\"https:\/\/psol50.org.br\/inc\/uploads\/2018\/07\/capa.png\",\"width\":1350,\"height\":900,\"caption\":\"PSOL 50\"},\"image\":{\"@id\":\"https:\/\/psol50.org.br\/#\/schema\/logo\/image\/\"},\"sameAs\":[\"https:\/\/www.facebook.com\/psol50\",\"https:\/\/x.com\/psol50\",\"https:\/\/www.instagram.com\/psol50\/\",\"https:\/\/www.youtube.com\/channel\/UC7SnJS5o1os7a6CaiNabzcg\"]},{\"@type\":\"Person\",\"@id\":\"https:\/\/psol50.org.br\/#\/schema\/person\/475dfa57d0b815993c714c2e96491fcd\",\"name\":\"Comunica\u00e7\u00e3o PSOL\",\"image\":{\"@type\":\"ImageObject\",\"inLanguage\":\"pt-BR\",\"@id\":\"https:\/\/psol50.org.br\/#\/schema\/person\/image\/\",\"url\":\"https:\/\/secure.gravatar.com\/avatar\/b34fc4f4e468a4e51785917065a3db57b841f5c95dba6ad8c73aaf8f66f8f9bf?s=96&d=mm&r=g\",\"contentUrl\":\"https:\/\/secure.gravatar.com\/avatar\/b34fc4f4e468a4e51785917065a3db57b841f5c95dba6ad8c73aaf8f66f8f9bf?s=96&d=mm&r=g\",\"caption\":\"Comunica\u00e7\u00e3o PSOL\"}}]}<\/script>\n<!-- \/ Yoast SEO plugin. -->","yoast_head_json":{"title":"Executiva Nacional faz balan\u00e7o das elei\u00e7\u00f5es: PSOL est\u00e1 mais forte para lutar por um outro pa\u00eds - PSOL 50","robots":{"index":"index","follow":"follow","max-snippet":"max-snippet:-1","max-image-preview":"max-image-preview:large","max-video-preview":"max-video-preview:-1"},"canonical":"https:\/\/psol50.org.br\/executiva-nacional-faz-balanco-das-eleicoes-psol-esta-mais-forte-para-lutar-por-um-outro-pais\/","og_locale":"pt_BR","og_type":"article","og_title":"Executiva Nacional faz balan\u00e7o das elei\u00e7\u00f5es: PSOL est\u00e1 mais forte para lutar por um outro pa\u00eds - PSOL 50","og_description":"Na resolu\u00e7\u00e3o, o PSOL conclui que com o bom resultado eleitoral de Luciana Genro, com a amplia\u00e7\u00e3o da representa\u00e7\u00e3o parlamentar em n\u00edvel federal e nos estados, com uma pol\u00edtica acertada de independ\u00eancia no segundo turno, \u201cas elei\u00e7\u00f5es de 2014 trazem um saldo positivo para o PSOL e para a luta pela constru\u00e7\u00e3o de uma alternativa de poder popular, em alian\u00e7a com outros atores sociais e pol\u00edticos, para a constru\u00e7\u00e3o do socialismo no Brasil\u201d.","og_url":"https:\/\/psol50.org.br\/executiva-nacional-faz-balanco-das-eleicoes-psol-esta-mais-forte-para-lutar-por-um-outro-pais\/","og_site_name":"PSOL 50","article_publisher":"https:\/\/www.facebook.com\/psol50","article_published_time":"2014-11-11T15:09:28+00:00","og_image":[{"width":1350,"height":900,"url":"https:\/\/psol50.org.br\/inc\/uploads\/2018\/07\/capa.png","type":"image\/png"}],"author":"Comunica\u00e7\u00e3o PSOL","twitter_card":"summary_large_image","twitter_creator":"@psol50","twitter_site":"@psol50","twitter_misc":{"Escrito por":"Comunica\u00e7\u00e3o PSOL","Est. tempo de leitura":"17 minutos"},"schema":{"@context":"https:\/\/schema.org","@graph":[{"@type":"Article","@id":"https:\/\/psol50.org.br\/executiva-nacional-faz-balanco-das-eleicoes-psol-esta-mais-forte-para-lutar-por-um-outro-pais\/#article","isPartOf":{"@id":"https:\/\/psol50.org.br\/executiva-nacional-faz-balanco-das-eleicoes-psol-esta-mais-forte-para-lutar-por-um-outro-pais\/"},"author":{"name":"Comunica\u00e7\u00e3o PSOL","@id":"https:\/\/psol50.org.br\/#\/schema\/person\/475dfa57d0b815993c714c2e96491fcd"},"headline":"Executiva Nacional faz balan\u00e7o das elei\u00e7\u00f5es: PSOL est\u00e1 mais forte para lutar por um outro pa\u00eds","datePublished":"2014-11-11T15:09:28+00:00","mainEntityOfPage":{"@id":"https:\/\/psol50.org.br\/executiva-nacional-faz-balanco-das-eleicoes-psol-esta-mais-forte-para-lutar-por-um-outro-pais\/"},"wordCount":3499,"commentCount":0,"publisher":{"@id":"https:\/\/psol50.org.br\/#organization"},"keywords":["PSOL"],"articleSection":["Arquivo","Not\u00edcias"],"inLanguage":"pt-BR","potentialAction":[{"@type":"CommentAction","name":"Comment","target":["https:\/\/psol50.org.br\/executiva-nacional-faz-balanco-das-eleicoes-psol-esta-mais-forte-para-lutar-por-um-outro-pais\/#respond"]}]},{"@type":"WebPage","@id":"https:\/\/psol50.org.br\/executiva-nacional-faz-balanco-das-eleicoes-psol-esta-mais-forte-para-lutar-por-um-outro-pais\/","url":"https:\/\/psol50.org.br\/executiva-nacional-faz-balanco-das-eleicoes-psol-esta-mais-forte-para-lutar-por-um-outro-pais\/","name":"Executiva Nacional faz balan\u00e7o das elei\u00e7\u00f5es: PSOL est\u00e1 mais forte para lutar por um outro pa\u00eds - PSOL 50","isPartOf":{"@id":"https:\/\/psol50.org.br\/#website"},"datePublished":"2014-11-11T15:09:28+00:00","breadcrumb":{"@id":"https:\/\/psol50.org.br\/executiva-nacional-faz-balanco-das-eleicoes-psol-esta-mais-forte-para-lutar-por-um-outro-pais\/#breadcrumb"},"inLanguage":"pt-BR","potentialAction":[{"@type":"ReadAction","target":["https:\/\/psol50.org.br\/executiva-nacional-faz-balanco-das-eleicoes-psol-esta-mais-forte-para-lutar-por-um-outro-pais\/"]}]},{"@type":"BreadcrumbList","@id":"https:\/\/psol50.org.br\/executiva-nacional-faz-balanco-das-eleicoes-psol-esta-mais-forte-para-lutar-por-um-outro-pais\/#breadcrumb","itemListElement":[{"@type":"ListItem","position":1,"name":"In\u00edcio","item":"https:\/\/psol50.org.br\/"},{"@type":"ListItem","position":2,"name":"Executiva Nacional faz balan\u00e7o das elei\u00e7\u00f5es: PSOL est\u00e1 mais forte para lutar por um outro pa\u00eds"}]},{"@type":"WebSite","@id":"https:\/\/psol50.org.br\/#website","url":"https:\/\/psol50.org.br\/","name":"PSOL 50","description":"Site oficial do Partido Socialismo e Liberdade","publisher":{"@id":"https:\/\/psol50.org.br\/#organization"},"alternateName":"PSOL50","potentialAction":[{"@type":"SearchAction","target":{"@type":"EntryPoint","urlTemplate":"https:\/\/psol50.org.br\/?s={search_term_string}"},"query-input":{"@type":"PropertyValueSpecification","valueRequired":true,"valueName":"search_term_string"}}],"inLanguage":"pt-BR"},{"@type":"Organization","@id":"https:\/\/psol50.org.br\/#organization","name":"PSOL 50","alternateName":"PSOL 50","url":"https:\/\/psol50.org.br\/","logo":{"@type":"ImageObject","inLanguage":"pt-BR","@id":"https:\/\/psol50.org.br\/#\/schema\/logo\/image\/","url":"https:\/\/psol50.org.br\/inc\/uploads\/2018\/07\/capa.png","contentUrl":"https:\/\/psol50.org.br\/inc\/uploads\/2018\/07\/capa.png","width":1350,"height":900,"caption":"PSOL 50"},"image":{"@id":"https:\/\/psol50.org.br\/#\/schema\/logo\/image\/"},"sameAs":["https:\/\/www.facebook.com\/psol50","https:\/\/x.com\/psol50","https:\/\/www.instagram.com\/psol50\/","https:\/\/www.youtube.com\/channel\/UC7SnJS5o1os7a6CaiNabzcg"]},{"@type":"Person","@id":"https:\/\/psol50.org.br\/#\/schema\/person\/475dfa57d0b815993c714c2e96491fcd","name":"Comunica\u00e7\u00e3o PSOL","image":{"@type":"ImageObject","inLanguage":"pt-BR","@id":"https:\/\/psol50.org.br\/#\/schema\/person\/image\/","url":"https:\/\/secure.gravatar.com\/avatar\/b34fc4f4e468a4e51785917065a3db57b841f5c95dba6ad8c73aaf8f66f8f9bf?s=96&d=mm&r=g","contentUrl":"https:\/\/secure.gravatar.com\/avatar\/b34fc4f4e468a4e51785917065a3db57b841f5c95dba6ad8c73aaf8f66f8f9bf?s=96&d=mm&r=g","caption":"Comunica\u00e7\u00e3o PSOL"}}]}},"_links":{"self":[{"href":"https:\/\/psol50.org.br\/rest\/wp\/v2\/posts\/3052","targetHints":{"allow":["GET"]}}],"collection":[{"href":"https:\/\/psol50.org.br\/rest\/wp\/v2\/posts"}],"about":[{"href":"https:\/\/psol50.org.br\/rest\/wp\/v2\/types\/post"}],"author":[{"embeddable":true,"href":"https:\/\/psol50.org.br\/rest\/wp\/v2\/users\/2"}],"replies":[{"embeddable":true,"href":"https:\/\/psol50.org.br\/rest\/wp\/v2\/comments?post=3052"}],"version-history":[{"count":0,"href":"https:\/\/psol50.org.br\/rest\/wp\/v2\/posts\/3052\/revisions"}],"wp:attachment":[{"href":"https:\/\/psol50.org.br\/rest\/wp\/v2\/media?parent=3052"}],"wp:term":[{"taxonomy":"category","embeddable":true,"href":"https:\/\/psol50.org.br\/rest\/wp\/v2\/categories?post=3052"},{"taxonomy":"post_tag","embeddable":true,"href":"https:\/\/psol50.org.br\/rest\/wp\/v2\/tags?post=3052"}],"curies":[{"name":"wp","href":"https:\/\/api.w.org\/{rel}","templated":true}]}}