{"id":3054,"date":"2014-11-12T00:00:00","date_gmt":"2014-11-12T14:31:09","guid":{"rendered":"http:\/\/psol50.org.br\/arquivo\/2014\/11\/12\/por-pressao-do-psol-planos-de-saude-voltam-a-ser-debatidos-na-camara\/"},"modified":"2014-11-12T00:00:00","modified_gmt":"2014-11-12T14:31:09","slug":"por-pressao-do-psol-planos-de-saude-voltam-a-ser-debatidos-na-camara","status":"publish","type":"post","link":"https:\/\/psol50.org.br\/por-pressao-do-psol-planos-de-saude-voltam-a-ser-debatidos-na-camara\/","title":{"rendered":"Por press\u00e3o do PSOL, planos de sa\u00fade voltam a ser debatidos na C\u00e2mara"},"content":{"rendered":"<p style=\"text-align: justify;\">\n\t<span style=\"font-family:arial,helvetica,sans-serif;\"><span style=\"font-size: 12px;\">Os aumentos abusivos dos planos de sa\u00fade coletivos e a car\u00eancia na disponibilidade de planos individuais voltar\u00e3o a ser temas de debate na C\u00e2mara dos Deputados. A realiza\u00e7\u00e3o da audi\u00eancia p\u00fablica, proposta pelo deputado Ivan Valente, foi aprovada na Comiss\u00e3o de Defesa do Consumidor, na manh\u00e3 desta quarta-feira (12) e deve acontecer at\u00e9 o fim desta legislatura.<br \/>\n\t&nbsp;<br \/>\n\t\u201cAs queixas aos planos de sa\u00fade s\u00e3o recorrentes, e os motivos variados. S\u00e3o aumentos abusivos, inexist\u00eancia de planos individuais, atendimentos de exames e consultas recusados\u201d, argumentou o deputado. \u201cAs fam\u00edlias s\u00e3o penalizadas com mensalidades car\u00edssimas e continuam sendo mal assistidas\u201d.<br \/>\n\t&nbsp;<br \/>\n\tNo ano passado, o PSOL prop\u00f4s a instala\u00e7\u00e3o da Comiss\u00e3o Parlamentar de Inqu\u00e9rito (CPI) dos planos de sa\u00fade para investigar as irregularidades e abusos cometidos pelas operadoras contra os consumidores. A CPI at\u00e9 agora n\u00e3o foi instalada e o deputado Ivan Valente afirmou hoje que vai reapresentar a proposta no in\u00edcio da pr\u00f3xima legislatura, em 2015.<br \/>\n\t&nbsp;<br \/>\n\tAl\u00e9m disso, o parlamentar apresentou, em novembro de 2013, o Projeto de Lei 6714, que cria a Ag\u00eancia Nacional de Sa\u00fade Complementar (ANS), para exigir pr\u00e9via autoriza\u00e7\u00e3o da Ag\u00eancia Nacional de Sa\u00fade no caso de reajustes de planos coletivos de sa\u00fade, que dever\u00e3o ser reajustados pelo \u00cdndice de Pre\u00e7os ao&nbsp;Consumidor Amplo (IPCA). O PL est\u00e1 parado na Comiss\u00e3o de Finan\u00e7as e Tributa\u00e7\u00e3o da C\u00e2mara.<br \/>\n\t&nbsp;<br \/>\n\tMat\u00e9ria veiculada pelo Fant\u00e1stico, em junho deste ano, mostrou que, nos \u00faltimos 14 anos, os planos coletivos passaram de 69% para mais de 80% mercado. J\u00e1 o percentual de planos individuais foi de 30% em 2001 para 19% hoje.&nbsp;<br \/>\n\t&nbsp;<br \/>\n\tNo requerimento, Ivan Valente prop\u00f5e a participa\u00e7\u00e3o de representantes do Instituto Brasileiro de Defesa do Consumidor (IDEC), da Ag\u00eancia Nacional de Sa\u00fade Suplementar (ANS), da Federa\u00e7\u00e3o Nacional de Sa\u00fade Suplementar (FenaSa\u00fade) e dos jornalistas Tiago Elts, do Fant\u00e1stico, e de Cristiane Segatto, da revista \u00c9poca, especializados em cobrir o tema.<br \/>\n\t&nbsp;<\/span><\/span><\/p>\n","protected":false},"excerpt":{"rendered":"<p>Audi\u00eancia p\u00fablica proposta por Ivan Valente acontecer\u00e1 ainda este ano. \u201cAs queixas aos planos de sa\u00fade s\u00e3o recorrentes\u201d<\/p>\n","protected":false},"author":2,"featured_media":0,"comment_status":"open","ping_status":"open","sticky":false,"template":"","format":"standard","meta":{"_acf_changed":false,"footnotes":""},"categories":[4766,6],"tags":[22],"class_list":{"0":"post-3054","1":"post","2":"type-post","3":"status-publish","4":"format-standard","6":"category-arquivo","7":"category-noticias","8":"tag-psol"},"acf":[],"yoast_head":"<!-- This site is optimized with the Yoast SEO plugin v26.5 - https:\/\/yoast.com\/wordpress\/plugins\/seo\/ -->\n<title>Por press\u00e3o do PSOL, planos de sa\u00fade voltam a ser debatidos na C\u00e2mara - PSOL 50<\/title>\n<meta name=\"robots\" content=\"index, follow, max-snippet:-1, max-image-preview:large, max-video-preview:-1\" \/>\n<link rel=\"canonical\" href=\"https:\/\/psol50.org.br\/por-pressao-do-psol-planos-de-saude-voltam-a-ser-debatidos-na-camara\/\" \/>\n<meta property=\"og:locale\" content=\"pt_BR\" \/>\n<meta property=\"og:type\" content=\"article\" \/>\n<meta property=\"og:title\" content=\"Por press\u00e3o do PSOL, planos de sa\u00fade voltam a ser debatidos na C\u00e2mara - PSOL 50\" \/>\n<meta property=\"og:description\" content=\"Audi\u00eancia p\u00fablica proposta por Ivan Valente acontecer\u00e1 ainda este ano. \u201cAs queixas aos planos de sa\u00fade s\u00e3o recorrentes\u201d\" \/>\n<meta property=\"og:url\" content=\"https:\/\/psol50.org.br\/por-pressao-do-psol-planos-de-saude-voltam-a-ser-debatidos-na-camara\/\" \/>\n<meta property=\"og:site_name\" content=\"PSOL 50\" \/>\n<meta property=\"article:publisher\" content=\"https:\/\/www.facebook.com\/psol50\" \/>\n<meta property=\"article:published_time\" content=\"2014-11-12T14:31:09+00:00\" \/>\n<meta property=\"og:image\" content=\"https:\/\/psol50.org.br\/inc\/uploads\/2018\/07\/capa.png\" \/>\n\t<meta property=\"og:image:width\" content=\"1350\" \/>\n\t<meta property=\"og:image:height\" content=\"900\" \/>\n\t<meta property=\"og:image:type\" content=\"image\/png\" \/>\n<meta name=\"author\" content=\"Comunica\u00e7\u00e3o PSOL\" \/>\n<meta name=\"twitter:card\" content=\"summary_large_image\" \/>\n<meta name=\"twitter:creator\" content=\"@psol50\" \/>\n<meta name=\"twitter:site\" content=\"@psol50\" \/>\n<meta name=\"twitter:label1\" content=\"Escrito por\" \/>\n\t<meta name=\"twitter:data1\" content=\"Comunica\u00e7\u00e3o PSOL\" \/>\n\t<meta name=\"twitter:label2\" content=\"Est. tempo de leitura\" \/>\n\t<meta name=\"twitter:data2\" content=\"2 minutos\" \/>\n<script type=\"application\/ld+json\" class=\"yoast-schema-graph\">{\"@context\":\"https:\/\/schema.org\",\"@graph\":[{\"@type\":\"Article\",\"@id\":\"https:\/\/psol50.org.br\/por-pressao-do-psol-planos-de-saude-voltam-a-ser-debatidos-na-camara\/#article\",\"isPartOf\":{\"@id\":\"https:\/\/psol50.org.br\/por-pressao-do-psol-planos-de-saude-voltam-a-ser-debatidos-na-camara\/\"},\"author\":{\"name\":\"Comunica\u00e7\u00e3o PSOL\",\"@id\":\"https:\/\/psol50.org.br\/#\/schema\/person\/475dfa57d0b815993c714c2e96491fcd\"},\"headline\":\"Por press\u00e3o do PSOL, planos de sa\u00fade voltam a ser debatidos na C\u00e2mara\",\"datePublished\":\"2014-11-12T14:31:09+00:00\",\"mainEntityOfPage\":{\"@id\":\"https:\/\/psol50.org.br\/por-pressao-do-psol-planos-de-saude-voltam-a-ser-debatidos-na-camara\/\"},\"wordCount\":368,\"commentCount\":0,\"publisher\":{\"@id\":\"https:\/\/psol50.org.br\/#organization\"},\"keywords\":[\"PSOL\"],\"articleSection\":[\"Arquivo\",\"Not\u00edcias\"],\"inLanguage\":\"pt-BR\",\"potentialAction\":[{\"@type\":\"CommentAction\",\"name\":\"Comment\",\"target\":[\"https:\/\/psol50.org.br\/por-pressao-do-psol-planos-de-saude-voltam-a-ser-debatidos-na-camara\/#respond\"]}]},{\"@type\":\"WebPage\",\"@id\":\"https:\/\/psol50.org.br\/por-pressao-do-psol-planos-de-saude-voltam-a-ser-debatidos-na-camara\/\",\"url\":\"https:\/\/psol50.org.br\/por-pressao-do-psol-planos-de-saude-voltam-a-ser-debatidos-na-camara\/\",\"name\":\"Por press\u00e3o do PSOL, planos de sa\u00fade voltam a ser debatidos na C\u00e2mara - PSOL 50\",\"isPartOf\":{\"@id\":\"https:\/\/psol50.org.br\/#website\"},\"datePublished\":\"2014-11-12T14:31:09+00:00\",\"breadcrumb\":{\"@id\":\"https:\/\/psol50.org.br\/por-pressao-do-psol-planos-de-saude-voltam-a-ser-debatidos-na-camara\/#breadcrumb\"},\"inLanguage\":\"pt-BR\",\"potentialAction\":[{\"@type\":\"ReadAction\",\"target\":[\"https:\/\/psol50.org.br\/por-pressao-do-psol-planos-de-saude-voltam-a-ser-debatidos-na-camara\/\"]}]},{\"@type\":\"BreadcrumbList\",\"@id\":\"https:\/\/psol50.org.br\/por-pressao-do-psol-planos-de-saude-voltam-a-ser-debatidos-na-camara\/#breadcrumb\",\"itemListElement\":[{\"@type\":\"ListItem\",\"position\":1,\"name\":\"In\u00edcio\",\"item\":\"https:\/\/psol50.org.br\/\"},{\"@type\":\"ListItem\",\"position\":2,\"name\":\"Por press\u00e3o do PSOL, planos de sa\u00fade voltam a ser debatidos na C\u00e2mara\"}]},{\"@type\":\"WebSite\",\"@id\":\"https:\/\/psol50.org.br\/#website\",\"url\":\"https:\/\/psol50.org.br\/\",\"name\":\"PSOL 50\",\"description\":\"Site oficial do Partido Socialismo e Liberdade\",\"publisher\":{\"@id\":\"https:\/\/psol50.org.br\/#organization\"},\"alternateName\":\"PSOL50\",\"potentialAction\":[{\"@type\":\"SearchAction\",\"target\":{\"@type\":\"EntryPoint\",\"urlTemplate\":\"https:\/\/psol50.org.br\/?s={search_term_string}\"},\"query-input\":{\"@type\":\"PropertyValueSpecification\",\"valueRequired\":true,\"valueName\":\"search_term_string\"}}],\"inLanguage\":\"pt-BR\"},{\"@type\":\"Organization\",\"@id\":\"https:\/\/psol50.org.br\/#organization\",\"name\":\"PSOL 50\",\"alternateName\":\"PSOL 50\",\"url\":\"https:\/\/psol50.org.br\/\",\"logo\":{\"@type\":\"ImageObject\",\"inLanguage\":\"pt-BR\",\"@id\":\"https:\/\/psol50.org.br\/#\/schema\/logo\/image\/\",\"url\":\"https:\/\/psol50.org.br\/inc\/uploads\/2018\/07\/capa.png\",\"contentUrl\":\"https:\/\/psol50.org.br\/inc\/uploads\/2018\/07\/capa.png\",\"width\":1350,\"height\":900,\"caption\":\"PSOL 50\"},\"image\":{\"@id\":\"https:\/\/psol50.org.br\/#\/schema\/logo\/image\/\"},\"sameAs\":[\"https:\/\/www.facebook.com\/psol50\",\"https:\/\/x.com\/psol50\",\"https:\/\/www.instagram.com\/psol50\/\",\"https:\/\/www.youtube.com\/channel\/UC7SnJS5o1os7a6CaiNabzcg\"]},{\"@type\":\"Person\",\"@id\":\"https:\/\/psol50.org.br\/#\/schema\/person\/475dfa57d0b815993c714c2e96491fcd\",\"name\":\"Comunica\u00e7\u00e3o PSOL\",\"image\":{\"@type\":\"ImageObject\",\"inLanguage\":\"pt-BR\",\"@id\":\"https:\/\/psol50.org.br\/#\/schema\/person\/image\/\",\"url\":\"https:\/\/secure.gravatar.com\/avatar\/b34fc4f4e468a4e51785917065a3db57b841f5c95dba6ad8c73aaf8f66f8f9bf?s=96&d=mm&r=g\",\"contentUrl\":\"https:\/\/secure.gravatar.com\/avatar\/b34fc4f4e468a4e51785917065a3db57b841f5c95dba6ad8c73aaf8f66f8f9bf?s=96&d=mm&r=g\",\"caption\":\"Comunica\u00e7\u00e3o PSOL\"}}]}<\/script>\n<!-- \/ Yoast SEO plugin. -->","yoast_head_json":{"title":"Por press\u00e3o do PSOL, planos de sa\u00fade voltam a ser debatidos na C\u00e2mara - PSOL 50","robots":{"index":"index","follow":"follow","max-snippet":"max-snippet:-1","max-image-preview":"max-image-preview:large","max-video-preview":"max-video-preview:-1"},"canonical":"https:\/\/psol50.org.br\/por-pressao-do-psol-planos-de-saude-voltam-a-ser-debatidos-na-camara\/","og_locale":"pt_BR","og_type":"article","og_title":"Por press\u00e3o do PSOL, planos de sa\u00fade voltam a ser debatidos na C\u00e2mara - PSOL 50","og_description":"Audi\u00eancia p\u00fablica proposta por Ivan Valente acontecer\u00e1 ainda este ano. \u201cAs queixas aos planos de sa\u00fade s\u00e3o recorrentes\u201d","og_url":"https:\/\/psol50.org.br\/por-pressao-do-psol-planos-de-saude-voltam-a-ser-debatidos-na-camara\/","og_site_name":"PSOL 50","article_publisher":"https:\/\/www.facebook.com\/psol50","article_published_time":"2014-11-12T14:31:09+00:00","og_image":[{"width":1350,"height":900,"url":"https:\/\/psol50.org.br\/inc\/uploads\/2018\/07\/capa.png","type":"image\/png"}],"author":"Comunica\u00e7\u00e3o PSOL","twitter_card":"summary_large_image","twitter_creator":"@psol50","twitter_site":"@psol50","twitter_misc":{"Escrito por":"Comunica\u00e7\u00e3o PSOL","Est. tempo de leitura":"2 minutos"},"schema":{"@context":"https:\/\/schema.org","@graph":[{"@type":"Article","@id":"https:\/\/psol50.org.br\/por-pressao-do-psol-planos-de-saude-voltam-a-ser-debatidos-na-camara\/#article","isPartOf":{"@id":"https:\/\/psol50.org.br\/por-pressao-do-psol-planos-de-saude-voltam-a-ser-debatidos-na-camara\/"},"author":{"name":"Comunica\u00e7\u00e3o PSOL","@id":"https:\/\/psol50.org.br\/#\/schema\/person\/475dfa57d0b815993c714c2e96491fcd"},"headline":"Por press\u00e3o do PSOL, planos de sa\u00fade voltam a ser debatidos na C\u00e2mara","datePublished":"2014-11-12T14:31:09+00:00","mainEntityOfPage":{"@id":"https:\/\/psol50.org.br\/por-pressao-do-psol-planos-de-saude-voltam-a-ser-debatidos-na-camara\/"},"wordCount":368,"commentCount":0,"publisher":{"@id":"https:\/\/psol50.org.br\/#organization"},"keywords":["PSOL"],"articleSection":["Arquivo","Not\u00edcias"],"inLanguage":"pt-BR","potentialAction":[{"@type":"CommentAction","name":"Comment","target":["https:\/\/psol50.org.br\/por-pressao-do-psol-planos-de-saude-voltam-a-ser-debatidos-na-camara\/#respond"]}]},{"@type":"WebPage","@id":"https:\/\/psol50.org.br\/por-pressao-do-psol-planos-de-saude-voltam-a-ser-debatidos-na-camara\/","url":"https:\/\/psol50.org.br\/por-pressao-do-psol-planos-de-saude-voltam-a-ser-debatidos-na-camara\/","name":"Por press\u00e3o do PSOL, planos de sa\u00fade voltam a ser debatidos na C\u00e2mara - PSOL 50","isPartOf":{"@id":"https:\/\/psol50.org.br\/#website"},"datePublished":"2014-11-12T14:31:09+00:00","breadcrumb":{"@id":"https:\/\/psol50.org.br\/por-pressao-do-psol-planos-de-saude-voltam-a-ser-debatidos-na-camara\/#breadcrumb"},"inLanguage":"pt-BR","potentialAction":[{"@type":"ReadAction","target":["https:\/\/psol50.org.br\/por-pressao-do-psol-planos-de-saude-voltam-a-ser-debatidos-na-camara\/"]}]},{"@type":"BreadcrumbList","@id":"https:\/\/psol50.org.br\/por-pressao-do-psol-planos-de-saude-voltam-a-ser-debatidos-na-camara\/#breadcrumb","itemListElement":[{"@type":"ListItem","position":1,"name":"In\u00edcio","item":"https:\/\/psol50.org.br\/"},{"@type":"ListItem","position":2,"name":"Por press\u00e3o do PSOL, planos de sa\u00fade voltam a ser debatidos na C\u00e2mara"}]},{"@type":"WebSite","@id":"https:\/\/psol50.org.br\/#website","url":"https:\/\/psol50.org.br\/","name":"PSOL 50","description":"Site oficial do Partido Socialismo e Liberdade","publisher":{"@id":"https:\/\/psol50.org.br\/#organization"},"alternateName":"PSOL50","potentialAction":[{"@type":"SearchAction","target":{"@type":"EntryPoint","urlTemplate":"https:\/\/psol50.org.br\/?s={search_term_string}"},"query-input":{"@type":"PropertyValueSpecification","valueRequired":true,"valueName":"search_term_string"}}],"inLanguage":"pt-BR"},{"@type":"Organization","@id":"https:\/\/psol50.org.br\/#organization","name":"PSOL 50","alternateName":"PSOL 50","url":"https:\/\/psol50.org.br\/","logo":{"@type":"ImageObject","inLanguage":"pt-BR","@id":"https:\/\/psol50.org.br\/#\/schema\/logo\/image\/","url":"https:\/\/psol50.org.br\/inc\/uploads\/2018\/07\/capa.png","contentUrl":"https:\/\/psol50.org.br\/inc\/uploads\/2018\/07\/capa.png","width":1350,"height":900,"caption":"PSOL 50"},"image":{"@id":"https:\/\/psol50.org.br\/#\/schema\/logo\/image\/"},"sameAs":["https:\/\/www.facebook.com\/psol50","https:\/\/x.com\/psol50","https:\/\/www.instagram.com\/psol50\/","https:\/\/www.youtube.com\/channel\/UC7SnJS5o1os7a6CaiNabzcg"]},{"@type":"Person","@id":"https:\/\/psol50.org.br\/#\/schema\/person\/475dfa57d0b815993c714c2e96491fcd","name":"Comunica\u00e7\u00e3o PSOL","image":{"@type":"ImageObject","inLanguage":"pt-BR","@id":"https:\/\/psol50.org.br\/#\/schema\/person\/image\/","url":"https:\/\/secure.gravatar.com\/avatar\/b34fc4f4e468a4e51785917065a3db57b841f5c95dba6ad8c73aaf8f66f8f9bf?s=96&d=mm&r=g","contentUrl":"https:\/\/secure.gravatar.com\/avatar\/b34fc4f4e468a4e51785917065a3db57b841f5c95dba6ad8c73aaf8f66f8f9bf?s=96&d=mm&r=g","caption":"Comunica\u00e7\u00e3o PSOL"}}]}},"_links":{"self":[{"href":"https:\/\/psol50.org.br\/rest\/wp\/v2\/posts\/3054","targetHints":{"allow":["GET"]}}],"collection":[{"href":"https:\/\/psol50.org.br\/rest\/wp\/v2\/posts"}],"about":[{"href":"https:\/\/psol50.org.br\/rest\/wp\/v2\/types\/post"}],"author":[{"embeddable":true,"href":"https:\/\/psol50.org.br\/rest\/wp\/v2\/users\/2"}],"replies":[{"embeddable":true,"href":"https:\/\/psol50.org.br\/rest\/wp\/v2\/comments?post=3054"}],"version-history":[{"count":0,"href":"https:\/\/psol50.org.br\/rest\/wp\/v2\/posts\/3054\/revisions"}],"wp:attachment":[{"href":"https:\/\/psol50.org.br\/rest\/wp\/v2\/media?parent=3054"}],"wp:term":[{"taxonomy":"category","embeddable":true,"href":"https:\/\/psol50.org.br\/rest\/wp\/v2\/categories?post=3054"},{"taxonomy":"post_tag","embeddable":true,"href":"https:\/\/psol50.org.br\/rest\/wp\/v2\/tags?post=3054"}],"curies":[{"name":"wp","href":"https:\/\/api.w.org\/{rel}","templated":true}]}}