{"id":3055,"date":"2014-11-12T00:00:00","date_gmt":"2014-11-12T16:34:03","guid":{"rendered":"http:\/\/psol50.org.br\/arquivo\/2014\/11\/12\/psol-exige-punicao-de-envolvidos-no-assassinato-de-43-estudantes-no-mexico\/"},"modified":"2014-11-12T00:00:00","modified_gmt":"2014-11-12T16:34:03","slug":"psol-exige-punicao-de-envolvidos-no-assassinato-de-43-estudantes-no-mexico","status":"publish","type":"post","link":"https:\/\/psol50.org.br\/psol-exige-punicao-de-envolvidos-no-assassinato-de-43-estudantes-no-mexico\/","title":{"rendered":"PSOL exige puni\u00e7\u00e3o de envolvidos no assassinato de 43 estudantes no M\u00e9xico"},"content":{"rendered":"<p style=\"margin-bottom: 0cm; text-align: justify;\">\n\t<span style=\"font-family:arial,helvetica,sans-serif;\"><span style=\"font-size: 12px;\"><em>Do PSOL Nacional, Leonor Costa<\/em><br \/>\n\t&nbsp;<br \/>\n\tA confirma\u00e7\u00e3o, na \u00faltima sexta-feira (07), do brutal assassinato dos 43 estudantes de Guerrero, estado do Sul do M\u00e9xico, estranhamente desaparecidos no dia 26 de setembro, deixou o mundo inteiro em choque diante de tamanha crueldade. Depois de mais de um m\u00eas sem not\u00edcias precisas sobre o que de fato teria ocorrido com os estudantes, seq\u00fcestrados quando seguiam para um protesto em Iguala contra as condi\u00e7\u00f5es de ensino e para pedir doa\u00e7\u00f5es aos seus centros de ensino, finalmente o pa\u00eds recebeu a tr\u00e1gica confirma\u00e7\u00e3o, pelos pr\u00f3prios autores do crime, de que as v\u00edtimas foram assassinadas. Os tr\u00eas pistoleiros confessaram ao procurador-geral do M\u00e9xico, Jesus Murillo, que investiga o caso, que o governo e a pol\u00edcia tiveram envolvimento direto na chacina. Ao que tudo indica, os tr\u00eas assassinos fazem parte do cartel de drogas chamado &#8220;Guerreiros Unidos&#8221;.<br \/>\n\t&nbsp;<br \/>\n\tOs corpos das v\u00edtimas foram queimados por mais de 12 horas e depois jogados num rio, dentro de sacos pl\u00e1sticos. Por isso, segundo o promotor, ser\u00e1 dif\u00edcil identificar cada um dos estudantes. &nbsp;&nbsp;<br \/>\n\t&nbsp;<br \/>\n\tNa reuni\u00e3o da Executiva Nacional, realizada na \u00faltima segunda-feira (10), o PSOL aprovou uma mo\u00e7\u00e3o em apoio ao povo mexicano pelo fato lament\u00e1vel. No documento, o partido exige que os envolvidos sejam severamente punidos e tamb\u00e9m manifesta <\/span><\/span><font size=\"2\">seu profundo rep\u00fadio \u00e0 viol\u00eancia institucionalizada e comandada conscientemente pelos agentes p\u00fablicos no M\u00e9xico<\/font>.&nbsp;<\/p>\n<p style=\"margin-bottom: 0cm; text-align: justify;\">\n\t<font size=\"2\">&#8220;Este caso absurdo demonstra, primeiramente, o quanto a viol\u00eancia contra o povo pobre e trabalhador \u00e9 uma constante em diversas partes do mundo, especialmente nas periferias. Demonstra tamb\u00e9m a escalada de viol\u00eancia no M\u00e9xico ap\u00f3s a vit\u00f3ria de Enrique Pe\u00f1a Nieto nas \u00faltimas elei\u00e7\u00f5es presidenciais, um presidente com vasto hist\u00f3rico de repress\u00e3o aos movimentos sociais&#8221;, avalia a mo\u00e7\u00e3o. <\/font><\/p>\n<p>\t<span style=\"font-family:arial,helvetica,sans-serif;\"><span style=\"font-size: 12px;\">Para o presidente nacional do PSOL, Luiz Ara\u00fajo, o que ocorreu no M\u00e9xico precisa ser investigado para que haja total esclarecimento dos fatos. \u201cInfelizmente, essa realidade de viol\u00eancia contra a juventude \u00e9 comum em todo o mundo e tamb\u00e9m na Am\u00e9rica Latina, em especial nas periferias. Nos solidarizamos com o povo mexicano, com as fam\u00edlias dos 43 estudantes e com todos que sofrem com a repress\u00e3o do estado\u201d, ressalta Luiz Ara\u00fajo.<br \/>\n\t&nbsp;<br \/>\n\tO militante do PSOL e dirigente da UNE (Uni\u00e3o Nacional dos Estudantes) pela Oposi\u00e7\u00e3o de Esquerda, Kau\u00ea Scarim, avalia que o ocorrido no M\u00e9xico \u00e9 uma representa\u00e7\u00e3o da barb\u00e1rie contempor\u00e2nea, que acontece em diversas partes do mundo, com a jun\u00e7\u00e3o de interesses entre o crime organizado e fra\u00e7\u00f5es do poder p\u00fablico, com o seu bra\u00e7o armado nas pol\u00edcias. \u201cO caso, que nos choca, \u00e9 exemplo da criminaliza\u00e7\u00e3o a movimentos sociais e, principalmente, do exterm\u00ednio \u00e0 juventude das periferias e ao povo pobre\u201d, explica.<br \/>\n\t&nbsp;<br \/>\n\tSegundo o militante, a juventude, os estudantes brasileiros e a UNE est\u00e3o solid\u00e1rios com a luta no M\u00e9xico e com as fam\u00edlias dos estudantes. \u201cRepudiamos com veem\u00eancia o crime ocorrido e exigimos puni\u00e7\u00e3o aos envolvidos\u201d, finaliza.<br \/>\n\t&nbsp;<br \/>\n\tConfira abaixo a \u00edntegra da mo\u00e7\u00e3o, aprovada pela Executiva.<\/span><\/span><\/p>\n<p>\t<font size=\"2\"><b>Mo\u00e7\u00e3o <\/b><\/font><font size=\"2\"><b>d<\/b><\/font><font size=\"2\"><b>e <\/b><\/font><font size=\"2\"><b>re<\/b><\/font><font size=\"2\"><b>p\u00fadio <\/b><\/font><font size=\"2\"><b>\u00e0<\/b><\/font><font size=\"2\"><b> <\/b><\/font><font size=\"2\"><b>v<\/b><\/font><font size=\"2\"><b>iol\u00eancia <\/b><\/font><font size=\"2\"><b>c<\/b><\/font><font size=\"2\"><b>ontra <\/b><\/font><font size=\"2\"><b>a<\/b><\/font><font size=\"2\"><b> <\/b><\/font><font size=\"2\"><b>j<\/b><\/font><font size=\"2\"><b>uventude <\/b><\/font><font size=\"2\"><b>m<\/b><\/font><font size=\"2\"><b>exicana<\/b><br \/>\n\tNo \u00faltimo dia 26 de setembro, o mundo ficou estarrecido com o desaparecimento de 43 estudantes de Guerrero, estado do <\/font><font size=\"2\">sul <\/font><font size=\"2\">M\u00e9xico, ap\u00f3s brutal repress\u00e3o policial a um ato pac\u00edfico com o objetivo de coletar recursos para o financiamento de seus estudos.<\/p>\n<p>\tEsses estudantes foram sequestrados por bandos armados e vinculados a um esquema que envolve a pol\u00edcia, o crime organizado e as elites pol\u00edticas locais, incluindo o prefeito da cidade de Iguala, onde ocorreu o protesto. Alguns dias depois, tr\u00eas pistoleiros ligados ao narcotr\u00e1fico confessaram que, sob ordens diretas de agentes p\u00fablicos do estado, assassinaram e incineraram os 43 estudantes e, posteriormente, os jogaram em um rio.<\/p>\n<p>\tEste caso absurdo demonstra, primeiramente, o quanto a viol\u00eancia contra o povo pobre e trabalhador \u00e9 uma constante em diversas partes do mundo, especialmente nas periferias. Demonstra tamb\u00e9m a escalada de viol\u00eancia no M\u00e9xico ap\u00f3s a vit\u00f3ria de Enrique Pe\u00f1a Nieto nas \u00faltimas elei\u00e7\u00f5es presidenciais, um presidente com vasto hist\u00f3rico de repress\u00e3o aos movimentos sociais.<\/p>\n<p>\tO PSOL exige puni\u00e7\u00e3o de todos os envolvidos, manifesta seu profundo rep\u00fadio \u00e0 viol\u00eancia institucionalizada e comandada conscientemente pelos agentes p\u00fablicos no M\u00e9xico e reafirma seu compromisso com a luta de todos os estudantes por uma Am\u00e9rica Latina livre e soberana.<\/font><\/p>\n<p>\t<font size=\"2\"><strong>Bras\u00edlia, 10 de novembro de 2014<\/strong><\/font><br \/>\n\t<strong><font size=\"2\">Executiva Nacional do PSOL<\/font><\/strong><\/p>\n<p style=\"text-align: justify;\">\n\t<br \/>\n\t<span style=\"font-family:arial,helvetica,sans-serif;\"><span style=\"font-size: 12px;\">&nbsp;<\/span><\/span><\/p>\n","protected":false},"excerpt":{"rendered":"<p>Partido se solidariza com o povo mexicano, com as fam\u00edlias dos 43 estudantes e com todos que sofrem com a repress\u00e3o do estado<\/p>\n","protected":false},"author":2,"featured_media":0,"comment_status":"open","ping_status":"open","sticky":false,"template":"","format":"standard","meta":{"_acf_changed":false,"footnotes":""},"categories":[4766,6],"tags":[22],"class_list":{"0":"post-3055","1":"post","2":"type-post","3":"status-publish","4":"format-standard","6":"category-arquivo","7":"category-noticias","8":"tag-psol"},"acf":[],"yoast_head":"<!-- This site is optimized with the Yoast SEO plugin v26.5 - https:\/\/yoast.com\/wordpress\/plugins\/seo\/ -->\n<title>PSOL exige puni\u00e7\u00e3o de envolvidos no assassinato de 43 estudantes no M\u00e9xico - PSOL 50<\/title>\n<meta name=\"robots\" content=\"index, follow, max-snippet:-1, max-image-preview:large, max-video-preview:-1\" \/>\n<link rel=\"canonical\" href=\"https:\/\/psol50.org.br\/psol-exige-punicao-de-envolvidos-no-assassinato-de-43-estudantes-no-mexico\/\" \/>\n<meta property=\"og:locale\" content=\"pt_BR\" \/>\n<meta property=\"og:type\" content=\"article\" \/>\n<meta property=\"og:title\" content=\"PSOL exige puni\u00e7\u00e3o de envolvidos no assassinato de 43 estudantes no M\u00e9xico - PSOL 50\" \/>\n<meta property=\"og:description\" content=\"Partido se solidariza com o povo mexicano, com as fam\u00edlias dos 43 estudantes e com todos que sofrem com a repress\u00e3o do estado\" \/>\n<meta property=\"og:url\" content=\"https:\/\/psol50.org.br\/psol-exige-punicao-de-envolvidos-no-assassinato-de-43-estudantes-no-mexico\/\" \/>\n<meta property=\"og:site_name\" content=\"PSOL 50\" \/>\n<meta property=\"article:publisher\" content=\"https:\/\/www.facebook.com\/psol50\" \/>\n<meta property=\"article:published_time\" content=\"2014-11-12T16:34:03+00:00\" \/>\n<meta property=\"og:image\" content=\"https:\/\/psol50.org.br\/inc\/uploads\/2018\/07\/capa.png\" \/>\n\t<meta property=\"og:image:width\" content=\"1350\" \/>\n\t<meta property=\"og:image:height\" content=\"900\" \/>\n\t<meta property=\"og:image:type\" content=\"image\/png\" \/>\n<meta name=\"author\" content=\"Comunica\u00e7\u00e3o PSOL\" \/>\n<meta name=\"twitter:card\" content=\"summary_large_image\" \/>\n<meta name=\"twitter:creator\" content=\"@psol50\" \/>\n<meta name=\"twitter:site\" content=\"@psol50\" \/>\n<meta name=\"twitter:label1\" content=\"Escrito por\" \/>\n\t<meta name=\"twitter:data1\" content=\"Comunica\u00e7\u00e3o PSOL\" \/>\n\t<meta name=\"twitter:label2\" content=\"Est. tempo de leitura\" \/>\n\t<meta name=\"twitter:data2\" content=\"4 minutos\" \/>\n<script type=\"application\/ld+json\" class=\"yoast-schema-graph\">{\"@context\":\"https:\/\/schema.org\",\"@graph\":[{\"@type\":\"Article\",\"@id\":\"https:\/\/psol50.org.br\/psol-exige-punicao-de-envolvidos-no-assassinato-de-43-estudantes-no-mexico\/#article\",\"isPartOf\":{\"@id\":\"https:\/\/psol50.org.br\/psol-exige-punicao-de-envolvidos-no-assassinato-de-43-estudantes-no-mexico\/\"},\"author\":{\"name\":\"Comunica\u00e7\u00e3o PSOL\",\"@id\":\"https:\/\/psol50.org.br\/#\/schema\/person\/475dfa57d0b815993c714c2e96491fcd\"},\"headline\":\"PSOL exige puni\u00e7\u00e3o de envolvidos no assassinato de 43 estudantes no M\u00e9xico\",\"datePublished\":\"2014-11-12T16:34:03+00:00\",\"mainEntityOfPage\":{\"@id\":\"https:\/\/psol50.org.br\/psol-exige-punicao-de-envolvidos-no-assassinato-de-43-estudantes-no-mexico\/\"},\"wordCount\":808,\"commentCount\":0,\"publisher\":{\"@id\":\"https:\/\/psol50.org.br\/#organization\"},\"keywords\":[\"PSOL\"],\"articleSection\":[\"Arquivo\",\"Not\u00edcias\"],\"inLanguage\":\"pt-BR\",\"potentialAction\":[{\"@type\":\"CommentAction\",\"name\":\"Comment\",\"target\":[\"https:\/\/psol50.org.br\/psol-exige-punicao-de-envolvidos-no-assassinato-de-43-estudantes-no-mexico\/#respond\"]}]},{\"@type\":\"WebPage\",\"@id\":\"https:\/\/psol50.org.br\/psol-exige-punicao-de-envolvidos-no-assassinato-de-43-estudantes-no-mexico\/\",\"url\":\"https:\/\/psol50.org.br\/psol-exige-punicao-de-envolvidos-no-assassinato-de-43-estudantes-no-mexico\/\",\"name\":\"PSOL exige puni\u00e7\u00e3o de envolvidos no assassinato de 43 estudantes no M\u00e9xico - PSOL 50\",\"isPartOf\":{\"@id\":\"https:\/\/psol50.org.br\/#website\"},\"datePublished\":\"2014-11-12T16:34:03+00:00\",\"breadcrumb\":{\"@id\":\"https:\/\/psol50.org.br\/psol-exige-punicao-de-envolvidos-no-assassinato-de-43-estudantes-no-mexico\/#breadcrumb\"},\"inLanguage\":\"pt-BR\",\"potentialAction\":[{\"@type\":\"ReadAction\",\"target\":[\"https:\/\/psol50.org.br\/psol-exige-punicao-de-envolvidos-no-assassinato-de-43-estudantes-no-mexico\/\"]}]},{\"@type\":\"BreadcrumbList\",\"@id\":\"https:\/\/psol50.org.br\/psol-exige-punicao-de-envolvidos-no-assassinato-de-43-estudantes-no-mexico\/#breadcrumb\",\"itemListElement\":[{\"@type\":\"ListItem\",\"position\":1,\"name\":\"In\u00edcio\",\"item\":\"https:\/\/psol50.org.br\/\"},{\"@type\":\"ListItem\",\"position\":2,\"name\":\"PSOL exige puni\u00e7\u00e3o de envolvidos no assassinato de 43 estudantes no M\u00e9xico\"}]},{\"@type\":\"WebSite\",\"@id\":\"https:\/\/psol50.org.br\/#website\",\"url\":\"https:\/\/psol50.org.br\/\",\"name\":\"PSOL 50\",\"description\":\"Site oficial do Partido Socialismo e Liberdade\",\"publisher\":{\"@id\":\"https:\/\/psol50.org.br\/#organization\"},\"alternateName\":\"PSOL50\",\"potentialAction\":[{\"@type\":\"SearchAction\",\"target\":{\"@type\":\"EntryPoint\",\"urlTemplate\":\"https:\/\/psol50.org.br\/?s={search_term_string}\"},\"query-input\":{\"@type\":\"PropertyValueSpecification\",\"valueRequired\":true,\"valueName\":\"search_term_string\"}}],\"inLanguage\":\"pt-BR\"},{\"@type\":\"Organization\",\"@id\":\"https:\/\/psol50.org.br\/#organization\",\"name\":\"PSOL 50\",\"alternateName\":\"PSOL 50\",\"url\":\"https:\/\/psol50.org.br\/\",\"logo\":{\"@type\":\"ImageObject\",\"inLanguage\":\"pt-BR\",\"@id\":\"https:\/\/psol50.org.br\/#\/schema\/logo\/image\/\",\"url\":\"https:\/\/psol50.org.br\/inc\/uploads\/2018\/07\/capa.png\",\"contentUrl\":\"https:\/\/psol50.org.br\/inc\/uploads\/2018\/07\/capa.png\",\"width\":1350,\"height\":900,\"caption\":\"PSOL 50\"},\"image\":{\"@id\":\"https:\/\/psol50.org.br\/#\/schema\/logo\/image\/\"},\"sameAs\":[\"https:\/\/www.facebook.com\/psol50\",\"https:\/\/x.com\/psol50\",\"https:\/\/www.instagram.com\/psol50\/\",\"https:\/\/www.youtube.com\/channel\/UC7SnJS5o1os7a6CaiNabzcg\"]},{\"@type\":\"Person\",\"@id\":\"https:\/\/psol50.org.br\/#\/schema\/person\/475dfa57d0b815993c714c2e96491fcd\",\"name\":\"Comunica\u00e7\u00e3o PSOL\",\"image\":{\"@type\":\"ImageObject\",\"inLanguage\":\"pt-BR\",\"@id\":\"https:\/\/psol50.org.br\/#\/schema\/person\/image\/\",\"url\":\"https:\/\/secure.gravatar.com\/avatar\/b34fc4f4e468a4e51785917065a3db57b841f5c95dba6ad8c73aaf8f66f8f9bf?s=96&d=mm&r=g\",\"contentUrl\":\"https:\/\/secure.gravatar.com\/avatar\/b34fc4f4e468a4e51785917065a3db57b841f5c95dba6ad8c73aaf8f66f8f9bf?s=96&d=mm&r=g\",\"caption\":\"Comunica\u00e7\u00e3o PSOL\"}}]}<\/script>\n<!-- \/ Yoast SEO plugin. -->","yoast_head_json":{"title":"PSOL exige puni\u00e7\u00e3o de envolvidos no assassinato de 43 estudantes no M\u00e9xico - PSOL 50","robots":{"index":"index","follow":"follow","max-snippet":"max-snippet:-1","max-image-preview":"max-image-preview:large","max-video-preview":"max-video-preview:-1"},"canonical":"https:\/\/psol50.org.br\/psol-exige-punicao-de-envolvidos-no-assassinato-de-43-estudantes-no-mexico\/","og_locale":"pt_BR","og_type":"article","og_title":"PSOL exige puni\u00e7\u00e3o de envolvidos no assassinato de 43 estudantes no M\u00e9xico - PSOL 50","og_description":"Partido se solidariza com o povo mexicano, com as fam\u00edlias dos 43 estudantes e com todos que sofrem com a repress\u00e3o do estado","og_url":"https:\/\/psol50.org.br\/psol-exige-punicao-de-envolvidos-no-assassinato-de-43-estudantes-no-mexico\/","og_site_name":"PSOL 50","article_publisher":"https:\/\/www.facebook.com\/psol50","article_published_time":"2014-11-12T16:34:03+00:00","og_image":[{"width":1350,"height":900,"url":"https:\/\/psol50.org.br\/inc\/uploads\/2018\/07\/capa.png","type":"image\/png"}],"author":"Comunica\u00e7\u00e3o PSOL","twitter_card":"summary_large_image","twitter_creator":"@psol50","twitter_site":"@psol50","twitter_misc":{"Escrito por":"Comunica\u00e7\u00e3o PSOL","Est. tempo de leitura":"4 minutos"},"schema":{"@context":"https:\/\/schema.org","@graph":[{"@type":"Article","@id":"https:\/\/psol50.org.br\/psol-exige-punicao-de-envolvidos-no-assassinato-de-43-estudantes-no-mexico\/#article","isPartOf":{"@id":"https:\/\/psol50.org.br\/psol-exige-punicao-de-envolvidos-no-assassinato-de-43-estudantes-no-mexico\/"},"author":{"name":"Comunica\u00e7\u00e3o PSOL","@id":"https:\/\/psol50.org.br\/#\/schema\/person\/475dfa57d0b815993c714c2e96491fcd"},"headline":"PSOL exige puni\u00e7\u00e3o de envolvidos no assassinato de 43 estudantes no M\u00e9xico","datePublished":"2014-11-12T16:34:03+00:00","mainEntityOfPage":{"@id":"https:\/\/psol50.org.br\/psol-exige-punicao-de-envolvidos-no-assassinato-de-43-estudantes-no-mexico\/"},"wordCount":808,"commentCount":0,"publisher":{"@id":"https:\/\/psol50.org.br\/#organization"},"keywords":["PSOL"],"articleSection":["Arquivo","Not\u00edcias"],"inLanguage":"pt-BR","potentialAction":[{"@type":"CommentAction","name":"Comment","target":["https:\/\/psol50.org.br\/psol-exige-punicao-de-envolvidos-no-assassinato-de-43-estudantes-no-mexico\/#respond"]}]},{"@type":"WebPage","@id":"https:\/\/psol50.org.br\/psol-exige-punicao-de-envolvidos-no-assassinato-de-43-estudantes-no-mexico\/","url":"https:\/\/psol50.org.br\/psol-exige-punicao-de-envolvidos-no-assassinato-de-43-estudantes-no-mexico\/","name":"PSOL exige puni\u00e7\u00e3o de envolvidos no assassinato de 43 estudantes no M\u00e9xico - PSOL 50","isPartOf":{"@id":"https:\/\/psol50.org.br\/#website"},"datePublished":"2014-11-12T16:34:03+00:00","breadcrumb":{"@id":"https:\/\/psol50.org.br\/psol-exige-punicao-de-envolvidos-no-assassinato-de-43-estudantes-no-mexico\/#breadcrumb"},"inLanguage":"pt-BR","potentialAction":[{"@type":"ReadAction","target":["https:\/\/psol50.org.br\/psol-exige-punicao-de-envolvidos-no-assassinato-de-43-estudantes-no-mexico\/"]}]},{"@type":"BreadcrumbList","@id":"https:\/\/psol50.org.br\/psol-exige-punicao-de-envolvidos-no-assassinato-de-43-estudantes-no-mexico\/#breadcrumb","itemListElement":[{"@type":"ListItem","position":1,"name":"In\u00edcio","item":"https:\/\/psol50.org.br\/"},{"@type":"ListItem","position":2,"name":"PSOL exige puni\u00e7\u00e3o de envolvidos no assassinato de 43 estudantes no M\u00e9xico"}]},{"@type":"WebSite","@id":"https:\/\/psol50.org.br\/#website","url":"https:\/\/psol50.org.br\/","name":"PSOL 50","description":"Site oficial do Partido Socialismo e Liberdade","publisher":{"@id":"https:\/\/psol50.org.br\/#organization"},"alternateName":"PSOL50","potentialAction":[{"@type":"SearchAction","target":{"@type":"EntryPoint","urlTemplate":"https:\/\/psol50.org.br\/?s={search_term_string}"},"query-input":{"@type":"PropertyValueSpecification","valueRequired":true,"valueName":"search_term_string"}}],"inLanguage":"pt-BR"},{"@type":"Organization","@id":"https:\/\/psol50.org.br\/#organization","name":"PSOL 50","alternateName":"PSOL 50","url":"https:\/\/psol50.org.br\/","logo":{"@type":"ImageObject","inLanguage":"pt-BR","@id":"https:\/\/psol50.org.br\/#\/schema\/logo\/image\/","url":"https:\/\/psol50.org.br\/inc\/uploads\/2018\/07\/capa.png","contentUrl":"https:\/\/psol50.org.br\/inc\/uploads\/2018\/07\/capa.png","width":1350,"height":900,"caption":"PSOL 50"},"image":{"@id":"https:\/\/psol50.org.br\/#\/schema\/logo\/image\/"},"sameAs":["https:\/\/www.facebook.com\/psol50","https:\/\/x.com\/psol50","https:\/\/www.instagram.com\/psol50\/","https:\/\/www.youtube.com\/channel\/UC7SnJS5o1os7a6CaiNabzcg"]},{"@type":"Person","@id":"https:\/\/psol50.org.br\/#\/schema\/person\/475dfa57d0b815993c714c2e96491fcd","name":"Comunica\u00e7\u00e3o PSOL","image":{"@type":"ImageObject","inLanguage":"pt-BR","@id":"https:\/\/psol50.org.br\/#\/schema\/person\/image\/","url":"https:\/\/secure.gravatar.com\/avatar\/b34fc4f4e468a4e51785917065a3db57b841f5c95dba6ad8c73aaf8f66f8f9bf?s=96&d=mm&r=g","contentUrl":"https:\/\/secure.gravatar.com\/avatar\/b34fc4f4e468a4e51785917065a3db57b841f5c95dba6ad8c73aaf8f66f8f9bf?s=96&d=mm&r=g","caption":"Comunica\u00e7\u00e3o PSOL"}}]}},"_links":{"self":[{"href":"https:\/\/psol50.org.br\/rest\/wp\/v2\/posts\/3055","targetHints":{"allow":["GET"]}}],"collection":[{"href":"https:\/\/psol50.org.br\/rest\/wp\/v2\/posts"}],"about":[{"href":"https:\/\/psol50.org.br\/rest\/wp\/v2\/types\/post"}],"author":[{"embeddable":true,"href":"https:\/\/psol50.org.br\/rest\/wp\/v2\/users\/2"}],"replies":[{"embeddable":true,"href":"https:\/\/psol50.org.br\/rest\/wp\/v2\/comments?post=3055"}],"version-history":[{"count":0,"href":"https:\/\/psol50.org.br\/rest\/wp\/v2\/posts\/3055\/revisions"}],"wp:attachment":[{"href":"https:\/\/psol50.org.br\/rest\/wp\/v2\/media?parent=3055"}],"wp:term":[{"taxonomy":"category","embeddable":true,"href":"https:\/\/psol50.org.br\/rest\/wp\/v2\/categories?post=3055"},{"taxonomy":"post_tag","embeddable":true,"href":"https:\/\/psol50.org.br\/rest\/wp\/v2\/tags?post=3055"}],"curies":[{"name":"wp","href":"https:\/\/api.w.org\/{rel}","templated":true}]}}