{"id":3056,"date":"2014-11-12T00:00:00","date_gmt":"2014-11-12T22:16:50","guid":{"rendered":"http:\/\/psol50.org.br\/arquivo\/2014\/11\/12\/psol-lamenta-morte-de-leandro-konder-o-fundador-n-101-do-partido\/"},"modified":"2014-11-12T00:00:00","modified_gmt":"2014-11-12T22:16:50","slug":"psol-lamenta-morte-de-leandro-konder-o-fundador-n-101-do-partido","status":"publish","type":"post","link":"https:\/\/psol50.org.br\/psol-lamenta-morte-de-leandro-konder-o-fundador-n-101-do-partido\/","title":{"rendered":"PSOL lamenta morte de Leandro Konder, o fundador n\u00b0 101 do partido"},"content":{"rendered":"<div style=\"margin-bottom: 0cm; text-align: justify;\">\n\t<span style=\"font-family:arial,helvetica,sans-serif;\"><span style=\"font-size: 12px;\">Leandro Konder, um dos mais importantes pensadores marxistas do Brasil, faleceu na tarde desta quarta-feira (12). Leandro Konder nasceu em 1936, em Petr\u00f3polis (RJ).<\/p>\n<p>\tFormado em Direito, Konder exilou-se em 1972, ap\u00f3s ser preso e torturado pelo regime militar, morou na Alemanha e depois na Fran\u00e7a at\u00e9 seu regresso ao Brasil em 1978. Doutorou-se em Filosofia em 1987 no Instituto de Filosofia e Ci\u00eancias Sociais da UFRJ. Era professor do Departamento de Educa\u00e7\u00e3o da PUC-RJ e do Departamento de Hist\u00f3ria da UFF. Konder sofria de Mal de Parkinson h\u00e1 muitos anos e veio a falecer em casa neste 12 de novembro.<\/p>\n<p>\tEx-militante do PCB e do PT, Konder foi o fundador n\u00famero 101 do PSOL. Nosso partido lamenta profundamente a perda de Leandro Konder e se solidariza com a dor de amigos e familiares. Seu legado pol\u00edtico e te\u00f3rico seguir\u00e1 conosco e com todos os que acreditam o socialismo.<\/p>\n<p>\tLeandro Konder: presente!<\/p>\n<p>\tExecutiva Nacional do PSOL<br \/>\n\tBras\u00edlia, 12 de novembro de 2014.<\/span><\/span><\/div>\n","protected":false},"excerpt":{"rendered":"<p>Leandro Konder, um dos mais importantes pensadores marxistas do Brasil, faleceu na tarde desta quarta-feira (12). Leandro Konder nasceu em 1936, em Petr\u00f3polis (RJ). Formado em Direito, Konder exilou-se em 1972, ap\u00f3s ser preso e torturado pelo regime militar, morou na Alemanha e depois na Fran\u00e7a at\u00e9 seu regresso ao Brasil em 1978. Doutorou-se em [&hellip;]<\/p>\n","protected":false},"author":2,"featured_media":0,"comment_status":"open","ping_status":"open","sticky":false,"template":"","format":"standard","meta":{"_acf_changed":false,"footnotes":""},"categories":[4766,6],"tags":[22],"class_list":{"0":"post-3056","1":"post","2":"type-post","3":"status-publish","4":"format-standard","6":"category-arquivo","7":"category-noticias","8":"tag-psol"},"acf":[],"yoast_head":"<!-- This site is optimized with the Yoast SEO plugin v26.5 - https:\/\/yoast.com\/wordpress\/plugins\/seo\/ -->\n<title>PSOL lamenta morte de Leandro Konder, o fundador n\u00b0 101 do partido - PSOL 50<\/title>\n<meta name=\"robots\" content=\"index, follow, max-snippet:-1, max-image-preview:large, max-video-preview:-1\" \/>\n<link rel=\"canonical\" href=\"https:\/\/psol50.org.br\/psol-lamenta-morte-de-leandro-konder-o-fundador-n-101-do-partido\/\" \/>\n<meta property=\"og:locale\" content=\"pt_BR\" \/>\n<meta property=\"og:type\" content=\"article\" \/>\n<meta property=\"og:title\" content=\"PSOL lamenta morte de Leandro Konder, o fundador n\u00b0 101 do partido - PSOL 50\" \/>\n<meta property=\"og:description\" content=\"Leandro Konder, um dos mais importantes pensadores marxistas do Brasil, faleceu na tarde desta quarta-feira (12). Leandro Konder nasceu em 1936, em Petr\u00f3polis (RJ). Formado em Direito, Konder exilou-se em 1972, ap\u00f3s ser preso e torturado pelo regime militar, morou na Alemanha e depois na Fran\u00e7a at\u00e9 seu regresso ao Brasil em 1978. Doutorou-se em [&hellip;]\" \/>\n<meta property=\"og:url\" content=\"https:\/\/psol50.org.br\/psol-lamenta-morte-de-leandro-konder-o-fundador-n-101-do-partido\/\" \/>\n<meta property=\"og:site_name\" content=\"PSOL 50\" \/>\n<meta property=\"article:publisher\" content=\"https:\/\/www.facebook.com\/psol50\" \/>\n<meta property=\"article:published_time\" content=\"2014-11-12T22:16:50+00:00\" \/>\n<meta property=\"og:image\" content=\"https:\/\/psol50.org.br\/inc\/uploads\/2018\/07\/capa.png\" \/>\n\t<meta property=\"og:image:width\" content=\"1350\" \/>\n\t<meta property=\"og:image:height\" content=\"900\" \/>\n\t<meta property=\"og:image:type\" content=\"image\/png\" \/>\n<meta name=\"author\" content=\"Comunica\u00e7\u00e3o PSOL\" \/>\n<meta name=\"twitter:card\" content=\"summary_large_image\" \/>\n<meta name=\"twitter:creator\" content=\"@psol50\" \/>\n<meta name=\"twitter:site\" content=\"@psol50\" \/>\n<meta name=\"twitter:label1\" content=\"Escrito por\" \/>\n\t<meta name=\"twitter:data1\" content=\"Comunica\u00e7\u00e3o PSOL\" \/>\n\t<meta name=\"twitter:label2\" content=\"Est. tempo de leitura\" \/>\n\t<meta name=\"twitter:data2\" content=\"1 minuto\" \/>\n<script type=\"application\/ld+json\" class=\"yoast-schema-graph\">{\"@context\":\"https:\/\/schema.org\",\"@graph\":[{\"@type\":\"Article\",\"@id\":\"https:\/\/psol50.org.br\/psol-lamenta-morte-de-leandro-konder-o-fundador-n-101-do-partido\/#article\",\"isPartOf\":{\"@id\":\"https:\/\/psol50.org.br\/psol-lamenta-morte-de-leandro-konder-o-fundador-n-101-do-partido\/\"},\"author\":{\"name\":\"Comunica\u00e7\u00e3o PSOL\",\"@id\":\"https:\/\/psol50.org.br\/#\/schema\/person\/475dfa57d0b815993c714c2e96491fcd\"},\"headline\":\"PSOL lamenta morte de Leandro Konder, o fundador n\u00b0 101 do partido\",\"datePublished\":\"2014-11-12T22:16:50+00:00\",\"mainEntityOfPage\":{\"@id\":\"https:\/\/psol50.org.br\/psol-lamenta-morte-de-leandro-konder-o-fundador-n-101-do-partido\/\"},\"wordCount\":174,\"commentCount\":0,\"publisher\":{\"@id\":\"https:\/\/psol50.org.br\/#organization\"},\"keywords\":[\"PSOL\"],\"articleSection\":[\"Arquivo\",\"Not\u00edcias\"],\"inLanguage\":\"pt-BR\",\"potentialAction\":[{\"@type\":\"CommentAction\",\"name\":\"Comment\",\"target\":[\"https:\/\/psol50.org.br\/psol-lamenta-morte-de-leandro-konder-o-fundador-n-101-do-partido\/#respond\"]}]},{\"@type\":\"WebPage\",\"@id\":\"https:\/\/psol50.org.br\/psol-lamenta-morte-de-leandro-konder-o-fundador-n-101-do-partido\/\",\"url\":\"https:\/\/psol50.org.br\/psol-lamenta-morte-de-leandro-konder-o-fundador-n-101-do-partido\/\",\"name\":\"PSOL lamenta morte de Leandro Konder, o fundador n\u00b0 101 do partido - PSOL 50\",\"isPartOf\":{\"@id\":\"https:\/\/psol50.org.br\/#website\"},\"datePublished\":\"2014-11-12T22:16:50+00:00\",\"breadcrumb\":{\"@id\":\"https:\/\/psol50.org.br\/psol-lamenta-morte-de-leandro-konder-o-fundador-n-101-do-partido\/#breadcrumb\"},\"inLanguage\":\"pt-BR\",\"potentialAction\":[{\"@type\":\"ReadAction\",\"target\":[\"https:\/\/psol50.org.br\/psol-lamenta-morte-de-leandro-konder-o-fundador-n-101-do-partido\/\"]}]},{\"@type\":\"BreadcrumbList\",\"@id\":\"https:\/\/psol50.org.br\/psol-lamenta-morte-de-leandro-konder-o-fundador-n-101-do-partido\/#breadcrumb\",\"itemListElement\":[{\"@type\":\"ListItem\",\"position\":1,\"name\":\"In\u00edcio\",\"item\":\"https:\/\/psol50.org.br\/\"},{\"@type\":\"ListItem\",\"position\":2,\"name\":\"PSOL lamenta morte de Leandro Konder, o fundador n\u00b0 101 do partido\"}]},{\"@type\":\"WebSite\",\"@id\":\"https:\/\/psol50.org.br\/#website\",\"url\":\"https:\/\/psol50.org.br\/\",\"name\":\"PSOL 50\",\"description\":\"Site oficial do Partido Socialismo e Liberdade\",\"publisher\":{\"@id\":\"https:\/\/psol50.org.br\/#organization\"},\"alternateName\":\"PSOL50\",\"potentialAction\":[{\"@type\":\"SearchAction\",\"target\":{\"@type\":\"EntryPoint\",\"urlTemplate\":\"https:\/\/psol50.org.br\/?s={search_term_string}\"},\"query-input\":{\"@type\":\"PropertyValueSpecification\",\"valueRequired\":true,\"valueName\":\"search_term_string\"}}],\"inLanguage\":\"pt-BR\"},{\"@type\":\"Organization\",\"@id\":\"https:\/\/psol50.org.br\/#organization\",\"name\":\"PSOL 50\",\"alternateName\":\"PSOL 50\",\"url\":\"https:\/\/psol50.org.br\/\",\"logo\":{\"@type\":\"ImageObject\",\"inLanguage\":\"pt-BR\",\"@id\":\"https:\/\/psol50.org.br\/#\/schema\/logo\/image\/\",\"url\":\"https:\/\/psol50.org.br\/inc\/uploads\/2018\/07\/capa.png\",\"contentUrl\":\"https:\/\/psol50.org.br\/inc\/uploads\/2018\/07\/capa.png\",\"width\":1350,\"height\":900,\"caption\":\"PSOL 50\"},\"image\":{\"@id\":\"https:\/\/psol50.org.br\/#\/schema\/logo\/image\/\"},\"sameAs\":[\"https:\/\/www.facebook.com\/psol50\",\"https:\/\/x.com\/psol50\",\"https:\/\/www.instagram.com\/psol50\/\",\"https:\/\/www.youtube.com\/channel\/UC7SnJS5o1os7a6CaiNabzcg\"]},{\"@type\":\"Person\",\"@id\":\"https:\/\/psol50.org.br\/#\/schema\/person\/475dfa57d0b815993c714c2e96491fcd\",\"name\":\"Comunica\u00e7\u00e3o PSOL\",\"image\":{\"@type\":\"ImageObject\",\"inLanguage\":\"pt-BR\",\"@id\":\"https:\/\/psol50.org.br\/#\/schema\/person\/image\/\",\"url\":\"https:\/\/secure.gravatar.com\/avatar\/b34fc4f4e468a4e51785917065a3db57b841f5c95dba6ad8c73aaf8f66f8f9bf?s=96&d=mm&r=g\",\"contentUrl\":\"https:\/\/secure.gravatar.com\/avatar\/b34fc4f4e468a4e51785917065a3db57b841f5c95dba6ad8c73aaf8f66f8f9bf?s=96&d=mm&r=g\",\"caption\":\"Comunica\u00e7\u00e3o PSOL\"}}]}<\/script>\n<!-- \/ Yoast SEO plugin. -->","yoast_head_json":{"title":"PSOL lamenta morte de Leandro Konder, o fundador n\u00b0 101 do partido - PSOL 50","robots":{"index":"index","follow":"follow","max-snippet":"max-snippet:-1","max-image-preview":"max-image-preview:large","max-video-preview":"max-video-preview:-1"},"canonical":"https:\/\/psol50.org.br\/psol-lamenta-morte-de-leandro-konder-o-fundador-n-101-do-partido\/","og_locale":"pt_BR","og_type":"article","og_title":"PSOL lamenta morte de Leandro Konder, o fundador n\u00b0 101 do partido - PSOL 50","og_description":"Leandro Konder, um dos mais importantes pensadores marxistas do Brasil, faleceu na tarde desta quarta-feira (12). Leandro Konder nasceu em 1936, em Petr\u00f3polis (RJ). Formado em Direito, Konder exilou-se em 1972, ap\u00f3s ser preso e torturado pelo regime militar, morou na Alemanha e depois na Fran\u00e7a at\u00e9 seu regresso ao Brasil em 1978. Doutorou-se em [&hellip;]","og_url":"https:\/\/psol50.org.br\/psol-lamenta-morte-de-leandro-konder-o-fundador-n-101-do-partido\/","og_site_name":"PSOL 50","article_publisher":"https:\/\/www.facebook.com\/psol50","article_published_time":"2014-11-12T22:16:50+00:00","og_image":[{"width":1350,"height":900,"url":"https:\/\/psol50.org.br\/inc\/uploads\/2018\/07\/capa.png","type":"image\/png"}],"author":"Comunica\u00e7\u00e3o PSOL","twitter_card":"summary_large_image","twitter_creator":"@psol50","twitter_site":"@psol50","twitter_misc":{"Escrito por":"Comunica\u00e7\u00e3o PSOL","Est. tempo de leitura":"1 minuto"},"schema":{"@context":"https:\/\/schema.org","@graph":[{"@type":"Article","@id":"https:\/\/psol50.org.br\/psol-lamenta-morte-de-leandro-konder-o-fundador-n-101-do-partido\/#article","isPartOf":{"@id":"https:\/\/psol50.org.br\/psol-lamenta-morte-de-leandro-konder-o-fundador-n-101-do-partido\/"},"author":{"name":"Comunica\u00e7\u00e3o PSOL","@id":"https:\/\/psol50.org.br\/#\/schema\/person\/475dfa57d0b815993c714c2e96491fcd"},"headline":"PSOL lamenta morte de Leandro Konder, o fundador n\u00b0 101 do partido","datePublished":"2014-11-12T22:16:50+00:00","mainEntityOfPage":{"@id":"https:\/\/psol50.org.br\/psol-lamenta-morte-de-leandro-konder-o-fundador-n-101-do-partido\/"},"wordCount":174,"commentCount":0,"publisher":{"@id":"https:\/\/psol50.org.br\/#organization"},"keywords":["PSOL"],"articleSection":["Arquivo","Not\u00edcias"],"inLanguage":"pt-BR","potentialAction":[{"@type":"CommentAction","name":"Comment","target":["https:\/\/psol50.org.br\/psol-lamenta-morte-de-leandro-konder-o-fundador-n-101-do-partido\/#respond"]}]},{"@type":"WebPage","@id":"https:\/\/psol50.org.br\/psol-lamenta-morte-de-leandro-konder-o-fundador-n-101-do-partido\/","url":"https:\/\/psol50.org.br\/psol-lamenta-morte-de-leandro-konder-o-fundador-n-101-do-partido\/","name":"PSOL lamenta morte de Leandro Konder, o fundador n\u00b0 101 do partido - PSOL 50","isPartOf":{"@id":"https:\/\/psol50.org.br\/#website"},"datePublished":"2014-11-12T22:16:50+00:00","breadcrumb":{"@id":"https:\/\/psol50.org.br\/psol-lamenta-morte-de-leandro-konder-o-fundador-n-101-do-partido\/#breadcrumb"},"inLanguage":"pt-BR","potentialAction":[{"@type":"ReadAction","target":["https:\/\/psol50.org.br\/psol-lamenta-morte-de-leandro-konder-o-fundador-n-101-do-partido\/"]}]},{"@type":"BreadcrumbList","@id":"https:\/\/psol50.org.br\/psol-lamenta-morte-de-leandro-konder-o-fundador-n-101-do-partido\/#breadcrumb","itemListElement":[{"@type":"ListItem","position":1,"name":"In\u00edcio","item":"https:\/\/psol50.org.br\/"},{"@type":"ListItem","position":2,"name":"PSOL lamenta morte de Leandro Konder, o fundador n\u00b0 101 do partido"}]},{"@type":"WebSite","@id":"https:\/\/psol50.org.br\/#website","url":"https:\/\/psol50.org.br\/","name":"PSOL 50","description":"Site oficial do Partido Socialismo e Liberdade","publisher":{"@id":"https:\/\/psol50.org.br\/#organization"},"alternateName":"PSOL50","potentialAction":[{"@type":"SearchAction","target":{"@type":"EntryPoint","urlTemplate":"https:\/\/psol50.org.br\/?s={search_term_string}"},"query-input":{"@type":"PropertyValueSpecification","valueRequired":true,"valueName":"search_term_string"}}],"inLanguage":"pt-BR"},{"@type":"Organization","@id":"https:\/\/psol50.org.br\/#organization","name":"PSOL 50","alternateName":"PSOL 50","url":"https:\/\/psol50.org.br\/","logo":{"@type":"ImageObject","inLanguage":"pt-BR","@id":"https:\/\/psol50.org.br\/#\/schema\/logo\/image\/","url":"https:\/\/psol50.org.br\/inc\/uploads\/2018\/07\/capa.png","contentUrl":"https:\/\/psol50.org.br\/inc\/uploads\/2018\/07\/capa.png","width":1350,"height":900,"caption":"PSOL 50"},"image":{"@id":"https:\/\/psol50.org.br\/#\/schema\/logo\/image\/"},"sameAs":["https:\/\/www.facebook.com\/psol50","https:\/\/x.com\/psol50","https:\/\/www.instagram.com\/psol50\/","https:\/\/www.youtube.com\/channel\/UC7SnJS5o1os7a6CaiNabzcg"]},{"@type":"Person","@id":"https:\/\/psol50.org.br\/#\/schema\/person\/475dfa57d0b815993c714c2e96491fcd","name":"Comunica\u00e7\u00e3o PSOL","image":{"@type":"ImageObject","inLanguage":"pt-BR","@id":"https:\/\/psol50.org.br\/#\/schema\/person\/image\/","url":"https:\/\/secure.gravatar.com\/avatar\/b34fc4f4e468a4e51785917065a3db57b841f5c95dba6ad8c73aaf8f66f8f9bf?s=96&d=mm&r=g","contentUrl":"https:\/\/secure.gravatar.com\/avatar\/b34fc4f4e468a4e51785917065a3db57b841f5c95dba6ad8c73aaf8f66f8f9bf?s=96&d=mm&r=g","caption":"Comunica\u00e7\u00e3o PSOL"}}]}},"_links":{"self":[{"href":"https:\/\/psol50.org.br\/rest\/wp\/v2\/posts\/3056","targetHints":{"allow":["GET"]}}],"collection":[{"href":"https:\/\/psol50.org.br\/rest\/wp\/v2\/posts"}],"about":[{"href":"https:\/\/psol50.org.br\/rest\/wp\/v2\/types\/post"}],"author":[{"embeddable":true,"href":"https:\/\/psol50.org.br\/rest\/wp\/v2\/users\/2"}],"replies":[{"embeddable":true,"href":"https:\/\/psol50.org.br\/rest\/wp\/v2\/comments?post=3056"}],"version-history":[{"count":0,"href":"https:\/\/psol50.org.br\/rest\/wp\/v2\/posts\/3056\/revisions"}],"wp:attachment":[{"href":"https:\/\/psol50.org.br\/rest\/wp\/v2\/media?parent=3056"}],"wp:term":[{"taxonomy":"category","embeddable":true,"href":"https:\/\/psol50.org.br\/rest\/wp\/v2\/categories?post=3056"},{"taxonomy":"post_tag","embeddable":true,"href":"https:\/\/psol50.org.br\/rest\/wp\/v2\/tags?post=3056"}],"curies":[{"name":"wp","href":"https:\/\/api.w.org\/{rel}","templated":true}]}}