{"id":30561,"date":"2020-08-27T16:12:29","date_gmt":"2020-08-27T19:12:29","guid":{"rendered":"https:\/\/psol50.org.br\/?p=30561"},"modified":"2020-08-27T16:12:29","modified_gmt":"2020-08-27T19:12:29","slug":"solidariedade-com-a-bolivia-em-defesa-de-eleicoes-livres-e-do-estado-plurinacional","status":"publish","type":"post","link":"https:\/\/psol50.org.br\/solidariedade-com-a-bolivia-em-defesa-de-eleicoes-livres-e-do-estado-plurinacional\/","title":{"rendered":"Solidariedade com a Bol\u00edvia: em defesa de elei\u00e7\u00f5es livres e do Estado plurinacional"},"content":{"rendered":"<p><a href=\"https:\/\/psol50.org.br\/rendajusta\/\" target=\"_blank\" rel=\"noopener noreferrer\"><img loading=\"lazy\" decoding=\"async\" class=\"alignnone size-full wp-image-30552\" src=\"https:\/\/psol50.org.br\/inc\/uploads\/2020\/08\/21-08-2020_LancamentoRendaJusta-2.png\" alt=\"\" width=\"1920\" height=\"383\" srcset=\"https:\/\/psol50.org.br\/inc\/uploads\/2020\/08\/21-08-2020_LancamentoRendaJusta-2.png 1920w, https:\/\/psol50.org.br\/inc\/uploads\/2020\/08\/21-08-2020_LancamentoRendaJusta-2-300x60.png 300w, https:\/\/psol50.org.br\/inc\/uploads\/2020\/08\/21-08-2020_LancamentoRendaJusta-2-1024x204.png 1024w, https:\/\/psol50.org.br\/inc\/uploads\/2020\/08\/21-08-2020_LancamentoRendaJusta-2-768x153.png 768w, https:\/\/psol50.org.br\/inc\/uploads\/2020\/08\/21-08-2020_LancamentoRendaJusta-2-1536x306.png 1536w, https:\/\/psol50.org.br\/inc\/uploads\/2020\/08\/21-08-2020_LancamentoRendaJusta-2-150x30.png 150w, https:\/\/psol50.org.br\/inc\/uploads\/2020\/08\/21-08-2020_LancamentoRendaJusta-2-696x139.png 696w, https:\/\/psol50.org.br\/inc\/uploads\/2020\/08\/21-08-2020_LancamentoRendaJusta-2-1068x213.png 1068w\" sizes=\"auto, (max-width: 1920px) 100vw, 1920px\" \/><\/a><\/p>\n<p>Durante este m\u00eas de agosto, a crise pol\u00edtica na Bol\u00edvia aberta pelo golpe de estado de novembro de 2019 ganhou novos cap\u00edtulos dram\u00e1ticos. A tentativa do governo ileg\u00edtimo de Jeanine \u00c1\u00f1ez de postergar pela terceira vez a data das elei\u00e7\u00f5es presidenciais foi derrotada nas ruas pela contundente mobiliza\u00e7\u00e3o dos trabalhadores mineiros, camponeses e ind\u00edgenas. Ante a imensa disposi\u00e7\u00e3o de luta demonstrada pelos distintos setores populares em favor da democracia e contra a feroz repress\u00e3o do Estado, o Tribunal Supremo Eleitoral teve que declarar que o primeiro turno das elei\u00e7\u00f5es presidenciais ser\u00e1 realizado impreterivelmente em 18 de outubro de 2020.<\/p>\n<p>A quest\u00e3o agora para os movimentos sociais e para a classe trabalhadora boliviana consiste em lutar por elei\u00e7\u00f5es livres e pelo Estado Plurinacional. Somente assim, ser\u00e1 poss\u00edvel barrar de vez o golpe racista e pr\u00f3-imperialista das oligarquias brancas do pa\u00eds.<\/p>\n<p>E nesta batalha crucial da luta de classes na Bol\u00edvia, todos os povos latino-americanos possuem uma grande responsabilidade e dever de atua\u00e7\u00e3o; as consequ\u00eancias desta disputa n\u00e3o se limitar\u00e3o \u00e0s fronteiras bolivianas, mas se estender\u00e3o por todo o continente. Caso o regime reacion\u00e1rio e fraudulento triunfe, sem d\u00favida, sair\u00e1 fortalecido o eixo Bolsonaro-Duque-Pi\u00f1era e cong\u00eaneres. Por outro lado, caso o movimento de massas na Bol\u00edvia imponha a sua vit\u00f3ria, a efervesc\u00eancia gerada pela rebeli\u00e3o popular no Chile e pelo levante ind\u00edgena no Equador em 2019 certamente ser\u00e1 reativada, ap\u00f3s o arrefecimento da pandemia e do pr\u00f3prio golpe boliviano.<\/p>\n<p>Especificamente, a vit\u00f3ria da whipala na Bol\u00edvia tamb\u00e9m ser\u00e1 um grande incentivo para as lutas travadas pelos mapuches no Chile, pelos gar\u00edfunas em Honduras, pela CONAIE no Equador e pela vasta gama de povos origin\u00e1rios do continente que resistem heroicamente \u00e0 a\u00e7\u00e3o criminosa dos diferentes Estados em favor do capital transnacional.<\/p>\n<p>Vale recordar que a Bol\u00edvia \u00e9 o pa\u00eds com a hist\u00f3ria mais revolucion\u00e1ria de nosso continente, o que implica tamb\u00e9m em constatar que a Bol\u00edvia \u00e9 o pa\u00eds onde as elites mais lan\u00e7aram m\u00e3o de golpes de estado, frequentemente com a participa\u00e7\u00e3o do imperialismo estadunidense de olho nos extraordin\u00e1rios recursos naturais do pa\u00eds andino.<\/p>\n<p>Em 1952, por exemplo, ap\u00f3s a vit\u00f3ria eleitoral do Movimento Nacional Revolucion\u00e1rio (MNR, de centro-esquerda reformista), os trabalhadores mineiros com armas na m\u00e3o lideraram o processo revolucion\u00e1rio que derrotou a tentativa de golpe do Ex\u00e9rcito branco, cujo objetivo principal era conservar o controle das minas por \u201cLa rosca\u201d, o trio de fam\u00edlias mais ricas do pa\u00eds. Deste monumental triunfo das classes populares, inaugurou-se uma fase de 12 anos de governos do MNR, em que &#8211; embora nem todas as quest\u00f5es de poder para os trabalhadores e o povo foram resolvidas \u2013 foram alcan\u00e7adas conquistas sociais fundamentais: nacionaliza\u00e7\u00e3o das minas, cria\u00e7\u00e3o da empresa mineira do estado com controle oper\u00e1rio, formula\u00e7\u00e3o as primeiras propostas de reforma agr\u00e1ria e instala\u00e7\u00e3o do sufr\u00e1gio universal.<\/p>\n<p>Tal per\u00edodo hist\u00f3rico conhecido como Revolu\u00e7\u00e3o Nacional (RN) teve um fim tr\u00e1gico em novembro de 1964, quando Victor Paz Estenssoro (MNR) sofreu um golpe encabe\u00e7ado pelo seu vice, o general Ren\u00e9 Barrientos. Seis meses mais tarde, ap\u00f3s sufocar sucessivas greves gerais e massacrar lideran\u00e7as de esquerda e dirigentes mineiros, Barrientos envia tropas e esquadrilhas para ocupar militarmente as minas e esmagar os \u00faltimos focos da Revolu\u00e7\u00e3o de 1952. Em 1964, o sangrento golpe militar do General Barrientos ocupa at\u00e9 os socav\u00f5es das minas para destruir as conquistas que ficavam da revolu\u00e7\u00e3o de 1952 e terminar com as organiza\u00e7\u00f5es revolucionarias e o movimento mineiro.<\/p>\n<p>Em 1967, o grande Che Guevara se lan\u00e7a \u00e0 zona selv\u00e1tica para fazer uma nova revolu\u00e7\u00e3o em nosso continente que continue o caminho aberto pela revolu\u00e7\u00e3o socialista de Cuba. Sua morte n\u00e3o foi em v\u00e3o. Poucos anos depois, em1971, os militares de esquerda de general Torres tomam o poder e se constr\u00f3i a Assembleia Popular, que unifica camponeses e oper\u00e1rios e se converte em novo poder at\u00e9 que novamente os militares com um novo golpe terminam com a Assembleia Popular.<\/p>\n<p>Neste cen\u00e1rio de revolu\u00e7\u00f5es e golpes na Bol\u00edvia agora se confronta a uma nova rea\u00e7\u00e3o golpista. O processo que agora se encontra em jogo iniciou-se com significativas mobiliza\u00e7\u00f5es em 2000 (Guerra da \u00c1gua, Guerra do G\u00e1s, lutas campesinas e ind\u00edgenas), que culminou na ascens\u00e3o ao poder do Movimento al Socialismo (MAS), cujo aspecto in\u00e9dito mais sobressaliente \u00e9 o protagonismo de lideran\u00e7as genuinamente ind\u00edgenas e\/ou oper\u00e1rias. Ainda que se possa mencionar e tirar li\u00e7\u00f5es de equ\u00edvocos e limita\u00e7\u00f5es dos governos chefiados por Evo Morales (2006-2019), houve uma transcendental conquista das popula\u00e7\u00f5es oprimidas em seu governo: o Estado Plurinacional, isto \u00e9, a maioria ind\u00edgena no poder. Este avan\u00e7o hist\u00f3rico, concebido legitimamente por uma Assembleia Constituinte e respaldado logo depois por um referendo popular, junto com a medida de nacionaliza\u00e7\u00e3o dos hidrocarbonetos, nunca foi tolerado pela burguesia branca e pelos setores fascistas do sul de Santa Cruz.<\/p>\n<p>A exemplo dos militares em 1965, as elites brancas e seus representantes na superestrutura pretendem em 2020 varrer novamente todas as conquistas dos governos do MAS. Para tanto, precisam emular o golpe sangrento de Barrientos. Mas a resist\u00eancia popular tem impedido que a repress\u00e3o chegue a tanto.<\/p>\n<p>Se \u00e9 ineg\u00e1vel que eles j\u00e1 deram um primeiro passo na repress\u00e3o e na persegui\u00e7\u00e3o de opositores, seu projeto original encontra-se inacabado, visto que n\u00e3o puderam esmagar o heroico campesinato e a classe oper\u00e1ria boliviana. Num quadro de pandemia descontrolada e de gest\u00e3o sanit\u00e1ria ca\u00f3tica, os adiamentos eleitorais e os esc\u00e2ndalos de corrup\u00e7\u00e3o no interior do governo ileg\u00edtimo despertaram no povo a vontade de se levantar mais uma vez.<\/p>\n<p>E assim, os trabalhadores mineiros e os movimentos sociais organizaram um calend\u00e1rio bem-sucedido de paralisa\u00e7\u00f5es, enquanto camponeses e populares estabeleceram bloqueios em centenas de pontos estrat\u00e9gicos do pa\u00eds, interrompendo a vida pr\u00e1tica de uma sociedade regida por uma \u201cdemocracia de fachada\u201d. Esta a\u00e7\u00e3o potente, em que apareceram com relev\u00e2ncia jovens dirigentes oper\u00e1rios como Orlando Guti\u00e9rrez (Federa\u00e7\u00e3o de Mineiros), mudou o curso da situa\u00e7\u00e3o, mas ainda n\u00e3o a definiu.<\/p>\n<p>A burguesia branca e o imperialismo tiveram que retroceder momentaneamente, contudo sem abandonar seu tradicional revanchismo. Dezenas de ativistas na linha de frente dos bloqueios em favor da democracia come\u00e7am a sofrer processos judiciais persecut\u00f3rios, demonstra\u00e7\u00e3o inequ\u00edvoca de que um regime ileg\u00edtimo s\u00f3 pode se sustentar de p\u00e9 em cima de novos atos ileg\u00edtimos.<\/p>\n<p>Para deter a repress\u00e3o contra o povo boliviano mobilizado, \u00e9 imprescind\u00edvel que se intensifique por todos os pa\u00edses latino-americanos a solidariedade internacional, tendo como principais eixos \u201celei\u00e7\u00f5es livres\u201d e a \u201cdefesa do Estado Plurinacional\u201d.<\/p>\n<p>Conforme se avizinhe o 18 de outubro, delega\u00e7\u00f5es de observadores estrangeiros que atuem com independ\u00eancia precisam ser organizadas a fim de que a lisura do processo eleitoral n\u00e3o sofra viola\u00e7\u00f5es ou de que relat\u00f3rios fraudulentos como o da OEA em 2019 n\u00e3o se repitam. Os rumos da luta de classes e da democracia na Am\u00e9rica Latina nunca dependeram tanto da Bol\u00edvia quanto agora.<\/p>\n<p><em><strong>Secretaria de Rela\u00e7\u00f5es Internacionais do PSOL<br \/>\n27 de agosto de 2020<\/strong><\/em><\/p>\n<p><a href=\"https:\/\/impeachmentpopular.com.br\/\" target=\"_blank\" rel=\"noopener noreferrer\"><img loading=\"lazy\" decoding=\"async\" class=\"alignnone size-full wp-image-29118\" src=\"https:\/\/psol50.org.br\/inc\/uploads\/2020\/05\/Email_Impeachment.png\" alt=\"\" width=\"1080\" height=\"250\" srcset=\"https:\/\/psol50.org.br\/inc\/uploads\/2020\/05\/Email_Impeachment.png 1080w, https:\/\/psol50.org.br\/inc\/uploads\/2020\/05\/Email_Impeachment-300x69.png 300w, https:\/\/psol50.org.br\/inc\/uploads\/2020\/05\/Email_Impeachment-1024x237.png 1024w, https:\/\/psol50.org.br\/inc\/uploads\/2020\/05\/Email_Impeachment-768x178.png 768w, https:\/\/psol50.org.br\/inc\/uploads\/2020\/05\/Email_Impeachment-150x35.png 150w, https:\/\/psol50.org.br\/inc\/uploads\/2020\/05\/Email_Impeachment-696x161.png 696w, https:\/\/psol50.org.br\/inc\/uploads\/2020\/05\/Email_Impeachment-1068x247.png 1068w\" sizes=\"auto, (max-width: 1080px) 100vw, 1080px\" \/><\/a><\/p>\n","protected":false},"excerpt":{"rendered":"<p>Durante este m\u00eas de agosto, a crise pol\u00edtica na Bol\u00edvia aberta pelo golpe de estado de novembro de 2019 ganhou novos cap\u00edtulos dram\u00e1ticos. A tentativa do governo ileg\u00edtimo de Jeanine \u00c1\u00f1ez de postergar pela terceira vez a data das elei\u00e7\u00f5es presidenciais foi derrotada nas ruas pela contundente mobiliza\u00e7\u00e3o dos trabalhadores mineiros, camponeses e ind\u00edgenas. Ante [&hellip;]<\/p>\n","protected":false},"author":2,"featured_media":30562,"comment_status":"closed","ping_status":"open","sticky":false,"template":"","format":"standard","meta":{"_acf_changed":false,"footnotes":""},"categories":[3,836,6,707],"tags":[1089,148,87,343,1090,1091,151,1035],"class_list":{"0":"post-30561","1":"post","2":"type-post","3":"status-publish","4":"format-standard","5":"has-post-thumbnail","7":"category-artigos-e-entrevistas","8":"category-internacional","9":"category-noticias","10":"category-secr-ri","11":"tag-america-latina","12":"tag-bolivia","13":"tag-democracia","14":"tag-eleicoes","15":"tag-estado-plurinacional","16":"tag-evo-morales","17":"tag-golpe","18":"tag-mas"},"acf":[],"yoast_head":"<!-- This site is optimized with the Yoast SEO plugin v26.5 - https:\/\/yoast.com\/wordpress\/plugins\/seo\/ -->\n<title>Solidariedade com a Bol\u00edvia: em defesa de elei\u00e7\u00f5es livres e do Estado plurinacional<\/title>\n<meta name=\"description\" content=\"Os rumos da luta de classes e da democracia na Am\u00e9rica Latina nunca dependeram tanto da Bol\u00edvia quanto agora.\" \/>\n<meta name=\"robots\" content=\"index, follow, max-snippet:-1, max-image-preview:large, max-video-preview:-1\" \/>\n<link rel=\"canonical\" href=\"https:\/\/psol50.org.br\/solidariedade-com-a-bolivia-em-defesa-de-eleicoes-livres-e-do-estado-plurinacional\/\" \/>\n<meta property=\"og:locale\" content=\"pt_BR\" \/>\n<meta property=\"og:type\" content=\"article\" \/>\n<meta property=\"og:title\" content=\"Solidariedade com a Bol\u00edvia: em defesa de elei\u00e7\u00f5es livres e do Estado plurinacional\" \/>\n<meta property=\"og:description\" content=\"Os rumos da luta de classes e da democracia na Am\u00e9rica Latina nunca dependeram tanto da Bol\u00edvia quanto agora.\" \/>\n<meta property=\"og:url\" content=\"https:\/\/psol50.org.br\/solidariedade-com-a-bolivia-em-defesa-de-eleicoes-livres-e-do-estado-plurinacional\/\" \/>\n<meta property=\"og:site_name\" content=\"PSOL 50\" \/>\n<meta property=\"article:publisher\" content=\"https:\/\/www.facebook.com\/psol50\" \/>\n<meta property=\"article:published_time\" content=\"2020-08-27T19:12:29+00:00\" \/>\n<meta property=\"og:image\" content=\"https:\/\/psol50.org.br\/inc\/uploads\/2020\/08\/feminismo-comunitario-antipatriarcal-bolivia.jpg\" \/>\n\t<meta property=\"og:image:width\" content=\"960\" \/>\n\t<meta property=\"og:image:height\" content=\"500\" \/>\n\t<meta property=\"og:image:type\" content=\"image\/jpeg\" \/>\n<meta name=\"author\" content=\"Comunica\u00e7\u00e3o PSOL\" \/>\n<meta name=\"twitter:card\" content=\"summary_large_image\" \/>\n<meta name=\"twitter:title\" content=\"Solidariedade com a Bol\u00edvia: em defesa de elei\u00e7\u00f5es livres e do Estado plurinacional\" \/>\n<meta name=\"twitter:description\" content=\"Os rumos da luta de classes e da democracia na Am\u00e9rica Latina nunca dependeram tanto da Bol\u00edvia quanto agora.\" \/>\n<meta name=\"twitter:image\" content=\"https:\/\/psol50.org.br\/inc\/uploads\/2020\/08\/feminismo-comunitario-antipatriarcal-bolivia.jpg\" \/>\n<meta name=\"twitter:creator\" content=\"@psol50\" \/>\n<meta name=\"twitter:site\" content=\"@psol50\" \/>\n<meta name=\"twitter:label1\" content=\"Escrito por\" \/>\n\t<meta name=\"twitter:data1\" content=\"Comunica\u00e7\u00e3o PSOL\" \/>\n\t<meta name=\"twitter:label2\" content=\"Est. tempo de leitura\" \/>\n\t<meta name=\"twitter:data2\" content=\"6 minutos\" \/>\n<script type=\"application\/ld+json\" class=\"yoast-schema-graph\">{\"@context\":\"https:\/\/schema.org\",\"@graph\":[{\"@type\":\"Article\",\"@id\":\"https:\/\/psol50.org.br\/solidariedade-com-a-bolivia-em-defesa-de-eleicoes-livres-e-do-estado-plurinacional\/#article\",\"isPartOf\":{\"@id\":\"https:\/\/psol50.org.br\/solidariedade-com-a-bolivia-em-defesa-de-eleicoes-livres-e-do-estado-plurinacional\/\"},\"author\":{\"name\":\"Comunica\u00e7\u00e3o PSOL\",\"@id\":\"https:\/\/psol50.org.br\/#\/schema\/person\/475dfa57d0b815993c714c2e96491fcd\"},\"headline\":\"Solidariedade com a Bol\u00edvia: em defesa de elei\u00e7\u00f5es livres e do Estado plurinacional\",\"datePublished\":\"2020-08-27T19:12:29+00:00\",\"mainEntityOfPage\":{\"@id\":\"https:\/\/psol50.org.br\/solidariedade-com-a-bolivia-em-defesa-de-eleicoes-livres-e-do-estado-plurinacional\/\"},\"wordCount\":1276,\"publisher\":{\"@id\":\"https:\/\/psol50.org.br\/#organization\"},\"image\":{\"@id\":\"https:\/\/psol50.org.br\/solidariedade-com-a-bolivia-em-defesa-de-eleicoes-livres-e-do-estado-plurinacional\/#primaryimage\"},\"thumbnailUrl\":\"https:\/\/psol50.org.br\/inc\/uploads\/2020\/08\/feminismo-comunitario-antipatriarcal-bolivia.jpg\",\"keywords\":[\"Am\u00e9rica Latina\",\"Bol\u00edvia\",\"democracia\",\"elei\u00e7\u00f5es\",\"estado plurinacional\",\"Evo Morales\",\"golpe\",\"mas\"],\"articleSection\":[\"Artigos\",\"Internacional\",\"Not\u00edcias\",\"Secr. de RI\"],\"inLanguage\":\"pt-BR\"},{\"@type\":\"WebPage\",\"@id\":\"https:\/\/psol50.org.br\/solidariedade-com-a-bolivia-em-defesa-de-eleicoes-livres-e-do-estado-plurinacional\/\",\"url\":\"https:\/\/psol50.org.br\/solidariedade-com-a-bolivia-em-defesa-de-eleicoes-livres-e-do-estado-plurinacional\/\",\"name\":\"Solidariedade com a Bol\u00edvia: em defesa de elei\u00e7\u00f5es livres e do Estado plurinacional\",\"isPartOf\":{\"@id\":\"https:\/\/psol50.org.br\/#website\"},\"primaryImageOfPage\":{\"@id\":\"https:\/\/psol50.org.br\/solidariedade-com-a-bolivia-em-defesa-de-eleicoes-livres-e-do-estado-plurinacional\/#primaryimage\"},\"image\":{\"@id\":\"https:\/\/psol50.org.br\/solidariedade-com-a-bolivia-em-defesa-de-eleicoes-livres-e-do-estado-plurinacional\/#primaryimage\"},\"thumbnailUrl\":\"https:\/\/psol50.org.br\/inc\/uploads\/2020\/08\/feminismo-comunitario-antipatriarcal-bolivia.jpg\",\"datePublished\":\"2020-08-27T19:12:29+00:00\",\"description\":\"Os rumos da luta de classes e da democracia na Am\u00e9rica Latina nunca dependeram tanto da Bol\u00edvia quanto agora.\",\"breadcrumb\":{\"@id\":\"https:\/\/psol50.org.br\/solidariedade-com-a-bolivia-em-defesa-de-eleicoes-livres-e-do-estado-plurinacional\/#breadcrumb\"},\"inLanguage\":\"pt-BR\",\"potentialAction\":[{\"@type\":\"ReadAction\",\"target\":[\"https:\/\/psol50.org.br\/solidariedade-com-a-bolivia-em-defesa-de-eleicoes-livres-e-do-estado-plurinacional\/\"]}]},{\"@type\":\"ImageObject\",\"inLanguage\":\"pt-BR\",\"@id\":\"https:\/\/psol50.org.br\/solidariedade-com-a-bolivia-em-defesa-de-eleicoes-livres-e-do-estado-plurinacional\/#primaryimage\",\"url\":\"https:\/\/psol50.org.br\/inc\/uploads\/2020\/08\/feminismo-comunitario-antipatriarcal-bolivia.jpg\",\"contentUrl\":\"https:\/\/psol50.org.br\/inc\/uploads\/2020\/08\/feminismo-comunitario-antipatriarcal-bolivia.jpg\",\"width\":960,\"height\":500},{\"@type\":\"BreadcrumbList\",\"@id\":\"https:\/\/psol50.org.br\/solidariedade-com-a-bolivia-em-defesa-de-eleicoes-livres-e-do-estado-plurinacional\/#breadcrumb\",\"itemListElement\":[{\"@type\":\"ListItem\",\"position\":1,\"name\":\"In\u00edcio\",\"item\":\"https:\/\/psol50.org.br\/\"},{\"@type\":\"ListItem\",\"position\":2,\"name\":\"Solidariedade com a Bol\u00edvia: em defesa de elei\u00e7\u00f5es livres e do Estado plurinacional\"}]},{\"@type\":\"WebSite\",\"@id\":\"https:\/\/psol50.org.br\/#website\",\"url\":\"https:\/\/psol50.org.br\/\",\"name\":\"PSOL 50\",\"description\":\"Site oficial do Partido Socialismo e Liberdade\",\"publisher\":{\"@id\":\"https:\/\/psol50.org.br\/#organization\"},\"alternateName\":\"PSOL50\",\"potentialAction\":[{\"@type\":\"SearchAction\",\"target\":{\"@type\":\"EntryPoint\",\"urlTemplate\":\"https:\/\/psol50.org.br\/?s={search_term_string}\"},\"query-input\":{\"@type\":\"PropertyValueSpecification\",\"valueRequired\":true,\"valueName\":\"search_term_string\"}}],\"inLanguage\":\"pt-BR\"},{\"@type\":\"Organization\",\"@id\":\"https:\/\/psol50.org.br\/#organization\",\"name\":\"PSOL 50\",\"alternateName\":\"PSOL 50\",\"url\":\"https:\/\/psol50.org.br\/\",\"logo\":{\"@type\":\"ImageObject\",\"inLanguage\":\"pt-BR\",\"@id\":\"https:\/\/psol50.org.br\/#\/schema\/logo\/image\/\",\"url\":\"https:\/\/psol50.org.br\/inc\/uploads\/2018\/07\/capa.png\",\"contentUrl\":\"https:\/\/psol50.org.br\/inc\/uploads\/2018\/07\/capa.png\",\"width\":1350,\"height\":900,\"caption\":\"PSOL 50\"},\"image\":{\"@id\":\"https:\/\/psol50.org.br\/#\/schema\/logo\/image\/\"},\"sameAs\":[\"https:\/\/www.facebook.com\/psol50\",\"https:\/\/x.com\/psol50\",\"https:\/\/www.instagram.com\/psol50\/\",\"https:\/\/www.youtube.com\/channel\/UC7SnJS5o1os7a6CaiNabzcg\"]},{\"@type\":\"Person\",\"@id\":\"https:\/\/psol50.org.br\/#\/schema\/person\/475dfa57d0b815993c714c2e96491fcd\",\"name\":\"Comunica\u00e7\u00e3o PSOL\",\"image\":{\"@type\":\"ImageObject\",\"inLanguage\":\"pt-BR\",\"@id\":\"https:\/\/psol50.org.br\/#\/schema\/person\/image\/\",\"url\":\"https:\/\/secure.gravatar.com\/avatar\/b34fc4f4e468a4e51785917065a3db57b841f5c95dba6ad8c73aaf8f66f8f9bf?s=96&d=mm&r=g\",\"contentUrl\":\"https:\/\/secure.gravatar.com\/avatar\/b34fc4f4e468a4e51785917065a3db57b841f5c95dba6ad8c73aaf8f66f8f9bf?s=96&d=mm&r=g\",\"caption\":\"Comunica\u00e7\u00e3o PSOL\"}}]}<\/script>\n<!-- \/ Yoast SEO plugin. -->","yoast_head_json":{"title":"Solidariedade com a Bol\u00edvia: em defesa de elei\u00e7\u00f5es livres e do Estado plurinacional","description":"Os rumos da luta de classes e da democracia na Am\u00e9rica Latina nunca dependeram tanto da Bol\u00edvia quanto agora.","robots":{"index":"index","follow":"follow","max-snippet":"max-snippet:-1","max-image-preview":"max-image-preview:large","max-video-preview":"max-video-preview:-1"},"canonical":"https:\/\/psol50.org.br\/solidariedade-com-a-bolivia-em-defesa-de-eleicoes-livres-e-do-estado-plurinacional\/","og_locale":"pt_BR","og_type":"article","og_title":"Solidariedade com a Bol\u00edvia: em defesa de elei\u00e7\u00f5es livres e do Estado plurinacional","og_description":"Os rumos da luta de classes e da democracia na Am\u00e9rica Latina nunca dependeram tanto da Bol\u00edvia quanto agora.","og_url":"https:\/\/psol50.org.br\/solidariedade-com-a-bolivia-em-defesa-de-eleicoes-livres-e-do-estado-plurinacional\/","og_site_name":"PSOL 50","article_publisher":"https:\/\/www.facebook.com\/psol50","article_published_time":"2020-08-27T19:12:29+00:00","og_image":[{"width":960,"height":500,"url":"https:\/\/psol50.org.br\/inc\/uploads\/2020\/08\/feminismo-comunitario-antipatriarcal-bolivia.jpg","type":"image\/jpeg"}],"author":"Comunica\u00e7\u00e3o PSOL","twitter_card":"summary_large_image","twitter_title":"Solidariedade com a Bol\u00edvia: em defesa de elei\u00e7\u00f5es livres e do Estado plurinacional","twitter_description":"Os rumos da luta de classes e da democracia na Am\u00e9rica Latina nunca dependeram tanto da Bol\u00edvia quanto agora.","twitter_image":"https:\/\/psol50.org.br\/inc\/uploads\/2020\/08\/feminismo-comunitario-antipatriarcal-bolivia.jpg","twitter_creator":"@psol50","twitter_site":"@psol50","twitter_misc":{"Escrito por":"Comunica\u00e7\u00e3o PSOL","Est. tempo de leitura":"6 minutos"},"schema":{"@context":"https:\/\/schema.org","@graph":[{"@type":"Article","@id":"https:\/\/psol50.org.br\/solidariedade-com-a-bolivia-em-defesa-de-eleicoes-livres-e-do-estado-plurinacional\/#article","isPartOf":{"@id":"https:\/\/psol50.org.br\/solidariedade-com-a-bolivia-em-defesa-de-eleicoes-livres-e-do-estado-plurinacional\/"},"author":{"name":"Comunica\u00e7\u00e3o PSOL","@id":"https:\/\/psol50.org.br\/#\/schema\/person\/475dfa57d0b815993c714c2e96491fcd"},"headline":"Solidariedade com a Bol\u00edvia: em defesa de elei\u00e7\u00f5es livres e do Estado plurinacional","datePublished":"2020-08-27T19:12:29+00:00","mainEntityOfPage":{"@id":"https:\/\/psol50.org.br\/solidariedade-com-a-bolivia-em-defesa-de-eleicoes-livres-e-do-estado-plurinacional\/"},"wordCount":1276,"publisher":{"@id":"https:\/\/psol50.org.br\/#organization"},"image":{"@id":"https:\/\/psol50.org.br\/solidariedade-com-a-bolivia-em-defesa-de-eleicoes-livres-e-do-estado-plurinacional\/#primaryimage"},"thumbnailUrl":"https:\/\/psol50.org.br\/inc\/uploads\/2020\/08\/feminismo-comunitario-antipatriarcal-bolivia.jpg","keywords":["Am\u00e9rica Latina","Bol\u00edvia","democracia","elei\u00e7\u00f5es","estado plurinacional","Evo Morales","golpe","mas"],"articleSection":["Artigos","Internacional","Not\u00edcias","Secr. de RI"],"inLanguage":"pt-BR"},{"@type":"WebPage","@id":"https:\/\/psol50.org.br\/solidariedade-com-a-bolivia-em-defesa-de-eleicoes-livres-e-do-estado-plurinacional\/","url":"https:\/\/psol50.org.br\/solidariedade-com-a-bolivia-em-defesa-de-eleicoes-livres-e-do-estado-plurinacional\/","name":"Solidariedade com a Bol\u00edvia: em defesa de elei\u00e7\u00f5es livres e do Estado plurinacional","isPartOf":{"@id":"https:\/\/psol50.org.br\/#website"},"primaryImageOfPage":{"@id":"https:\/\/psol50.org.br\/solidariedade-com-a-bolivia-em-defesa-de-eleicoes-livres-e-do-estado-plurinacional\/#primaryimage"},"image":{"@id":"https:\/\/psol50.org.br\/solidariedade-com-a-bolivia-em-defesa-de-eleicoes-livres-e-do-estado-plurinacional\/#primaryimage"},"thumbnailUrl":"https:\/\/psol50.org.br\/inc\/uploads\/2020\/08\/feminismo-comunitario-antipatriarcal-bolivia.jpg","datePublished":"2020-08-27T19:12:29+00:00","description":"Os rumos da luta de classes e da democracia na Am\u00e9rica Latina nunca dependeram tanto da Bol\u00edvia quanto agora.","breadcrumb":{"@id":"https:\/\/psol50.org.br\/solidariedade-com-a-bolivia-em-defesa-de-eleicoes-livres-e-do-estado-plurinacional\/#breadcrumb"},"inLanguage":"pt-BR","potentialAction":[{"@type":"ReadAction","target":["https:\/\/psol50.org.br\/solidariedade-com-a-bolivia-em-defesa-de-eleicoes-livres-e-do-estado-plurinacional\/"]}]},{"@type":"ImageObject","inLanguage":"pt-BR","@id":"https:\/\/psol50.org.br\/solidariedade-com-a-bolivia-em-defesa-de-eleicoes-livres-e-do-estado-plurinacional\/#primaryimage","url":"https:\/\/psol50.org.br\/inc\/uploads\/2020\/08\/feminismo-comunitario-antipatriarcal-bolivia.jpg","contentUrl":"https:\/\/psol50.org.br\/inc\/uploads\/2020\/08\/feminismo-comunitario-antipatriarcal-bolivia.jpg","width":960,"height":500},{"@type":"BreadcrumbList","@id":"https:\/\/psol50.org.br\/solidariedade-com-a-bolivia-em-defesa-de-eleicoes-livres-e-do-estado-plurinacional\/#breadcrumb","itemListElement":[{"@type":"ListItem","position":1,"name":"In\u00edcio","item":"https:\/\/psol50.org.br\/"},{"@type":"ListItem","position":2,"name":"Solidariedade com a Bol\u00edvia: em defesa de elei\u00e7\u00f5es livres e do Estado plurinacional"}]},{"@type":"WebSite","@id":"https:\/\/psol50.org.br\/#website","url":"https:\/\/psol50.org.br\/","name":"PSOL 50","description":"Site oficial do Partido Socialismo e Liberdade","publisher":{"@id":"https:\/\/psol50.org.br\/#organization"},"alternateName":"PSOL50","potentialAction":[{"@type":"SearchAction","target":{"@type":"EntryPoint","urlTemplate":"https:\/\/psol50.org.br\/?s={search_term_string}"},"query-input":{"@type":"PropertyValueSpecification","valueRequired":true,"valueName":"search_term_string"}}],"inLanguage":"pt-BR"},{"@type":"Organization","@id":"https:\/\/psol50.org.br\/#organization","name":"PSOL 50","alternateName":"PSOL 50","url":"https:\/\/psol50.org.br\/","logo":{"@type":"ImageObject","inLanguage":"pt-BR","@id":"https:\/\/psol50.org.br\/#\/schema\/logo\/image\/","url":"https:\/\/psol50.org.br\/inc\/uploads\/2018\/07\/capa.png","contentUrl":"https:\/\/psol50.org.br\/inc\/uploads\/2018\/07\/capa.png","width":1350,"height":900,"caption":"PSOL 50"},"image":{"@id":"https:\/\/psol50.org.br\/#\/schema\/logo\/image\/"},"sameAs":["https:\/\/www.facebook.com\/psol50","https:\/\/x.com\/psol50","https:\/\/www.instagram.com\/psol50\/","https:\/\/www.youtube.com\/channel\/UC7SnJS5o1os7a6CaiNabzcg"]},{"@type":"Person","@id":"https:\/\/psol50.org.br\/#\/schema\/person\/475dfa57d0b815993c714c2e96491fcd","name":"Comunica\u00e7\u00e3o PSOL","image":{"@type":"ImageObject","inLanguage":"pt-BR","@id":"https:\/\/psol50.org.br\/#\/schema\/person\/image\/","url":"https:\/\/secure.gravatar.com\/avatar\/b34fc4f4e468a4e51785917065a3db57b841f5c95dba6ad8c73aaf8f66f8f9bf?s=96&d=mm&r=g","contentUrl":"https:\/\/secure.gravatar.com\/avatar\/b34fc4f4e468a4e51785917065a3db57b841f5c95dba6ad8c73aaf8f66f8f9bf?s=96&d=mm&r=g","caption":"Comunica\u00e7\u00e3o PSOL"}}]}},"_links":{"self":[{"href":"https:\/\/psol50.org.br\/rest\/wp\/v2\/posts\/30561","targetHints":{"allow":["GET"]}}],"collection":[{"href":"https:\/\/psol50.org.br\/rest\/wp\/v2\/posts"}],"about":[{"href":"https:\/\/psol50.org.br\/rest\/wp\/v2\/types\/post"}],"author":[{"embeddable":true,"href":"https:\/\/psol50.org.br\/rest\/wp\/v2\/users\/2"}],"replies":[{"embeddable":true,"href":"https:\/\/psol50.org.br\/rest\/wp\/v2\/comments?post=30561"}],"version-history":[{"count":0,"href":"https:\/\/psol50.org.br\/rest\/wp\/v2\/posts\/30561\/revisions"}],"wp:featuredmedia":[{"embeddable":true,"href":"https:\/\/psol50.org.br\/rest\/wp\/v2\/media\/30562"}],"wp:attachment":[{"href":"https:\/\/psol50.org.br\/rest\/wp\/v2\/media?parent=30561"}],"wp:term":[{"taxonomy":"category","embeddable":true,"href":"https:\/\/psol50.org.br\/rest\/wp\/v2\/categories?post=30561"},{"taxonomy":"post_tag","embeddable":true,"href":"https:\/\/psol50.org.br\/rest\/wp\/v2\/tags?post=30561"}],"curies":[{"name":"wp","href":"https:\/\/api.w.org\/{rel}","templated":true}]}}