{"id":30578,"date":"2020-08-31T12:10:37","date_gmt":"2020-08-31T15:10:37","guid":{"rendered":"https:\/\/psol50.org.br\/?p=30578"},"modified":"2020-08-31T12:10:37","modified_gmt":"2020-08-31T15:10:37","slug":"psol-faz-apelo-urgente-a-onu-contra-portaria-do-governo-bolsonaro-que-dificulta-aborto-legal","status":"publish","type":"post","link":"https:\/\/psol50.org.br\/psol-faz-apelo-urgente-a-onu-contra-portaria-do-governo-bolsonaro-que-dificulta-aborto-legal\/","title":{"rendered":"PSOL faz apelo urgente \u00e0 ONU contra portaria do governo Bolsonaro que dificulta aborto legal"},"content":{"rendered":"<p><a href=\"https:\/\/psol50.org.br\/rendajusta\/\" target=\"_blank\" rel=\"noopener noreferrer\"><img loading=\"lazy\" decoding=\"async\" class=\"alignnone size-full wp-image-30552\" src=\"https:\/\/psol50.org.br\/inc\/uploads\/2020\/08\/21-08-2020_LancamentoRendaJusta-2.png\" alt=\"\" width=\"1920\" height=\"383\" srcset=\"https:\/\/psol50.org.br\/inc\/uploads\/2020\/08\/21-08-2020_LancamentoRendaJusta-2.png 1920w, https:\/\/psol50.org.br\/inc\/uploads\/2020\/08\/21-08-2020_LancamentoRendaJusta-2-300x60.png 300w, https:\/\/psol50.org.br\/inc\/uploads\/2020\/08\/21-08-2020_LancamentoRendaJusta-2-1024x204.png 1024w, https:\/\/psol50.org.br\/inc\/uploads\/2020\/08\/21-08-2020_LancamentoRendaJusta-2-768x153.png 768w, https:\/\/psol50.org.br\/inc\/uploads\/2020\/08\/21-08-2020_LancamentoRendaJusta-2-1536x306.png 1536w, https:\/\/psol50.org.br\/inc\/uploads\/2020\/08\/21-08-2020_LancamentoRendaJusta-2-150x30.png 150w, https:\/\/psol50.org.br\/inc\/uploads\/2020\/08\/21-08-2020_LancamentoRendaJusta-2-696x139.png 696w, https:\/\/psol50.org.br\/inc\/uploads\/2020\/08\/21-08-2020_LancamentoRendaJusta-2-1068x213.png 1068w\" sizes=\"auto, (max-width: 1920px) 100vw, 1920px\" \/><\/a><\/p>\n<p>A bancada do PSOL na C\u00e2mara dos Deputados enviou na \u00faltima sexta-feira (28) uma carta-den\u00fancia com um apelo urgente \u00e0 chefe do Escrit\u00f3rio do Alto Comissariado das Na\u00e7\u00f5es Unidas para os Direitos Humanos,\u00a0Michelle Bachelet, para que avalie a portaria do\u00a0Minist\u00e9rio da Sa\u00fade\u00a0que cria regras para inviabilizar o acesso ao aborto legal no pa\u00eds.<\/p>\n<p>Entre as regras editadas pela pasta est\u00e3o a obriga\u00e7\u00e3o do m\u00e9dico de\u00a0acionar a pol\u00edcia antes do atendimento de qualquer mulher v\u00edtima de viol\u00eancia e ainda de submeter as pacientes a questionamentos e a um exame de ultrassom, para que elas possam ver o feto,\u00a0antes de decidirem pelo procedimento de interrup\u00e7\u00e3o da gravidez, direito garantido em lei no pa\u00eds.<\/p>\n<p>Na carta, o partido pede que seja realizada uma visita de emerg\u00eancia ao Brasil do Grupo de Trabalho da ONU Para Discrimina\u00e7\u00e3o Contra Mulheres e Meninas e dos Relatores Especiais da ONU Para Viol\u00eancia Contra a Mulher, uma declara\u00e7\u00e3o p\u00fablica da entidade sobre a gravidade e urg\u00eancia dos fatos que est\u00e3o ocorrendo e a cria\u00e7\u00e3o de uma Miss\u00e3o Permanente do Brasil junto \u00e0 ONU em Genebra para a observa\u00e7\u00e3o das viola\u00e7\u00f5es ocorridas no Brasil.<\/p>\n<p>Al\u00e9m dos 10 parlamentares do PSOL, a carta \u00e9 assinada tamb\u00e9m por \u00c9rika Kokay, Maria do Ros\u00e1rio e Nat\u00e1lia Bonavides, do PT, Jandira Feghali e Alice Portugal, do PCdoB, al\u00e9m de L\u00eddice da Mata, do PSB.<\/p>\n<p><a href=\"https:\/\/impeachmentpopular.com.br\/\" target=\"_blank\" rel=\"noopener noreferrer\"><img loading=\"lazy\" decoding=\"async\" class=\"alignnone size-full wp-image-29118\" src=\"https:\/\/psol50.org.br\/inc\/uploads\/2020\/05\/Email_Impeachment.png\" alt=\"\" width=\"1080\" height=\"250\" srcset=\"https:\/\/psol50.org.br\/inc\/uploads\/2020\/05\/Email_Impeachment.png 1080w, https:\/\/psol50.org.br\/inc\/uploads\/2020\/05\/Email_Impeachment-300x69.png 300w, https:\/\/psol50.org.br\/inc\/uploads\/2020\/05\/Email_Impeachment-1024x237.png 1024w, https:\/\/psol50.org.br\/inc\/uploads\/2020\/05\/Email_Impeachment-768x178.png 768w, https:\/\/psol50.org.br\/inc\/uploads\/2020\/05\/Email_Impeachment-150x35.png 150w, https:\/\/psol50.org.br\/inc\/uploads\/2020\/05\/Email_Impeachment-696x161.png 696w, https:\/\/psol50.org.br\/inc\/uploads\/2020\/05\/Email_Impeachment-1068x247.png 1068w\" sizes=\"auto, (max-width: 1080px) 100vw, 1080px\" \/><\/a><\/p>\n","protected":false},"excerpt":{"rendered":"<p>A bancada do PSOL na C\u00e2mara dos Deputados enviou na \u00faltima sexta-feira (28) uma carta-den\u00fancia com um apelo urgente \u00e0 chefe do Escrit\u00f3rio do Alto Comissariado das Na\u00e7\u00f5es Unidas para os Direitos Humanos,\u00a0Michelle Bachelet, para que avalie a portaria do\u00a0Minist\u00e9rio da Sa\u00fade\u00a0que cria regras para inviabilizar o acesso ao aborto legal no pa\u00eds. Entre as [&hellip;]<\/p>\n","protected":false},"author":2,"featured_media":30494,"comment_status":"closed","ping_status":"open","sticky":false,"template":"","format":"standard","meta":{"_acf_changed":false,"footnotes":""},"categories":[10,6],"tags":[824,46,1098,1082,1099,232,22],"class_list":{"0":"post-30578","1":"post","2":"type-post","3":"status-publish","4":"format-standard","5":"has-post-thumbnail","7":"category-acao-parlamentares","8":"category-noticias","9":"tag-aborto","10":"tag-estupro","11":"tag-feto","12":"tag-legal","13":"tag-michelle-bachelet","14":"tag-onu","15":"tag-psol"},"acf":[],"yoast_head":"<!-- This site is optimized with the Yoast SEO plugin v26.5 - https:\/\/yoast.com\/wordpress\/plugins\/seo\/ -->\n<title>PSOL faz apelo urgente \u00e0 ONU contra portaria do governo Bolsonaro que dificulta aborto legal<\/title>\n<meta name=\"description\" content=\"Entre as regras est\u00e1 a obriga\u00e7\u00e3o do m\u00e9dico de\u00a0acionar a pol\u00edcia antes do atendimento de qualquer mulher v\u00edtima de viol\u00eancia.\" \/>\n<meta name=\"robots\" content=\"index, follow, max-snippet:-1, max-image-preview:large, max-video-preview:-1\" \/>\n<link rel=\"canonical\" href=\"https:\/\/psol50.org.br\/psol-faz-apelo-urgente-a-onu-contra-portaria-do-governo-bolsonaro-que-dificulta-aborto-legal\/\" \/>\n<meta property=\"og:locale\" content=\"pt_BR\" \/>\n<meta property=\"og:type\" content=\"article\" \/>\n<meta property=\"og:title\" content=\"PSOL faz apelo urgente \u00e0 ONU contra portaria do governo Bolsonaro que dificulta aborto legal\" \/>\n<meta property=\"og:description\" content=\"Entre as regras est\u00e1 a obriga\u00e7\u00e3o do m\u00e9dico de\u00a0acionar a pol\u00edcia antes do atendimento de qualquer mulher v\u00edtima de viol\u00eancia.\" \/>\n<meta property=\"og:url\" content=\"https:\/\/psol50.org.br\/psol-faz-apelo-urgente-a-onu-contra-portaria-do-governo-bolsonaro-que-dificulta-aborto-legal\/\" \/>\n<meta property=\"og:site_name\" content=\"PSOL 50\" \/>\n<meta property=\"article:publisher\" content=\"https:\/\/www.facebook.com\/psol50\" \/>\n<meta property=\"article:published_time\" content=\"2020-08-31T15:10:37+00:00\" \/>\n<meta property=\"og:image\" content=\"https:\/\/psol50.org.br\/inc\/uploads\/2020\/08\/pessoas-contrarias-e-a-favor-do-aborto-estiveram-na-porta-do-hospital-onde-a-menina-esta-internada-para-realizar-o-procedimento-1024x767-1.jpg\" \/>\n\t<meta property=\"og:image:width\" content=\"1024\" \/>\n\t<meta property=\"og:image:height\" content=\"767\" \/>\n\t<meta property=\"og:image:type\" content=\"image\/jpeg\" \/>\n<meta name=\"author\" content=\"Comunica\u00e7\u00e3o PSOL\" \/>\n<meta name=\"twitter:card\" content=\"summary_large_image\" \/>\n<meta name=\"twitter:title\" content=\"PSOL faz apelo urgente \u00e0 ONU contra portaria do governo Bolsonaro que dificulta aborto legal\" \/>\n<meta name=\"twitter:description\" content=\"Entre as regras est\u00e1 a obriga\u00e7\u00e3o do m\u00e9dico de\u00a0acionar a pol\u00edcia antes do atendimento de qualquer mulher v\u00edtima de viol\u00eancia.\" \/>\n<meta name=\"twitter:image\" content=\"https:\/\/psol50.org.br\/inc\/uploads\/2020\/08\/pessoas-contrarias-e-a-favor-do-aborto-estiveram-na-porta-do-hospital-onde-a-menina-esta-internada-para-realizar-o-procedimento-1024x767-1.jpg\" \/>\n<meta name=\"twitter:creator\" content=\"@psol50\" \/>\n<meta name=\"twitter:site\" content=\"@psol50\" \/>\n<meta name=\"twitter:label1\" content=\"Escrito por\" \/>\n\t<meta name=\"twitter:data1\" content=\"Comunica\u00e7\u00e3o PSOL\" \/>\n\t<meta name=\"twitter:label2\" content=\"Est. tempo de leitura\" \/>\n\t<meta name=\"twitter:data2\" content=\"1 minuto\" \/>\n<script type=\"application\/ld+json\" class=\"yoast-schema-graph\">{\"@context\":\"https:\/\/schema.org\",\"@graph\":[{\"@type\":\"Article\",\"@id\":\"https:\/\/psol50.org.br\/psol-faz-apelo-urgente-a-onu-contra-portaria-do-governo-bolsonaro-que-dificulta-aborto-legal\/#article\",\"isPartOf\":{\"@id\":\"https:\/\/psol50.org.br\/psol-faz-apelo-urgente-a-onu-contra-portaria-do-governo-bolsonaro-que-dificulta-aborto-legal\/\"},\"author\":{\"name\":\"Comunica\u00e7\u00e3o PSOL\",\"@id\":\"https:\/\/psol50.org.br\/#\/schema\/person\/475dfa57d0b815993c714c2e96491fcd\"},\"headline\":\"PSOL faz apelo urgente \u00e0 ONU contra portaria do governo Bolsonaro que dificulta aborto legal\",\"datePublished\":\"2020-08-31T15:10:37+00:00\",\"mainEntityOfPage\":{\"@id\":\"https:\/\/psol50.org.br\/psol-faz-apelo-urgente-a-onu-contra-portaria-do-governo-bolsonaro-que-dificulta-aborto-legal\/\"},\"wordCount\":267,\"publisher\":{\"@id\":\"https:\/\/psol50.org.br\/#organization\"},\"image\":{\"@id\":\"https:\/\/psol50.org.br\/psol-faz-apelo-urgente-a-onu-contra-portaria-do-governo-bolsonaro-que-dificulta-aborto-legal\/#primaryimage\"},\"thumbnailUrl\":\"https:\/\/psol50.org.br\/inc\/uploads\/2020\/08\/pessoas-contrarias-e-a-favor-do-aborto-estiveram-na-porta-do-hospital-onde-a-menina-esta-internada-para-realizar-o-procedimento-1024x767-1.jpg\",\"keywords\":[\"aborto\",\"estupro\",\"feto\",\"legal\",\"michelle bachelet\",\"ONU\",\"PSOL\"],\"articleSection\":[\"A\u00e7\u00e3o Parlamentar\",\"Not\u00edcias\"],\"inLanguage\":\"pt-BR\"},{\"@type\":\"WebPage\",\"@id\":\"https:\/\/psol50.org.br\/psol-faz-apelo-urgente-a-onu-contra-portaria-do-governo-bolsonaro-que-dificulta-aborto-legal\/\",\"url\":\"https:\/\/psol50.org.br\/psol-faz-apelo-urgente-a-onu-contra-portaria-do-governo-bolsonaro-que-dificulta-aborto-legal\/\",\"name\":\"PSOL faz apelo urgente \u00e0 ONU contra portaria do governo Bolsonaro que dificulta aborto legal\",\"isPartOf\":{\"@id\":\"https:\/\/psol50.org.br\/#website\"},\"primaryImageOfPage\":{\"@id\":\"https:\/\/psol50.org.br\/psol-faz-apelo-urgente-a-onu-contra-portaria-do-governo-bolsonaro-que-dificulta-aborto-legal\/#primaryimage\"},\"image\":{\"@id\":\"https:\/\/psol50.org.br\/psol-faz-apelo-urgente-a-onu-contra-portaria-do-governo-bolsonaro-que-dificulta-aborto-legal\/#primaryimage\"},\"thumbnailUrl\":\"https:\/\/psol50.org.br\/inc\/uploads\/2020\/08\/pessoas-contrarias-e-a-favor-do-aborto-estiveram-na-porta-do-hospital-onde-a-menina-esta-internada-para-realizar-o-procedimento-1024x767-1.jpg\",\"datePublished\":\"2020-08-31T15:10:37+00:00\",\"description\":\"Entre as regras est\u00e1 a obriga\u00e7\u00e3o do m\u00e9dico de\u00a0acionar a pol\u00edcia antes do atendimento de qualquer mulher v\u00edtima de viol\u00eancia.\",\"breadcrumb\":{\"@id\":\"https:\/\/psol50.org.br\/psol-faz-apelo-urgente-a-onu-contra-portaria-do-governo-bolsonaro-que-dificulta-aborto-legal\/#breadcrumb\"},\"inLanguage\":\"pt-BR\",\"potentialAction\":[{\"@type\":\"ReadAction\",\"target\":[\"https:\/\/psol50.org.br\/psol-faz-apelo-urgente-a-onu-contra-portaria-do-governo-bolsonaro-que-dificulta-aborto-legal\/\"]}]},{\"@type\":\"ImageObject\",\"inLanguage\":\"pt-BR\",\"@id\":\"https:\/\/psol50.org.br\/psol-faz-apelo-urgente-a-onu-contra-portaria-do-governo-bolsonaro-que-dificulta-aborto-legal\/#primaryimage\",\"url\":\"https:\/\/psol50.org.br\/inc\/uploads\/2020\/08\/pessoas-contrarias-e-a-favor-do-aborto-estiveram-na-porta-do-hospital-onde-a-menina-esta-internada-para-realizar-o-procedimento-1024x767-1.jpg\",\"contentUrl\":\"https:\/\/psol50.org.br\/inc\/uploads\/2020\/08\/pessoas-contrarias-e-a-favor-do-aborto-estiveram-na-porta-do-hospital-onde-a-menina-esta-internada-para-realizar-o-procedimento-1024x767-1.jpg\",\"width\":1024,\"height\":767},{\"@type\":\"BreadcrumbList\",\"@id\":\"https:\/\/psol50.org.br\/psol-faz-apelo-urgente-a-onu-contra-portaria-do-governo-bolsonaro-que-dificulta-aborto-legal\/#breadcrumb\",\"itemListElement\":[{\"@type\":\"ListItem\",\"position\":1,\"name\":\"In\u00edcio\",\"item\":\"https:\/\/psol50.org.br\/\"},{\"@type\":\"ListItem\",\"position\":2,\"name\":\"PSOL faz apelo urgente \u00e0 ONU contra portaria do governo Bolsonaro que dificulta aborto legal\"}]},{\"@type\":\"WebSite\",\"@id\":\"https:\/\/psol50.org.br\/#website\",\"url\":\"https:\/\/psol50.org.br\/\",\"name\":\"PSOL 50\",\"description\":\"Site oficial do Partido Socialismo e Liberdade\",\"publisher\":{\"@id\":\"https:\/\/psol50.org.br\/#organization\"},\"alternateName\":\"PSOL50\",\"potentialAction\":[{\"@type\":\"SearchAction\",\"target\":{\"@type\":\"EntryPoint\",\"urlTemplate\":\"https:\/\/psol50.org.br\/?s={search_term_string}\"},\"query-input\":{\"@type\":\"PropertyValueSpecification\",\"valueRequired\":true,\"valueName\":\"search_term_string\"}}],\"inLanguage\":\"pt-BR\"},{\"@type\":\"Organization\",\"@id\":\"https:\/\/psol50.org.br\/#organization\",\"name\":\"PSOL 50\",\"alternateName\":\"PSOL 50\",\"url\":\"https:\/\/psol50.org.br\/\",\"logo\":{\"@type\":\"ImageObject\",\"inLanguage\":\"pt-BR\",\"@id\":\"https:\/\/psol50.org.br\/#\/schema\/logo\/image\/\",\"url\":\"https:\/\/psol50.org.br\/inc\/uploads\/2018\/07\/capa.png\",\"contentUrl\":\"https:\/\/psol50.org.br\/inc\/uploads\/2018\/07\/capa.png\",\"width\":1350,\"height\":900,\"caption\":\"PSOL 50\"},\"image\":{\"@id\":\"https:\/\/psol50.org.br\/#\/schema\/logo\/image\/\"},\"sameAs\":[\"https:\/\/www.facebook.com\/psol50\",\"https:\/\/x.com\/psol50\",\"https:\/\/www.instagram.com\/psol50\/\",\"https:\/\/www.youtube.com\/channel\/UC7SnJS5o1os7a6CaiNabzcg\"]},{\"@type\":\"Person\",\"@id\":\"https:\/\/psol50.org.br\/#\/schema\/person\/475dfa57d0b815993c714c2e96491fcd\",\"name\":\"Comunica\u00e7\u00e3o PSOL\",\"image\":{\"@type\":\"ImageObject\",\"inLanguage\":\"pt-BR\",\"@id\":\"https:\/\/psol50.org.br\/#\/schema\/person\/image\/\",\"url\":\"https:\/\/secure.gravatar.com\/avatar\/b34fc4f4e468a4e51785917065a3db57b841f5c95dba6ad8c73aaf8f66f8f9bf?s=96&d=mm&r=g\",\"contentUrl\":\"https:\/\/secure.gravatar.com\/avatar\/b34fc4f4e468a4e51785917065a3db57b841f5c95dba6ad8c73aaf8f66f8f9bf?s=96&d=mm&r=g\",\"caption\":\"Comunica\u00e7\u00e3o PSOL\"}}]}<\/script>\n<!-- \/ Yoast SEO plugin. -->","yoast_head_json":{"title":"PSOL faz apelo urgente \u00e0 ONU contra portaria do governo Bolsonaro que dificulta aborto legal","description":"Entre as regras est\u00e1 a obriga\u00e7\u00e3o do m\u00e9dico de\u00a0acionar a pol\u00edcia antes do atendimento de qualquer mulher v\u00edtima de viol\u00eancia.","robots":{"index":"index","follow":"follow","max-snippet":"max-snippet:-1","max-image-preview":"max-image-preview:large","max-video-preview":"max-video-preview:-1"},"canonical":"https:\/\/psol50.org.br\/psol-faz-apelo-urgente-a-onu-contra-portaria-do-governo-bolsonaro-que-dificulta-aborto-legal\/","og_locale":"pt_BR","og_type":"article","og_title":"PSOL faz apelo urgente \u00e0 ONU contra portaria do governo Bolsonaro que dificulta aborto legal","og_description":"Entre as regras est\u00e1 a obriga\u00e7\u00e3o do m\u00e9dico de\u00a0acionar a pol\u00edcia antes do atendimento de qualquer mulher v\u00edtima de viol\u00eancia.","og_url":"https:\/\/psol50.org.br\/psol-faz-apelo-urgente-a-onu-contra-portaria-do-governo-bolsonaro-que-dificulta-aborto-legal\/","og_site_name":"PSOL 50","article_publisher":"https:\/\/www.facebook.com\/psol50","article_published_time":"2020-08-31T15:10:37+00:00","og_image":[{"width":1024,"height":767,"url":"https:\/\/psol50.org.br\/inc\/uploads\/2020\/08\/pessoas-contrarias-e-a-favor-do-aborto-estiveram-na-porta-do-hospital-onde-a-menina-esta-internada-para-realizar-o-procedimento-1024x767-1.jpg","type":"image\/jpeg"}],"author":"Comunica\u00e7\u00e3o PSOL","twitter_card":"summary_large_image","twitter_title":"PSOL faz apelo urgente \u00e0 ONU contra portaria do governo Bolsonaro que dificulta aborto legal","twitter_description":"Entre as regras est\u00e1 a obriga\u00e7\u00e3o do m\u00e9dico de\u00a0acionar a pol\u00edcia antes do atendimento de qualquer mulher v\u00edtima de viol\u00eancia.","twitter_image":"https:\/\/psol50.org.br\/inc\/uploads\/2020\/08\/pessoas-contrarias-e-a-favor-do-aborto-estiveram-na-porta-do-hospital-onde-a-menina-esta-internada-para-realizar-o-procedimento-1024x767-1.jpg","twitter_creator":"@psol50","twitter_site":"@psol50","twitter_misc":{"Escrito por":"Comunica\u00e7\u00e3o PSOL","Est. tempo de leitura":"1 minuto"},"schema":{"@context":"https:\/\/schema.org","@graph":[{"@type":"Article","@id":"https:\/\/psol50.org.br\/psol-faz-apelo-urgente-a-onu-contra-portaria-do-governo-bolsonaro-que-dificulta-aborto-legal\/#article","isPartOf":{"@id":"https:\/\/psol50.org.br\/psol-faz-apelo-urgente-a-onu-contra-portaria-do-governo-bolsonaro-que-dificulta-aborto-legal\/"},"author":{"name":"Comunica\u00e7\u00e3o PSOL","@id":"https:\/\/psol50.org.br\/#\/schema\/person\/475dfa57d0b815993c714c2e96491fcd"},"headline":"PSOL faz apelo urgente \u00e0 ONU contra portaria do governo Bolsonaro que dificulta aborto legal","datePublished":"2020-08-31T15:10:37+00:00","mainEntityOfPage":{"@id":"https:\/\/psol50.org.br\/psol-faz-apelo-urgente-a-onu-contra-portaria-do-governo-bolsonaro-que-dificulta-aborto-legal\/"},"wordCount":267,"publisher":{"@id":"https:\/\/psol50.org.br\/#organization"},"image":{"@id":"https:\/\/psol50.org.br\/psol-faz-apelo-urgente-a-onu-contra-portaria-do-governo-bolsonaro-que-dificulta-aborto-legal\/#primaryimage"},"thumbnailUrl":"https:\/\/psol50.org.br\/inc\/uploads\/2020\/08\/pessoas-contrarias-e-a-favor-do-aborto-estiveram-na-porta-do-hospital-onde-a-menina-esta-internada-para-realizar-o-procedimento-1024x767-1.jpg","keywords":["aborto","estupro","feto","legal","michelle bachelet","ONU","PSOL"],"articleSection":["A\u00e7\u00e3o Parlamentar","Not\u00edcias"],"inLanguage":"pt-BR"},{"@type":"WebPage","@id":"https:\/\/psol50.org.br\/psol-faz-apelo-urgente-a-onu-contra-portaria-do-governo-bolsonaro-que-dificulta-aborto-legal\/","url":"https:\/\/psol50.org.br\/psol-faz-apelo-urgente-a-onu-contra-portaria-do-governo-bolsonaro-que-dificulta-aborto-legal\/","name":"PSOL faz apelo urgente \u00e0 ONU contra portaria do governo Bolsonaro que dificulta aborto legal","isPartOf":{"@id":"https:\/\/psol50.org.br\/#website"},"primaryImageOfPage":{"@id":"https:\/\/psol50.org.br\/psol-faz-apelo-urgente-a-onu-contra-portaria-do-governo-bolsonaro-que-dificulta-aborto-legal\/#primaryimage"},"image":{"@id":"https:\/\/psol50.org.br\/psol-faz-apelo-urgente-a-onu-contra-portaria-do-governo-bolsonaro-que-dificulta-aborto-legal\/#primaryimage"},"thumbnailUrl":"https:\/\/psol50.org.br\/inc\/uploads\/2020\/08\/pessoas-contrarias-e-a-favor-do-aborto-estiveram-na-porta-do-hospital-onde-a-menina-esta-internada-para-realizar-o-procedimento-1024x767-1.jpg","datePublished":"2020-08-31T15:10:37+00:00","description":"Entre as regras est\u00e1 a obriga\u00e7\u00e3o do m\u00e9dico de\u00a0acionar a pol\u00edcia antes do atendimento de qualquer mulher v\u00edtima de viol\u00eancia.","breadcrumb":{"@id":"https:\/\/psol50.org.br\/psol-faz-apelo-urgente-a-onu-contra-portaria-do-governo-bolsonaro-que-dificulta-aborto-legal\/#breadcrumb"},"inLanguage":"pt-BR","potentialAction":[{"@type":"ReadAction","target":["https:\/\/psol50.org.br\/psol-faz-apelo-urgente-a-onu-contra-portaria-do-governo-bolsonaro-que-dificulta-aborto-legal\/"]}]},{"@type":"ImageObject","inLanguage":"pt-BR","@id":"https:\/\/psol50.org.br\/psol-faz-apelo-urgente-a-onu-contra-portaria-do-governo-bolsonaro-que-dificulta-aborto-legal\/#primaryimage","url":"https:\/\/psol50.org.br\/inc\/uploads\/2020\/08\/pessoas-contrarias-e-a-favor-do-aborto-estiveram-na-porta-do-hospital-onde-a-menina-esta-internada-para-realizar-o-procedimento-1024x767-1.jpg","contentUrl":"https:\/\/psol50.org.br\/inc\/uploads\/2020\/08\/pessoas-contrarias-e-a-favor-do-aborto-estiveram-na-porta-do-hospital-onde-a-menina-esta-internada-para-realizar-o-procedimento-1024x767-1.jpg","width":1024,"height":767},{"@type":"BreadcrumbList","@id":"https:\/\/psol50.org.br\/psol-faz-apelo-urgente-a-onu-contra-portaria-do-governo-bolsonaro-que-dificulta-aborto-legal\/#breadcrumb","itemListElement":[{"@type":"ListItem","position":1,"name":"In\u00edcio","item":"https:\/\/psol50.org.br\/"},{"@type":"ListItem","position":2,"name":"PSOL faz apelo urgente \u00e0 ONU contra portaria do governo Bolsonaro que dificulta aborto legal"}]},{"@type":"WebSite","@id":"https:\/\/psol50.org.br\/#website","url":"https:\/\/psol50.org.br\/","name":"PSOL 50","description":"Site oficial do Partido Socialismo e Liberdade","publisher":{"@id":"https:\/\/psol50.org.br\/#organization"},"alternateName":"PSOL50","potentialAction":[{"@type":"SearchAction","target":{"@type":"EntryPoint","urlTemplate":"https:\/\/psol50.org.br\/?s={search_term_string}"},"query-input":{"@type":"PropertyValueSpecification","valueRequired":true,"valueName":"search_term_string"}}],"inLanguage":"pt-BR"},{"@type":"Organization","@id":"https:\/\/psol50.org.br\/#organization","name":"PSOL 50","alternateName":"PSOL 50","url":"https:\/\/psol50.org.br\/","logo":{"@type":"ImageObject","inLanguage":"pt-BR","@id":"https:\/\/psol50.org.br\/#\/schema\/logo\/image\/","url":"https:\/\/psol50.org.br\/inc\/uploads\/2018\/07\/capa.png","contentUrl":"https:\/\/psol50.org.br\/inc\/uploads\/2018\/07\/capa.png","width":1350,"height":900,"caption":"PSOL 50"},"image":{"@id":"https:\/\/psol50.org.br\/#\/schema\/logo\/image\/"},"sameAs":["https:\/\/www.facebook.com\/psol50","https:\/\/x.com\/psol50","https:\/\/www.instagram.com\/psol50\/","https:\/\/www.youtube.com\/channel\/UC7SnJS5o1os7a6CaiNabzcg"]},{"@type":"Person","@id":"https:\/\/psol50.org.br\/#\/schema\/person\/475dfa57d0b815993c714c2e96491fcd","name":"Comunica\u00e7\u00e3o PSOL","image":{"@type":"ImageObject","inLanguage":"pt-BR","@id":"https:\/\/psol50.org.br\/#\/schema\/person\/image\/","url":"https:\/\/secure.gravatar.com\/avatar\/b34fc4f4e468a4e51785917065a3db57b841f5c95dba6ad8c73aaf8f66f8f9bf?s=96&d=mm&r=g","contentUrl":"https:\/\/secure.gravatar.com\/avatar\/b34fc4f4e468a4e51785917065a3db57b841f5c95dba6ad8c73aaf8f66f8f9bf?s=96&d=mm&r=g","caption":"Comunica\u00e7\u00e3o PSOL"}}]}},"_links":{"self":[{"href":"https:\/\/psol50.org.br\/rest\/wp\/v2\/posts\/30578","targetHints":{"allow":["GET"]}}],"collection":[{"href":"https:\/\/psol50.org.br\/rest\/wp\/v2\/posts"}],"about":[{"href":"https:\/\/psol50.org.br\/rest\/wp\/v2\/types\/post"}],"author":[{"embeddable":true,"href":"https:\/\/psol50.org.br\/rest\/wp\/v2\/users\/2"}],"replies":[{"embeddable":true,"href":"https:\/\/psol50.org.br\/rest\/wp\/v2\/comments?post=30578"}],"version-history":[{"count":0,"href":"https:\/\/psol50.org.br\/rest\/wp\/v2\/posts\/30578\/revisions"}],"wp:featuredmedia":[{"embeddable":true,"href":"https:\/\/psol50.org.br\/rest\/wp\/v2\/media\/30494"}],"wp:attachment":[{"href":"https:\/\/psol50.org.br\/rest\/wp\/v2\/media?parent=30578"}],"wp:term":[{"taxonomy":"category","embeddable":true,"href":"https:\/\/psol50.org.br\/rest\/wp\/v2\/categories?post=30578"},{"taxonomy":"post_tag","embeddable":true,"href":"https:\/\/psol50.org.br\/rest\/wp\/v2\/tags?post=30578"}],"curies":[{"name":"wp","href":"https:\/\/api.w.org\/{rel}","templated":true}]}}