{"id":306,"date":"2006-05-04T00:00:00","date_gmt":"2006-05-04T00:00:00","guid":{"rendered":"http:\/\/psol50.org.br\/arquivo\/2006\/05\/04\/baba-sugere-nota-oficial-de-apoio-a-nacionalizacao-do-gas-na-bolivia\/"},"modified":"2006-05-04T00:00:00","modified_gmt":"2006-05-04T00:00:00","slug":"baba-sugere-nota-oficial-de-apoio-a-nacionalizacao-do-gas-na-bolivia","status":"publish","type":"post","link":"https:\/\/psol50.org.br\/baba-sugere-nota-oficial-de-apoio-a-nacionalizacao-do-gas-na-bolivia\/","title":{"rendered":"Bab\u00e1 sugere nota oficial de apoio \u00e0 nacionaliza\u00e7\u00e3o do g\u00e1s na Bol\u00edvia"},"content":{"rendered":"<p>Requer<br \/>\no envio de indica&ccedil;&atilde;o ao Presidente da Rep\u00fablica, Exmo.Sr&ordm; Lu\u00eds In\u00e1cio<br \/>\nLula da Silva, sugerindo solidariedade ao povo e ao governo boliviano<br \/>\nno intuito de reconhece-los como os \u00fanicos detentores e controladores<br \/>\ndas riquezas e recursos do Estado Boliviano.<\/p>\n<p><!--more--><\/p>\n<p><strong>Indica&ccedil;&atilde;o N&ordm; 8701 de 2006 do Deputado Federal Bab\u00e1<\/strong><\/p>\n<p>Excelent\u00edssimo Senhor Presidente da Rep\u00fablica:\n<\/p>\n<p>O<br \/>\nGoverno da Bol\u00edvia no dia 01 de Maio de 2006 apresentou o decreto de n&ordm;<br \/>\n28.701 que estabelece o estado Boliviano como o controlador de todo o<br \/>\nprocesso produtivo do petr\u00f3leo e g\u00e1s da Bol\u00edvia, nacionalizando dessa<br \/>\nforma o g\u00e1s e o petr\u00f3leo daquele pa\u00eds.\n<\/p>\n<p>Segundo o mesmo<br \/>\ndecreto a empresa estatal Yacimentos Petrol\u00edferos Fiscales da Bol\u00edvia<br \/>\n(YPFB) assume a parte majorit\u00e1ria das a&ccedil;&otilde;es de todas as filiais de<br \/>\ncompanhias petrol\u00edferas estrangeiras que atuam no pa\u00eds, entre elas a<br \/>\nPetrobr\u00e1s e passa a controlar todas as fases dos neg\u00f3cios do setor<br \/>\ndesde da explora&ccedil;&atilde;o at\u00e9 a fixa&ccedil;&atilde;o dos pre&ccedil;os aos mercados internos e<br \/>\nexternos.\n<\/p>\n<p>Esse decreto surge como o primeiro resultado das<br \/>\nher\u00f3icas lutas do povo boliviano reivindicando a nacionaliza&ccedil;&atilde;o total<br \/>\ndas riquezas do pa\u00eds e para de fato e de direito, depois de s\u00e9culos de<br \/>\nexplora&ccedil;&atilde;o, ser o real controlador dos recursos e riquezas do estado<br \/>\nBoliviano.\n<\/p>\n<p>A hist\u00f3ria da Bol\u00edvia confunde-se com a luta do<br \/>\npovo Boliviano: a luta pelas minas de prata que enriqueceram os<br \/>\ncolonizadores espanh\u00f3is e escravizaram os povos aymar\u00e1s e qu\u00edchuas; a<br \/>\nluta dos her\u00f3icos mineiros contra o saque do estanho, sempre &agrave; servi&ccedil;o<br \/>\nde uma pequena oligarquia branca descendente dos colonizadores que<br \/>\naprofundou as entregas das riquezas naturais do pa\u00eds, entre elas a \u00e1gua<br \/>\nque provocou a revolta do povo de Cochabamba..\n<\/p>\n<p>Durante<br \/>\ns\u00e9culos, a maioria dos governos da Bol\u00edvia &#8211; civis e militares &ndash;<br \/>\ngovernaram em total subservi&ecirc;ncia ao imperialismo e &agrave;s multinacionais,<br \/>\nas principais controladoras das riquezas do pa\u00eds. Enquanto as<br \/>\nMultinacionais lucravam com a riqueza alheia o pa\u00eds figurava entre os<br \/>\nmais pobres do continente.\n<\/p>\n<p>Sugiro assim que o Exmo.Sr&ordm;<br \/>\nPresidente reconhe&ccedil;a de imediato o povo e o governo da Bol\u00edvia como os<br \/>\nverdadeiros propriet\u00e1rios, detentores e controladores da riqueza do<br \/>\nEstado Boliviano, solidarizando-se a esse povo que durante s\u00e9culos<br \/>\nresistiu com muita luta contra a usurpa&ccedil;&atilde;o da sua na&ccedil;&atilde;o, dando<br \/>\ndemonstra&ccedil;&otilde;es da grande import&acirc;ncia de ser o povo o verdadeiro<br \/>\ncontrolador dos seus recursos.<\/p>\n","protected":false},"excerpt":{"rendered":"<p>Requer o envio de indica&ccedil;&atilde;o ao Presidente da Rep\u00fablica, Exmo.Sr&ordm; Lu\u00eds In\u00e1cio Lula da Silva, sugerindo solidariedade ao povo e ao governo boliviano no intuito de reconhece-los como os \u00fanicos detentores e controladores das riquezas e recursos do Estado Boliviano.<\/p>\n","protected":false},"author":2,"featured_media":0,"comment_status":"open","ping_status":"open","sticky":false,"template":"","format":"standard","meta":{"_acf_changed":false,"footnotes":""},"categories":[4766],"tags":[],"class_list":{"0":"post-306","1":"post","2":"type-post","3":"status-publish","4":"format-standard","6":"category-arquivo"},"acf":[],"yoast_head":"<!-- This site is optimized with the Yoast SEO plugin v26.5 - https:\/\/yoast.com\/wordpress\/plugins\/seo\/ -->\n<title>Bab\u00e1 sugere nota oficial de apoio \u00e0 nacionaliza\u00e7\u00e3o do g\u00e1s na Bol\u00edvia - PSOL 50<\/title>\n<meta name=\"robots\" content=\"index, follow, max-snippet:-1, max-image-preview:large, max-video-preview:-1\" \/>\n<link rel=\"canonical\" href=\"https:\/\/psol50.org.br\/baba-sugere-nota-oficial-de-apoio-a-nacionalizacao-do-gas-na-bolivia\/\" \/>\n<meta property=\"og:locale\" content=\"pt_BR\" \/>\n<meta property=\"og:type\" content=\"article\" \/>\n<meta property=\"og:title\" content=\"Bab\u00e1 sugere nota oficial de apoio \u00e0 nacionaliza\u00e7\u00e3o do g\u00e1s na Bol\u00edvia - PSOL 50\" \/>\n<meta property=\"og:description\" content=\"Requer o envio de indica&ccedil;&atilde;o ao Presidente da Rep\u00fablica, Exmo.Sr&ordm; Lu\u00eds In\u00e1cio Lula da Silva, sugerindo solidariedade ao povo e ao governo boliviano no intuito de reconhece-los como os \u00fanicos detentores e controladores das riquezas e recursos do Estado Boliviano.\" \/>\n<meta property=\"og:url\" content=\"https:\/\/psol50.org.br\/baba-sugere-nota-oficial-de-apoio-a-nacionalizacao-do-gas-na-bolivia\/\" \/>\n<meta property=\"og:site_name\" content=\"PSOL 50\" \/>\n<meta property=\"article:publisher\" content=\"https:\/\/www.facebook.com\/psol50\" \/>\n<meta property=\"article:published_time\" content=\"2006-05-04T00:00:00+00:00\" \/>\n<meta property=\"og:image\" content=\"https:\/\/psol50.org.br\/inc\/uploads\/2018\/07\/capa.png\" \/>\n\t<meta property=\"og:image:width\" content=\"1350\" \/>\n\t<meta property=\"og:image:height\" content=\"900\" \/>\n\t<meta property=\"og:image:type\" content=\"image\/png\" \/>\n<meta name=\"author\" content=\"Comunica\u00e7\u00e3o PSOL\" \/>\n<meta name=\"twitter:card\" content=\"summary_large_image\" \/>\n<meta name=\"twitter:creator\" content=\"@psol50\" \/>\n<meta name=\"twitter:site\" content=\"@psol50\" \/>\n<meta name=\"twitter:label1\" content=\"Escrito por\" \/>\n\t<meta name=\"twitter:data1\" content=\"Comunica\u00e7\u00e3o PSOL\" \/>\n\t<meta name=\"twitter:label2\" content=\"Est. tempo de leitura\" \/>\n\t<meta name=\"twitter:data2\" content=\"2 minutos\" \/>\n<script type=\"application\/ld+json\" class=\"yoast-schema-graph\">{\"@context\":\"https:\/\/schema.org\",\"@graph\":[{\"@type\":\"Article\",\"@id\":\"https:\/\/psol50.org.br\/baba-sugere-nota-oficial-de-apoio-a-nacionalizacao-do-gas-na-bolivia\/#article\",\"isPartOf\":{\"@id\":\"https:\/\/psol50.org.br\/baba-sugere-nota-oficial-de-apoio-a-nacionalizacao-do-gas-na-bolivia\/\"},\"author\":{\"name\":\"Comunica\u00e7\u00e3o PSOL\",\"@id\":\"https:\/\/psol50.org.br\/#\/schema\/person\/475dfa57d0b815993c714c2e96491fcd\"},\"headline\":\"Bab\u00e1 sugere nota oficial de apoio \u00e0 nacionaliza\u00e7\u00e3o do g\u00e1s na Bol\u00edvia\",\"datePublished\":\"2006-05-04T00:00:00+00:00\",\"mainEntityOfPage\":{\"@id\":\"https:\/\/psol50.org.br\/baba-sugere-nota-oficial-de-apoio-a-nacionalizacao-do-gas-na-bolivia\/\"},\"wordCount\":472,\"commentCount\":0,\"publisher\":{\"@id\":\"https:\/\/psol50.org.br\/#organization\"},\"articleSection\":[\"Arquivo\"],\"inLanguage\":\"pt-BR\",\"potentialAction\":[{\"@type\":\"CommentAction\",\"name\":\"Comment\",\"target\":[\"https:\/\/psol50.org.br\/baba-sugere-nota-oficial-de-apoio-a-nacionalizacao-do-gas-na-bolivia\/#respond\"]}]},{\"@type\":\"WebPage\",\"@id\":\"https:\/\/psol50.org.br\/baba-sugere-nota-oficial-de-apoio-a-nacionalizacao-do-gas-na-bolivia\/\",\"url\":\"https:\/\/psol50.org.br\/baba-sugere-nota-oficial-de-apoio-a-nacionalizacao-do-gas-na-bolivia\/\",\"name\":\"Bab\u00e1 sugere nota oficial de apoio \u00e0 nacionaliza\u00e7\u00e3o do g\u00e1s na Bol\u00edvia - PSOL 50\",\"isPartOf\":{\"@id\":\"https:\/\/psol50.org.br\/#website\"},\"datePublished\":\"2006-05-04T00:00:00+00:00\",\"breadcrumb\":{\"@id\":\"https:\/\/psol50.org.br\/baba-sugere-nota-oficial-de-apoio-a-nacionalizacao-do-gas-na-bolivia\/#breadcrumb\"},\"inLanguage\":\"pt-BR\",\"potentialAction\":[{\"@type\":\"ReadAction\",\"target\":[\"https:\/\/psol50.org.br\/baba-sugere-nota-oficial-de-apoio-a-nacionalizacao-do-gas-na-bolivia\/\"]}]},{\"@type\":\"BreadcrumbList\",\"@id\":\"https:\/\/psol50.org.br\/baba-sugere-nota-oficial-de-apoio-a-nacionalizacao-do-gas-na-bolivia\/#breadcrumb\",\"itemListElement\":[{\"@type\":\"ListItem\",\"position\":1,\"name\":\"In\u00edcio\",\"item\":\"https:\/\/psol50.org.br\/\"},{\"@type\":\"ListItem\",\"position\":2,\"name\":\"Bab\u00e1 sugere nota oficial de apoio \u00e0 nacionaliza\u00e7\u00e3o do g\u00e1s na Bol\u00edvia\"}]},{\"@type\":\"WebSite\",\"@id\":\"https:\/\/psol50.org.br\/#website\",\"url\":\"https:\/\/psol50.org.br\/\",\"name\":\"PSOL 50\",\"description\":\"Site oficial do Partido Socialismo e Liberdade\",\"publisher\":{\"@id\":\"https:\/\/psol50.org.br\/#organization\"},\"alternateName\":\"PSOL50\",\"potentialAction\":[{\"@type\":\"SearchAction\",\"target\":{\"@type\":\"EntryPoint\",\"urlTemplate\":\"https:\/\/psol50.org.br\/?s={search_term_string}\"},\"query-input\":{\"@type\":\"PropertyValueSpecification\",\"valueRequired\":true,\"valueName\":\"search_term_string\"}}],\"inLanguage\":\"pt-BR\"},{\"@type\":\"Organization\",\"@id\":\"https:\/\/psol50.org.br\/#organization\",\"name\":\"PSOL 50\",\"alternateName\":\"PSOL 50\",\"url\":\"https:\/\/psol50.org.br\/\",\"logo\":{\"@type\":\"ImageObject\",\"inLanguage\":\"pt-BR\",\"@id\":\"https:\/\/psol50.org.br\/#\/schema\/logo\/image\/\",\"url\":\"https:\/\/psol50.org.br\/inc\/uploads\/2018\/07\/capa.png\",\"contentUrl\":\"https:\/\/psol50.org.br\/inc\/uploads\/2018\/07\/capa.png\",\"width\":1350,\"height\":900,\"caption\":\"PSOL 50\"},\"image\":{\"@id\":\"https:\/\/psol50.org.br\/#\/schema\/logo\/image\/\"},\"sameAs\":[\"https:\/\/www.facebook.com\/psol50\",\"https:\/\/x.com\/psol50\",\"https:\/\/www.instagram.com\/psol50\/\",\"https:\/\/www.youtube.com\/channel\/UC7SnJS5o1os7a6CaiNabzcg\"]},{\"@type\":\"Person\",\"@id\":\"https:\/\/psol50.org.br\/#\/schema\/person\/475dfa57d0b815993c714c2e96491fcd\",\"name\":\"Comunica\u00e7\u00e3o PSOL\",\"image\":{\"@type\":\"ImageObject\",\"inLanguage\":\"pt-BR\",\"@id\":\"https:\/\/psol50.org.br\/#\/schema\/person\/image\/\",\"url\":\"https:\/\/secure.gravatar.com\/avatar\/b34fc4f4e468a4e51785917065a3db57b841f5c95dba6ad8c73aaf8f66f8f9bf?s=96&d=mm&r=g\",\"contentUrl\":\"https:\/\/secure.gravatar.com\/avatar\/b34fc4f4e468a4e51785917065a3db57b841f5c95dba6ad8c73aaf8f66f8f9bf?s=96&d=mm&r=g\",\"caption\":\"Comunica\u00e7\u00e3o PSOL\"}}]}<\/script>\n<!-- \/ Yoast SEO plugin. -->","yoast_head_json":{"title":"Bab\u00e1 sugere nota oficial de apoio \u00e0 nacionaliza\u00e7\u00e3o do g\u00e1s na Bol\u00edvia - PSOL 50","robots":{"index":"index","follow":"follow","max-snippet":"max-snippet:-1","max-image-preview":"max-image-preview:large","max-video-preview":"max-video-preview:-1"},"canonical":"https:\/\/psol50.org.br\/baba-sugere-nota-oficial-de-apoio-a-nacionalizacao-do-gas-na-bolivia\/","og_locale":"pt_BR","og_type":"article","og_title":"Bab\u00e1 sugere nota oficial de apoio \u00e0 nacionaliza\u00e7\u00e3o do g\u00e1s na Bol\u00edvia - PSOL 50","og_description":"Requer o envio de indica&ccedil;&atilde;o ao Presidente da Rep\u00fablica, Exmo.Sr&ordm; Lu\u00eds In\u00e1cio Lula da Silva, sugerindo solidariedade ao povo e ao governo boliviano no intuito de reconhece-los como os \u00fanicos detentores e controladores das riquezas e recursos do Estado Boliviano.","og_url":"https:\/\/psol50.org.br\/baba-sugere-nota-oficial-de-apoio-a-nacionalizacao-do-gas-na-bolivia\/","og_site_name":"PSOL 50","article_publisher":"https:\/\/www.facebook.com\/psol50","article_published_time":"2006-05-04T00:00:00+00:00","og_image":[{"width":1350,"height":900,"url":"https:\/\/psol50.org.br\/inc\/uploads\/2018\/07\/capa.png","type":"image\/png"}],"author":"Comunica\u00e7\u00e3o PSOL","twitter_card":"summary_large_image","twitter_creator":"@psol50","twitter_site":"@psol50","twitter_misc":{"Escrito por":"Comunica\u00e7\u00e3o PSOL","Est. tempo de leitura":"2 minutos"},"schema":{"@context":"https:\/\/schema.org","@graph":[{"@type":"Article","@id":"https:\/\/psol50.org.br\/baba-sugere-nota-oficial-de-apoio-a-nacionalizacao-do-gas-na-bolivia\/#article","isPartOf":{"@id":"https:\/\/psol50.org.br\/baba-sugere-nota-oficial-de-apoio-a-nacionalizacao-do-gas-na-bolivia\/"},"author":{"name":"Comunica\u00e7\u00e3o PSOL","@id":"https:\/\/psol50.org.br\/#\/schema\/person\/475dfa57d0b815993c714c2e96491fcd"},"headline":"Bab\u00e1 sugere nota oficial de apoio \u00e0 nacionaliza\u00e7\u00e3o do g\u00e1s na Bol\u00edvia","datePublished":"2006-05-04T00:00:00+00:00","mainEntityOfPage":{"@id":"https:\/\/psol50.org.br\/baba-sugere-nota-oficial-de-apoio-a-nacionalizacao-do-gas-na-bolivia\/"},"wordCount":472,"commentCount":0,"publisher":{"@id":"https:\/\/psol50.org.br\/#organization"},"articleSection":["Arquivo"],"inLanguage":"pt-BR","potentialAction":[{"@type":"CommentAction","name":"Comment","target":["https:\/\/psol50.org.br\/baba-sugere-nota-oficial-de-apoio-a-nacionalizacao-do-gas-na-bolivia\/#respond"]}]},{"@type":"WebPage","@id":"https:\/\/psol50.org.br\/baba-sugere-nota-oficial-de-apoio-a-nacionalizacao-do-gas-na-bolivia\/","url":"https:\/\/psol50.org.br\/baba-sugere-nota-oficial-de-apoio-a-nacionalizacao-do-gas-na-bolivia\/","name":"Bab\u00e1 sugere nota oficial de apoio \u00e0 nacionaliza\u00e7\u00e3o do g\u00e1s na Bol\u00edvia - PSOL 50","isPartOf":{"@id":"https:\/\/psol50.org.br\/#website"},"datePublished":"2006-05-04T00:00:00+00:00","breadcrumb":{"@id":"https:\/\/psol50.org.br\/baba-sugere-nota-oficial-de-apoio-a-nacionalizacao-do-gas-na-bolivia\/#breadcrumb"},"inLanguage":"pt-BR","potentialAction":[{"@type":"ReadAction","target":["https:\/\/psol50.org.br\/baba-sugere-nota-oficial-de-apoio-a-nacionalizacao-do-gas-na-bolivia\/"]}]},{"@type":"BreadcrumbList","@id":"https:\/\/psol50.org.br\/baba-sugere-nota-oficial-de-apoio-a-nacionalizacao-do-gas-na-bolivia\/#breadcrumb","itemListElement":[{"@type":"ListItem","position":1,"name":"In\u00edcio","item":"https:\/\/psol50.org.br\/"},{"@type":"ListItem","position":2,"name":"Bab\u00e1 sugere nota oficial de apoio \u00e0 nacionaliza\u00e7\u00e3o do g\u00e1s na Bol\u00edvia"}]},{"@type":"WebSite","@id":"https:\/\/psol50.org.br\/#website","url":"https:\/\/psol50.org.br\/","name":"PSOL 50","description":"Site oficial do Partido Socialismo e Liberdade","publisher":{"@id":"https:\/\/psol50.org.br\/#organization"},"alternateName":"PSOL50","potentialAction":[{"@type":"SearchAction","target":{"@type":"EntryPoint","urlTemplate":"https:\/\/psol50.org.br\/?s={search_term_string}"},"query-input":{"@type":"PropertyValueSpecification","valueRequired":true,"valueName":"search_term_string"}}],"inLanguage":"pt-BR"},{"@type":"Organization","@id":"https:\/\/psol50.org.br\/#organization","name":"PSOL 50","alternateName":"PSOL 50","url":"https:\/\/psol50.org.br\/","logo":{"@type":"ImageObject","inLanguage":"pt-BR","@id":"https:\/\/psol50.org.br\/#\/schema\/logo\/image\/","url":"https:\/\/psol50.org.br\/inc\/uploads\/2018\/07\/capa.png","contentUrl":"https:\/\/psol50.org.br\/inc\/uploads\/2018\/07\/capa.png","width":1350,"height":900,"caption":"PSOL 50"},"image":{"@id":"https:\/\/psol50.org.br\/#\/schema\/logo\/image\/"},"sameAs":["https:\/\/www.facebook.com\/psol50","https:\/\/x.com\/psol50","https:\/\/www.instagram.com\/psol50\/","https:\/\/www.youtube.com\/channel\/UC7SnJS5o1os7a6CaiNabzcg"]},{"@type":"Person","@id":"https:\/\/psol50.org.br\/#\/schema\/person\/475dfa57d0b815993c714c2e96491fcd","name":"Comunica\u00e7\u00e3o PSOL","image":{"@type":"ImageObject","inLanguage":"pt-BR","@id":"https:\/\/psol50.org.br\/#\/schema\/person\/image\/","url":"https:\/\/secure.gravatar.com\/avatar\/b34fc4f4e468a4e51785917065a3db57b841f5c95dba6ad8c73aaf8f66f8f9bf?s=96&d=mm&r=g","contentUrl":"https:\/\/secure.gravatar.com\/avatar\/b34fc4f4e468a4e51785917065a3db57b841f5c95dba6ad8c73aaf8f66f8f9bf?s=96&d=mm&r=g","caption":"Comunica\u00e7\u00e3o PSOL"}}]}},"_links":{"self":[{"href":"https:\/\/psol50.org.br\/rest\/wp\/v2\/posts\/306","targetHints":{"allow":["GET"]}}],"collection":[{"href":"https:\/\/psol50.org.br\/rest\/wp\/v2\/posts"}],"about":[{"href":"https:\/\/psol50.org.br\/rest\/wp\/v2\/types\/post"}],"author":[{"embeddable":true,"href":"https:\/\/psol50.org.br\/rest\/wp\/v2\/users\/2"}],"replies":[{"embeddable":true,"href":"https:\/\/psol50.org.br\/rest\/wp\/v2\/comments?post=306"}],"version-history":[{"count":0,"href":"https:\/\/psol50.org.br\/rest\/wp\/v2\/posts\/306\/revisions"}],"wp:attachment":[{"href":"https:\/\/psol50.org.br\/rest\/wp\/v2\/media?parent=306"}],"wp:term":[{"taxonomy":"category","embeddable":true,"href":"https:\/\/psol50.org.br\/rest\/wp\/v2\/categories?post=306"},{"taxonomy":"post_tag","embeddable":true,"href":"https:\/\/psol50.org.br\/rest\/wp\/v2\/tags?post=306"}],"curies":[{"name":"wp","href":"https:\/\/api.w.org\/{rel}","templated":true}]}}