{"id":3060,"date":"2014-11-19T00:00:00","date_gmt":"2014-11-19T16:26:29","guid":{"rendered":"http:\/\/psol50.org.br\/arquivo\/2014\/11\/19\/no-dia-da-consciencia-negra-organizacoes-saem-as-ruas\/"},"modified":"2014-11-19T00:00:00","modified_gmt":"2014-11-19T16:26:29","slug":"no-dia-da-consciencia-negra-organizacoes-saem-as-ruas","status":"publish","type":"post","link":"https:\/\/psol50.org.br\/no-dia-da-consciencia-negra-organizacoes-saem-as-ruas\/","title":{"rendered":"No Dia da Consci\u00eancia Negra, organiza\u00e7\u00f5es saem \u00e0s ruas"},"content":{"rendered":"<p style=\"text-align: justify;\">\n\t<span style=\"font-family:arial,helvetica,sans-serif;\"><span style=\"font-size: 12px;\">Em todo o Brasil, entidades e organiza\u00e7\u00f5es do movimento negro saem \u00e0s ruas nesta quinta-feira (20), Dia Nacional da Consci\u00eancia Negra. A data celebra o legado de Zumbi do Palmares, s\u00edmbolo da luta contra o racismo e por uma sociedade livre e igualit\u00e1ria.<br \/>\n\t&nbsp;<br \/>\n\tAp\u00f3s mais de 126 anos da aboli\u00e7\u00e3o, negros no Brasil ainda enfrentam muitos obst\u00e1culos para a plena igualdade. Para o movimento negro, o racismo \u00e9 estrutural e continua impregnado na sociedade brasileira, apesar das conquistas de importantes pol\u00edticas p\u00fablicas de inclus\u00e3o e igualdade racial.<br \/>\n\t&nbsp;<br \/>\n\tO movimento denuncia o genoc\u00eddio da juventude negra por for\u00e7as policiais, as interven\u00e7\u00f5es urbanas que isolam as periferias das grandes cidades e a pouca presen\u00e7a de negros nos espa\u00e7os institucionais do Estado.<br \/>\n\t&nbsp;<br \/>\n\tA XI Marcha da Consci\u00eancia Negra, que acontecer\u00e1 em v\u00e1rias capitais neste dia 20, defende sete eixos de mudan\u00e7as necess\u00e1rias para que o combate ao racismo avance no pa\u00eds. Entre os pontos est\u00e3o a reforma pol\u00edtica por meio de uma constituinte do sistema pol\u00edtico, a democratiza\u00e7\u00e3o dos meios de comunica\u00e7\u00e3o, a desmilitariza\u00e7\u00e3o da pol\u00edcia e a destina\u00e7\u00e3o de mais recursos para pol\u00edticas de inclus\u00e3o racial.<br \/>\n\t&nbsp;<br \/>\n\tO movimento defende ainda a implanta\u00e7\u00e3o de leis antirracismo, o direito de express\u00e3o das religi\u00f5es de matriz africana, o combate ao machismo e o fim da viol\u00eancia contra a mulher negra.<br \/>\n\t&nbsp;<br \/>\n\t<strong>Marcha independente<\/strong><br \/>\n\tA integrante da Executiva Nacional do PSOL e militante do C\u00edrculo Palmarino, Luciete Silva, explica que este ano a XI Marcha da Consci\u00eancia Negra em S\u00e3o Paulo ter\u00e1 um diferencial, que \u00e9 a independ\u00eancia em rela\u00e7\u00e3o \u00e0 Prefeitura Municipal, que nos anos anteriores contribu\u00eda com a organiza\u00e7\u00e3o. \u201cDesta vez a marcha seguir\u00e1 com suas pr\u00f3prias pernas, sem estar atrelada \u00e0 Prefeitura. N\u00f3s sempre defendemos essa posi\u00e7\u00e3o. O desafio agora \u00e9 mobilizar o maior n\u00famero poss\u00edvel de grupos e militantes do movimento negro para a marcha, garantindo a nossa independ\u00eancia\u201d, explica Luciete.<br \/>\n\t&nbsp;<br \/>\n\tSegundo ela, v\u00e1rias organiza\u00e7\u00f5es participam da constru\u00e7\u00e3o da Marcha da Consci\u00eancia Negra, entre as quais o C\u00edrculo Palmarino e a Uneafro, que contam com militantes do PSOL.<br \/>\n\t&nbsp;<br \/>\n\tEm S\u00e3o Paulo, a concentra\u00e7\u00e3o ser\u00e1 \u00e0s 11h no v\u00e3o livre do MASP, na Avenida Paulista.<br \/>\n\t&nbsp;<\/span><\/span><\/p>\n","protected":false},"excerpt":{"rendered":"<p>Entidades querem reformas estruturais para combater o racismo, defendem a desmilitariza\u00e7\u00e3o da pol\u00edcia e o direito de express\u00e3o das religi\u00f5es de matriz africana<\/p>\n","protected":false},"author":2,"featured_media":0,"comment_status":"open","ping_status":"open","sticky":false,"template":"","format":"standard","meta":{"_acf_changed":false,"footnotes":""},"categories":[4766,1104,6],"tags":[],"class_list":{"0":"post-3060","1":"post","2":"type-post","3":"status-publish","4":"format-standard","6":"category-arquivo","7":"category-movimento","8":"category-noticias"},"acf":[],"yoast_head":"<!-- This site is optimized with the Yoast SEO plugin v26.5 - https:\/\/yoast.com\/wordpress\/plugins\/seo\/ -->\n<title>No Dia da Consci\u00eancia Negra, organiza\u00e7\u00f5es saem \u00e0s ruas - PSOL 50<\/title>\n<meta name=\"robots\" content=\"index, follow, max-snippet:-1, max-image-preview:large, max-video-preview:-1\" \/>\n<link rel=\"canonical\" href=\"https:\/\/psol50.org.br\/no-dia-da-consciencia-negra-organizacoes-saem-as-ruas\/\" \/>\n<meta property=\"og:locale\" content=\"pt_BR\" \/>\n<meta property=\"og:type\" content=\"article\" \/>\n<meta property=\"og:title\" content=\"No Dia da Consci\u00eancia Negra, organiza\u00e7\u00f5es saem \u00e0s ruas - PSOL 50\" \/>\n<meta property=\"og:description\" content=\"Entidades querem reformas estruturais para combater o racismo, defendem a desmilitariza\u00e7\u00e3o da pol\u00edcia e o direito de express\u00e3o das religi\u00f5es de matriz africana\" \/>\n<meta property=\"og:url\" content=\"https:\/\/psol50.org.br\/no-dia-da-consciencia-negra-organizacoes-saem-as-ruas\/\" \/>\n<meta property=\"og:site_name\" content=\"PSOL 50\" \/>\n<meta property=\"article:publisher\" content=\"https:\/\/www.facebook.com\/psol50\" \/>\n<meta property=\"article:published_time\" content=\"2014-11-19T16:26:29+00:00\" \/>\n<meta property=\"og:image\" content=\"https:\/\/psol50.org.br\/inc\/uploads\/2018\/07\/capa.png\" \/>\n\t<meta property=\"og:image:width\" content=\"1350\" \/>\n\t<meta property=\"og:image:height\" content=\"900\" \/>\n\t<meta property=\"og:image:type\" content=\"image\/png\" \/>\n<meta name=\"author\" content=\"Comunica\u00e7\u00e3o PSOL\" \/>\n<meta name=\"twitter:card\" content=\"summary_large_image\" \/>\n<meta name=\"twitter:creator\" content=\"@psol50\" \/>\n<meta name=\"twitter:site\" content=\"@psol50\" \/>\n<meta name=\"twitter:label1\" content=\"Escrito por\" \/>\n\t<meta name=\"twitter:data1\" content=\"Comunica\u00e7\u00e3o PSOL\" \/>\n\t<meta name=\"twitter:label2\" content=\"Est. tempo de leitura\" \/>\n\t<meta name=\"twitter:data2\" content=\"2 minutos\" \/>\n<script type=\"application\/ld+json\" class=\"yoast-schema-graph\">{\"@context\":\"https:\/\/schema.org\",\"@graph\":[{\"@type\":\"Article\",\"@id\":\"https:\/\/psol50.org.br\/no-dia-da-consciencia-negra-organizacoes-saem-as-ruas\/#article\",\"isPartOf\":{\"@id\":\"https:\/\/psol50.org.br\/no-dia-da-consciencia-negra-organizacoes-saem-as-ruas\/\"},\"author\":{\"name\":\"Comunica\u00e7\u00e3o PSOL\",\"@id\":\"https:\/\/psol50.org.br\/#\/schema\/person\/475dfa57d0b815993c714c2e96491fcd\"},\"headline\":\"No Dia da Consci\u00eancia Negra, organiza\u00e7\u00f5es saem \u00e0s ruas\",\"datePublished\":\"2014-11-19T16:26:29+00:00\",\"mainEntityOfPage\":{\"@id\":\"https:\/\/psol50.org.br\/no-dia-da-consciencia-negra-organizacoes-saem-as-ruas\/\"},\"wordCount\":417,\"commentCount\":0,\"publisher\":{\"@id\":\"https:\/\/psol50.org.br\/#organization\"},\"articleSection\":[\"Arquivo\",\"Movimento\",\"Not\u00edcias\"],\"inLanguage\":\"pt-BR\",\"potentialAction\":[{\"@type\":\"CommentAction\",\"name\":\"Comment\",\"target\":[\"https:\/\/psol50.org.br\/no-dia-da-consciencia-negra-organizacoes-saem-as-ruas\/#respond\"]}]},{\"@type\":\"WebPage\",\"@id\":\"https:\/\/psol50.org.br\/no-dia-da-consciencia-negra-organizacoes-saem-as-ruas\/\",\"url\":\"https:\/\/psol50.org.br\/no-dia-da-consciencia-negra-organizacoes-saem-as-ruas\/\",\"name\":\"No Dia da Consci\u00eancia Negra, organiza\u00e7\u00f5es saem \u00e0s ruas - PSOL 50\",\"isPartOf\":{\"@id\":\"https:\/\/psol50.org.br\/#website\"},\"datePublished\":\"2014-11-19T16:26:29+00:00\",\"breadcrumb\":{\"@id\":\"https:\/\/psol50.org.br\/no-dia-da-consciencia-negra-organizacoes-saem-as-ruas\/#breadcrumb\"},\"inLanguage\":\"pt-BR\",\"potentialAction\":[{\"@type\":\"ReadAction\",\"target\":[\"https:\/\/psol50.org.br\/no-dia-da-consciencia-negra-organizacoes-saem-as-ruas\/\"]}]},{\"@type\":\"BreadcrumbList\",\"@id\":\"https:\/\/psol50.org.br\/no-dia-da-consciencia-negra-organizacoes-saem-as-ruas\/#breadcrumb\",\"itemListElement\":[{\"@type\":\"ListItem\",\"position\":1,\"name\":\"In\u00edcio\",\"item\":\"https:\/\/psol50.org.br\/\"},{\"@type\":\"ListItem\",\"position\":2,\"name\":\"No Dia da Consci\u00eancia Negra, organiza\u00e7\u00f5es saem \u00e0s ruas\"}]},{\"@type\":\"WebSite\",\"@id\":\"https:\/\/psol50.org.br\/#website\",\"url\":\"https:\/\/psol50.org.br\/\",\"name\":\"PSOL 50\",\"description\":\"Site oficial do Partido Socialismo e Liberdade\",\"publisher\":{\"@id\":\"https:\/\/psol50.org.br\/#organization\"},\"alternateName\":\"PSOL50\",\"potentialAction\":[{\"@type\":\"SearchAction\",\"target\":{\"@type\":\"EntryPoint\",\"urlTemplate\":\"https:\/\/psol50.org.br\/?s={search_term_string}\"},\"query-input\":{\"@type\":\"PropertyValueSpecification\",\"valueRequired\":true,\"valueName\":\"search_term_string\"}}],\"inLanguage\":\"pt-BR\"},{\"@type\":\"Organization\",\"@id\":\"https:\/\/psol50.org.br\/#organization\",\"name\":\"PSOL 50\",\"alternateName\":\"PSOL 50\",\"url\":\"https:\/\/psol50.org.br\/\",\"logo\":{\"@type\":\"ImageObject\",\"inLanguage\":\"pt-BR\",\"@id\":\"https:\/\/psol50.org.br\/#\/schema\/logo\/image\/\",\"url\":\"https:\/\/psol50.org.br\/inc\/uploads\/2018\/07\/capa.png\",\"contentUrl\":\"https:\/\/psol50.org.br\/inc\/uploads\/2018\/07\/capa.png\",\"width\":1350,\"height\":900,\"caption\":\"PSOL 50\"},\"image\":{\"@id\":\"https:\/\/psol50.org.br\/#\/schema\/logo\/image\/\"},\"sameAs\":[\"https:\/\/www.facebook.com\/psol50\",\"https:\/\/x.com\/psol50\",\"https:\/\/www.instagram.com\/psol50\/\",\"https:\/\/www.youtube.com\/channel\/UC7SnJS5o1os7a6CaiNabzcg\"]},{\"@type\":\"Person\",\"@id\":\"https:\/\/psol50.org.br\/#\/schema\/person\/475dfa57d0b815993c714c2e96491fcd\",\"name\":\"Comunica\u00e7\u00e3o PSOL\",\"image\":{\"@type\":\"ImageObject\",\"inLanguage\":\"pt-BR\",\"@id\":\"https:\/\/psol50.org.br\/#\/schema\/person\/image\/\",\"url\":\"https:\/\/secure.gravatar.com\/avatar\/b34fc4f4e468a4e51785917065a3db57b841f5c95dba6ad8c73aaf8f66f8f9bf?s=96&d=mm&r=g\",\"contentUrl\":\"https:\/\/secure.gravatar.com\/avatar\/b34fc4f4e468a4e51785917065a3db57b841f5c95dba6ad8c73aaf8f66f8f9bf?s=96&d=mm&r=g\",\"caption\":\"Comunica\u00e7\u00e3o PSOL\"}}]}<\/script>\n<!-- \/ Yoast SEO plugin. -->","yoast_head_json":{"title":"No Dia da Consci\u00eancia Negra, organiza\u00e7\u00f5es saem \u00e0s ruas - PSOL 50","robots":{"index":"index","follow":"follow","max-snippet":"max-snippet:-1","max-image-preview":"max-image-preview:large","max-video-preview":"max-video-preview:-1"},"canonical":"https:\/\/psol50.org.br\/no-dia-da-consciencia-negra-organizacoes-saem-as-ruas\/","og_locale":"pt_BR","og_type":"article","og_title":"No Dia da Consci\u00eancia Negra, organiza\u00e7\u00f5es saem \u00e0s ruas - PSOL 50","og_description":"Entidades querem reformas estruturais para combater o racismo, defendem a desmilitariza\u00e7\u00e3o da pol\u00edcia e o direito de express\u00e3o das religi\u00f5es de matriz africana","og_url":"https:\/\/psol50.org.br\/no-dia-da-consciencia-negra-organizacoes-saem-as-ruas\/","og_site_name":"PSOL 50","article_publisher":"https:\/\/www.facebook.com\/psol50","article_published_time":"2014-11-19T16:26:29+00:00","og_image":[{"width":1350,"height":900,"url":"https:\/\/psol50.org.br\/inc\/uploads\/2018\/07\/capa.png","type":"image\/png"}],"author":"Comunica\u00e7\u00e3o PSOL","twitter_card":"summary_large_image","twitter_creator":"@psol50","twitter_site":"@psol50","twitter_misc":{"Escrito por":"Comunica\u00e7\u00e3o PSOL","Est. tempo de leitura":"2 minutos"},"schema":{"@context":"https:\/\/schema.org","@graph":[{"@type":"Article","@id":"https:\/\/psol50.org.br\/no-dia-da-consciencia-negra-organizacoes-saem-as-ruas\/#article","isPartOf":{"@id":"https:\/\/psol50.org.br\/no-dia-da-consciencia-negra-organizacoes-saem-as-ruas\/"},"author":{"name":"Comunica\u00e7\u00e3o PSOL","@id":"https:\/\/psol50.org.br\/#\/schema\/person\/475dfa57d0b815993c714c2e96491fcd"},"headline":"No Dia da Consci\u00eancia Negra, organiza\u00e7\u00f5es saem \u00e0s ruas","datePublished":"2014-11-19T16:26:29+00:00","mainEntityOfPage":{"@id":"https:\/\/psol50.org.br\/no-dia-da-consciencia-negra-organizacoes-saem-as-ruas\/"},"wordCount":417,"commentCount":0,"publisher":{"@id":"https:\/\/psol50.org.br\/#organization"},"articleSection":["Arquivo","Movimento","Not\u00edcias"],"inLanguage":"pt-BR","potentialAction":[{"@type":"CommentAction","name":"Comment","target":["https:\/\/psol50.org.br\/no-dia-da-consciencia-negra-organizacoes-saem-as-ruas\/#respond"]}]},{"@type":"WebPage","@id":"https:\/\/psol50.org.br\/no-dia-da-consciencia-negra-organizacoes-saem-as-ruas\/","url":"https:\/\/psol50.org.br\/no-dia-da-consciencia-negra-organizacoes-saem-as-ruas\/","name":"No Dia da Consci\u00eancia Negra, organiza\u00e7\u00f5es saem \u00e0s ruas - PSOL 50","isPartOf":{"@id":"https:\/\/psol50.org.br\/#website"},"datePublished":"2014-11-19T16:26:29+00:00","breadcrumb":{"@id":"https:\/\/psol50.org.br\/no-dia-da-consciencia-negra-organizacoes-saem-as-ruas\/#breadcrumb"},"inLanguage":"pt-BR","potentialAction":[{"@type":"ReadAction","target":["https:\/\/psol50.org.br\/no-dia-da-consciencia-negra-organizacoes-saem-as-ruas\/"]}]},{"@type":"BreadcrumbList","@id":"https:\/\/psol50.org.br\/no-dia-da-consciencia-negra-organizacoes-saem-as-ruas\/#breadcrumb","itemListElement":[{"@type":"ListItem","position":1,"name":"In\u00edcio","item":"https:\/\/psol50.org.br\/"},{"@type":"ListItem","position":2,"name":"No Dia da Consci\u00eancia Negra, organiza\u00e7\u00f5es saem \u00e0s ruas"}]},{"@type":"WebSite","@id":"https:\/\/psol50.org.br\/#website","url":"https:\/\/psol50.org.br\/","name":"PSOL 50","description":"Site oficial do Partido Socialismo e Liberdade","publisher":{"@id":"https:\/\/psol50.org.br\/#organization"},"alternateName":"PSOL50","potentialAction":[{"@type":"SearchAction","target":{"@type":"EntryPoint","urlTemplate":"https:\/\/psol50.org.br\/?s={search_term_string}"},"query-input":{"@type":"PropertyValueSpecification","valueRequired":true,"valueName":"search_term_string"}}],"inLanguage":"pt-BR"},{"@type":"Organization","@id":"https:\/\/psol50.org.br\/#organization","name":"PSOL 50","alternateName":"PSOL 50","url":"https:\/\/psol50.org.br\/","logo":{"@type":"ImageObject","inLanguage":"pt-BR","@id":"https:\/\/psol50.org.br\/#\/schema\/logo\/image\/","url":"https:\/\/psol50.org.br\/inc\/uploads\/2018\/07\/capa.png","contentUrl":"https:\/\/psol50.org.br\/inc\/uploads\/2018\/07\/capa.png","width":1350,"height":900,"caption":"PSOL 50"},"image":{"@id":"https:\/\/psol50.org.br\/#\/schema\/logo\/image\/"},"sameAs":["https:\/\/www.facebook.com\/psol50","https:\/\/x.com\/psol50","https:\/\/www.instagram.com\/psol50\/","https:\/\/www.youtube.com\/channel\/UC7SnJS5o1os7a6CaiNabzcg"]},{"@type":"Person","@id":"https:\/\/psol50.org.br\/#\/schema\/person\/475dfa57d0b815993c714c2e96491fcd","name":"Comunica\u00e7\u00e3o PSOL","image":{"@type":"ImageObject","inLanguage":"pt-BR","@id":"https:\/\/psol50.org.br\/#\/schema\/person\/image\/","url":"https:\/\/secure.gravatar.com\/avatar\/b34fc4f4e468a4e51785917065a3db57b841f5c95dba6ad8c73aaf8f66f8f9bf?s=96&d=mm&r=g","contentUrl":"https:\/\/secure.gravatar.com\/avatar\/b34fc4f4e468a4e51785917065a3db57b841f5c95dba6ad8c73aaf8f66f8f9bf?s=96&d=mm&r=g","caption":"Comunica\u00e7\u00e3o PSOL"}}]}},"_links":{"self":[{"href":"https:\/\/psol50.org.br\/rest\/wp\/v2\/posts\/3060","targetHints":{"allow":["GET"]}}],"collection":[{"href":"https:\/\/psol50.org.br\/rest\/wp\/v2\/posts"}],"about":[{"href":"https:\/\/psol50.org.br\/rest\/wp\/v2\/types\/post"}],"author":[{"embeddable":true,"href":"https:\/\/psol50.org.br\/rest\/wp\/v2\/users\/2"}],"replies":[{"embeddable":true,"href":"https:\/\/psol50.org.br\/rest\/wp\/v2\/comments?post=3060"}],"version-history":[{"count":0,"href":"https:\/\/psol50.org.br\/rest\/wp\/v2\/posts\/3060\/revisions"}],"wp:attachment":[{"href":"https:\/\/psol50.org.br\/rest\/wp\/v2\/media?parent=3060"}],"wp:term":[{"taxonomy":"category","embeddable":true,"href":"https:\/\/psol50.org.br\/rest\/wp\/v2\/categories?post=3060"},{"taxonomy":"post_tag","embeddable":true,"href":"https:\/\/psol50.org.br\/rest\/wp\/v2\/tags?post=3060"}],"curies":[{"name":"wp","href":"https:\/\/api.w.org\/{rel}","templated":true}]}}