{"id":30637,"date":"2020-09-04T11:48:18","date_gmt":"2020-09-04T14:48:18","guid":{"rendered":"https:\/\/psol50.org.br\/?p=30637"},"modified":"2020-09-04T11:48:18","modified_gmt":"2020-09-04T14:48:18","slug":"conheca-os-guardioes-do-crivella-na-camara-do-rio-que-votaram-contra-o-pedido-de-impeachment-do-psol","status":"publish","type":"post","link":"https:\/\/psol50.org.br\/conheca-os-guardioes-do-crivella-na-camara-do-rio-que-votaram-contra-o-pedido-de-impeachment-do-psol\/","title":{"rendered":"Conhe\u00e7a os &#8220;Guardi\u00f5es do Crivella&#8221; na C\u00e2mara do Rio que votaram contra o pedido de impeachment do PSOL"},"content":{"rendered":"<p><a href=\"https:\/\/psol50.org.br\/rendajusta\/\" target=\"_blank\" rel=\"noopener noreferrer\"><img loading=\"lazy\" decoding=\"async\" class=\"alignnone size-full wp-image-30552\" src=\"https:\/\/psol50.org.br\/inc\/uploads\/2020\/08\/21-08-2020_LancamentoRendaJusta-2.png\" alt=\"\" width=\"1920\" height=\"383\" srcset=\"https:\/\/psol50.org.br\/inc\/uploads\/2020\/08\/21-08-2020_LancamentoRendaJusta-2.png 1920w, https:\/\/psol50.org.br\/inc\/uploads\/2020\/08\/21-08-2020_LancamentoRendaJusta-2-300x60.png 300w, https:\/\/psol50.org.br\/inc\/uploads\/2020\/08\/21-08-2020_LancamentoRendaJusta-2-1024x204.png 1024w, https:\/\/psol50.org.br\/inc\/uploads\/2020\/08\/21-08-2020_LancamentoRendaJusta-2-768x153.png 768w, https:\/\/psol50.org.br\/inc\/uploads\/2020\/08\/21-08-2020_LancamentoRendaJusta-2-1536x306.png 1536w, https:\/\/psol50.org.br\/inc\/uploads\/2020\/08\/21-08-2020_LancamentoRendaJusta-2-150x30.png 150w, https:\/\/psol50.org.br\/inc\/uploads\/2020\/08\/21-08-2020_LancamentoRendaJusta-2-696x139.png 696w, https:\/\/psol50.org.br\/inc\/uploads\/2020\/08\/21-08-2020_LancamentoRendaJusta-2-1068x213.png 1068w\" sizes=\"auto, (max-width: 1920px) 100vw, 1920px\" \/><\/a><\/p>\n<p>A C\u00e2mara Municipal do Rio de Janeiro votou pelo arquivamento do pedido de impeachment do prefeito Marcelo Crivella na noite da \u00faltima quinta-feira (3) com o apertado resultado de 25 votos contr\u00e1rios ao processo de impeachment contra 23 votos favor\u00e1veis.<\/p>\n<p>O pedido de impeachment havia sido apresentado pela deputada estadual e candidata do PSOL \u00e0 Prefeitura do Rio de Janeiro nas elei\u00e7\u00f5es de 2020, Renata Souza, ap\u00f3s a divulga\u00e7\u00e3o das graves den\u00fancias sobre um grupo de funcion\u00e1rios pagos pela prefeitura conhecido como &#8220;Guardi\u00f5es do Crivella&#8221;.<\/p>\n<p>Esta esp\u00e9cie de mil\u00edcia organizada pelo prefeito era montada especificamente para atrapalhar jornalistas na porta de hospitais na cobertura da pandemia de Covid-19 na cidade. Os telefones do prefeito e de secret\u00e1rios estavam em grupo de WhatsApp usado para organizar &#8220;plant\u00f5es&#8221; dos milicianos.<\/p>\n<h6>Veja abaixo os nomes de cada um dos 25 vereadores que atuaram como Guardi\u00f5es do Crivella na C\u00e2mara e impediram o impeachment:<\/h6>\n<p>Alexandre Isquierdo (DEM)<br \/>\nCarlos Bolsonaro (Republicanos)<br \/>\nDr. Carlos Eduardo (Podemos)<br \/>\nDr. Gilberto (PTC)<br \/>\nDr. Jairinho (Solidariedade)<br \/>\nDr. Jo\u00e3o Ricardo (PSC)<br \/>\nDr. Jorge Manaia (PP)<br \/>\nEliseu Kessler (PSD)<br \/>\nF\u00e1tima da Solidariedade (Solidariedade)<br \/>\nFelipe Michel (PP)<br \/>\nInaldo SIlva (Republicanos)<br \/>\nJair da Mendes Gomes (PROS)<br \/>\nJo\u00e3o Mendes de Jesus (Republicanos)<br \/>\nLeandro Lyra (Republicanos)<br \/>\nMajor Elitusalem (PSC)<br \/>\nMarcelino D&#8217;almeida (PP)<br \/>\nMarcelo Siciliano (PP)<br \/>\nMarcelo Arar (PTB)<br \/>\nProfessor Adalmir (PP)<br \/>\nRenato Moura (Patriota)<br \/>\nRocal (PSD)<br \/>\nT\u00e2nia Bastos (Republicanos)<br \/>\nVera Lins (PP)<br \/>\nZico (Republicanos)<br \/>\nZico Bacana (Podemos)<\/p>\n<h6>Abaixo os vereadores que votaram a favor do processo de impeachment:<\/h6>\n<p>Bab\u00e1 (PSOL)<br \/>\nDr. Marcos Paulo (PSOL)<br \/>\nLeonel Brizola (PSOL)<br \/>\nPaulo Pinheiro (PSOL)<br \/>\nRenato Cinco (PSOL)<br \/>\nTarc\u00edsio Motta (PSOL)<br \/>\n\u00c1tila A. Nunes (DEM)<br \/>\nCarlo Caiado (DEM)<br \/>\nCesar Maia (DEM)<br \/>\nFernando William (PDT)<br \/>\nItalo Ciba (Avante)<br \/>\nJones Moura (PSD)<br \/>\nLuciana Novaes (PT)<br \/>\nLuiz Carlos Ramos Filho (PMN)<br \/>\nPaulo Messina (MDB)<br \/>\nProf. C\u00e9lio Lupparelli (DEM)<br \/>\nRafael Aloisio Freitas (Cidadania)<br \/>\nReimont (PT)<br \/>\nRosa Fernandes (PSC)<br \/>\nTeresa Bergher (Cidadania)<br \/>\nVeronica Costa (DEM)<br \/>\nWellington Dias (PDT)<br \/>\nWilliam Coelho (DC)<\/p>\n<h6>Ausentes ou que n\u00e3o votaram<\/h6>\n<p>Jorge Felippe (DEM)<br \/>\nJunior da Lucinha (PL)<br \/>\nThiago K. Ribeiro (DEM)<\/p>\n<p><a href=\"https:\/\/impeachmentpopular.com.br\/\" target=\"_blank\" rel=\"noopener noreferrer\"><img loading=\"lazy\" decoding=\"async\" class=\"alignnone size-full wp-image-29118\" src=\"https:\/\/psol50.org.br\/inc\/uploads\/2020\/05\/Email_Impeachment.png\" alt=\"\" width=\"1080\" height=\"250\" srcset=\"https:\/\/psol50.org.br\/inc\/uploads\/2020\/05\/Email_Impeachment.png 1080w, https:\/\/psol50.org.br\/inc\/uploads\/2020\/05\/Email_Impeachment-300x69.png 300w, https:\/\/psol50.org.br\/inc\/uploads\/2020\/05\/Email_Impeachment-1024x237.png 1024w, https:\/\/psol50.org.br\/inc\/uploads\/2020\/05\/Email_Impeachment-768x178.png 768w, https:\/\/psol50.org.br\/inc\/uploads\/2020\/05\/Email_Impeachment-150x35.png 150w, https:\/\/psol50.org.br\/inc\/uploads\/2020\/05\/Email_Impeachment-696x161.png 696w, https:\/\/psol50.org.br\/inc\/uploads\/2020\/05\/Email_Impeachment-1068x247.png 1068w\" sizes=\"auto, (max-width: 1080px) 100vw, 1080px\" \/><\/a><\/p>\n","protected":false},"excerpt":{"rendered":"<p>A C\u00e2mara Municipal do Rio de Janeiro votou pelo arquivamento do pedido de impeachment do prefeito Marcelo Crivella na noite da \u00faltima quinta-feira (3) com o apertado resultado de 25 votos contr\u00e1rios ao processo de impeachment contra 23 votos favor\u00e1veis. O pedido de impeachment havia sido apresentado pela deputada estadual e candidata do PSOL \u00e0 [&hellip;]<\/p>\n","protected":false},"author":2,"featured_media":30638,"comment_status":"closed","ping_status":"open","sticky":false,"template":"","format":"standard","meta":{"_acf_changed":false,"footnotes":""},"categories":[10,6],"tags":[163,305,1121,220,8,307],"class_list":{"0":"post-30637","1":"post","2":"type-post","3":"status-publish","4":"format-standard","5":"has-post-thumbnail","7":"category-acao-parlamentares","8":"category-noticias","9":"tag-camara","10":"tag-crivella","11":"tag-guardioes-do-crivella","12":"tag-impeachment","13":"tag-renata-souza","14":"tag-rio"},"acf":[],"yoast_head":"<!-- This site is optimized with the Yoast SEO plugin v26.5 - https:\/\/yoast.com\/wordpress\/plugins\/seo\/ -->\n<title>Conhe\u00e7a os &quot;Guardi\u00f5es do Crivella&quot; na C\u00e2mara do Rio que votaram contra o pedido de impeachment do PSOL<\/title>\n<meta name=\"description\" content=\"Resultado foi apertado, com 25 votos contr\u00e1rios ao processo de impeachment apresentado por Renata Souza contra 23 votos favor\u00e1veis.\" \/>\n<meta name=\"robots\" content=\"index, follow, max-snippet:-1, max-image-preview:large, max-video-preview:-1\" \/>\n<link rel=\"canonical\" href=\"https:\/\/psol50.org.br\/conheca-os-guardioes-do-crivella-na-camara-do-rio-que-votaram-contra-o-pedido-de-impeachment-do-psol\/\" \/>\n<meta property=\"og:locale\" content=\"pt_BR\" \/>\n<meta property=\"og:type\" content=\"article\" \/>\n<meta property=\"og:title\" content=\"Conhe\u00e7a os &quot;Guardi\u00f5es do Crivella&quot; na C\u00e2mara do Rio que votaram contra o pedido de impeachment do PSOL\" \/>\n<meta property=\"og:description\" content=\"Resultado foi apertado, com 25 votos contr\u00e1rios ao processo de impeachment apresentado por Renata Souza contra 23 votos favor\u00e1veis.\" \/>\n<meta property=\"og:url\" content=\"https:\/\/psol50.org.br\/conheca-os-guardioes-do-crivella-na-camara-do-rio-que-votaram-contra-o-pedido-de-impeachment-do-psol\/\" \/>\n<meta property=\"og:site_name\" content=\"PSOL 50\" \/>\n<meta property=\"article:publisher\" content=\"https:\/\/www.facebook.com\/psol50\" \/>\n<meta property=\"article:published_time\" content=\"2020-09-04T14:48:18+00:00\" \/>\n<meta property=\"og:image\" content=\"https:\/\/psol50.org.br\/inc\/uploads\/2020\/09\/16019975_0_96_3072_1758_1000x541_80_0_0_cd27572c69da49c15652c3f831e683df.jpg\" \/>\n\t<meta property=\"og:image:width\" content=\"1000\" \/>\n\t<meta property=\"og:image:height\" content=\"541\" \/>\n\t<meta property=\"og:image:type\" content=\"image\/jpeg\" \/>\n<meta name=\"author\" content=\"Comunica\u00e7\u00e3o PSOL\" \/>\n<meta name=\"twitter:card\" content=\"summary_large_image\" \/>\n<meta name=\"twitter:title\" content=\"Conhe\u00e7a os &quot;Guardi\u00f5es do Crivella&quot; na C\u00e2mara do Rio que votaram contra o pedido de impeachment do PSOL\" \/>\n<meta name=\"twitter:description\" content=\"Resultado foi apertado, com 25 votos contr\u00e1rios ao processo de impeachment apresentado por Renata Souza contra 23 votos favor\u00e1veis.\" \/>\n<meta name=\"twitter:image\" content=\"https:\/\/psol50.org.br\/inc\/uploads\/2020\/09\/16019975_0_96_3072_1758_1000x541_80_0_0_cd27572c69da49c15652c3f831e683df.jpg\" \/>\n<meta name=\"twitter:creator\" content=\"@psol50\" \/>\n<meta name=\"twitter:site\" content=\"@psol50\" \/>\n<meta name=\"twitter:label1\" content=\"Escrito por\" \/>\n\t<meta name=\"twitter:data1\" content=\"Comunica\u00e7\u00e3o PSOL\" \/>\n\t<meta name=\"twitter:label2\" content=\"Est. tempo de leitura\" \/>\n\t<meta name=\"twitter:data2\" content=\"2 minutos\" \/>\n<script type=\"application\/ld+json\" class=\"yoast-schema-graph\">{\"@context\":\"https:\/\/schema.org\",\"@graph\":[{\"@type\":\"Article\",\"@id\":\"https:\/\/psol50.org.br\/conheca-os-guardioes-do-crivella-na-camara-do-rio-que-votaram-contra-o-pedido-de-impeachment-do-psol\/#article\",\"isPartOf\":{\"@id\":\"https:\/\/psol50.org.br\/conheca-os-guardioes-do-crivella-na-camara-do-rio-que-votaram-contra-o-pedido-de-impeachment-do-psol\/\"},\"author\":{\"name\":\"Comunica\u00e7\u00e3o PSOL\",\"@id\":\"https:\/\/psol50.org.br\/#\/schema\/person\/475dfa57d0b815993c714c2e96491fcd\"},\"headline\":\"Conhe\u00e7a os &#8220;Guardi\u00f5es do Crivella&#8221; na C\u00e2mara do Rio que votaram contra o pedido de impeachment do PSOL\",\"datePublished\":\"2020-09-04T14:48:18+00:00\",\"mainEntityOfPage\":{\"@id\":\"https:\/\/psol50.org.br\/conheca-os-guardioes-do-crivella-na-camara-do-rio-que-votaram-contra-o-pedido-de-impeachment-do-psol\/\"},\"wordCount\":369,\"publisher\":{\"@id\":\"https:\/\/psol50.org.br\/#organization\"},\"image\":{\"@id\":\"https:\/\/psol50.org.br\/conheca-os-guardioes-do-crivella-na-camara-do-rio-que-votaram-contra-o-pedido-de-impeachment-do-psol\/#primaryimage\"},\"thumbnailUrl\":\"https:\/\/psol50.org.br\/inc\/uploads\/2020\/09\/16019975_0_96_3072_1758_1000x541_80_0_0_cd27572c69da49c15652c3f831e683df.jpg\",\"keywords\":[\"c\u00e2mara\",\"Crivella\",\"guardi\u00f5es do crivella\",\"impeachment\",\"renata souza\",\"Rio\"],\"articleSection\":[\"A\u00e7\u00e3o Parlamentar\",\"Not\u00edcias\"],\"inLanguage\":\"pt-BR\"},{\"@type\":\"WebPage\",\"@id\":\"https:\/\/psol50.org.br\/conheca-os-guardioes-do-crivella-na-camara-do-rio-que-votaram-contra-o-pedido-de-impeachment-do-psol\/\",\"url\":\"https:\/\/psol50.org.br\/conheca-os-guardioes-do-crivella-na-camara-do-rio-que-votaram-contra-o-pedido-de-impeachment-do-psol\/\",\"name\":\"Conhe\u00e7a os \\\"Guardi\u00f5es do Crivella\\\" na C\u00e2mara do Rio que votaram contra o pedido de impeachment do PSOL\",\"isPartOf\":{\"@id\":\"https:\/\/psol50.org.br\/#website\"},\"primaryImageOfPage\":{\"@id\":\"https:\/\/psol50.org.br\/conheca-os-guardioes-do-crivella-na-camara-do-rio-que-votaram-contra-o-pedido-de-impeachment-do-psol\/#primaryimage\"},\"image\":{\"@id\":\"https:\/\/psol50.org.br\/conheca-os-guardioes-do-crivella-na-camara-do-rio-que-votaram-contra-o-pedido-de-impeachment-do-psol\/#primaryimage\"},\"thumbnailUrl\":\"https:\/\/psol50.org.br\/inc\/uploads\/2020\/09\/16019975_0_96_3072_1758_1000x541_80_0_0_cd27572c69da49c15652c3f831e683df.jpg\",\"datePublished\":\"2020-09-04T14:48:18+00:00\",\"description\":\"Resultado foi apertado, com 25 votos contr\u00e1rios ao processo de impeachment apresentado por Renata Souza contra 23 votos favor\u00e1veis.\",\"breadcrumb\":{\"@id\":\"https:\/\/psol50.org.br\/conheca-os-guardioes-do-crivella-na-camara-do-rio-que-votaram-contra-o-pedido-de-impeachment-do-psol\/#breadcrumb\"},\"inLanguage\":\"pt-BR\",\"potentialAction\":[{\"@type\":\"ReadAction\",\"target\":[\"https:\/\/psol50.org.br\/conheca-os-guardioes-do-crivella-na-camara-do-rio-que-votaram-contra-o-pedido-de-impeachment-do-psol\/\"]}]},{\"@type\":\"ImageObject\",\"inLanguage\":\"pt-BR\",\"@id\":\"https:\/\/psol50.org.br\/conheca-os-guardioes-do-crivella-na-camara-do-rio-que-votaram-contra-o-pedido-de-impeachment-do-psol\/#primaryimage\",\"url\":\"https:\/\/psol50.org.br\/inc\/uploads\/2020\/09\/16019975_0_96_3072_1758_1000x541_80_0_0_cd27572c69da49c15652c3f831e683df.jpg\",\"contentUrl\":\"https:\/\/psol50.org.br\/inc\/uploads\/2020\/09\/16019975_0_96_3072_1758_1000x541_80_0_0_cd27572c69da49c15652c3f831e683df.jpg\",\"width\":1000,\"height\":541},{\"@type\":\"BreadcrumbList\",\"@id\":\"https:\/\/psol50.org.br\/conheca-os-guardioes-do-crivella-na-camara-do-rio-que-votaram-contra-o-pedido-de-impeachment-do-psol\/#breadcrumb\",\"itemListElement\":[{\"@type\":\"ListItem\",\"position\":1,\"name\":\"In\u00edcio\",\"item\":\"https:\/\/psol50.org.br\/\"},{\"@type\":\"ListItem\",\"position\":2,\"name\":\"Conhe\u00e7a os &#8220;Guardi\u00f5es do Crivella&#8221; na C\u00e2mara do Rio que votaram contra o pedido de impeachment do PSOL\"}]},{\"@type\":\"WebSite\",\"@id\":\"https:\/\/psol50.org.br\/#website\",\"url\":\"https:\/\/psol50.org.br\/\",\"name\":\"PSOL 50\",\"description\":\"Site oficial do Partido Socialismo e Liberdade\",\"publisher\":{\"@id\":\"https:\/\/psol50.org.br\/#organization\"},\"alternateName\":\"PSOL50\",\"potentialAction\":[{\"@type\":\"SearchAction\",\"target\":{\"@type\":\"EntryPoint\",\"urlTemplate\":\"https:\/\/psol50.org.br\/?s={search_term_string}\"},\"query-input\":{\"@type\":\"PropertyValueSpecification\",\"valueRequired\":true,\"valueName\":\"search_term_string\"}}],\"inLanguage\":\"pt-BR\"},{\"@type\":\"Organization\",\"@id\":\"https:\/\/psol50.org.br\/#organization\",\"name\":\"PSOL 50\",\"alternateName\":\"PSOL 50\",\"url\":\"https:\/\/psol50.org.br\/\",\"logo\":{\"@type\":\"ImageObject\",\"inLanguage\":\"pt-BR\",\"@id\":\"https:\/\/psol50.org.br\/#\/schema\/logo\/image\/\",\"url\":\"https:\/\/psol50.org.br\/inc\/uploads\/2018\/07\/capa.png\",\"contentUrl\":\"https:\/\/psol50.org.br\/inc\/uploads\/2018\/07\/capa.png\",\"width\":1350,\"height\":900,\"caption\":\"PSOL 50\"},\"image\":{\"@id\":\"https:\/\/psol50.org.br\/#\/schema\/logo\/image\/\"},\"sameAs\":[\"https:\/\/www.facebook.com\/psol50\",\"https:\/\/x.com\/psol50\",\"https:\/\/www.instagram.com\/psol50\/\",\"https:\/\/www.youtube.com\/channel\/UC7SnJS5o1os7a6CaiNabzcg\"]},{\"@type\":\"Person\",\"@id\":\"https:\/\/psol50.org.br\/#\/schema\/person\/475dfa57d0b815993c714c2e96491fcd\",\"name\":\"Comunica\u00e7\u00e3o PSOL\",\"image\":{\"@type\":\"ImageObject\",\"inLanguage\":\"pt-BR\",\"@id\":\"https:\/\/psol50.org.br\/#\/schema\/person\/image\/\",\"url\":\"https:\/\/secure.gravatar.com\/avatar\/b34fc4f4e468a4e51785917065a3db57b841f5c95dba6ad8c73aaf8f66f8f9bf?s=96&d=mm&r=g\",\"contentUrl\":\"https:\/\/secure.gravatar.com\/avatar\/b34fc4f4e468a4e51785917065a3db57b841f5c95dba6ad8c73aaf8f66f8f9bf?s=96&d=mm&r=g\",\"caption\":\"Comunica\u00e7\u00e3o PSOL\"}}]}<\/script>\n<!-- \/ Yoast SEO plugin. -->","yoast_head_json":{"title":"Conhe\u00e7a os \"Guardi\u00f5es do Crivella\" na C\u00e2mara do Rio que votaram contra o pedido de impeachment do PSOL","description":"Resultado foi apertado, com 25 votos contr\u00e1rios ao processo de impeachment apresentado por Renata Souza contra 23 votos favor\u00e1veis.","robots":{"index":"index","follow":"follow","max-snippet":"max-snippet:-1","max-image-preview":"max-image-preview:large","max-video-preview":"max-video-preview:-1"},"canonical":"https:\/\/psol50.org.br\/conheca-os-guardioes-do-crivella-na-camara-do-rio-que-votaram-contra-o-pedido-de-impeachment-do-psol\/","og_locale":"pt_BR","og_type":"article","og_title":"Conhe\u00e7a os \"Guardi\u00f5es do Crivella\" na C\u00e2mara do Rio que votaram contra o pedido de impeachment do PSOL","og_description":"Resultado foi apertado, com 25 votos contr\u00e1rios ao processo de impeachment apresentado por Renata Souza contra 23 votos favor\u00e1veis.","og_url":"https:\/\/psol50.org.br\/conheca-os-guardioes-do-crivella-na-camara-do-rio-que-votaram-contra-o-pedido-de-impeachment-do-psol\/","og_site_name":"PSOL 50","article_publisher":"https:\/\/www.facebook.com\/psol50","article_published_time":"2020-09-04T14:48:18+00:00","og_image":[{"width":1000,"height":541,"url":"https:\/\/psol50.org.br\/inc\/uploads\/2020\/09\/16019975_0_96_3072_1758_1000x541_80_0_0_cd27572c69da49c15652c3f831e683df.jpg","type":"image\/jpeg"}],"author":"Comunica\u00e7\u00e3o PSOL","twitter_card":"summary_large_image","twitter_title":"Conhe\u00e7a os \"Guardi\u00f5es do Crivella\" na C\u00e2mara do Rio que votaram contra o pedido de impeachment do PSOL","twitter_description":"Resultado foi apertado, com 25 votos contr\u00e1rios ao processo de impeachment apresentado por Renata Souza contra 23 votos favor\u00e1veis.","twitter_image":"https:\/\/psol50.org.br\/inc\/uploads\/2020\/09\/16019975_0_96_3072_1758_1000x541_80_0_0_cd27572c69da49c15652c3f831e683df.jpg","twitter_creator":"@psol50","twitter_site":"@psol50","twitter_misc":{"Escrito por":"Comunica\u00e7\u00e3o PSOL","Est. tempo de leitura":"2 minutos"},"schema":{"@context":"https:\/\/schema.org","@graph":[{"@type":"Article","@id":"https:\/\/psol50.org.br\/conheca-os-guardioes-do-crivella-na-camara-do-rio-que-votaram-contra-o-pedido-de-impeachment-do-psol\/#article","isPartOf":{"@id":"https:\/\/psol50.org.br\/conheca-os-guardioes-do-crivella-na-camara-do-rio-que-votaram-contra-o-pedido-de-impeachment-do-psol\/"},"author":{"name":"Comunica\u00e7\u00e3o PSOL","@id":"https:\/\/psol50.org.br\/#\/schema\/person\/475dfa57d0b815993c714c2e96491fcd"},"headline":"Conhe\u00e7a os &#8220;Guardi\u00f5es do Crivella&#8221; na C\u00e2mara do Rio que votaram contra o pedido de impeachment do PSOL","datePublished":"2020-09-04T14:48:18+00:00","mainEntityOfPage":{"@id":"https:\/\/psol50.org.br\/conheca-os-guardioes-do-crivella-na-camara-do-rio-que-votaram-contra-o-pedido-de-impeachment-do-psol\/"},"wordCount":369,"publisher":{"@id":"https:\/\/psol50.org.br\/#organization"},"image":{"@id":"https:\/\/psol50.org.br\/conheca-os-guardioes-do-crivella-na-camara-do-rio-que-votaram-contra-o-pedido-de-impeachment-do-psol\/#primaryimage"},"thumbnailUrl":"https:\/\/psol50.org.br\/inc\/uploads\/2020\/09\/16019975_0_96_3072_1758_1000x541_80_0_0_cd27572c69da49c15652c3f831e683df.jpg","keywords":["c\u00e2mara","Crivella","guardi\u00f5es do crivella","impeachment","renata souza","Rio"],"articleSection":["A\u00e7\u00e3o Parlamentar","Not\u00edcias"],"inLanguage":"pt-BR"},{"@type":"WebPage","@id":"https:\/\/psol50.org.br\/conheca-os-guardioes-do-crivella-na-camara-do-rio-que-votaram-contra-o-pedido-de-impeachment-do-psol\/","url":"https:\/\/psol50.org.br\/conheca-os-guardioes-do-crivella-na-camara-do-rio-que-votaram-contra-o-pedido-de-impeachment-do-psol\/","name":"Conhe\u00e7a os \"Guardi\u00f5es do Crivella\" na C\u00e2mara do Rio que votaram contra o pedido de impeachment do PSOL","isPartOf":{"@id":"https:\/\/psol50.org.br\/#website"},"primaryImageOfPage":{"@id":"https:\/\/psol50.org.br\/conheca-os-guardioes-do-crivella-na-camara-do-rio-que-votaram-contra-o-pedido-de-impeachment-do-psol\/#primaryimage"},"image":{"@id":"https:\/\/psol50.org.br\/conheca-os-guardioes-do-crivella-na-camara-do-rio-que-votaram-contra-o-pedido-de-impeachment-do-psol\/#primaryimage"},"thumbnailUrl":"https:\/\/psol50.org.br\/inc\/uploads\/2020\/09\/16019975_0_96_3072_1758_1000x541_80_0_0_cd27572c69da49c15652c3f831e683df.jpg","datePublished":"2020-09-04T14:48:18+00:00","description":"Resultado foi apertado, com 25 votos contr\u00e1rios ao processo de impeachment apresentado por Renata Souza contra 23 votos favor\u00e1veis.","breadcrumb":{"@id":"https:\/\/psol50.org.br\/conheca-os-guardioes-do-crivella-na-camara-do-rio-que-votaram-contra-o-pedido-de-impeachment-do-psol\/#breadcrumb"},"inLanguage":"pt-BR","potentialAction":[{"@type":"ReadAction","target":["https:\/\/psol50.org.br\/conheca-os-guardioes-do-crivella-na-camara-do-rio-que-votaram-contra-o-pedido-de-impeachment-do-psol\/"]}]},{"@type":"ImageObject","inLanguage":"pt-BR","@id":"https:\/\/psol50.org.br\/conheca-os-guardioes-do-crivella-na-camara-do-rio-que-votaram-contra-o-pedido-de-impeachment-do-psol\/#primaryimage","url":"https:\/\/psol50.org.br\/inc\/uploads\/2020\/09\/16019975_0_96_3072_1758_1000x541_80_0_0_cd27572c69da49c15652c3f831e683df.jpg","contentUrl":"https:\/\/psol50.org.br\/inc\/uploads\/2020\/09\/16019975_0_96_3072_1758_1000x541_80_0_0_cd27572c69da49c15652c3f831e683df.jpg","width":1000,"height":541},{"@type":"BreadcrumbList","@id":"https:\/\/psol50.org.br\/conheca-os-guardioes-do-crivella-na-camara-do-rio-que-votaram-contra-o-pedido-de-impeachment-do-psol\/#breadcrumb","itemListElement":[{"@type":"ListItem","position":1,"name":"In\u00edcio","item":"https:\/\/psol50.org.br\/"},{"@type":"ListItem","position":2,"name":"Conhe\u00e7a os &#8220;Guardi\u00f5es do Crivella&#8221; na C\u00e2mara do Rio que votaram contra o pedido de impeachment do PSOL"}]},{"@type":"WebSite","@id":"https:\/\/psol50.org.br\/#website","url":"https:\/\/psol50.org.br\/","name":"PSOL 50","description":"Site oficial do Partido Socialismo e Liberdade","publisher":{"@id":"https:\/\/psol50.org.br\/#organization"},"alternateName":"PSOL50","potentialAction":[{"@type":"SearchAction","target":{"@type":"EntryPoint","urlTemplate":"https:\/\/psol50.org.br\/?s={search_term_string}"},"query-input":{"@type":"PropertyValueSpecification","valueRequired":true,"valueName":"search_term_string"}}],"inLanguage":"pt-BR"},{"@type":"Organization","@id":"https:\/\/psol50.org.br\/#organization","name":"PSOL 50","alternateName":"PSOL 50","url":"https:\/\/psol50.org.br\/","logo":{"@type":"ImageObject","inLanguage":"pt-BR","@id":"https:\/\/psol50.org.br\/#\/schema\/logo\/image\/","url":"https:\/\/psol50.org.br\/inc\/uploads\/2018\/07\/capa.png","contentUrl":"https:\/\/psol50.org.br\/inc\/uploads\/2018\/07\/capa.png","width":1350,"height":900,"caption":"PSOL 50"},"image":{"@id":"https:\/\/psol50.org.br\/#\/schema\/logo\/image\/"},"sameAs":["https:\/\/www.facebook.com\/psol50","https:\/\/x.com\/psol50","https:\/\/www.instagram.com\/psol50\/","https:\/\/www.youtube.com\/channel\/UC7SnJS5o1os7a6CaiNabzcg"]},{"@type":"Person","@id":"https:\/\/psol50.org.br\/#\/schema\/person\/475dfa57d0b815993c714c2e96491fcd","name":"Comunica\u00e7\u00e3o PSOL","image":{"@type":"ImageObject","inLanguage":"pt-BR","@id":"https:\/\/psol50.org.br\/#\/schema\/person\/image\/","url":"https:\/\/secure.gravatar.com\/avatar\/b34fc4f4e468a4e51785917065a3db57b841f5c95dba6ad8c73aaf8f66f8f9bf?s=96&d=mm&r=g","contentUrl":"https:\/\/secure.gravatar.com\/avatar\/b34fc4f4e468a4e51785917065a3db57b841f5c95dba6ad8c73aaf8f66f8f9bf?s=96&d=mm&r=g","caption":"Comunica\u00e7\u00e3o PSOL"}}]}},"_links":{"self":[{"href":"https:\/\/psol50.org.br\/rest\/wp\/v2\/posts\/30637","targetHints":{"allow":["GET"]}}],"collection":[{"href":"https:\/\/psol50.org.br\/rest\/wp\/v2\/posts"}],"about":[{"href":"https:\/\/psol50.org.br\/rest\/wp\/v2\/types\/post"}],"author":[{"embeddable":true,"href":"https:\/\/psol50.org.br\/rest\/wp\/v2\/users\/2"}],"replies":[{"embeddable":true,"href":"https:\/\/psol50.org.br\/rest\/wp\/v2\/comments?post=30637"}],"version-history":[{"count":0,"href":"https:\/\/psol50.org.br\/rest\/wp\/v2\/posts\/30637\/revisions"}],"wp:featuredmedia":[{"embeddable":true,"href":"https:\/\/psol50.org.br\/rest\/wp\/v2\/media\/30638"}],"wp:attachment":[{"href":"https:\/\/psol50.org.br\/rest\/wp\/v2\/media?parent=30637"}],"wp:term":[{"taxonomy":"category","embeddable":true,"href":"https:\/\/psol50.org.br\/rest\/wp\/v2\/categories?post=30637"},{"taxonomy":"post_tag","embeddable":true,"href":"https:\/\/psol50.org.br\/rest\/wp\/v2\/tags?post=30637"}],"curies":[{"name":"wp","href":"https:\/\/api.w.org\/{rel}","templated":true}]}}