{"id":3067,"date":"2014-11-25T00:00:00","date_gmt":"2014-11-25T17:32:45","guid":{"rendered":"http:\/\/psol50.org.br\/arquivo\/2014\/11\/25\/esquerda-se-renova-em-portugal-e-espanha\/"},"modified":"2014-11-25T00:00:00","modified_gmt":"2014-11-25T17:32:45","slug":"esquerda-se-renova-em-portugal-e-espanha","status":"publish","type":"post","link":"https:\/\/psol50.org.br\/esquerda-se-renova-em-portugal-e-espanha\/","title":{"rendered":"Esquerda se renova em Portugal e Espanha"},"content":{"rendered":"<p>A esquerda europeia se renovou nos \u00faltimos anos. Com as pol\u00edticas de \u201causteridade econ\u00f4mica\u201d, impostas pelos organismos econ\u00f4micos como a Uni\u00e3o Europeia e o FMI, uma nova onda de descontentamento popular tomou o velho continente, fazendo surgir novos atores pol\u00edticos.<\/p>\n<p>Na Gr\u00e9cia, um dos pa\u00edses mais afetados pela crise econ\u00f4mica de 2008, as pol\u00edticas de ajuste econ\u00f4mico impostos pelas pot\u00eancias europeias deram origem a um poderoso movimento anti-austeridade, cuja principal express\u00e3o pol\u00edtica e eleitoral foi o fortalecimento da Coaliz\u00e3o da Esquerda Radical, que tomou a forma de partido sob o nome de Syriza, nas \u00faltimas elei\u00e7\u00f5es legislativas gregas.<\/p>\n<p>Na Fran\u00e7a, menos afetada que a Gr\u00e9cia com a crise econ\u00f4mica, a estagna\u00e7\u00e3o do crescimento e as dificuldades com o constante aumento do fluxo migrat\u00f3rio \u2013 inclusive com o fortalecimento de posi\u00e7\u00f5es xenof\u00f3bicas e racistas \u2013 uma nova frente pol\u00edtica, liderada por Jean-Luc Melenchon, expressou a cr\u00edtica ao ajuste dos organismos multilaterais atrav\u00e9s da Frente de Esquerda (Front de Gauche) com uma plataforma de esquerda nas \u00faltimas elei\u00e7\u00f5es presid\u00eancias.<\/p>\n<p>Em Portugal, a resist\u00eancia aos ajustes econ\u00f4micos da \u201ctroika\u201d (Banco Europeu, Comiss\u00e3o Europeia e FMI) foi liderada, dentre outros, pelo Bloco de Esquerda, partido formado em 1999 e renovado pelos ventos da luta anti-austeridade.<\/p>\n<p>Na Espanha, a luta nas pra\u00e7as da capital Madri, simbolizada pelo movimento conhecido como \u201c15-M\u201d, deu origem a um novo partido de esquerda chamado Podemos, que conquistou mais de 10% dos votos nas \u00faltimas elei\u00e7\u00f5es ao Parlamento Europeu na Espanha.<\/p>\n<p>Estes dois partidos viveram importantes momentos de renova\u00e7\u00e3o e discuss\u00e3o sobre seus desafios nos \u00faltimos dias. O Bloco de Esquerda realizou sua IX Conven\u00e7\u00e3o Nacional (equivalente ao Congresso dos partidos brasileiros) no \u00faltimo dia 21. Na Conven\u00e7\u00e3o com maior participa\u00e7\u00e3o e tamb\u00e9m mais disputada do Bloco de Esquerda, a mo\u00e7\u00e3o pol\u00edtica apoiada pelos coordenadores saiu vitoriosa com 8 votos; mas as listas U, encabe\u00e7ada por Jo\u00e3o Semedo e Catarina Martins e E, liderada por Pedro Filipe Soares, para a Mesa Nacional empataram (259 votos cada uma). A mo\u00e7\u00e3o U \u2013 Mo\u00e7\u00e3o Unit\u00e1ria em Constru\u00e7\u00e3o, venceu a IX Conven\u00e7\u00e3o Nacional do Bloco de Esquerda, com 266 votos, mais oito que a E \u2013 Bloco Plural, Fator de Viragem, que obteve 258 votos. Em terceiro lugar ficou a mo\u00e7\u00e3o B \u2013 Refundar o Bloco na Luta Contra a Austeridade, com 34 votos, a R \u2013 Reiventar o Bloco, em quarto com 30 votos e a A \u2013 Uma Resposta de Esquerda \u2013 Por um Bloco que Responda j\u00e1 aos Problemas das Pessoas, em quinto, com 7 votos. Na vota\u00e7\u00e3o, em urna, das listas para a Mesa Nacional, houve um in\u00e9dito empate entre as mo\u00e7\u00f5es U e E, ambas com 259 votos. A Mesa Nacional passa assim a ser composta por 34 eleitos da mo\u00e7\u00e3o U, 34 eleitos da mo\u00e7\u00e3o E, 7 da mo\u00e7\u00e3o B, 4 da mo\u00e7\u00e3o R. A Comiss\u00e3o de Direitos passa a ser composta por 3 eleitos da mo\u00e7\u00e3o U, 3 da E e 1 da B.<\/p>\n<p>O primeiro subscritor da mo\u00e7\u00e3o vencedora da IX Conven\u00e7\u00e3o do Bloco come\u00e7ou por chamar ao palco todos os membros dos \u00f3rg\u00e3os dirigentes, acabados de eleger por parte das v\u00e1rias listas que se candidataram. Jo\u00e3o Semedo quis deixar um convite para que a nova dire\u00e7\u00e3o saiba come\u00e7ar \u201cum novo ciclo pol\u00edtico\u201d no partido. \u201cA nova dire\u00e7\u00e3o do Bloco n\u00e3o tem que enterrar diferen\u00e7as porque respeita as opini\u00f5es. Mas que n\u00e3o fique nenhuma d\u00favida, deve certamente encerrar a disputa interna que nos trouxe at\u00e9 aqui\u201d, afirmou Semedo.<\/p>\n<p>A interven\u00e7\u00e3o de Semedo sublinhou os grandes temas de debate na Conven\u00e7\u00e3o e as ideias fortes de todas as mo\u00e7\u00f5es em disputa, reunidas pelo \u201cobjetivo comum\u201d de \u201cinterromper as medidas de austeridade e reverter os danos que j\u00e1 causaram\u201d. Para isso, defendeu Semedo, h\u00e1 que apostar na recupera\u00e7\u00e3o da mobiliza\u00e7\u00e3o social que se oponha \u201cao poder europeu que comanda o assalto\u201d.<\/p>\n<p><strong>Podemos<\/strong><br \/>\nUma semana antes ocorreu na Espanha o Congresso de Funda\u00e7\u00e3o do Podemos. A indigna\u00e7\u00e3o que empurrou milhares de cidad\u00e3os espanh\u00f3is, em 2011, a ocupar as pra\u00e7as de todo o pa\u00eds, agora toma definitivamente a forma de partido. Muitos daqueles indignados que reivindicavam uma mudan\u00e7a urgente no modelo pol\u00edtico, social e econ\u00f4mico do pa\u00eds comp\u00f5em o novo partido.<\/p>\n<p>O partido liderado por Pablo Iglesias chegou como uma enxurrada, sacudindo um tabuleiro eleitoral no qual h\u00e1 d\u00e9cadas jogam os mesmos: o socialdemocrata PSOE e o conservador PP. J\u00e1 em maio \u2013 quando ganharam cinco cadeiras no\u00a0Parlamento\u00a0europeu, com apenas quatro meses de vida \u2013 n\u00e3o restaram d\u00favidas de que Podemos surgia com for\u00e7a. O que n\u00e3o estava t\u00e3o claro, no entanto, era se esse \u00eaxito se sustentaria no tempo ou seria apenas o lampejo de alguns fogos de artif\u00edcio, fruto da combust\u00e3o entre o cansa\u00e7o das pessoas e o indiscut\u00edvel carisma do porta-voz do grupo.<\/p>\n<p>No \u00faltimo fim de semana, por\u00e9m, o Podemos confirmou sua disposi\u00e7\u00e3o de se consolidar como alternativa, disputando com a j\u00e1 tradicional Izquierda Unida, liderada pelo Partido Comunista Espanhol, a condi\u00e7\u00e3o de alternativa \u00e0 esquerda.<\/p>\n<p>Para surpresa de todos, as primeiras pesquisas realizadas sobre a inten\u00e7\u00e3o de voto dos espanh\u00f3is para as pr\u00f3ximas elei\u00e7\u00f5es \u2013 as regionais e municipais \u2013 confirmam que n\u00e3o apenas o \u00eaxito da incipiente forma\u00e7\u00e3o n\u00e3o foi ef\u00eamero, como tamb\u00e9m poderia conduzi-la at\u00e9 o Pal\u00e1cio de Governo. Segundo a pesquisa do instituto\u00a0Metroscopia\u00a0para o jornal\u00a0El Pa\u00eds,\u00a0Podemos\u00a0seria o mais votado, com 27% dos votos, alcan\u00e7ando 1,5 ponto de vantagem em rela\u00e7\u00e3o ao\u00a0PSOE\u00a0e 7 acima do\u00a0PP, que cairia at\u00e9 atingir os 20,7% do apoio eleitoral.\u00a0Os resultados do congresso de formaliza\u00e7\u00e3o do partido divulgados no \u00faltimo dia 15 confirmam a aclama\u00e7\u00e3o de Pablo Iglesias para a lideran\u00e7a do Podemos: 88,7% dos votos na elei\u00e7\u00e3o para o cargo de secret\u00e1rio-geral. As bases entregaram-lhe o controle absoluto do partido. Os 62 lugares do Conselho Cidad\u00e3o, equivalente ao Diret\u00f3rio Nacional, e os dez da \u201cComisi\u00f3n de Garant\u00edas\u201d, \u00f3rg\u00e3o encarregado de dirimir conflitos internos, s\u00e3o todos ocupados por apoiadores do l\u00edder, segundo o jornal\u00a0El Mundo.<\/p>\n<p>\u201cAs verdadeiras dificuldades come\u00e7am agora, e quando ganharmos as elei\u00e7\u00f5es do pr\u00f3ximo ano, come\u00e7ar\u00e3o as dificuldades de verdade\u201d, disse, segundo o\u00a0El Pa\u00eds, no momento em que a dire\u00e7\u00e3o foi proclamada, no Teatro Nuevo Apolo, em Madri. \u201cO Podemos n\u00e3o \u00e9 uma experi\u00eancia pol\u00edtica, o Podemos \u00e9 o resultado do fracasso do regime\u201d, afirmou tamb\u00e9m, no primeiro discurso como secret\u00e1rio-geral, o professor de ci\u00eancia pol\u00edtica, de 36 anos.<\/p>\n<p>Num discurso recheado de mensagens contra a austeridade, Iglesias referiu-se tamb\u00e9m \u00e0 Catalunha. \u201cA Espanha \u00e9 um pa\u00eds de pa\u00edses, um pa\u00eds de na\u00e7\u00f5es\u201d, afirmou.<\/p>\n<p>Criticou o que considera ser uma \u201cconcep\u00e7\u00e3o agressiva de Espanha\u201d dos conservadores de Mariano Rajoy, no poder, e defendeu uma reforma da Constitui\u00e7\u00e3o em que \u201ctudo possa ser discutido\u201d.<\/p>\n","protected":false},"excerpt":{"rendered":"<p>A esquerda europeia se renovou nos \u00faltimos anos. Com as pol\u00edticas de \u201causteridade econ\u00f4mica\u201d, impostas pelos organismos econ\u00f4micos como a Uni\u00e3o Europeia e o FMI, uma nova onda de descontentamento popular tomou o velho continente, fazendo surgir novos atores pol\u00edticos. Na Gr\u00e9cia, um dos pa\u00edses mais afetados pela crise econ\u00f4mica de 2008, as pol\u00edticas de [&hellip;]<\/p>\n","protected":false},"author":2,"featured_media":10165,"comment_status":"open","ping_status":"open","sticky":false,"template":"","format":"standard","meta":{"_acf_changed":false,"footnotes":""},"categories":[4956],"tags":[515,790,1216,2138,491],"class_list":{"0":"post-3067","1":"post","2":"type-post","3":"status-publish","4":"format-standard","5":"has-post-thumbnail","7":"category-portugal","8":"tag-bloco-de-esquerda","9":"tag-esquerda","10":"tag-internacional","11":"tag-podemos","12":"tag-portugal"},"acf":[],"yoast_head":"<!-- This site is optimized with the Yoast SEO plugin v26.5 - https:\/\/yoast.com\/wordpress\/plugins\/seo\/ -->\n<title>Esquerda se renova em Portugal e Espanha - PSOL 50<\/title>\n<meta name=\"robots\" content=\"index, follow, max-snippet:-1, max-image-preview:large, max-video-preview:-1\" \/>\n<link rel=\"canonical\" href=\"https:\/\/psol50.org.br\/esquerda-se-renova-em-portugal-e-espanha\/\" \/>\n<meta property=\"og:locale\" content=\"pt_BR\" \/>\n<meta property=\"og:type\" content=\"article\" \/>\n<meta property=\"og:title\" content=\"Esquerda se renova em Portugal e Espanha - PSOL 50\" \/>\n<meta property=\"og:description\" content=\"A esquerda europeia se renovou nos \u00faltimos anos. Com as pol\u00edticas de \u201causteridade econ\u00f4mica\u201d, impostas pelos organismos econ\u00f4micos como a Uni\u00e3o Europeia e o FMI, uma nova onda de descontentamento popular tomou o velho continente, fazendo surgir novos atores pol\u00edticos. Na Gr\u00e9cia, um dos pa\u00edses mais afetados pela crise econ\u00f4mica de 2008, as pol\u00edticas de [&hellip;]\" \/>\n<meta property=\"og:url\" content=\"https:\/\/psol50.org.br\/esquerda-se-renova-em-portugal-e-espanha\/\" \/>\n<meta property=\"og:site_name\" content=\"PSOL 50\" \/>\n<meta property=\"article:publisher\" content=\"https:\/\/www.facebook.com\/psol50\" \/>\n<meta property=\"article:published_time\" content=\"2014-11-25T17:32:45+00:00\" \/>\n<meta property=\"og:image\" content=\"https:\/\/psol50.org.br\/inc\/uploads\/2014\/11\/Portugal_bloco_de_esquerda.jpeg\" \/>\n\t<meta property=\"og:image:width\" content=\"1000\" \/>\n\t<meta property=\"og:image:height\" content=\"667\" \/>\n\t<meta property=\"og:image:type\" content=\"image\/jpeg\" \/>\n<meta name=\"author\" content=\"Comunica\u00e7\u00e3o PSOL\" \/>\n<meta name=\"twitter:card\" content=\"summary_large_image\" \/>\n<meta name=\"twitter:creator\" content=\"@psol50\" \/>\n<meta name=\"twitter:site\" content=\"@psol50\" \/>\n<meta name=\"twitter:label1\" content=\"Escrito por\" \/>\n\t<meta name=\"twitter:data1\" content=\"Comunica\u00e7\u00e3o PSOL\" \/>\n\t<meta name=\"twitter:label2\" content=\"Est. tempo de leitura\" \/>\n\t<meta name=\"twitter:data2\" content=\"6 minutos\" \/>\n<script type=\"application\/ld+json\" class=\"yoast-schema-graph\">{\"@context\":\"https:\/\/schema.org\",\"@graph\":[{\"@type\":\"Article\",\"@id\":\"https:\/\/psol50.org.br\/esquerda-se-renova-em-portugal-e-espanha\/#article\",\"isPartOf\":{\"@id\":\"https:\/\/psol50.org.br\/esquerda-se-renova-em-portugal-e-espanha\/\"},\"author\":{\"name\":\"Comunica\u00e7\u00e3o PSOL\",\"@id\":\"https:\/\/psol50.org.br\/#\/schema\/person\/475dfa57d0b815993c714c2e96491fcd\"},\"headline\":\"Esquerda se renova em Portugal e Espanha\",\"datePublished\":\"2014-11-25T17:32:45+00:00\",\"mainEntityOfPage\":{\"@id\":\"https:\/\/psol50.org.br\/esquerda-se-renova-em-portugal-e-espanha\/\"},\"wordCount\":1220,\"commentCount\":0,\"publisher\":{\"@id\":\"https:\/\/psol50.org.br\/#organization\"},\"image\":{\"@id\":\"https:\/\/psol50.org.br\/esquerda-se-renova-em-portugal-e-espanha\/#primaryimage\"},\"thumbnailUrl\":\"https:\/\/psol50.org.br\/inc\/uploads\/2014\/11\/Portugal_bloco_de_esquerda.jpeg\",\"keywords\":[\"Bloco de Esquerda\",\"esquerda\",\"Internacional\",\"Podemos\",\"Portugal\"],\"articleSection\":[\"Portugal\"],\"inLanguage\":\"pt-BR\",\"potentialAction\":[{\"@type\":\"CommentAction\",\"name\":\"Comment\",\"target\":[\"https:\/\/psol50.org.br\/esquerda-se-renova-em-portugal-e-espanha\/#respond\"]}]},{\"@type\":\"WebPage\",\"@id\":\"https:\/\/psol50.org.br\/esquerda-se-renova-em-portugal-e-espanha\/\",\"url\":\"https:\/\/psol50.org.br\/esquerda-se-renova-em-portugal-e-espanha\/\",\"name\":\"Esquerda se renova em Portugal e Espanha - PSOL 50\",\"isPartOf\":{\"@id\":\"https:\/\/psol50.org.br\/#website\"},\"primaryImageOfPage\":{\"@id\":\"https:\/\/psol50.org.br\/esquerda-se-renova-em-portugal-e-espanha\/#primaryimage\"},\"image\":{\"@id\":\"https:\/\/psol50.org.br\/esquerda-se-renova-em-portugal-e-espanha\/#primaryimage\"},\"thumbnailUrl\":\"https:\/\/psol50.org.br\/inc\/uploads\/2014\/11\/Portugal_bloco_de_esquerda.jpeg\",\"datePublished\":\"2014-11-25T17:32:45+00:00\",\"breadcrumb\":{\"@id\":\"https:\/\/psol50.org.br\/esquerda-se-renova-em-portugal-e-espanha\/#breadcrumb\"},\"inLanguage\":\"pt-BR\",\"potentialAction\":[{\"@type\":\"ReadAction\",\"target\":[\"https:\/\/psol50.org.br\/esquerda-se-renova-em-portugal-e-espanha\/\"]}]},{\"@type\":\"ImageObject\",\"inLanguage\":\"pt-BR\",\"@id\":\"https:\/\/psol50.org.br\/esquerda-se-renova-em-portugal-e-espanha\/#primaryimage\",\"url\":\"https:\/\/psol50.org.br\/inc\/uploads\/2014\/11\/Portugal_bloco_de_esquerda.jpeg\",\"contentUrl\":\"https:\/\/psol50.org.br\/inc\/uploads\/2014\/11\/Portugal_bloco_de_esquerda.jpeg\",\"width\":1000,\"height\":667,\"caption\":\"O l\u00edder do Bloco de Esquerda, Francisco Lou\u00e7\u00e3, discursa durante uma arruada na baixa do Porto, 8 de junho de 2012. JOSE COELHO \/ LUSA\"},{\"@type\":\"BreadcrumbList\",\"@id\":\"https:\/\/psol50.org.br\/esquerda-se-renova-em-portugal-e-espanha\/#breadcrumb\",\"itemListElement\":[{\"@type\":\"ListItem\",\"position\":1,\"name\":\"In\u00edcio\",\"item\":\"https:\/\/psol50.org.br\/\"},{\"@type\":\"ListItem\",\"position\":2,\"name\":\"Esquerda se renova em Portugal e Espanha\"}]},{\"@type\":\"WebSite\",\"@id\":\"https:\/\/psol50.org.br\/#website\",\"url\":\"https:\/\/psol50.org.br\/\",\"name\":\"PSOL 50\",\"description\":\"Site oficial do Partido Socialismo e Liberdade\",\"publisher\":{\"@id\":\"https:\/\/psol50.org.br\/#organization\"},\"alternateName\":\"PSOL50\",\"potentialAction\":[{\"@type\":\"SearchAction\",\"target\":{\"@type\":\"EntryPoint\",\"urlTemplate\":\"https:\/\/psol50.org.br\/?s={search_term_string}\"},\"query-input\":{\"@type\":\"PropertyValueSpecification\",\"valueRequired\":true,\"valueName\":\"search_term_string\"}}],\"inLanguage\":\"pt-BR\"},{\"@type\":\"Organization\",\"@id\":\"https:\/\/psol50.org.br\/#organization\",\"name\":\"PSOL 50\",\"alternateName\":\"PSOL 50\",\"url\":\"https:\/\/psol50.org.br\/\",\"logo\":{\"@type\":\"ImageObject\",\"inLanguage\":\"pt-BR\",\"@id\":\"https:\/\/psol50.org.br\/#\/schema\/logo\/image\/\",\"url\":\"https:\/\/psol50.org.br\/inc\/uploads\/2018\/07\/capa.png\",\"contentUrl\":\"https:\/\/psol50.org.br\/inc\/uploads\/2018\/07\/capa.png\",\"width\":1350,\"height\":900,\"caption\":\"PSOL 50\"},\"image\":{\"@id\":\"https:\/\/psol50.org.br\/#\/schema\/logo\/image\/\"},\"sameAs\":[\"https:\/\/www.facebook.com\/psol50\",\"https:\/\/x.com\/psol50\",\"https:\/\/www.instagram.com\/psol50\/\",\"https:\/\/www.youtube.com\/channel\/UC7SnJS5o1os7a6CaiNabzcg\"]},{\"@type\":\"Person\",\"@id\":\"https:\/\/psol50.org.br\/#\/schema\/person\/475dfa57d0b815993c714c2e96491fcd\",\"name\":\"Comunica\u00e7\u00e3o PSOL\",\"image\":{\"@type\":\"ImageObject\",\"inLanguage\":\"pt-BR\",\"@id\":\"https:\/\/psol50.org.br\/#\/schema\/person\/image\/\",\"url\":\"https:\/\/secure.gravatar.com\/avatar\/b34fc4f4e468a4e51785917065a3db57b841f5c95dba6ad8c73aaf8f66f8f9bf?s=96&d=mm&r=g\",\"contentUrl\":\"https:\/\/secure.gravatar.com\/avatar\/b34fc4f4e468a4e51785917065a3db57b841f5c95dba6ad8c73aaf8f66f8f9bf?s=96&d=mm&r=g\",\"caption\":\"Comunica\u00e7\u00e3o PSOL\"}}]}<\/script>\n<!-- \/ Yoast SEO plugin. -->","yoast_head_json":{"title":"Esquerda se renova em Portugal e Espanha - PSOL 50","robots":{"index":"index","follow":"follow","max-snippet":"max-snippet:-1","max-image-preview":"max-image-preview:large","max-video-preview":"max-video-preview:-1"},"canonical":"https:\/\/psol50.org.br\/esquerda-se-renova-em-portugal-e-espanha\/","og_locale":"pt_BR","og_type":"article","og_title":"Esquerda se renova em Portugal e Espanha - PSOL 50","og_description":"A esquerda europeia se renovou nos \u00faltimos anos. Com as pol\u00edticas de \u201causteridade econ\u00f4mica\u201d, impostas pelos organismos econ\u00f4micos como a Uni\u00e3o Europeia e o FMI, uma nova onda de descontentamento popular tomou o velho continente, fazendo surgir novos atores pol\u00edticos. Na Gr\u00e9cia, um dos pa\u00edses mais afetados pela crise econ\u00f4mica de 2008, as pol\u00edticas de [&hellip;]","og_url":"https:\/\/psol50.org.br\/esquerda-se-renova-em-portugal-e-espanha\/","og_site_name":"PSOL 50","article_publisher":"https:\/\/www.facebook.com\/psol50","article_published_time":"2014-11-25T17:32:45+00:00","og_image":[{"width":1000,"height":667,"url":"https:\/\/psol50.org.br\/inc\/uploads\/2014\/11\/Portugal_bloco_de_esquerda.jpeg","type":"image\/jpeg"}],"author":"Comunica\u00e7\u00e3o PSOL","twitter_card":"summary_large_image","twitter_creator":"@psol50","twitter_site":"@psol50","twitter_misc":{"Escrito por":"Comunica\u00e7\u00e3o PSOL","Est. tempo de leitura":"6 minutos"},"schema":{"@context":"https:\/\/schema.org","@graph":[{"@type":"Article","@id":"https:\/\/psol50.org.br\/esquerda-se-renova-em-portugal-e-espanha\/#article","isPartOf":{"@id":"https:\/\/psol50.org.br\/esquerda-se-renova-em-portugal-e-espanha\/"},"author":{"name":"Comunica\u00e7\u00e3o PSOL","@id":"https:\/\/psol50.org.br\/#\/schema\/person\/475dfa57d0b815993c714c2e96491fcd"},"headline":"Esquerda se renova em Portugal e Espanha","datePublished":"2014-11-25T17:32:45+00:00","mainEntityOfPage":{"@id":"https:\/\/psol50.org.br\/esquerda-se-renova-em-portugal-e-espanha\/"},"wordCount":1220,"commentCount":0,"publisher":{"@id":"https:\/\/psol50.org.br\/#organization"},"image":{"@id":"https:\/\/psol50.org.br\/esquerda-se-renova-em-portugal-e-espanha\/#primaryimage"},"thumbnailUrl":"https:\/\/psol50.org.br\/inc\/uploads\/2014\/11\/Portugal_bloco_de_esquerda.jpeg","keywords":["Bloco de Esquerda","esquerda","Internacional","Podemos","Portugal"],"articleSection":["Portugal"],"inLanguage":"pt-BR","potentialAction":[{"@type":"CommentAction","name":"Comment","target":["https:\/\/psol50.org.br\/esquerda-se-renova-em-portugal-e-espanha\/#respond"]}]},{"@type":"WebPage","@id":"https:\/\/psol50.org.br\/esquerda-se-renova-em-portugal-e-espanha\/","url":"https:\/\/psol50.org.br\/esquerda-se-renova-em-portugal-e-espanha\/","name":"Esquerda se renova em Portugal e Espanha - PSOL 50","isPartOf":{"@id":"https:\/\/psol50.org.br\/#website"},"primaryImageOfPage":{"@id":"https:\/\/psol50.org.br\/esquerda-se-renova-em-portugal-e-espanha\/#primaryimage"},"image":{"@id":"https:\/\/psol50.org.br\/esquerda-se-renova-em-portugal-e-espanha\/#primaryimage"},"thumbnailUrl":"https:\/\/psol50.org.br\/inc\/uploads\/2014\/11\/Portugal_bloco_de_esquerda.jpeg","datePublished":"2014-11-25T17:32:45+00:00","breadcrumb":{"@id":"https:\/\/psol50.org.br\/esquerda-se-renova-em-portugal-e-espanha\/#breadcrumb"},"inLanguage":"pt-BR","potentialAction":[{"@type":"ReadAction","target":["https:\/\/psol50.org.br\/esquerda-se-renova-em-portugal-e-espanha\/"]}]},{"@type":"ImageObject","inLanguage":"pt-BR","@id":"https:\/\/psol50.org.br\/esquerda-se-renova-em-portugal-e-espanha\/#primaryimage","url":"https:\/\/psol50.org.br\/inc\/uploads\/2014\/11\/Portugal_bloco_de_esquerda.jpeg","contentUrl":"https:\/\/psol50.org.br\/inc\/uploads\/2014\/11\/Portugal_bloco_de_esquerda.jpeg","width":1000,"height":667,"caption":"O l\u00edder do Bloco de Esquerda, Francisco Lou\u00e7\u00e3, discursa durante uma arruada na baixa do Porto, 8 de junho de 2012. JOSE COELHO \/ LUSA"},{"@type":"BreadcrumbList","@id":"https:\/\/psol50.org.br\/esquerda-se-renova-em-portugal-e-espanha\/#breadcrumb","itemListElement":[{"@type":"ListItem","position":1,"name":"In\u00edcio","item":"https:\/\/psol50.org.br\/"},{"@type":"ListItem","position":2,"name":"Esquerda se renova em Portugal e Espanha"}]},{"@type":"WebSite","@id":"https:\/\/psol50.org.br\/#website","url":"https:\/\/psol50.org.br\/","name":"PSOL 50","description":"Site oficial do Partido Socialismo e Liberdade","publisher":{"@id":"https:\/\/psol50.org.br\/#organization"},"alternateName":"PSOL50","potentialAction":[{"@type":"SearchAction","target":{"@type":"EntryPoint","urlTemplate":"https:\/\/psol50.org.br\/?s={search_term_string}"},"query-input":{"@type":"PropertyValueSpecification","valueRequired":true,"valueName":"search_term_string"}}],"inLanguage":"pt-BR"},{"@type":"Organization","@id":"https:\/\/psol50.org.br\/#organization","name":"PSOL 50","alternateName":"PSOL 50","url":"https:\/\/psol50.org.br\/","logo":{"@type":"ImageObject","inLanguage":"pt-BR","@id":"https:\/\/psol50.org.br\/#\/schema\/logo\/image\/","url":"https:\/\/psol50.org.br\/inc\/uploads\/2018\/07\/capa.png","contentUrl":"https:\/\/psol50.org.br\/inc\/uploads\/2018\/07\/capa.png","width":1350,"height":900,"caption":"PSOL 50"},"image":{"@id":"https:\/\/psol50.org.br\/#\/schema\/logo\/image\/"},"sameAs":["https:\/\/www.facebook.com\/psol50","https:\/\/x.com\/psol50","https:\/\/www.instagram.com\/psol50\/","https:\/\/www.youtube.com\/channel\/UC7SnJS5o1os7a6CaiNabzcg"]},{"@type":"Person","@id":"https:\/\/psol50.org.br\/#\/schema\/person\/475dfa57d0b815993c714c2e96491fcd","name":"Comunica\u00e7\u00e3o PSOL","image":{"@type":"ImageObject","inLanguage":"pt-BR","@id":"https:\/\/psol50.org.br\/#\/schema\/person\/image\/","url":"https:\/\/secure.gravatar.com\/avatar\/b34fc4f4e468a4e51785917065a3db57b841f5c95dba6ad8c73aaf8f66f8f9bf?s=96&d=mm&r=g","contentUrl":"https:\/\/secure.gravatar.com\/avatar\/b34fc4f4e468a4e51785917065a3db57b841f5c95dba6ad8c73aaf8f66f8f9bf?s=96&d=mm&r=g","caption":"Comunica\u00e7\u00e3o PSOL"}}]}},"_links":{"self":[{"href":"https:\/\/psol50.org.br\/rest\/wp\/v2\/posts\/3067","targetHints":{"allow":["GET"]}}],"collection":[{"href":"https:\/\/psol50.org.br\/rest\/wp\/v2\/posts"}],"about":[{"href":"https:\/\/psol50.org.br\/rest\/wp\/v2\/types\/post"}],"author":[{"embeddable":true,"href":"https:\/\/psol50.org.br\/rest\/wp\/v2\/users\/2"}],"replies":[{"embeddable":true,"href":"https:\/\/psol50.org.br\/rest\/wp\/v2\/comments?post=3067"}],"version-history":[{"count":0,"href":"https:\/\/psol50.org.br\/rest\/wp\/v2\/posts\/3067\/revisions"}],"wp:featuredmedia":[{"embeddable":true,"href":"https:\/\/psol50.org.br\/rest\/wp\/v2\/media\/10165"}],"wp:attachment":[{"href":"https:\/\/psol50.org.br\/rest\/wp\/v2\/media?parent=3067"}],"wp:term":[{"taxonomy":"category","embeddable":true,"href":"https:\/\/psol50.org.br\/rest\/wp\/v2\/categories?post=3067"},{"taxonomy":"post_tag","embeddable":true,"href":"https:\/\/psol50.org.br\/rest\/wp\/v2\/tags?post=3067"}],"curies":[{"name":"wp","href":"https:\/\/api.w.org\/{rel}","templated":true}]}}