{"id":30693,"date":"2020-09-10T11:22:10","date_gmt":"2020-09-10T14:22:10","guid":{"rendered":"https:\/\/psol50.org.br\/?p=30693"},"modified":"2020-09-10T11:22:10","modified_gmt":"2020-09-10T14:22:10","slug":"em-resposta-ao-psol-itamaraty-usa-likes-para-justificar-palestras-de-olavistas-e-monarquistas","status":"publish","type":"post","link":"https:\/\/psol50.org.br\/em-resposta-ao-psol-itamaraty-usa-likes-para-justificar-palestras-de-olavistas-e-monarquistas\/","title":{"rendered":"Em resposta ao PSOL, Itamaraty usa likes para justificar palestras de olavistas e monarquistas"},"content":{"rendered":"<p><a href=\"https:\/\/psol50.org.br\/rendajusta\/\" target=\"_blank\" rel=\"noopener noreferrer\"><img loading=\"lazy\" decoding=\"async\" class=\"alignnone size-full wp-image-30552\" src=\"https:\/\/psol50.org.br\/inc\/uploads\/2020\/08\/21-08-2020_LancamentoRendaJusta-2.png\" alt=\"\" width=\"1920\" height=\"383\" srcset=\"https:\/\/psol50.org.br\/inc\/uploads\/2020\/08\/21-08-2020_LancamentoRendaJusta-2.png 1920w, https:\/\/psol50.org.br\/inc\/uploads\/2020\/08\/21-08-2020_LancamentoRendaJusta-2-300x60.png 300w, https:\/\/psol50.org.br\/inc\/uploads\/2020\/08\/21-08-2020_LancamentoRendaJusta-2-1024x204.png 1024w, https:\/\/psol50.org.br\/inc\/uploads\/2020\/08\/21-08-2020_LancamentoRendaJusta-2-768x153.png 768w, https:\/\/psol50.org.br\/inc\/uploads\/2020\/08\/21-08-2020_LancamentoRendaJusta-2-1536x306.png 1536w, https:\/\/psol50.org.br\/inc\/uploads\/2020\/08\/21-08-2020_LancamentoRendaJusta-2-150x30.png 150w, https:\/\/psol50.org.br\/inc\/uploads\/2020\/08\/21-08-2020_LancamentoRendaJusta-2-696x139.png 696w, https:\/\/psol50.org.br\/inc\/uploads\/2020\/08\/21-08-2020_LancamentoRendaJusta-2-1068x213.png 1068w\" sizes=\"auto, (max-width: 1920px) 100vw, 1920px\" \/><\/a><\/p>\n<p>O ministro de Rela\u00e7\u00f5es Exteriores, Ernesto Ara\u00fajo, respondeu um requerimento de informa\u00e7\u00f5es enviado pela bancada do PSOL e demonstrou o n\u00edvel do trabalho que vem conduzindo a frente do minist\u00e9rio: lament\u00e1vel. O chanceler brasileiro justificou a escolha de conferencistas da Funda\u00e7\u00e3o Alexandre de Gusm\u00e3o (FUNAG) com um argumento pouco acad\u00eamico: os n\u00fameros de &#8220;likes&#8221; que as palestras geraram nas redes sociais. Entre eles est\u00e3o blogueiros bolsonaristas sob investiga\u00e7\u00e3o do STF.<\/p>\n<p>Ao longo dos \u00faltimos meses, a entidade ligada ao Itamaraty promoveu uma s\u00e9rie de debates sobre a pol\u00edtica externa. Temas da agenda do atual governo, como a cr\u00edtica ao globalismo, passaram a fazer parte do calend\u00e1rio. E, para discursar sobre tais assuntos, nomes com Bernardo Kuster e Allan dos Santos foram selecionados \u2014 ambos est\u00e3o entre blogueiros sob investiga\u00e7\u00e3o do STF num inqu\u00e9rito sobre fake news.<\/p>\n<p>No dia 2 de setembro o PSOL recebeu as respostas de Ara\u00fajo ao requerimento que cobrava justificativas das escolhas dos nomes que foram custeados com dinheiro p\u00fablico.<\/p>\n<p>O ministro afirma ainda que &#8220;o interesse do p\u00fablico tem sido crescente&#8221;. Para demonstrar isso, ele cita dados de visualiza\u00e7\u00f5es de v\u00eddeos e &#8220;likes&#8221; e &#8220;dislikes&#8221; para atestar a &#8220;alta receptividade da sociedade&#8221; aos temas e palestrantes escolhidos.<\/p>\n<p>De acordo com ele, em 2020, confer\u00eancias virtuais tiveram mais de 250 mil visualiza\u00e7\u00f5es, com cerca de 30 mil avalia\u00e7\u00f5es positivas (likes) e 1,2 mil avalia\u00e7\u00f5es negativas (dislikes). Ele cita ainda o caso de um semin\u00e1rio sobre globalismo, em junho de 2019. Desde aquele momento, foram 122 mil visualiza\u00e7\u00f5es, com 11 mil likes e 269 desaprova\u00e7\u00f5es.<\/p>\n<p>Outra quest\u00e3o apresentada pelo PSOL se referira ao fato de o Itamaraty ter convidado o l\u00edder monarquista Bertrand de Orleans e Bragan\u00e7a como conferencista de um evento sobre conjuntura internacional p\u00f3s-coronav\u00edrus.<\/p>\n<p>Nos materiais de divulga\u00e7\u00e3o, o governo o apresentava como Sua Alteza Real e Imperial &#8211; S.A.I.R. Numa Rep\u00fablica, por\u00e9m, tal t\u00edtulo n\u00e3o existe. O Itamaraty disse que n\u00e3o foi consultado. Mas Ara\u00fajo, ainda assim, indicou que &#8220;n\u00e3o parece haver qualquer problema na utiliza\u00e7\u00e3o do tratamento &#8216;S.A.I.R. \u00e0 Dom Bertrand de Orleans e Bragan\u00e7a, que como tal se identifica&#8221;.<\/p>\n<p>Em pleno debate sobre a viol\u00eancia policial e os protestos contra o racismo no mundo, o convidado usou seu palanque no Itamaraty para dizer que o Brasil &#8220;n\u00e3o tem problema racial&#8221;. &#8220;Est\u00e3o tentando criar esse problema&#8221;, disse. &#8220;Aqui, todos nos damos bem&#8221;, garantiu. Ao falar das qualidades do pa\u00eds, ele citou a exist\u00eancia de um povo &#8220;pac\u00edfico&#8221;, mas tamb\u00e9m marcado pela &#8220;do\u00e7ura e lealdade&#8221;.<\/p>\n<p>O convidado foi apresentado como uma pessoa que descende da casa real francesa, austr\u00edaca e portuguesa, al\u00e9m de uma &#8220;longa tradi\u00e7\u00e3o de her\u00f3is, reis e santos&#8221;.<\/p>\n<p><em><a href=\"https:\/\/noticias.uol.com.br\/colunas\/jamil-chade\/2020\/09\/09\/itamaraty-usa-likes-para-justificar-convite-a-olavistas-e-monarquistas.htm?cmpid=copiaecola\" target=\"_blank\" rel=\"noopener noreferrer\">Com informa\u00e7\u00f5es do UOL<\/a><\/em><\/p>\n<p><a href=\"https:\/\/impeachmentpopular.com.br\/\" target=\"_blank\" rel=\"noopener noreferrer\"><img loading=\"lazy\" decoding=\"async\" class=\"alignnone size-full wp-image-29118\" src=\"https:\/\/psol50.org.br\/inc\/uploads\/2020\/05\/Email_Impeachment.png\" alt=\"\" width=\"1080\" height=\"250\" srcset=\"https:\/\/psol50.org.br\/inc\/uploads\/2020\/05\/Email_Impeachment.png 1080w, https:\/\/psol50.org.br\/inc\/uploads\/2020\/05\/Email_Impeachment-300x69.png 300w, https:\/\/psol50.org.br\/inc\/uploads\/2020\/05\/Email_Impeachment-1024x237.png 1024w, https:\/\/psol50.org.br\/inc\/uploads\/2020\/05\/Email_Impeachment-768x178.png 768w, https:\/\/psol50.org.br\/inc\/uploads\/2020\/05\/Email_Impeachment-150x35.png 150w, https:\/\/psol50.org.br\/inc\/uploads\/2020\/05\/Email_Impeachment-696x161.png 696w, https:\/\/psol50.org.br\/inc\/uploads\/2020\/05\/Email_Impeachment-1068x247.png 1068w\" sizes=\"auto, (max-width: 1080px) 100vw, 1080px\" \/><\/a><\/p>\n","protected":false},"excerpt":{"rendered":"<p>O ministro de Rela\u00e7\u00f5es Exteriores, Ernesto Ara\u00fajo, respondeu um requerimento de informa\u00e7\u00f5es enviado pela bancada do PSOL e demonstrou o n\u00edvel do trabalho que vem conduzindo a frente do minist\u00e9rio: lament\u00e1vel. O chanceler brasileiro justificou a escolha de conferencistas da Funda\u00e7\u00e3o Alexandre de Gusm\u00e3o (FUNAG) com um argumento pouco acad\u00eamico: os n\u00fameros de &#8220;likes&#8221; que [&hellip;]<\/p>\n","protected":false},"author":2,"featured_media":30005,"comment_status":"closed","ping_status":"open","sticky":false,"template":"","format":"standard","meta":{"_acf_changed":false,"footnotes":""},"categories":[10,6],"tags":[600,423,1139,22,546],"class_list":{"0":"post-30693","1":"post","2":"type-post","3":"status-publish","4":"format-standard","5":"has-post-thumbnail","7":"category-acao-parlamentares","8":"category-noticias","9":"tag-ernesto-araujo","10":"tag-itamaraty","11":"tag-likes","12":"tag-psol","13":"tag-relacoes-exteriores"},"acf":[],"yoast_head":"<!-- This site is optimized with the Yoast SEO plugin v26.5 - https:\/\/yoast.com\/wordpress\/plugins\/seo\/ -->\n<title>Em resposta ao PSOL, Itamaraty usa likes para justificar palestras de olavistas e monarquistas<\/title>\n<meta name=\"description\" content=\"Ernesto Ara\u00fajo respondeu um requerimento do PSOL e demonstrou o n\u00edvel do trabalho que vem conduzindo a frente do minist\u00e9rio: lament\u00e1vel.\" \/>\n<meta name=\"robots\" content=\"index, follow, max-snippet:-1, max-image-preview:large, max-video-preview:-1\" \/>\n<link rel=\"canonical\" href=\"https:\/\/psol50.org.br\/em-resposta-ao-psol-itamaraty-usa-likes-para-justificar-palestras-de-olavistas-e-monarquistas\/\" \/>\n<meta property=\"og:locale\" content=\"pt_BR\" \/>\n<meta property=\"og:type\" content=\"article\" \/>\n<meta property=\"og:title\" content=\"Em resposta ao PSOL, Itamaraty usa likes para justificar palestras de olavistas e monarquistas\" \/>\n<meta property=\"og:description\" content=\"Ernesto Ara\u00fajo respondeu um requerimento do PSOL e demonstrou o n\u00edvel do trabalho que vem conduzindo a frente do minist\u00e9rio: lament\u00e1vel.\" \/>\n<meta property=\"og:url\" content=\"https:\/\/psol50.org.br\/em-resposta-ao-psol-itamaraty-usa-likes-para-justificar-palestras-de-olavistas-e-monarquistas\/\" \/>\n<meta property=\"og:site_name\" content=\"PSOL 50\" \/>\n<meta property=\"article:publisher\" content=\"https:\/\/www.facebook.com\/psol50\" \/>\n<meta property=\"article:published_time\" content=\"2020-09-10T14:22:10+00:00\" \/>\n<meta property=\"og:image\" content=\"https:\/\/psol50.org.br\/inc\/uploads\/2020\/07\/ernesto-araujo-bolsonaro-e-olavo-de-carvalho.png\" \/>\n\t<meta property=\"og:image:width\" content=\"739\" \/>\n\t<meta property=\"og:image:height\" content=\"439\" \/>\n\t<meta property=\"og:image:type\" content=\"image\/png\" \/>\n<meta name=\"author\" content=\"Comunica\u00e7\u00e3o PSOL\" \/>\n<meta name=\"twitter:card\" content=\"summary_large_image\" \/>\n<meta name=\"twitter:title\" content=\"Em resposta ao PSOL, Itamaraty usa likes para justificar palestras de olavistas e monarquistas\" \/>\n<meta name=\"twitter:description\" content=\"Ernesto Ara\u00fajo respondeu um requerimento do PSOL e demonstrou o n\u00edvel do trabalho que vem conduzindo a frente do minist\u00e9rio: lament\u00e1vel.\" \/>\n<meta name=\"twitter:image\" content=\"https:\/\/psol50.org.br\/inc\/uploads\/2020\/07\/ernesto-araujo-bolsonaro-e-olavo-de-carvalho.png\" \/>\n<meta name=\"twitter:creator\" content=\"@psol50\" \/>\n<meta name=\"twitter:site\" content=\"@psol50\" \/>\n<meta name=\"twitter:label1\" content=\"Escrito por\" \/>\n\t<meta name=\"twitter:data1\" content=\"Comunica\u00e7\u00e3o PSOL\" \/>\n\t<meta name=\"twitter:label2\" content=\"Est. tempo de leitura\" \/>\n\t<meta name=\"twitter:data2\" content=\"2 minutos\" \/>\n<script type=\"application\/ld+json\" class=\"yoast-schema-graph\">{\"@context\":\"https:\/\/schema.org\",\"@graph\":[{\"@type\":\"Article\",\"@id\":\"https:\/\/psol50.org.br\/em-resposta-ao-psol-itamaraty-usa-likes-para-justificar-palestras-de-olavistas-e-monarquistas\/#article\",\"isPartOf\":{\"@id\":\"https:\/\/psol50.org.br\/em-resposta-ao-psol-itamaraty-usa-likes-para-justificar-palestras-de-olavistas-e-monarquistas\/\"},\"author\":{\"name\":\"Comunica\u00e7\u00e3o PSOL\",\"@id\":\"https:\/\/psol50.org.br\/#\/schema\/person\/475dfa57d0b815993c714c2e96491fcd\"},\"headline\":\"Em resposta ao PSOL, Itamaraty usa likes para justificar palestras de olavistas e monarquistas\",\"datePublished\":\"2020-09-10T14:22:10+00:00\",\"mainEntityOfPage\":{\"@id\":\"https:\/\/psol50.org.br\/em-resposta-ao-psol-itamaraty-usa-likes-para-justificar-palestras-de-olavistas-e-monarquistas\/\"},\"wordCount\":508,\"publisher\":{\"@id\":\"https:\/\/psol50.org.br\/#organization\"},\"image\":{\"@id\":\"https:\/\/psol50.org.br\/em-resposta-ao-psol-itamaraty-usa-likes-para-justificar-palestras-de-olavistas-e-monarquistas\/#primaryimage\"},\"thumbnailUrl\":\"https:\/\/psol50.org.br\/inc\/uploads\/2020\/07\/ernesto-araujo-bolsonaro-e-olavo-de-carvalho.png\",\"keywords\":[\"ernesto ara\u00fajo\",\"itamaraty\",\"likes\",\"PSOL\",\"rela\u00e7\u00f5es exteriores\"],\"articleSection\":[\"A\u00e7\u00e3o Parlamentar\",\"Not\u00edcias\"],\"inLanguage\":\"pt-BR\"},{\"@type\":\"WebPage\",\"@id\":\"https:\/\/psol50.org.br\/em-resposta-ao-psol-itamaraty-usa-likes-para-justificar-palestras-de-olavistas-e-monarquistas\/\",\"url\":\"https:\/\/psol50.org.br\/em-resposta-ao-psol-itamaraty-usa-likes-para-justificar-palestras-de-olavistas-e-monarquistas\/\",\"name\":\"Em resposta ao PSOL, Itamaraty usa likes para justificar palestras de olavistas e monarquistas\",\"isPartOf\":{\"@id\":\"https:\/\/psol50.org.br\/#website\"},\"primaryImageOfPage\":{\"@id\":\"https:\/\/psol50.org.br\/em-resposta-ao-psol-itamaraty-usa-likes-para-justificar-palestras-de-olavistas-e-monarquistas\/#primaryimage\"},\"image\":{\"@id\":\"https:\/\/psol50.org.br\/em-resposta-ao-psol-itamaraty-usa-likes-para-justificar-palestras-de-olavistas-e-monarquistas\/#primaryimage\"},\"thumbnailUrl\":\"https:\/\/psol50.org.br\/inc\/uploads\/2020\/07\/ernesto-araujo-bolsonaro-e-olavo-de-carvalho.png\",\"datePublished\":\"2020-09-10T14:22:10+00:00\",\"description\":\"Ernesto Ara\u00fajo respondeu um requerimento do PSOL e demonstrou o n\u00edvel do trabalho que vem conduzindo a frente do minist\u00e9rio: lament\u00e1vel.\",\"breadcrumb\":{\"@id\":\"https:\/\/psol50.org.br\/em-resposta-ao-psol-itamaraty-usa-likes-para-justificar-palestras-de-olavistas-e-monarquistas\/#breadcrumb\"},\"inLanguage\":\"pt-BR\",\"potentialAction\":[{\"@type\":\"ReadAction\",\"target\":[\"https:\/\/psol50.org.br\/em-resposta-ao-psol-itamaraty-usa-likes-para-justificar-palestras-de-olavistas-e-monarquistas\/\"]}]},{\"@type\":\"ImageObject\",\"inLanguage\":\"pt-BR\",\"@id\":\"https:\/\/psol50.org.br\/em-resposta-ao-psol-itamaraty-usa-likes-para-justificar-palestras-de-olavistas-e-monarquistas\/#primaryimage\",\"url\":\"https:\/\/psol50.org.br\/inc\/uploads\/2020\/07\/ernesto-araujo-bolsonaro-e-olavo-de-carvalho.png\",\"contentUrl\":\"https:\/\/psol50.org.br\/inc\/uploads\/2020\/07\/ernesto-araujo-bolsonaro-e-olavo-de-carvalho.png\",\"width\":739,\"height\":439},{\"@type\":\"BreadcrumbList\",\"@id\":\"https:\/\/psol50.org.br\/em-resposta-ao-psol-itamaraty-usa-likes-para-justificar-palestras-de-olavistas-e-monarquistas\/#breadcrumb\",\"itemListElement\":[{\"@type\":\"ListItem\",\"position\":1,\"name\":\"In\u00edcio\",\"item\":\"https:\/\/psol50.org.br\/\"},{\"@type\":\"ListItem\",\"position\":2,\"name\":\"Em resposta ao PSOL, Itamaraty usa likes para justificar palestras de olavistas e monarquistas\"}]},{\"@type\":\"WebSite\",\"@id\":\"https:\/\/psol50.org.br\/#website\",\"url\":\"https:\/\/psol50.org.br\/\",\"name\":\"PSOL 50\",\"description\":\"Site oficial do Partido Socialismo e Liberdade\",\"publisher\":{\"@id\":\"https:\/\/psol50.org.br\/#organization\"},\"alternateName\":\"PSOL50\",\"potentialAction\":[{\"@type\":\"SearchAction\",\"target\":{\"@type\":\"EntryPoint\",\"urlTemplate\":\"https:\/\/psol50.org.br\/?s={search_term_string}\"},\"query-input\":{\"@type\":\"PropertyValueSpecification\",\"valueRequired\":true,\"valueName\":\"search_term_string\"}}],\"inLanguage\":\"pt-BR\"},{\"@type\":\"Organization\",\"@id\":\"https:\/\/psol50.org.br\/#organization\",\"name\":\"PSOL 50\",\"alternateName\":\"PSOL 50\",\"url\":\"https:\/\/psol50.org.br\/\",\"logo\":{\"@type\":\"ImageObject\",\"inLanguage\":\"pt-BR\",\"@id\":\"https:\/\/psol50.org.br\/#\/schema\/logo\/image\/\",\"url\":\"https:\/\/psol50.org.br\/inc\/uploads\/2018\/07\/capa.png\",\"contentUrl\":\"https:\/\/psol50.org.br\/inc\/uploads\/2018\/07\/capa.png\",\"width\":1350,\"height\":900,\"caption\":\"PSOL 50\"},\"image\":{\"@id\":\"https:\/\/psol50.org.br\/#\/schema\/logo\/image\/\"},\"sameAs\":[\"https:\/\/www.facebook.com\/psol50\",\"https:\/\/x.com\/psol50\",\"https:\/\/www.instagram.com\/psol50\/\",\"https:\/\/www.youtube.com\/channel\/UC7SnJS5o1os7a6CaiNabzcg\"]},{\"@type\":\"Person\",\"@id\":\"https:\/\/psol50.org.br\/#\/schema\/person\/475dfa57d0b815993c714c2e96491fcd\",\"name\":\"Comunica\u00e7\u00e3o PSOL\",\"image\":{\"@type\":\"ImageObject\",\"inLanguage\":\"pt-BR\",\"@id\":\"https:\/\/psol50.org.br\/#\/schema\/person\/image\/\",\"url\":\"https:\/\/secure.gravatar.com\/avatar\/b34fc4f4e468a4e51785917065a3db57b841f5c95dba6ad8c73aaf8f66f8f9bf?s=96&d=mm&r=g\",\"contentUrl\":\"https:\/\/secure.gravatar.com\/avatar\/b34fc4f4e468a4e51785917065a3db57b841f5c95dba6ad8c73aaf8f66f8f9bf?s=96&d=mm&r=g\",\"caption\":\"Comunica\u00e7\u00e3o PSOL\"}}]}<\/script>\n<!-- \/ Yoast SEO plugin. -->","yoast_head_json":{"title":"Em resposta ao PSOL, Itamaraty usa likes para justificar palestras de olavistas e monarquistas","description":"Ernesto Ara\u00fajo respondeu um requerimento do PSOL e demonstrou o n\u00edvel do trabalho que vem conduzindo a frente do minist\u00e9rio: lament\u00e1vel.","robots":{"index":"index","follow":"follow","max-snippet":"max-snippet:-1","max-image-preview":"max-image-preview:large","max-video-preview":"max-video-preview:-1"},"canonical":"https:\/\/psol50.org.br\/em-resposta-ao-psol-itamaraty-usa-likes-para-justificar-palestras-de-olavistas-e-monarquistas\/","og_locale":"pt_BR","og_type":"article","og_title":"Em resposta ao PSOL, Itamaraty usa likes para justificar palestras de olavistas e monarquistas","og_description":"Ernesto Ara\u00fajo respondeu um requerimento do PSOL e demonstrou o n\u00edvel do trabalho que vem conduzindo a frente do minist\u00e9rio: lament\u00e1vel.","og_url":"https:\/\/psol50.org.br\/em-resposta-ao-psol-itamaraty-usa-likes-para-justificar-palestras-de-olavistas-e-monarquistas\/","og_site_name":"PSOL 50","article_publisher":"https:\/\/www.facebook.com\/psol50","article_published_time":"2020-09-10T14:22:10+00:00","og_image":[{"width":739,"height":439,"url":"https:\/\/psol50.org.br\/inc\/uploads\/2020\/07\/ernesto-araujo-bolsonaro-e-olavo-de-carvalho.png","type":"image\/png"}],"author":"Comunica\u00e7\u00e3o PSOL","twitter_card":"summary_large_image","twitter_title":"Em resposta ao PSOL, Itamaraty usa likes para justificar palestras de olavistas e monarquistas","twitter_description":"Ernesto Ara\u00fajo respondeu um requerimento do PSOL e demonstrou o n\u00edvel do trabalho que vem conduzindo a frente do minist\u00e9rio: lament\u00e1vel.","twitter_image":"https:\/\/psol50.org.br\/inc\/uploads\/2020\/07\/ernesto-araujo-bolsonaro-e-olavo-de-carvalho.png","twitter_creator":"@psol50","twitter_site":"@psol50","twitter_misc":{"Escrito por":"Comunica\u00e7\u00e3o PSOL","Est. tempo de leitura":"2 minutos"},"schema":{"@context":"https:\/\/schema.org","@graph":[{"@type":"Article","@id":"https:\/\/psol50.org.br\/em-resposta-ao-psol-itamaraty-usa-likes-para-justificar-palestras-de-olavistas-e-monarquistas\/#article","isPartOf":{"@id":"https:\/\/psol50.org.br\/em-resposta-ao-psol-itamaraty-usa-likes-para-justificar-palestras-de-olavistas-e-monarquistas\/"},"author":{"name":"Comunica\u00e7\u00e3o PSOL","@id":"https:\/\/psol50.org.br\/#\/schema\/person\/475dfa57d0b815993c714c2e96491fcd"},"headline":"Em resposta ao PSOL, Itamaraty usa likes para justificar palestras de olavistas e monarquistas","datePublished":"2020-09-10T14:22:10+00:00","mainEntityOfPage":{"@id":"https:\/\/psol50.org.br\/em-resposta-ao-psol-itamaraty-usa-likes-para-justificar-palestras-de-olavistas-e-monarquistas\/"},"wordCount":508,"publisher":{"@id":"https:\/\/psol50.org.br\/#organization"},"image":{"@id":"https:\/\/psol50.org.br\/em-resposta-ao-psol-itamaraty-usa-likes-para-justificar-palestras-de-olavistas-e-monarquistas\/#primaryimage"},"thumbnailUrl":"https:\/\/psol50.org.br\/inc\/uploads\/2020\/07\/ernesto-araujo-bolsonaro-e-olavo-de-carvalho.png","keywords":["ernesto ara\u00fajo","itamaraty","likes","PSOL","rela\u00e7\u00f5es exteriores"],"articleSection":["A\u00e7\u00e3o Parlamentar","Not\u00edcias"],"inLanguage":"pt-BR"},{"@type":"WebPage","@id":"https:\/\/psol50.org.br\/em-resposta-ao-psol-itamaraty-usa-likes-para-justificar-palestras-de-olavistas-e-monarquistas\/","url":"https:\/\/psol50.org.br\/em-resposta-ao-psol-itamaraty-usa-likes-para-justificar-palestras-de-olavistas-e-monarquistas\/","name":"Em resposta ao PSOL, Itamaraty usa likes para justificar palestras de olavistas e monarquistas","isPartOf":{"@id":"https:\/\/psol50.org.br\/#website"},"primaryImageOfPage":{"@id":"https:\/\/psol50.org.br\/em-resposta-ao-psol-itamaraty-usa-likes-para-justificar-palestras-de-olavistas-e-monarquistas\/#primaryimage"},"image":{"@id":"https:\/\/psol50.org.br\/em-resposta-ao-psol-itamaraty-usa-likes-para-justificar-palestras-de-olavistas-e-monarquistas\/#primaryimage"},"thumbnailUrl":"https:\/\/psol50.org.br\/inc\/uploads\/2020\/07\/ernesto-araujo-bolsonaro-e-olavo-de-carvalho.png","datePublished":"2020-09-10T14:22:10+00:00","description":"Ernesto Ara\u00fajo respondeu um requerimento do PSOL e demonstrou o n\u00edvel do trabalho que vem conduzindo a frente do minist\u00e9rio: lament\u00e1vel.","breadcrumb":{"@id":"https:\/\/psol50.org.br\/em-resposta-ao-psol-itamaraty-usa-likes-para-justificar-palestras-de-olavistas-e-monarquistas\/#breadcrumb"},"inLanguage":"pt-BR","potentialAction":[{"@type":"ReadAction","target":["https:\/\/psol50.org.br\/em-resposta-ao-psol-itamaraty-usa-likes-para-justificar-palestras-de-olavistas-e-monarquistas\/"]}]},{"@type":"ImageObject","inLanguage":"pt-BR","@id":"https:\/\/psol50.org.br\/em-resposta-ao-psol-itamaraty-usa-likes-para-justificar-palestras-de-olavistas-e-monarquistas\/#primaryimage","url":"https:\/\/psol50.org.br\/inc\/uploads\/2020\/07\/ernesto-araujo-bolsonaro-e-olavo-de-carvalho.png","contentUrl":"https:\/\/psol50.org.br\/inc\/uploads\/2020\/07\/ernesto-araujo-bolsonaro-e-olavo-de-carvalho.png","width":739,"height":439},{"@type":"BreadcrumbList","@id":"https:\/\/psol50.org.br\/em-resposta-ao-psol-itamaraty-usa-likes-para-justificar-palestras-de-olavistas-e-monarquistas\/#breadcrumb","itemListElement":[{"@type":"ListItem","position":1,"name":"In\u00edcio","item":"https:\/\/psol50.org.br\/"},{"@type":"ListItem","position":2,"name":"Em resposta ao PSOL, Itamaraty usa likes para justificar palestras de olavistas e monarquistas"}]},{"@type":"WebSite","@id":"https:\/\/psol50.org.br\/#website","url":"https:\/\/psol50.org.br\/","name":"PSOL 50","description":"Site oficial do Partido Socialismo e Liberdade","publisher":{"@id":"https:\/\/psol50.org.br\/#organization"},"alternateName":"PSOL50","potentialAction":[{"@type":"SearchAction","target":{"@type":"EntryPoint","urlTemplate":"https:\/\/psol50.org.br\/?s={search_term_string}"},"query-input":{"@type":"PropertyValueSpecification","valueRequired":true,"valueName":"search_term_string"}}],"inLanguage":"pt-BR"},{"@type":"Organization","@id":"https:\/\/psol50.org.br\/#organization","name":"PSOL 50","alternateName":"PSOL 50","url":"https:\/\/psol50.org.br\/","logo":{"@type":"ImageObject","inLanguage":"pt-BR","@id":"https:\/\/psol50.org.br\/#\/schema\/logo\/image\/","url":"https:\/\/psol50.org.br\/inc\/uploads\/2018\/07\/capa.png","contentUrl":"https:\/\/psol50.org.br\/inc\/uploads\/2018\/07\/capa.png","width":1350,"height":900,"caption":"PSOL 50"},"image":{"@id":"https:\/\/psol50.org.br\/#\/schema\/logo\/image\/"},"sameAs":["https:\/\/www.facebook.com\/psol50","https:\/\/x.com\/psol50","https:\/\/www.instagram.com\/psol50\/","https:\/\/www.youtube.com\/channel\/UC7SnJS5o1os7a6CaiNabzcg"]},{"@type":"Person","@id":"https:\/\/psol50.org.br\/#\/schema\/person\/475dfa57d0b815993c714c2e96491fcd","name":"Comunica\u00e7\u00e3o PSOL","image":{"@type":"ImageObject","inLanguage":"pt-BR","@id":"https:\/\/psol50.org.br\/#\/schema\/person\/image\/","url":"https:\/\/secure.gravatar.com\/avatar\/b34fc4f4e468a4e51785917065a3db57b841f5c95dba6ad8c73aaf8f66f8f9bf?s=96&d=mm&r=g","contentUrl":"https:\/\/secure.gravatar.com\/avatar\/b34fc4f4e468a4e51785917065a3db57b841f5c95dba6ad8c73aaf8f66f8f9bf?s=96&d=mm&r=g","caption":"Comunica\u00e7\u00e3o PSOL"}}]}},"_links":{"self":[{"href":"https:\/\/psol50.org.br\/rest\/wp\/v2\/posts\/30693","targetHints":{"allow":["GET"]}}],"collection":[{"href":"https:\/\/psol50.org.br\/rest\/wp\/v2\/posts"}],"about":[{"href":"https:\/\/psol50.org.br\/rest\/wp\/v2\/types\/post"}],"author":[{"embeddable":true,"href":"https:\/\/psol50.org.br\/rest\/wp\/v2\/users\/2"}],"replies":[{"embeddable":true,"href":"https:\/\/psol50.org.br\/rest\/wp\/v2\/comments?post=30693"}],"version-history":[{"count":0,"href":"https:\/\/psol50.org.br\/rest\/wp\/v2\/posts\/30693\/revisions"}],"wp:featuredmedia":[{"embeddable":true,"href":"https:\/\/psol50.org.br\/rest\/wp\/v2\/media\/30005"}],"wp:attachment":[{"href":"https:\/\/psol50.org.br\/rest\/wp\/v2\/media?parent=30693"}],"wp:term":[{"taxonomy":"category","embeddable":true,"href":"https:\/\/psol50.org.br\/rest\/wp\/v2\/categories?post=30693"},{"taxonomy":"post_tag","embeddable":true,"href":"https:\/\/psol50.org.br\/rest\/wp\/v2\/tags?post=30693"}],"curies":[{"name":"wp","href":"https:\/\/api.w.org\/{rel}","templated":true}]}}