{"id":30706,"date":"2020-09-11T15:37:14","date_gmt":"2020-09-11T18:37:14","guid":{"rendered":"https:\/\/psol50.org.br\/?p=30706"},"modified":"2020-09-11T15:37:14","modified_gmt":"2020-09-11T18:37:14","slug":"damares-alegou-falta-de-consulta-aos-indigenas-para-pedir-veto-a-utis-e-agua-potavel","status":"publish","type":"post","link":"https:\/\/psol50.org.br\/damares-alegou-falta-de-consulta-aos-indigenas-para-pedir-veto-a-utis-e-agua-potavel\/","title":{"rendered":"Damares alegou &#8220;falta de consulta aos ind\u00edgenas&#8221; para pedir veto a UTIs e \u00e1gua pot\u00e1vel"},"content":{"rendered":"<p><a href=\"https:\/\/psol50.org.br\/rendajusta\/\" target=\"_blank\" rel=\"noopener noreferrer\"><img loading=\"lazy\" decoding=\"async\" class=\"alignnone size-full wp-image-30552\" src=\"https:\/\/psol50.org.br\/inc\/uploads\/2020\/08\/21-08-2020_LancamentoRendaJusta-2.png\" alt=\"\" width=\"1920\" height=\"383\" srcset=\"https:\/\/psol50.org.br\/inc\/uploads\/2020\/08\/21-08-2020_LancamentoRendaJusta-2.png 1920w, https:\/\/psol50.org.br\/inc\/uploads\/2020\/08\/21-08-2020_LancamentoRendaJusta-2-300x60.png 300w, https:\/\/psol50.org.br\/inc\/uploads\/2020\/08\/21-08-2020_LancamentoRendaJusta-2-1024x204.png 1024w, https:\/\/psol50.org.br\/inc\/uploads\/2020\/08\/21-08-2020_LancamentoRendaJusta-2-768x153.png 768w, https:\/\/psol50.org.br\/inc\/uploads\/2020\/08\/21-08-2020_LancamentoRendaJusta-2-1536x306.png 1536w, https:\/\/psol50.org.br\/inc\/uploads\/2020\/08\/21-08-2020_LancamentoRendaJusta-2-150x30.png 150w, https:\/\/psol50.org.br\/inc\/uploads\/2020\/08\/21-08-2020_LancamentoRendaJusta-2-696x139.png 696w, https:\/\/psol50.org.br\/inc\/uploads\/2020\/08\/21-08-2020_LancamentoRendaJusta-2-1068x213.png 1068w\" sizes=\"auto, (max-width: 1920px) 100vw, 1920px\" \/><\/a><\/p>\n<p>Damares Alves, ministra da Mulher, da Fam\u00edlia e dos Direitos Humanos,\u00a0pediu que Jair Bolsonaro rejeitasse oferecer leitos de UTI e produtos de limpeza a\u00a0ind\u00edgenas\u00a0com a desculpa de que os povos n\u00e3o haviam sido &#8220;diretamente consultados pelo Congresso Nacional&#8221;. Esta foi a justificativa do parecer, descoberta pelo PSOL ap\u00f3s um requerimento de informa\u00e7\u00f5es apresentado pelo deputado federal Ivan Valente.<\/p>\n<p>Uma nota t\u00e9cnica enviada pela\u00a0ministra\u00a0ao Planalto, assinada em 6 de julho por Esequiel Roque, secret\u00e1rio adjunto da Igualdade Racial, pedia que Bolsonaro retirasse da lei de prote\u00e7\u00e3o aos ind\u00edgenas a obriga\u00e7\u00e3o de Uni\u00e3o, estados e munic\u00edpios fornecerem itens como \u00e1gua pot\u00e1vel; materiais de limpeza, higiene e desinfec\u00e7\u00e3o; leitos de UTI; ventiladores pulmonares; e materiais informativos sobre a Covid-19.<\/p>\n<p>Segundo o documento endossado por Damares, &#8220;mesmo cientes da situa\u00e7\u00e3o de excepcionalidade vivida pelo pa\u00eds e da celeridade em aprovar projetos de lei que beneficiem e protejam os povos tradicionais, os povos ind\u00edgenas, quilombolas e demais povos tradicionais n\u00e3o foram diretamente consultados pelo Congresso Nacional&#8221;.<\/p>\n<p>No mesmo dia da publica\u00e7\u00e3o dos vetos presidenciais, em 8 de julho, Lu\u00eds Roberto Barroso mandou o governo adotar medidas para evitar mortes de ind\u00edgenas pela doen\u00e7a. Um m\u00eas depois, a decis\u00e3o do ministro foi referendada pelo plen\u00e1rio do STF, e o Congresso Nacional derrubou os vetos de Bolsonaro.<\/p>\n<p><a href=\"https:\/\/impeachmentpopular.com.br\/\" target=\"_blank\" rel=\"noopener noreferrer\"><img loading=\"lazy\" decoding=\"async\" class=\"alignnone size-full wp-image-29118\" src=\"https:\/\/psol50.org.br\/inc\/uploads\/2020\/05\/Email_Impeachment.png\" alt=\"\" width=\"1080\" height=\"250\" srcset=\"https:\/\/psol50.org.br\/inc\/uploads\/2020\/05\/Email_Impeachment.png 1080w, https:\/\/psol50.org.br\/inc\/uploads\/2020\/05\/Email_Impeachment-300x69.png 300w, https:\/\/psol50.org.br\/inc\/uploads\/2020\/05\/Email_Impeachment-1024x237.png 1024w, https:\/\/psol50.org.br\/inc\/uploads\/2020\/05\/Email_Impeachment-768x178.png 768w, https:\/\/psol50.org.br\/inc\/uploads\/2020\/05\/Email_Impeachment-150x35.png 150w, https:\/\/psol50.org.br\/inc\/uploads\/2020\/05\/Email_Impeachment-696x161.png 696w, https:\/\/psol50.org.br\/inc\/uploads\/2020\/05\/Email_Impeachment-1068x247.png 1068w\" sizes=\"auto, (max-width: 1080px) 100vw, 1080px\" \/><\/a><\/p>\n","protected":false},"excerpt":{"rendered":"<p>Damares Alves, ministra da Mulher, da Fam\u00edlia e dos Direitos Humanos,\u00a0pediu que Jair Bolsonaro rejeitasse oferecer leitos de UTI e produtos de limpeza a\u00a0ind\u00edgenas\u00a0com a desculpa de que os povos n\u00e3o haviam sido &#8220;diretamente consultados pelo Congresso Nacional&#8221;. Esta foi a justificativa do parecer, descoberta pelo PSOL ap\u00f3s um requerimento de informa\u00e7\u00f5es apresentado pelo deputado [&hellip;]<\/p>\n","protected":false},"author":2,"featured_media":26228,"comment_status":"closed","ping_status":"open","sticky":false,"template":"","format":"standard","meta":{"_acf_changed":false,"footnotes":""},"categories":[10,6],"tags":[171,371,137,12,366],"class_list":{"0":"post-30706","1":"post","2":"type-post","3":"status-publish","4":"format-standard","5":"has-post-thumbnail","7":"category-acao-parlamentares","8":"category-noticias","9":"tag-coronavirus","10":"tag-covid-19","11":"tag-damares","12":"tag-indigenas","13":"tag-psolcontraocoronavirus"},"acf":[],"yoast_head":"<!-- This site is optimized with the Yoast SEO plugin v26.5 - https:\/\/yoast.com\/wordpress\/plugins\/seo\/ -->\n<title>Damares alegou &quot;falta de consulta aos ind\u00edgenas&quot; para pedir veto a UTIs e \u00e1gua pot\u00e1vel<\/title>\n<meta name=\"description\" content=\"Congresso Nacional teve que derrubar vetos de Bolsonaro que foram orientados pelo minist\u00e9rio chefiado por Damares Alves.\" \/>\n<meta name=\"robots\" content=\"index, follow, max-snippet:-1, max-image-preview:large, max-video-preview:-1\" \/>\n<link rel=\"canonical\" href=\"https:\/\/psol50.org.br\/damares-alegou-falta-de-consulta-aos-indigenas-para-pedir-veto-a-utis-e-agua-potavel\/\" \/>\n<meta property=\"og:locale\" content=\"pt_BR\" \/>\n<meta property=\"og:type\" content=\"article\" \/>\n<meta property=\"og:title\" content=\"Damares alegou &quot;falta de consulta aos ind\u00edgenas&quot; para pedir veto a UTIs e \u00e1gua pot\u00e1vel\" \/>\n<meta property=\"og:description\" content=\"Congresso Nacional teve que derrubar vetos de Bolsonaro que foram orientados pelo minist\u00e9rio chefiado por Damares Alves.\" \/>\n<meta property=\"og:url\" content=\"https:\/\/psol50.org.br\/damares-alegou-falta-de-consulta-aos-indigenas-para-pedir-veto-a-utis-e-agua-potavel\/\" \/>\n<meta property=\"og:site_name\" content=\"PSOL 50\" \/>\n<meta property=\"article:publisher\" content=\"https:\/\/www.facebook.com\/psol50\" \/>\n<meta property=\"article:published_time\" content=\"2020-09-11T18:37:14+00:00\" \/>\n<meta property=\"og:image\" content=\"https:\/\/psol50.org.br\/inc\/uploads\/2019\/08\/Damares-Alves.-Marcelo-CamargoAgencia-Brasil.jpg\" \/>\n\t<meta property=\"og:image:width\" content=\"1140\" \/>\n\t<meta property=\"og:image:height\" content=\"760\" \/>\n\t<meta property=\"og:image:type\" content=\"image\/jpeg\" \/>\n<meta name=\"author\" content=\"Comunica\u00e7\u00e3o PSOL\" \/>\n<meta name=\"twitter:card\" content=\"summary_large_image\" \/>\n<meta name=\"twitter:title\" content=\"Damares alegou &quot;falta de consulta aos ind\u00edgenas&quot; para pedir veto a UTIs e \u00e1gua pot\u00e1vel\" \/>\n<meta name=\"twitter:description\" content=\"Congresso Nacional teve que derrubar vetos de Bolsonaro que foram orientados pelo minist\u00e9rio chefiado por Damares Alves.\" \/>\n<meta name=\"twitter:image\" content=\"https:\/\/psol50.org.br\/inc\/uploads\/2019\/08\/Damares-Alves.-Marcelo-CamargoAgencia-Brasil.jpg\" \/>\n<meta name=\"twitter:creator\" content=\"@psol50\" \/>\n<meta name=\"twitter:site\" content=\"@psol50\" \/>\n<meta name=\"twitter:label1\" content=\"Escrito por\" \/>\n\t<meta name=\"twitter:data1\" content=\"Comunica\u00e7\u00e3o PSOL\" \/>\n\t<meta name=\"twitter:label2\" content=\"Est. tempo de leitura\" \/>\n\t<meta name=\"twitter:data2\" content=\"1 minuto\" \/>\n<script type=\"application\/ld+json\" class=\"yoast-schema-graph\">{\"@context\":\"https:\/\/schema.org\",\"@graph\":[{\"@type\":\"Article\",\"@id\":\"https:\/\/psol50.org.br\/damares-alegou-falta-de-consulta-aos-indigenas-para-pedir-veto-a-utis-e-agua-potavel\/#article\",\"isPartOf\":{\"@id\":\"https:\/\/psol50.org.br\/damares-alegou-falta-de-consulta-aos-indigenas-para-pedir-veto-a-utis-e-agua-potavel\/\"},\"author\":{\"name\":\"Comunica\u00e7\u00e3o PSOL\",\"@id\":\"https:\/\/psol50.org.br\/#\/schema\/person\/475dfa57d0b815993c714c2e96491fcd\"},\"headline\":\"Damares alegou &#8220;falta de consulta aos ind\u00edgenas&#8221; para pedir veto a UTIs e \u00e1gua pot\u00e1vel\",\"datePublished\":\"2020-09-11T18:37:14+00:00\",\"mainEntityOfPage\":{\"@id\":\"https:\/\/psol50.org.br\/damares-alegou-falta-de-consulta-aos-indigenas-para-pedir-veto-a-utis-e-agua-potavel\/\"},\"wordCount\":255,\"publisher\":{\"@id\":\"https:\/\/psol50.org.br\/#organization\"},\"image\":{\"@id\":\"https:\/\/psol50.org.br\/damares-alegou-falta-de-consulta-aos-indigenas-para-pedir-veto-a-utis-e-agua-potavel\/#primaryimage\"},\"thumbnailUrl\":\"https:\/\/psol50.org.br\/inc\/uploads\/2019\/08\/Damares-Alves.-Marcelo-CamargoAgencia-Brasil.jpg\",\"keywords\":[\"coronav\u00edrus\",\"covid-19\",\"damares\",\"Ind\u00edgenas\",\"psolcontraocoronavirus\"],\"articleSection\":[\"A\u00e7\u00e3o Parlamentar\",\"Not\u00edcias\"],\"inLanguage\":\"pt-BR\"},{\"@type\":\"WebPage\",\"@id\":\"https:\/\/psol50.org.br\/damares-alegou-falta-de-consulta-aos-indigenas-para-pedir-veto-a-utis-e-agua-potavel\/\",\"url\":\"https:\/\/psol50.org.br\/damares-alegou-falta-de-consulta-aos-indigenas-para-pedir-veto-a-utis-e-agua-potavel\/\",\"name\":\"Damares alegou \\\"falta de consulta aos ind\u00edgenas\\\" para pedir veto a UTIs e \u00e1gua pot\u00e1vel\",\"isPartOf\":{\"@id\":\"https:\/\/psol50.org.br\/#website\"},\"primaryImageOfPage\":{\"@id\":\"https:\/\/psol50.org.br\/damares-alegou-falta-de-consulta-aos-indigenas-para-pedir-veto-a-utis-e-agua-potavel\/#primaryimage\"},\"image\":{\"@id\":\"https:\/\/psol50.org.br\/damares-alegou-falta-de-consulta-aos-indigenas-para-pedir-veto-a-utis-e-agua-potavel\/#primaryimage\"},\"thumbnailUrl\":\"https:\/\/psol50.org.br\/inc\/uploads\/2019\/08\/Damares-Alves.-Marcelo-CamargoAgencia-Brasil.jpg\",\"datePublished\":\"2020-09-11T18:37:14+00:00\",\"description\":\"Congresso Nacional teve que derrubar vetos de Bolsonaro que foram orientados pelo minist\u00e9rio chefiado por Damares Alves.\",\"breadcrumb\":{\"@id\":\"https:\/\/psol50.org.br\/damares-alegou-falta-de-consulta-aos-indigenas-para-pedir-veto-a-utis-e-agua-potavel\/#breadcrumb\"},\"inLanguage\":\"pt-BR\",\"potentialAction\":[{\"@type\":\"ReadAction\",\"target\":[\"https:\/\/psol50.org.br\/damares-alegou-falta-de-consulta-aos-indigenas-para-pedir-veto-a-utis-e-agua-potavel\/\"]}]},{\"@type\":\"ImageObject\",\"inLanguage\":\"pt-BR\",\"@id\":\"https:\/\/psol50.org.br\/damares-alegou-falta-de-consulta-aos-indigenas-para-pedir-veto-a-utis-e-agua-potavel\/#primaryimage\",\"url\":\"https:\/\/psol50.org.br\/inc\/uploads\/2019\/08\/Damares-Alves.-Marcelo-CamargoAgencia-Brasil.jpg\",\"contentUrl\":\"https:\/\/psol50.org.br\/inc\/uploads\/2019\/08\/Damares-Alves.-Marcelo-CamargoAgencia-Brasil.jpg\",\"width\":1140,\"height\":760,\"caption\":\"A ministra da Mulher, da Fam\u00edlia e dos Direitos Humanos, MMFDH, Damares Alves, durante palestra de abertura do di\u00e1logo Perspectivas dos Direitos Constitucionais Ind\u00edgenas, no Minist\u00e9rio P\u00fablico Federal.\"},{\"@type\":\"BreadcrumbList\",\"@id\":\"https:\/\/psol50.org.br\/damares-alegou-falta-de-consulta-aos-indigenas-para-pedir-veto-a-utis-e-agua-potavel\/#breadcrumb\",\"itemListElement\":[{\"@type\":\"ListItem\",\"position\":1,\"name\":\"In\u00edcio\",\"item\":\"https:\/\/psol50.org.br\/\"},{\"@type\":\"ListItem\",\"position\":2,\"name\":\"Damares alegou &#8220;falta de consulta aos ind\u00edgenas&#8221; para pedir veto a UTIs e \u00e1gua pot\u00e1vel\"}]},{\"@type\":\"WebSite\",\"@id\":\"https:\/\/psol50.org.br\/#website\",\"url\":\"https:\/\/psol50.org.br\/\",\"name\":\"PSOL 50\",\"description\":\"Site oficial do Partido Socialismo e Liberdade\",\"publisher\":{\"@id\":\"https:\/\/psol50.org.br\/#organization\"},\"alternateName\":\"PSOL50\",\"potentialAction\":[{\"@type\":\"SearchAction\",\"target\":{\"@type\":\"EntryPoint\",\"urlTemplate\":\"https:\/\/psol50.org.br\/?s={search_term_string}\"},\"query-input\":{\"@type\":\"PropertyValueSpecification\",\"valueRequired\":true,\"valueName\":\"search_term_string\"}}],\"inLanguage\":\"pt-BR\"},{\"@type\":\"Organization\",\"@id\":\"https:\/\/psol50.org.br\/#organization\",\"name\":\"PSOL 50\",\"alternateName\":\"PSOL 50\",\"url\":\"https:\/\/psol50.org.br\/\",\"logo\":{\"@type\":\"ImageObject\",\"inLanguage\":\"pt-BR\",\"@id\":\"https:\/\/psol50.org.br\/#\/schema\/logo\/image\/\",\"url\":\"https:\/\/psol50.org.br\/inc\/uploads\/2018\/07\/capa.png\",\"contentUrl\":\"https:\/\/psol50.org.br\/inc\/uploads\/2018\/07\/capa.png\",\"width\":1350,\"height\":900,\"caption\":\"PSOL 50\"},\"image\":{\"@id\":\"https:\/\/psol50.org.br\/#\/schema\/logo\/image\/\"},\"sameAs\":[\"https:\/\/www.facebook.com\/psol50\",\"https:\/\/x.com\/psol50\",\"https:\/\/www.instagram.com\/psol50\/\",\"https:\/\/www.youtube.com\/channel\/UC7SnJS5o1os7a6CaiNabzcg\"]},{\"@type\":\"Person\",\"@id\":\"https:\/\/psol50.org.br\/#\/schema\/person\/475dfa57d0b815993c714c2e96491fcd\",\"name\":\"Comunica\u00e7\u00e3o PSOL\",\"image\":{\"@type\":\"ImageObject\",\"inLanguage\":\"pt-BR\",\"@id\":\"https:\/\/psol50.org.br\/#\/schema\/person\/image\/\",\"url\":\"https:\/\/secure.gravatar.com\/avatar\/b34fc4f4e468a4e51785917065a3db57b841f5c95dba6ad8c73aaf8f66f8f9bf?s=96&d=mm&r=g\",\"contentUrl\":\"https:\/\/secure.gravatar.com\/avatar\/b34fc4f4e468a4e51785917065a3db57b841f5c95dba6ad8c73aaf8f66f8f9bf?s=96&d=mm&r=g\",\"caption\":\"Comunica\u00e7\u00e3o PSOL\"}}]}<\/script>\n<!-- \/ Yoast SEO plugin. -->","yoast_head_json":{"title":"Damares alegou \"falta de consulta aos ind\u00edgenas\" para pedir veto a UTIs e \u00e1gua pot\u00e1vel","description":"Congresso Nacional teve que derrubar vetos de Bolsonaro que foram orientados pelo minist\u00e9rio chefiado por Damares Alves.","robots":{"index":"index","follow":"follow","max-snippet":"max-snippet:-1","max-image-preview":"max-image-preview:large","max-video-preview":"max-video-preview:-1"},"canonical":"https:\/\/psol50.org.br\/damares-alegou-falta-de-consulta-aos-indigenas-para-pedir-veto-a-utis-e-agua-potavel\/","og_locale":"pt_BR","og_type":"article","og_title":"Damares alegou \"falta de consulta aos ind\u00edgenas\" para pedir veto a UTIs e \u00e1gua pot\u00e1vel","og_description":"Congresso Nacional teve que derrubar vetos de Bolsonaro que foram orientados pelo minist\u00e9rio chefiado por Damares Alves.","og_url":"https:\/\/psol50.org.br\/damares-alegou-falta-de-consulta-aos-indigenas-para-pedir-veto-a-utis-e-agua-potavel\/","og_site_name":"PSOL 50","article_publisher":"https:\/\/www.facebook.com\/psol50","article_published_time":"2020-09-11T18:37:14+00:00","og_image":[{"width":1140,"height":760,"url":"https:\/\/psol50.org.br\/inc\/uploads\/2019\/08\/Damares-Alves.-Marcelo-CamargoAgencia-Brasil.jpg","type":"image\/jpeg"}],"author":"Comunica\u00e7\u00e3o PSOL","twitter_card":"summary_large_image","twitter_title":"Damares alegou \"falta de consulta aos ind\u00edgenas\" para pedir veto a UTIs e \u00e1gua pot\u00e1vel","twitter_description":"Congresso Nacional teve que derrubar vetos de Bolsonaro que foram orientados pelo minist\u00e9rio chefiado por Damares Alves.","twitter_image":"https:\/\/psol50.org.br\/inc\/uploads\/2019\/08\/Damares-Alves.-Marcelo-CamargoAgencia-Brasil.jpg","twitter_creator":"@psol50","twitter_site":"@psol50","twitter_misc":{"Escrito por":"Comunica\u00e7\u00e3o PSOL","Est. tempo de leitura":"1 minuto"},"schema":{"@context":"https:\/\/schema.org","@graph":[{"@type":"Article","@id":"https:\/\/psol50.org.br\/damares-alegou-falta-de-consulta-aos-indigenas-para-pedir-veto-a-utis-e-agua-potavel\/#article","isPartOf":{"@id":"https:\/\/psol50.org.br\/damares-alegou-falta-de-consulta-aos-indigenas-para-pedir-veto-a-utis-e-agua-potavel\/"},"author":{"name":"Comunica\u00e7\u00e3o PSOL","@id":"https:\/\/psol50.org.br\/#\/schema\/person\/475dfa57d0b815993c714c2e96491fcd"},"headline":"Damares alegou &#8220;falta de consulta aos ind\u00edgenas&#8221; para pedir veto a UTIs e \u00e1gua pot\u00e1vel","datePublished":"2020-09-11T18:37:14+00:00","mainEntityOfPage":{"@id":"https:\/\/psol50.org.br\/damares-alegou-falta-de-consulta-aos-indigenas-para-pedir-veto-a-utis-e-agua-potavel\/"},"wordCount":255,"publisher":{"@id":"https:\/\/psol50.org.br\/#organization"},"image":{"@id":"https:\/\/psol50.org.br\/damares-alegou-falta-de-consulta-aos-indigenas-para-pedir-veto-a-utis-e-agua-potavel\/#primaryimage"},"thumbnailUrl":"https:\/\/psol50.org.br\/inc\/uploads\/2019\/08\/Damares-Alves.-Marcelo-CamargoAgencia-Brasil.jpg","keywords":["coronav\u00edrus","covid-19","damares","Ind\u00edgenas","psolcontraocoronavirus"],"articleSection":["A\u00e7\u00e3o Parlamentar","Not\u00edcias"],"inLanguage":"pt-BR"},{"@type":"WebPage","@id":"https:\/\/psol50.org.br\/damares-alegou-falta-de-consulta-aos-indigenas-para-pedir-veto-a-utis-e-agua-potavel\/","url":"https:\/\/psol50.org.br\/damares-alegou-falta-de-consulta-aos-indigenas-para-pedir-veto-a-utis-e-agua-potavel\/","name":"Damares alegou \"falta de consulta aos ind\u00edgenas\" para pedir veto a UTIs e \u00e1gua pot\u00e1vel","isPartOf":{"@id":"https:\/\/psol50.org.br\/#website"},"primaryImageOfPage":{"@id":"https:\/\/psol50.org.br\/damares-alegou-falta-de-consulta-aos-indigenas-para-pedir-veto-a-utis-e-agua-potavel\/#primaryimage"},"image":{"@id":"https:\/\/psol50.org.br\/damares-alegou-falta-de-consulta-aos-indigenas-para-pedir-veto-a-utis-e-agua-potavel\/#primaryimage"},"thumbnailUrl":"https:\/\/psol50.org.br\/inc\/uploads\/2019\/08\/Damares-Alves.-Marcelo-CamargoAgencia-Brasil.jpg","datePublished":"2020-09-11T18:37:14+00:00","description":"Congresso Nacional teve que derrubar vetos de Bolsonaro que foram orientados pelo minist\u00e9rio chefiado por Damares Alves.","breadcrumb":{"@id":"https:\/\/psol50.org.br\/damares-alegou-falta-de-consulta-aos-indigenas-para-pedir-veto-a-utis-e-agua-potavel\/#breadcrumb"},"inLanguage":"pt-BR","potentialAction":[{"@type":"ReadAction","target":["https:\/\/psol50.org.br\/damares-alegou-falta-de-consulta-aos-indigenas-para-pedir-veto-a-utis-e-agua-potavel\/"]}]},{"@type":"ImageObject","inLanguage":"pt-BR","@id":"https:\/\/psol50.org.br\/damares-alegou-falta-de-consulta-aos-indigenas-para-pedir-veto-a-utis-e-agua-potavel\/#primaryimage","url":"https:\/\/psol50.org.br\/inc\/uploads\/2019\/08\/Damares-Alves.-Marcelo-CamargoAgencia-Brasil.jpg","contentUrl":"https:\/\/psol50.org.br\/inc\/uploads\/2019\/08\/Damares-Alves.-Marcelo-CamargoAgencia-Brasil.jpg","width":1140,"height":760,"caption":"A ministra da Mulher, da Fam\u00edlia e dos Direitos Humanos, MMFDH, Damares Alves, durante palestra de abertura do di\u00e1logo Perspectivas dos Direitos Constitucionais Ind\u00edgenas, no Minist\u00e9rio P\u00fablico Federal."},{"@type":"BreadcrumbList","@id":"https:\/\/psol50.org.br\/damares-alegou-falta-de-consulta-aos-indigenas-para-pedir-veto-a-utis-e-agua-potavel\/#breadcrumb","itemListElement":[{"@type":"ListItem","position":1,"name":"In\u00edcio","item":"https:\/\/psol50.org.br\/"},{"@type":"ListItem","position":2,"name":"Damares alegou &#8220;falta de consulta aos ind\u00edgenas&#8221; para pedir veto a UTIs e \u00e1gua pot\u00e1vel"}]},{"@type":"WebSite","@id":"https:\/\/psol50.org.br\/#website","url":"https:\/\/psol50.org.br\/","name":"PSOL 50","description":"Site oficial do Partido Socialismo e Liberdade","publisher":{"@id":"https:\/\/psol50.org.br\/#organization"},"alternateName":"PSOL50","potentialAction":[{"@type":"SearchAction","target":{"@type":"EntryPoint","urlTemplate":"https:\/\/psol50.org.br\/?s={search_term_string}"},"query-input":{"@type":"PropertyValueSpecification","valueRequired":true,"valueName":"search_term_string"}}],"inLanguage":"pt-BR"},{"@type":"Organization","@id":"https:\/\/psol50.org.br\/#organization","name":"PSOL 50","alternateName":"PSOL 50","url":"https:\/\/psol50.org.br\/","logo":{"@type":"ImageObject","inLanguage":"pt-BR","@id":"https:\/\/psol50.org.br\/#\/schema\/logo\/image\/","url":"https:\/\/psol50.org.br\/inc\/uploads\/2018\/07\/capa.png","contentUrl":"https:\/\/psol50.org.br\/inc\/uploads\/2018\/07\/capa.png","width":1350,"height":900,"caption":"PSOL 50"},"image":{"@id":"https:\/\/psol50.org.br\/#\/schema\/logo\/image\/"},"sameAs":["https:\/\/www.facebook.com\/psol50","https:\/\/x.com\/psol50","https:\/\/www.instagram.com\/psol50\/","https:\/\/www.youtube.com\/channel\/UC7SnJS5o1os7a6CaiNabzcg"]},{"@type":"Person","@id":"https:\/\/psol50.org.br\/#\/schema\/person\/475dfa57d0b815993c714c2e96491fcd","name":"Comunica\u00e7\u00e3o PSOL","image":{"@type":"ImageObject","inLanguage":"pt-BR","@id":"https:\/\/psol50.org.br\/#\/schema\/person\/image\/","url":"https:\/\/secure.gravatar.com\/avatar\/b34fc4f4e468a4e51785917065a3db57b841f5c95dba6ad8c73aaf8f66f8f9bf?s=96&d=mm&r=g","contentUrl":"https:\/\/secure.gravatar.com\/avatar\/b34fc4f4e468a4e51785917065a3db57b841f5c95dba6ad8c73aaf8f66f8f9bf?s=96&d=mm&r=g","caption":"Comunica\u00e7\u00e3o PSOL"}}]}},"_links":{"self":[{"href":"https:\/\/psol50.org.br\/rest\/wp\/v2\/posts\/30706","targetHints":{"allow":["GET"]}}],"collection":[{"href":"https:\/\/psol50.org.br\/rest\/wp\/v2\/posts"}],"about":[{"href":"https:\/\/psol50.org.br\/rest\/wp\/v2\/types\/post"}],"author":[{"embeddable":true,"href":"https:\/\/psol50.org.br\/rest\/wp\/v2\/users\/2"}],"replies":[{"embeddable":true,"href":"https:\/\/psol50.org.br\/rest\/wp\/v2\/comments?post=30706"}],"version-history":[{"count":0,"href":"https:\/\/psol50.org.br\/rest\/wp\/v2\/posts\/30706\/revisions"}],"wp:featuredmedia":[{"embeddable":true,"href":"https:\/\/psol50.org.br\/rest\/wp\/v2\/media\/26228"}],"wp:attachment":[{"href":"https:\/\/psol50.org.br\/rest\/wp\/v2\/media?parent=30706"}],"wp:term":[{"taxonomy":"category","embeddable":true,"href":"https:\/\/psol50.org.br\/rest\/wp\/v2\/categories?post=30706"},{"taxonomy":"post_tag","embeddable":true,"href":"https:\/\/psol50.org.br\/rest\/wp\/v2\/tags?post=30706"}],"curies":[{"name":"wp","href":"https:\/\/api.w.org\/{rel}","templated":true}]}}