{"id":3075,"date":"2014-12-01T00:00:00","date_gmt":"2014-12-01T15:29:53","guid":{"rendered":"http:\/\/psol50.org.br\/arquivo\/2014\/12\/01\/em-reuniao-psol-df-levara-pauta-de-reivindicacoes-a-presidente-da-camara-legislativa\/"},"modified":"2014-12-01T00:00:00","modified_gmt":"2014-12-01T15:29:53","slug":"em-reuniao-psol-df-levara-pauta-de-reivindicacoes-a-presidente-da-camara-legislativa","status":"publish","type":"post","link":"https:\/\/psol50.org.br\/em-reuniao-psol-df-levara-pauta-de-reivindicacoes-a-presidente-da-camara-legislativa\/","title":{"rendered":"Em reuni\u00e3o, PSOL-DF levar\u00e1 pauta de reivindica\u00e7\u00f5es a presidente da C\u00e2mara Legislativa"},"content":{"rendered":"<p style=\"text-align: justify;\">\n\t<span style=\"font-family:arial,helvetica,sans-serif;\"><span style=\"font-size: 12px;\">O candidato ao Governo do DF nas elei\u00e7\u00f5es de outubro \u00faltimo, Toninho do PSOL, e outras lideran\u00e7as do PSOL-DF participam, logo mais \u00e0s 16h30, de reuni\u00e3o com o presidente da C\u00e2mara Legislativa do DF, deputado Wasny De Roure (PT). Na oportunidade, os dirigentes do PSOL-DF entregar\u00e3o uma carta contendo uma s\u00e9rie de reivindica\u00e7\u00f5es, debatidas em v\u00e1rios f\u00f3runs pela milit\u00e2ncia do Partido Socialismo e Liberdade.<br \/>\n\t&nbsp;<br \/>\n\tNa reuni\u00e3o, Toninho do PSOL pretende apresentar a preocupa\u00e7\u00e3o do partido com as p\u00e9ssimas condi\u00e7\u00f5es em que se encontra a situa\u00e7\u00e3o das finan\u00e7as p\u00fablicas do Distrito Federal, que, segundo informa\u00e7\u00f5es j\u00e1 divulgadas, se encontram em um estado quase falimentar, devendo chegar ao final deste ano com um d\u00e9ficit p\u00fablico superior a R$ 2 bilh\u00f5es. Para o PSOL-DF, a precariedade das finan\u00e7as p\u00fablicas se reflete na p\u00e9ssima qualidade dos servi\u00e7os prestados \u00e0 popula\u00e7\u00e3o do DF.<br \/>\n\t&nbsp;<br \/>\n\tSa\u00fade, transporte p\u00fablico, preserva\u00e7\u00e3o do meio ambiente, seguran\u00e7a p\u00fablica, destina\u00e7\u00e3o das verbas do FAC (Fundo de Apoio \u00e0 Cultura) e educa\u00e7\u00e3o tamb\u00e9m ser\u00e3o temas abordados pela dire\u00e7\u00e3o do PSOL-DF na reuni\u00e3o de hoje com o presidente da CLDF. Uma auditoria p\u00fablica nos gastos com a constru\u00e7\u00e3o do Est\u00e1dio Man\u00e9 Garrincha tamb\u00e9m est\u00e1 entre as reivindica\u00e7\u00f5es apresentadas pelo PSOL.<br \/>\n\t&nbsp;<br \/>\n\tPara o partido, o DF vive uma situa\u00e7\u00e3o pr\u00e9-falimentar decorrente de uma administra\u00e7\u00e3o financeira ca\u00f3tica, fruto de vis\u00e3o megaloman\u00edaca da atual gest\u00e3o, que concentrou seus gastos na edifica\u00e7\u00e3o de um bilion\u00e1rio est\u00e1dio de futebol e superdimensionou a m\u00e1quina p\u00fablica, contratando dezenas de milhares de cargos comissionados. Al\u00e9m disso, o partido alerta que parcela significativa das empreiteiras e prestadoras de servi\u00e7os envolvidos na obra do Man\u00e9 Garrincha constam dentre os grandes patrocinadores das campanhas partid\u00e1rias.<br \/>\n\t&nbsp;<br \/>\n\tParticipar\u00e3o da reuni\u00e3o ao lado de Toninho do PSOL, Talita Victor, secret\u00e1ria-geral do PSOL-DF, e os ex-candidatos a deputado distrital F\u00e1bio Felix, Chico Santanna e Jorge Antunes.<\/span><\/span><br \/>\n\t&nbsp;<\/p>\n","protected":false},"excerpt":{"rendered":"<p>O candidato ao Governo do DF nas elei\u00e7\u00f5es de outubro \u00faltimo, Toninho do PSOL, e outras lideran\u00e7as do PSOL-DF participam, logo mais \u00e0s 16h30, de reuni\u00e3o com o presidente da C\u00e2mara Legislativa do DF, deputado Wasny De Roure (PT). Na oportunidade, os dirigentes do PSOL-DF entregar\u00e3o uma carta contendo uma s\u00e9rie de reivindica\u00e7\u00f5es, debatidas em [&hellip;]<\/p>\n","protected":false},"author":2,"featured_media":0,"comment_status":"open","ping_status":"open","sticky":false,"template":"","format":"standard","meta":{"_acf_changed":false,"footnotes":""},"categories":[4766,6],"tags":[22],"class_list":{"0":"post-3075","1":"post","2":"type-post","3":"status-publish","4":"format-standard","6":"category-arquivo","7":"category-noticias","8":"tag-psol"},"acf":[],"yoast_head":"<!-- This site is optimized with the Yoast SEO plugin v26.5 - https:\/\/yoast.com\/wordpress\/plugins\/seo\/ -->\n<title>Em reuni\u00e3o, PSOL-DF levar\u00e1 pauta de reivindica\u00e7\u00f5es a presidente da C\u00e2mara Legislativa - PSOL 50<\/title>\n<meta name=\"robots\" content=\"index, follow, max-snippet:-1, max-image-preview:large, max-video-preview:-1\" \/>\n<link rel=\"canonical\" href=\"https:\/\/psol50.org.br\/em-reuniao-psol-df-levara-pauta-de-reivindicacoes-a-presidente-da-camara-legislativa\/\" \/>\n<meta property=\"og:locale\" content=\"pt_BR\" \/>\n<meta property=\"og:type\" content=\"article\" \/>\n<meta property=\"og:title\" content=\"Em reuni\u00e3o, PSOL-DF levar\u00e1 pauta de reivindica\u00e7\u00f5es a presidente da C\u00e2mara Legislativa - PSOL 50\" \/>\n<meta property=\"og:description\" content=\"O candidato ao Governo do DF nas elei\u00e7\u00f5es de outubro \u00faltimo, Toninho do PSOL, e outras lideran\u00e7as do PSOL-DF participam, logo mais \u00e0s 16h30, de reuni\u00e3o com o presidente da C\u00e2mara Legislativa do DF, deputado Wasny De Roure (PT). Na oportunidade, os dirigentes do PSOL-DF entregar\u00e3o uma carta contendo uma s\u00e9rie de reivindica\u00e7\u00f5es, debatidas em [&hellip;]\" \/>\n<meta property=\"og:url\" content=\"https:\/\/psol50.org.br\/em-reuniao-psol-df-levara-pauta-de-reivindicacoes-a-presidente-da-camara-legislativa\/\" \/>\n<meta property=\"og:site_name\" content=\"PSOL 50\" \/>\n<meta property=\"article:publisher\" content=\"https:\/\/www.facebook.com\/psol50\" \/>\n<meta property=\"article:published_time\" content=\"2014-12-01T15:29:53+00:00\" \/>\n<meta property=\"og:image\" content=\"https:\/\/psol50.org.br\/inc\/uploads\/2018\/07\/capa.png\" \/>\n\t<meta property=\"og:image:width\" content=\"1350\" \/>\n\t<meta property=\"og:image:height\" content=\"900\" \/>\n\t<meta property=\"og:image:type\" content=\"image\/png\" \/>\n<meta name=\"author\" content=\"Comunica\u00e7\u00e3o PSOL\" \/>\n<meta name=\"twitter:card\" content=\"summary_large_image\" \/>\n<meta name=\"twitter:creator\" content=\"@psol50\" \/>\n<meta name=\"twitter:site\" content=\"@psol50\" \/>\n<meta name=\"twitter:label1\" content=\"Escrito por\" \/>\n\t<meta name=\"twitter:data1\" content=\"Comunica\u00e7\u00e3o PSOL\" \/>\n\t<meta name=\"twitter:label2\" content=\"Est. tempo de leitura\" \/>\n\t<meta name=\"twitter:data2\" content=\"2 minutos\" \/>\n<script type=\"application\/ld+json\" class=\"yoast-schema-graph\">{\"@context\":\"https:\/\/schema.org\",\"@graph\":[{\"@type\":\"Article\",\"@id\":\"https:\/\/psol50.org.br\/em-reuniao-psol-df-levara-pauta-de-reivindicacoes-a-presidente-da-camara-legislativa\/#article\",\"isPartOf\":{\"@id\":\"https:\/\/psol50.org.br\/em-reuniao-psol-df-levara-pauta-de-reivindicacoes-a-presidente-da-camara-legislativa\/\"},\"author\":{\"name\":\"Comunica\u00e7\u00e3o PSOL\",\"@id\":\"https:\/\/psol50.org.br\/#\/schema\/person\/475dfa57d0b815993c714c2e96491fcd\"},\"headline\":\"Em reuni\u00e3o, PSOL-DF levar\u00e1 pauta de reivindica\u00e7\u00f5es a presidente da C\u00e2mara Legislativa\",\"datePublished\":\"2014-12-01T15:29:53+00:00\",\"mainEntityOfPage\":{\"@id\":\"https:\/\/psol50.org.br\/em-reuniao-psol-df-levara-pauta-de-reivindicacoes-a-presidente-da-camara-legislativa\/\"},\"wordCount\":375,\"commentCount\":0,\"publisher\":{\"@id\":\"https:\/\/psol50.org.br\/#organization\"},\"keywords\":[\"PSOL\"],\"articleSection\":[\"Arquivo\",\"Not\u00edcias\"],\"inLanguage\":\"pt-BR\",\"potentialAction\":[{\"@type\":\"CommentAction\",\"name\":\"Comment\",\"target\":[\"https:\/\/psol50.org.br\/em-reuniao-psol-df-levara-pauta-de-reivindicacoes-a-presidente-da-camara-legislativa\/#respond\"]}]},{\"@type\":\"WebPage\",\"@id\":\"https:\/\/psol50.org.br\/em-reuniao-psol-df-levara-pauta-de-reivindicacoes-a-presidente-da-camara-legislativa\/\",\"url\":\"https:\/\/psol50.org.br\/em-reuniao-psol-df-levara-pauta-de-reivindicacoes-a-presidente-da-camara-legislativa\/\",\"name\":\"Em reuni\u00e3o, PSOL-DF levar\u00e1 pauta de reivindica\u00e7\u00f5es a presidente da C\u00e2mara Legislativa - PSOL 50\",\"isPartOf\":{\"@id\":\"https:\/\/psol50.org.br\/#website\"},\"datePublished\":\"2014-12-01T15:29:53+00:00\",\"breadcrumb\":{\"@id\":\"https:\/\/psol50.org.br\/em-reuniao-psol-df-levara-pauta-de-reivindicacoes-a-presidente-da-camara-legislativa\/#breadcrumb\"},\"inLanguage\":\"pt-BR\",\"potentialAction\":[{\"@type\":\"ReadAction\",\"target\":[\"https:\/\/psol50.org.br\/em-reuniao-psol-df-levara-pauta-de-reivindicacoes-a-presidente-da-camara-legislativa\/\"]}]},{\"@type\":\"BreadcrumbList\",\"@id\":\"https:\/\/psol50.org.br\/em-reuniao-psol-df-levara-pauta-de-reivindicacoes-a-presidente-da-camara-legislativa\/#breadcrumb\",\"itemListElement\":[{\"@type\":\"ListItem\",\"position\":1,\"name\":\"In\u00edcio\",\"item\":\"https:\/\/psol50.org.br\/\"},{\"@type\":\"ListItem\",\"position\":2,\"name\":\"Em reuni\u00e3o, PSOL-DF levar\u00e1 pauta de reivindica\u00e7\u00f5es a presidente da C\u00e2mara Legislativa\"}]},{\"@type\":\"WebSite\",\"@id\":\"https:\/\/psol50.org.br\/#website\",\"url\":\"https:\/\/psol50.org.br\/\",\"name\":\"PSOL 50\",\"description\":\"Site oficial do Partido Socialismo e Liberdade\",\"publisher\":{\"@id\":\"https:\/\/psol50.org.br\/#organization\"},\"alternateName\":\"PSOL50\",\"potentialAction\":[{\"@type\":\"SearchAction\",\"target\":{\"@type\":\"EntryPoint\",\"urlTemplate\":\"https:\/\/psol50.org.br\/?s={search_term_string}\"},\"query-input\":{\"@type\":\"PropertyValueSpecification\",\"valueRequired\":true,\"valueName\":\"search_term_string\"}}],\"inLanguage\":\"pt-BR\"},{\"@type\":\"Organization\",\"@id\":\"https:\/\/psol50.org.br\/#organization\",\"name\":\"PSOL 50\",\"alternateName\":\"PSOL 50\",\"url\":\"https:\/\/psol50.org.br\/\",\"logo\":{\"@type\":\"ImageObject\",\"inLanguage\":\"pt-BR\",\"@id\":\"https:\/\/psol50.org.br\/#\/schema\/logo\/image\/\",\"url\":\"https:\/\/psol50.org.br\/inc\/uploads\/2018\/07\/capa.png\",\"contentUrl\":\"https:\/\/psol50.org.br\/inc\/uploads\/2018\/07\/capa.png\",\"width\":1350,\"height\":900,\"caption\":\"PSOL 50\"},\"image\":{\"@id\":\"https:\/\/psol50.org.br\/#\/schema\/logo\/image\/\"},\"sameAs\":[\"https:\/\/www.facebook.com\/psol50\",\"https:\/\/x.com\/psol50\",\"https:\/\/www.instagram.com\/psol50\/\",\"https:\/\/www.youtube.com\/channel\/UC7SnJS5o1os7a6CaiNabzcg\"]},{\"@type\":\"Person\",\"@id\":\"https:\/\/psol50.org.br\/#\/schema\/person\/475dfa57d0b815993c714c2e96491fcd\",\"name\":\"Comunica\u00e7\u00e3o PSOL\",\"image\":{\"@type\":\"ImageObject\",\"inLanguage\":\"pt-BR\",\"@id\":\"https:\/\/psol50.org.br\/#\/schema\/person\/image\/\",\"url\":\"https:\/\/secure.gravatar.com\/avatar\/b34fc4f4e468a4e51785917065a3db57b841f5c95dba6ad8c73aaf8f66f8f9bf?s=96&d=mm&r=g\",\"contentUrl\":\"https:\/\/secure.gravatar.com\/avatar\/b34fc4f4e468a4e51785917065a3db57b841f5c95dba6ad8c73aaf8f66f8f9bf?s=96&d=mm&r=g\",\"caption\":\"Comunica\u00e7\u00e3o PSOL\"}}]}<\/script>\n<!-- \/ Yoast SEO plugin. -->","yoast_head_json":{"title":"Em reuni\u00e3o, PSOL-DF levar\u00e1 pauta de reivindica\u00e7\u00f5es a presidente da C\u00e2mara Legislativa - PSOL 50","robots":{"index":"index","follow":"follow","max-snippet":"max-snippet:-1","max-image-preview":"max-image-preview:large","max-video-preview":"max-video-preview:-1"},"canonical":"https:\/\/psol50.org.br\/em-reuniao-psol-df-levara-pauta-de-reivindicacoes-a-presidente-da-camara-legislativa\/","og_locale":"pt_BR","og_type":"article","og_title":"Em reuni\u00e3o, PSOL-DF levar\u00e1 pauta de reivindica\u00e7\u00f5es a presidente da C\u00e2mara Legislativa - PSOL 50","og_description":"O candidato ao Governo do DF nas elei\u00e7\u00f5es de outubro \u00faltimo, Toninho do PSOL, e outras lideran\u00e7as do PSOL-DF participam, logo mais \u00e0s 16h30, de reuni\u00e3o com o presidente da C\u00e2mara Legislativa do DF, deputado Wasny De Roure (PT). Na oportunidade, os dirigentes do PSOL-DF entregar\u00e3o uma carta contendo uma s\u00e9rie de reivindica\u00e7\u00f5es, debatidas em [&hellip;]","og_url":"https:\/\/psol50.org.br\/em-reuniao-psol-df-levara-pauta-de-reivindicacoes-a-presidente-da-camara-legislativa\/","og_site_name":"PSOL 50","article_publisher":"https:\/\/www.facebook.com\/psol50","article_published_time":"2014-12-01T15:29:53+00:00","og_image":[{"width":1350,"height":900,"url":"https:\/\/psol50.org.br\/inc\/uploads\/2018\/07\/capa.png","type":"image\/png"}],"author":"Comunica\u00e7\u00e3o PSOL","twitter_card":"summary_large_image","twitter_creator":"@psol50","twitter_site":"@psol50","twitter_misc":{"Escrito por":"Comunica\u00e7\u00e3o PSOL","Est. tempo de leitura":"2 minutos"},"schema":{"@context":"https:\/\/schema.org","@graph":[{"@type":"Article","@id":"https:\/\/psol50.org.br\/em-reuniao-psol-df-levara-pauta-de-reivindicacoes-a-presidente-da-camara-legislativa\/#article","isPartOf":{"@id":"https:\/\/psol50.org.br\/em-reuniao-psol-df-levara-pauta-de-reivindicacoes-a-presidente-da-camara-legislativa\/"},"author":{"name":"Comunica\u00e7\u00e3o PSOL","@id":"https:\/\/psol50.org.br\/#\/schema\/person\/475dfa57d0b815993c714c2e96491fcd"},"headline":"Em reuni\u00e3o, PSOL-DF levar\u00e1 pauta de reivindica\u00e7\u00f5es a presidente da C\u00e2mara Legislativa","datePublished":"2014-12-01T15:29:53+00:00","mainEntityOfPage":{"@id":"https:\/\/psol50.org.br\/em-reuniao-psol-df-levara-pauta-de-reivindicacoes-a-presidente-da-camara-legislativa\/"},"wordCount":375,"commentCount":0,"publisher":{"@id":"https:\/\/psol50.org.br\/#organization"},"keywords":["PSOL"],"articleSection":["Arquivo","Not\u00edcias"],"inLanguage":"pt-BR","potentialAction":[{"@type":"CommentAction","name":"Comment","target":["https:\/\/psol50.org.br\/em-reuniao-psol-df-levara-pauta-de-reivindicacoes-a-presidente-da-camara-legislativa\/#respond"]}]},{"@type":"WebPage","@id":"https:\/\/psol50.org.br\/em-reuniao-psol-df-levara-pauta-de-reivindicacoes-a-presidente-da-camara-legislativa\/","url":"https:\/\/psol50.org.br\/em-reuniao-psol-df-levara-pauta-de-reivindicacoes-a-presidente-da-camara-legislativa\/","name":"Em reuni\u00e3o, PSOL-DF levar\u00e1 pauta de reivindica\u00e7\u00f5es a presidente da C\u00e2mara Legislativa - PSOL 50","isPartOf":{"@id":"https:\/\/psol50.org.br\/#website"},"datePublished":"2014-12-01T15:29:53+00:00","breadcrumb":{"@id":"https:\/\/psol50.org.br\/em-reuniao-psol-df-levara-pauta-de-reivindicacoes-a-presidente-da-camara-legislativa\/#breadcrumb"},"inLanguage":"pt-BR","potentialAction":[{"@type":"ReadAction","target":["https:\/\/psol50.org.br\/em-reuniao-psol-df-levara-pauta-de-reivindicacoes-a-presidente-da-camara-legislativa\/"]}]},{"@type":"BreadcrumbList","@id":"https:\/\/psol50.org.br\/em-reuniao-psol-df-levara-pauta-de-reivindicacoes-a-presidente-da-camara-legislativa\/#breadcrumb","itemListElement":[{"@type":"ListItem","position":1,"name":"In\u00edcio","item":"https:\/\/psol50.org.br\/"},{"@type":"ListItem","position":2,"name":"Em reuni\u00e3o, PSOL-DF levar\u00e1 pauta de reivindica\u00e7\u00f5es a presidente da C\u00e2mara Legislativa"}]},{"@type":"WebSite","@id":"https:\/\/psol50.org.br\/#website","url":"https:\/\/psol50.org.br\/","name":"PSOL 50","description":"Site oficial do Partido Socialismo e Liberdade","publisher":{"@id":"https:\/\/psol50.org.br\/#organization"},"alternateName":"PSOL50","potentialAction":[{"@type":"SearchAction","target":{"@type":"EntryPoint","urlTemplate":"https:\/\/psol50.org.br\/?s={search_term_string}"},"query-input":{"@type":"PropertyValueSpecification","valueRequired":true,"valueName":"search_term_string"}}],"inLanguage":"pt-BR"},{"@type":"Organization","@id":"https:\/\/psol50.org.br\/#organization","name":"PSOL 50","alternateName":"PSOL 50","url":"https:\/\/psol50.org.br\/","logo":{"@type":"ImageObject","inLanguage":"pt-BR","@id":"https:\/\/psol50.org.br\/#\/schema\/logo\/image\/","url":"https:\/\/psol50.org.br\/inc\/uploads\/2018\/07\/capa.png","contentUrl":"https:\/\/psol50.org.br\/inc\/uploads\/2018\/07\/capa.png","width":1350,"height":900,"caption":"PSOL 50"},"image":{"@id":"https:\/\/psol50.org.br\/#\/schema\/logo\/image\/"},"sameAs":["https:\/\/www.facebook.com\/psol50","https:\/\/x.com\/psol50","https:\/\/www.instagram.com\/psol50\/","https:\/\/www.youtube.com\/channel\/UC7SnJS5o1os7a6CaiNabzcg"]},{"@type":"Person","@id":"https:\/\/psol50.org.br\/#\/schema\/person\/475dfa57d0b815993c714c2e96491fcd","name":"Comunica\u00e7\u00e3o PSOL","image":{"@type":"ImageObject","inLanguage":"pt-BR","@id":"https:\/\/psol50.org.br\/#\/schema\/person\/image\/","url":"https:\/\/secure.gravatar.com\/avatar\/b34fc4f4e468a4e51785917065a3db57b841f5c95dba6ad8c73aaf8f66f8f9bf?s=96&d=mm&r=g","contentUrl":"https:\/\/secure.gravatar.com\/avatar\/b34fc4f4e468a4e51785917065a3db57b841f5c95dba6ad8c73aaf8f66f8f9bf?s=96&d=mm&r=g","caption":"Comunica\u00e7\u00e3o PSOL"}}]}},"_links":{"self":[{"href":"https:\/\/psol50.org.br\/rest\/wp\/v2\/posts\/3075","targetHints":{"allow":["GET"]}}],"collection":[{"href":"https:\/\/psol50.org.br\/rest\/wp\/v2\/posts"}],"about":[{"href":"https:\/\/psol50.org.br\/rest\/wp\/v2\/types\/post"}],"author":[{"embeddable":true,"href":"https:\/\/psol50.org.br\/rest\/wp\/v2\/users\/2"}],"replies":[{"embeddable":true,"href":"https:\/\/psol50.org.br\/rest\/wp\/v2\/comments?post=3075"}],"version-history":[{"count":0,"href":"https:\/\/psol50.org.br\/rest\/wp\/v2\/posts\/3075\/revisions"}],"wp:attachment":[{"href":"https:\/\/psol50.org.br\/rest\/wp\/v2\/media?parent=3075"}],"wp:term":[{"taxonomy":"category","embeddable":true,"href":"https:\/\/psol50.org.br\/rest\/wp\/v2\/categories?post=3075"},{"taxonomy":"post_tag","embeddable":true,"href":"https:\/\/psol50.org.br\/rest\/wp\/v2\/tags?post=3075"}],"curies":[{"name":"wp","href":"https:\/\/api.w.org\/{rel}","templated":true}]}}