{"id":3077,"date":"2014-12-02T00:00:00","date_gmt":"2014-12-02T15:08:01","guid":{"rendered":"http:\/\/psol50.org.br\/arquivo\/2014\/12\/02\/historia-de-dom-pedro-casaldaliga-e-retratada-em-filme\/"},"modified":"2014-12-02T00:00:00","modified_gmt":"2014-12-02T15:08:01","slug":"historia-de-dom-pedro-casaldaliga-e-retratada-em-filme","status":"publish","type":"post","link":"https:\/\/psol50.org.br\/historia-de-dom-pedro-casaldaliga-e-retratada-em-filme\/","title":{"rendered":"Hist\u00f3ria de dom Pedro Casald\u00e1liga \u00e9 retratada em filme"},"content":{"rendered":"<p style=\"text-align: justify;\">\n\t<span style=\"font-family:arial,helvetica,sans-serif;\"><span style=\"font-size: 12px;\"><em>Mich\u00e8lle Canes,<\/em> <a href=\"http:\/\/agenciabrasil.ebc.com.br\/direitos-humanos\/noticia\/2014-12\/historia-de-dom-pedro-casaldaliga-e-retratada-em-filme\" target=\"_blank\" rel=\"noopener\"><em>da Ag\u00eancia Brasil<\/em><\/a><\/p>\n<p>\tUma trajet\u00f3ria intensa. \u00c9 assim que pessoas que convivem com o bispo em\u00e9rito de S\u00e3o F\u00e9lix do Araguaia, dom Pedro Casald\u00e1liga, definem a vida do homem que se dedicou a lutar para que a popula\u00e7\u00e3o mais pobre e os ind\u00edgenas tivessem consci\u00eancia de seus direitos e lutassem por eles.<\/p>\n<p>\tNesta ter\u00e7a-feira (2), os moradores da cidade mato-grossense na qual Casald\u00e1liga vive at\u00e9 hoje participar\u00e3o do pr\u00e9-lan\u00e7amento do filme <em>Descal\u00e7o sobre a Terra Vermelha<\/em>. A obra, baseada no livro que leva o mesmo nome e de autoria de Francesc Escribano, conta a hist\u00f3ria do bispo e \u00e9 uma coprodu\u00e7\u00e3o da <strong>TV Brasil<\/strong> com mais duas televis\u00f5es p\u00fablicas, a espanhola TVE e a catal\u00e3 TVC. A produ\u00e7\u00e3o ser\u00e1 exibida no canal brasileiro em tr\u00eas epis\u00f3dios nos dias 13, 20 e 27 deste m\u00eas. O filme foi dirigido pelo cineasta catal\u00e3o Oriol Ferrer.<\/p>\n<p>\tEm 2014, a produ\u00e7\u00e3o ganhou os pr\u00eamios de melhor ator (Eduard Fern\u00e1ndez que interpreta dom Pedro) e melhor trilha sonora original na 27\u00aa edi\u00e7\u00e3o do Festival Internacional de Programas Audiovisuais (Fipa), na Fran\u00e7a. O filme tamb\u00e9m foi premiado no New York International TV &amp; Film Awards.<\/p>\n<p>\tDom Pedro Casald\u00e1liga nasceu em Balsareny, na prov\u00edncia catal\u00e3 de Barcelona, em 1928, e veio para o Brasil aos 40 anos, como mission\u00e1rio, para trabalhar em S\u00e3o F\u00e9lix do Araguaia. Na regi\u00e3o, preocupou-se com a sa\u00fade, a educa\u00e7\u00e3o e a assist\u00eancia \u00e0 popula\u00e7\u00e3o. A equipe da <strong>Empresa Brasil de Comunica\u00e7\u00e3o<\/strong> (<strong>EBC<\/strong>) visitou o bispo que, mesmo debilitado pelo mal de Parkinson, falou sobre os problemas da regi\u00e3o na \u00e9poca em que chegou: uma terra sem lei, marcada pela viol\u00eancia e pelos conflitos entre posseiros e latifundi\u00e1rios.&nbsp;<\/p>\n<p>\tNa luta pelo reconhecimento dos direitos ind\u00edgenas, ajudou a fundar o Conselho Indigenista Mission\u00e1rio (Cimi) na d\u00e9cada de 70. Egydio Schwade, que tamb\u00e9m foi um dos fundadores da institui\u00e7\u00e3o, \u00e9 hoje coordenador do Comit\u00ea da Mem\u00f3ria, Verdade e Justi\u00e7a do Amazonas e relembra o trabalho ao lado do bispo. \u201cDom Pedro estava j\u00e1 muito engajado na quest\u00e3o ind\u00edgena em Mato Grosso, na regi\u00e3o do Araguaia, e eu, no noroeste do estado. A gente logo se entrosou\u201d, conta.<\/p>\n<p>\tNa \u00e9poca, eram promovidos encontros para reunir as lideran\u00e7as ind\u00edgenas e foi a partir da cria\u00e7\u00e3o do Cimi que, segundo Schwade, essa popula\u00e7\u00e3o come\u00e7ou a se organizar e a ser protagonista de sua pr\u00f3pria luta, travando embates hist\u00f3ricos por quest\u00f5es como a demarca\u00e7\u00e3o de terras. O colega de trabalho define o bispo como uma pessoa que trazia \u00e2nimo para as reuni\u00f5es. \u201cPresen\u00e7a humilde, simples, escutando os ind\u00edgenas\u201d. Na descri\u00e7\u00e3o de Egydio, dom Pedro era destemido e n\u00e3o tinha medo de enfrentar a ditadura militar para defender aquilo em que acreditava.<\/p>\n<p>\tO secret\u00e1rio da Coordena\u00e7\u00e3o Nacional da Comiss\u00e3o Pastoral da Terra (CPT), Ant\u00f4nio Canuto, trabalhou com o bispo em S\u00e3o F\u00e9lix. Eles se conheceram no per\u00edodo em que dom Pedro chegou ao Brasil. Canuto conta que S\u00e3o F\u00e9lix do Araguaia tinha uma estrutura muito prec\u00e1ria em diversas \u00e1reas, o que levou o religioso a procurar a ajuda de colegas mission\u00e1rios para trabalhar nos povoados da regi\u00e3o. \u201cAli faziam todo um trabalho de alfabetiza\u00e7\u00e3o de adultos, com as crian\u00e7as tamb\u00e9m em termos de escolariza\u00e7\u00e3o,o atendimento \u00e0 sa\u00fade, a orienta\u00e7\u00e3o para a sa\u00fade, e o padre fazia o trabalho pastoral\u201d.<\/p>\n<p>\tCanuto lembra que uma das caracter\u00edsticas de dom Pedro \u00e9 a tomada de decis\u00e3o em conjunto. Durante os trabalhos com as equipes, tudo era conversado e decidido por todos. Ele lembra tamb\u00e9m momentos marcantes que viveu ao lado de Casald\u00e1liga, como o lan\u00e7amento de uma carta pastoral no dia da ordena\u00e7\u00e3o de Pedro como bispo. \u201cEle lan\u00e7ou a carta pastoral <em>Uma Igreja da Amaz\u00f4nia em Conflito com o Latif\u00fandio e a Marginaliza\u00e7\u00e3o Social<\/em>, documento que marcou a Igreja pela firmeza das falas e pelas den\u00fancias dos casos de viola\u00e7\u00e3o de direitos dos posseiros, dos \u00edndios e dos trabalhadores que vinham de fora como pe\u00f5es para as fazendas e que eram tratados em regime de escravid\u00e3o\u201d.<\/p>\n<p>\tO trabalho desenvolvido por Pedro e seus colegas fez com que muitos integrantes da equipe, e at\u00e9 mesmo ele, fossem amea\u00e7ados de morte ou de expuls\u00e3o do pa\u00eds.<\/p>\n<p>\tAl\u00e9m da cria\u00e7\u00e3o do Cimi, Casald\u00e1liga teve participa\u00e7\u00e3o na cria\u00e7\u00e3o da Comiss\u00e3o Pastoral da Terra. \u201cEle e dom Tom\u00e1s Baldu\u00edno s\u00e3o os dois pilares da cria\u00e7\u00e3o tanto do Cimi quanto da CPT, ao lado de outros\u201d. Com a CPT, muitos trabalhadores foram estimulados, assim como os ind\u00edgenas, a se organizar.<\/p>\n<p>\tA\u00e7\u00f5es como o aperfei\u00e7oamento de professores, a educa\u00e7\u00e3o e o crescimento da consci\u00eancia da popula\u00e7\u00e3o s\u00e3o reconhecidas por todos aqueles que tiveram suas vidas modificadas em S\u00e3o F\u00e9lix do Araguaia. Na cidade, o sentimento de gratid\u00e3o fica evidente nos depoimentos colhidos entre os que conviveram e defendem o trabalho de Pedro. A coordenadora da Associa\u00e7\u00e3o de Educa\u00e7\u00e3o e Assist\u00eancia Social Nossa Senhora da Assun\u00e7\u00e3o, V\u00e2nia Costa Aguiar, fala com carinho daquele que, para ela, \u00e9 mais que um padre. \u201cPedro \u00e9 a figura que deu uma cara humanista para S\u00e3o F\u00e9lix do Araguaia. Ele \u00e9 pai, \u00e9 protetor. \u00c9 um ombro amigo a quem a popula\u00e7\u00e3o necessitada pode recorrer para falar e partilhar os problemas\u201d.<\/p>\n<p>\tApesar do papel de destaque que tem na cidade, a postura humilde e a posi\u00e7\u00e3o de que todas as conquistas s\u00e3o do grupo mostram a simplicidade de Pedro. \u201cEu percebo que ele nunca teve a inten\u00e7\u00e3o de resolver tudo sozinho. Sempre tem uma palavra amiga, uma palavra de conforto para quem o procura e sempre tenta buscar mais pessoas o envolvimento de mais gente para o encaminhamento dos problemas e das discuss\u00f5es das quest\u00f5es levadas a ele\u201d.<\/p>\n<p>\tMesmo com a sa\u00fade fr\u00e1gil, mas ainda muito l\u00facido, o bispo faz quest\u00e3o de se manter atualizado. V\u00e2nia conta que ele nunca isolou os problemas vividos pela cidade e sempre relacionou o que ocorria ali com as quest\u00f5es nacionais. Para ela, o que dom Pedro fez na regi\u00e3o vai ficar como legado para as futuras gera\u00e7\u00f5es. \u201cO legado do Pedro \u00e9 justamente ensinar a gente a cuidar das pessoas. Esse tem sido o seu trabalho, al\u00e9m dos apoios que recebemos, como ensinar a ter esperan\u00e7a. O que me chama aten\u00e7\u00e3o em Pedro \u00e9 a sua for\u00e7a de vontade, a sua determina\u00e7\u00e3o em seguir adiante, com esperan\u00e7a\u201d.<\/span><\/span><\/p>\n<p>&nbsp;<\/p>\n","protected":false},"excerpt":{"rendered":"<p>Mich\u00e8lle Canes, da Ag\u00eancia Brasil Uma trajet\u00f3ria intensa. \u00c9 assim que pessoas que convivem com o bispo em\u00e9rito de S\u00e3o F\u00e9lix do Araguaia, dom Pedro Casald\u00e1liga, definem a vida do homem que se dedicou a lutar para que a popula\u00e7\u00e3o mais pobre e os ind\u00edgenas tivessem consci\u00eancia de seus direitos e lutassem por eles. Nesta [&hellip;]<\/p>\n","protected":false},"author":2,"featured_media":0,"comment_status":"open","ping_status":"open","sticky":false,"template":"","format":"standard","meta":{"_acf_changed":false,"footnotes":""},"categories":[4766,6],"tags":[],"class_list":{"0":"post-3077","1":"post","2":"type-post","3":"status-publish","4":"format-standard","6":"category-arquivo","7":"category-noticias"},"acf":[],"yoast_head":"<!-- This site is optimized with the Yoast SEO plugin v26.5 - https:\/\/yoast.com\/wordpress\/plugins\/seo\/ -->\n<title>Hist\u00f3ria de dom Pedro Casald\u00e1liga \u00e9 retratada em filme - PSOL 50<\/title>\n<meta name=\"robots\" content=\"index, follow, max-snippet:-1, max-image-preview:large, max-video-preview:-1\" \/>\n<link rel=\"canonical\" href=\"https:\/\/psol50.org.br\/historia-de-dom-pedro-casaldaliga-e-retratada-em-filme\/\" \/>\n<meta property=\"og:locale\" content=\"pt_BR\" \/>\n<meta property=\"og:type\" content=\"article\" \/>\n<meta property=\"og:title\" content=\"Hist\u00f3ria de dom Pedro Casald\u00e1liga \u00e9 retratada em filme - PSOL 50\" \/>\n<meta property=\"og:description\" content=\"Mich\u00e8lle Canes, da Ag\u00eancia Brasil Uma trajet\u00f3ria intensa. \u00c9 assim que pessoas que convivem com o bispo em\u00e9rito de S\u00e3o F\u00e9lix do Araguaia, dom Pedro Casald\u00e1liga, definem a vida do homem que se dedicou a lutar para que a popula\u00e7\u00e3o mais pobre e os ind\u00edgenas tivessem consci\u00eancia de seus direitos e lutassem por eles. Nesta [&hellip;]\" \/>\n<meta property=\"og:url\" content=\"https:\/\/psol50.org.br\/historia-de-dom-pedro-casaldaliga-e-retratada-em-filme\/\" \/>\n<meta property=\"og:site_name\" content=\"PSOL 50\" \/>\n<meta property=\"article:publisher\" content=\"https:\/\/www.facebook.com\/psol50\" \/>\n<meta property=\"article:published_time\" content=\"2014-12-02T15:08:01+00:00\" \/>\n<meta property=\"og:image\" content=\"https:\/\/psol50.org.br\/inc\/uploads\/2018\/07\/capa.png\" \/>\n\t<meta property=\"og:image:width\" content=\"1350\" \/>\n\t<meta property=\"og:image:height\" content=\"900\" \/>\n\t<meta property=\"og:image:type\" content=\"image\/png\" \/>\n<meta name=\"author\" content=\"Comunica\u00e7\u00e3o PSOL\" \/>\n<meta name=\"twitter:card\" content=\"summary_large_image\" \/>\n<meta name=\"twitter:creator\" content=\"@psol50\" \/>\n<meta name=\"twitter:site\" content=\"@psol50\" \/>\n<meta name=\"twitter:label1\" content=\"Escrito por\" \/>\n\t<meta name=\"twitter:data1\" content=\"Comunica\u00e7\u00e3o PSOL\" \/>\n\t<meta name=\"twitter:label2\" content=\"Est. tempo de leitura\" \/>\n\t<meta name=\"twitter:data2\" content=\"6 minutos\" \/>\n<script type=\"application\/ld+json\" class=\"yoast-schema-graph\">{\"@context\":\"https:\/\/schema.org\",\"@graph\":[{\"@type\":\"Article\",\"@id\":\"https:\/\/psol50.org.br\/historia-de-dom-pedro-casaldaliga-e-retratada-em-filme\/#article\",\"isPartOf\":{\"@id\":\"https:\/\/psol50.org.br\/historia-de-dom-pedro-casaldaliga-e-retratada-em-filme\/\"},\"author\":{\"name\":\"Comunica\u00e7\u00e3o PSOL\",\"@id\":\"https:\/\/psol50.org.br\/#\/schema\/person\/475dfa57d0b815993c714c2e96491fcd\"},\"headline\":\"Hist\u00f3ria de dom Pedro Casald\u00e1liga \u00e9 retratada em filme\",\"datePublished\":\"2014-12-02T15:08:01+00:00\",\"mainEntityOfPage\":{\"@id\":\"https:\/\/psol50.org.br\/historia-de-dom-pedro-casaldaliga-e-retratada-em-filme\/\"},\"wordCount\":1175,\"commentCount\":0,\"publisher\":{\"@id\":\"https:\/\/psol50.org.br\/#organization\"},\"articleSection\":[\"Arquivo\",\"Not\u00edcias\"],\"inLanguage\":\"pt-BR\",\"potentialAction\":[{\"@type\":\"CommentAction\",\"name\":\"Comment\",\"target\":[\"https:\/\/psol50.org.br\/historia-de-dom-pedro-casaldaliga-e-retratada-em-filme\/#respond\"]}]},{\"@type\":\"WebPage\",\"@id\":\"https:\/\/psol50.org.br\/historia-de-dom-pedro-casaldaliga-e-retratada-em-filme\/\",\"url\":\"https:\/\/psol50.org.br\/historia-de-dom-pedro-casaldaliga-e-retratada-em-filme\/\",\"name\":\"Hist\u00f3ria de dom Pedro Casald\u00e1liga \u00e9 retratada em filme - PSOL 50\",\"isPartOf\":{\"@id\":\"https:\/\/psol50.org.br\/#website\"},\"datePublished\":\"2014-12-02T15:08:01+00:00\",\"breadcrumb\":{\"@id\":\"https:\/\/psol50.org.br\/historia-de-dom-pedro-casaldaliga-e-retratada-em-filme\/#breadcrumb\"},\"inLanguage\":\"pt-BR\",\"potentialAction\":[{\"@type\":\"ReadAction\",\"target\":[\"https:\/\/psol50.org.br\/historia-de-dom-pedro-casaldaliga-e-retratada-em-filme\/\"]}]},{\"@type\":\"BreadcrumbList\",\"@id\":\"https:\/\/psol50.org.br\/historia-de-dom-pedro-casaldaliga-e-retratada-em-filme\/#breadcrumb\",\"itemListElement\":[{\"@type\":\"ListItem\",\"position\":1,\"name\":\"In\u00edcio\",\"item\":\"https:\/\/psol50.org.br\/\"},{\"@type\":\"ListItem\",\"position\":2,\"name\":\"Hist\u00f3ria de dom Pedro Casald\u00e1liga \u00e9 retratada em filme\"}]},{\"@type\":\"WebSite\",\"@id\":\"https:\/\/psol50.org.br\/#website\",\"url\":\"https:\/\/psol50.org.br\/\",\"name\":\"PSOL 50\",\"description\":\"Site oficial do Partido Socialismo e Liberdade\",\"publisher\":{\"@id\":\"https:\/\/psol50.org.br\/#organization\"},\"alternateName\":\"PSOL50\",\"potentialAction\":[{\"@type\":\"SearchAction\",\"target\":{\"@type\":\"EntryPoint\",\"urlTemplate\":\"https:\/\/psol50.org.br\/?s={search_term_string}\"},\"query-input\":{\"@type\":\"PropertyValueSpecification\",\"valueRequired\":true,\"valueName\":\"search_term_string\"}}],\"inLanguage\":\"pt-BR\"},{\"@type\":\"Organization\",\"@id\":\"https:\/\/psol50.org.br\/#organization\",\"name\":\"PSOL 50\",\"alternateName\":\"PSOL 50\",\"url\":\"https:\/\/psol50.org.br\/\",\"logo\":{\"@type\":\"ImageObject\",\"inLanguage\":\"pt-BR\",\"@id\":\"https:\/\/psol50.org.br\/#\/schema\/logo\/image\/\",\"url\":\"https:\/\/psol50.org.br\/inc\/uploads\/2018\/07\/capa.png\",\"contentUrl\":\"https:\/\/psol50.org.br\/inc\/uploads\/2018\/07\/capa.png\",\"width\":1350,\"height\":900,\"caption\":\"PSOL 50\"},\"image\":{\"@id\":\"https:\/\/psol50.org.br\/#\/schema\/logo\/image\/\"},\"sameAs\":[\"https:\/\/www.facebook.com\/psol50\",\"https:\/\/x.com\/psol50\",\"https:\/\/www.instagram.com\/psol50\/\",\"https:\/\/www.youtube.com\/channel\/UC7SnJS5o1os7a6CaiNabzcg\"]},{\"@type\":\"Person\",\"@id\":\"https:\/\/psol50.org.br\/#\/schema\/person\/475dfa57d0b815993c714c2e96491fcd\",\"name\":\"Comunica\u00e7\u00e3o PSOL\",\"image\":{\"@type\":\"ImageObject\",\"inLanguage\":\"pt-BR\",\"@id\":\"https:\/\/psol50.org.br\/#\/schema\/person\/image\/\",\"url\":\"https:\/\/secure.gravatar.com\/avatar\/b34fc4f4e468a4e51785917065a3db57b841f5c95dba6ad8c73aaf8f66f8f9bf?s=96&d=mm&r=g\",\"contentUrl\":\"https:\/\/secure.gravatar.com\/avatar\/b34fc4f4e468a4e51785917065a3db57b841f5c95dba6ad8c73aaf8f66f8f9bf?s=96&d=mm&r=g\",\"caption\":\"Comunica\u00e7\u00e3o PSOL\"}}]}<\/script>\n<!-- \/ Yoast SEO plugin. -->","yoast_head_json":{"title":"Hist\u00f3ria de dom Pedro Casald\u00e1liga \u00e9 retratada em filme - PSOL 50","robots":{"index":"index","follow":"follow","max-snippet":"max-snippet:-1","max-image-preview":"max-image-preview:large","max-video-preview":"max-video-preview:-1"},"canonical":"https:\/\/psol50.org.br\/historia-de-dom-pedro-casaldaliga-e-retratada-em-filme\/","og_locale":"pt_BR","og_type":"article","og_title":"Hist\u00f3ria de dom Pedro Casald\u00e1liga \u00e9 retratada em filme - PSOL 50","og_description":"Mich\u00e8lle Canes, da Ag\u00eancia Brasil Uma trajet\u00f3ria intensa. \u00c9 assim que pessoas que convivem com o bispo em\u00e9rito de S\u00e3o F\u00e9lix do Araguaia, dom Pedro Casald\u00e1liga, definem a vida do homem que se dedicou a lutar para que a popula\u00e7\u00e3o mais pobre e os ind\u00edgenas tivessem consci\u00eancia de seus direitos e lutassem por eles. Nesta [&hellip;]","og_url":"https:\/\/psol50.org.br\/historia-de-dom-pedro-casaldaliga-e-retratada-em-filme\/","og_site_name":"PSOL 50","article_publisher":"https:\/\/www.facebook.com\/psol50","article_published_time":"2014-12-02T15:08:01+00:00","og_image":[{"width":1350,"height":900,"url":"https:\/\/psol50.org.br\/inc\/uploads\/2018\/07\/capa.png","type":"image\/png"}],"author":"Comunica\u00e7\u00e3o PSOL","twitter_card":"summary_large_image","twitter_creator":"@psol50","twitter_site":"@psol50","twitter_misc":{"Escrito por":"Comunica\u00e7\u00e3o PSOL","Est. tempo de leitura":"6 minutos"},"schema":{"@context":"https:\/\/schema.org","@graph":[{"@type":"Article","@id":"https:\/\/psol50.org.br\/historia-de-dom-pedro-casaldaliga-e-retratada-em-filme\/#article","isPartOf":{"@id":"https:\/\/psol50.org.br\/historia-de-dom-pedro-casaldaliga-e-retratada-em-filme\/"},"author":{"name":"Comunica\u00e7\u00e3o PSOL","@id":"https:\/\/psol50.org.br\/#\/schema\/person\/475dfa57d0b815993c714c2e96491fcd"},"headline":"Hist\u00f3ria de dom Pedro Casald\u00e1liga \u00e9 retratada em filme","datePublished":"2014-12-02T15:08:01+00:00","mainEntityOfPage":{"@id":"https:\/\/psol50.org.br\/historia-de-dom-pedro-casaldaliga-e-retratada-em-filme\/"},"wordCount":1175,"commentCount":0,"publisher":{"@id":"https:\/\/psol50.org.br\/#organization"},"articleSection":["Arquivo","Not\u00edcias"],"inLanguage":"pt-BR","potentialAction":[{"@type":"CommentAction","name":"Comment","target":["https:\/\/psol50.org.br\/historia-de-dom-pedro-casaldaliga-e-retratada-em-filme\/#respond"]}]},{"@type":"WebPage","@id":"https:\/\/psol50.org.br\/historia-de-dom-pedro-casaldaliga-e-retratada-em-filme\/","url":"https:\/\/psol50.org.br\/historia-de-dom-pedro-casaldaliga-e-retratada-em-filme\/","name":"Hist\u00f3ria de dom Pedro Casald\u00e1liga \u00e9 retratada em filme - PSOL 50","isPartOf":{"@id":"https:\/\/psol50.org.br\/#website"},"datePublished":"2014-12-02T15:08:01+00:00","breadcrumb":{"@id":"https:\/\/psol50.org.br\/historia-de-dom-pedro-casaldaliga-e-retratada-em-filme\/#breadcrumb"},"inLanguage":"pt-BR","potentialAction":[{"@type":"ReadAction","target":["https:\/\/psol50.org.br\/historia-de-dom-pedro-casaldaliga-e-retratada-em-filme\/"]}]},{"@type":"BreadcrumbList","@id":"https:\/\/psol50.org.br\/historia-de-dom-pedro-casaldaliga-e-retratada-em-filme\/#breadcrumb","itemListElement":[{"@type":"ListItem","position":1,"name":"In\u00edcio","item":"https:\/\/psol50.org.br\/"},{"@type":"ListItem","position":2,"name":"Hist\u00f3ria de dom Pedro Casald\u00e1liga \u00e9 retratada em filme"}]},{"@type":"WebSite","@id":"https:\/\/psol50.org.br\/#website","url":"https:\/\/psol50.org.br\/","name":"PSOL 50","description":"Site oficial do Partido Socialismo e Liberdade","publisher":{"@id":"https:\/\/psol50.org.br\/#organization"},"alternateName":"PSOL50","potentialAction":[{"@type":"SearchAction","target":{"@type":"EntryPoint","urlTemplate":"https:\/\/psol50.org.br\/?s={search_term_string}"},"query-input":{"@type":"PropertyValueSpecification","valueRequired":true,"valueName":"search_term_string"}}],"inLanguage":"pt-BR"},{"@type":"Organization","@id":"https:\/\/psol50.org.br\/#organization","name":"PSOL 50","alternateName":"PSOL 50","url":"https:\/\/psol50.org.br\/","logo":{"@type":"ImageObject","inLanguage":"pt-BR","@id":"https:\/\/psol50.org.br\/#\/schema\/logo\/image\/","url":"https:\/\/psol50.org.br\/inc\/uploads\/2018\/07\/capa.png","contentUrl":"https:\/\/psol50.org.br\/inc\/uploads\/2018\/07\/capa.png","width":1350,"height":900,"caption":"PSOL 50"},"image":{"@id":"https:\/\/psol50.org.br\/#\/schema\/logo\/image\/"},"sameAs":["https:\/\/www.facebook.com\/psol50","https:\/\/x.com\/psol50","https:\/\/www.instagram.com\/psol50\/","https:\/\/www.youtube.com\/channel\/UC7SnJS5o1os7a6CaiNabzcg"]},{"@type":"Person","@id":"https:\/\/psol50.org.br\/#\/schema\/person\/475dfa57d0b815993c714c2e96491fcd","name":"Comunica\u00e7\u00e3o PSOL","image":{"@type":"ImageObject","inLanguage":"pt-BR","@id":"https:\/\/psol50.org.br\/#\/schema\/person\/image\/","url":"https:\/\/secure.gravatar.com\/avatar\/b34fc4f4e468a4e51785917065a3db57b841f5c95dba6ad8c73aaf8f66f8f9bf?s=96&d=mm&r=g","contentUrl":"https:\/\/secure.gravatar.com\/avatar\/b34fc4f4e468a4e51785917065a3db57b841f5c95dba6ad8c73aaf8f66f8f9bf?s=96&d=mm&r=g","caption":"Comunica\u00e7\u00e3o PSOL"}}]}},"_links":{"self":[{"href":"https:\/\/psol50.org.br\/rest\/wp\/v2\/posts\/3077","targetHints":{"allow":["GET"]}}],"collection":[{"href":"https:\/\/psol50.org.br\/rest\/wp\/v2\/posts"}],"about":[{"href":"https:\/\/psol50.org.br\/rest\/wp\/v2\/types\/post"}],"author":[{"embeddable":true,"href":"https:\/\/psol50.org.br\/rest\/wp\/v2\/users\/2"}],"replies":[{"embeddable":true,"href":"https:\/\/psol50.org.br\/rest\/wp\/v2\/comments?post=3077"}],"version-history":[{"count":0,"href":"https:\/\/psol50.org.br\/rest\/wp\/v2\/posts\/3077\/revisions"}],"wp:attachment":[{"href":"https:\/\/psol50.org.br\/rest\/wp\/v2\/media?parent=3077"}],"wp:term":[{"taxonomy":"category","embeddable":true,"href":"https:\/\/psol50.org.br\/rest\/wp\/v2\/categories?post=3077"},{"taxonomy":"post_tag","embeddable":true,"href":"https:\/\/psol50.org.br\/rest\/wp\/v2\/tags?post=3077"}],"curies":[{"name":"wp","href":"https:\/\/api.w.org\/{rel}","templated":true}]}}