{"id":30786,"date":"2020-09-17T11:38:11","date_gmt":"2020-09-17T14:38:11","guid":{"rendered":"https:\/\/psol50.org.br\/?p=30786"},"modified":"2020-09-17T11:38:11","modified_gmt":"2020-09-17T14:38:11","slug":"nota-de-pesar-do-psol-pelo-falecimento-de-joao-lira-indigena-da-etnia-guarani-mbya-por-covid-19","status":"publish","type":"post","link":"https:\/\/psol50.org.br\/nota-de-pesar-do-psol-pelo-falecimento-de-joao-lira-indigena-da-etnia-guarani-mbya-por-covid-19\/","title":{"rendered":"Nota de pesar do PSOL pelo falecimento de Jo\u00e3o Lira, ind\u00edgena da etnia Guarani Mbya, por Covid-19"},"content":{"rendered":"<p><a href=\"https:\/\/psol50.org.br\/rendajusta\/\" target=\"_blank\" rel=\"noopener noreferrer\"><img loading=\"lazy\" decoding=\"async\" class=\"alignnone size-full wp-image-30552\" src=\"https:\/\/psol50.org.br\/inc\/uploads\/2020\/08\/21-08-2020_LancamentoRendaJusta-2.png\" alt=\"\" width=\"1920\" height=\"383\" srcset=\"https:\/\/psol50.org.br\/inc\/uploads\/2020\/08\/21-08-2020_LancamentoRendaJusta-2.png 1920w, https:\/\/psol50.org.br\/inc\/uploads\/2020\/08\/21-08-2020_LancamentoRendaJusta-2-300x60.png 300w, https:\/\/psol50.org.br\/inc\/uploads\/2020\/08\/21-08-2020_LancamentoRendaJusta-2-1024x204.png 1024w, https:\/\/psol50.org.br\/inc\/uploads\/2020\/08\/21-08-2020_LancamentoRendaJusta-2-768x153.png 768w, https:\/\/psol50.org.br\/inc\/uploads\/2020\/08\/21-08-2020_LancamentoRendaJusta-2-1536x306.png 1536w, https:\/\/psol50.org.br\/inc\/uploads\/2020\/08\/21-08-2020_LancamentoRendaJusta-2-150x30.png 150w, https:\/\/psol50.org.br\/inc\/uploads\/2020\/08\/21-08-2020_LancamentoRendaJusta-2-696x139.png 696w, https:\/\/psol50.org.br\/inc\/uploads\/2020\/08\/21-08-2020_LancamentoRendaJusta-2-1068x213.png 1068w\" sizes=\"auto, (max-width: 1920px) 100vw, 1920px\" \/><\/a><\/p>\n<p>Com muito pesar, informamos o falecimento de Jo\u00e3o Lira, ind\u00edgena da\u00a0etnia Guarani Mbya, companheiro do PSOL na regi\u00e3o do Vale do Ribeira, professor da rede p\u00fablica. Jo\u00e3o Lira dedicou toda sua trajet\u00f3ria \u00e0 luta incans\u00e1vel em defesa das popula\u00e7\u00f5es ind\u00edgenas, da educa\u00e7\u00e3o e do meio-ambiente.\u00a0Foi mais uma v\u00edtima da COVID-19, que tem se espalhado com for\u00e7a entre os povos ind\u00edgenas do pa\u00eds. Apelamos \u00e0s autoridades p\u00fablicas pela garantia do acesso \u00e0 sa\u00fade p\u00fablica e pela testagem em massa nas aldeias e nas comunidades tradicionais quilombolas. <strong>Jo\u00e3o Lira, presente!<\/strong><\/p>\n<p><a href=\"https:\/\/impeachmentpopular.com.br\/\" target=\"_blank\" rel=\"noopener noreferrer\"><img loading=\"lazy\" decoding=\"async\" class=\"alignnone size-full wp-image-29118\" src=\"https:\/\/psol50.org.br\/inc\/uploads\/2020\/05\/Email_Impeachment.png\" alt=\"\" width=\"1080\" height=\"250\" srcset=\"https:\/\/psol50.org.br\/inc\/uploads\/2020\/05\/Email_Impeachment.png 1080w, https:\/\/psol50.org.br\/inc\/uploads\/2020\/05\/Email_Impeachment-300x69.png 300w, https:\/\/psol50.org.br\/inc\/uploads\/2020\/05\/Email_Impeachment-1024x237.png 1024w, https:\/\/psol50.org.br\/inc\/uploads\/2020\/05\/Email_Impeachment-768x178.png 768w, https:\/\/psol50.org.br\/inc\/uploads\/2020\/05\/Email_Impeachment-150x35.png 150w, https:\/\/psol50.org.br\/inc\/uploads\/2020\/05\/Email_Impeachment-696x161.png 696w, https:\/\/psol50.org.br\/inc\/uploads\/2020\/05\/Email_Impeachment-1068x247.png 1068w\" sizes=\"auto, (max-width: 1080px) 100vw, 1080px\" \/><\/a><\/p>\n","protected":false},"excerpt":{"rendered":"<p>Com muito pesar, informamos o falecimento de Jo\u00e3o Lira, ind\u00edgena da\u00a0etnia Guarani Mbya, companheiro do PSOL na regi\u00e3o do Vale do Ribeira, professor da rede p\u00fablica. Jo\u00e3o Lira dedicou toda sua trajet\u00f3ria \u00e0 luta incans\u00e1vel em defesa das popula\u00e7\u00f5es ind\u00edgenas, da educa\u00e7\u00e3o e do meio-ambiente.\u00a0Foi mais uma v\u00edtima da COVID-19, que tem se espalhado com [&hellip;]<\/p>\n","protected":false},"author":2,"featured_media":30787,"comment_status":"closed","ping_status":"open","sticky":false,"template":"","format":"standard","meta":{"_acf_changed":false,"footnotes":""},"categories":[20],"tags":[371,12,1160,22,117],"class_list":{"0":"post-30786","1":"post","2":"type-post","3":"status-publish","4":"format-standard","5":"has-post-thumbnail","7":"category-notas","8":"tag-covid-19","9":"tag-indigenas","10":"tag-joao-lira","11":"tag-psol","12":"tag-sao-paulo"},"acf":[],"yoast_head":"<!-- This site is optimized with the Yoast SEO plugin v26.5 - https:\/\/yoast.com\/wordpress\/plugins\/seo\/ -->\n<title>Nota de pesar do PSOL pelo falecimento de Jo\u00e3o Lira, ind\u00edgena da etnia Guarani Mbya, por Covid-19<\/title>\n<meta name=\"description\" content=\"Militante do PSOL e professor da rede p\u00fablica em SP, Jo\u00e3o Lira foi mais uma v\u00edtima da COVID-19, que se espalha entre os povos ind\u00edgenas.\" \/>\n<meta name=\"robots\" content=\"index, follow, max-snippet:-1, max-image-preview:large, max-video-preview:-1\" \/>\n<link rel=\"canonical\" href=\"https:\/\/psol50.org.br\/nota-de-pesar-do-psol-pelo-falecimento-de-joao-lira-indigena-da-etnia-guarani-mbya-por-covid-19\/\" \/>\n<meta property=\"og:locale\" content=\"pt_BR\" \/>\n<meta property=\"og:type\" content=\"article\" \/>\n<meta property=\"og:title\" content=\"Nota de pesar do PSOL pelo falecimento de Jo\u00e3o Lira, ind\u00edgena da etnia Guarani Mbya, por Covid-19\" \/>\n<meta property=\"og:description\" content=\"Militante do PSOL e professor da rede p\u00fablica em SP, Jo\u00e3o Lira foi mais uma v\u00edtima da COVID-19, que se espalha entre os povos ind\u00edgenas.\" \/>\n<meta property=\"og:url\" content=\"https:\/\/psol50.org.br\/nota-de-pesar-do-psol-pelo-falecimento-de-joao-lira-indigena-da-etnia-guarani-mbya-por-covid-19\/\" \/>\n<meta property=\"og:site_name\" content=\"PSOL 50\" \/>\n<meta property=\"article:publisher\" content=\"https:\/\/www.facebook.com\/psol50\" \/>\n<meta property=\"article:published_time\" content=\"2020-09-17T14:38:11+00:00\" \/>\n<meta property=\"og:image\" content=\"https:\/\/psol50.org.br\/inc\/uploads\/2020\/09\/joaodelira.jpeg\" \/>\n\t<meta property=\"og:image:width\" content=\"796\" \/>\n\t<meta property=\"og:image:height\" content=\"960\" \/>\n\t<meta property=\"og:image:type\" content=\"image\/jpeg\" \/>\n<meta name=\"author\" content=\"Comunica\u00e7\u00e3o PSOL\" \/>\n<meta name=\"twitter:card\" content=\"summary_large_image\" \/>\n<meta name=\"twitter:title\" content=\"Nota de pesar do PSOL pelo falecimento de Jo\u00e3o Lira, ind\u00edgena da etnia Guarani Mbya, por Covid-19\" \/>\n<meta name=\"twitter:description\" content=\"Militante do PSOL e professor da rede p\u00fablica em SP, Jo\u00e3o Lira foi mais uma v\u00edtima da COVID-19, que se espalha entre os povos ind\u00edgenas.\" \/>\n<meta name=\"twitter:image\" content=\"https:\/\/psol50.org.br\/inc\/uploads\/2020\/09\/joaodelira.jpeg\" \/>\n<meta name=\"twitter:creator\" content=\"@psol50\" \/>\n<meta name=\"twitter:site\" content=\"@psol50\" \/>\n<meta name=\"twitter:label1\" content=\"Escrito por\" \/>\n\t<meta name=\"twitter:data1\" content=\"Comunica\u00e7\u00e3o PSOL\" \/>\n\t<meta name=\"twitter:label2\" content=\"Est. tempo de leitura\" \/>\n\t<meta name=\"twitter:data2\" content=\"1 minuto\" \/>\n<script type=\"application\/ld+json\" class=\"yoast-schema-graph\">{\"@context\":\"https:\/\/schema.org\",\"@graph\":[{\"@type\":\"Article\",\"@id\":\"https:\/\/psol50.org.br\/nota-de-pesar-do-psol-pelo-falecimento-de-joao-lira-indigena-da-etnia-guarani-mbya-por-covid-19\/#article\",\"isPartOf\":{\"@id\":\"https:\/\/psol50.org.br\/nota-de-pesar-do-psol-pelo-falecimento-de-joao-lira-indigena-da-etnia-guarani-mbya-por-covid-19\/\"},\"author\":{\"name\":\"Comunica\u00e7\u00e3o PSOL\",\"@id\":\"https:\/\/psol50.org.br\/#\/schema\/person\/475dfa57d0b815993c714c2e96491fcd\"},\"headline\":\"Nota de pesar do PSOL pelo falecimento de Jo\u00e3o Lira, ind\u00edgena da etnia Guarani Mbya, por Covid-19\",\"datePublished\":\"2020-09-17T14:38:11+00:00\",\"mainEntityOfPage\":{\"@id\":\"https:\/\/psol50.org.br\/nota-de-pesar-do-psol-pelo-falecimento-de-joao-lira-indigena-da-etnia-guarani-mbya-por-covid-19\/\"},\"wordCount\":125,\"publisher\":{\"@id\":\"https:\/\/psol50.org.br\/#organization\"},\"image\":{\"@id\":\"https:\/\/psol50.org.br\/nota-de-pesar-do-psol-pelo-falecimento-de-joao-lira-indigena-da-etnia-guarani-mbya-por-covid-19\/#primaryimage\"},\"thumbnailUrl\":\"https:\/\/psol50.org.br\/inc\/uploads\/2020\/09\/joaodelira.jpeg\",\"keywords\":[\"covid-19\",\"Ind\u00edgenas\",\"jo\u00e3o lira\",\"PSOL\",\"S\u00e3o Paulo\"],\"articleSection\":[\"Notas\"],\"inLanguage\":\"pt-BR\"},{\"@type\":\"WebPage\",\"@id\":\"https:\/\/psol50.org.br\/nota-de-pesar-do-psol-pelo-falecimento-de-joao-lira-indigena-da-etnia-guarani-mbya-por-covid-19\/\",\"url\":\"https:\/\/psol50.org.br\/nota-de-pesar-do-psol-pelo-falecimento-de-joao-lira-indigena-da-etnia-guarani-mbya-por-covid-19\/\",\"name\":\"Nota de pesar do PSOL pelo falecimento de Jo\u00e3o Lira, ind\u00edgena da etnia Guarani Mbya, por Covid-19\",\"isPartOf\":{\"@id\":\"https:\/\/psol50.org.br\/#website\"},\"primaryImageOfPage\":{\"@id\":\"https:\/\/psol50.org.br\/nota-de-pesar-do-psol-pelo-falecimento-de-joao-lira-indigena-da-etnia-guarani-mbya-por-covid-19\/#primaryimage\"},\"image\":{\"@id\":\"https:\/\/psol50.org.br\/nota-de-pesar-do-psol-pelo-falecimento-de-joao-lira-indigena-da-etnia-guarani-mbya-por-covid-19\/#primaryimage\"},\"thumbnailUrl\":\"https:\/\/psol50.org.br\/inc\/uploads\/2020\/09\/joaodelira.jpeg\",\"datePublished\":\"2020-09-17T14:38:11+00:00\",\"description\":\"Militante do PSOL e professor da rede p\u00fablica em SP, Jo\u00e3o Lira foi mais uma v\u00edtima da COVID-19, que se espalha entre os povos ind\u00edgenas.\",\"breadcrumb\":{\"@id\":\"https:\/\/psol50.org.br\/nota-de-pesar-do-psol-pelo-falecimento-de-joao-lira-indigena-da-etnia-guarani-mbya-por-covid-19\/#breadcrumb\"},\"inLanguage\":\"pt-BR\",\"potentialAction\":[{\"@type\":\"ReadAction\",\"target\":[\"https:\/\/psol50.org.br\/nota-de-pesar-do-psol-pelo-falecimento-de-joao-lira-indigena-da-etnia-guarani-mbya-por-covid-19\/\"]}]},{\"@type\":\"ImageObject\",\"inLanguage\":\"pt-BR\",\"@id\":\"https:\/\/psol50.org.br\/nota-de-pesar-do-psol-pelo-falecimento-de-joao-lira-indigena-da-etnia-guarani-mbya-por-covid-19\/#primaryimage\",\"url\":\"https:\/\/psol50.org.br\/inc\/uploads\/2020\/09\/joaodelira.jpeg\",\"contentUrl\":\"https:\/\/psol50.org.br\/inc\/uploads\/2020\/09\/joaodelira.jpeg\",\"width\":796,\"height\":960},{\"@type\":\"BreadcrumbList\",\"@id\":\"https:\/\/psol50.org.br\/nota-de-pesar-do-psol-pelo-falecimento-de-joao-lira-indigena-da-etnia-guarani-mbya-por-covid-19\/#breadcrumb\",\"itemListElement\":[{\"@type\":\"ListItem\",\"position\":1,\"name\":\"In\u00edcio\",\"item\":\"https:\/\/psol50.org.br\/\"},{\"@type\":\"ListItem\",\"position\":2,\"name\":\"Nota de pesar do PSOL pelo falecimento de Jo\u00e3o Lira, ind\u00edgena da etnia Guarani Mbya, por Covid-19\"}]},{\"@type\":\"WebSite\",\"@id\":\"https:\/\/psol50.org.br\/#website\",\"url\":\"https:\/\/psol50.org.br\/\",\"name\":\"PSOL 50\",\"description\":\"Site oficial do Partido Socialismo e Liberdade\",\"publisher\":{\"@id\":\"https:\/\/psol50.org.br\/#organization\"},\"alternateName\":\"PSOL50\",\"potentialAction\":[{\"@type\":\"SearchAction\",\"target\":{\"@type\":\"EntryPoint\",\"urlTemplate\":\"https:\/\/psol50.org.br\/?s={search_term_string}\"},\"query-input\":{\"@type\":\"PropertyValueSpecification\",\"valueRequired\":true,\"valueName\":\"search_term_string\"}}],\"inLanguage\":\"pt-BR\"},{\"@type\":\"Organization\",\"@id\":\"https:\/\/psol50.org.br\/#organization\",\"name\":\"PSOL 50\",\"alternateName\":\"PSOL 50\",\"url\":\"https:\/\/psol50.org.br\/\",\"logo\":{\"@type\":\"ImageObject\",\"inLanguage\":\"pt-BR\",\"@id\":\"https:\/\/psol50.org.br\/#\/schema\/logo\/image\/\",\"url\":\"https:\/\/psol50.org.br\/inc\/uploads\/2018\/07\/capa.png\",\"contentUrl\":\"https:\/\/psol50.org.br\/inc\/uploads\/2018\/07\/capa.png\",\"width\":1350,\"height\":900,\"caption\":\"PSOL 50\"},\"image\":{\"@id\":\"https:\/\/psol50.org.br\/#\/schema\/logo\/image\/\"},\"sameAs\":[\"https:\/\/www.facebook.com\/psol50\",\"https:\/\/x.com\/psol50\",\"https:\/\/www.instagram.com\/psol50\/\",\"https:\/\/www.youtube.com\/channel\/UC7SnJS5o1os7a6CaiNabzcg\"]},{\"@type\":\"Person\",\"@id\":\"https:\/\/psol50.org.br\/#\/schema\/person\/475dfa57d0b815993c714c2e96491fcd\",\"name\":\"Comunica\u00e7\u00e3o PSOL\",\"image\":{\"@type\":\"ImageObject\",\"inLanguage\":\"pt-BR\",\"@id\":\"https:\/\/psol50.org.br\/#\/schema\/person\/image\/\",\"url\":\"https:\/\/secure.gravatar.com\/avatar\/b34fc4f4e468a4e51785917065a3db57b841f5c95dba6ad8c73aaf8f66f8f9bf?s=96&d=mm&r=g\",\"contentUrl\":\"https:\/\/secure.gravatar.com\/avatar\/b34fc4f4e468a4e51785917065a3db57b841f5c95dba6ad8c73aaf8f66f8f9bf?s=96&d=mm&r=g\",\"caption\":\"Comunica\u00e7\u00e3o PSOL\"}}]}<\/script>\n<!-- \/ Yoast SEO plugin. -->","yoast_head_json":{"title":"Nota de pesar do PSOL pelo falecimento de Jo\u00e3o Lira, ind\u00edgena da etnia Guarani Mbya, por Covid-19","description":"Militante do PSOL e professor da rede p\u00fablica em SP, Jo\u00e3o Lira foi mais uma v\u00edtima da COVID-19, que se espalha entre os povos ind\u00edgenas.","robots":{"index":"index","follow":"follow","max-snippet":"max-snippet:-1","max-image-preview":"max-image-preview:large","max-video-preview":"max-video-preview:-1"},"canonical":"https:\/\/psol50.org.br\/nota-de-pesar-do-psol-pelo-falecimento-de-joao-lira-indigena-da-etnia-guarani-mbya-por-covid-19\/","og_locale":"pt_BR","og_type":"article","og_title":"Nota de pesar do PSOL pelo falecimento de Jo\u00e3o Lira, ind\u00edgena da etnia Guarani Mbya, por Covid-19","og_description":"Militante do PSOL e professor da rede p\u00fablica em SP, Jo\u00e3o Lira foi mais uma v\u00edtima da COVID-19, que se espalha entre os povos ind\u00edgenas.","og_url":"https:\/\/psol50.org.br\/nota-de-pesar-do-psol-pelo-falecimento-de-joao-lira-indigena-da-etnia-guarani-mbya-por-covid-19\/","og_site_name":"PSOL 50","article_publisher":"https:\/\/www.facebook.com\/psol50","article_published_time":"2020-09-17T14:38:11+00:00","og_image":[{"width":796,"height":960,"url":"https:\/\/psol50.org.br\/inc\/uploads\/2020\/09\/joaodelira.jpeg","type":"image\/jpeg"}],"author":"Comunica\u00e7\u00e3o PSOL","twitter_card":"summary_large_image","twitter_title":"Nota de pesar do PSOL pelo falecimento de Jo\u00e3o Lira, ind\u00edgena da etnia Guarani Mbya, por Covid-19","twitter_description":"Militante do PSOL e professor da rede p\u00fablica em SP, Jo\u00e3o Lira foi mais uma v\u00edtima da COVID-19, que se espalha entre os povos ind\u00edgenas.","twitter_image":"https:\/\/psol50.org.br\/inc\/uploads\/2020\/09\/joaodelira.jpeg","twitter_creator":"@psol50","twitter_site":"@psol50","twitter_misc":{"Escrito por":"Comunica\u00e7\u00e3o PSOL","Est. tempo de leitura":"1 minuto"},"schema":{"@context":"https:\/\/schema.org","@graph":[{"@type":"Article","@id":"https:\/\/psol50.org.br\/nota-de-pesar-do-psol-pelo-falecimento-de-joao-lira-indigena-da-etnia-guarani-mbya-por-covid-19\/#article","isPartOf":{"@id":"https:\/\/psol50.org.br\/nota-de-pesar-do-psol-pelo-falecimento-de-joao-lira-indigena-da-etnia-guarani-mbya-por-covid-19\/"},"author":{"name":"Comunica\u00e7\u00e3o PSOL","@id":"https:\/\/psol50.org.br\/#\/schema\/person\/475dfa57d0b815993c714c2e96491fcd"},"headline":"Nota de pesar do PSOL pelo falecimento de Jo\u00e3o Lira, ind\u00edgena da etnia Guarani Mbya, por Covid-19","datePublished":"2020-09-17T14:38:11+00:00","mainEntityOfPage":{"@id":"https:\/\/psol50.org.br\/nota-de-pesar-do-psol-pelo-falecimento-de-joao-lira-indigena-da-etnia-guarani-mbya-por-covid-19\/"},"wordCount":125,"publisher":{"@id":"https:\/\/psol50.org.br\/#organization"},"image":{"@id":"https:\/\/psol50.org.br\/nota-de-pesar-do-psol-pelo-falecimento-de-joao-lira-indigena-da-etnia-guarani-mbya-por-covid-19\/#primaryimage"},"thumbnailUrl":"https:\/\/psol50.org.br\/inc\/uploads\/2020\/09\/joaodelira.jpeg","keywords":["covid-19","Ind\u00edgenas","jo\u00e3o lira","PSOL","S\u00e3o Paulo"],"articleSection":["Notas"],"inLanguage":"pt-BR"},{"@type":"WebPage","@id":"https:\/\/psol50.org.br\/nota-de-pesar-do-psol-pelo-falecimento-de-joao-lira-indigena-da-etnia-guarani-mbya-por-covid-19\/","url":"https:\/\/psol50.org.br\/nota-de-pesar-do-psol-pelo-falecimento-de-joao-lira-indigena-da-etnia-guarani-mbya-por-covid-19\/","name":"Nota de pesar do PSOL pelo falecimento de Jo\u00e3o Lira, ind\u00edgena da etnia Guarani Mbya, por Covid-19","isPartOf":{"@id":"https:\/\/psol50.org.br\/#website"},"primaryImageOfPage":{"@id":"https:\/\/psol50.org.br\/nota-de-pesar-do-psol-pelo-falecimento-de-joao-lira-indigena-da-etnia-guarani-mbya-por-covid-19\/#primaryimage"},"image":{"@id":"https:\/\/psol50.org.br\/nota-de-pesar-do-psol-pelo-falecimento-de-joao-lira-indigena-da-etnia-guarani-mbya-por-covid-19\/#primaryimage"},"thumbnailUrl":"https:\/\/psol50.org.br\/inc\/uploads\/2020\/09\/joaodelira.jpeg","datePublished":"2020-09-17T14:38:11+00:00","description":"Militante do PSOL e professor da rede p\u00fablica em SP, Jo\u00e3o Lira foi mais uma v\u00edtima da COVID-19, que se espalha entre os povos ind\u00edgenas.","breadcrumb":{"@id":"https:\/\/psol50.org.br\/nota-de-pesar-do-psol-pelo-falecimento-de-joao-lira-indigena-da-etnia-guarani-mbya-por-covid-19\/#breadcrumb"},"inLanguage":"pt-BR","potentialAction":[{"@type":"ReadAction","target":["https:\/\/psol50.org.br\/nota-de-pesar-do-psol-pelo-falecimento-de-joao-lira-indigena-da-etnia-guarani-mbya-por-covid-19\/"]}]},{"@type":"ImageObject","inLanguage":"pt-BR","@id":"https:\/\/psol50.org.br\/nota-de-pesar-do-psol-pelo-falecimento-de-joao-lira-indigena-da-etnia-guarani-mbya-por-covid-19\/#primaryimage","url":"https:\/\/psol50.org.br\/inc\/uploads\/2020\/09\/joaodelira.jpeg","contentUrl":"https:\/\/psol50.org.br\/inc\/uploads\/2020\/09\/joaodelira.jpeg","width":796,"height":960},{"@type":"BreadcrumbList","@id":"https:\/\/psol50.org.br\/nota-de-pesar-do-psol-pelo-falecimento-de-joao-lira-indigena-da-etnia-guarani-mbya-por-covid-19\/#breadcrumb","itemListElement":[{"@type":"ListItem","position":1,"name":"In\u00edcio","item":"https:\/\/psol50.org.br\/"},{"@type":"ListItem","position":2,"name":"Nota de pesar do PSOL pelo falecimento de Jo\u00e3o Lira, ind\u00edgena da etnia Guarani Mbya, por Covid-19"}]},{"@type":"WebSite","@id":"https:\/\/psol50.org.br\/#website","url":"https:\/\/psol50.org.br\/","name":"PSOL 50","description":"Site oficial do Partido Socialismo e Liberdade","publisher":{"@id":"https:\/\/psol50.org.br\/#organization"},"alternateName":"PSOL50","potentialAction":[{"@type":"SearchAction","target":{"@type":"EntryPoint","urlTemplate":"https:\/\/psol50.org.br\/?s={search_term_string}"},"query-input":{"@type":"PropertyValueSpecification","valueRequired":true,"valueName":"search_term_string"}}],"inLanguage":"pt-BR"},{"@type":"Organization","@id":"https:\/\/psol50.org.br\/#organization","name":"PSOL 50","alternateName":"PSOL 50","url":"https:\/\/psol50.org.br\/","logo":{"@type":"ImageObject","inLanguage":"pt-BR","@id":"https:\/\/psol50.org.br\/#\/schema\/logo\/image\/","url":"https:\/\/psol50.org.br\/inc\/uploads\/2018\/07\/capa.png","contentUrl":"https:\/\/psol50.org.br\/inc\/uploads\/2018\/07\/capa.png","width":1350,"height":900,"caption":"PSOL 50"},"image":{"@id":"https:\/\/psol50.org.br\/#\/schema\/logo\/image\/"},"sameAs":["https:\/\/www.facebook.com\/psol50","https:\/\/x.com\/psol50","https:\/\/www.instagram.com\/psol50\/","https:\/\/www.youtube.com\/channel\/UC7SnJS5o1os7a6CaiNabzcg"]},{"@type":"Person","@id":"https:\/\/psol50.org.br\/#\/schema\/person\/475dfa57d0b815993c714c2e96491fcd","name":"Comunica\u00e7\u00e3o PSOL","image":{"@type":"ImageObject","inLanguage":"pt-BR","@id":"https:\/\/psol50.org.br\/#\/schema\/person\/image\/","url":"https:\/\/secure.gravatar.com\/avatar\/b34fc4f4e468a4e51785917065a3db57b841f5c95dba6ad8c73aaf8f66f8f9bf?s=96&d=mm&r=g","contentUrl":"https:\/\/secure.gravatar.com\/avatar\/b34fc4f4e468a4e51785917065a3db57b841f5c95dba6ad8c73aaf8f66f8f9bf?s=96&d=mm&r=g","caption":"Comunica\u00e7\u00e3o PSOL"}}]}},"_links":{"self":[{"href":"https:\/\/psol50.org.br\/rest\/wp\/v2\/posts\/30786","targetHints":{"allow":["GET"]}}],"collection":[{"href":"https:\/\/psol50.org.br\/rest\/wp\/v2\/posts"}],"about":[{"href":"https:\/\/psol50.org.br\/rest\/wp\/v2\/types\/post"}],"author":[{"embeddable":true,"href":"https:\/\/psol50.org.br\/rest\/wp\/v2\/users\/2"}],"replies":[{"embeddable":true,"href":"https:\/\/psol50.org.br\/rest\/wp\/v2\/comments?post=30786"}],"version-history":[{"count":0,"href":"https:\/\/psol50.org.br\/rest\/wp\/v2\/posts\/30786\/revisions"}],"wp:featuredmedia":[{"embeddable":true,"href":"https:\/\/psol50.org.br\/rest\/wp\/v2\/media\/30787"}],"wp:attachment":[{"href":"https:\/\/psol50.org.br\/rest\/wp\/v2\/media?parent=30786"}],"wp:term":[{"taxonomy":"category","embeddable":true,"href":"https:\/\/psol50.org.br\/rest\/wp\/v2\/categories?post=30786"},{"taxonomy":"post_tag","embeddable":true,"href":"https:\/\/psol50.org.br\/rest\/wp\/v2\/tags?post=30786"}],"curies":[{"name":"wp","href":"https:\/\/api.w.org\/{rel}","templated":true}]}}