{"id":3079,"date":"2014-12-03T00:00:00","date_gmt":"2014-12-03T17:46:12","guid":{"rendered":"http:\/\/psol50.org.br\/arquivo\/2014\/12\/03\/mobilizacao-popular-no-mexico-poe-em-xeque-popularidade-de-pena-nieto\/"},"modified":"2014-12-03T00:00:00","modified_gmt":"2014-12-03T17:46:12","slug":"mobilizacao-popular-no-mexico-poe-em-xeque-popularidade-de-pena-nieto","status":"publish","type":"post","link":"https:\/\/psol50.org.br\/mobilizacao-popular-no-mexico-poe-em-xeque-popularidade-de-pena-nieto\/","title":{"rendered":"Mobiliza\u00e7\u00e3o popular no M\u00e9xico p\u00f5e em xeque popularidade de Pe\u00f1a Nieto"},"content":{"rendered":"<p style=\"text-align: justify;\">\n\t<span style=\"font-family:arial,helvetica,sans-serif;\"><span style=\"font-size: 12px;\">Milhares de manifestantes tomaram as ruas de mais de 70 cidades do M\u00e9xico para cobrar do governo explica\u00e7\u00f5es sobre os 43 estudantes que desapareceram desde o dia 26 de setembro deste ano. O ato ocorreu na segunda-feira (1), em meio \u00e0 crise pol\u00edtica que registrou a mais baixa popularidade do atual presidente do pa\u00eds, Enrique Pe\u00f1a Nieto.<br \/>\n\t&nbsp;<br \/>\n\tA imprensa mexicana divulgou pesquisas que mostram a queda da popularidade de Pe\u00f1a Nieto entre agosto e o fim de novembro: 46% a 39%, segundo o jornal Reforma, e de 46% a 41%, de acordo com o jornal El Universal.<br \/>\n\t&nbsp;<br \/>\n\tEste \u00e9 o menor \u00edndice de popularidade de um presidente mexicano desde os anos 90, durante o mandato de Ernesto Zedillo (1994-2000), quando o pa\u00eds enfrentava os efeitos de uma crise econ\u00f4mica conhecida como &#8216;Efeito Tequila&#8217;.<br \/>\n\t&nbsp;<br \/>\n\tDurante a manifesta\u00e7\u00e3o de segunda, foram diversos os pedidos, entre eles, para que Pe\u00f1a Nieto renuncie.<br \/>\n\t&nbsp;<br \/>\n\tA mobiliza\u00e7\u00e3o se encerrou quando um grupo de pessoas encapuzadas iniciou a depreda\u00e7\u00e3o de lojas e ag\u00eancias banc\u00e1rias. A pol\u00edcia lan\u00e7ou bombas de g\u00e1s lacrimog\u00eaneo para dispersar a multid\u00e3o. Como resultado, tr\u00eas pessoas foram detidas.<br \/>\n\t&nbsp;<br \/>\n\tPara o pr\u00f3ximo s\u00e1bado (6), est\u00e1 prevista outra grande marcha, quando se pretende realizar a \u201ctomada simb\u00f3lica\u201d da Cidade do M\u00e9xico, capital do pa\u00eds.<br \/>\n\t&nbsp;<br \/>\n\tNa \u00faltima semana, o mandat\u00e1rio anunciou uma reforma que prev\u00ea o fim das pol\u00edcias locais como medida para combater o crime organizado e a viol\u00eancia no pa\u00eds.<br \/>\n\t&nbsp;<br \/>\n\t<strong>Entenda o caso<\/strong><br \/>\n\tNo dia 26 de setembro deste ano, um grupo de estudantes da escola do Magist\u00e9rio de Ayotzinapa, cidade rural de Guerrero, se apoderou de v\u00e1rios \u00f4nibus para viajar \u00e0 vizinha Iguala, onde arrecadariam fundos para seus estudos.<br \/>\n\t&nbsp;<br \/>\n\tA pol\u00edcia de Iguala, com o apoio de pistoleiros de um cartel local, agiu contra o grupo, deixando seis mortos, 25 feridos e 43 estudantes de magist\u00e9rio desaparecidos.<br \/>\n\t&nbsp;<br \/>\n\tAs autoridades prenderam 34 pessoas relacionadas com o assassinato dos alunos: 26 s\u00e3o policiais municipais e quatro est\u00e3o vinculadas ao cartel Guerreros Unidos.<\/span><\/span><\/p>\n<p>&nbsp;<\/p>\n","protected":false},"excerpt":{"rendered":"<p>Ato para cobrar do governo explica\u00e7\u00f5es sobre os 43 estudantes que desapareceram ocorre em meio \u00e0 crise pol\u00edtica que registrou a mais baixa popularidade do atual presidente do pa\u00eds<\/p>\n","protected":false},"author":2,"featured_media":0,"comment_status":"open","ping_status":"open","sticky":false,"template":"","format":"standard","meta":{"_acf_changed":false,"footnotes":""},"categories":[4766,6],"tags":[],"class_list":{"0":"post-3079","1":"post","2":"type-post","3":"status-publish","4":"format-standard","6":"category-arquivo","7":"category-noticias"},"acf":[],"yoast_head":"<!-- This site is optimized with the Yoast SEO plugin v26.5 - https:\/\/yoast.com\/wordpress\/plugins\/seo\/ -->\n<title>Mobiliza\u00e7\u00e3o popular no M\u00e9xico p\u00f5e em xeque popularidade de Pe\u00f1a Nieto - PSOL 50<\/title>\n<meta name=\"robots\" content=\"index, follow, max-snippet:-1, max-image-preview:large, max-video-preview:-1\" \/>\n<link rel=\"canonical\" href=\"https:\/\/psol50.org.br\/mobilizacao-popular-no-mexico-poe-em-xeque-popularidade-de-pena-nieto\/\" \/>\n<meta property=\"og:locale\" content=\"pt_BR\" \/>\n<meta property=\"og:type\" content=\"article\" \/>\n<meta property=\"og:title\" content=\"Mobiliza\u00e7\u00e3o popular no M\u00e9xico p\u00f5e em xeque popularidade de Pe\u00f1a Nieto - PSOL 50\" \/>\n<meta property=\"og:description\" content=\"Ato para cobrar do governo explica\u00e7\u00f5es sobre os 43 estudantes que desapareceram ocorre em meio \u00e0 crise pol\u00edtica que registrou a mais baixa popularidade do atual presidente do pa\u00eds\" \/>\n<meta property=\"og:url\" content=\"https:\/\/psol50.org.br\/mobilizacao-popular-no-mexico-poe-em-xeque-popularidade-de-pena-nieto\/\" \/>\n<meta property=\"og:site_name\" content=\"PSOL 50\" \/>\n<meta property=\"article:publisher\" content=\"https:\/\/www.facebook.com\/psol50\" \/>\n<meta property=\"article:published_time\" content=\"2014-12-03T17:46:12+00:00\" \/>\n<meta property=\"og:image\" content=\"https:\/\/psol50.org.br\/inc\/uploads\/2018\/07\/capa.png\" \/>\n\t<meta property=\"og:image:width\" content=\"1350\" \/>\n\t<meta property=\"og:image:height\" content=\"900\" \/>\n\t<meta property=\"og:image:type\" content=\"image\/png\" \/>\n<meta name=\"author\" content=\"Comunica\u00e7\u00e3o PSOL\" \/>\n<meta name=\"twitter:card\" content=\"summary_large_image\" \/>\n<meta name=\"twitter:creator\" content=\"@psol50\" \/>\n<meta name=\"twitter:site\" content=\"@psol50\" \/>\n<meta name=\"twitter:label1\" content=\"Escrito por\" \/>\n\t<meta name=\"twitter:data1\" content=\"Comunica\u00e7\u00e3o PSOL\" \/>\n\t<meta name=\"twitter:label2\" content=\"Est. tempo de leitura\" \/>\n\t<meta name=\"twitter:data2\" content=\"2 minutos\" \/>\n<script type=\"application\/ld+json\" class=\"yoast-schema-graph\">{\"@context\":\"https:\/\/schema.org\",\"@graph\":[{\"@type\":\"Article\",\"@id\":\"https:\/\/psol50.org.br\/mobilizacao-popular-no-mexico-poe-em-xeque-popularidade-de-pena-nieto\/#article\",\"isPartOf\":{\"@id\":\"https:\/\/psol50.org.br\/mobilizacao-popular-no-mexico-poe-em-xeque-popularidade-de-pena-nieto\/\"},\"author\":{\"name\":\"Comunica\u00e7\u00e3o PSOL\",\"@id\":\"https:\/\/psol50.org.br\/#\/schema\/person\/475dfa57d0b815993c714c2e96491fcd\"},\"headline\":\"Mobiliza\u00e7\u00e3o popular no M\u00e9xico p\u00f5e em xeque popularidade de Pe\u00f1a Nieto\",\"datePublished\":\"2014-12-03T17:46:12+00:00\",\"mainEntityOfPage\":{\"@id\":\"https:\/\/psol50.org.br\/mobilizacao-popular-no-mexico-poe-em-xeque-popularidade-de-pena-nieto\/\"},\"wordCount\":368,\"commentCount\":0,\"publisher\":{\"@id\":\"https:\/\/psol50.org.br\/#organization\"},\"articleSection\":[\"Arquivo\",\"Not\u00edcias\"],\"inLanguage\":\"pt-BR\",\"potentialAction\":[{\"@type\":\"CommentAction\",\"name\":\"Comment\",\"target\":[\"https:\/\/psol50.org.br\/mobilizacao-popular-no-mexico-poe-em-xeque-popularidade-de-pena-nieto\/#respond\"]}]},{\"@type\":\"WebPage\",\"@id\":\"https:\/\/psol50.org.br\/mobilizacao-popular-no-mexico-poe-em-xeque-popularidade-de-pena-nieto\/\",\"url\":\"https:\/\/psol50.org.br\/mobilizacao-popular-no-mexico-poe-em-xeque-popularidade-de-pena-nieto\/\",\"name\":\"Mobiliza\u00e7\u00e3o popular no M\u00e9xico p\u00f5e em xeque popularidade de Pe\u00f1a Nieto - PSOL 50\",\"isPartOf\":{\"@id\":\"https:\/\/psol50.org.br\/#website\"},\"datePublished\":\"2014-12-03T17:46:12+00:00\",\"breadcrumb\":{\"@id\":\"https:\/\/psol50.org.br\/mobilizacao-popular-no-mexico-poe-em-xeque-popularidade-de-pena-nieto\/#breadcrumb\"},\"inLanguage\":\"pt-BR\",\"potentialAction\":[{\"@type\":\"ReadAction\",\"target\":[\"https:\/\/psol50.org.br\/mobilizacao-popular-no-mexico-poe-em-xeque-popularidade-de-pena-nieto\/\"]}]},{\"@type\":\"BreadcrumbList\",\"@id\":\"https:\/\/psol50.org.br\/mobilizacao-popular-no-mexico-poe-em-xeque-popularidade-de-pena-nieto\/#breadcrumb\",\"itemListElement\":[{\"@type\":\"ListItem\",\"position\":1,\"name\":\"In\u00edcio\",\"item\":\"https:\/\/psol50.org.br\/\"},{\"@type\":\"ListItem\",\"position\":2,\"name\":\"Mobiliza\u00e7\u00e3o popular no M\u00e9xico p\u00f5e em xeque popularidade de Pe\u00f1a Nieto\"}]},{\"@type\":\"WebSite\",\"@id\":\"https:\/\/psol50.org.br\/#website\",\"url\":\"https:\/\/psol50.org.br\/\",\"name\":\"PSOL 50\",\"description\":\"Site oficial do Partido Socialismo e Liberdade\",\"publisher\":{\"@id\":\"https:\/\/psol50.org.br\/#organization\"},\"alternateName\":\"PSOL50\",\"potentialAction\":[{\"@type\":\"SearchAction\",\"target\":{\"@type\":\"EntryPoint\",\"urlTemplate\":\"https:\/\/psol50.org.br\/?s={search_term_string}\"},\"query-input\":{\"@type\":\"PropertyValueSpecification\",\"valueRequired\":true,\"valueName\":\"search_term_string\"}}],\"inLanguage\":\"pt-BR\"},{\"@type\":\"Organization\",\"@id\":\"https:\/\/psol50.org.br\/#organization\",\"name\":\"PSOL 50\",\"alternateName\":\"PSOL 50\",\"url\":\"https:\/\/psol50.org.br\/\",\"logo\":{\"@type\":\"ImageObject\",\"inLanguage\":\"pt-BR\",\"@id\":\"https:\/\/psol50.org.br\/#\/schema\/logo\/image\/\",\"url\":\"https:\/\/psol50.org.br\/inc\/uploads\/2018\/07\/capa.png\",\"contentUrl\":\"https:\/\/psol50.org.br\/inc\/uploads\/2018\/07\/capa.png\",\"width\":1350,\"height\":900,\"caption\":\"PSOL 50\"},\"image\":{\"@id\":\"https:\/\/psol50.org.br\/#\/schema\/logo\/image\/\"},\"sameAs\":[\"https:\/\/www.facebook.com\/psol50\",\"https:\/\/x.com\/psol50\",\"https:\/\/www.instagram.com\/psol50\/\",\"https:\/\/www.youtube.com\/channel\/UC7SnJS5o1os7a6CaiNabzcg\"]},{\"@type\":\"Person\",\"@id\":\"https:\/\/psol50.org.br\/#\/schema\/person\/475dfa57d0b815993c714c2e96491fcd\",\"name\":\"Comunica\u00e7\u00e3o PSOL\",\"image\":{\"@type\":\"ImageObject\",\"inLanguage\":\"pt-BR\",\"@id\":\"https:\/\/psol50.org.br\/#\/schema\/person\/image\/\",\"url\":\"https:\/\/secure.gravatar.com\/avatar\/b34fc4f4e468a4e51785917065a3db57b841f5c95dba6ad8c73aaf8f66f8f9bf?s=96&d=mm&r=g\",\"contentUrl\":\"https:\/\/secure.gravatar.com\/avatar\/b34fc4f4e468a4e51785917065a3db57b841f5c95dba6ad8c73aaf8f66f8f9bf?s=96&d=mm&r=g\",\"caption\":\"Comunica\u00e7\u00e3o PSOL\"}}]}<\/script>\n<!-- \/ Yoast SEO plugin. -->","yoast_head_json":{"title":"Mobiliza\u00e7\u00e3o popular no M\u00e9xico p\u00f5e em xeque popularidade de Pe\u00f1a Nieto - PSOL 50","robots":{"index":"index","follow":"follow","max-snippet":"max-snippet:-1","max-image-preview":"max-image-preview:large","max-video-preview":"max-video-preview:-1"},"canonical":"https:\/\/psol50.org.br\/mobilizacao-popular-no-mexico-poe-em-xeque-popularidade-de-pena-nieto\/","og_locale":"pt_BR","og_type":"article","og_title":"Mobiliza\u00e7\u00e3o popular no M\u00e9xico p\u00f5e em xeque popularidade de Pe\u00f1a Nieto - PSOL 50","og_description":"Ato para cobrar do governo explica\u00e7\u00f5es sobre os 43 estudantes que desapareceram ocorre em meio \u00e0 crise pol\u00edtica que registrou a mais baixa popularidade do atual presidente do pa\u00eds","og_url":"https:\/\/psol50.org.br\/mobilizacao-popular-no-mexico-poe-em-xeque-popularidade-de-pena-nieto\/","og_site_name":"PSOL 50","article_publisher":"https:\/\/www.facebook.com\/psol50","article_published_time":"2014-12-03T17:46:12+00:00","og_image":[{"width":1350,"height":900,"url":"https:\/\/psol50.org.br\/inc\/uploads\/2018\/07\/capa.png","type":"image\/png"}],"author":"Comunica\u00e7\u00e3o PSOL","twitter_card":"summary_large_image","twitter_creator":"@psol50","twitter_site":"@psol50","twitter_misc":{"Escrito por":"Comunica\u00e7\u00e3o PSOL","Est. tempo de leitura":"2 minutos"},"schema":{"@context":"https:\/\/schema.org","@graph":[{"@type":"Article","@id":"https:\/\/psol50.org.br\/mobilizacao-popular-no-mexico-poe-em-xeque-popularidade-de-pena-nieto\/#article","isPartOf":{"@id":"https:\/\/psol50.org.br\/mobilizacao-popular-no-mexico-poe-em-xeque-popularidade-de-pena-nieto\/"},"author":{"name":"Comunica\u00e7\u00e3o PSOL","@id":"https:\/\/psol50.org.br\/#\/schema\/person\/475dfa57d0b815993c714c2e96491fcd"},"headline":"Mobiliza\u00e7\u00e3o popular no M\u00e9xico p\u00f5e em xeque popularidade de Pe\u00f1a Nieto","datePublished":"2014-12-03T17:46:12+00:00","mainEntityOfPage":{"@id":"https:\/\/psol50.org.br\/mobilizacao-popular-no-mexico-poe-em-xeque-popularidade-de-pena-nieto\/"},"wordCount":368,"commentCount":0,"publisher":{"@id":"https:\/\/psol50.org.br\/#organization"},"articleSection":["Arquivo","Not\u00edcias"],"inLanguage":"pt-BR","potentialAction":[{"@type":"CommentAction","name":"Comment","target":["https:\/\/psol50.org.br\/mobilizacao-popular-no-mexico-poe-em-xeque-popularidade-de-pena-nieto\/#respond"]}]},{"@type":"WebPage","@id":"https:\/\/psol50.org.br\/mobilizacao-popular-no-mexico-poe-em-xeque-popularidade-de-pena-nieto\/","url":"https:\/\/psol50.org.br\/mobilizacao-popular-no-mexico-poe-em-xeque-popularidade-de-pena-nieto\/","name":"Mobiliza\u00e7\u00e3o popular no M\u00e9xico p\u00f5e em xeque popularidade de Pe\u00f1a Nieto - PSOL 50","isPartOf":{"@id":"https:\/\/psol50.org.br\/#website"},"datePublished":"2014-12-03T17:46:12+00:00","breadcrumb":{"@id":"https:\/\/psol50.org.br\/mobilizacao-popular-no-mexico-poe-em-xeque-popularidade-de-pena-nieto\/#breadcrumb"},"inLanguage":"pt-BR","potentialAction":[{"@type":"ReadAction","target":["https:\/\/psol50.org.br\/mobilizacao-popular-no-mexico-poe-em-xeque-popularidade-de-pena-nieto\/"]}]},{"@type":"BreadcrumbList","@id":"https:\/\/psol50.org.br\/mobilizacao-popular-no-mexico-poe-em-xeque-popularidade-de-pena-nieto\/#breadcrumb","itemListElement":[{"@type":"ListItem","position":1,"name":"In\u00edcio","item":"https:\/\/psol50.org.br\/"},{"@type":"ListItem","position":2,"name":"Mobiliza\u00e7\u00e3o popular no M\u00e9xico p\u00f5e em xeque popularidade de Pe\u00f1a Nieto"}]},{"@type":"WebSite","@id":"https:\/\/psol50.org.br\/#website","url":"https:\/\/psol50.org.br\/","name":"PSOL 50","description":"Site oficial do Partido Socialismo e Liberdade","publisher":{"@id":"https:\/\/psol50.org.br\/#organization"},"alternateName":"PSOL50","potentialAction":[{"@type":"SearchAction","target":{"@type":"EntryPoint","urlTemplate":"https:\/\/psol50.org.br\/?s={search_term_string}"},"query-input":{"@type":"PropertyValueSpecification","valueRequired":true,"valueName":"search_term_string"}}],"inLanguage":"pt-BR"},{"@type":"Organization","@id":"https:\/\/psol50.org.br\/#organization","name":"PSOL 50","alternateName":"PSOL 50","url":"https:\/\/psol50.org.br\/","logo":{"@type":"ImageObject","inLanguage":"pt-BR","@id":"https:\/\/psol50.org.br\/#\/schema\/logo\/image\/","url":"https:\/\/psol50.org.br\/inc\/uploads\/2018\/07\/capa.png","contentUrl":"https:\/\/psol50.org.br\/inc\/uploads\/2018\/07\/capa.png","width":1350,"height":900,"caption":"PSOL 50"},"image":{"@id":"https:\/\/psol50.org.br\/#\/schema\/logo\/image\/"},"sameAs":["https:\/\/www.facebook.com\/psol50","https:\/\/x.com\/psol50","https:\/\/www.instagram.com\/psol50\/","https:\/\/www.youtube.com\/channel\/UC7SnJS5o1os7a6CaiNabzcg"]},{"@type":"Person","@id":"https:\/\/psol50.org.br\/#\/schema\/person\/475dfa57d0b815993c714c2e96491fcd","name":"Comunica\u00e7\u00e3o PSOL","image":{"@type":"ImageObject","inLanguage":"pt-BR","@id":"https:\/\/psol50.org.br\/#\/schema\/person\/image\/","url":"https:\/\/secure.gravatar.com\/avatar\/b34fc4f4e468a4e51785917065a3db57b841f5c95dba6ad8c73aaf8f66f8f9bf?s=96&d=mm&r=g","contentUrl":"https:\/\/secure.gravatar.com\/avatar\/b34fc4f4e468a4e51785917065a3db57b841f5c95dba6ad8c73aaf8f66f8f9bf?s=96&d=mm&r=g","caption":"Comunica\u00e7\u00e3o PSOL"}}]}},"_links":{"self":[{"href":"https:\/\/psol50.org.br\/rest\/wp\/v2\/posts\/3079","targetHints":{"allow":["GET"]}}],"collection":[{"href":"https:\/\/psol50.org.br\/rest\/wp\/v2\/posts"}],"about":[{"href":"https:\/\/psol50.org.br\/rest\/wp\/v2\/types\/post"}],"author":[{"embeddable":true,"href":"https:\/\/psol50.org.br\/rest\/wp\/v2\/users\/2"}],"replies":[{"embeddable":true,"href":"https:\/\/psol50.org.br\/rest\/wp\/v2\/comments?post=3079"}],"version-history":[{"count":0,"href":"https:\/\/psol50.org.br\/rest\/wp\/v2\/posts\/3079\/revisions"}],"wp:attachment":[{"href":"https:\/\/psol50.org.br\/rest\/wp\/v2\/media?parent=3079"}],"wp:term":[{"taxonomy":"category","embeddable":true,"href":"https:\/\/psol50.org.br\/rest\/wp\/v2\/categories?post=3079"},{"taxonomy":"post_tag","embeddable":true,"href":"https:\/\/psol50.org.br\/rest\/wp\/v2\/tags?post=3079"}],"curies":[{"name":"wp","href":"https:\/\/api.w.org\/{rel}","templated":true}]}}