{"id":30799,"date":"2020-09-18T13:32:55","date_gmt":"2020-09-18T16:32:55","guid":{"rendered":"https:\/\/psol50.org.br\/?p=30799"},"modified":"2020-09-18T13:32:55","modified_gmt":"2020-09-18T16:32:55","slug":"psol-pede-investigacao-do-mpf-sobre-documentos-classificados-pelo-governo-como-reservados-apos-questionamentos-do-partido","status":"publish","type":"post","link":"https:\/\/psol50.org.br\/psol-pede-investigacao-do-mpf-sobre-documentos-classificados-pelo-governo-como-reservados-apos-questionamentos-do-partido\/","title":{"rendered":"PSOL pede investiga\u00e7\u00e3o do MPF sobre documentos classificados pelo governo como reservados ap\u00f3s questionamentos do partido"},"content":{"rendered":"<p><a href=\"https:\/\/psol50.org.br\/rendajusta\/\" target=\"_blank\" rel=\"noopener noreferrer\"><img loading=\"lazy\" decoding=\"async\" class=\"alignnone size-full wp-image-30552\" src=\"https:\/\/psol50.org.br\/inc\/uploads\/2020\/08\/21-08-2020_LancamentoRendaJusta-2.png\" alt=\"\" width=\"1920\" height=\"383\" srcset=\"https:\/\/psol50.org.br\/inc\/uploads\/2020\/08\/21-08-2020_LancamentoRendaJusta-2.png 1920w, https:\/\/psol50.org.br\/inc\/uploads\/2020\/08\/21-08-2020_LancamentoRendaJusta-2-300x60.png 300w, https:\/\/psol50.org.br\/inc\/uploads\/2020\/08\/21-08-2020_LancamentoRendaJusta-2-1024x204.png 1024w, https:\/\/psol50.org.br\/inc\/uploads\/2020\/08\/21-08-2020_LancamentoRendaJusta-2-768x153.png 768w, https:\/\/psol50.org.br\/inc\/uploads\/2020\/08\/21-08-2020_LancamentoRendaJusta-2-1536x306.png 1536w, https:\/\/psol50.org.br\/inc\/uploads\/2020\/08\/21-08-2020_LancamentoRendaJusta-2-150x30.png 150w, https:\/\/psol50.org.br\/inc\/uploads\/2020\/08\/21-08-2020_LancamentoRendaJusta-2-696x139.png 696w, https:\/\/psol50.org.br\/inc\/uploads\/2020\/08\/21-08-2020_LancamentoRendaJusta-2-1068x213.png 1068w\" sizes=\"auto, (max-width: 1920px) 100vw, 1920px\" \/><\/a><\/p>\n<p>A bancada do PSOL protocolou uma representa\u00e7\u00e3o contra o Ministro das Rela\u00e7\u00f5es Exteriores, Ernesto Ara\u00fajo, na Procuradoria Federal dos Direitos do Cidad\u00e3o \u2013 Minist\u00e9rio P\u00fablico Federal e na Procuradoria da Rep\u00fablica do Distrito Federal, na \u00faltima quarta-feira (16). O partido questiona o fato do Itamaraty classificar como reservados \u2013 pelo per\u00edodo de cinco anos \u2013 documentos solicitados pela bancada que antes n\u00e3o tinham nenhum grau de sigilo.<\/p>\n<p>\u201cO Minist\u00e9rio das Rela\u00e7\u00f5es Exteriores imp\u00f5e classifica\u00e7\u00e3o posterior a expedientes, em uma tentativa sistem\u00e1tica e reiterada de omiss\u00e3o de documentos p\u00fablicos, violando o sistema de freios e contrapesos e a necess\u00e1ria fiscaliza\u00e7\u00e3o do poder Executivo pelo Congresso Nacional, al\u00e9m do direito ao acesso \u00e0 informa\u00e7\u00e3o da sociedade brasileira em geral\u201d, ressalta a bancada. Para o PSOL, a pr\u00e1tica \u00e9 ilegal e fere os princ\u00edpios constitucionais.<\/p>\n<p>As restri\u00e7\u00f5es de acesso aconteceram sobre o requerimento de informa\u00e7\u00e3o 784, do dia 9 de julho, que trata de v\u00e1rios assuntos sobre a pol\u00edtica externa brasileira, entre eles a atua\u00e7\u00e3o do Brasil nas Organiza\u00e7\u00f5es das Na\u00e7\u00f5es Unidas (ONU) sobre temas relacionados \u00e0 viol\u00eancia e discrimina\u00e7\u00e3o contra mulheres e meninas, al\u00e9m de aborto e direito \u00e0 sa\u00fade sexual e reprodutiva. Os documentos sobre a quest\u00e3o foram considerados reservados nos dias 16 de julho e 12 e 21 de agosto.<\/p>\n<p>Situa\u00e7\u00e3o semelhante aconteceu tamb\u00e9m em rela\u00e7\u00e3o ao requerimento 855, de 22 de julho, que trata da elei\u00e7\u00e3o no Banco Interamericano de Desenvolvimento (BID). Documentos solicitados foram classificados como reservados dias antes das respostas do Itamaraty serem enviadas para a bancada.<\/p>\n<p>Na representa\u00e7\u00e3o, a bancada do PSOL tamb\u00e9m solicita ao MPF a imediata desclassifica\u00e7\u00e3o do sigilo aos documentos.<\/p>\n<p><a href=\"https:\/\/impeachmentpopular.com.br\/\" target=\"_blank\" rel=\"noopener noreferrer\"><img loading=\"lazy\" decoding=\"async\" class=\"alignnone size-full wp-image-29118\" src=\"https:\/\/psol50.org.br\/inc\/uploads\/2020\/05\/Email_Impeachment.png\" alt=\"\" width=\"1080\" height=\"250\" srcset=\"https:\/\/psol50.org.br\/inc\/uploads\/2020\/05\/Email_Impeachment.png 1080w, https:\/\/psol50.org.br\/inc\/uploads\/2020\/05\/Email_Impeachment-300x69.png 300w, https:\/\/psol50.org.br\/inc\/uploads\/2020\/05\/Email_Impeachment-1024x237.png 1024w, https:\/\/psol50.org.br\/inc\/uploads\/2020\/05\/Email_Impeachment-768x178.png 768w, https:\/\/psol50.org.br\/inc\/uploads\/2020\/05\/Email_Impeachment-150x35.png 150w, https:\/\/psol50.org.br\/inc\/uploads\/2020\/05\/Email_Impeachment-696x161.png 696w, https:\/\/psol50.org.br\/inc\/uploads\/2020\/05\/Email_Impeachment-1068x247.png 1068w\" sizes=\"auto, (max-width: 1080px) 100vw, 1080px\" \/><\/a><\/p>\n","protected":false},"excerpt":{"rendered":"<p>A bancada do PSOL protocolou uma representa\u00e7\u00e3o contra o Ministro das Rela\u00e7\u00f5es Exteriores, Ernesto Ara\u00fajo, na Procuradoria Federal dos Direitos do Cidad\u00e3o \u2013 Minist\u00e9rio P\u00fablico Federal e na Procuradoria da Rep\u00fablica do Distrito Federal, na \u00faltima quarta-feira (16). O partido questiona o fato do Itamaraty classificar como reservados \u2013 pelo per\u00edodo de cinco anos \u2013 [&hellip;]<\/p>\n","protected":false},"author":2,"featured_media":26791,"comment_status":"closed","ping_status":"open","sticky":false,"template":"","format":"standard","meta":{"_acf_changed":false,"footnotes":""},"categories":[10,6],"tags":[600,423,76,22,546],"class_list":{"0":"post-30799","1":"post","2":"type-post","3":"status-publish","4":"format-standard","5":"has-post-thumbnail","7":"category-acao-parlamentares","8":"category-noticias","9":"tag-ernesto-araujo","10":"tag-itamaraty","11":"tag-mpf","12":"tag-psol","13":"tag-relacoes-exteriores"},"acf":[],"yoast_head":"<!-- This site is optimized with the Yoast SEO plugin v26.5 - https:\/\/yoast.com\/wordpress\/plugins\/seo\/ -->\n<title>PSOL pede investiga\u00e7\u00e3o do MPF sobre documentos classificados pelo governo como reservados ap\u00f3s questionamentos do partido<\/title>\n<meta name=\"description\" content=\"O partido questiona o fato do Itamaraty classificar como reservados documentos solicitados que antes n\u00e3o tinham nenhum grau de sigilo.\" \/>\n<meta name=\"robots\" content=\"index, follow, max-snippet:-1, max-image-preview:large, max-video-preview:-1\" \/>\n<link rel=\"canonical\" href=\"https:\/\/psol50.org.br\/psol-pede-investigacao-do-mpf-sobre-documentos-classificados-pelo-governo-como-reservados-apos-questionamentos-do-partido\/\" \/>\n<meta property=\"og:locale\" content=\"pt_BR\" \/>\n<meta property=\"og:type\" content=\"article\" \/>\n<meta property=\"og:title\" content=\"PSOL pede investiga\u00e7\u00e3o do MPF sobre documentos classificados pelo governo como reservados ap\u00f3s questionamentos do partido\" \/>\n<meta property=\"og:description\" content=\"O partido questiona o fato do Itamaraty classificar como reservados documentos solicitados que antes n\u00e3o tinham nenhum grau de sigilo.\" \/>\n<meta property=\"og:url\" content=\"https:\/\/psol50.org.br\/psol-pede-investigacao-do-mpf-sobre-documentos-classificados-pelo-governo-como-reservados-apos-questionamentos-do-partido\/\" \/>\n<meta property=\"og:site_name\" content=\"PSOL 50\" \/>\n<meta property=\"article:publisher\" content=\"https:\/\/www.facebook.com\/psol50\" \/>\n<meta property=\"article:published_time\" content=\"2020-09-18T16:32:55+00:00\" \/>\n<meta property=\"og:image\" content=\"https:\/\/psol50.org.br\/inc\/uploads\/2019\/10\/bolsonaro-ernesto-araujo-1-868x644-1.jpeg\" \/>\n\t<meta property=\"og:image:width\" content=\"868\" \/>\n\t<meta property=\"og:image:height\" content=\"644\" \/>\n\t<meta property=\"og:image:type\" content=\"image\/jpeg\" \/>\n<meta name=\"author\" content=\"Comunica\u00e7\u00e3o PSOL\" \/>\n<meta name=\"twitter:card\" content=\"summary_large_image\" \/>\n<meta name=\"twitter:title\" content=\"PSOL pede investiga\u00e7\u00e3o do MPF sobre documentos classificados pelo governo como reservados ap\u00f3s questionamentos do partido\" \/>\n<meta name=\"twitter:description\" content=\"O partido questiona o fato do Itamaraty classificar como reservados documentos solicitados que antes n\u00e3o tinham nenhum grau de sigilo.\" \/>\n<meta name=\"twitter:image\" content=\"https:\/\/psol50.org.br\/inc\/uploads\/2019\/10\/bolsonaro-ernesto-araujo-1-868x644-1.jpeg\" \/>\n<meta name=\"twitter:creator\" content=\"@psol50\" \/>\n<meta name=\"twitter:site\" content=\"@psol50\" \/>\n<meta name=\"twitter:label1\" content=\"Escrito por\" \/>\n\t<meta name=\"twitter:data1\" content=\"Comunica\u00e7\u00e3o PSOL\" \/>\n\t<meta name=\"twitter:label2\" content=\"Est. tempo de leitura\" \/>\n\t<meta name=\"twitter:data2\" content=\"1 minuto\" \/>\n<script type=\"application\/ld+json\" class=\"yoast-schema-graph\">{\"@context\":\"https:\/\/schema.org\",\"@graph\":[{\"@type\":\"Article\",\"@id\":\"https:\/\/psol50.org.br\/psol-pede-investigacao-do-mpf-sobre-documentos-classificados-pelo-governo-como-reservados-apos-questionamentos-do-partido\/#article\",\"isPartOf\":{\"@id\":\"https:\/\/psol50.org.br\/psol-pede-investigacao-do-mpf-sobre-documentos-classificados-pelo-governo-como-reservados-apos-questionamentos-do-partido\/\"},\"author\":{\"name\":\"Comunica\u00e7\u00e3o PSOL\",\"@id\":\"https:\/\/psol50.org.br\/#\/schema\/person\/475dfa57d0b815993c714c2e96491fcd\"},\"headline\":\"PSOL pede investiga\u00e7\u00e3o do MPF sobre documentos classificados pelo governo como reservados ap\u00f3s questionamentos do partido\",\"datePublished\":\"2020-09-18T16:32:55+00:00\",\"mainEntityOfPage\":{\"@id\":\"https:\/\/psol50.org.br\/psol-pede-investigacao-do-mpf-sobre-documentos-classificados-pelo-governo-como-reservados-apos-questionamentos-do-partido\/\"},\"wordCount\":311,\"publisher\":{\"@id\":\"https:\/\/psol50.org.br\/#organization\"},\"image\":{\"@id\":\"https:\/\/psol50.org.br\/psol-pede-investigacao-do-mpf-sobre-documentos-classificados-pelo-governo-como-reservados-apos-questionamentos-do-partido\/#primaryimage\"},\"thumbnailUrl\":\"https:\/\/psol50.org.br\/inc\/uploads\/2019\/10\/bolsonaro-ernesto-araujo-1-868x644-1.jpeg\",\"keywords\":[\"ernesto ara\u00fajo\",\"itamaraty\",\"MPF\",\"PSOL\",\"rela\u00e7\u00f5es exteriores\"],\"articleSection\":[\"A\u00e7\u00e3o Parlamentar\",\"Not\u00edcias\"],\"inLanguage\":\"pt-BR\"},{\"@type\":\"WebPage\",\"@id\":\"https:\/\/psol50.org.br\/psol-pede-investigacao-do-mpf-sobre-documentos-classificados-pelo-governo-como-reservados-apos-questionamentos-do-partido\/\",\"url\":\"https:\/\/psol50.org.br\/psol-pede-investigacao-do-mpf-sobre-documentos-classificados-pelo-governo-como-reservados-apos-questionamentos-do-partido\/\",\"name\":\"PSOL pede investiga\u00e7\u00e3o do MPF sobre documentos classificados pelo governo como reservados ap\u00f3s questionamentos do partido\",\"isPartOf\":{\"@id\":\"https:\/\/psol50.org.br\/#website\"},\"primaryImageOfPage\":{\"@id\":\"https:\/\/psol50.org.br\/psol-pede-investigacao-do-mpf-sobre-documentos-classificados-pelo-governo-como-reservados-apos-questionamentos-do-partido\/#primaryimage\"},\"image\":{\"@id\":\"https:\/\/psol50.org.br\/psol-pede-investigacao-do-mpf-sobre-documentos-classificados-pelo-governo-como-reservados-apos-questionamentos-do-partido\/#primaryimage\"},\"thumbnailUrl\":\"https:\/\/psol50.org.br\/inc\/uploads\/2019\/10\/bolsonaro-ernesto-araujo-1-868x644-1.jpeg\",\"datePublished\":\"2020-09-18T16:32:55+00:00\",\"description\":\"O partido questiona o fato do Itamaraty classificar como reservados documentos solicitados que antes n\u00e3o tinham nenhum grau de sigilo.\",\"breadcrumb\":{\"@id\":\"https:\/\/psol50.org.br\/psol-pede-investigacao-do-mpf-sobre-documentos-classificados-pelo-governo-como-reservados-apos-questionamentos-do-partido\/#breadcrumb\"},\"inLanguage\":\"pt-BR\",\"potentialAction\":[{\"@type\":\"ReadAction\",\"target\":[\"https:\/\/psol50.org.br\/psol-pede-investigacao-do-mpf-sobre-documentos-classificados-pelo-governo-como-reservados-apos-questionamentos-do-partido\/\"]}]},{\"@type\":\"ImageObject\",\"inLanguage\":\"pt-BR\",\"@id\":\"https:\/\/psol50.org.br\/psol-pede-investigacao-do-mpf-sobre-documentos-classificados-pelo-governo-como-reservados-apos-questionamentos-do-partido\/#primaryimage\",\"url\":\"https:\/\/psol50.org.br\/inc\/uploads\/2019\/10\/bolsonaro-ernesto-araujo-1-868x644-1.jpeg\",\"contentUrl\":\"https:\/\/psol50.org.br\/inc\/uploads\/2019\/10\/bolsonaro-ernesto-araujo-1-868x644-1.jpeg\",\"width\":868,\"height\":644,\"caption\":\"Foto: S\u00e9rgio Lima\/Poder360\"},{\"@type\":\"BreadcrumbList\",\"@id\":\"https:\/\/psol50.org.br\/psol-pede-investigacao-do-mpf-sobre-documentos-classificados-pelo-governo-como-reservados-apos-questionamentos-do-partido\/#breadcrumb\",\"itemListElement\":[{\"@type\":\"ListItem\",\"position\":1,\"name\":\"In\u00edcio\",\"item\":\"https:\/\/psol50.org.br\/\"},{\"@type\":\"ListItem\",\"position\":2,\"name\":\"PSOL pede investiga\u00e7\u00e3o do MPF sobre documentos classificados pelo governo como reservados ap\u00f3s questionamentos do partido\"}]},{\"@type\":\"WebSite\",\"@id\":\"https:\/\/psol50.org.br\/#website\",\"url\":\"https:\/\/psol50.org.br\/\",\"name\":\"PSOL 50\",\"description\":\"Site oficial do Partido Socialismo e Liberdade\",\"publisher\":{\"@id\":\"https:\/\/psol50.org.br\/#organization\"},\"alternateName\":\"PSOL50\",\"potentialAction\":[{\"@type\":\"SearchAction\",\"target\":{\"@type\":\"EntryPoint\",\"urlTemplate\":\"https:\/\/psol50.org.br\/?s={search_term_string}\"},\"query-input\":{\"@type\":\"PropertyValueSpecification\",\"valueRequired\":true,\"valueName\":\"search_term_string\"}}],\"inLanguage\":\"pt-BR\"},{\"@type\":\"Organization\",\"@id\":\"https:\/\/psol50.org.br\/#organization\",\"name\":\"PSOL 50\",\"alternateName\":\"PSOL 50\",\"url\":\"https:\/\/psol50.org.br\/\",\"logo\":{\"@type\":\"ImageObject\",\"inLanguage\":\"pt-BR\",\"@id\":\"https:\/\/psol50.org.br\/#\/schema\/logo\/image\/\",\"url\":\"https:\/\/psol50.org.br\/inc\/uploads\/2018\/07\/capa.png\",\"contentUrl\":\"https:\/\/psol50.org.br\/inc\/uploads\/2018\/07\/capa.png\",\"width\":1350,\"height\":900,\"caption\":\"PSOL 50\"},\"image\":{\"@id\":\"https:\/\/psol50.org.br\/#\/schema\/logo\/image\/\"},\"sameAs\":[\"https:\/\/www.facebook.com\/psol50\",\"https:\/\/x.com\/psol50\",\"https:\/\/www.instagram.com\/psol50\/\",\"https:\/\/www.youtube.com\/channel\/UC7SnJS5o1os7a6CaiNabzcg\"]},{\"@type\":\"Person\",\"@id\":\"https:\/\/psol50.org.br\/#\/schema\/person\/475dfa57d0b815993c714c2e96491fcd\",\"name\":\"Comunica\u00e7\u00e3o PSOL\",\"image\":{\"@type\":\"ImageObject\",\"inLanguage\":\"pt-BR\",\"@id\":\"https:\/\/psol50.org.br\/#\/schema\/person\/image\/\",\"url\":\"https:\/\/secure.gravatar.com\/avatar\/b34fc4f4e468a4e51785917065a3db57b841f5c95dba6ad8c73aaf8f66f8f9bf?s=96&d=mm&r=g\",\"contentUrl\":\"https:\/\/secure.gravatar.com\/avatar\/b34fc4f4e468a4e51785917065a3db57b841f5c95dba6ad8c73aaf8f66f8f9bf?s=96&d=mm&r=g\",\"caption\":\"Comunica\u00e7\u00e3o PSOL\"}}]}<\/script>\n<!-- \/ Yoast SEO plugin. -->","yoast_head_json":{"title":"PSOL pede investiga\u00e7\u00e3o do MPF sobre documentos classificados pelo governo como reservados ap\u00f3s questionamentos do partido","description":"O partido questiona o fato do Itamaraty classificar como reservados documentos solicitados que antes n\u00e3o tinham nenhum grau de sigilo.","robots":{"index":"index","follow":"follow","max-snippet":"max-snippet:-1","max-image-preview":"max-image-preview:large","max-video-preview":"max-video-preview:-1"},"canonical":"https:\/\/psol50.org.br\/psol-pede-investigacao-do-mpf-sobre-documentos-classificados-pelo-governo-como-reservados-apos-questionamentos-do-partido\/","og_locale":"pt_BR","og_type":"article","og_title":"PSOL pede investiga\u00e7\u00e3o do MPF sobre documentos classificados pelo governo como reservados ap\u00f3s questionamentos do partido","og_description":"O partido questiona o fato do Itamaraty classificar como reservados documentos solicitados que antes n\u00e3o tinham nenhum grau de sigilo.","og_url":"https:\/\/psol50.org.br\/psol-pede-investigacao-do-mpf-sobre-documentos-classificados-pelo-governo-como-reservados-apos-questionamentos-do-partido\/","og_site_name":"PSOL 50","article_publisher":"https:\/\/www.facebook.com\/psol50","article_published_time":"2020-09-18T16:32:55+00:00","og_image":[{"width":868,"height":644,"url":"https:\/\/psol50.org.br\/inc\/uploads\/2019\/10\/bolsonaro-ernesto-araujo-1-868x644-1.jpeg","type":"image\/jpeg"}],"author":"Comunica\u00e7\u00e3o PSOL","twitter_card":"summary_large_image","twitter_title":"PSOL pede investiga\u00e7\u00e3o do MPF sobre documentos classificados pelo governo como reservados ap\u00f3s questionamentos do partido","twitter_description":"O partido questiona o fato do Itamaraty classificar como reservados documentos solicitados que antes n\u00e3o tinham nenhum grau de sigilo.","twitter_image":"https:\/\/psol50.org.br\/inc\/uploads\/2019\/10\/bolsonaro-ernesto-araujo-1-868x644-1.jpeg","twitter_creator":"@psol50","twitter_site":"@psol50","twitter_misc":{"Escrito por":"Comunica\u00e7\u00e3o PSOL","Est. tempo de leitura":"1 minuto"},"schema":{"@context":"https:\/\/schema.org","@graph":[{"@type":"Article","@id":"https:\/\/psol50.org.br\/psol-pede-investigacao-do-mpf-sobre-documentos-classificados-pelo-governo-como-reservados-apos-questionamentos-do-partido\/#article","isPartOf":{"@id":"https:\/\/psol50.org.br\/psol-pede-investigacao-do-mpf-sobre-documentos-classificados-pelo-governo-como-reservados-apos-questionamentos-do-partido\/"},"author":{"name":"Comunica\u00e7\u00e3o PSOL","@id":"https:\/\/psol50.org.br\/#\/schema\/person\/475dfa57d0b815993c714c2e96491fcd"},"headline":"PSOL pede investiga\u00e7\u00e3o do MPF sobre documentos classificados pelo governo como reservados ap\u00f3s questionamentos do partido","datePublished":"2020-09-18T16:32:55+00:00","mainEntityOfPage":{"@id":"https:\/\/psol50.org.br\/psol-pede-investigacao-do-mpf-sobre-documentos-classificados-pelo-governo-como-reservados-apos-questionamentos-do-partido\/"},"wordCount":311,"publisher":{"@id":"https:\/\/psol50.org.br\/#organization"},"image":{"@id":"https:\/\/psol50.org.br\/psol-pede-investigacao-do-mpf-sobre-documentos-classificados-pelo-governo-como-reservados-apos-questionamentos-do-partido\/#primaryimage"},"thumbnailUrl":"https:\/\/psol50.org.br\/inc\/uploads\/2019\/10\/bolsonaro-ernesto-araujo-1-868x644-1.jpeg","keywords":["ernesto ara\u00fajo","itamaraty","MPF","PSOL","rela\u00e7\u00f5es exteriores"],"articleSection":["A\u00e7\u00e3o Parlamentar","Not\u00edcias"],"inLanguage":"pt-BR"},{"@type":"WebPage","@id":"https:\/\/psol50.org.br\/psol-pede-investigacao-do-mpf-sobre-documentos-classificados-pelo-governo-como-reservados-apos-questionamentos-do-partido\/","url":"https:\/\/psol50.org.br\/psol-pede-investigacao-do-mpf-sobre-documentos-classificados-pelo-governo-como-reservados-apos-questionamentos-do-partido\/","name":"PSOL pede investiga\u00e7\u00e3o do MPF sobre documentos classificados pelo governo como reservados ap\u00f3s questionamentos do partido","isPartOf":{"@id":"https:\/\/psol50.org.br\/#website"},"primaryImageOfPage":{"@id":"https:\/\/psol50.org.br\/psol-pede-investigacao-do-mpf-sobre-documentos-classificados-pelo-governo-como-reservados-apos-questionamentos-do-partido\/#primaryimage"},"image":{"@id":"https:\/\/psol50.org.br\/psol-pede-investigacao-do-mpf-sobre-documentos-classificados-pelo-governo-como-reservados-apos-questionamentos-do-partido\/#primaryimage"},"thumbnailUrl":"https:\/\/psol50.org.br\/inc\/uploads\/2019\/10\/bolsonaro-ernesto-araujo-1-868x644-1.jpeg","datePublished":"2020-09-18T16:32:55+00:00","description":"O partido questiona o fato do Itamaraty classificar como reservados documentos solicitados que antes n\u00e3o tinham nenhum grau de sigilo.","breadcrumb":{"@id":"https:\/\/psol50.org.br\/psol-pede-investigacao-do-mpf-sobre-documentos-classificados-pelo-governo-como-reservados-apos-questionamentos-do-partido\/#breadcrumb"},"inLanguage":"pt-BR","potentialAction":[{"@type":"ReadAction","target":["https:\/\/psol50.org.br\/psol-pede-investigacao-do-mpf-sobre-documentos-classificados-pelo-governo-como-reservados-apos-questionamentos-do-partido\/"]}]},{"@type":"ImageObject","inLanguage":"pt-BR","@id":"https:\/\/psol50.org.br\/psol-pede-investigacao-do-mpf-sobre-documentos-classificados-pelo-governo-como-reservados-apos-questionamentos-do-partido\/#primaryimage","url":"https:\/\/psol50.org.br\/inc\/uploads\/2019\/10\/bolsonaro-ernesto-araujo-1-868x644-1.jpeg","contentUrl":"https:\/\/psol50.org.br\/inc\/uploads\/2019\/10\/bolsonaro-ernesto-araujo-1-868x644-1.jpeg","width":868,"height":644,"caption":"Foto: S\u00e9rgio Lima\/Poder360"},{"@type":"BreadcrumbList","@id":"https:\/\/psol50.org.br\/psol-pede-investigacao-do-mpf-sobre-documentos-classificados-pelo-governo-como-reservados-apos-questionamentos-do-partido\/#breadcrumb","itemListElement":[{"@type":"ListItem","position":1,"name":"In\u00edcio","item":"https:\/\/psol50.org.br\/"},{"@type":"ListItem","position":2,"name":"PSOL pede investiga\u00e7\u00e3o do MPF sobre documentos classificados pelo governo como reservados ap\u00f3s questionamentos do partido"}]},{"@type":"WebSite","@id":"https:\/\/psol50.org.br\/#website","url":"https:\/\/psol50.org.br\/","name":"PSOL 50","description":"Site oficial do Partido Socialismo e Liberdade","publisher":{"@id":"https:\/\/psol50.org.br\/#organization"},"alternateName":"PSOL50","potentialAction":[{"@type":"SearchAction","target":{"@type":"EntryPoint","urlTemplate":"https:\/\/psol50.org.br\/?s={search_term_string}"},"query-input":{"@type":"PropertyValueSpecification","valueRequired":true,"valueName":"search_term_string"}}],"inLanguage":"pt-BR"},{"@type":"Organization","@id":"https:\/\/psol50.org.br\/#organization","name":"PSOL 50","alternateName":"PSOL 50","url":"https:\/\/psol50.org.br\/","logo":{"@type":"ImageObject","inLanguage":"pt-BR","@id":"https:\/\/psol50.org.br\/#\/schema\/logo\/image\/","url":"https:\/\/psol50.org.br\/inc\/uploads\/2018\/07\/capa.png","contentUrl":"https:\/\/psol50.org.br\/inc\/uploads\/2018\/07\/capa.png","width":1350,"height":900,"caption":"PSOL 50"},"image":{"@id":"https:\/\/psol50.org.br\/#\/schema\/logo\/image\/"},"sameAs":["https:\/\/www.facebook.com\/psol50","https:\/\/x.com\/psol50","https:\/\/www.instagram.com\/psol50\/","https:\/\/www.youtube.com\/channel\/UC7SnJS5o1os7a6CaiNabzcg"]},{"@type":"Person","@id":"https:\/\/psol50.org.br\/#\/schema\/person\/475dfa57d0b815993c714c2e96491fcd","name":"Comunica\u00e7\u00e3o PSOL","image":{"@type":"ImageObject","inLanguage":"pt-BR","@id":"https:\/\/psol50.org.br\/#\/schema\/person\/image\/","url":"https:\/\/secure.gravatar.com\/avatar\/b34fc4f4e468a4e51785917065a3db57b841f5c95dba6ad8c73aaf8f66f8f9bf?s=96&d=mm&r=g","contentUrl":"https:\/\/secure.gravatar.com\/avatar\/b34fc4f4e468a4e51785917065a3db57b841f5c95dba6ad8c73aaf8f66f8f9bf?s=96&d=mm&r=g","caption":"Comunica\u00e7\u00e3o PSOL"}}]}},"_links":{"self":[{"href":"https:\/\/psol50.org.br\/rest\/wp\/v2\/posts\/30799","targetHints":{"allow":["GET"]}}],"collection":[{"href":"https:\/\/psol50.org.br\/rest\/wp\/v2\/posts"}],"about":[{"href":"https:\/\/psol50.org.br\/rest\/wp\/v2\/types\/post"}],"author":[{"embeddable":true,"href":"https:\/\/psol50.org.br\/rest\/wp\/v2\/users\/2"}],"replies":[{"embeddable":true,"href":"https:\/\/psol50.org.br\/rest\/wp\/v2\/comments?post=30799"}],"version-history":[{"count":0,"href":"https:\/\/psol50.org.br\/rest\/wp\/v2\/posts\/30799\/revisions"}],"wp:featuredmedia":[{"embeddable":true,"href":"https:\/\/psol50.org.br\/rest\/wp\/v2\/media\/26791"}],"wp:attachment":[{"href":"https:\/\/psol50.org.br\/rest\/wp\/v2\/media?parent=30799"}],"wp:term":[{"taxonomy":"category","embeddable":true,"href":"https:\/\/psol50.org.br\/rest\/wp\/v2\/categories?post=30799"},{"taxonomy":"post_tag","embeddable":true,"href":"https:\/\/psol50.org.br\/rest\/wp\/v2\/tags?post=30799"}],"curies":[{"name":"wp","href":"https:\/\/api.w.org\/{rel}","templated":true}]}}