{"id":3082,"date":"2014-12-04T00:00:00","date_gmt":"2014-12-04T17:17:08","guid":{"rendered":"http:\/\/psol50.org.br\/arquivo\/2014\/12\/04\/com-criticas-do-psol-governo-federal-mantem-sua-submissao-ao-mercado-financeiro\/"},"modified":"2014-12-04T00:00:00","modified_gmt":"2014-12-04T17:17:08","slug":"com-criticas-do-psol-governo-federal-mantem-sua-submissao-ao-mercado-financeiro","status":"publish","type":"post","link":"https:\/\/psol50.org.br\/com-criticas-do-psol-governo-federal-mantem-sua-submissao-ao-mercado-financeiro\/","title":{"rendered":"Com cr\u00edticas do PSOL, governo federal mant\u00e9m sua submiss\u00e3o ao mercado financeiro"},"content":{"rendered":"<div style=\"text-align: justify;\">\n\tO PSOL sempre votou contra cortes de gastos p\u00fablicos e medidas que visam aumentar o super\u00e1vit prim\u00e1rio. E manteve sua coer\u00eancia durante as 19 horas de sess\u00e3o do Congresso Nacional, encerrada na madrugada desta quinta-feira (04), quando foi votado o projeto que altera o super\u00e1vit prim\u00e1rio.<br \/>\n\t&nbsp;<br \/>\n\tA vota\u00e7\u00e3o do Projeto de Lei (PLN) 36\/14, que muda a Lei de Diretrizes Or\u00e7ament\u00e1rias (LDO) de 2014 para alterar a forma de c\u00e1lculo do super\u00e1vit prim\u00e1rio, estava h\u00e1 semanas na pauta, provocou \u00e2nimos exaltados entre parlamentares e confus\u00e3o na galeria do Plen\u00e1rio da C\u00e2mara, na \u00faltima ter\u00e7a-feira (02). &nbsp;O PL garante ao governo a possibilidade de usar mais que o limite atual de R$ 67 bilh\u00f5es para abater despesas a fim de chegar \u00e0 meta de resultado fiscal, fixada em R$ 116 bilh\u00f5es. Todos os gastos com a\u00e7\u00f5es do Programa de Acelera\u00e7\u00e3o do Crescimento (R$ 51,5 bilh\u00f5es at\u00e9 novembro) e com as desonera\u00e7\u00f5es tribut\u00e1rias a diversos setores da economia (R$ 75,1 bilh\u00f5es), aprovados no Congresso, poder\u00e3o ser deduzidos da meta.<br \/>\n\t&nbsp;<br \/>\n\tDe acordo com o l\u00edder do PSOL na C\u00e2mara, deputado Ivan Valente, a quest\u00e3o central n\u00e3o \u00e9 a flexibiliza\u00e7\u00e3o da meta de super\u00e1vit, mas a submiss\u00e3o do governo federal \u00e0s imposi\u00e7\u00f5es do mercado nacional e internacional. \u201cN\u00f3s somos contr\u00e1rios \u00e0 linha de ajuste fiscal. Um controle fiscal rigoroso, que significa cortes nos gastos p\u00fablicos e mais arrocho em 2015, o que certamente levar\u00e1 a mais demiss\u00f5es, aumento de juros e recess\u00e3o\u201d, afirmou.&nbsp;<br \/>\n\t&nbsp;<br \/>\n\tA equipe econ\u00f4mica do novo mandato da presidente Dilma Roussef j\u00e1 sinalizou nesse sentido, indicando tamb\u00e9m 1,2% de super\u00e1vit prim\u00e1rio para o pr\u00f3ximo ano e 2% em 2016 e 2017 \u2013 o super\u00e1vit \u00e9 usado para pagar juros e amortiza\u00e7\u00f5es da d\u00edvida p\u00fablica. \u201cN\u00f3s queremos super\u00e1vit zero. Super\u00e1vit prim\u00e1rio \u00e9 uma categoria econ\u00f4mica inventada pelo Fundo Monet\u00e1rio Internacional para os pa\u00edses dependentes. O Brasil j\u00e1 reservou nesse Or\u00e7amento R$ 910 bilh\u00f5es para pagar juros e amortiza\u00e7\u00f5es\u201d.&nbsp;<br \/>\n\t&nbsp;<br \/>\n\tO PSOL \u00e9 contr\u00e1rio ao trip\u00e9 econ\u00f4mico assumido pelo governo federal \u2013 super\u00e1vit, c\u00e2mbio flutuante e meta de infla\u00e7\u00e3o. O l\u00edder Ivan Valente esclarece que o partido \u00e9 favor do controle da infla\u00e7\u00e3o, mas n\u00e3o pelos m\u00e9todos adotados pelo Executivo. \u201cEm vez de n\u00f3s dedicarmos a grande parte do Or\u00e7amento para setores estrat\u00e9gicos, como 10% do PIB para a educa\u00e7\u00e3o p\u00fablica, para fortalecer o Sistema \u00danico de Sa\u00fade, o transporte coletivo de massa, uma pol\u00edtica massiva de habita\u00e7\u00e3o e infraestrutura para o Pa\u00eds, prefere-se agradar o mercado\u201d, avaliou o deputado, referindo-se tanto ao governo do PT como a partidos da oposi\u00e7\u00e3o conservadora.<br \/>\n\t&nbsp;<br \/>\n\tIvan Valente disse ainda que o PSOL sempre votou contra as desonera\u00e7\u00f5es para diversos setores da economia e os empr\u00e9stimos concedidos pelo Banco Nacional de Desenvolvimento (BNDES) a grandes grupos econ\u00f4micos, medidas aprovadas no Parlamento. \u201c\u00c9 por isso que tem rombo de contas p\u00fablicas, e n\u00e3o rendeu porque n\u00e3o houve reinvestimento para gera\u00e7\u00e3o de emprego e distribui\u00e7\u00e3o de renda\u201d.<br \/>\n\t&nbsp;<br \/>\n\tO senador Randolfe Rodrigues disse que o debate em torno do PLN \u00e9, na verdade, sobre o modelo de desenvolvimento que se quer para o Brasil. \u201cSe \u00e9 um modelo de desenvolvimento que quer a desindustrializa\u00e7\u00e3o ou se \u00e9 um modelo de desenvolvimento que quer se apoiar na ind\u00fastria de base nacional, que quer se apoiar no com\u00e9rcio. Querem, na verdade, fazer valer uma m\u00e1xima no pa\u00eds com alta taxa de juros, c\u00e2mbio supervalorizado e inibi\u00e7\u00e3o de consumo. Propaga-se o ultraliberalismo no Brasil. Mas, quando h\u00e1 crises no Brasil, se alterna isso com pol\u00edticas de interven\u00e7\u00e3o do Estado\u201d, afirmou.<br \/>\n\t&nbsp;<br \/>\n\t\u201cN\u00f3s queremos apostar nas pol\u00edticas de interven\u00e7\u00e3o do Estado, nas pol\u00edticas sociais, nas pol\u00edticas de aporte do Governo. N\u00f3s queremos apostar numa pol\u00edtica de inser\u00e7\u00e3o soberana do Brasil. \u00c9 neste Pa\u00eds que n\u00f3s queremos apostar. N\u00f3s n\u00e3o queremos apostar em um pa\u00eds que quer ser submisso aos mercados internacionais, em um pa\u00eds que n\u00e3o deu certo, principalmente nos anos 1990, quando foi dependente do Fundo Monet\u00e1rio Internacional\u201d, completou o senador.<br \/>\n\t&nbsp;<br \/>\n\tA vota\u00e7\u00e3o do PLN 36 ainda n\u00e3o foi conclu\u00edda. Resta um destaque para ser votado. Nova sess\u00e3o foi marcada para a pr\u00f3xima ter\u00e7a-feira, 9.<br \/>\n\t&nbsp;<br \/>\n\t<strong>Manifesta\u00e7\u00e3o e confus\u00e3o<\/strong><br \/>\n\tO PSOL criticou a decis\u00e3o do presidente do Congresso, Renan Calheiros, de barrar a entrada de pessoas nas galerias do Plen\u00e1rio, por causa da confus\u00e3o acontecida no dia anterior, na ter\u00e7a-feira (02). Na ocasi\u00e3o, cerca de 25 manifestantes de oposi\u00e7\u00e3o ao governo gritaram, vaiaram ou ovacionaram as falas dos parlamentares. Em determinado momento, ofenderam a senadora Vanessa Grazziotin, e Renan Calheiros determinou que a galeria fosse esvaziada. Houve conflito entre manifestantes e a seguran\u00e7a do Congresso.<br \/>\n\t&nbsp;<br \/>\n\tO deputado Ivan Valente disse que \u00e9 um precedente ruim para o Congresso reunir-se sem a presen\u00e7a de pessoas que v\u00eam assistir \u00e0s vota\u00e7\u00f5es. Para ele, era preciso negociar com os manifestantes que t\u00eam o direito em qualquer vota\u00e7\u00e3o, e n\u00e3o apenas as que agradam o governo. \u201cNunca vi pessoas se manifestarem antes por mais superavit, por arrocho e economia de gastos. Se manifestam por sa\u00fade, por educa\u00e7\u00e3o, mas \u00e9 um direito de quem se manifesta\u201d.&nbsp;<br \/>\n\t&nbsp;<br \/>\n\tO deputado Chico Alencar defendeu uma galeria aberta e democr\u00e1tica. \u201cAqui \u00e9 o espa\u00e7o do conflito civilizado, da diverg\u00eancia radical de ideias, projetos e propostas. E \u00e9 evidente que \u00e9 preciso ter um ambiente de disputa, de di\u00e1logo, de conversa, de audi\u00eancia para que isso aconte\u00e7a. A galeria d\u00e1 \u00e2nimo, seiva e vida. N\u00f3s entendemos que elas repletas, como as audi\u00eancias p\u00fablicas, valorizam a nossa atividade\u201d.<br \/>\n\t&nbsp;<\/div>\n<p>&nbsp;<\/p>\n","protected":false},"excerpt":{"rendered":"<p>Congresso aprova projeto que altera super\u00e1vit prim\u00e1rio<\/p>\n","protected":false},"author":2,"featured_media":0,"comment_status":"open","ping_status":"open","sticky":false,"template":"","format":"standard","meta":{"_acf_changed":false,"footnotes":""},"categories":[4766,6],"tags":[22],"class_list":{"0":"post-3082","1":"post","2":"type-post","3":"status-publish","4":"format-standard","6":"category-arquivo","7":"category-noticias","8":"tag-psol"},"acf":[],"yoast_head":"<!-- This site is optimized with the Yoast SEO plugin v26.5 - https:\/\/yoast.com\/wordpress\/plugins\/seo\/ -->\n<title>Com cr\u00edticas do PSOL, governo federal mant\u00e9m sua submiss\u00e3o ao mercado financeiro - PSOL 50<\/title>\n<meta name=\"robots\" content=\"index, follow, max-snippet:-1, max-image-preview:large, max-video-preview:-1\" \/>\n<link rel=\"canonical\" href=\"https:\/\/psol50.org.br\/com-criticas-do-psol-governo-federal-mantem-sua-submissao-ao-mercado-financeiro\/\" \/>\n<meta property=\"og:locale\" content=\"pt_BR\" \/>\n<meta property=\"og:type\" content=\"article\" \/>\n<meta property=\"og:title\" content=\"Com cr\u00edticas do PSOL, governo federal mant\u00e9m sua submiss\u00e3o ao mercado financeiro - PSOL 50\" \/>\n<meta property=\"og:description\" content=\"Congresso aprova projeto que altera super\u00e1vit prim\u00e1rio\" \/>\n<meta property=\"og:url\" content=\"https:\/\/psol50.org.br\/com-criticas-do-psol-governo-federal-mantem-sua-submissao-ao-mercado-financeiro\/\" \/>\n<meta property=\"og:site_name\" content=\"PSOL 50\" \/>\n<meta property=\"article:publisher\" content=\"https:\/\/www.facebook.com\/psol50\" \/>\n<meta property=\"article:published_time\" content=\"2014-12-04T17:17:08+00:00\" \/>\n<meta property=\"og:image\" content=\"https:\/\/psol50.org.br\/inc\/uploads\/2018\/07\/capa.png\" \/>\n\t<meta property=\"og:image:width\" content=\"1350\" \/>\n\t<meta property=\"og:image:height\" content=\"900\" \/>\n\t<meta property=\"og:image:type\" content=\"image\/png\" \/>\n<meta name=\"author\" content=\"Comunica\u00e7\u00e3o PSOL\" \/>\n<meta name=\"twitter:card\" content=\"summary_large_image\" \/>\n<meta name=\"twitter:creator\" content=\"@psol50\" \/>\n<meta name=\"twitter:site\" content=\"@psol50\" \/>\n<meta name=\"twitter:label1\" content=\"Escrito por\" \/>\n\t<meta name=\"twitter:data1\" content=\"Comunica\u00e7\u00e3o PSOL\" \/>\n\t<meta name=\"twitter:label2\" content=\"Est. tempo de leitura\" \/>\n\t<meta name=\"twitter:data2\" content=\"5 minutos\" \/>\n<script type=\"application\/ld+json\" class=\"yoast-schema-graph\">{\"@context\":\"https:\/\/schema.org\",\"@graph\":[{\"@type\":\"Article\",\"@id\":\"https:\/\/psol50.org.br\/com-criticas-do-psol-governo-federal-mantem-sua-submissao-ao-mercado-financeiro\/#article\",\"isPartOf\":{\"@id\":\"https:\/\/psol50.org.br\/com-criticas-do-psol-governo-federal-mantem-sua-submissao-ao-mercado-financeiro\/\"},\"author\":{\"name\":\"Comunica\u00e7\u00e3o PSOL\",\"@id\":\"https:\/\/psol50.org.br\/#\/schema\/person\/475dfa57d0b815993c714c2e96491fcd\"},\"headline\":\"Com cr\u00edticas do PSOL, governo federal mant\u00e9m sua submiss\u00e3o ao mercado financeiro\",\"datePublished\":\"2014-12-04T17:17:08+00:00\",\"mainEntityOfPage\":{\"@id\":\"https:\/\/psol50.org.br\/com-criticas-do-psol-governo-federal-mantem-sua-submissao-ao-mercado-financeiro\/\"},\"wordCount\":1024,\"commentCount\":0,\"publisher\":{\"@id\":\"https:\/\/psol50.org.br\/#organization\"},\"keywords\":[\"PSOL\"],\"articleSection\":[\"Arquivo\",\"Not\u00edcias\"],\"inLanguage\":\"pt-BR\",\"potentialAction\":[{\"@type\":\"CommentAction\",\"name\":\"Comment\",\"target\":[\"https:\/\/psol50.org.br\/com-criticas-do-psol-governo-federal-mantem-sua-submissao-ao-mercado-financeiro\/#respond\"]}]},{\"@type\":\"WebPage\",\"@id\":\"https:\/\/psol50.org.br\/com-criticas-do-psol-governo-federal-mantem-sua-submissao-ao-mercado-financeiro\/\",\"url\":\"https:\/\/psol50.org.br\/com-criticas-do-psol-governo-federal-mantem-sua-submissao-ao-mercado-financeiro\/\",\"name\":\"Com cr\u00edticas do PSOL, governo federal mant\u00e9m sua submiss\u00e3o ao mercado financeiro - PSOL 50\",\"isPartOf\":{\"@id\":\"https:\/\/psol50.org.br\/#website\"},\"datePublished\":\"2014-12-04T17:17:08+00:00\",\"breadcrumb\":{\"@id\":\"https:\/\/psol50.org.br\/com-criticas-do-psol-governo-federal-mantem-sua-submissao-ao-mercado-financeiro\/#breadcrumb\"},\"inLanguage\":\"pt-BR\",\"potentialAction\":[{\"@type\":\"ReadAction\",\"target\":[\"https:\/\/psol50.org.br\/com-criticas-do-psol-governo-federal-mantem-sua-submissao-ao-mercado-financeiro\/\"]}]},{\"@type\":\"BreadcrumbList\",\"@id\":\"https:\/\/psol50.org.br\/com-criticas-do-psol-governo-federal-mantem-sua-submissao-ao-mercado-financeiro\/#breadcrumb\",\"itemListElement\":[{\"@type\":\"ListItem\",\"position\":1,\"name\":\"In\u00edcio\",\"item\":\"https:\/\/psol50.org.br\/\"},{\"@type\":\"ListItem\",\"position\":2,\"name\":\"Com cr\u00edticas do PSOL, governo federal mant\u00e9m sua submiss\u00e3o ao mercado financeiro\"}]},{\"@type\":\"WebSite\",\"@id\":\"https:\/\/psol50.org.br\/#website\",\"url\":\"https:\/\/psol50.org.br\/\",\"name\":\"PSOL 50\",\"description\":\"Site oficial do Partido Socialismo e Liberdade\",\"publisher\":{\"@id\":\"https:\/\/psol50.org.br\/#organization\"},\"alternateName\":\"PSOL50\",\"potentialAction\":[{\"@type\":\"SearchAction\",\"target\":{\"@type\":\"EntryPoint\",\"urlTemplate\":\"https:\/\/psol50.org.br\/?s={search_term_string}\"},\"query-input\":{\"@type\":\"PropertyValueSpecification\",\"valueRequired\":true,\"valueName\":\"search_term_string\"}}],\"inLanguage\":\"pt-BR\"},{\"@type\":\"Organization\",\"@id\":\"https:\/\/psol50.org.br\/#organization\",\"name\":\"PSOL 50\",\"alternateName\":\"PSOL 50\",\"url\":\"https:\/\/psol50.org.br\/\",\"logo\":{\"@type\":\"ImageObject\",\"inLanguage\":\"pt-BR\",\"@id\":\"https:\/\/psol50.org.br\/#\/schema\/logo\/image\/\",\"url\":\"https:\/\/psol50.org.br\/inc\/uploads\/2018\/07\/capa.png\",\"contentUrl\":\"https:\/\/psol50.org.br\/inc\/uploads\/2018\/07\/capa.png\",\"width\":1350,\"height\":900,\"caption\":\"PSOL 50\"},\"image\":{\"@id\":\"https:\/\/psol50.org.br\/#\/schema\/logo\/image\/\"},\"sameAs\":[\"https:\/\/www.facebook.com\/psol50\",\"https:\/\/x.com\/psol50\",\"https:\/\/www.instagram.com\/psol50\/\",\"https:\/\/www.youtube.com\/channel\/UC7SnJS5o1os7a6CaiNabzcg\"]},{\"@type\":\"Person\",\"@id\":\"https:\/\/psol50.org.br\/#\/schema\/person\/475dfa57d0b815993c714c2e96491fcd\",\"name\":\"Comunica\u00e7\u00e3o PSOL\",\"image\":{\"@type\":\"ImageObject\",\"inLanguage\":\"pt-BR\",\"@id\":\"https:\/\/psol50.org.br\/#\/schema\/person\/image\/\",\"url\":\"https:\/\/secure.gravatar.com\/avatar\/b34fc4f4e468a4e51785917065a3db57b841f5c95dba6ad8c73aaf8f66f8f9bf?s=96&d=mm&r=g\",\"contentUrl\":\"https:\/\/secure.gravatar.com\/avatar\/b34fc4f4e468a4e51785917065a3db57b841f5c95dba6ad8c73aaf8f66f8f9bf?s=96&d=mm&r=g\",\"caption\":\"Comunica\u00e7\u00e3o PSOL\"}}]}<\/script>\n<!-- \/ Yoast SEO plugin. -->","yoast_head_json":{"title":"Com cr\u00edticas do PSOL, governo federal mant\u00e9m sua submiss\u00e3o ao mercado financeiro - PSOL 50","robots":{"index":"index","follow":"follow","max-snippet":"max-snippet:-1","max-image-preview":"max-image-preview:large","max-video-preview":"max-video-preview:-1"},"canonical":"https:\/\/psol50.org.br\/com-criticas-do-psol-governo-federal-mantem-sua-submissao-ao-mercado-financeiro\/","og_locale":"pt_BR","og_type":"article","og_title":"Com cr\u00edticas do PSOL, governo federal mant\u00e9m sua submiss\u00e3o ao mercado financeiro - PSOL 50","og_description":"Congresso aprova projeto que altera super\u00e1vit prim\u00e1rio","og_url":"https:\/\/psol50.org.br\/com-criticas-do-psol-governo-federal-mantem-sua-submissao-ao-mercado-financeiro\/","og_site_name":"PSOL 50","article_publisher":"https:\/\/www.facebook.com\/psol50","article_published_time":"2014-12-04T17:17:08+00:00","og_image":[{"width":1350,"height":900,"url":"https:\/\/psol50.org.br\/inc\/uploads\/2018\/07\/capa.png","type":"image\/png"}],"author":"Comunica\u00e7\u00e3o PSOL","twitter_card":"summary_large_image","twitter_creator":"@psol50","twitter_site":"@psol50","twitter_misc":{"Escrito por":"Comunica\u00e7\u00e3o PSOL","Est. tempo de leitura":"5 minutos"},"schema":{"@context":"https:\/\/schema.org","@graph":[{"@type":"Article","@id":"https:\/\/psol50.org.br\/com-criticas-do-psol-governo-federal-mantem-sua-submissao-ao-mercado-financeiro\/#article","isPartOf":{"@id":"https:\/\/psol50.org.br\/com-criticas-do-psol-governo-federal-mantem-sua-submissao-ao-mercado-financeiro\/"},"author":{"name":"Comunica\u00e7\u00e3o PSOL","@id":"https:\/\/psol50.org.br\/#\/schema\/person\/475dfa57d0b815993c714c2e96491fcd"},"headline":"Com cr\u00edticas do PSOL, governo federal mant\u00e9m sua submiss\u00e3o ao mercado financeiro","datePublished":"2014-12-04T17:17:08+00:00","mainEntityOfPage":{"@id":"https:\/\/psol50.org.br\/com-criticas-do-psol-governo-federal-mantem-sua-submissao-ao-mercado-financeiro\/"},"wordCount":1024,"commentCount":0,"publisher":{"@id":"https:\/\/psol50.org.br\/#organization"},"keywords":["PSOL"],"articleSection":["Arquivo","Not\u00edcias"],"inLanguage":"pt-BR","potentialAction":[{"@type":"CommentAction","name":"Comment","target":["https:\/\/psol50.org.br\/com-criticas-do-psol-governo-federal-mantem-sua-submissao-ao-mercado-financeiro\/#respond"]}]},{"@type":"WebPage","@id":"https:\/\/psol50.org.br\/com-criticas-do-psol-governo-federal-mantem-sua-submissao-ao-mercado-financeiro\/","url":"https:\/\/psol50.org.br\/com-criticas-do-psol-governo-federal-mantem-sua-submissao-ao-mercado-financeiro\/","name":"Com cr\u00edticas do PSOL, governo federal mant\u00e9m sua submiss\u00e3o ao mercado financeiro - PSOL 50","isPartOf":{"@id":"https:\/\/psol50.org.br\/#website"},"datePublished":"2014-12-04T17:17:08+00:00","breadcrumb":{"@id":"https:\/\/psol50.org.br\/com-criticas-do-psol-governo-federal-mantem-sua-submissao-ao-mercado-financeiro\/#breadcrumb"},"inLanguage":"pt-BR","potentialAction":[{"@type":"ReadAction","target":["https:\/\/psol50.org.br\/com-criticas-do-psol-governo-federal-mantem-sua-submissao-ao-mercado-financeiro\/"]}]},{"@type":"BreadcrumbList","@id":"https:\/\/psol50.org.br\/com-criticas-do-psol-governo-federal-mantem-sua-submissao-ao-mercado-financeiro\/#breadcrumb","itemListElement":[{"@type":"ListItem","position":1,"name":"In\u00edcio","item":"https:\/\/psol50.org.br\/"},{"@type":"ListItem","position":2,"name":"Com cr\u00edticas do PSOL, governo federal mant\u00e9m sua submiss\u00e3o ao mercado financeiro"}]},{"@type":"WebSite","@id":"https:\/\/psol50.org.br\/#website","url":"https:\/\/psol50.org.br\/","name":"PSOL 50","description":"Site oficial do Partido Socialismo e Liberdade","publisher":{"@id":"https:\/\/psol50.org.br\/#organization"},"alternateName":"PSOL50","potentialAction":[{"@type":"SearchAction","target":{"@type":"EntryPoint","urlTemplate":"https:\/\/psol50.org.br\/?s={search_term_string}"},"query-input":{"@type":"PropertyValueSpecification","valueRequired":true,"valueName":"search_term_string"}}],"inLanguage":"pt-BR"},{"@type":"Organization","@id":"https:\/\/psol50.org.br\/#organization","name":"PSOL 50","alternateName":"PSOL 50","url":"https:\/\/psol50.org.br\/","logo":{"@type":"ImageObject","inLanguage":"pt-BR","@id":"https:\/\/psol50.org.br\/#\/schema\/logo\/image\/","url":"https:\/\/psol50.org.br\/inc\/uploads\/2018\/07\/capa.png","contentUrl":"https:\/\/psol50.org.br\/inc\/uploads\/2018\/07\/capa.png","width":1350,"height":900,"caption":"PSOL 50"},"image":{"@id":"https:\/\/psol50.org.br\/#\/schema\/logo\/image\/"},"sameAs":["https:\/\/www.facebook.com\/psol50","https:\/\/x.com\/psol50","https:\/\/www.instagram.com\/psol50\/","https:\/\/www.youtube.com\/channel\/UC7SnJS5o1os7a6CaiNabzcg"]},{"@type":"Person","@id":"https:\/\/psol50.org.br\/#\/schema\/person\/475dfa57d0b815993c714c2e96491fcd","name":"Comunica\u00e7\u00e3o PSOL","image":{"@type":"ImageObject","inLanguage":"pt-BR","@id":"https:\/\/psol50.org.br\/#\/schema\/person\/image\/","url":"https:\/\/secure.gravatar.com\/avatar\/b34fc4f4e468a4e51785917065a3db57b841f5c95dba6ad8c73aaf8f66f8f9bf?s=96&d=mm&r=g","contentUrl":"https:\/\/secure.gravatar.com\/avatar\/b34fc4f4e468a4e51785917065a3db57b841f5c95dba6ad8c73aaf8f66f8f9bf?s=96&d=mm&r=g","caption":"Comunica\u00e7\u00e3o PSOL"}}]}},"_links":{"self":[{"href":"https:\/\/psol50.org.br\/rest\/wp\/v2\/posts\/3082","targetHints":{"allow":["GET"]}}],"collection":[{"href":"https:\/\/psol50.org.br\/rest\/wp\/v2\/posts"}],"about":[{"href":"https:\/\/psol50.org.br\/rest\/wp\/v2\/types\/post"}],"author":[{"embeddable":true,"href":"https:\/\/psol50.org.br\/rest\/wp\/v2\/users\/2"}],"replies":[{"embeddable":true,"href":"https:\/\/psol50.org.br\/rest\/wp\/v2\/comments?post=3082"}],"version-history":[{"count":0,"href":"https:\/\/psol50.org.br\/rest\/wp\/v2\/posts\/3082\/revisions"}],"wp:attachment":[{"href":"https:\/\/psol50.org.br\/rest\/wp\/v2\/media?parent=3082"}],"wp:term":[{"taxonomy":"category","embeddable":true,"href":"https:\/\/psol50.org.br\/rest\/wp\/v2\/categories?post=3082"},{"taxonomy":"post_tag","embeddable":true,"href":"https:\/\/psol50.org.br\/rest\/wp\/v2\/tags?post=3082"}],"curies":[{"name":"wp","href":"https:\/\/api.w.org\/{rel}","templated":true}]}}